{"id":1440,"date":"2024-09-19T16:41:53","date_gmt":"2024-09-19T16:41:53","guid":{"rendered":"https:\/\/www.urjc2030.es\/oiaa\/?p=1440"},"modified":"2024-09-19T16:45:27","modified_gmt":"2024-09-19T16:45:27","slug":"para-la-insercion-de-jovenes-en-situacion-de-exclusion-mediante-el-cuidado-y-entrenamientos-de-perros-en-adopcion","status":"publish","type":"post","link":"https:\/\/www.urjc2030.es\/oiaa\/para-la-insercion-de-jovenes-en-situacion-de-exclusion-mediante-el-cuidado-y-entrenamientos-de-perros-en-adopcion\/","title":{"rendered":"Para la inserci\u00f3n de j\u00f3venes en situaci\u00f3n de exclusi\u00f3n mediante el cuidado y entrenamientos de perros en adopci\u00f3n"},"content":{"rendered":"<div><a href=\"https:\/\/www.urjc2030.es\/oiaa\/wp-content\/uploads\/sites\/7\/2024\/09\/Imagen-de-WhatsApp-2024-09-18-a-las-20.30.18_0284e7cb.jpg\"><img loading=\"lazy\" decoding=\"async\" class=\"size-medium wp-image-1441 alignright\" src=\"https:\/\/www.urjc2030.es\/oiaa\/wp-content\/uploads\/sites\/7\/2024\/09\/Imagen-de-WhatsApp-2024-09-18-a-las-20.30.18_0284e7cb-225x300.jpg\" alt=\"PARA LA INSERCI\u00d3N DE J\u00d3VENES EN SITUACI\u00d3N DE EXCLUSI\u00d3N MEDIANTE EL CUIDADO Y ENTRENAMIENTOS DE PERROS EN ADOPCI\u00d3N\" width=\"225\" height=\"300\" \/><\/a>Tras la firma de convenio de colaboraci\u00f3n entre la Universidad Rey Juan Carlos , Fundaci\u00f3n Montemadrid y la Asociaci\u00f3n animal Nature. PARA LA INSERCI\u00d3N DE J\u00d3VENES EN SITUACI\u00d3N DE EXCLUSI\u00d3N MEDIANTE EL CUIDADO Y ENTRENAMIENTOS DE PERROS EN ADOPCI\u00d3N.<\/div>\n<div><\/div>\n<p>&nbsp;<\/p>\n<div>El taller de Autocuidado y entrenamiento de perros en adopci\u00f3n se basa en la metodolog\u00eda de aprendizaje por servicio. Se intenta construir un espacio basado en el aprendizaje conjunto y la participaci\u00f3n activa en el entorno, donde el contacto con animales permite dar opciones de un ocio inclusivo, divertido y de bienestar animal.<\/div>\n<div><\/div>\n<p>&nbsp;<\/p>\n<div>El proyecto de promover la adopci\u00f3n del animal nos permite aunar diferentes entidades bajo el paraguas de un proyecto com\u00fan.<\/div>\n<div><\/div>\n<p>&nbsp;<\/p>\n<div>\n<div style=\"width: 480px;\" class=\"wp-video\"><video class=\"wp-video-shortcode\" id=\"video-1440-1\" width=\"480\" height=\"848\" preload=\"metadata\" controls=\"controls\"><source type=\"video\/mp4\" src=\"https:\/\/www.urjc2030.es\/oiaa\/wp-content\/uploads\/sites\/7\/2024\/09\/Video-de-WhatsApp-2024-09-18-a-las-20.30.18_650c7b54.mp4?_=1\" \/><a href=\"https:\/\/www.urjc2030.es\/oiaa\/wp-content\/uploads\/sites\/7\/2024\/09\/Video-de-WhatsApp-2024-09-18-a-las-20.30.18_650c7b54.mp4\">https:\/\/www.urjc2030.es\/oiaa\/wp-content\/uploads\/sites\/7\/2024\/09\/Video-de-WhatsApp-2024-09-18-a-las-20.30.18_650c7b54.mp4<\/a><\/video><\/div>\n<\/div>\n<div><\/div>\n<p>&nbsp;<\/p>\n<div>M\u00e1s informaci\u00f3n: <strong><a href=\"https:\/\/www.urjc2030.es\/oiaa\/wp-content\/uploads\/sites\/7\/2024\/09\/Casa-Encendida-2024.pdf\" target=\"_blank\" rel=\"noopener\">Casa Encendida 2024<\/a><\/strong><\/div>\n<div><\/div>\n<div>OficinaIAA<\/div>\n","protected":false},"excerpt":{"rendered":"<p>Tras la firma de convenio de colaboraci\u00f3n entre la Universidad Rey Juan Carlos , Fundaci\u00f3n Montemadrid y la Asociaci\u00f3n animal Nature. PARA LA INSERCI\u00d3N DE J\u00d3VENES EN SITUACI\u00d3N DE EXCLUSI\u00d3N MEDIANTE EL CUIDADO Y ENTRENAMIENTOS DE PERROS EN ADOPCI\u00d3N. &nbsp; El taller de Autocuidado y entrenamiento de perros en adopci\u00f3n se basa en la metodolog\u00eda [&hellip;]<\/p>\n","protected":false},"author":10,"featured_media":1441,"comment_status":"closed","ping_status":"closed","sticky":false,"template":"","format":"standard","meta":{"_et_pb_use_builder":"","_et_pb_old_content":"","_et_gb_content_width":"","cybocfi_hide_featured_image":"","footnotes":""},"categories":[10],"tags":[],"class_list":["post-1440","post","type-post","status-publish","format-standard","has-post-thumbnail","hentry","category-noticias-oiaa"],"yoast_head":"<!-- This site is optimized with the Yoast SEO plugin v27.4 - https:\/\/yoast.com\/product\/yoast-seo-wordpress\/ -->\n<title>Para la inserci\u00f3n de j\u00f3venes en situaci\u00f3n de exclusi\u00f3n mediante el cuidado y entrenamientos de perros en adopci\u00f3n - Oficina de Intervenci\u00f3n Asistida con Animales<\/title>\n<meta name=\"robots\" content=\"index, follow, max-snippet:-1, max-image-preview:large, max-video-preview:-1\" \/>\n<link rel=\"canonical\" href=\"https:\/\/www.urjc2030.es\/oiaa\/para-la-insercion-de-jovenes-en-situacion-de-exclusion-mediante-el-cuidado-y-entrenamientos-de-perros-en-adopcion\/\" \/>\n<meta property=\"og:locale\" content=\"es_ES\" \/>\n<meta property=\"og:type\" content=\"article\" \/>\n<meta property=\"og:title\" content=\"Para la inserci\u00f3n de j\u00f3venes en situaci\u00f3n de exclusi\u00f3n mediante el cuidado y entrenamientos de perros en adopci\u00f3n - Oficina de Intervenci\u00f3n Asistida con Animales\" \/>\n<meta property=\"og:description\" content=\"Tras la firma de convenio de colaboraci\u00f3n entre la Universidad Rey Juan Carlos , Fundaci\u00f3n Montemadrid y la Asociaci\u00f3n animal Nature. PARA LA INSERCI\u00d3N DE J\u00d3VENES EN SITUACI\u00d3N DE EXCLUSI\u00d3N MEDIANTE EL CUIDADO Y ENTRENAMIENTOS DE PERROS EN ADOPCI\u00d3N. &nbsp; El taller de Autocuidado y entrenamiento de perros en adopci\u00f3n se basa en la metodolog\u00eda [&hellip;]\" \/>\n<meta property=\"og:url\" content=\"https:\/\/www.urjc2030.es\/oiaa\/para-la-insercion-de-jovenes-en-situacion-de-exclusion-mediante-el-cuidado-y-entrenamientos-de-perros-en-adopcion\/\" \/>\n<meta property=\"og:site_name\" content=\"Oficina de Intervenci\u00f3n Asistida con Animales\" \/>\n<meta property=\"article:publisher\" content=\"https:\/\/www.facebook.com\/universidadreyjuancarlos\" \/>\n<meta property=\"article:published_time\" content=\"2024-09-19T16:41:53+00:00\" \/>\n<meta property=\"article:modified_time\" content=\"2024-09-19T16:45:27+00:00\" \/>\n<meta property=\"og:image\" content=\"https:\/\/www.urjc2030.es\/oiaa\/wp-content\/uploads\/sites\/7\/2024\/09\/Imagen-de-WhatsApp-2024-09-18-a-las-20.30.18_0284e7cb.jpg\" \/>\n\t<meta property=\"og:image:width\" content=\"1536\" \/>\n\t<meta property=\"og:image:height\" content=\"2048\" \/>\n\t<meta property=\"og:image:type\" content=\"image\/jpeg\" \/>\n<meta name=\"author\" content=\"carlos\" \/>\n<meta name=\"twitter:card\" content=\"summary_large_image\" \/>\n<meta name=\"twitter:creator\" content=\"@urjc\" \/>\n<meta name=\"twitter:site\" content=\"@urjc\" \/>\n<meta name=\"twitter:label1\" content=\"Escrito por\" \/>\n\t<meta name=\"twitter:data1\" content=\"carlos\" \/>\n\t<meta name=\"twitter:label2\" content=\"Tiempo de lectura\" \/>\n\t<meta name=\"twitter:data2\" content=\"1 minuto\" \/>\n<script type=\"application\/ld+json\" class=\"yoast-schema-graph\">{\"@context\":\"https:\\\/\\\/schema.org\",\"@graph\":[{\"@type\":\"Article\",\"@id\":\"https:\\\/\\\/www.urjc2030.es\\\/oiaa\\\/para-la-insercion-de-jovenes-en-situacion-de-exclusion-mediante-el-cuidado-y-entrenamientos-de-perros-en-adopcion\\\/#article\",\"isPartOf\":{\"@id\":\"https:\\\/\\\/www.urjc2030.es\\\/oiaa\\\/para-la-insercion-de-jovenes-en-situacion-de-exclusion-mediante-el-cuidado-y-entrenamientos-de-perros-en-adopcion\\\/\"},\"author\":{\"name\":\"carlos\",\"@id\":\"https:\\\/\\\/www.urjc2030.es\\\/oiaa\\\/#\\\/schema\\\/person\\\/ddacb9e5abf914ab720a3d13fc047418\"},\"headline\":\"Para la inserci\u00f3n de j\u00f3venes en situaci\u00f3n de exclusi\u00f3n mediante el cuidado y entrenamientos de perros en adopci\u00f3n\",\"datePublished\":\"2024-09-19T16:41:53+00:00\",\"dateModified\":\"2024-09-19T16:45:27+00:00\",\"mainEntityOfPage\":{\"@id\":\"https:\\\/\\\/www.urjc2030.es\\\/oiaa\\\/para-la-insercion-de-jovenes-en-situacion-de-exclusion-mediante-el-cuidado-y-entrenamientos-de-perros-en-adopcion\\\/\"},\"wordCount\":178,\"publisher\":{\"@id\":\"https:\\\/\\\/www.urjc2030.es\\\/oiaa\\\/#organization\"},\"image\":{\"@id\":\"https:\\\/\\\/www.urjc2030.es\\\/oiaa\\\/para-la-insercion-de-jovenes-en-situacion-de-exclusion-mediante-el-cuidado-y-entrenamientos-de-perros-en-adopcion\\\/#primaryimage\"},\"thumbnailUrl\":\"https:\\\/\\\/www.urjc2030.es\\\/oiaa\\\/wp-content\\\/uploads\\\/sites\\\/7\\\/2024\\\/09\\\/Imagen-de-WhatsApp-2024-09-18-a-las-20.30.18_0284e7cb.jpg\",\"articleSection\":[\"Noticias\"],\"inLanguage\":\"es\"},{\"@type\":\"WebPage\",\"@id\":\"https:\\\/\\\/www.urjc2030.es\\\/oiaa\\\/para-la-insercion-de-jovenes-en-situacion-de-exclusion-mediante-el-cuidado-y-entrenamientos-de-perros-en-adopcion\\\/\",\"url\":\"https:\\\/\\\/www.urjc2030.es\\\/oiaa\\\/para-la-insercion-de-jovenes-en-situacion-de-exclusion-mediante-el-cuidado-y-entrenamientos-de-perros-en-adopcion\\\/\",\"name\":\"Para la inserci\u00f3n de j\u00f3venes en situaci\u00f3n de exclusi\u00f3n mediante el cuidado y entrenamientos de perros en adopci\u00f3n - Oficina de Intervenci\u00f3n Asistida con Animales\",\"isPartOf\":{\"@id\":\"https:\\\/\\\/www.urjc2030.es\\\/oiaa\\\/#website\"},\"primaryImageOfPage\":{\"@id\":\"https:\\\/\\\/www.urjc2030.es\\\/oiaa\\\/para-la-insercion-de-jovenes-en-situacion-de-exclusion-mediante-el-cuidado-y-entrenamientos-de-perros-en-adopcion\\\/#primaryimage\"},\"image\":{\"@id\":\"https:\\\/\\\/www.urjc2030.es\\\/oiaa\\\/para-la-insercion-de-jovenes-en-situacion-de-exclusion-mediante-el-cuidado-y-entrenamientos-de-perros-en-adopcion\\\/#primaryimage\"},\"thumbnailUrl\":\"https:\\\/\\\/www.urjc2030.es\\\/oiaa\\\/wp-content\\\/uploads\\\/sites\\\/7\\\/2024\\\/09\\\/Imagen-de-WhatsApp-2024-09-18-a-las-20.30.18_0284e7cb.jpg\",\"datePublished\":\"2024-09-19T16:41:53+00:00\",\"dateModified\":\"2024-09-19T16:45:27+00:00\",\"breadcrumb\":{\"@id\":\"https:\\\/\\\/www.urjc2030.es\\\/oiaa\\\/para-la-insercion-de-jovenes-en-situacion-de-exclusion-mediante-el-cuidado-y-entrenamientos-de-perros-en-adopcion\\\/#breadcrumb\"},\"inLanguage\":\"es\",\"potentialAction\":[{\"@type\":\"ReadAction\",\"target\":[\"https:\\\/\\\/www.urjc2030.es\\\/oiaa\\\/para-la-insercion-de-jovenes-en-situacion-de-exclusion-mediante-el-cuidado-y-entrenamientos-de-perros-en-adopcion\\\/\"]}]},{\"@type\":\"ImageObject\",\"inLanguage\":\"es\",\"@id\":\"https:\\\/\\\/www.urjc2030.es\\\/oiaa\\\/para-la-insercion-de-jovenes-en-situacion-de-exclusion-mediante-el-cuidado-y-entrenamientos-de-perros-en-adopcion\\\/#primaryimage\",\"url\":\"https:\\\/\\\/www.urjc2030.es\\\/oiaa\\\/wp-content\\\/uploads\\\/sites\\\/7\\\/2024\\\/09\\\/Imagen-de-WhatsApp-2024-09-18-a-las-20.30.18_0284e7cb.jpg\",\"contentUrl\":\"https:\\\/\\\/www.urjc2030.es\\\/oiaa\\\/wp-content\\\/uploads\\\/sites\\\/7\\\/2024\\\/09\\\/Imagen-de-WhatsApp-2024-09-18-a-las-20.30.18_0284e7cb.jpg\",\"width\":1536,\"height\":2048,\"caption\":\"PARA LA INSERCI\u00d3N DE J\u00d3VENES EN SITUACI\u00d3N DE EXCLUSI\u00d3N MEDIANTE EL CUIDADO Y ENTRENAMIENTOS DE PERROS EN ADOPCI\u00d3N\"},{\"@type\":\"BreadcrumbList\",\"@id\":\"https:\\\/\\\/www.urjc2030.es\\\/oiaa\\\/para-la-insercion-de-jovenes-en-situacion-de-exclusion-mediante-el-cuidado-y-entrenamientos-de-perros-en-adopcion\\\/#breadcrumb\",\"itemListElement\":[{\"@type\":\"ListItem\",\"position\":1,\"name\":\"Portada\",\"item\":\"https:\\\/\\\/www.urjc2030.es\\\/oiaa\\\/\"},{\"@type\":\"ListItem\",\"position\":2,\"name\":\"Para la inserci\u00f3n de j\u00f3venes en situaci\u00f3n de exclusi\u00f3n mediante el cuidado y entrenamientos de perros en adopci\u00f3n\"}]},{\"@type\":\"WebSite\",\"@id\":\"https:\\\/\\\/www.urjc2030.es\\\/oiaa\\\/#website\",\"url\":\"https:\\\/\\\/www.urjc2030.es\\\/oiaa\\\/\",\"name\":\"Oficina de Intervenci\u00f3n Asistida con Animales\",\"description\":\"Implantaci\u00f3n de Intervenciones Asistidas con Animales adecuadas a las necesidades de los usuarios\",\"publisher\":{\"@id\":\"https:\\\/\\\/www.urjc2030.es\\\/oiaa\\\/#organization\"},\"potentialAction\":[{\"@type\":\"SearchAction\",\"target\":{\"@type\":\"EntryPoint\",\"urlTemplate\":\"https:\\\/\\\/www.urjc2030.es\\\/oiaa\\\/?s={search_term_string}\"},\"query-input\":{\"@type\":\"PropertyValueSpecification\",\"valueRequired\":true,\"valueName\":\"search_term_string\"}}],\"inLanguage\":\"es\"},{\"@type\":\"Organization\",\"@id\":\"https:\\\/\\\/www.urjc2030.es\\\/oiaa\\\/#organization\",\"name\":\"Universidad Rey Juan Carlos\",\"url\":\"https:\\\/\\\/www.urjc2030.es\\\/oiaa\\\/\",\"logo\":{\"@type\":\"ImageObject\",\"inLanguage\":\"es\",\"@id\":\"https:\\\/\\\/www.urjc2030.es\\\/oiaa\\\/#\\\/schema\\\/logo\\\/image\\\/\",\"url\":\"https:\\\/\\\/www.urjc2030.es\\\/oiaa\\\/wp-content\\\/uploads\\\/sites\\\/7\\\/2020\\\/10\\\/logoURJC.png\",\"contentUrl\":\"https:\\\/\\\/www.urjc2030.es\\\/oiaa\\\/wp-content\\\/uploads\\\/sites\\\/7\\\/2020\\\/10\\\/logoURJC.png\",\"width\":800,\"height\":305,\"caption\":\"Universidad Rey Juan Carlos\"},\"image\":{\"@id\":\"https:\\\/\\\/www.urjc2030.es\\\/oiaa\\\/#\\\/schema\\\/logo\\\/image\\\/\"},\"sameAs\":[\"https:\\\/\\\/www.facebook.com\\\/universidadreyjuancarlos\",\"https:\\\/\\\/x.com\\\/urjc\",\"https:\\\/\\\/www.instagram.com\\\/urjc_uni\\\/?hl=es\"]},{\"@type\":\"Person\",\"@id\":\"https:\\\/\\\/www.urjc2030.es\\\/oiaa\\\/#\\\/schema\\\/person\\\/ddacb9e5abf914ab720a3d13fc047418\",\"name\":\"carlos\",\"image\":{\"@type\":\"ImageObject\",\"inLanguage\":\"es\",\"@id\":\"https:\\\/\\\/secure.gravatar.com\\\/avatar\\\/98e1c0d637a9f3d3cd2be0e49e5387245f96e039452a34f919c9e800cad0f304?s=96&d=mm&r=g\",\"url\":\"https:\\\/\\\/secure.gravatar.com\\\/avatar\\\/98e1c0d637a9f3d3cd2be0e49e5387245f96e039452a34f919c9e800cad0f304?s=96&d=mm&r=g\",\"contentUrl\":\"https:\\\/\\\/secure.gravatar.com\\\/avatar\\\/98e1c0d637a9f3d3cd2be0e49e5387245f96e039452a34f919c9e800cad0f304?s=96&d=mm&r=g\",\"caption\":\"carlos\"}}]}<\/script>\n<!-- \/ Yoast SEO plugin. -->","yoast_head_json":{"title":"Para la inserci\u00f3n de j\u00f3venes en situaci\u00f3n de exclusi\u00f3n mediante el cuidado y entrenamientos de perros en adopci\u00f3n - Oficina de Intervenci\u00f3n Asistida con Animales","robots":{"index":"index","follow":"follow","max-snippet":"max-snippet:-1","max-image-preview":"max-image-preview:large","max-video-preview":"max-video-preview:-1"},"canonical":"https:\/\/www.urjc2030.es\/oiaa\/para-la-insercion-de-jovenes-en-situacion-de-exclusion-mediante-el-cuidado-y-entrenamientos-de-perros-en-adopcion\/","og_locale":"es_ES","og_type":"article","og_title":"Para la inserci\u00f3n de j\u00f3venes en situaci\u00f3n de exclusi\u00f3n mediante el cuidado y entrenamientos de perros en adopci\u00f3n - Oficina de Intervenci\u00f3n Asistida con Animales","og_description":"Tras la firma de convenio de colaboraci\u00f3n entre la Universidad Rey Juan Carlos , Fundaci\u00f3n Montemadrid y la Asociaci\u00f3n animal Nature. PARA LA INSERCI\u00d3N DE J\u00d3VENES EN SITUACI\u00d3N DE EXCLUSI\u00d3N MEDIANTE EL CUIDADO Y ENTRENAMIENTOS DE PERROS EN ADOPCI\u00d3N. &nbsp; El taller de Autocuidado y entrenamiento de perros en adopci\u00f3n se basa en la metodolog\u00eda [&hellip;]","og_url":"https:\/\/www.urjc2030.es\/oiaa\/para-la-insercion-de-jovenes-en-situacion-de-exclusion-mediante-el-cuidado-y-entrenamientos-de-perros-en-adopcion\/","og_site_name":"Oficina de Intervenci\u00f3n Asistida con Animales","article_publisher":"https:\/\/www.facebook.com\/universidadreyjuancarlos","article_published_time":"2024-09-19T16:41:53+00:00","article_modified_time":"2024-09-19T16:45:27+00:00","og_image":[{"width":1536,"height":2048,"url":"https:\/\/www.urjc2030.es\/oiaa\/wp-content\/uploads\/sites\/7\/2024\/09\/Imagen-de-WhatsApp-2024-09-18-a-las-20.30.18_0284e7cb.jpg","type":"image\/jpeg"}],"author":"carlos","twitter_card":"summary_large_image","twitter_creator":"@urjc","twitter_site":"@urjc","twitter_misc":{"Escrito por":"carlos","Tiempo de lectura":"1 minuto"},"schema":{"@context":"https:\/\/schema.org","@graph":[{"@type":"Article","@id":"https:\/\/www.urjc2030.es\/oiaa\/para-la-insercion-de-jovenes-en-situacion-de-exclusion-mediante-el-cuidado-y-entrenamientos-de-perros-en-adopcion\/#article","isPartOf":{"@id":"https:\/\/www.urjc2030.es\/oiaa\/para-la-insercion-de-jovenes-en-situacion-de-exclusion-mediante-el-cuidado-y-entrenamientos-de-perros-en-adopcion\/"},"author":{"name":"carlos","@id":"https:\/\/www.urjc2030.es\/oiaa\/#\/schema\/person\/ddacb9e5abf914ab720a3d13fc047418"},"headline":"Para la inserci\u00f3n de j\u00f3venes en situaci\u00f3n de exclusi\u00f3n mediante el cuidado y entrenamientos de perros en adopci\u00f3n","datePublished":"2024-09-19T16:41:53+00:00","dateModified":"2024-09-19T16:45:27+00:00","mainEntityOfPage":{"@id":"https:\/\/www.urjc2030.es\/oiaa\/para-la-insercion-de-jovenes-en-situacion-de-exclusion-mediante-el-cuidado-y-entrenamientos-de-perros-en-adopcion\/"},"wordCount":178,"publisher":{"@id":"https:\/\/www.urjc2030.es\/oiaa\/#organization"},"image":{"@id":"https:\/\/www.urjc2030.es\/oiaa\/para-la-insercion-de-jovenes-en-situacion-de-exclusion-mediante-el-cuidado-y-entrenamientos-de-perros-en-adopcion\/#primaryimage"},"thumbnailUrl":"https:\/\/www.urjc2030.es\/oiaa\/wp-content\/uploads\/sites\/7\/2024\/09\/Imagen-de-WhatsApp-2024-09-18-a-las-20.30.18_0284e7cb.jpg","articleSection":["Noticias"],"inLanguage":"es"},{"@type":"WebPage","@id":"https:\/\/www.urjc2030.es\/oiaa\/para-la-insercion-de-jovenes-en-situacion-de-exclusion-mediante-el-cuidado-y-entrenamientos-de-perros-en-adopcion\/","url":"https:\/\/www.urjc2030.es\/oiaa\/para-la-insercion-de-jovenes-en-situacion-de-exclusion-mediante-el-cuidado-y-entrenamientos-de-perros-en-adopcion\/","name":"Para la inserci\u00f3n de j\u00f3venes en situaci\u00f3n de exclusi\u00f3n mediante el cuidado y entrenamientos de perros en adopci\u00f3n - Oficina de Intervenci\u00f3n Asistida con Animales","isPartOf":{"@id":"https:\/\/www.urjc2030.es\/oiaa\/#website"},"primaryImageOfPage":{"@id":"https:\/\/www.urjc2030.es\/oiaa\/para-la-insercion-de-jovenes-en-situacion-de-exclusion-mediante-el-cuidado-y-entrenamientos-de-perros-en-adopcion\/#primaryimage"},"image":{"@id":"https:\/\/www.urjc2030.es\/oiaa\/para-la-insercion-de-jovenes-en-situacion-de-exclusion-mediante-el-cuidado-y-entrenamientos-de-perros-en-adopcion\/#primaryimage"},"thumbnailUrl":"https:\/\/www.urjc2030.es\/oiaa\/wp-content\/uploads\/sites\/7\/2024\/09\/Imagen-de-WhatsApp-2024-09-18-a-las-20.30.18_0284e7cb.jpg","datePublished":"2024-09-19T16:41:53+00:00","dateModified":"2024-09-19T16:45:27+00:00","breadcrumb":{"@id":"https:\/\/www.urjc2030.es\/oiaa\/para-la-insercion-de-jovenes-en-situacion-de-exclusion-mediante-el-cuidado-y-entrenamientos-de-perros-en-adopcion\/#breadcrumb"},"inLanguage":"es","potentialAction":[{"@type":"ReadAction","target":["https:\/\/www.urjc2030.es\/oiaa\/para-la-insercion-de-jovenes-en-situacion-de-exclusion-mediante-el-cuidado-y-entrenamientos-de-perros-en-adopcion\/"]}]},{"@type":"ImageObject","inLanguage":"es","@id":"https:\/\/www.urjc2030.es\/oiaa\/para-la-insercion-de-jovenes-en-situacion-de-exclusion-mediante-el-cuidado-y-entrenamientos-de-perros-en-adopcion\/#primaryimage","url":"https:\/\/www.urjc2030.es\/oiaa\/wp-content\/uploads\/sites\/7\/2024\/09\/Imagen-de-WhatsApp-2024-09-18-a-las-20.30.18_0284e7cb.jpg","contentUrl":"https:\/\/www.urjc2030.es\/oiaa\/wp-content\/uploads\/sites\/7\/2024\/09\/Imagen-de-WhatsApp-2024-09-18-a-las-20.30.18_0284e7cb.jpg","width":1536,"height":2048,"caption":"PARA LA INSERCI\u00d3N DE J\u00d3VENES EN SITUACI\u00d3N DE EXCLUSI\u00d3N MEDIANTE EL CUIDADO Y ENTRENAMIENTOS DE PERROS EN ADOPCI\u00d3N"},{"@type":"BreadcrumbList","@id":"https:\/\/www.urjc2030.es\/oiaa\/para-la-insercion-de-jovenes-en-situacion-de-exclusion-mediante-el-cuidado-y-entrenamientos-de-perros-en-adopcion\/#breadcrumb","itemListElement":[{"@type":"ListItem","position":1,"name":"Portada","item":"https:\/\/www.urjc2030.es\/oiaa\/"},{"@type":"ListItem","position":2,"name":"Para la inserci\u00f3n de j\u00f3venes en situaci\u00f3n de exclusi\u00f3n mediante el cuidado y entrenamientos de perros en adopci\u00f3n"}]},{"@type":"WebSite","@id":"https:\/\/www.urjc2030.es\/oiaa\/#website","url":"https:\/\/www.urjc2030.es\/oiaa\/","name":"Oficina de Intervenci\u00f3n Asistida con Animales","description":"Implantaci\u00f3n de Intervenciones Asistidas con Animales adecuadas a las necesidades de los usuarios","publisher":{"@id":"https:\/\/www.urjc2030.es\/oiaa\/#organization"},"potentialAction":[{"@type":"SearchAction","target":{"@type":"EntryPoint","urlTemplate":"https:\/\/www.urjc2030.es\/oiaa\/?s={search_term_string}"},"query-input":{"@type":"PropertyValueSpecification","valueRequired":true,"valueName":"search_term_string"}}],"inLanguage":"es"},{"@type":"Organization","@id":"https:\/\/www.urjc2030.es\/oiaa\/#organization","name":"Universidad Rey Juan Carlos","url":"https:\/\/www.urjc2030.es\/oiaa\/","logo":{"@type":"ImageObject","inLanguage":"es","@id":"https:\/\/www.urjc2030.es\/oiaa\/#\/schema\/logo\/image\/","url":"https:\/\/www.urjc2030.es\/oiaa\/wp-content\/uploads\/sites\/7\/2020\/10\/logoURJC.png","contentUrl":"https:\/\/www.urjc2030.es\/oiaa\/wp-content\/uploads\/sites\/7\/2020\/10\/logoURJC.png","width":800,"height":305,"caption":"Universidad Rey Juan Carlos"},"image":{"@id":"https:\/\/www.urjc2030.es\/oiaa\/#\/schema\/logo\/image\/"},"sameAs":["https:\/\/www.facebook.com\/universidadreyjuancarlos","https:\/\/x.com\/urjc","https:\/\/www.instagram.com\/urjc_uni\/?hl=es"]},{"@type":"Person","@id":"https:\/\/www.urjc2030.es\/oiaa\/#\/schema\/person\/ddacb9e5abf914ab720a3d13fc047418","name":"carlos","image":{"@type":"ImageObject","inLanguage":"es","@id":"https:\/\/secure.gravatar.com\/avatar\/98e1c0d637a9f3d3cd2be0e49e5387245f96e039452a34f919c9e800cad0f304?s=96&d=mm&r=g","url":"https:\/\/secure.gravatar.com\/avatar\/98e1c0d637a9f3d3cd2be0e49e5387245f96e039452a34f919c9e800cad0f304?s=96&d=mm&r=g","contentUrl":"https:\/\/secure.gravatar.com\/avatar\/98e1c0d637a9f3d3cd2be0e49e5387245f96e039452a34f919c9e800cad0f304?s=96&d=mm&r=g","caption":"carlos"}}]}},"_links":{"self":[{"href":"https:\/\/www.urjc2030.es\/oiaa\/wp-json\/wp\/v2\/posts\/1440","targetHints":{"allow":["GET"]}}],"collection":[{"href":"https:\/\/www.urjc2030.es\/oiaa\/wp-json\/wp\/v2\/posts"}],"about":[{"href":"https:\/\/www.urjc2030.es\/oiaa\/wp-json\/wp\/v2\/types\/post"}],"author":[{"embeddable":true,"href":"https:\/\/www.urjc2030.es\/oiaa\/wp-json\/wp\/v2\/users\/10"}],"replies":[{"embeddable":true,"href":"https:\/\/www.urjc2030.es\/oiaa\/wp-json\/wp\/v2\/comments?post=1440"}],"version-history":[{"count":5,"href":"https:\/\/www.urjc2030.es\/oiaa\/wp-json\/wp\/v2\/posts\/1440\/revisions"}],"predecessor-version":[{"id":1448,"href":"https:\/\/www.urjc2030.es\/oiaa\/wp-json\/wp\/v2\/posts\/1440\/revisions\/1448"}],"wp:featuredmedia":[{"embeddable":true,"href":"https:\/\/www.urjc2030.es\/oiaa\/wp-json\/wp\/v2\/media\/1441"}],"wp:attachment":[{"href":"https:\/\/www.urjc2030.es\/oiaa\/wp-json\/wp\/v2\/media?parent=1440"}],"wp:term":[{"taxonomy":"category","embeddable":true,"href":"https:\/\/www.urjc2030.es\/oiaa\/wp-json\/wp\/v2\/categories?post=1440"},{"taxonomy":"post_tag","embeddable":true,"href":"https:\/\/www.urjc2030.es\/oiaa\/wp-json\/wp\/v2\/tags?post=1440"}],"curies":[{"name":"wp","href":"https:\/\/api.w.org\/{rel}","templated":true}]}}