{"id":1506,"date":"2026-03-10T08:33:45","date_gmt":"2026-03-10T08:33:45","guid":{"rendered":"https:\/\/www.urjc2030.es\/oiaa\/?p=1506"},"modified":"2026-03-10T08:39:38","modified_gmt":"2026-03-10T08:39:38","slug":"programa-tras-mi-enfado","status":"publish","type":"post","link":"https:\/\/www.urjc2030.es\/oiaa\/programa-tras-mi-enfado\/","title":{"rendered":"Programa \u00abTras mi enfado\u00bb"},"content":{"rendered":"<p>[et_pb_section fb_built=\u00bb1&#8243; admin_label=\u00bbLA UNIDAD\u00bb module_id=\u00bbla-unidad\u00bb _builder_version=\u00bb4.27.6&#8243; _module_preset=\u00bbdefault\u00bb custom_padding=\u00bb50px||50px||false|false\u00bb bottom_divider_flip=\u00bbvertical|horizontal\u00bb da_popup_slug=\u00bbla-unidad\u00bb da_disable_devices=\u00bboff|off|off\u00bb locked=\u00bboff\u00bb global_colors_info=\u00bb{}\u00bb da_is_popup=\u00bboff\u00bb da_exit_intent=\u00bboff\u00bb da_has_close=\u00bbon\u00bb da_alt_close=\u00bboff\u00bb da_dark_close=\u00bboff\u00bb da_not_modal=\u00bbon\u00bb da_is_singular=\u00bboff\u00bb da_with_loader=\u00bboff\u00bb da_has_shadow=\u00bbon\u00bb][et_pb_row _builder_version=\u00bb4.16&#8243; _module_preset=\u00bbdefault\u00bb max_width=\u00bb900px\u00bb module_alignment=\u00bbcenter\u00bb custom_margin=\u00bb0px|0px|0px|0px|false|false\u00bb custom_padding=\u00bb0px|0px|0px|0px|false|false\u00bb global_colors_info=\u00bb{}\u00bb][et_pb_column type=\u00bb4_4&#8243; _builder_version=\u00bb4.16&#8243; _module_preset=\u00bbdefault\u00bb global_colors_info=\u00bb{}\u00bb][et_pb_video src=\u00bbhttps:\/\/www.youtube.com\/watch?v=TwG71-i6vkA\u00bb _builder_version=\u00bb4.27.6&#8243; _module_preset=\u00bbdefault\u00bb border_radii=\u00bbon|8px|8px|8px|8px\u00bb box_shadow_style=\u00bbpreset3&#8243; global_colors_info=\u00bb{}\u00bb][\/et_pb_video][\/et_pb_column][\/et_pb_row][et_pb_row _builder_version=\u00bb4.16&#8243; _module_preset=\u00bbdefault\u00bb global_colors_info=\u00bb{}\u00bb][et_pb_column type=\u00bb4_4&#8243; _builder_version=\u00bb4.16&#8243; _module_preset=\u00bbdefault\u00bb global_colors_info=\u00bb{}\u00bb][et_pb_text _builder_version=\u00bb4.27.6&#8243; _module_preset=\u00bbdefault\u00bb text_font=\u00bb||||||||\u00bb text_orientation=\u00bbjustified\u00bb hover_enabled=\u00bb0&#8243; global_colors_info=\u00bb{}\u00bb sticky_enabled=\u00bb0&#8243;]<\/p>\n<p>El <strong>Centro Integral de Protecci\u00f3n Animal (CIPA) de Alcorc\u00f3n<\/strong> acoge el programa de intervenci\u00f3n asistida con animales dirigido a ni\u00f1os y ni\u00f1as de la consulta de <strong>Pediatr\u00eda Social del Hospital Universitario Fundaci\u00f3n Alcorc\u00f3n (HUFA).<\/strong><\/p>\n<p>El Ayuntamiento de Alcorc\u00f3n ha firmado un convenio con el Hospital y la oficina de Intervenci\u00f3n Asistida con Animales de la Universidad Rey Juan Carlos (URJC) para que, en colaboraci\u00f3n con la asociaci\u00f3n AnimalNature, <strong>estas terapias asistidas con perros se desarrollen en las instalaciones del CIPA.<\/strong><\/p>\n<p><img loading=\"lazy\" decoding=\"async\" class=\"aligncenter wp-image-1512 size-full\" src=\"https:\/\/www.urjc2030.es\/oiaa\/wp-content\/uploads\/sites\/7\/2026\/03\/tras-mi-enfado.webp\" alt=\"Tras mi enfado\" width=\"600\" height=\"428\" \/><\/p>\n<p>Para ello, han habilitado en el CIPA un espacio para realizar las intervenciones grupales, y adem\u00e1s, para que los ni\u00f1os y ni\u00f1as se sientan c\u00f3modas, tambi\u00e9n contar\u00e1n con una zona de jard\u00edn, ganando adem\u00e1s \u00abun poco por amabilidad, por abrir otro entorno que no sea el hospital\u00bb.<\/p>\n<p><strong>El objetivo tambi\u00e9n es que el CIPA no solo sirva para ayudar a estos menores, sino tambi\u00e9n para visibilizar todo lo que se hace en el centro.<\/strong><\/p>\n<p>Entre los objetivos de la <strong>Oficina IAA<\/strong> esta concienciaci\u00f3n y tenencia responsable de animales en la sociedad. Por lo que nos parece muy interesante poder colaborar con la concejal\u00eda de Salud P\u00fablica, Consumo y Bienestar Animal.<\/p>\n<p>Con esta intervenci\u00f3n, <strong>mostramos el CIPA a los vecinos de Alcorc\u00f3n<\/strong>, que no es solo un centro a d\u00f3nde vienen los animales abandonados que nadie quiere, es un centro donde podemos hacer muchas cosas en el \u00e1mbito educativo, sanitario o social.<\/p>\n<p>La importancia que tiene la Responsabilidad Social Universitaria en el d\u00eda a d\u00eda de nuestros municipios creemos que es un valor que se debe tener muy en cuenta tanto en el presente como en el futuro de nuestras universidades.<\/p>\n<p><strong>Israel Gonz\u00e1lez Garc\u00eda<\/strong><br \/>Responsable Oficina Intervenci\u00f3n Asistida con Animales de la URJC .<\/p>\n<p>[\/et_pb_text][et_pb_button button_url=\u00bbhttps:\/\/www.comunidad.madrid\/hospital\/fundacionalcorcon\/noticia\/hospital-publico-fundacion-alcorcon-refuerza-su-programa-intervencion-asistida-animales-traves-su\u00bb url_new_window=\u00bbon\u00bb button_text=\u00bbHospital Universitario Fundaci\u00f3n de Alcorc\u00f3n\u00bb _builder_version=\u00bb4.27.6&#8243; _module_preset=\u00bbdefault\u00bb custom_button=\u00bbon\u00bb button_text_size=\u00bb12px\u00bb button_icon=\u00bb&#x68;||divi||400&#8243; global_colors_info=\u00bb{}\u00bb][\/et_pb_button][et_pb_button button_url=\u00bbhttps:\/\/noticiasparamunicipios.com\/municipios-madrid\/noticias-alcorcon\/perros-ayudar-ninos-trauma-alcorcon-cipa\/\u00bb url_new_window=\u00bbon\u00bb button_text=\u00bbNoticia Alcorc\u00f3n\u00bb _builder_version=\u00bb4.27.6&#8243; _module_preset=\u00bbdefault\u00bb custom_button=\u00bbon\u00bb button_text_size=\u00bb12px\u00bb button_icon=\u00bb&#x68;||divi||400&#8243; global_colors_info=\u00bb{}\u00bb][\/et_pb_button][\/et_pb_column][\/et_pb_row][\/et_pb_section]<\/p>\n","protected":false},"excerpt":{"rendered":"<p>El Centro Integral de Protecci\u00f3n Animal (CIPA) de Alcorc\u00f3n acoge el programa de intervenci\u00f3n asistida con animales dirigido a ni\u00f1os y ni\u00f1as de la consulta de Pediatr\u00eda Social del Hospital Universitario Fundaci\u00f3n Alcorc\u00f3n (HUFA). El Ayuntamiento de Alcorc\u00f3n ha firmado un convenio con el Hospital y la oficina de Intervenci\u00f3n Asistida con Animales de la [&hellip;]<\/p>\n","protected":false},"author":10,"featured_media":1512,"comment_status":"closed","ping_status":"closed","sticky":false,"template":"","format":"standard","meta":{"_et_pb_use_builder":"on","_et_pb_old_content":"<p>\u00a0<\/p><p>\u00a0<\/p>","_et_gb_content_width":"","cybocfi_hide_featured_image":"","footnotes":""},"categories":[10],"tags":[],"class_list":["post-1506","post","type-post","status-publish","format-standard","has-post-thumbnail","hentry","category-noticias-oiaa"],"yoast_head":"<!-- This site is optimized with the Yoast SEO plugin v27.4 - https:\/\/yoast.com\/product\/yoast-seo-wordpress\/ -->\n<title>Programa &quot;Tras mi enfado&quot; - Oficina de Intervenci\u00f3n Asistida con Animales<\/title>\n<meta name=\"robots\" content=\"index, follow, max-snippet:-1, max-image-preview:large, max-video-preview:-1\" \/>\n<link rel=\"canonical\" href=\"https:\/\/www.urjc2030.es\/oiaa\/programa-tras-mi-enfado\/\" \/>\n<meta property=\"og:locale\" content=\"es_ES\" \/>\n<meta property=\"og:type\" content=\"article\" \/>\n<meta property=\"og:title\" content=\"Programa &quot;Tras mi enfado&quot; - Oficina de Intervenci\u00f3n Asistida con Animales\" \/>\n<meta property=\"og:description\" content=\"El Centro Integral de Protecci\u00f3n Animal (CIPA) de Alcorc\u00f3n acoge el programa de intervenci\u00f3n asistida con animales dirigido a ni\u00f1os y ni\u00f1as de la consulta de Pediatr\u00eda Social del Hospital Universitario Fundaci\u00f3n Alcorc\u00f3n (HUFA). El Ayuntamiento de Alcorc\u00f3n ha firmado un convenio con el Hospital y la oficina de Intervenci\u00f3n Asistida con Animales de la [&hellip;]\" \/>\n<meta property=\"og:url\" content=\"https:\/\/www.urjc2030.es\/oiaa\/programa-tras-mi-enfado\/\" \/>\n<meta property=\"og:site_name\" content=\"Oficina de Intervenci\u00f3n Asistida con Animales\" \/>\n<meta property=\"article:publisher\" content=\"https:\/\/www.facebook.com\/universidadreyjuancarlos\" \/>\n<meta property=\"article:published_time\" content=\"2026-03-10T08:33:45+00:00\" \/>\n<meta property=\"article:modified_time\" content=\"2026-03-10T08:39:38+00:00\" \/>\n<meta property=\"og:image\" content=\"https:\/\/www.urjc2030.es\/oiaa\/wp-content\/uploads\/sites\/7\/2026\/03\/tras-mi-enfado.webp\" \/>\n\t<meta property=\"og:image:width\" content=\"600\" \/>\n\t<meta property=\"og:image:height\" content=\"428\" \/>\n\t<meta property=\"og:image:type\" content=\"image\/webp\" \/>\n<meta name=\"author\" content=\"carlos\" \/>\n<meta name=\"twitter:card\" content=\"summary_large_image\" \/>\n<meta name=\"twitter:creator\" content=\"@urjc\" \/>\n<meta name=\"twitter:site\" content=\"@urjc\" \/>\n<meta name=\"twitter:label1\" content=\"Escrito por\" \/>\n\t<meta name=\"twitter:data1\" content=\"carlos\" \/>\n\t<meta name=\"twitter:label2\" content=\"Tiempo de lectura\" \/>\n\t<meta name=\"twitter:data2\" content=\"2 minutos\" \/>\n<script type=\"application\/ld+json\" class=\"yoast-schema-graph\">{\"@context\":\"https:\\\/\\\/schema.org\",\"@graph\":[{\"@type\":\"Article\",\"@id\":\"https:\\\/\\\/www.urjc2030.es\\\/oiaa\\\/programa-tras-mi-enfado\\\/#article\",\"isPartOf\":{\"@id\":\"https:\\\/\\\/www.urjc2030.es\\\/oiaa\\\/programa-tras-mi-enfado\\\/\"},\"author\":{\"name\":\"carlos\",\"@id\":\"https:\\\/\\\/www.urjc2030.es\\\/oiaa\\\/#\\\/schema\\\/person\\\/ddacb9e5abf914ab720a3d13fc047418\"},\"headline\":\"Programa \u00abTras mi enfado\u00bb\",\"datePublished\":\"2026-03-10T08:33:45+00:00\",\"dateModified\":\"2026-03-10T08:39:38+00:00\",\"mainEntityOfPage\":{\"@id\":\"https:\\\/\\\/www.urjc2030.es\\\/oiaa\\\/programa-tras-mi-enfado\\\/\"},\"wordCount\":629,\"publisher\":{\"@id\":\"https:\\\/\\\/www.urjc2030.es\\\/oiaa\\\/#organization\"},\"image\":{\"@id\":\"https:\\\/\\\/www.urjc2030.es\\\/oiaa\\\/programa-tras-mi-enfado\\\/#primaryimage\"},\"thumbnailUrl\":\"https:\\\/\\\/www.urjc2030.es\\\/oiaa\\\/wp-content\\\/uploads\\\/sites\\\/7\\\/2026\\\/03\\\/tras-mi-enfado.webp\",\"articleSection\":[\"Noticias\"],\"inLanguage\":\"es\"},{\"@type\":\"WebPage\",\"@id\":\"https:\\\/\\\/www.urjc2030.es\\\/oiaa\\\/programa-tras-mi-enfado\\\/\",\"url\":\"https:\\\/\\\/www.urjc2030.es\\\/oiaa\\\/programa-tras-mi-enfado\\\/\",\"name\":\"Programa \\\"Tras mi enfado\\\" - Oficina de Intervenci\u00f3n Asistida con Animales\",\"isPartOf\":{\"@id\":\"https:\\\/\\\/www.urjc2030.es\\\/oiaa\\\/#website\"},\"primaryImageOfPage\":{\"@id\":\"https:\\\/\\\/www.urjc2030.es\\\/oiaa\\\/programa-tras-mi-enfado\\\/#primaryimage\"},\"image\":{\"@id\":\"https:\\\/\\\/www.urjc2030.es\\\/oiaa\\\/programa-tras-mi-enfado\\\/#primaryimage\"},\"thumbnailUrl\":\"https:\\\/\\\/www.urjc2030.es\\\/oiaa\\\/wp-content\\\/uploads\\\/sites\\\/7\\\/2026\\\/03\\\/tras-mi-enfado.webp\",\"datePublished\":\"2026-03-10T08:33:45+00:00\",\"dateModified\":\"2026-03-10T08:39:38+00:00\",\"breadcrumb\":{\"@id\":\"https:\\\/\\\/www.urjc2030.es\\\/oiaa\\\/programa-tras-mi-enfado\\\/#breadcrumb\"},\"inLanguage\":\"es\",\"potentialAction\":[{\"@type\":\"ReadAction\",\"target\":[\"https:\\\/\\\/www.urjc2030.es\\\/oiaa\\\/programa-tras-mi-enfado\\\/\"]}]},{\"@type\":\"ImageObject\",\"inLanguage\":\"es\",\"@id\":\"https:\\\/\\\/www.urjc2030.es\\\/oiaa\\\/programa-tras-mi-enfado\\\/#primaryimage\",\"url\":\"https:\\\/\\\/www.urjc2030.es\\\/oiaa\\\/wp-content\\\/uploads\\\/sites\\\/7\\\/2026\\\/03\\\/tras-mi-enfado.webp\",\"contentUrl\":\"https:\\\/\\\/www.urjc2030.es\\\/oiaa\\\/wp-content\\\/uploads\\\/sites\\\/7\\\/2026\\\/03\\\/tras-mi-enfado.webp\",\"width\":600,\"height\":428,\"caption\":\"Tras mi enfado\"},{\"@type\":\"BreadcrumbList\",\"@id\":\"https:\\\/\\\/www.urjc2030.es\\\/oiaa\\\/programa-tras-mi-enfado\\\/#breadcrumb\",\"itemListElement\":[{\"@type\":\"ListItem\",\"position\":1,\"name\":\"Portada\",\"item\":\"https:\\\/\\\/www.urjc2030.es\\\/oiaa\\\/\"},{\"@type\":\"ListItem\",\"position\":2,\"name\":\"Programa \u00abTras mi enfado\u00bb\"}]},{\"@type\":\"WebSite\",\"@id\":\"https:\\\/\\\/www.urjc2030.es\\\/oiaa\\\/#website\",\"url\":\"https:\\\/\\\/www.urjc2030.es\\\/oiaa\\\/\",\"name\":\"Oficina de Intervenci\u00f3n Asistida con Animales\",\"description\":\"Implantaci\u00f3n de Intervenciones Asistidas con Animales adecuadas a las necesidades de los usuarios\",\"publisher\":{\"@id\":\"https:\\\/\\\/www.urjc2030.es\\\/oiaa\\\/#organization\"},\"potentialAction\":[{\"@type\":\"SearchAction\",\"target\":{\"@type\":\"EntryPoint\",\"urlTemplate\":\"https:\\\/\\\/www.urjc2030.es\\\/oiaa\\\/?s={search_term_string}\"},\"query-input\":{\"@type\":\"PropertyValueSpecification\",\"valueRequired\":true,\"valueName\":\"search_term_string\"}}],\"inLanguage\":\"es\"},{\"@type\":\"Organization\",\"@id\":\"https:\\\/\\\/www.urjc2030.es\\\/oiaa\\\/#organization\",\"name\":\"Universidad Rey Juan Carlos\",\"url\":\"https:\\\/\\\/www.urjc2030.es\\\/oiaa\\\/\",\"logo\":{\"@type\":\"ImageObject\",\"inLanguage\":\"es\",\"@id\":\"https:\\\/\\\/www.urjc2030.es\\\/oiaa\\\/#\\\/schema\\\/logo\\\/image\\\/\",\"url\":\"https:\\\/\\\/www.urjc2030.es\\\/oiaa\\\/wp-content\\\/uploads\\\/sites\\\/7\\\/2020\\\/10\\\/logoURJC.png\",\"contentUrl\":\"https:\\\/\\\/www.urjc2030.es\\\/oiaa\\\/wp-content\\\/uploads\\\/sites\\\/7\\\/2020\\\/10\\\/logoURJC.png\",\"width\":800,\"height\":305,\"caption\":\"Universidad Rey Juan Carlos\"},\"image\":{\"@id\":\"https:\\\/\\\/www.urjc2030.es\\\/oiaa\\\/#\\\/schema\\\/logo\\\/image\\\/\"},\"sameAs\":[\"https:\\\/\\\/www.facebook.com\\\/universidadreyjuancarlos\",\"https:\\\/\\\/x.com\\\/urjc\",\"https:\\\/\\\/www.instagram.com\\\/urjc_uni\\\/?hl=es\"]},{\"@type\":\"Person\",\"@id\":\"https:\\\/\\\/www.urjc2030.es\\\/oiaa\\\/#\\\/schema\\\/person\\\/ddacb9e5abf914ab720a3d13fc047418\",\"name\":\"carlos\",\"image\":{\"@type\":\"ImageObject\",\"inLanguage\":\"es\",\"@id\":\"https:\\\/\\\/secure.gravatar.com\\\/avatar\\\/98e1c0d637a9f3d3cd2be0e49e5387245f96e039452a34f919c9e800cad0f304?s=96&d=mm&r=g\",\"url\":\"https:\\\/\\\/secure.gravatar.com\\\/avatar\\\/98e1c0d637a9f3d3cd2be0e49e5387245f96e039452a34f919c9e800cad0f304?s=96&d=mm&r=g\",\"contentUrl\":\"https:\\\/\\\/secure.gravatar.com\\\/avatar\\\/98e1c0d637a9f3d3cd2be0e49e5387245f96e039452a34f919c9e800cad0f304?s=96&d=mm&r=g\",\"caption\":\"carlos\"}}]}<\/script>\n<!-- \/ Yoast SEO plugin. -->","yoast_head_json":{"title":"Programa \"Tras mi enfado\" - Oficina de Intervenci\u00f3n Asistida con Animales","robots":{"index":"index","follow":"follow","max-snippet":"max-snippet:-1","max-image-preview":"max-image-preview:large","max-video-preview":"max-video-preview:-1"},"canonical":"https:\/\/www.urjc2030.es\/oiaa\/programa-tras-mi-enfado\/","og_locale":"es_ES","og_type":"article","og_title":"Programa \"Tras mi enfado\" - Oficina de Intervenci\u00f3n Asistida con Animales","og_description":"El Centro Integral de Protecci\u00f3n Animal (CIPA) de Alcorc\u00f3n acoge el programa de intervenci\u00f3n asistida con animales dirigido a ni\u00f1os y ni\u00f1as de la consulta de Pediatr\u00eda Social del Hospital Universitario Fundaci\u00f3n Alcorc\u00f3n (HUFA). El Ayuntamiento de Alcorc\u00f3n ha firmado un convenio con el Hospital y la oficina de Intervenci\u00f3n Asistida con Animales de la [&hellip;]","og_url":"https:\/\/www.urjc2030.es\/oiaa\/programa-tras-mi-enfado\/","og_site_name":"Oficina de Intervenci\u00f3n Asistida con Animales","article_publisher":"https:\/\/www.facebook.com\/universidadreyjuancarlos","article_published_time":"2026-03-10T08:33:45+00:00","article_modified_time":"2026-03-10T08:39:38+00:00","og_image":[{"width":600,"height":428,"url":"https:\/\/www.urjc2030.es\/oiaa\/wp-content\/uploads\/sites\/7\/2026\/03\/tras-mi-enfado.webp","type":"image\/webp"}],"author":"carlos","twitter_card":"summary_large_image","twitter_creator":"@urjc","twitter_site":"@urjc","twitter_misc":{"Escrito por":"carlos","Tiempo de lectura":"2 minutos"},"schema":{"@context":"https:\/\/schema.org","@graph":[{"@type":"Article","@id":"https:\/\/www.urjc2030.es\/oiaa\/programa-tras-mi-enfado\/#article","isPartOf":{"@id":"https:\/\/www.urjc2030.es\/oiaa\/programa-tras-mi-enfado\/"},"author":{"name":"carlos","@id":"https:\/\/www.urjc2030.es\/oiaa\/#\/schema\/person\/ddacb9e5abf914ab720a3d13fc047418"},"headline":"Programa \u00abTras mi enfado\u00bb","datePublished":"2026-03-10T08:33:45+00:00","dateModified":"2026-03-10T08:39:38+00:00","mainEntityOfPage":{"@id":"https:\/\/www.urjc2030.es\/oiaa\/programa-tras-mi-enfado\/"},"wordCount":629,"publisher":{"@id":"https:\/\/www.urjc2030.es\/oiaa\/#organization"},"image":{"@id":"https:\/\/www.urjc2030.es\/oiaa\/programa-tras-mi-enfado\/#primaryimage"},"thumbnailUrl":"https:\/\/www.urjc2030.es\/oiaa\/wp-content\/uploads\/sites\/7\/2026\/03\/tras-mi-enfado.webp","articleSection":["Noticias"],"inLanguage":"es"},{"@type":"WebPage","@id":"https:\/\/www.urjc2030.es\/oiaa\/programa-tras-mi-enfado\/","url":"https:\/\/www.urjc2030.es\/oiaa\/programa-tras-mi-enfado\/","name":"Programa \"Tras mi enfado\" - Oficina de Intervenci\u00f3n Asistida con Animales","isPartOf":{"@id":"https:\/\/www.urjc2030.es\/oiaa\/#website"},"primaryImageOfPage":{"@id":"https:\/\/www.urjc2030.es\/oiaa\/programa-tras-mi-enfado\/#primaryimage"},"image":{"@id":"https:\/\/www.urjc2030.es\/oiaa\/programa-tras-mi-enfado\/#primaryimage"},"thumbnailUrl":"https:\/\/www.urjc2030.es\/oiaa\/wp-content\/uploads\/sites\/7\/2026\/03\/tras-mi-enfado.webp","datePublished":"2026-03-10T08:33:45+00:00","dateModified":"2026-03-10T08:39:38+00:00","breadcrumb":{"@id":"https:\/\/www.urjc2030.es\/oiaa\/programa-tras-mi-enfado\/#breadcrumb"},"inLanguage":"es","potentialAction":[{"@type":"ReadAction","target":["https:\/\/www.urjc2030.es\/oiaa\/programa-tras-mi-enfado\/"]}]},{"@type":"ImageObject","inLanguage":"es","@id":"https:\/\/www.urjc2030.es\/oiaa\/programa-tras-mi-enfado\/#primaryimage","url":"https:\/\/www.urjc2030.es\/oiaa\/wp-content\/uploads\/sites\/7\/2026\/03\/tras-mi-enfado.webp","contentUrl":"https:\/\/www.urjc2030.es\/oiaa\/wp-content\/uploads\/sites\/7\/2026\/03\/tras-mi-enfado.webp","width":600,"height":428,"caption":"Tras mi enfado"},{"@type":"BreadcrumbList","@id":"https:\/\/www.urjc2030.es\/oiaa\/programa-tras-mi-enfado\/#breadcrumb","itemListElement":[{"@type":"ListItem","position":1,"name":"Portada","item":"https:\/\/www.urjc2030.es\/oiaa\/"},{"@type":"ListItem","position":2,"name":"Programa \u00abTras mi enfado\u00bb"}]},{"@type":"WebSite","@id":"https:\/\/www.urjc2030.es\/oiaa\/#website","url":"https:\/\/www.urjc2030.es\/oiaa\/","name":"Oficina de Intervenci\u00f3n Asistida con Animales","description":"Implantaci\u00f3n de Intervenciones Asistidas con Animales adecuadas a las necesidades de los usuarios","publisher":{"@id":"https:\/\/www.urjc2030.es\/oiaa\/#organization"},"potentialAction":[{"@type":"SearchAction","target":{"@type":"EntryPoint","urlTemplate":"https:\/\/www.urjc2030.es\/oiaa\/?s={search_term_string}"},"query-input":{"@type":"PropertyValueSpecification","valueRequired":true,"valueName":"search_term_string"}}],"inLanguage":"es"},{"@type":"Organization","@id":"https:\/\/www.urjc2030.es\/oiaa\/#organization","name":"Universidad Rey Juan Carlos","url":"https:\/\/www.urjc2030.es\/oiaa\/","logo":{"@type":"ImageObject","inLanguage":"es","@id":"https:\/\/www.urjc2030.es\/oiaa\/#\/schema\/logo\/image\/","url":"https:\/\/www.urjc2030.es\/oiaa\/wp-content\/uploads\/sites\/7\/2020\/10\/logoURJC.png","contentUrl":"https:\/\/www.urjc2030.es\/oiaa\/wp-content\/uploads\/sites\/7\/2020\/10\/logoURJC.png","width":800,"height":305,"caption":"Universidad Rey Juan Carlos"},"image":{"@id":"https:\/\/www.urjc2030.es\/oiaa\/#\/schema\/logo\/image\/"},"sameAs":["https:\/\/www.facebook.com\/universidadreyjuancarlos","https:\/\/x.com\/urjc","https:\/\/www.instagram.com\/urjc_uni\/?hl=es"]},{"@type":"Person","@id":"https:\/\/www.urjc2030.es\/oiaa\/#\/schema\/person\/ddacb9e5abf914ab720a3d13fc047418","name":"carlos","image":{"@type":"ImageObject","inLanguage":"es","@id":"https:\/\/secure.gravatar.com\/avatar\/98e1c0d637a9f3d3cd2be0e49e5387245f96e039452a34f919c9e800cad0f304?s=96&d=mm&r=g","url":"https:\/\/secure.gravatar.com\/avatar\/98e1c0d637a9f3d3cd2be0e49e5387245f96e039452a34f919c9e800cad0f304?s=96&d=mm&r=g","contentUrl":"https:\/\/secure.gravatar.com\/avatar\/98e1c0d637a9f3d3cd2be0e49e5387245f96e039452a34f919c9e800cad0f304?s=96&d=mm&r=g","caption":"carlos"}}]}},"_links":{"self":[{"href":"https:\/\/www.urjc2030.es\/oiaa\/wp-json\/wp\/v2\/posts\/1506","targetHints":{"allow":["GET"]}}],"collection":[{"href":"https:\/\/www.urjc2030.es\/oiaa\/wp-json\/wp\/v2\/posts"}],"about":[{"href":"https:\/\/www.urjc2030.es\/oiaa\/wp-json\/wp\/v2\/types\/post"}],"author":[{"embeddable":true,"href":"https:\/\/www.urjc2030.es\/oiaa\/wp-json\/wp\/v2\/users\/10"}],"replies":[{"embeddable":true,"href":"https:\/\/www.urjc2030.es\/oiaa\/wp-json\/wp\/v2\/comments?post=1506"}],"version-history":[{"count":13,"href":"https:\/\/www.urjc2030.es\/oiaa\/wp-json\/wp\/v2\/posts\/1506\/revisions"}],"predecessor-version":[{"id":1538,"href":"https:\/\/www.urjc2030.es\/oiaa\/wp-json\/wp\/v2\/posts\/1506\/revisions\/1538"}],"wp:featuredmedia":[{"embeddable":true,"href":"https:\/\/www.urjc2030.es\/oiaa\/wp-json\/wp\/v2\/media\/1512"}],"wp:attachment":[{"href":"https:\/\/www.urjc2030.es\/oiaa\/wp-json\/wp\/v2\/media?parent=1506"}],"wp:term":[{"taxonomy":"category","embeddable":true,"href":"https:\/\/www.urjc2030.es\/oiaa\/wp-json\/wp\/v2\/categories?post=1506"},{"taxonomy":"post_tag","embeddable":true,"href":"https:\/\/www.urjc2030.es\/oiaa\/wp-json\/wp\/v2\/tags?post=1506"}],"curies":[{"name":"wp","href":"https:\/\/api.w.org\/{rel}","templated":true}]}}