{"id":1046,"date":"2020-12-03T11:57:55","date_gmt":"2020-12-03T11:57:55","guid":{"rendered":"https:\/\/www.urjc2030.es\/ouas\/?p=1046"},"modified":"2020-12-03T12:10:12","modified_gmt":"2020-12-03T12:10:12","slug":"ouas-vii-jornadas-de-innovacion-docente","status":"publish","type":"post","link":"https:\/\/www.urjc2030.es\/ouas\/ouas-vii-jornadas-de-innovacion-docente\/","title":{"rendered":"La Oficina Universitaria de Aprendizaje Servicio muestra la labor que desarrolla durante las \u201cVII Jornadas de Innovaci\u00f3n Docente\u201d"},"content":{"rendered":"<p>[et_pb_section fb_built=\u00bb1&#8243; admin_label=\u00bbsection\u00bb _builder_version=\u00bb3.22&#8243; da_disable_devices=\u00bboff|off|off\u00bb da_is_popup=\u00bboff\u00bb da_exit_intent=\u00bboff\u00bb da_has_close=\u00bbon\u00bb da_alt_close=\u00bboff\u00bb da_dark_close=\u00bboff\u00bb da_not_modal=\u00bbon\u00bb da_is_singular=\u00bboff\u00bb da_with_loader=\u00bboff\u00bb da_has_shadow=\u00bbon\u00bb][et_pb_row admin_label=\u00bbrow\u00bb _builder_version=\u00bb3.25&#8243; background_size=\u00bbinitial\u00bb background_position=\u00bbtop_left\u00bb background_repeat=\u00bbrepeat\u00bb min_height=\u00bb541px\u00bb custom_margin=\u00bb-106px|auto||auto||\u00bb][et_pb_column type=\u00bb4_4&#8243; _builder_version=\u00bb3.25&#8243; custom_padding=\u00bb|||\u00bb custom_padding__hover=\u00bb|||\u00bb][et_pb_text admin_label=\u00bbText\u00bb _builder_version=\u00bb3.27.4&#8243; background_size=\u00bbinitial\u00bb background_position=\u00bbtop_left\u00bb background_repeat=\u00bbrepeat\u00bb]<\/p>\n<p><strong>Francisco Callealta.<\/strong> La coordinadora de la Oficina Universitaria de Aprendizaje Servicio, Roc\u00edo Samino, ha sido la moderadora de un panel de expertos titulado \u201cExperiencias de Aprendizaje Servicio como elemento de innovaci\u00f3n docente\u201d. En \u00e9l se han establecido las bases del Aprendizaje-Servicio (ApS) y qu\u00e9 caracter\u00edsticas debe tener una actividad que pueda ser incluida en esta unidad.<\/p>\n<p>En el panel, los expertos participantes explicaron algunos casos de \u00e9xito que han podido gestionar en sus diferentes unidades, como es el proyecto MicroMundo desarrollado por la Universidad Complutense de Madrid y coordinado por el profesor V\u00edctor J. Cid, con el objetivo de difundir y aportar a la sociedad informaci\u00f3n referida al uso correcto de los antibi\u00f3ticos. Otro ejemplo fue expuesto por Juan Garc\u00eda Guti\u00e9rrez, director de esta unidad en la UNED donde est\u00e1n poniendo en marcha el proyecto de \u201cApS virtual\u201d que impulsa un desarrollo de actividades al servicio de la sociedad en el entorno online.<\/p>\n<p>En el \u00e1mbito de la Universidad Rey Juan Carlos, la directora de la Cl\u00ednica Jur\u00eddica, Marta Albert, explic\u00f3 que utilizan la metodolog\u00eda de ApS \u201cporque forma parte de la idiosincrasia de la propia cl\u00ednica: aprendiendo y, a la vez, prestando un servicio vinculado a la justicia social\u201d<\/p>\n<p>Este panel ha formado parte de las actividades de la \u201cII Semana de Innovaci\u00f3n Docente de la URJC\u201d que se ha desarrollado del 23 al 26 de noviembre. Al finalizar el evento, se ha hecho entrega por primera vez del \u201cPremio Profesores Innovadores 2020\u201d con el que, en este estreno, ha sido reconocida la labor de las docentes Isabel Sierra, Sonia Morante y Judith Ga\u00f1an por su proyecto titulado Experiencia de Trabajo Fin de Grado grupal con metodolog\u00eda ApS.<\/p>\n<p>[\/et_pb_text][\/et_pb_column][\/et_pb_row][\/et_pb_section]<\/p>\n","protected":false},"excerpt":{"rendered":"<p>Francisco Callealta. La coordinadora de la Oficina Universitaria de Aprendizaje Servicio, Roc\u00edo Samino, ha sido la moderadora de un panel de expertos titulado \u201cExperiencias de Aprendizaje Servicio como elemento de innovaci\u00f3n docente\u201d. En \u00e9l se han establecido las bases del Aprendizaje-Servicio (ApS) y qu\u00e9 caracter\u00edsticas debe tener una actividad que pueda ser incluida en esta [&hellip;]<\/p>\n","protected":false},"author":4,"featured_media":1047,"comment_status":"closed","ping_status":"closed","sticky":false,"template":"","format":"standard","meta":{"_et_pb_use_builder":"on","_et_pb_old_content":"Francisco Callealta. La coordinadora de la Oficina Universitaria de Aprendizaje Servicio, Roc\u00edo Samino, ha sido la moderadora de un panel de expertos titulado \u201cExperiencias de Aprendizaje Servicio como elemento de innovaci\u00f3n docente\u201d. En \u00e9l se han establecido las bases del Aprendizaje-Servicio (ApS) y qu\u00e9 caracter\u00edsticas debe tener una actividad que pueda ser incluida en esta unidad.\r\n\r\nEn el panel, los expertos participantes explicaron algunos casos de \u00e9xito que han podido gestionar en sus diferentes unidades, como es el proyecto MicroMundo desarrollado por la Universidad Complutense de Madrid y coordinado por el profesor V\u00edctor J. Cid, con el objetivo de difundir y aportar a la sociedad informaci\u00f3n referida al uso correcto de los antibi\u00f3ticos. Otro ejemplo fue expuesto por Juan Garc\u00eda Guti\u00e9rrez, director de esta unidad en la UNED donde est\u00e1n poniendo en marcha el proyecto de \u201cApS virtual\u201d que impulsa un desarrollo de actividades al servicio de la sociedad en el entorno online.\r\n\r\nEn el \u00e1mbito de la Universidad Rey Juan Carlos, la directora de la Cl\u00ednica Jur\u00eddica, Marta Albert, explic\u00f3 que utilizan la metodolog\u00eda de ApS \u201cporque forma parte de la idiosincrasia de la propia cl\u00ednica: aprendiendo y, a la vez, prestando un servicio vinculado a la justicia social\u201d\r\n\r\nEste panel ha formado parte de las actividades de la \u201cII Semana de Innovaci\u00f3n Docente de la URJC\u201d que se ha desarrollado del 23 al 26 de noviembre. Al finalizar el evento, se ha hecho entrega por primera vez del \u201cPremio Profesores Innovadores 2020\u201d con el que, en este estreno, ha sido reconocida la labor de las docentes Isabel Sierra, Sonia Morante y Judith Ga\u00f1an por su proyecto titulado Experiencia de Trabajo Fin de Grado grupal con metodolog\u00eda ApS.","_et_gb_content_width":"","cybocfi_hide_featured_image":"","footnotes":""},"categories":[9],"tags":[],"class_list":["post-1046","post","type-post","status-publish","format-standard","has-post-thumbnail","hentry","category-noticias-ouas"],"yoast_head":"<!-- This site is optimized with the Yoast SEO plugin v27.5 - https:\/\/yoast.com\/product\/yoast-seo-wordpress\/ -->\n<title>La Oficina Universitaria de Aprendizaje Servicio muestra la labor que desarrolla durante las \u201cVII Jornadas de Innovaci\u00f3n Docente\u201d - Oficina Universitaria de Aprendizaje Servicio<\/title>\n<meta name=\"robots\" content=\"index, follow, max-snippet:-1, max-image-preview:large, max-video-preview:-1\" \/>\n<link rel=\"canonical\" href=\"https:\/\/www.urjc2030.es\/ouas\/ouas-vii-jornadas-de-innovacion-docente\/\" \/>\n<meta property=\"og:locale\" content=\"es_ES\" \/>\n<meta property=\"og:type\" content=\"article\" \/>\n<meta property=\"og:title\" content=\"La Oficina Universitaria de Aprendizaje Servicio muestra la labor que desarrolla durante las \u201cVII Jornadas de Innovaci\u00f3n Docente\u201d - Oficina Universitaria de Aprendizaje Servicio\" \/>\n<meta property=\"og:description\" content=\"Francisco Callealta. La coordinadora de la Oficina Universitaria de Aprendizaje Servicio, Roc\u00edo Samino, ha sido la moderadora de un panel de expertos titulado \u201cExperiencias de Aprendizaje Servicio como elemento de innovaci\u00f3n docente\u201d. En \u00e9l se han establecido las bases del Aprendizaje-Servicio (ApS) y qu\u00e9 caracter\u00edsticas debe tener una actividad que pueda ser incluida en esta [&hellip;]\" \/>\n<meta property=\"og:url\" content=\"https:\/\/www.urjc2030.es\/ouas\/ouas-vii-jornadas-de-innovacion-docente\/\" \/>\n<meta property=\"og:site_name\" content=\"Oficina Universitaria de Aprendizaje Servicio\" \/>\n<meta property=\"article:publisher\" content=\"https:\/\/www.facebook.com\/universidadreyjuancarlos\" \/>\n<meta property=\"article:published_time\" content=\"2020-12-03T11:57:55+00:00\" \/>\n<meta property=\"article:modified_time\" content=\"2020-12-03T12:10:12+00:00\" \/>\n<meta property=\"og:image\" content=\"https:\/\/www.urjc2030.es\/ouas\/wp-content\/uploads\/sites\/12\/2020\/12\/Jornadas_71540.png\" \/>\n\t<meta property=\"og:image:width\" content=\"921\" \/>\n\t<meta property=\"og:image:height\" content=\"575\" \/>\n\t<meta property=\"og:image:type\" content=\"image\/png\" \/>\n<meta name=\"author\" content=\"manuelmontes\" \/>\n<meta name=\"twitter:card\" content=\"summary_large_image\" \/>\n<meta name=\"twitter:creator\" content=\"@urjc\" \/>\n<meta name=\"twitter:site\" content=\"@urjc\" \/>\n<script type=\"application\/ld+json\" class=\"yoast-schema-graph\">{\"@context\":\"https:\\\/\\\/schema.org\",\"@graph\":[{\"@type\":\"Article\",\"@id\":\"https:\\\/\\\/www.urjc2030.es\\\/ouas\\\/ouas-vii-jornadas-de-innovacion-docente\\\/#article\",\"isPartOf\":{\"@id\":\"https:\\\/\\\/www.urjc2030.es\\\/ouas\\\/ouas-vii-jornadas-de-innovacion-docente\\\/\"},\"author\":{\"name\":\"manuelmontes\",\"@id\":\"https:\\\/\\\/www.urjc2030.es\\\/ouas\\\/#\\\/schema\\\/person\\\/c11960e1b4f082b313c6cded6df9810d\"},\"headline\":\"La Oficina Universitaria de Aprendizaje Servicio muestra la labor que desarrolla durante las \u201cVII Jornadas de Innovaci\u00f3n Docente\u201d\",\"datePublished\":\"2020-12-03T11:57:55+00:00\",\"dateModified\":\"2020-12-03T12:10:12+00:00\",\"mainEntityOfPage\":{\"@id\":\"https:\\\/\\\/www.urjc2030.es\\\/ouas\\\/ouas-vii-jornadas-de-innovacion-docente\\\/\"},\"wordCount\":431,\"publisher\":{\"@id\":\"https:\\\/\\\/www.urjc2030.es\\\/ouas\\\/#organization\"},\"image\":{\"@id\":\"https:\\\/\\\/www.urjc2030.es\\\/ouas\\\/ouas-vii-jornadas-de-innovacion-docente\\\/#primaryimage\"},\"thumbnailUrl\":\"https:\\\/\\\/www.urjc2030.es\\\/ouas\\\/wp-content\\\/uploads\\\/sites\\\/12\\\/2020\\\/12\\\/Jornadas_71540.png\",\"articleSection\":[\"Noticias\"],\"inLanguage\":\"es\"},{\"@type\":\"WebPage\",\"@id\":\"https:\\\/\\\/www.urjc2030.es\\\/ouas\\\/ouas-vii-jornadas-de-innovacion-docente\\\/\",\"url\":\"https:\\\/\\\/www.urjc2030.es\\\/ouas\\\/ouas-vii-jornadas-de-innovacion-docente\\\/\",\"name\":\"La Oficina Universitaria de Aprendizaje Servicio muestra la labor que desarrolla durante las \u201cVII Jornadas de Innovaci\u00f3n Docente\u201d - Oficina Universitaria de Aprendizaje Servicio\",\"isPartOf\":{\"@id\":\"https:\\\/\\\/www.urjc2030.es\\\/ouas\\\/#website\"},\"primaryImageOfPage\":{\"@id\":\"https:\\\/\\\/www.urjc2030.es\\\/ouas\\\/ouas-vii-jornadas-de-innovacion-docente\\\/#primaryimage\"},\"image\":{\"@id\":\"https:\\\/\\\/www.urjc2030.es\\\/ouas\\\/ouas-vii-jornadas-de-innovacion-docente\\\/#primaryimage\"},\"thumbnailUrl\":\"https:\\\/\\\/www.urjc2030.es\\\/ouas\\\/wp-content\\\/uploads\\\/sites\\\/12\\\/2020\\\/12\\\/Jornadas_71540.png\",\"datePublished\":\"2020-12-03T11:57:55+00:00\",\"dateModified\":\"2020-12-03T12:10:12+00:00\",\"breadcrumb\":{\"@id\":\"https:\\\/\\\/www.urjc2030.es\\\/ouas\\\/ouas-vii-jornadas-de-innovacion-docente\\\/#breadcrumb\"},\"inLanguage\":\"es\",\"potentialAction\":[{\"@type\":\"ReadAction\",\"target\":[\"https:\\\/\\\/www.urjc2030.es\\\/ouas\\\/ouas-vii-jornadas-de-innovacion-docente\\\/\"]}]},{\"@type\":\"ImageObject\",\"inLanguage\":\"es\",\"@id\":\"https:\\\/\\\/www.urjc2030.es\\\/ouas\\\/ouas-vii-jornadas-de-innovacion-docente\\\/#primaryimage\",\"url\":\"https:\\\/\\\/www.urjc2030.es\\\/ouas\\\/wp-content\\\/uploads\\\/sites\\\/12\\\/2020\\\/12\\\/Jornadas_71540.png\",\"contentUrl\":\"https:\\\/\\\/www.urjc2030.es\\\/ouas\\\/wp-content\\\/uploads\\\/sites\\\/12\\\/2020\\\/12\\\/Jornadas_71540.png\",\"width\":921,\"height\":575,\"caption\":\"Jornadas de Innovaci\u00f3n docente\"},{\"@type\":\"BreadcrumbList\",\"@id\":\"https:\\\/\\\/www.urjc2030.es\\\/ouas\\\/ouas-vii-jornadas-de-innovacion-docente\\\/#breadcrumb\",\"itemListElement\":[{\"@type\":\"ListItem\",\"position\":1,\"name\":\"Portada\",\"item\":\"https:\\\/\\\/www.urjc2030.es\\\/ouas\\\/\"},{\"@type\":\"ListItem\",\"position\":2,\"name\":\"La Oficina Universitaria de Aprendizaje Servicio muestra la labor que desarrolla durante las \u201cVII Jornadas de Innovaci\u00f3n Docente\u201d\"}]},{\"@type\":\"WebSite\",\"@id\":\"https:\\\/\\\/www.urjc2030.es\\\/ouas\\\/#website\",\"url\":\"https:\\\/\\\/www.urjc2030.es\\\/ouas\\\/\",\"name\":\"Oficina Universitaria de Aprendizaje Servicio\",\"description\":\"Servicio abierto a la Comunidad Universitaria para la supervisi\u00f3n de la gesti\u00f3n realizada por los Coordinadores de Proyecto\",\"publisher\":{\"@id\":\"https:\\\/\\\/www.urjc2030.es\\\/ouas\\\/#organization\"},\"potentialAction\":[{\"@type\":\"SearchAction\",\"target\":{\"@type\":\"EntryPoint\",\"urlTemplate\":\"https:\\\/\\\/www.urjc2030.es\\\/ouas\\\/?s={search_term_string}\"},\"query-input\":{\"@type\":\"PropertyValueSpecification\",\"valueRequired\":true,\"valueName\":\"search_term_string\"}}],\"inLanguage\":\"es\"},{\"@type\":\"Organization\",\"@id\":\"https:\\\/\\\/www.urjc2030.es\\\/ouas\\\/#organization\",\"name\":\"Universidad Rey Juan Carlos\",\"url\":\"https:\\\/\\\/www.urjc2030.es\\\/ouas\\\/\",\"logo\":{\"@type\":\"ImageObject\",\"inLanguage\":\"es\",\"@id\":\"https:\\\/\\\/www.urjc2030.es\\\/ouas\\\/#\\\/schema\\\/logo\\\/image\\\/\",\"url\":\"https:\\\/\\\/www.urjc2030.es\\\/ouas\\\/wp-content\\\/uploads\\\/sites\\\/12\\\/2020\\\/10\\\/logoURJC.png\",\"contentUrl\":\"https:\\\/\\\/www.urjc2030.es\\\/ouas\\\/wp-content\\\/uploads\\\/sites\\\/12\\\/2020\\\/10\\\/logoURJC.png\",\"width\":800,\"height\":305,\"caption\":\"Universidad Rey Juan Carlos\"},\"image\":{\"@id\":\"https:\\\/\\\/www.urjc2030.es\\\/ouas\\\/#\\\/schema\\\/logo\\\/image\\\/\"},\"sameAs\":[\"https:\\\/\\\/www.facebook.com\\\/universidadreyjuancarlos\",\"https:\\\/\\\/x.com\\\/urjc\",\"https:\\\/\\\/www.instagram.com\\\/urjc_uni\\\/?hl=es\"]},{\"@type\":\"Person\",\"@id\":\"https:\\\/\\\/www.urjc2030.es\\\/ouas\\\/#\\\/schema\\\/person\\\/c11960e1b4f082b313c6cded6df9810d\",\"name\":\"manuelmontes\",\"image\":{\"@type\":\"ImageObject\",\"inLanguage\":\"es\",\"@id\":\"https:\\\/\\\/secure.gravatar.com\\\/avatar\\\/a5393e1280028f4c1020b5cafdab0b01785c98430d235b41a2479b872b4d2fdc?s=96&d=mm&r=g\",\"url\":\"https:\\\/\\\/secure.gravatar.com\\\/avatar\\\/a5393e1280028f4c1020b5cafdab0b01785c98430d235b41a2479b872b4d2fdc?s=96&d=mm&r=g\",\"contentUrl\":\"https:\\\/\\\/secure.gravatar.com\\\/avatar\\\/a5393e1280028f4c1020b5cafdab0b01785c98430d235b41a2479b872b4d2fdc?s=96&d=mm&r=g\",\"caption\":\"manuelmontes\"}}]}<\/script>\n<!-- \/ Yoast SEO plugin. -->","yoast_head_json":{"title":"La Oficina Universitaria de Aprendizaje Servicio muestra la labor que desarrolla durante las \u201cVII Jornadas de Innovaci\u00f3n Docente\u201d - Oficina Universitaria de Aprendizaje Servicio","robots":{"index":"index","follow":"follow","max-snippet":"max-snippet:-1","max-image-preview":"max-image-preview:large","max-video-preview":"max-video-preview:-1"},"canonical":"https:\/\/www.urjc2030.es\/ouas\/ouas-vii-jornadas-de-innovacion-docente\/","og_locale":"es_ES","og_type":"article","og_title":"La Oficina Universitaria de Aprendizaje Servicio muestra la labor que desarrolla durante las \u201cVII Jornadas de Innovaci\u00f3n Docente\u201d - Oficina Universitaria de Aprendizaje Servicio","og_description":"Francisco Callealta. La coordinadora de la Oficina Universitaria de Aprendizaje Servicio, Roc\u00edo Samino, ha sido la moderadora de un panel de expertos titulado \u201cExperiencias de Aprendizaje Servicio como elemento de innovaci\u00f3n docente\u201d. En \u00e9l se han establecido las bases del Aprendizaje-Servicio (ApS) y qu\u00e9 caracter\u00edsticas debe tener una actividad que pueda ser incluida en esta [&hellip;]","og_url":"https:\/\/www.urjc2030.es\/ouas\/ouas-vii-jornadas-de-innovacion-docente\/","og_site_name":"Oficina Universitaria de Aprendizaje Servicio","article_publisher":"https:\/\/www.facebook.com\/universidadreyjuancarlos","article_published_time":"2020-12-03T11:57:55+00:00","article_modified_time":"2020-12-03T12:10:12+00:00","og_image":[{"width":921,"height":575,"url":"https:\/\/www.urjc2030.es\/ouas\/wp-content\/uploads\/sites\/12\/2020\/12\/Jornadas_71540.png","type":"image\/png"}],"author":"manuelmontes","twitter_card":"summary_large_image","twitter_creator":"@urjc","twitter_site":"@urjc","schema":{"@context":"https:\/\/schema.org","@graph":[{"@type":"Article","@id":"https:\/\/www.urjc2030.es\/ouas\/ouas-vii-jornadas-de-innovacion-docente\/#article","isPartOf":{"@id":"https:\/\/www.urjc2030.es\/ouas\/ouas-vii-jornadas-de-innovacion-docente\/"},"author":{"name":"manuelmontes","@id":"https:\/\/www.urjc2030.es\/ouas\/#\/schema\/person\/c11960e1b4f082b313c6cded6df9810d"},"headline":"La Oficina Universitaria de Aprendizaje Servicio muestra la labor que desarrolla durante las \u201cVII Jornadas de Innovaci\u00f3n Docente\u201d","datePublished":"2020-12-03T11:57:55+00:00","dateModified":"2020-12-03T12:10:12+00:00","mainEntityOfPage":{"@id":"https:\/\/www.urjc2030.es\/ouas\/ouas-vii-jornadas-de-innovacion-docente\/"},"wordCount":431,"publisher":{"@id":"https:\/\/www.urjc2030.es\/ouas\/#organization"},"image":{"@id":"https:\/\/www.urjc2030.es\/ouas\/ouas-vii-jornadas-de-innovacion-docente\/#primaryimage"},"thumbnailUrl":"https:\/\/www.urjc2030.es\/ouas\/wp-content\/uploads\/sites\/12\/2020\/12\/Jornadas_71540.png","articleSection":["Noticias"],"inLanguage":"es"},{"@type":"WebPage","@id":"https:\/\/www.urjc2030.es\/ouas\/ouas-vii-jornadas-de-innovacion-docente\/","url":"https:\/\/www.urjc2030.es\/ouas\/ouas-vii-jornadas-de-innovacion-docente\/","name":"La Oficina Universitaria de Aprendizaje Servicio muestra la labor que desarrolla durante las \u201cVII Jornadas de Innovaci\u00f3n Docente\u201d - Oficina Universitaria de Aprendizaje Servicio","isPartOf":{"@id":"https:\/\/www.urjc2030.es\/ouas\/#website"},"primaryImageOfPage":{"@id":"https:\/\/www.urjc2030.es\/ouas\/ouas-vii-jornadas-de-innovacion-docente\/#primaryimage"},"image":{"@id":"https:\/\/www.urjc2030.es\/ouas\/ouas-vii-jornadas-de-innovacion-docente\/#primaryimage"},"thumbnailUrl":"https:\/\/www.urjc2030.es\/ouas\/wp-content\/uploads\/sites\/12\/2020\/12\/Jornadas_71540.png","datePublished":"2020-12-03T11:57:55+00:00","dateModified":"2020-12-03T12:10:12+00:00","breadcrumb":{"@id":"https:\/\/www.urjc2030.es\/ouas\/ouas-vii-jornadas-de-innovacion-docente\/#breadcrumb"},"inLanguage":"es","potentialAction":[{"@type":"ReadAction","target":["https:\/\/www.urjc2030.es\/ouas\/ouas-vii-jornadas-de-innovacion-docente\/"]}]},{"@type":"ImageObject","inLanguage":"es","@id":"https:\/\/www.urjc2030.es\/ouas\/ouas-vii-jornadas-de-innovacion-docente\/#primaryimage","url":"https:\/\/www.urjc2030.es\/ouas\/wp-content\/uploads\/sites\/12\/2020\/12\/Jornadas_71540.png","contentUrl":"https:\/\/www.urjc2030.es\/ouas\/wp-content\/uploads\/sites\/12\/2020\/12\/Jornadas_71540.png","width":921,"height":575,"caption":"Jornadas de Innovaci\u00f3n docente"},{"@type":"BreadcrumbList","@id":"https:\/\/www.urjc2030.es\/ouas\/ouas-vii-jornadas-de-innovacion-docente\/#breadcrumb","itemListElement":[{"@type":"ListItem","position":1,"name":"Portada","item":"https:\/\/www.urjc2030.es\/ouas\/"},{"@type":"ListItem","position":2,"name":"La Oficina Universitaria de Aprendizaje Servicio muestra la labor que desarrolla durante las \u201cVII Jornadas de Innovaci\u00f3n Docente\u201d"}]},{"@type":"WebSite","@id":"https:\/\/www.urjc2030.es\/ouas\/#website","url":"https:\/\/www.urjc2030.es\/ouas\/","name":"Oficina Universitaria de Aprendizaje Servicio","description":"Servicio abierto a la Comunidad Universitaria para la supervisi\u00f3n de la gesti\u00f3n realizada por los Coordinadores de Proyecto","publisher":{"@id":"https:\/\/www.urjc2030.es\/ouas\/#organization"},"potentialAction":[{"@type":"SearchAction","target":{"@type":"EntryPoint","urlTemplate":"https:\/\/www.urjc2030.es\/ouas\/?s={search_term_string}"},"query-input":{"@type":"PropertyValueSpecification","valueRequired":true,"valueName":"search_term_string"}}],"inLanguage":"es"},{"@type":"Organization","@id":"https:\/\/www.urjc2030.es\/ouas\/#organization","name":"Universidad Rey Juan Carlos","url":"https:\/\/www.urjc2030.es\/ouas\/","logo":{"@type":"ImageObject","inLanguage":"es","@id":"https:\/\/www.urjc2030.es\/ouas\/#\/schema\/logo\/image\/","url":"https:\/\/www.urjc2030.es\/ouas\/wp-content\/uploads\/sites\/12\/2020\/10\/logoURJC.png","contentUrl":"https:\/\/www.urjc2030.es\/ouas\/wp-content\/uploads\/sites\/12\/2020\/10\/logoURJC.png","width":800,"height":305,"caption":"Universidad Rey Juan Carlos"},"image":{"@id":"https:\/\/www.urjc2030.es\/ouas\/#\/schema\/logo\/image\/"},"sameAs":["https:\/\/www.facebook.com\/universidadreyjuancarlos","https:\/\/x.com\/urjc","https:\/\/www.instagram.com\/urjc_uni\/?hl=es"]},{"@type":"Person","@id":"https:\/\/www.urjc2030.es\/ouas\/#\/schema\/person\/c11960e1b4f082b313c6cded6df9810d","name":"manuelmontes","image":{"@type":"ImageObject","inLanguage":"es","@id":"https:\/\/secure.gravatar.com\/avatar\/a5393e1280028f4c1020b5cafdab0b01785c98430d235b41a2479b872b4d2fdc?s=96&d=mm&r=g","url":"https:\/\/secure.gravatar.com\/avatar\/a5393e1280028f4c1020b5cafdab0b01785c98430d235b41a2479b872b4d2fdc?s=96&d=mm&r=g","contentUrl":"https:\/\/secure.gravatar.com\/avatar\/a5393e1280028f4c1020b5cafdab0b01785c98430d235b41a2479b872b4d2fdc?s=96&d=mm&r=g","caption":"manuelmontes"}}]}},"_links":{"self":[{"href":"https:\/\/www.urjc2030.es\/ouas\/wp-json\/wp\/v2\/posts\/1046","targetHints":{"allow":["GET"]}}],"collection":[{"href":"https:\/\/www.urjc2030.es\/ouas\/wp-json\/wp\/v2\/posts"}],"about":[{"href":"https:\/\/www.urjc2030.es\/ouas\/wp-json\/wp\/v2\/types\/post"}],"author":[{"embeddable":true,"href":"https:\/\/www.urjc2030.es\/ouas\/wp-json\/wp\/v2\/users\/4"}],"replies":[{"embeddable":true,"href":"https:\/\/www.urjc2030.es\/ouas\/wp-json\/wp\/v2\/comments?post=1046"}],"version-history":[{"count":4,"href":"https:\/\/www.urjc2030.es\/ouas\/wp-json\/wp\/v2\/posts\/1046\/revisions"}],"predecessor-version":[{"id":1052,"href":"https:\/\/www.urjc2030.es\/ouas\/wp-json\/wp\/v2\/posts\/1046\/revisions\/1052"}],"wp:featuredmedia":[{"embeddable":true,"href":"https:\/\/www.urjc2030.es\/ouas\/wp-json\/wp\/v2\/media\/1047"}],"wp:attachment":[{"href":"https:\/\/www.urjc2030.es\/ouas\/wp-json\/wp\/v2\/media?parent=1046"}],"wp:term":[{"taxonomy":"category","embeddable":true,"href":"https:\/\/www.urjc2030.es\/ouas\/wp-json\/wp\/v2\/categories?post=1046"},{"taxonomy":"post_tag","embeddable":true,"href":"https:\/\/www.urjc2030.es\/ouas\/wp-json\/wp\/v2\/tags?post=1046"}],"curies":[{"name":"wp","href":"https:\/\/api.w.org\/{rel}","templated":true}]}}