{"id":1370,"date":"2022-11-18T17:31:05","date_gmt":"2022-11-18T17:31:05","guid":{"rendered":"https:\/\/www.urjc2030.es\/ouas\/?p=1370"},"modified":"2022-11-18T17:31:31","modified_gmt":"2022-11-18T17:31:31","slug":"invitacion-a-la-ii-semana-de-la-fiscalidad-urjc","status":"publish","type":"post","link":"https:\/\/www.urjc2030.es\/ouas\/invitacion-a-la-ii-semana-de-la-fiscalidad-urjc\/","title":{"rendered":"Invitaci\u00f3n a la II Semana de la Fiscalidad URJC dentro del Proyecto de Aprendizaje Servicio \u201cFiscalidad y compromiso social con la discapacidad\u201d en colaboraci\u00f3n con el Ayuntamiento de Fuenlabrada y financiado por la Oficina U. de Aprendizaje Servicio de la URJC, Vicerrectorado de Calidad y Estrategia."},"content":{"rendered":"<p>Los profesores que integran el Grupo Fiscal-INNOVA han llevado a cabo un proyecto de Aprendizaje Servicio dirigido a fomentar el compromiso social con la discapacidad entre los j\u00f3venes.\u00a0 Este proyecto tiene como objetivo reforzar la moral tributaria de nuestros estudiantes y as\u00ed lograr una mayor sensibilizaci\u00f3n sobre la importancia del cumplimiento fiscal como instrumento para conseguir la reducci\u00f3n de las desigualdades y la inclusi\u00f3n social. A trav\u00e9s del fortalecimiento de la moral tributaria de los alumnos universitarios, se puede conseguir que ellos sean los transmisores de estos valores a otros j\u00f3venes.<\/p>\n<p>El mi\u00e9rcoles 30 de noviembre en el Sal\u00f3n de actos del campus de Fuenlabrada se realizar\u00e1 el principal acto dentro de la Semana de la Fiscalidad que se ha organizado en el marco de este proyecto y a la que asistir\u00e1n representantes del Ayuntamiento de Fuenlabrada y de la Oficina U. de Aprendizaje Servicio de nuestra universidad.<\/p>\n<p>No es necesario realizar inscripci\u00f3n. Este evento forma parte del proyecto APS y no tiene reconocimiento de cr\u00e9ditos ECTS. Para cualquier consulta pod\u00e9is escribir un email a: <strong><a href=\"mailto:master.gestionbienestar@urjc.es\" target=\"_blank\" rel=\"noopener\">master.gestionbienestar@urjc.es<\/a><\/strong>.<\/p>\n<p>Programa del evento: <a href=\"https:\/\/www.urjc2030.es\/ouas\/wp-content\/uploads\/sites\/12\/2022\/11\/SEMANA-DE-LA-FISCALIDAD-FUENLABRADA-F.pdf\" target=\"_blank\" rel=\"noopener\"><strong>SEMANA DE LA FISCALIDAD &#8211; FUENLABRADA<\/strong><\/a><\/p>\n","protected":false},"excerpt":{"rendered":"<p>Los profesores que integran el Grupo Fiscal-INNOVA han llevado a cabo un proyecto de Aprendizaje Servicio dirigido a fomentar el compromiso social con la discapacidad entre los j\u00f3venes.\u00a0 Este proyecto tiene como objetivo reforzar la moral tributaria de nuestros estudiantes y as\u00ed lograr una mayor sensibilizaci\u00f3n sobre la importancia del cumplimiento fiscal como instrumento para [&hellip;]<\/p>\n","protected":false},"author":10,"featured_media":37,"comment_status":"closed","ping_status":"closed","sticky":false,"template":"","format":"standard","meta":{"_et_pb_use_builder":"","_et_pb_old_content":"","_et_gb_content_width":"","cybocfi_hide_featured_image":"","footnotes":""},"categories":[10],"tags":[],"class_list":["post-1370","post","type-post","status-publish","format-standard","has-post-thumbnail","hentry","category-agenda-ouas"],"yoast_head":"<!-- This site is optimized with the Yoast SEO plugin v27.5 - https:\/\/yoast.com\/product\/yoast-seo-wordpress\/ -->\n<title>Invitaci\u00f3n a la II Semana de la Fiscalidad URJC dentro del Proyecto de Aprendizaje Servicio \u201cFiscalidad y compromiso social con la discapacidad\u201d en colaboraci\u00f3n con el Ayuntamiento de Fuenlabrada y financiado por la Oficina U. de Aprendizaje Servicio de la URJC, Vicerrectorado de Calidad y Estrategia. - Oficina Universitaria de Aprendizaje Servicio<\/title>\n<meta name=\"robots\" content=\"index, follow, max-snippet:-1, max-image-preview:large, max-video-preview:-1\" \/>\n<link rel=\"canonical\" href=\"https:\/\/www.urjc2030.es\/ouas\/invitacion-a-la-ii-semana-de-la-fiscalidad-urjc\/\" \/>\n<meta property=\"og:locale\" content=\"es_ES\" \/>\n<meta property=\"og:type\" content=\"article\" \/>\n<meta property=\"og:title\" content=\"Invitaci\u00f3n a la II Semana de la Fiscalidad URJC dentro del Proyecto de Aprendizaje Servicio \u201cFiscalidad y compromiso social con la discapacidad\u201d en colaboraci\u00f3n con el Ayuntamiento de Fuenlabrada y financiado por la Oficina U. de Aprendizaje Servicio de la URJC, Vicerrectorado de Calidad y Estrategia. - Oficina Universitaria de Aprendizaje Servicio\" \/>\n<meta property=\"og:description\" content=\"Los profesores que integran el Grupo Fiscal-INNOVA han llevado a cabo un proyecto de Aprendizaje Servicio dirigido a fomentar el compromiso social con la discapacidad entre los j\u00f3venes.\u00a0 Este proyecto tiene como objetivo reforzar la moral tributaria de nuestros estudiantes y as\u00ed lograr una mayor sensibilizaci\u00f3n sobre la importancia del cumplimiento fiscal como instrumento para [&hellip;]\" \/>\n<meta property=\"og:url\" content=\"https:\/\/www.urjc2030.es\/ouas\/invitacion-a-la-ii-semana-de-la-fiscalidad-urjc\/\" \/>\n<meta property=\"og:site_name\" content=\"Oficina Universitaria de Aprendizaje Servicio\" \/>\n<meta property=\"article:publisher\" content=\"https:\/\/www.facebook.com\/universidadreyjuancarlos\" \/>\n<meta property=\"article:published_time\" content=\"2022-11-18T17:31:05+00:00\" \/>\n<meta property=\"article:modified_time\" content=\"2022-11-18T17:31:31+00:00\" \/>\n<meta property=\"og:image\" content=\"https:\/\/www.urjc2030.es\/ouas\/wp-content\/uploads\/sites\/12\/2020\/10\/cropped-icon-urjc.png\" \/>\n\t<meta property=\"og:image:width\" content=\"512\" \/>\n\t<meta property=\"og:image:height\" content=\"512\" \/>\n\t<meta property=\"og:image:type\" content=\"image\/png\" \/>\n<meta name=\"author\" content=\"carlos\" \/>\n<meta name=\"twitter:card\" content=\"summary_large_image\" \/>\n<meta name=\"twitter:creator\" content=\"@urjc\" \/>\n<meta name=\"twitter:site\" content=\"@urjc\" \/>\n<script type=\"application\/ld+json\" class=\"yoast-schema-graph\">{\"@context\":\"https:\\\/\\\/schema.org\",\"@graph\":[{\"@type\":\"Article\",\"@id\":\"https:\\\/\\\/www.urjc2030.es\\\/ouas\\\/invitacion-a-la-ii-semana-de-la-fiscalidad-urjc\\\/#article\",\"isPartOf\":{\"@id\":\"https:\\\/\\\/www.urjc2030.es\\\/ouas\\\/invitacion-a-la-ii-semana-de-la-fiscalidad-urjc\\\/\"},\"author\":{\"name\":\"carlos\",\"@id\":\"https:\\\/\\\/www.urjc2030.es\\\/ouas\\\/#\\\/schema\\\/person\\\/ddacb9e5abf914ab720a3d13fc047418\"},\"headline\":\"Invitaci\u00f3n a la II Semana de la Fiscalidad URJC dentro del Proyecto de Aprendizaje Servicio \u201cFiscalidad y compromiso social con la discapacidad\u201d en colaboraci\u00f3n con el Ayuntamiento de Fuenlabrada y financiado por la Oficina U. de Aprendizaje Servicio de la URJC, Vicerrectorado de Calidad y Estrategia.\",\"datePublished\":\"2022-11-18T17:31:05+00:00\",\"dateModified\":\"2022-11-18T17:31:31+00:00\",\"mainEntityOfPage\":{\"@id\":\"https:\\\/\\\/www.urjc2030.es\\\/ouas\\\/invitacion-a-la-ii-semana-de-la-fiscalidad-urjc\\\/\"},\"wordCount\":247,\"publisher\":{\"@id\":\"https:\\\/\\\/www.urjc2030.es\\\/ouas\\\/#organization\"},\"image\":{\"@id\":\"https:\\\/\\\/www.urjc2030.es\\\/ouas\\\/invitacion-a-la-ii-semana-de-la-fiscalidad-urjc\\\/#primaryimage\"},\"thumbnailUrl\":\"https:\\\/\\\/www.urjc2030.es\\\/ouas\\\/wp-content\\\/uploads\\\/sites\\\/12\\\/2020\\\/10\\\/cropped-icon-urjc.png\",\"articleSection\":[\"Agenda\"],\"inLanguage\":\"es\"},{\"@type\":\"WebPage\",\"@id\":\"https:\\\/\\\/www.urjc2030.es\\\/ouas\\\/invitacion-a-la-ii-semana-de-la-fiscalidad-urjc\\\/\",\"url\":\"https:\\\/\\\/www.urjc2030.es\\\/ouas\\\/invitacion-a-la-ii-semana-de-la-fiscalidad-urjc\\\/\",\"name\":\"Invitaci\u00f3n a la II Semana de la Fiscalidad URJC dentro del Proyecto de Aprendizaje Servicio \u201cFiscalidad y compromiso social con la discapacidad\u201d en colaboraci\u00f3n con el Ayuntamiento de Fuenlabrada y financiado por la Oficina U. de Aprendizaje Servicio de la URJC, Vicerrectorado de Calidad y Estrategia. - Oficina Universitaria de Aprendizaje Servicio\",\"isPartOf\":{\"@id\":\"https:\\\/\\\/www.urjc2030.es\\\/ouas\\\/#website\"},\"primaryImageOfPage\":{\"@id\":\"https:\\\/\\\/www.urjc2030.es\\\/ouas\\\/invitacion-a-la-ii-semana-de-la-fiscalidad-urjc\\\/#primaryimage\"},\"image\":{\"@id\":\"https:\\\/\\\/www.urjc2030.es\\\/ouas\\\/invitacion-a-la-ii-semana-de-la-fiscalidad-urjc\\\/#primaryimage\"},\"thumbnailUrl\":\"https:\\\/\\\/www.urjc2030.es\\\/ouas\\\/wp-content\\\/uploads\\\/sites\\\/12\\\/2020\\\/10\\\/cropped-icon-urjc.png\",\"datePublished\":\"2022-11-18T17:31:05+00:00\",\"dateModified\":\"2022-11-18T17:31:31+00:00\",\"breadcrumb\":{\"@id\":\"https:\\\/\\\/www.urjc2030.es\\\/ouas\\\/invitacion-a-la-ii-semana-de-la-fiscalidad-urjc\\\/#breadcrumb\"},\"inLanguage\":\"es\",\"potentialAction\":[{\"@type\":\"ReadAction\",\"target\":[\"https:\\\/\\\/www.urjc2030.es\\\/ouas\\\/invitacion-a-la-ii-semana-de-la-fiscalidad-urjc\\\/\"]}]},{\"@type\":\"ImageObject\",\"inLanguage\":\"es\",\"@id\":\"https:\\\/\\\/www.urjc2030.es\\\/ouas\\\/invitacion-a-la-ii-semana-de-la-fiscalidad-urjc\\\/#primaryimage\",\"url\":\"https:\\\/\\\/www.urjc2030.es\\\/ouas\\\/wp-content\\\/uploads\\\/sites\\\/12\\\/2020\\\/10\\\/cropped-icon-urjc.png\",\"contentUrl\":\"https:\\\/\\\/www.urjc2030.es\\\/ouas\\\/wp-content\\\/uploads\\\/sites\\\/12\\\/2020\\\/10\\\/cropped-icon-urjc.png\",\"width\":512,\"height\":512,\"caption\":\"Logotipo Universidad Rey Juan Carlos\"},{\"@type\":\"BreadcrumbList\",\"@id\":\"https:\\\/\\\/www.urjc2030.es\\\/ouas\\\/invitacion-a-la-ii-semana-de-la-fiscalidad-urjc\\\/#breadcrumb\",\"itemListElement\":[{\"@type\":\"ListItem\",\"position\":1,\"name\":\"Portada\",\"item\":\"https:\\\/\\\/www.urjc2030.es\\\/ouas\\\/\"},{\"@type\":\"ListItem\",\"position\":2,\"name\":\"Invitaci\u00f3n a la II Semana de la Fiscalidad URJC dentro del Proyecto de Aprendizaje Servicio \u201cFiscalidad y compromiso social con la discapacidad\u201d en colaboraci\u00f3n con el Ayuntamiento de Fuenlabrada y financiado por la Oficina U. de Aprendizaje Servicio de la URJC, Vicerrectorado de Calidad y Estrategia.\"}]},{\"@type\":\"WebSite\",\"@id\":\"https:\\\/\\\/www.urjc2030.es\\\/ouas\\\/#website\",\"url\":\"https:\\\/\\\/www.urjc2030.es\\\/ouas\\\/\",\"name\":\"Oficina Universitaria de Aprendizaje Servicio\",\"description\":\"Servicio abierto a la Comunidad Universitaria para la supervisi\u00f3n de la gesti\u00f3n realizada por los Coordinadores de Proyecto\",\"publisher\":{\"@id\":\"https:\\\/\\\/www.urjc2030.es\\\/ouas\\\/#organization\"},\"potentialAction\":[{\"@type\":\"SearchAction\",\"target\":{\"@type\":\"EntryPoint\",\"urlTemplate\":\"https:\\\/\\\/www.urjc2030.es\\\/ouas\\\/?s={search_term_string}\"},\"query-input\":{\"@type\":\"PropertyValueSpecification\",\"valueRequired\":true,\"valueName\":\"search_term_string\"}}],\"inLanguage\":\"es\"},{\"@type\":\"Organization\",\"@id\":\"https:\\\/\\\/www.urjc2030.es\\\/ouas\\\/#organization\",\"name\":\"Universidad Rey Juan Carlos\",\"url\":\"https:\\\/\\\/www.urjc2030.es\\\/ouas\\\/\",\"logo\":{\"@type\":\"ImageObject\",\"inLanguage\":\"es\",\"@id\":\"https:\\\/\\\/www.urjc2030.es\\\/ouas\\\/#\\\/schema\\\/logo\\\/image\\\/\",\"url\":\"https:\\\/\\\/www.urjc2030.es\\\/ouas\\\/wp-content\\\/uploads\\\/sites\\\/12\\\/2020\\\/10\\\/logoURJC.png\",\"contentUrl\":\"https:\\\/\\\/www.urjc2030.es\\\/ouas\\\/wp-content\\\/uploads\\\/sites\\\/12\\\/2020\\\/10\\\/logoURJC.png\",\"width\":800,\"height\":305,\"caption\":\"Universidad Rey Juan Carlos\"},\"image\":{\"@id\":\"https:\\\/\\\/www.urjc2030.es\\\/ouas\\\/#\\\/schema\\\/logo\\\/image\\\/\"},\"sameAs\":[\"https:\\\/\\\/www.facebook.com\\\/universidadreyjuancarlos\",\"https:\\\/\\\/x.com\\\/urjc\",\"https:\\\/\\\/www.instagram.com\\\/urjc_uni\\\/?hl=es\"]},{\"@type\":\"Person\",\"@id\":\"https:\\\/\\\/www.urjc2030.es\\\/ouas\\\/#\\\/schema\\\/person\\\/ddacb9e5abf914ab720a3d13fc047418\",\"name\":\"carlos\",\"image\":{\"@type\":\"ImageObject\",\"inLanguage\":\"es\",\"@id\":\"https:\\\/\\\/secure.gravatar.com\\\/avatar\\\/98e1c0d637a9f3d3cd2be0e49e5387245f96e039452a34f919c9e800cad0f304?s=96&d=mm&r=g\",\"url\":\"https:\\\/\\\/secure.gravatar.com\\\/avatar\\\/98e1c0d637a9f3d3cd2be0e49e5387245f96e039452a34f919c9e800cad0f304?s=96&d=mm&r=g\",\"contentUrl\":\"https:\\\/\\\/secure.gravatar.com\\\/avatar\\\/98e1c0d637a9f3d3cd2be0e49e5387245f96e039452a34f919c9e800cad0f304?s=96&d=mm&r=g\",\"caption\":\"carlos\"}}]}<\/script>\n<!-- \/ Yoast SEO plugin. -->","yoast_head_json":{"title":"Invitaci\u00f3n a la II Semana de la Fiscalidad URJC dentro del Proyecto de Aprendizaje Servicio \u201cFiscalidad y compromiso social con la discapacidad\u201d en colaboraci\u00f3n con el Ayuntamiento de Fuenlabrada y financiado por la Oficina U. de Aprendizaje Servicio de la URJC, Vicerrectorado de Calidad y Estrategia. - Oficina Universitaria de Aprendizaje Servicio","robots":{"index":"index","follow":"follow","max-snippet":"max-snippet:-1","max-image-preview":"max-image-preview:large","max-video-preview":"max-video-preview:-1"},"canonical":"https:\/\/www.urjc2030.es\/ouas\/invitacion-a-la-ii-semana-de-la-fiscalidad-urjc\/","og_locale":"es_ES","og_type":"article","og_title":"Invitaci\u00f3n a la II Semana de la Fiscalidad URJC dentro del Proyecto de Aprendizaje Servicio \u201cFiscalidad y compromiso social con la discapacidad\u201d en colaboraci\u00f3n con el Ayuntamiento de Fuenlabrada y financiado por la Oficina U. de Aprendizaje Servicio de la URJC, Vicerrectorado de Calidad y Estrategia. - Oficina Universitaria de Aprendizaje Servicio","og_description":"Los profesores que integran el Grupo Fiscal-INNOVA han llevado a cabo un proyecto de Aprendizaje Servicio dirigido a fomentar el compromiso social con la discapacidad entre los j\u00f3venes.\u00a0 Este proyecto tiene como objetivo reforzar la moral tributaria de nuestros estudiantes y as\u00ed lograr una mayor sensibilizaci\u00f3n sobre la importancia del cumplimiento fiscal como instrumento para [&hellip;]","og_url":"https:\/\/www.urjc2030.es\/ouas\/invitacion-a-la-ii-semana-de-la-fiscalidad-urjc\/","og_site_name":"Oficina Universitaria de Aprendizaje Servicio","article_publisher":"https:\/\/www.facebook.com\/universidadreyjuancarlos","article_published_time":"2022-11-18T17:31:05+00:00","article_modified_time":"2022-11-18T17:31:31+00:00","og_image":[{"width":512,"height":512,"url":"https:\/\/www.urjc2030.es\/ouas\/wp-content\/uploads\/sites\/12\/2020\/10\/cropped-icon-urjc.png","type":"image\/png"}],"author":"carlos","twitter_card":"summary_large_image","twitter_creator":"@urjc","twitter_site":"@urjc","schema":{"@context":"https:\/\/schema.org","@graph":[{"@type":"Article","@id":"https:\/\/www.urjc2030.es\/ouas\/invitacion-a-la-ii-semana-de-la-fiscalidad-urjc\/#article","isPartOf":{"@id":"https:\/\/www.urjc2030.es\/ouas\/invitacion-a-la-ii-semana-de-la-fiscalidad-urjc\/"},"author":{"name":"carlos","@id":"https:\/\/www.urjc2030.es\/ouas\/#\/schema\/person\/ddacb9e5abf914ab720a3d13fc047418"},"headline":"Invitaci\u00f3n a la II Semana de la Fiscalidad URJC dentro del Proyecto de Aprendizaje Servicio \u201cFiscalidad y compromiso social con la discapacidad\u201d en colaboraci\u00f3n con el Ayuntamiento de Fuenlabrada y financiado por la Oficina U. de Aprendizaje Servicio de la URJC, Vicerrectorado de Calidad y Estrategia.","datePublished":"2022-11-18T17:31:05+00:00","dateModified":"2022-11-18T17:31:31+00:00","mainEntityOfPage":{"@id":"https:\/\/www.urjc2030.es\/ouas\/invitacion-a-la-ii-semana-de-la-fiscalidad-urjc\/"},"wordCount":247,"publisher":{"@id":"https:\/\/www.urjc2030.es\/ouas\/#organization"},"image":{"@id":"https:\/\/www.urjc2030.es\/ouas\/invitacion-a-la-ii-semana-de-la-fiscalidad-urjc\/#primaryimage"},"thumbnailUrl":"https:\/\/www.urjc2030.es\/ouas\/wp-content\/uploads\/sites\/12\/2020\/10\/cropped-icon-urjc.png","articleSection":["Agenda"],"inLanguage":"es"},{"@type":"WebPage","@id":"https:\/\/www.urjc2030.es\/ouas\/invitacion-a-la-ii-semana-de-la-fiscalidad-urjc\/","url":"https:\/\/www.urjc2030.es\/ouas\/invitacion-a-la-ii-semana-de-la-fiscalidad-urjc\/","name":"Invitaci\u00f3n a la II Semana de la Fiscalidad URJC dentro del Proyecto de Aprendizaje Servicio \u201cFiscalidad y compromiso social con la discapacidad\u201d en colaboraci\u00f3n con el Ayuntamiento de Fuenlabrada y financiado por la Oficina U. de Aprendizaje Servicio de la URJC, Vicerrectorado de Calidad y Estrategia. - Oficina Universitaria de Aprendizaje Servicio","isPartOf":{"@id":"https:\/\/www.urjc2030.es\/ouas\/#website"},"primaryImageOfPage":{"@id":"https:\/\/www.urjc2030.es\/ouas\/invitacion-a-la-ii-semana-de-la-fiscalidad-urjc\/#primaryimage"},"image":{"@id":"https:\/\/www.urjc2030.es\/ouas\/invitacion-a-la-ii-semana-de-la-fiscalidad-urjc\/#primaryimage"},"thumbnailUrl":"https:\/\/www.urjc2030.es\/ouas\/wp-content\/uploads\/sites\/12\/2020\/10\/cropped-icon-urjc.png","datePublished":"2022-11-18T17:31:05+00:00","dateModified":"2022-11-18T17:31:31+00:00","breadcrumb":{"@id":"https:\/\/www.urjc2030.es\/ouas\/invitacion-a-la-ii-semana-de-la-fiscalidad-urjc\/#breadcrumb"},"inLanguage":"es","potentialAction":[{"@type":"ReadAction","target":["https:\/\/www.urjc2030.es\/ouas\/invitacion-a-la-ii-semana-de-la-fiscalidad-urjc\/"]}]},{"@type":"ImageObject","inLanguage":"es","@id":"https:\/\/www.urjc2030.es\/ouas\/invitacion-a-la-ii-semana-de-la-fiscalidad-urjc\/#primaryimage","url":"https:\/\/www.urjc2030.es\/ouas\/wp-content\/uploads\/sites\/12\/2020\/10\/cropped-icon-urjc.png","contentUrl":"https:\/\/www.urjc2030.es\/ouas\/wp-content\/uploads\/sites\/12\/2020\/10\/cropped-icon-urjc.png","width":512,"height":512,"caption":"Logotipo Universidad Rey Juan Carlos"},{"@type":"BreadcrumbList","@id":"https:\/\/www.urjc2030.es\/ouas\/invitacion-a-la-ii-semana-de-la-fiscalidad-urjc\/#breadcrumb","itemListElement":[{"@type":"ListItem","position":1,"name":"Portada","item":"https:\/\/www.urjc2030.es\/ouas\/"},{"@type":"ListItem","position":2,"name":"Invitaci\u00f3n a la II Semana de la Fiscalidad URJC dentro del Proyecto de Aprendizaje Servicio \u201cFiscalidad y compromiso social con la discapacidad\u201d en colaboraci\u00f3n con el Ayuntamiento de Fuenlabrada y financiado por la Oficina U. de Aprendizaje Servicio de la URJC, Vicerrectorado de Calidad y Estrategia."}]},{"@type":"WebSite","@id":"https:\/\/www.urjc2030.es\/ouas\/#website","url":"https:\/\/www.urjc2030.es\/ouas\/","name":"Oficina Universitaria de Aprendizaje Servicio","description":"Servicio abierto a la Comunidad Universitaria para la supervisi\u00f3n de la gesti\u00f3n realizada por los Coordinadores de Proyecto","publisher":{"@id":"https:\/\/www.urjc2030.es\/ouas\/#organization"},"potentialAction":[{"@type":"SearchAction","target":{"@type":"EntryPoint","urlTemplate":"https:\/\/www.urjc2030.es\/ouas\/?s={search_term_string}"},"query-input":{"@type":"PropertyValueSpecification","valueRequired":true,"valueName":"search_term_string"}}],"inLanguage":"es"},{"@type":"Organization","@id":"https:\/\/www.urjc2030.es\/ouas\/#organization","name":"Universidad Rey Juan Carlos","url":"https:\/\/www.urjc2030.es\/ouas\/","logo":{"@type":"ImageObject","inLanguage":"es","@id":"https:\/\/www.urjc2030.es\/ouas\/#\/schema\/logo\/image\/","url":"https:\/\/www.urjc2030.es\/ouas\/wp-content\/uploads\/sites\/12\/2020\/10\/logoURJC.png","contentUrl":"https:\/\/www.urjc2030.es\/ouas\/wp-content\/uploads\/sites\/12\/2020\/10\/logoURJC.png","width":800,"height":305,"caption":"Universidad Rey Juan Carlos"},"image":{"@id":"https:\/\/www.urjc2030.es\/ouas\/#\/schema\/logo\/image\/"},"sameAs":["https:\/\/www.facebook.com\/universidadreyjuancarlos","https:\/\/x.com\/urjc","https:\/\/www.instagram.com\/urjc_uni\/?hl=es"]},{"@type":"Person","@id":"https:\/\/www.urjc2030.es\/ouas\/#\/schema\/person\/ddacb9e5abf914ab720a3d13fc047418","name":"carlos","image":{"@type":"ImageObject","inLanguage":"es","@id":"https:\/\/secure.gravatar.com\/avatar\/98e1c0d637a9f3d3cd2be0e49e5387245f96e039452a34f919c9e800cad0f304?s=96&d=mm&r=g","url":"https:\/\/secure.gravatar.com\/avatar\/98e1c0d637a9f3d3cd2be0e49e5387245f96e039452a34f919c9e800cad0f304?s=96&d=mm&r=g","contentUrl":"https:\/\/secure.gravatar.com\/avatar\/98e1c0d637a9f3d3cd2be0e49e5387245f96e039452a34f919c9e800cad0f304?s=96&d=mm&r=g","caption":"carlos"}}]}},"_links":{"self":[{"href":"https:\/\/www.urjc2030.es\/ouas\/wp-json\/wp\/v2\/posts\/1370","targetHints":{"allow":["GET"]}}],"collection":[{"href":"https:\/\/www.urjc2030.es\/ouas\/wp-json\/wp\/v2\/posts"}],"about":[{"href":"https:\/\/www.urjc2030.es\/ouas\/wp-json\/wp\/v2\/types\/post"}],"author":[{"embeddable":true,"href":"https:\/\/www.urjc2030.es\/ouas\/wp-json\/wp\/v2\/users\/10"}],"replies":[{"embeddable":true,"href":"https:\/\/www.urjc2030.es\/ouas\/wp-json\/wp\/v2\/comments?post=1370"}],"version-history":[{"count":1,"href":"https:\/\/www.urjc2030.es\/ouas\/wp-json\/wp\/v2\/posts\/1370\/revisions"}],"predecessor-version":[{"id":1372,"href":"https:\/\/www.urjc2030.es\/ouas\/wp-json\/wp\/v2\/posts\/1370\/revisions\/1372"}],"wp:featuredmedia":[{"embeddable":true,"href":"https:\/\/www.urjc2030.es\/ouas\/wp-json\/wp\/v2\/media\/37"}],"wp:attachment":[{"href":"https:\/\/www.urjc2030.es\/ouas\/wp-json\/wp\/v2\/media?parent=1370"}],"wp:term":[{"taxonomy":"category","embeddable":true,"href":"https:\/\/www.urjc2030.es\/ouas\/wp-json\/wp\/v2\/categories?post=1370"},{"taxonomy":"post_tag","embeddable":true,"href":"https:\/\/www.urjc2030.es\/ouas\/wp-json\/wp\/v2\/tags?post=1370"}],"curies":[{"name":"wp","href":"https:\/\/api.w.org\/{rel}","templated":true}]}}