{"id":1625,"date":"2025-02-24T12:50:37","date_gmt":"2025-02-24T12:50:37","guid":{"rendered":"https:\/\/www.urjc2030.es\/ouas\/?p=1625"},"modified":"2025-02-24T12:50:37","modified_gmt":"2025-02-24T12:50:37","slug":"la-oficina-universitaria-de-aprendizaje-servicio-celebra-su-primer-desayuno-con-entidades-en-las-fcee-y-fcjp-campus-de-vicalvaro","status":"publish","type":"post","link":"https:\/\/www.urjc2030.es\/ouas\/la-oficina-universitaria-de-aprendizaje-servicio-celebra-su-primer-desayuno-con-entidades-en-las-fcee-y-fcjp-campus-de-vicalvaro\/","title":{"rendered":"La Oficina Universitaria de Aprendizaje-Servicio celebra su primer \u201cDesayuno con entidades\u201d en las FCEE y FCJP (campus de Vic\u00e1lvaro)"},"content":{"rendered":"<p><a href=\"https:\/\/www.urjc2030.es\/ouas\/wp-content\/uploads\/sites\/12\/2025\/02\/Foto-noticia-scaled.jpeg\"><img loading=\"lazy\" decoding=\"async\" class=\"size-medium wp-image-1626 alignright\" src=\"https:\/\/www.urjc2030.es\/ouas\/wp-content\/uploads\/sites\/12\/2025\/02\/Foto-noticia-300x145.jpeg\" alt=\"Foto noticia\" width=\"300\" height=\"145\" \/><\/a>La Oficina Universitaria de Aprendizaje-Servicio ha organizado su primer desayuno con entidades, un encuentro clave para fortalecer la colaboraci\u00f3n entre la Universidad Rey Juan Carlos y las asociaciones vecinales de los barrios de Vic\u00e1lvaro y Moratalaz. Este evento, que reuni\u00f3 a representantes del \u00e1mbito acad\u00e9mico y del tejido social del distrito, marca el inicio de una serie de reuniones dise\u00f1adas para impulsar proyectos de impacto comunitario.<\/p>\n<p>En la reuni\u00f3n participaron, en representaci\u00f3n de la Universidad Rey Juan Carlos, D. Miguel Cuerdo Mir, Decano de la Facultad de Ciencias de la Econom\u00eda y de la Empresa (FCEE); D\u00f1a. Mar\u00eda Enciso Alonso-Mu\u00f1umer, Decana de la Facultad de Ciencias Jur\u00eddicas y Pol\u00edticas (FCJP); D\u00f1a. Isabel Rodr\u00edguez Iglesias, Vicedecana de Estudiantes y Extensi\u00f3n Universitaria de la FCEE, D\u00f1a. Roc\u00edo Samino Garc\u00eda, Directora de la Oficina U. de Aprendizaje Servicio (Vicerrectorado de Calidad y Estrategia) y Mar\u00eda Gonz\u00e1lez Ram\u00f3n, becaria de colaboraci\u00f3n de la Oficina U. de Aprendizaje Servicio de la URJC. En representaci\u00f3n de las asociaciones acudieron Beatriz Gonz\u00e1lez-Bustillo \u00c1lvarez, de la Federaci\u00f3n Regional de Asociaciones Vecinales de Madrid y representantes de diversas asociaciones vecinales y culturales ubicadas en Vic\u00e1lvaro y Moratalaz: Asociaci\u00f3n de vecinos de Vic\u00e1lvaro, Aveca, Avance Moratalaz, Asociaci\u00f3n Somos Agua, Asociaci\u00f3n Vicus Albus, Asociaci\u00f3n Aumavic.<\/p>\n<p>El objetivo de este primer encuentro ha sido sentar las bases para la puesta en marcha de proyectos de ApS en los barrios de Vic\u00e1lvaro y Moratalaz, garantizando que tanto la comunidad como el estudiantado se beneficien de esta iniciativa. Como resultado de este desayuno, se han establecido nuevos puentes de uni\u00f3n entre la universidad y las asociaciones vecinales, facilitando la identificaci\u00f3n de necesidades concretas para el desarrollo de proyectos de ApS espec\u00edficos.<\/p>\n<p>Este encuentro supone un paso fundamental en la consolidaci\u00f3n del Aprendizaje-Servicio en los distritos de Vic\u00e1lvaro y Moratalaz, con un impacto positivo tanto en la formaci\u00f3n del estudiantado como en el fortalecimiento del tejido social del barrio.<\/p>\n<p>La Oficina U. de Aprendizaje Servicio de la URJC ya est\u00e1 trabajando en la planificaci\u00f3n de futuros desayunos con entidades de otros distritos de Madrid, con el objetivo de ampliar la red de colaboraci\u00f3n y seguir promoviendo el compromiso social universitario.<\/p>\n","protected":false},"excerpt":{"rendered":"<p>La Oficina Universitaria de Aprendizaje-Servicio ha organizado su primer desayuno con entidades, un encuentro clave para fortalecer la colaboraci\u00f3n entre la Universidad Rey Juan Carlos y las asociaciones vecinales de los barrios de Vic\u00e1lvaro y Moratalaz. Este evento, que reuni\u00f3 a representantes del \u00e1mbito acad\u00e9mico y del tejido social del distrito, marca el inicio de [&hellip;]<\/p>\n","protected":false},"author":10,"featured_media":1626,"comment_status":"closed","ping_status":"closed","sticky":false,"template":"","format":"standard","meta":{"_et_pb_use_builder":"","_et_pb_old_content":"","_et_gb_content_width":"","cybocfi_hide_featured_image":"","footnotes":""},"categories":[9],"tags":[],"class_list":["post-1625","post","type-post","status-publish","format-standard","has-post-thumbnail","hentry","category-noticias-ouas"],"yoast_head":"<!-- This site is optimized with the Yoast SEO plugin v27.5 - https:\/\/yoast.com\/product\/yoast-seo-wordpress\/ -->\n<title>La Oficina Universitaria de Aprendizaje-Servicio celebra su primer \u201cDesayuno con entidades\u201d en las FCEE y FCJP (campus de Vic\u00e1lvaro) - Oficina Universitaria de Aprendizaje Servicio<\/title>\n<meta name=\"robots\" content=\"index, follow, max-snippet:-1, max-image-preview:large, max-video-preview:-1\" \/>\n<link rel=\"canonical\" href=\"https:\/\/www.urjc2030.es\/ouas\/la-oficina-universitaria-de-aprendizaje-servicio-celebra-su-primer-desayuno-con-entidades-en-las-fcee-y-fcjp-campus-de-vicalvaro\/\" \/>\n<meta property=\"og:locale\" content=\"es_ES\" \/>\n<meta property=\"og:type\" content=\"article\" \/>\n<meta property=\"og:title\" content=\"La Oficina Universitaria de Aprendizaje-Servicio celebra su primer \u201cDesayuno con entidades\u201d en las FCEE y FCJP (campus de Vic\u00e1lvaro) - Oficina Universitaria de Aprendizaje Servicio\" \/>\n<meta property=\"og:description\" content=\"La Oficina Universitaria de Aprendizaje-Servicio ha organizado su primer desayuno con entidades, un encuentro clave para fortalecer la colaboraci\u00f3n entre la Universidad Rey Juan Carlos y las asociaciones vecinales de los barrios de Vic\u00e1lvaro y Moratalaz. Este evento, que reuni\u00f3 a representantes del \u00e1mbito acad\u00e9mico y del tejido social del distrito, marca el inicio de [&hellip;]\" \/>\n<meta property=\"og:url\" content=\"https:\/\/www.urjc2030.es\/ouas\/la-oficina-universitaria-de-aprendizaje-servicio-celebra-su-primer-desayuno-con-entidades-en-las-fcee-y-fcjp-campus-de-vicalvaro\/\" \/>\n<meta property=\"og:site_name\" content=\"Oficina Universitaria de Aprendizaje Servicio\" \/>\n<meta property=\"article:publisher\" content=\"https:\/\/www.facebook.com\/universidadreyjuancarlos\" \/>\n<meta property=\"article:published_time\" content=\"2025-02-24T12:50:37+00:00\" \/>\n<meta property=\"og:image\" content=\"https:\/\/www.urjc2030.es\/ouas\/wp-content\/uploads\/sites\/12\/2025\/02\/Foto-noticia-scaled.jpeg\" \/>\n\t<meta property=\"og:image:width\" content=\"2560\" \/>\n\t<meta property=\"og:image:height\" content=\"1241\" \/>\n\t<meta property=\"og:image:type\" content=\"image\/jpeg\" \/>\n<meta name=\"author\" content=\"carlos\" \/>\n<meta name=\"twitter:card\" content=\"summary_large_image\" \/>\n<meta name=\"twitter:creator\" content=\"@urjc\" \/>\n<meta name=\"twitter:site\" content=\"@urjc\" \/>\n<script type=\"application\/ld+json\" class=\"yoast-schema-graph\">{\"@context\":\"https:\\\/\\\/schema.org\",\"@graph\":[{\"@type\":\"Article\",\"@id\":\"https:\\\/\\\/www.urjc2030.es\\\/ouas\\\/la-oficina-universitaria-de-aprendizaje-servicio-celebra-su-primer-desayuno-con-entidades-en-las-fcee-y-fcjp-campus-de-vicalvaro\\\/#article\",\"isPartOf\":{\"@id\":\"https:\\\/\\\/www.urjc2030.es\\\/ouas\\\/la-oficina-universitaria-de-aprendizaje-servicio-celebra-su-primer-desayuno-con-entidades-en-las-fcee-y-fcjp-campus-de-vicalvaro\\\/\"},\"author\":{\"name\":\"carlos\",\"@id\":\"https:\\\/\\\/www.urjc2030.es\\\/ouas\\\/#\\\/schema\\\/person\\\/ddacb9e5abf914ab720a3d13fc047418\"},\"headline\":\"La Oficina Universitaria de Aprendizaje-Servicio celebra su primer \u201cDesayuno con entidades\u201d en las FCEE y FCJP (campus de Vic\u00e1lvaro)\",\"datePublished\":\"2025-02-24T12:50:37+00:00\",\"mainEntityOfPage\":{\"@id\":\"https:\\\/\\\/www.urjc2030.es\\\/ouas\\\/la-oficina-universitaria-de-aprendizaje-servicio-celebra-su-primer-desayuno-con-entidades-en-las-fcee-y-fcjp-campus-de-vicalvaro\\\/\"},\"wordCount\":415,\"publisher\":{\"@id\":\"https:\\\/\\\/www.urjc2030.es\\\/ouas\\\/#organization\"},\"image\":{\"@id\":\"https:\\\/\\\/www.urjc2030.es\\\/ouas\\\/la-oficina-universitaria-de-aprendizaje-servicio-celebra-su-primer-desayuno-con-entidades-en-las-fcee-y-fcjp-campus-de-vicalvaro\\\/#primaryimage\"},\"thumbnailUrl\":\"https:\\\/\\\/www.urjc2030.es\\\/ouas\\\/wp-content\\\/uploads\\\/sites\\\/12\\\/2025\\\/02\\\/Foto-noticia-scaled.jpeg\",\"articleSection\":[\"Noticias\"],\"inLanguage\":\"es\"},{\"@type\":\"WebPage\",\"@id\":\"https:\\\/\\\/www.urjc2030.es\\\/ouas\\\/la-oficina-universitaria-de-aprendizaje-servicio-celebra-su-primer-desayuno-con-entidades-en-las-fcee-y-fcjp-campus-de-vicalvaro\\\/\",\"url\":\"https:\\\/\\\/www.urjc2030.es\\\/ouas\\\/la-oficina-universitaria-de-aprendizaje-servicio-celebra-su-primer-desayuno-con-entidades-en-las-fcee-y-fcjp-campus-de-vicalvaro\\\/\",\"name\":\"La Oficina Universitaria de Aprendizaje-Servicio celebra su primer \u201cDesayuno con entidades\u201d en las FCEE y FCJP (campus de Vic\u00e1lvaro) - Oficina Universitaria de Aprendizaje Servicio\",\"isPartOf\":{\"@id\":\"https:\\\/\\\/www.urjc2030.es\\\/ouas\\\/#website\"},\"primaryImageOfPage\":{\"@id\":\"https:\\\/\\\/www.urjc2030.es\\\/ouas\\\/la-oficina-universitaria-de-aprendizaje-servicio-celebra-su-primer-desayuno-con-entidades-en-las-fcee-y-fcjp-campus-de-vicalvaro\\\/#primaryimage\"},\"image\":{\"@id\":\"https:\\\/\\\/www.urjc2030.es\\\/ouas\\\/la-oficina-universitaria-de-aprendizaje-servicio-celebra-su-primer-desayuno-con-entidades-en-las-fcee-y-fcjp-campus-de-vicalvaro\\\/#primaryimage\"},\"thumbnailUrl\":\"https:\\\/\\\/www.urjc2030.es\\\/ouas\\\/wp-content\\\/uploads\\\/sites\\\/12\\\/2025\\\/02\\\/Foto-noticia-scaled.jpeg\",\"datePublished\":\"2025-02-24T12:50:37+00:00\",\"breadcrumb\":{\"@id\":\"https:\\\/\\\/www.urjc2030.es\\\/ouas\\\/la-oficina-universitaria-de-aprendizaje-servicio-celebra-su-primer-desayuno-con-entidades-en-las-fcee-y-fcjp-campus-de-vicalvaro\\\/#breadcrumb\"},\"inLanguage\":\"es\",\"potentialAction\":[{\"@type\":\"ReadAction\",\"target\":[\"https:\\\/\\\/www.urjc2030.es\\\/ouas\\\/la-oficina-universitaria-de-aprendizaje-servicio-celebra-su-primer-desayuno-con-entidades-en-las-fcee-y-fcjp-campus-de-vicalvaro\\\/\"]}]},{\"@type\":\"ImageObject\",\"inLanguage\":\"es\",\"@id\":\"https:\\\/\\\/www.urjc2030.es\\\/ouas\\\/la-oficina-universitaria-de-aprendizaje-servicio-celebra-su-primer-desayuno-con-entidades-en-las-fcee-y-fcjp-campus-de-vicalvaro\\\/#primaryimage\",\"url\":\"https:\\\/\\\/www.urjc2030.es\\\/ouas\\\/wp-content\\\/uploads\\\/sites\\\/12\\\/2025\\\/02\\\/Foto-noticia-scaled.jpeg\",\"contentUrl\":\"https:\\\/\\\/www.urjc2030.es\\\/ouas\\\/wp-content\\\/uploads\\\/sites\\\/12\\\/2025\\\/02\\\/Foto-noticia-scaled.jpeg\",\"width\":2560,\"height\":1241,\"caption\":\"Foto noticia\"},{\"@type\":\"BreadcrumbList\",\"@id\":\"https:\\\/\\\/www.urjc2030.es\\\/ouas\\\/la-oficina-universitaria-de-aprendizaje-servicio-celebra-su-primer-desayuno-con-entidades-en-las-fcee-y-fcjp-campus-de-vicalvaro\\\/#breadcrumb\",\"itemListElement\":[{\"@type\":\"ListItem\",\"position\":1,\"name\":\"Portada\",\"item\":\"https:\\\/\\\/www.urjc2030.es\\\/ouas\\\/\"},{\"@type\":\"ListItem\",\"position\":2,\"name\":\"La Oficina Universitaria de Aprendizaje-Servicio celebra su primer \u201cDesayuno con entidades\u201d en las FCEE y FCJP (campus de Vic\u00e1lvaro)\"}]},{\"@type\":\"WebSite\",\"@id\":\"https:\\\/\\\/www.urjc2030.es\\\/ouas\\\/#website\",\"url\":\"https:\\\/\\\/www.urjc2030.es\\\/ouas\\\/\",\"name\":\"Oficina Universitaria de Aprendizaje Servicio\",\"description\":\"Servicio abierto a la Comunidad Universitaria para la supervisi\u00f3n de la gesti\u00f3n realizada por los Coordinadores de Proyecto\",\"publisher\":{\"@id\":\"https:\\\/\\\/www.urjc2030.es\\\/ouas\\\/#organization\"},\"potentialAction\":[{\"@type\":\"SearchAction\",\"target\":{\"@type\":\"EntryPoint\",\"urlTemplate\":\"https:\\\/\\\/www.urjc2030.es\\\/ouas\\\/?s={search_term_string}\"},\"query-input\":{\"@type\":\"PropertyValueSpecification\",\"valueRequired\":true,\"valueName\":\"search_term_string\"}}],\"inLanguage\":\"es\"},{\"@type\":\"Organization\",\"@id\":\"https:\\\/\\\/www.urjc2030.es\\\/ouas\\\/#organization\",\"name\":\"Universidad Rey Juan Carlos\",\"url\":\"https:\\\/\\\/www.urjc2030.es\\\/ouas\\\/\",\"logo\":{\"@type\":\"ImageObject\",\"inLanguage\":\"es\",\"@id\":\"https:\\\/\\\/www.urjc2030.es\\\/ouas\\\/#\\\/schema\\\/logo\\\/image\\\/\",\"url\":\"https:\\\/\\\/www.urjc2030.es\\\/ouas\\\/wp-content\\\/uploads\\\/sites\\\/12\\\/2020\\\/10\\\/logoURJC.png\",\"contentUrl\":\"https:\\\/\\\/www.urjc2030.es\\\/ouas\\\/wp-content\\\/uploads\\\/sites\\\/12\\\/2020\\\/10\\\/logoURJC.png\",\"width\":800,\"height\":305,\"caption\":\"Universidad Rey Juan Carlos\"},\"image\":{\"@id\":\"https:\\\/\\\/www.urjc2030.es\\\/ouas\\\/#\\\/schema\\\/logo\\\/image\\\/\"},\"sameAs\":[\"https:\\\/\\\/www.facebook.com\\\/universidadreyjuancarlos\",\"https:\\\/\\\/x.com\\\/urjc\",\"https:\\\/\\\/www.instagram.com\\\/urjc_uni\\\/?hl=es\"]},{\"@type\":\"Person\",\"@id\":\"https:\\\/\\\/www.urjc2030.es\\\/ouas\\\/#\\\/schema\\\/person\\\/ddacb9e5abf914ab720a3d13fc047418\",\"name\":\"carlos\",\"image\":{\"@type\":\"ImageObject\",\"inLanguage\":\"es\",\"@id\":\"https:\\\/\\\/secure.gravatar.com\\\/avatar\\\/98e1c0d637a9f3d3cd2be0e49e5387245f96e039452a34f919c9e800cad0f304?s=96&d=mm&r=g\",\"url\":\"https:\\\/\\\/secure.gravatar.com\\\/avatar\\\/98e1c0d637a9f3d3cd2be0e49e5387245f96e039452a34f919c9e800cad0f304?s=96&d=mm&r=g\",\"contentUrl\":\"https:\\\/\\\/secure.gravatar.com\\\/avatar\\\/98e1c0d637a9f3d3cd2be0e49e5387245f96e039452a34f919c9e800cad0f304?s=96&d=mm&r=g\",\"caption\":\"carlos\"}}]}<\/script>\n<!-- \/ Yoast SEO plugin. -->","yoast_head_json":{"title":"La Oficina Universitaria de Aprendizaje-Servicio celebra su primer \u201cDesayuno con entidades\u201d en las FCEE y FCJP (campus de Vic\u00e1lvaro) - Oficina Universitaria de Aprendizaje Servicio","robots":{"index":"index","follow":"follow","max-snippet":"max-snippet:-1","max-image-preview":"max-image-preview:large","max-video-preview":"max-video-preview:-1"},"canonical":"https:\/\/www.urjc2030.es\/ouas\/la-oficina-universitaria-de-aprendizaje-servicio-celebra-su-primer-desayuno-con-entidades-en-las-fcee-y-fcjp-campus-de-vicalvaro\/","og_locale":"es_ES","og_type":"article","og_title":"La Oficina Universitaria de Aprendizaje-Servicio celebra su primer \u201cDesayuno con entidades\u201d en las FCEE y FCJP (campus de Vic\u00e1lvaro) - Oficina Universitaria de Aprendizaje Servicio","og_description":"La Oficina Universitaria de Aprendizaje-Servicio ha organizado su primer desayuno con entidades, un encuentro clave para fortalecer la colaboraci\u00f3n entre la Universidad Rey Juan Carlos y las asociaciones vecinales de los barrios de Vic\u00e1lvaro y Moratalaz. Este evento, que reuni\u00f3 a representantes del \u00e1mbito acad\u00e9mico y del tejido social del distrito, marca el inicio de [&hellip;]","og_url":"https:\/\/www.urjc2030.es\/ouas\/la-oficina-universitaria-de-aprendizaje-servicio-celebra-su-primer-desayuno-con-entidades-en-las-fcee-y-fcjp-campus-de-vicalvaro\/","og_site_name":"Oficina Universitaria de Aprendizaje Servicio","article_publisher":"https:\/\/www.facebook.com\/universidadreyjuancarlos","article_published_time":"2025-02-24T12:50:37+00:00","og_image":[{"width":2560,"height":1241,"url":"https:\/\/www.urjc2030.es\/ouas\/wp-content\/uploads\/sites\/12\/2025\/02\/Foto-noticia-scaled.jpeg","type":"image\/jpeg"}],"author":"carlos","twitter_card":"summary_large_image","twitter_creator":"@urjc","twitter_site":"@urjc","schema":{"@context":"https:\/\/schema.org","@graph":[{"@type":"Article","@id":"https:\/\/www.urjc2030.es\/ouas\/la-oficina-universitaria-de-aprendizaje-servicio-celebra-su-primer-desayuno-con-entidades-en-las-fcee-y-fcjp-campus-de-vicalvaro\/#article","isPartOf":{"@id":"https:\/\/www.urjc2030.es\/ouas\/la-oficina-universitaria-de-aprendizaje-servicio-celebra-su-primer-desayuno-con-entidades-en-las-fcee-y-fcjp-campus-de-vicalvaro\/"},"author":{"name":"carlos","@id":"https:\/\/www.urjc2030.es\/ouas\/#\/schema\/person\/ddacb9e5abf914ab720a3d13fc047418"},"headline":"La Oficina Universitaria de Aprendizaje-Servicio celebra su primer \u201cDesayuno con entidades\u201d en las FCEE y FCJP (campus de Vic\u00e1lvaro)","datePublished":"2025-02-24T12:50:37+00:00","mainEntityOfPage":{"@id":"https:\/\/www.urjc2030.es\/ouas\/la-oficina-universitaria-de-aprendizaje-servicio-celebra-su-primer-desayuno-con-entidades-en-las-fcee-y-fcjp-campus-de-vicalvaro\/"},"wordCount":415,"publisher":{"@id":"https:\/\/www.urjc2030.es\/ouas\/#organization"},"image":{"@id":"https:\/\/www.urjc2030.es\/ouas\/la-oficina-universitaria-de-aprendizaje-servicio-celebra-su-primer-desayuno-con-entidades-en-las-fcee-y-fcjp-campus-de-vicalvaro\/#primaryimage"},"thumbnailUrl":"https:\/\/www.urjc2030.es\/ouas\/wp-content\/uploads\/sites\/12\/2025\/02\/Foto-noticia-scaled.jpeg","articleSection":["Noticias"],"inLanguage":"es"},{"@type":"WebPage","@id":"https:\/\/www.urjc2030.es\/ouas\/la-oficina-universitaria-de-aprendizaje-servicio-celebra-su-primer-desayuno-con-entidades-en-las-fcee-y-fcjp-campus-de-vicalvaro\/","url":"https:\/\/www.urjc2030.es\/ouas\/la-oficina-universitaria-de-aprendizaje-servicio-celebra-su-primer-desayuno-con-entidades-en-las-fcee-y-fcjp-campus-de-vicalvaro\/","name":"La Oficina Universitaria de Aprendizaje-Servicio celebra su primer \u201cDesayuno con entidades\u201d en las FCEE y FCJP (campus de Vic\u00e1lvaro) - Oficina Universitaria de Aprendizaje Servicio","isPartOf":{"@id":"https:\/\/www.urjc2030.es\/ouas\/#website"},"primaryImageOfPage":{"@id":"https:\/\/www.urjc2030.es\/ouas\/la-oficina-universitaria-de-aprendizaje-servicio-celebra-su-primer-desayuno-con-entidades-en-las-fcee-y-fcjp-campus-de-vicalvaro\/#primaryimage"},"image":{"@id":"https:\/\/www.urjc2030.es\/ouas\/la-oficina-universitaria-de-aprendizaje-servicio-celebra-su-primer-desayuno-con-entidades-en-las-fcee-y-fcjp-campus-de-vicalvaro\/#primaryimage"},"thumbnailUrl":"https:\/\/www.urjc2030.es\/ouas\/wp-content\/uploads\/sites\/12\/2025\/02\/Foto-noticia-scaled.jpeg","datePublished":"2025-02-24T12:50:37+00:00","breadcrumb":{"@id":"https:\/\/www.urjc2030.es\/ouas\/la-oficina-universitaria-de-aprendizaje-servicio-celebra-su-primer-desayuno-con-entidades-en-las-fcee-y-fcjp-campus-de-vicalvaro\/#breadcrumb"},"inLanguage":"es","potentialAction":[{"@type":"ReadAction","target":["https:\/\/www.urjc2030.es\/ouas\/la-oficina-universitaria-de-aprendizaje-servicio-celebra-su-primer-desayuno-con-entidades-en-las-fcee-y-fcjp-campus-de-vicalvaro\/"]}]},{"@type":"ImageObject","inLanguage":"es","@id":"https:\/\/www.urjc2030.es\/ouas\/la-oficina-universitaria-de-aprendizaje-servicio-celebra-su-primer-desayuno-con-entidades-en-las-fcee-y-fcjp-campus-de-vicalvaro\/#primaryimage","url":"https:\/\/www.urjc2030.es\/ouas\/wp-content\/uploads\/sites\/12\/2025\/02\/Foto-noticia-scaled.jpeg","contentUrl":"https:\/\/www.urjc2030.es\/ouas\/wp-content\/uploads\/sites\/12\/2025\/02\/Foto-noticia-scaled.jpeg","width":2560,"height":1241,"caption":"Foto noticia"},{"@type":"BreadcrumbList","@id":"https:\/\/www.urjc2030.es\/ouas\/la-oficina-universitaria-de-aprendizaje-servicio-celebra-su-primer-desayuno-con-entidades-en-las-fcee-y-fcjp-campus-de-vicalvaro\/#breadcrumb","itemListElement":[{"@type":"ListItem","position":1,"name":"Portada","item":"https:\/\/www.urjc2030.es\/ouas\/"},{"@type":"ListItem","position":2,"name":"La Oficina Universitaria de Aprendizaje-Servicio celebra su primer \u201cDesayuno con entidades\u201d en las FCEE y FCJP (campus de Vic\u00e1lvaro)"}]},{"@type":"WebSite","@id":"https:\/\/www.urjc2030.es\/ouas\/#website","url":"https:\/\/www.urjc2030.es\/ouas\/","name":"Oficina Universitaria de Aprendizaje Servicio","description":"Servicio abierto a la Comunidad Universitaria para la supervisi\u00f3n de la gesti\u00f3n realizada por los Coordinadores de Proyecto","publisher":{"@id":"https:\/\/www.urjc2030.es\/ouas\/#organization"},"potentialAction":[{"@type":"SearchAction","target":{"@type":"EntryPoint","urlTemplate":"https:\/\/www.urjc2030.es\/ouas\/?s={search_term_string}"},"query-input":{"@type":"PropertyValueSpecification","valueRequired":true,"valueName":"search_term_string"}}],"inLanguage":"es"},{"@type":"Organization","@id":"https:\/\/www.urjc2030.es\/ouas\/#organization","name":"Universidad Rey Juan Carlos","url":"https:\/\/www.urjc2030.es\/ouas\/","logo":{"@type":"ImageObject","inLanguage":"es","@id":"https:\/\/www.urjc2030.es\/ouas\/#\/schema\/logo\/image\/","url":"https:\/\/www.urjc2030.es\/ouas\/wp-content\/uploads\/sites\/12\/2020\/10\/logoURJC.png","contentUrl":"https:\/\/www.urjc2030.es\/ouas\/wp-content\/uploads\/sites\/12\/2020\/10\/logoURJC.png","width":800,"height":305,"caption":"Universidad Rey Juan Carlos"},"image":{"@id":"https:\/\/www.urjc2030.es\/ouas\/#\/schema\/logo\/image\/"},"sameAs":["https:\/\/www.facebook.com\/universidadreyjuancarlos","https:\/\/x.com\/urjc","https:\/\/www.instagram.com\/urjc_uni\/?hl=es"]},{"@type":"Person","@id":"https:\/\/www.urjc2030.es\/ouas\/#\/schema\/person\/ddacb9e5abf914ab720a3d13fc047418","name":"carlos","image":{"@type":"ImageObject","inLanguage":"es","@id":"https:\/\/secure.gravatar.com\/avatar\/98e1c0d637a9f3d3cd2be0e49e5387245f96e039452a34f919c9e800cad0f304?s=96&d=mm&r=g","url":"https:\/\/secure.gravatar.com\/avatar\/98e1c0d637a9f3d3cd2be0e49e5387245f96e039452a34f919c9e800cad0f304?s=96&d=mm&r=g","contentUrl":"https:\/\/secure.gravatar.com\/avatar\/98e1c0d637a9f3d3cd2be0e49e5387245f96e039452a34f919c9e800cad0f304?s=96&d=mm&r=g","caption":"carlos"}}]}},"_links":{"self":[{"href":"https:\/\/www.urjc2030.es\/ouas\/wp-json\/wp\/v2\/posts\/1625","targetHints":{"allow":["GET"]}}],"collection":[{"href":"https:\/\/www.urjc2030.es\/ouas\/wp-json\/wp\/v2\/posts"}],"about":[{"href":"https:\/\/www.urjc2030.es\/ouas\/wp-json\/wp\/v2\/types\/post"}],"author":[{"embeddable":true,"href":"https:\/\/www.urjc2030.es\/ouas\/wp-json\/wp\/v2\/users\/10"}],"replies":[{"embeddable":true,"href":"https:\/\/www.urjc2030.es\/ouas\/wp-json\/wp\/v2\/comments?post=1625"}],"version-history":[{"count":1,"href":"https:\/\/www.urjc2030.es\/ouas\/wp-json\/wp\/v2\/posts\/1625\/revisions"}],"predecessor-version":[{"id":1627,"href":"https:\/\/www.urjc2030.es\/ouas\/wp-json\/wp\/v2\/posts\/1625\/revisions\/1627"}],"wp:featuredmedia":[{"embeddable":true,"href":"https:\/\/www.urjc2030.es\/ouas\/wp-json\/wp\/v2\/media\/1626"}],"wp:attachment":[{"href":"https:\/\/www.urjc2030.es\/ouas\/wp-json\/wp\/v2\/media?parent=1625"}],"wp:term":[{"taxonomy":"category","embeddable":true,"href":"https:\/\/www.urjc2030.es\/ouas\/wp-json\/wp\/v2\/categories?post=1625"},{"taxonomy":"post_tag","embeddable":true,"href":"https:\/\/www.urjc2030.es\/ouas\/wp-json\/wp\/v2\/tags?post=1625"}],"curies":[{"name":"wp","href":"https:\/\/api.w.org\/{rel}","templated":true}]}}