{"id":1712,"date":"2025-11-24T11:11:08","date_gmt":"2025-11-24T11:11:08","guid":{"rendered":"https:\/\/www.urjc2030.es\/ouas\/?p=1712"},"modified":"2025-11-24T11:14:11","modified_gmt":"2025-11-24T11:14:11","slug":"i-premio-profesores-innovadores-de-nuestra-universidad","status":"publish","type":"post","link":"https:\/\/www.urjc2030.es\/ouas\/i-premio-profesores-innovadores-de-nuestra-universidad\/","title":{"rendered":"I Premio Profesores Innovadores de nuestra Universidad"},"content":{"rendered":"<p><a href=\"https:\/\/www.urjc2030.es\/ouas\/wp-content\/uploads\/sites\/12\/2025\/11\/Primer-premio.jpg\" target=\"_blank\" rel=\"noopener\"><img decoding=\"async\" class=\"alignright wp-image-1713 size-large\" src=\"https:\/\/www.urjc2030.es\/ouas\/wp-content\/uploads\/sites\/12\/2025\/11\/Primer-premio-1024x682.jpg\" alt=\"Primer premio\" width=\"400\" height=\"auto\" srcset=\"https:\/\/www.urjc2030.es\/ouas\/wp-content\/uploads\/sites\/12\/2025\/11\/Primer-premio-1024x682.jpg 1024w, https:\/\/www.urjc2030.es\/ouas\/wp-content\/uploads\/sites\/12\/2025\/11\/Primer-premio-980x653.jpg 980w, https:\/\/www.urjc2030.es\/ouas\/wp-content\/uploads\/sites\/12\/2025\/11\/Primer-premio-480x320.jpg 480w\" sizes=\"(min-width: 0px) and (max-width: 480px) 480px, (min-width: 481px) and (max-width: 980px) 980px, (min-width: 981px) 1024px, 100vw\" \/><\/a>Desde la Oficina de ApS queremos manifestar nuestro gran orgullo por la labor que realizan nuestros docentes en metodolog\u00eda ApS. Los proyectos que todos los cursos desarrollamos en la URJC son de primer nivel y aportan un gran valor a\u00f1adido a la docencia que se realiza en nuestros campus en el d\u00eda a d\u00eda. Ayer, nuestras compa\u00f1eras, las profesoras Rosa Fraile Fern\u00e1ndez y Mar\u00eda del Carmen Benacloche Palao han sido galardonadas con el primer premio profesoras innovadoras 2025 por el ApS \u00abAyudando a los mayores con su IRPF\u00bb.<\/p>\n<p>Se trata de un proyecto innovador que apuesta por el apoyo intergeneracional y por la mejora de la calidad de vida de los mayores. Desde la Oficina de ApS os damos la enhorabuena y manifestamos nuestro compromiso para seguir acogiendo proyectos de ApS que mejoran nuestra Universidad y nuestro entorno.<\/p>\n","protected":false},"excerpt":{"rendered":"<p>Desde la Oficina de ApS queremos manifestar nuestro gran orgullo por la labor que realizan nuestros docentes en metodolog\u00eda ApS. Los proyectos que todos los cursos desarrollamos en la URJC son de primer nivel y aportan un gran valor a\u00f1adido a la docencia que se realiza en nuestros campus en el d\u00eda a d\u00eda. Ayer, [&hellip;]<\/p>\n","protected":false},"author":10,"featured_media":1713,"comment_status":"closed","ping_status":"closed","sticky":false,"template":"","format":"standard","meta":{"_et_pb_use_builder":"","_et_pb_old_content":"","_et_gb_content_width":"","cybocfi_hide_featured_image":"","footnotes":""},"categories":[9],"tags":[],"class_list":["post-1712","post","type-post","status-publish","format-standard","has-post-thumbnail","hentry","category-noticias-ouas"],"yoast_head":"<!-- This site is optimized with the Yoast SEO plugin v27.5 - https:\/\/yoast.com\/product\/yoast-seo-wordpress\/ -->\n<title>I Premio Profesores Innovadores de nuestra Universidad - Oficina Universitaria de Aprendizaje Servicio<\/title>\n<meta name=\"robots\" content=\"index, follow, max-snippet:-1, max-image-preview:large, max-video-preview:-1\" \/>\n<link rel=\"canonical\" href=\"https:\/\/www.urjc2030.es\/ouas\/i-premio-profesores-innovadores-de-nuestra-universidad\/\" \/>\n<meta property=\"og:locale\" content=\"es_ES\" \/>\n<meta property=\"og:type\" content=\"article\" \/>\n<meta property=\"og:title\" content=\"I Premio Profesores Innovadores de nuestra Universidad - Oficina Universitaria de Aprendizaje Servicio\" \/>\n<meta property=\"og:description\" content=\"Desde la Oficina de ApS queremos manifestar nuestro gran orgullo por la labor que realizan nuestros docentes en metodolog\u00eda ApS. Los proyectos que todos los cursos desarrollamos en la URJC son de primer nivel y aportan un gran valor a\u00f1adido a la docencia que se realiza en nuestros campus en el d\u00eda a d\u00eda. Ayer, [&hellip;]\" \/>\n<meta property=\"og:url\" content=\"https:\/\/www.urjc2030.es\/ouas\/i-premio-profesores-innovadores-de-nuestra-universidad\/\" \/>\n<meta property=\"og:site_name\" content=\"Oficina Universitaria de Aprendizaje Servicio\" \/>\n<meta property=\"article:publisher\" content=\"https:\/\/www.facebook.com\/universidadreyjuancarlos\" \/>\n<meta property=\"article:published_time\" content=\"2025-11-24T11:11:08+00:00\" \/>\n<meta property=\"article:modified_time\" content=\"2025-11-24T11:14:11+00:00\" \/>\n<meta property=\"og:image\" content=\"https:\/\/www.urjc2030.es\/ouas\/wp-content\/uploads\/sites\/12\/2025\/11\/Primer-premio.jpg\" \/>\n\t<meta property=\"og:image:width\" content=\"1280\" \/>\n\t<meta property=\"og:image:height\" content=\"853\" \/>\n\t<meta property=\"og:image:type\" content=\"image\/jpeg\" \/>\n<meta name=\"author\" content=\"carlos\" \/>\n<meta name=\"twitter:card\" content=\"summary_large_image\" \/>\n<meta name=\"twitter:creator\" content=\"@urjc\" \/>\n<meta name=\"twitter:site\" content=\"@urjc\" \/>\n<script type=\"application\/ld+json\" class=\"yoast-schema-graph\">{\"@context\":\"https:\\\/\\\/schema.org\",\"@graph\":[{\"@type\":\"Article\",\"@id\":\"https:\\\/\\\/www.urjc2030.es\\\/ouas\\\/i-premio-profesores-innovadores-de-nuestra-universidad\\\/#article\",\"isPartOf\":{\"@id\":\"https:\\\/\\\/www.urjc2030.es\\\/ouas\\\/i-premio-profesores-innovadores-de-nuestra-universidad\\\/\"},\"author\":{\"name\":\"carlos\",\"@id\":\"https:\\\/\\\/www.urjc2030.es\\\/ouas\\\/#\\\/schema\\\/person\\\/ddacb9e5abf914ab720a3d13fc047418\"},\"headline\":\"I Premio Profesores Innovadores de nuestra Universidad\",\"datePublished\":\"2025-11-24T11:11:08+00:00\",\"dateModified\":\"2025-11-24T11:14:11+00:00\",\"mainEntityOfPage\":{\"@id\":\"https:\\\/\\\/www.urjc2030.es\\\/ouas\\\/i-premio-profesores-innovadores-de-nuestra-universidad\\\/\"},\"wordCount\":151,\"publisher\":{\"@id\":\"https:\\\/\\\/www.urjc2030.es\\\/ouas\\\/#organization\"},\"image\":{\"@id\":\"https:\\\/\\\/www.urjc2030.es\\\/ouas\\\/i-premio-profesores-innovadores-de-nuestra-universidad\\\/#primaryimage\"},\"thumbnailUrl\":\"https:\\\/\\\/www.urjc2030.es\\\/ouas\\\/wp-content\\\/uploads\\\/sites\\\/12\\\/2025\\\/11\\\/Primer-premio.jpg\",\"articleSection\":[\"Noticias\"],\"inLanguage\":\"es\"},{\"@type\":\"WebPage\",\"@id\":\"https:\\\/\\\/www.urjc2030.es\\\/ouas\\\/i-premio-profesores-innovadores-de-nuestra-universidad\\\/\",\"url\":\"https:\\\/\\\/www.urjc2030.es\\\/ouas\\\/i-premio-profesores-innovadores-de-nuestra-universidad\\\/\",\"name\":\"I Premio Profesores Innovadores de nuestra Universidad - Oficina Universitaria de Aprendizaje Servicio\",\"isPartOf\":{\"@id\":\"https:\\\/\\\/www.urjc2030.es\\\/ouas\\\/#website\"},\"primaryImageOfPage\":{\"@id\":\"https:\\\/\\\/www.urjc2030.es\\\/ouas\\\/i-premio-profesores-innovadores-de-nuestra-universidad\\\/#primaryimage\"},\"image\":{\"@id\":\"https:\\\/\\\/www.urjc2030.es\\\/ouas\\\/i-premio-profesores-innovadores-de-nuestra-universidad\\\/#primaryimage\"},\"thumbnailUrl\":\"https:\\\/\\\/www.urjc2030.es\\\/ouas\\\/wp-content\\\/uploads\\\/sites\\\/12\\\/2025\\\/11\\\/Primer-premio.jpg\",\"datePublished\":\"2025-11-24T11:11:08+00:00\",\"dateModified\":\"2025-11-24T11:14:11+00:00\",\"breadcrumb\":{\"@id\":\"https:\\\/\\\/www.urjc2030.es\\\/ouas\\\/i-premio-profesores-innovadores-de-nuestra-universidad\\\/#breadcrumb\"},\"inLanguage\":\"es\",\"potentialAction\":[{\"@type\":\"ReadAction\",\"target\":[\"https:\\\/\\\/www.urjc2030.es\\\/ouas\\\/i-premio-profesores-innovadores-de-nuestra-universidad\\\/\"]}]},{\"@type\":\"ImageObject\",\"inLanguage\":\"es\",\"@id\":\"https:\\\/\\\/www.urjc2030.es\\\/ouas\\\/i-premio-profesores-innovadores-de-nuestra-universidad\\\/#primaryimage\",\"url\":\"https:\\\/\\\/www.urjc2030.es\\\/ouas\\\/wp-content\\\/uploads\\\/sites\\\/12\\\/2025\\\/11\\\/Primer-premio.jpg\",\"contentUrl\":\"https:\\\/\\\/www.urjc2030.es\\\/ouas\\\/wp-content\\\/uploads\\\/sites\\\/12\\\/2025\\\/11\\\/Primer-premio.jpg\",\"width\":1280,\"height\":853,\"caption\":\"Primer premio\"},{\"@type\":\"BreadcrumbList\",\"@id\":\"https:\\\/\\\/www.urjc2030.es\\\/ouas\\\/i-premio-profesores-innovadores-de-nuestra-universidad\\\/#breadcrumb\",\"itemListElement\":[{\"@type\":\"ListItem\",\"position\":1,\"name\":\"Portada\",\"item\":\"https:\\\/\\\/www.urjc2030.es\\\/ouas\\\/\"},{\"@type\":\"ListItem\",\"position\":2,\"name\":\"I Premio Profesores Innovadores de nuestra Universidad\"}]},{\"@type\":\"WebSite\",\"@id\":\"https:\\\/\\\/www.urjc2030.es\\\/ouas\\\/#website\",\"url\":\"https:\\\/\\\/www.urjc2030.es\\\/ouas\\\/\",\"name\":\"Oficina Universitaria de Aprendizaje Servicio\",\"description\":\"Servicio abierto a la Comunidad Universitaria para la supervisi\u00f3n de la gesti\u00f3n realizada por los Coordinadores de Proyecto\",\"publisher\":{\"@id\":\"https:\\\/\\\/www.urjc2030.es\\\/ouas\\\/#organization\"},\"potentialAction\":[{\"@type\":\"SearchAction\",\"target\":{\"@type\":\"EntryPoint\",\"urlTemplate\":\"https:\\\/\\\/www.urjc2030.es\\\/ouas\\\/?s={search_term_string}\"},\"query-input\":{\"@type\":\"PropertyValueSpecification\",\"valueRequired\":true,\"valueName\":\"search_term_string\"}}],\"inLanguage\":\"es\"},{\"@type\":\"Organization\",\"@id\":\"https:\\\/\\\/www.urjc2030.es\\\/ouas\\\/#organization\",\"name\":\"Universidad Rey Juan Carlos\",\"url\":\"https:\\\/\\\/www.urjc2030.es\\\/ouas\\\/\",\"logo\":{\"@type\":\"ImageObject\",\"inLanguage\":\"es\",\"@id\":\"https:\\\/\\\/www.urjc2030.es\\\/ouas\\\/#\\\/schema\\\/logo\\\/image\\\/\",\"url\":\"https:\\\/\\\/www.urjc2030.es\\\/ouas\\\/wp-content\\\/uploads\\\/sites\\\/12\\\/2020\\\/10\\\/logoURJC.png\",\"contentUrl\":\"https:\\\/\\\/www.urjc2030.es\\\/ouas\\\/wp-content\\\/uploads\\\/sites\\\/12\\\/2020\\\/10\\\/logoURJC.png\",\"width\":800,\"height\":305,\"caption\":\"Universidad Rey Juan Carlos\"},\"image\":{\"@id\":\"https:\\\/\\\/www.urjc2030.es\\\/ouas\\\/#\\\/schema\\\/logo\\\/image\\\/\"},\"sameAs\":[\"https:\\\/\\\/www.facebook.com\\\/universidadreyjuancarlos\",\"https:\\\/\\\/x.com\\\/urjc\",\"https:\\\/\\\/www.instagram.com\\\/urjc_uni\\\/?hl=es\"]},{\"@type\":\"Person\",\"@id\":\"https:\\\/\\\/www.urjc2030.es\\\/ouas\\\/#\\\/schema\\\/person\\\/ddacb9e5abf914ab720a3d13fc047418\",\"name\":\"carlos\",\"image\":{\"@type\":\"ImageObject\",\"inLanguage\":\"es\",\"@id\":\"https:\\\/\\\/secure.gravatar.com\\\/avatar\\\/98e1c0d637a9f3d3cd2be0e49e5387245f96e039452a34f919c9e800cad0f304?s=96&d=mm&r=g\",\"url\":\"https:\\\/\\\/secure.gravatar.com\\\/avatar\\\/98e1c0d637a9f3d3cd2be0e49e5387245f96e039452a34f919c9e800cad0f304?s=96&d=mm&r=g\",\"contentUrl\":\"https:\\\/\\\/secure.gravatar.com\\\/avatar\\\/98e1c0d637a9f3d3cd2be0e49e5387245f96e039452a34f919c9e800cad0f304?s=96&d=mm&r=g\",\"caption\":\"carlos\"}}]}<\/script>\n<!-- \/ Yoast SEO plugin. -->","yoast_head_json":{"title":"I Premio Profesores Innovadores de nuestra Universidad - Oficina Universitaria de Aprendizaje Servicio","robots":{"index":"index","follow":"follow","max-snippet":"max-snippet:-1","max-image-preview":"max-image-preview:large","max-video-preview":"max-video-preview:-1"},"canonical":"https:\/\/www.urjc2030.es\/ouas\/i-premio-profesores-innovadores-de-nuestra-universidad\/","og_locale":"es_ES","og_type":"article","og_title":"I Premio Profesores Innovadores de nuestra Universidad - Oficina Universitaria de Aprendizaje Servicio","og_description":"Desde la Oficina de ApS queremos manifestar nuestro gran orgullo por la labor que realizan nuestros docentes en metodolog\u00eda ApS. Los proyectos que todos los cursos desarrollamos en la URJC son de primer nivel y aportan un gran valor a\u00f1adido a la docencia que se realiza en nuestros campus en el d\u00eda a d\u00eda. Ayer, [&hellip;]","og_url":"https:\/\/www.urjc2030.es\/ouas\/i-premio-profesores-innovadores-de-nuestra-universidad\/","og_site_name":"Oficina Universitaria de Aprendizaje Servicio","article_publisher":"https:\/\/www.facebook.com\/universidadreyjuancarlos","article_published_time":"2025-11-24T11:11:08+00:00","article_modified_time":"2025-11-24T11:14:11+00:00","og_image":[{"width":1280,"height":853,"url":"https:\/\/www.urjc2030.es\/ouas\/wp-content\/uploads\/sites\/12\/2025\/11\/Primer-premio.jpg","type":"image\/jpeg"}],"author":"carlos","twitter_card":"summary_large_image","twitter_creator":"@urjc","twitter_site":"@urjc","schema":{"@context":"https:\/\/schema.org","@graph":[{"@type":"Article","@id":"https:\/\/www.urjc2030.es\/ouas\/i-premio-profesores-innovadores-de-nuestra-universidad\/#article","isPartOf":{"@id":"https:\/\/www.urjc2030.es\/ouas\/i-premio-profesores-innovadores-de-nuestra-universidad\/"},"author":{"name":"carlos","@id":"https:\/\/www.urjc2030.es\/ouas\/#\/schema\/person\/ddacb9e5abf914ab720a3d13fc047418"},"headline":"I Premio Profesores Innovadores de nuestra Universidad","datePublished":"2025-11-24T11:11:08+00:00","dateModified":"2025-11-24T11:14:11+00:00","mainEntityOfPage":{"@id":"https:\/\/www.urjc2030.es\/ouas\/i-premio-profesores-innovadores-de-nuestra-universidad\/"},"wordCount":151,"publisher":{"@id":"https:\/\/www.urjc2030.es\/ouas\/#organization"},"image":{"@id":"https:\/\/www.urjc2030.es\/ouas\/i-premio-profesores-innovadores-de-nuestra-universidad\/#primaryimage"},"thumbnailUrl":"https:\/\/www.urjc2030.es\/ouas\/wp-content\/uploads\/sites\/12\/2025\/11\/Primer-premio.jpg","articleSection":["Noticias"],"inLanguage":"es"},{"@type":"WebPage","@id":"https:\/\/www.urjc2030.es\/ouas\/i-premio-profesores-innovadores-de-nuestra-universidad\/","url":"https:\/\/www.urjc2030.es\/ouas\/i-premio-profesores-innovadores-de-nuestra-universidad\/","name":"I Premio Profesores Innovadores de nuestra Universidad - Oficina Universitaria de Aprendizaje Servicio","isPartOf":{"@id":"https:\/\/www.urjc2030.es\/ouas\/#website"},"primaryImageOfPage":{"@id":"https:\/\/www.urjc2030.es\/ouas\/i-premio-profesores-innovadores-de-nuestra-universidad\/#primaryimage"},"image":{"@id":"https:\/\/www.urjc2030.es\/ouas\/i-premio-profesores-innovadores-de-nuestra-universidad\/#primaryimage"},"thumbnailUrl":"https:\/\/www.urjc2030.es\/ouas\/wp-content\/uploads\/sites\/12\/2025\/11\/Primer-premio.jpg","datePublished":"2025-11-24T11:11:08+00:00","dateModified":"2025-11-24T11:14:11+00:00","breadcrumb":{"@id":"https:\/\/www.urjc2030.es\/ouas\/i-premio-profesores-innovadores-de-nuestra-universidad\/#breadcrumb"},"inLanguage":"es","potentialAction":[{"@type":"ReadAction","target":["https:\/\/www.urjc2030.es\/ouas\/i-premio-profesores-innovadores-de-nuestra-universidad\/"]}]},{"@type":"ImageObject","inLanguage":"es","@id":"https:\/\/www.urjc2030.es\/ouas\/i-premio-profesores-innovadores-de-nuestra-universidad\/#primaryimage","url":"https:\/\/www.urjc2030.es\/ouas\/wp-content\/uploads\/sites\/12\/2025\/11\/Primer-premio.jpg","contentUrl":"https:\/\/www.urjc2030.es\/ouas\/wp-content\/uploads\/sites\/12\/2025\/11\/Primer-premio.jpg","width":1280,"height":853,"caption":"Primer premio"},{"@type":"BreadcrumbList","@id":"https:\/\/www.urjc2030.es\/ouas\/i-premio-profesores-innovadores-de-nuestra-universidad\/#breadcrumb","itemListElement":[{"@type":"ListItem","position":1,"name":"Portada","item":"https:\/\/www.urjc2030.es\/ouas\/"},{"@type":"ListItem","position":2,"name":"I Premio Profesores Innovadores de nuestra Universidad"}]},{"@type":"WebSite","@id":"https:\/\/www.urjc2030.es\/ouas\/#website","url":"https:\/\/www.urjc2030.es\/ouas\/","name":"Oficina Universitaria de Aprendizaje Servicio","description":"Servicio abierto a la Comunidad Universitaria para la supervisi\u00f3n de la gesti\u00f3n realizada por los Coordinadores de Proyecto","publisher":{"@id":"https:\/\/www.urjc2030.es\/ouas\/#organization"},"potentialAction":[{"@type":"SearchAction","target":{"@type":"EntryPoint","urlTemplate":"https:\/\/www.urjc2030.es\/ouas\/?s={search_term_string}"},"query-input":{"@type":"PropertyValueSpecification","valueRequired":true,"valueName":"search_term_string"}}],"inLanguage":"es"},{"@type":"Organization","@id":"https:\/\/www.urjc2030.es\/ouas\/#organization","name":"Universidad Rey Juan Carlos","url":"https:\/\/www.urjc2030.es\/ouas\/","logo":{"@type":"ImageObject","inLanguage":"es","@id":"https:\/\/www.urjc2030.es\/ouas\/#\/schema\/logo\/image\/","url":"https:\/\/www.urjc2030.es\/ouas\/wp-content\/uploads\/sites\/12\/2020\/10\/logoURJC.png","contentUrl":"https:\/\/www.urjc2030.es\/ouas\/wp-content\/uploads\/sites\/12\/2020\/10\/logoURJC.png","width":800,"height":305,"caption":"Universidad Rey Juan Carlos"},"image":{"@id":"https:\/\/www.urjc2030.es\/ouas\/#\/schema\/logo\/image\/"},"sameAs":["https:\/\/www.facebook.com\/universidadreyjuancarlos","https:\/\/x.com\/urjc","https:\/\/www.instagram.com\/urjc_uni\/?hl=es"]},{"@type":"Person","@id":"https:\/\/www.urjc2030.es\/ouas\/#\/schema\/person\/ddacb9e5abf914ab720a3d13fc047418","name":"carlos","image":{"@type":"ImageObject","inLanguage":"es","@id":"https:\/\/secure.gravatar.com\/avatar\/98e1c0d637a9f3d3cd2be0e49e5387245f96e039452a34f919c9e800cad0f304?s=96&d=mm&r=g","url":"https:\/\/secure.gravatar.com\/avatar\/98e1c0d637a9f3d3cd2be0e49e5387245f96e039452a34f919c9e800cad0f304?s=96&d=mm&r=g","contentUrl":"https:\/\/secure.gravatar.com\/avatar\/98e1c0d637a9f3d3cd2be0e49e5387245f96e039452a34f919c9e800cad0f304?s=96&d=mm&r=g","caption":"carlos"}}]}},"_links":{"self":[{"href":"https:\/\/www.urjc2030.es\/ouas\/wp-json\/wp\/v2\/posts\/1712","targetHints":{"allow":["GET"]}}],"collection":[{"href":"https:\/\/www.urjc2030.es\/ouas\/wp-json\/wp\/v2\/posts"}],"about":[{"href":"https:\/\/www.urjc2030.es\/ouas\/wp-json\/wp\/v2\/types\/post"}],"author":[{"embeddable":true,"href":"https:\/\/www.urjc2030.es\/ouas\/wp-json\/wp\/v2\/users\/10"}],"replies":[{"embeddable":true,"href":"https:\/\/www.urjc2030.es\/ouas\/wp-json\/wp\/v2\/comments?post=1712"}],"version-history":[{"count":5,"href":"https:\/\/www.urjc2030.es\/ouas\/wp-json\/wp\/v2\/posts\/1712\/revisions"}],"predecessor-version":[{"id":1718,"href":"https:\/\/www.urjc2030.es\/ouas\/wp-json\/wp\/v2\/posts\/1712\/revisions\/1718"}],"wp:featuredmedia":[{"embeddable":true,"href":"https:\/\/www.urjc2030.es\/ouas\/wp-json\/wp\/v2\/media\/1713"}],"wp:attachment":[{"href":"https:\/\/www.urjc2030.es\/ouas\/wp-json\/wp\/v2\/media?parent=1712"}],"wp:term":[{"taxonomy":"category","embeddable":true,"href":"https:\/\/www.urjc2030.es\/ouas\/wp-json\/wp\/v2\/categories?post=1712"},{"taxonomy":"post_tag","embeddable":true,"href":"https:\/\/www.urjc2030.es\/ouas\/wp-json\/wp\/v2\/tags?post=1712"}],"curies":[{"name":"wp","href":"https:\/\/api.w.org\/{rel}","templated":true}]}}