{"id":1106,"date":"2021-02-23T17:22:06","date_gmt":"2021-02-23T17:22:06","guid":{"rendered":"https:\/\/www.urjc2030.es\/ov\/?p=1106"},"modified":"2021-02-23T17:45:47","modified_gmt":"2021-02-23T17:45:47","slug":"urjc-encuesta-movilidad-sostenible","status":"publish","type":"post","link":"https:\/\/www.urjc2030.es\/ov\/urjc-encuesta-movilidad-sostenible\/","title":{"rendered":"La URJC lanza una encuesta sobre movilidad sostenible dirigida a todos los miembros de la comunidad universitaria"},"content":{"rendered":"<p><a href=\"https:\/\/es.surveymonkey.com\/r\/FTTH3P6\" target=\"_blank\" rel=\"noopener\"><img loading=\"lazy\" decoding=\"async\" class=\"alignright wp-image-1104 size-medium\" src=\"https:\/\/www.urjc2030.es\/ov\/wp-content\/uploads\/sites\/8\/2021\/02\/Imagen-pantalla-encuesta_med2-300x200.jpg\" alt=\"Cartel encuesta on-line sobre movilidad\" width=\"300\" height=\"200\" \/><\/a><strong>Diego Lagu\u00eda Le\u00f3n<\/strong>. Conocer las necesidades e inquietudes de los estudiantes, docentes, investigadores, personal de administraci\u00f3n y servicios y de trabajadores externos vinculados a la URJC es crucial para poder desarrollar un plan de movilidad que mejore las condiciones de estos a la hora de desplazarse. Por ello, la Universidad Rey Juan Carlos, a trav\u00e9s del Vicerrectorado de Planificaci\u00f3n y Estrategia, lanza la encuesta sobre Movilidad Sostenible con el objetivo de impulsar una movilidad inteligente en todos los campus universitarios.<\/p>\n<p>Cualquier miembro de la comunidad universitaria puede acceder ya a esta encuesta y los participantes podr\u00e1n exponer sus h\u00e1bitos de transporte y dar a conocer sus necesidades. Los datos recopilados formar\u00e1n parte del Plan de Movilidad Universitaria Sostenible (PMUnivS) de la URJC.<\/p>\n<p>La duraci\u00f3n estimada para completar la encuesta es de 10 minutos y los participantes entrar\u00e1n en un sorteo con el que podr\u00e1n obtener un abono transporte mensual, un Smartbox \u201cDos d\u00edas con encanto\u201d o, si el participante forma parte de la URJC, una bicicleta plegable, adem\u00e1s de varios regalos institucionales. Mediante el siguiente enlace los interesados pueden <a href=\"https:\/\/es.surveymonkey.com\/r\/FTTH3P6\" target=\"_blank\" rel=\"noopener\">acceder a la encuesta<\/a>.<\/p>\n<p>La encuesta es clave para conocer c\u00f3mo llegan a los campus los integrantes de esta universidad y c\u00f3mo se desplazan por ellos, adem\u00e1s, permitir\u00e1 definir los Planes de Movilidad Universitaria Sostenible en cada uno de sus centros. A trav\u00e9s del Consorcio Regional de Transportes o mediante las redes sociales de las universidades se puede realizar un seguimiento de la evoluci\u00f3n del estudio y de otros datos relacionados con La movilidad universitaria.<\/p>\n<p>Los resultados de la encuesta ser\u00e1n valorados y tenidos en cuenta por la comisi\u00f3n de movilidad la URJC que est\u00e1 elaborando el Plan de Movilidad de esta universidad. Esta iniciativa es coordinada por las Consejer\u00edas de Ciencia, Universidades e Innovaci\u00f3n y de Transportes, Movilidad e Infraestructuras de la Comunidad de Madrid. Adem\u00e1s, cuenta con el apoyo t\u00e9cnico del Centro de Investigaci\u00f3n del Transporte de la Universidad Polit\u00e9cnica de Madrid (TRANSyT) para que pueda llevarse a cabo.<\/p>\n","protected":false},"excerpt":{"rendered":"<p>Diego Lagu\u00eda Le\u00f3n. Conocer las necesidades e inquietudes de los estudiantes, docentes, investigadores, personal de administraci\u00f3n y servicios y de trabajadores externos vinculados a la URJC es crucial para poder desarrollar un plan de movilidad que mejore las condiciones de estos a la hora de desplazarse. Por ello, la Universidad Rey Juan Carlos, a trav\u00e9s [&hellip;]<\/p>\n","protected":false},"author":4,"featured_media":1104,"comment_status":"closed","ping_status":"closed","sticky":false,"template":"","format":"standard","meta":{"_et_pb_use_builder":"","_et_pb_old_content":"","_et_gb_content_width":"","cybocfi_hide_featured_image":"","footnotes":""},"categories":[9],"tags":[],"class_list":["post-1106","post","type-post","status-publish","format-standard","has-post-thumbnail","hentry","category-noticias-ov"],"yoast_head":"<!-- This site is optimized with the Yoast SEO plugin v27.5 - https:\/\/yoast.com\/product\/yoast-seo-wordpress\/ -->\n<title>La URJC lanza una encuesta sobre movilidad sostenible dirigida a todos los miembros de la comunidad universitaria - Oficina Verde<\/title>\n<meta name=\"robots\" content=\"index, follow, max-snippet:-1, max-image-preview:large, max-video-preview:-1\" \/>\n<link rel=\"canonical\" href=\"https:\/\/www.urjc2030.es\/ov\/urjc-encuesta-movilidad-sostenible\/\" \/>\n<meta property=\"og:locale\" content=\"es_ES\" \/>\n<meta property=\"og:type\" content=\"article\" \/>\n<meta property=\"og:title\" content=\"La URJC lanza una encuesta sobre movilidad sostenible dirigida a todos los miembros de la comunidad universitaria - Oficina Verde\" \/>\n<meta property=\"og:description\" content=\"Diego Lagu\u00eda Le\u00f3n. Conocer las necesidades e inquietudes de los estudiantes, docentes, investigadores, personal de administraci\u00f3n y servicios y de trabajadores externos vinculados a la URJC es crucial para poder desarrollar un plan de movilidad que mejore las condiciones de estos a la hora de desplazarse. Por ello, la Universidad Rey Juan Carlos, a trav\u00e9s [&hellip;]\" \/>\n<meta property=\"og:url\" content=\"https:\/\/www.urjc2030.es\/ov\/urjc-encuesta-movilidad-sostenible\/\" \/>\n<meta property=\"og:site_name\" content=\"Oficina Verde\" \/>\n<meta property=\"article:publisher\" content=\"https:\/\/www.facebook.com\/universidadreyjuancarlos\" \/>\n<meta property=\"article:published_time\" content=\"2021-02-23T17:22:06+00:00\" \/>\n<meta property=\"article:modified_time\" content=\"2021-02-23T17:45:47+00:00\" \/>\n<meta property=\"og:image\" content=\"https:\/\/www.urjc2030.es\/ov\/wp-content\/uploads\/sites\/8\/2021\/02\/Imagen-pantalla-encuesta_med2.jpg\" \/>\n\t<meta property=\"og:image:width\" content=\"900\" \/>\n\t<meta property=\"og:image:height\" content=\"601\" \/>\n\t<meta property=\"og:image:type\" content=\"image\/jpeg\" \/>\n<meta name=\"author\" content=\"manuelmontes\" \/>\n<meta name=\"twitter:card\" content=\"summary_large_image\" \/>\n<meta name=\"twitter:creator\" content=\"@urjc\" \/>\n<meta name=\"twitter:site\" content=\"@urjc\" \/>\n<script type=\"application\/ld+json\" class=\"yoast-schema-graph\">{\"@context\":\"https:\\\/\\\/schema.org\",\"@graph\":[{\"@type\":\"Article\",\"@id\":\"https:\\\/\\\/www.urjc2030.es\\\/ov\\\/urjc-encuesta-movilidad-sostenible\\\/#article\",\"isPartOf\":{\"@id\":\"https:\\\/\\\/www.urjc2030.es\\\/ov\\\/urjc-encuesta-movilidad-sostenible\\\/\"},\"author\":{\"name\":\"manuelmontes\",\"@id\":\"https:\\\/\\\/www.urjc2030.es\\\/ov\\\/#\\\/schema\\\/person\\\/c11960e1b4f082b313c6cded6df9810d\"},\"headline\":\"La URJC lanza una encuesta sobre movilidad sostenible dirigida a todos los miembros de la comunidad universitaria\",\"datePublished\":\"2021-02-23T17:22:06+00:00\",\"dateModified\":\"2021-02-23T17:45:47+00:00\",\"mainEntityOfPage\":{\"@id\":\"https:\\\/\\\/www.urjc2030.es\\\/ov\\\/urjc-encuesta-movilidad-sostenible\\\/\"},\"wordCount\":372,\"publisher\":{\"@id\":\"https:\\\/\\\/www.urjc2030.es\\\/ov\\\/#organization\"},\"image\":{\"@id\":\"https:\\\/\\\/www.urjc2030.es\\\/ov\\\/urjc-encuesta-movilidad-sostenible\\\/#primaryimage\"},\"thumbnailUrl\":\"https:\\\/\\\/www.urjc2030.es\\\/ov\\\/wp-content\\\/uploads\\\/sites\\\/8\\\/2021\\\/02\\\/Imagen-pantalla-encuesta_med2.jpg\",\"articleSection\":[\"Noticias\"],\"inLanguage\":\"es\"},{\"@type\":\"WebPage\",\"@id\":\"https:\\\/\\\/www.urjc2030.es\\\/ov\\\/urjc-encuesta-movilidad-sostenible\\\/\",\"url\":\"https:\\\/\\\/www.urjc2030.es\\\/ov\\\/urjc-encuesta-movilidad-sostenible\\\/\",\"name\":\"La URJC lanza una encuesta sobre movilidad sostenible dirigida a todos los miembros de la comunidad universitaria - Oficina Verde\",\"isPartOf\":{\"@id\":\"https:\\\/\\\/www.urjc2030.es\\\/ov\\\/#website\"},\"primaryImageOfPage\":{\"@id\":\"https:\\\/\\\/www.urjc2030.es\\\/ov\\\/urjc-encuesta-movilidad-sostenible\\\/#primaryimage\"},\"image\":{\"@id\":\"https:\\\/\\\/www.urjc2030.es\\\/ov\\\/urjc-encuesta-movilidad-sostenible\\\/#primaryimage\"},\"thumbnailUrl\":\"https:\\\/\\\/www.urjc2030.es\\\/ov\\\/wp-content\\\/uploads\\\/sites\\\/8\\\/2021\\\/02\\\/Imagen-pantalla-encuesta_med2.jpg\",\"datePublished\":\"2021-02-23T17:22:06+00:00\",\"dateModified\":\"2021-02-23T17:45:47+00:00\",\"breadcrumb\":{\"@id\":\"https:\\\/\\\/www.urjc2030.es\\\/ov\\\/urjc-encuesta-movilidad-sostenible\\\/#breadcrumb\"},\"inLanguage\":\"es\",\"potentialAction\":[{\"@type\":\"ReadAction\",\"target\":[\"https:\\\/\\\/www.urjc2030.es\\\/ov\\\/urjc-encuesta-movilidad-sostenible\\\/\"]}]},{\"@type\":\"ImageObject\",\"inLanguage\":\"es\",\"@id\":\"https:\\\/\\\/www.urjc2030.es\\\/ov\\\/urjc-encuesta-movilidad-sostenible\\\/#primaryimage\",\"url\":\"https:\\\/\\\/www.urjc2030.es\\\/ov\\\/wp-content\\\/uploads\\\/sites\\\/8\\\/2021\\\/02\\\/Imagen-pantalla-encuesta_med2.jpg\",\"contentUrl\":\"https:\\\/\\\/www.urjc2030.es\\\/ov\\\/wp-content\\\/uploads\\\/sites\\\/8\\\/2021\\\/02\\\/Imagen-pantalla-encuesta_med2.jpg\",\"width\":900,\"height\":601,\"caption\":\"Cartel encuesta on-line sobre movilidad\"},{\"@type\":\"BreadcrumbList\",\"@id\":\"https:\\\/\\\/www.urjc2030.es\\\/ov\\\/urjc-encuesta-movilidad-sostenible\\\/#breadcrumb\",\"itemListElement\":[{\"@type\":\"ListItem\",\"position\":1,\"name\":\"Portada\",\"item\":\"https:\\\/\\\/www.urjc2030.es\\\/ov\\\/\"},{\"@type\":\"ListItem\",\"position\":2,\"name\":\"La URJC lanza una encuesta sobre movilidad sostenible dirigida a todos los miembros de la comunidad universitaria\"}]},{\"@type\":\"WebSite\",\"@id\":\"https:\\\/\\\/www.urjc2030.es\\\/ov\\\/#website\",\"url\":\"https:\\\/\\\/www.urjc2030.es\\\/ov\\\/\",\"name\":\"Oficina Verde\",\"description\":\"Trabaja para incorporar la sostenibilidad en cualquier \u00e1mbito de nuestra universidad (docencia, investigaci\u00f3n, administraci\u00f3n y gesti\u00f3n)\",\"publisher\":{\"@id\":\"https:\\\/\\\/www.urjc2030.es\\\/ov\\\/#organization\"},\"potentialAction\":[{\"@type\":\"SearchAction\",\"target\":{\"@type\":\"EntryPoint\",\"urlTemplate\":\"https:\\\/\\\/www.urjc2030.es\\\/ov\\\/?s={search_term_string}\"},\"query-input\":{\"@type\":\"PropertyValueSpecification\",\"valueRequired\":true,\"valueName\":\"search_term_string\"}}],\"inLanguage\":\"es\"},{\"@type\":\"Organization\",\"@id\":\"https:\\\/\\\/www.urjc2030.es\\\/ov\\\/#organization\",\"name\":\"Universidad Rey Juan Carlos\",\"url\":\"https:\\\/\\\/www.urjc2030.es\\\/ov\\\/\",\"logo\":{\"@type\":\"ImageObject\",\"inLanguage\":\"es\",\"@id\":\"https:\\\/\\\/www.urjc2030.es\\\/ov\\\/#\\\/schema\\\/logo\\\/image\\\/\",\"url\":\"https:\\\/\\\/www.urjc2030.es\\\/ov\\\/wp-content\\\/uploads\\\/sites\\\/8\\\/2020\\\/10\\\/logoURJC.png\",\"contentUrl\":\"https:\\\/\\\/www.urjc2030.es\\\/ov\\\/wp-content\\\/uploads\\\/sites\\\/8\\\/2020\\\/10\\\/logoURJC.png\",\"width\":800,\"height\":305,\"caption\":\"Universidad Rey Juan Carlos\"},\"image\":{\"@id\":\"https:\\\/\\\/www.urjc2030.es\\\/ov\\\/#\\\/schema\\\/logo\\\/image\\\/\"},\"sameAs\":[\"https:\\\/\\\/www.facebook.com\\\/universidadreyjuancarlos\",\"https:\\\/\\\/x.com\\\/urjc\",\"https:\\\/\\\/www.instagram.com\\\/urjc_uni\\\/?hl=es\"]},{\"@type\":\"Person\",\"@id\":\"https:\\\/\\\/www.urjc2030.es\\\/ov\\\/#\\\/schema\\\/person\\\/c11960e1b4f082b313c6cded6df9810d\",\"name\":\"manuelmontes\",\"image\":{\"@type\":\"ImageObject\",\"inLanguage\":\"es\",\"@id\":\"https:\\\/\\\/secure.gravatar.com\\\/avatar\\\/a5393e1280028f4c1020b5cafdab0b01785c98430d235b41a2479b872b4d2fdc?s=96&d=mm&r=g\",\"url\":\"https:\\\/\\\/secure.gravatar.com\\\/avatar\\\/a5393e1280028f4c1020b5cafdab0b01785c98430d235b41a2479b872b4d2fdc?s=96&d=mm&r=g\",\"contentUrl\":\"https:\\\/\\\/secure.gravatar.com\\\/avatar\\\/a5393e1280028f4c1020b5cafdab0b01785c98430d235b41a2479b872b4d2fdc?s=96&d=mm&r=g\",\"caption\":\"manuelmontes\"}}]}<\/script>\n<!-- \/ Yoast SEO plugin. -->","yoast_head_json":{"title":"La URJC lanza una encuesta sobre movilidad sostenible dirigida a todos los miembros de la comunidad universitaria - Oficina Verde","robots":{"index":"index","follow":"follow","max-snippet":"max-snippet:-1","max-image-preview":"max-image-preview:large","max-video-preview":"max-video-preview:-1"},"canonical":"https:\/\/www.urjc2030.es\/ov\/urjc-encuesta-movilidad-sostenible\/","og_locale":"es_ES","og_type":"article","og_title":"La URJC lanza una encuesta sobre movilidad sostenible dirigida a todos los miembros de la comunidad universitaria - Oficina Verde","og_description":"Diego Lagu\u00eda Le\u00f3n. Conocer las necesidades e inquietudes de los estudiantes, docentes, investigadores, personal de administraci\u00f3n y servicios y de trabajadores externos vinculados a la URJC es crucial para poder desarrollar un plan de movilidad que mejore las condiciones de estos a la hora de desplazarse. Por ello, la Universidad Rey Juan Carlos, a trav\u00e9s [&hellip;]","og_url":"https:\/\/www.urjc2030.es\/ov\/urjc-encuesta-movilidad-sostenible\/","og_site_name":"Oficina Verde","article_publisher":"https:\/\/www.facebook.com\/universidadreyjuancarlos","article_published_time":"2021-02-23T17:22:06+00:00","article_modified_time":"2021-02-23T17:45:47+00:00","og_image":[{"width":900,"height":601,"url":"https:\/\/www.urjc2030.es\/ov\/wp-content\/uploads\/sites\/8\/2021\/02\/Imagen-pantalla-encuesta_med2.jpg","type":"image\/jpeg"}],"author":"manuelmontes","twitter_card":"summary_large_image","twitter_creator":"@urjc","twitter_site":"@urjc","schema":{"@context":"https:\/\/schema.org","@graph":[{"@type":"Article","@id":"https:\/\/www.urjc2030.es\/ov\/urjc-encuesta-movilidad-sostenible\/#article","isPartOf":{"@id":"https:\/\/www.urjc2030.es\/ov\/urjc-encuesta-movilidad-sostenible\/"},"author":{"name":"manuelmontes","@id":"https:\/\/www.urjc2030.es\/ov\/#\/schema\/person\/c11960e1b4f082b313c6cded6df9810d"},"headline":"La URJC lanza una encuesta sobre movilidad sostenible dirigida a todos los miembros de la comunidad universitaria","datePublished":"2021-02-23T17:22:06+00:00","dateModified":"2021-02-23T17:45:47+00:00","mainEntityOfPage":{"@id":"https:\/\/www.urjc2030.es\/ov\/urjc-encuesta-movilidad-sostenible\/"},"wordCount":372,"publisher":{"@id":"https:\/\/www.urjc2030.es\/ov\/#organization"},"image":{"@id":"https:\/\/www.urjc2030.es\/ov\/urjc-encuesta-movilidad-sostenible\/#primaryimage"},"thumbnailUrl":"https:\/\/www.urjc2030.es\/ov\/wp-content\/uploads\/sites\/8\/2021\/02\/Imagen-pantalla-encuesta_med2.jpg","articleSection":["Noticias"],"inLanguage":"es"},{"@type":"WebPage","@id":"https:\/\/www.urjc2030.es\/ov\/urjc-encuesta-movilidad-sostenible\/","url":"https:\/\/www.urjc2030.es\/ov\/urjc-encuesta-movilidad-sostenible\/","name":"La URJC lanza una encuesta sobre movilidad sostenible dirigida a todos los miembros de la comunidad universitaria - Oficina Verde","isPartOf":{"@id":"https:\/\/www.urjc2030.es\/ov\/#website"},"primaryImageOfPage":{"@id":"https:\/\/www.urjc2030.es\/ov\/urjc-encuesta-movilidad-sostenible\/#primaryimage"},"image":{"@id":"https:\/\/www.urjc2030.es\/ov\/urjc-encuesta-movilidad-sostenible\/#primaryimage"},"thumbnailUrl":"https:\/\/www.urjc2030.es\/ov\/wp-content\/uploads\/sites\/8\/2021\/02\/Imagen-pantalla-encuesta_med2.jpg","datePublished":"2021-02-23T17:22:06+00:00","dateModified":"2021-02-23T17:45:47+00:00","breadcrumb":{"@id":"https:\/\/www.urjc2030.es\/ov\/urjc-encuesta-movilidad-sostenible\/#breadcrumb"},"inLanguage":"es","potentialAction":[{"@type":"ReadAction","target":["https:\/\/www.urjc2030.es\/ov\/urjc-encuesta-movilidad-sostenible\/"]}]},{"@type":"ImageObject","inLanguage":"es","@id":"https:\/\/www.urjc2030.es\/ov\/urjc-encuesta-movilidad-sostenible\/#primaryimage","url":"https:\/\/www.urjc2030.es\/ov\/wp-content\/uploads\/sites\/8\/2021\/02\/Imagen-pantalla-encuesta_med2.jpg","contentUrl":"https:\/\/www.urjc2030.es\/ov\/wp-content\/uploads\/sites\/8\/2021\/02\/Imagen-pantalla-encuesta_med2.jpg","width":900,"height":601,"caption":"Cartel encuesta on-line sobre movilidad"},{"@type":"BreadcrumbList","@id":"https:\/\/www.urjc2030.es\/ov\/urjc-encuesta-movilidad-sostenible\/#breadcrumb","itemListElement":[{"@type":"ListItem","position":1,"name":"Portada","item":"https:\/\/www.urjc2030.es\/ov\/"},{"@type":"ListItem","position":2,"name":"La URJC lanza una encuesta sobre movilidad sostenible dirigida a todos los miembros de la comunidad universitaria"}]},{"@type":"WebSite","@id":"https:\/\/www.urjc2030.es\/ov\/#website","url":"https:\/\/www.urjc2030.es\/ov\/","name":"Oficina Verde","description":"Trabaja para incorporar la sostenibilidad en cualquier \u00e1mbito de nuestra universidad (docencia, investigaci\u00f3n, administraci\u00f3n y gesti\u00f3n)","publisher":{"@id":"https:\/\/www.urjc2030.es\/ov\/#organization"},"potentialAction":[{"@type":"SearchAction","target":{"@type":"EntryPoint","urlTemplate":"https:\/\/www.urjc2030.es\/ov\/?s={search_term_string}"},"query-input":{"@type":"PropertyValueSpecification","valueRequired":true,"valueName":"search_term_string"}}],"inLanguage":"es"},{"@type":"Organization","@id":"https:\/\/www.urjc2030.es\/ov\/#organization","name":"Universidad Rey Juan Carlos","url":"https:\/\/www.urjc2030.es\/ov\/","logo":{"@type":"ImageObject","inLanguage":"es","@id":"https:\/\/www.urjc2030.es\/ov\/#\/schema\/logo\/image\/","url":"https:\/\/www.urjc2030.es\/ov\/wp-content\/uploads\/sites\/8\/2020\/10\/logoURJC.png","contentUrl":"https:\/\/www.urjc2030.es\/ov\/wp-content\/uploads\/sites\/8\/2020\/10\/logoURJC.png","width":800,"height":305,"caption":"Universidad Rey Juan Carlos"},"image":{"@id":"https:\/\/www.urjc2030.es\/ov\/#\/schema\/logo\/image\/"},"sameAs":["https:\/\/www.facebook.com\/universidadreyjuancarlos","https:\/\/x.com\/urjc","https:\/\/www.instagram.com\/urjc_uni\/?hl=es"]},{"@type":"Person","@id":"https:\/\/www.urjc2030.es\/ov\/#\/schema\/person\/c11960e1b4f082b313c6cded6df9810d","name":"manuelmontes","image":{"@type":"ImageObject","inLanguage":"es","@id":"https:\/\/secure.gravatar.com\/avatar\/a5393e1280028f4c1020b5cafdab0b01785c98430d235b41a2479b872b4d2fdc?s=96&d=mm&r=g","url":"https:\/\/secure.gravatar.com\/avatar\/a5393e1280028f4c1020b5cafdab0b01785c98430d235b41a2479b872b4d2fdc?s=96&d=mm&r=g","contentUrl":"https:\/\/secure.gravatar.com\/avatar\/a5393e1280028f4c1020b5cafdab0b01785c98430d235b41a2479b872b4d2fdc?s=96&d=mm&r=g","caption":"manuelmontes"}}]}},"_links":{"self":[{"href":"https:\/\/www.urjc2030.es\/ov\/wp-json\/wp\/v2\/posts\/1106","targetHints":{"allow":["GET"]}}],"collection":[{"href":"https:\/\/www.urjc2030.es\/ov\/wp-json\/wp\/v2\/posts"}],"about":[{"href":"https:\/\/www.urjc2030.es\/ov\/wp-json\/wp\/v2\/types\/post"}],"author":[{"embeddable":true,"href":"https:\/\/www.urjc2030.es\/ov\/wp-json\/wp\/v2\/users\/4"}],"replies":[{"embeddable":true,"href":"https:\/\/www.urjc2030.es\/ov\/wp-json\/wp\/v2\/comments?post=1106"}],"version-history":[{"count":4,"href":"https:\/\/www.urjc2030.es\/ov\/wp-json\/wp\/v2\/posts\/1106\/revisions"}],"predecessor-version":[{"id":1110,"href":"https:\/\/www.urjc2030.es\/ov\/wp-json\/wp\/v2\/posts\/1106\/revisions\/1110"}],"wp:featuredmedia":[{"embeddable":true,"href":"https:\/\/www.urjc2030.es\/ov\/wp-json\/wp\/v2\/media\/1104"}],"wp:attachment":[{"href":"https:\/\/www.urjc2030.es\/ov\/wp-json\/wp\/v2\/media?parent=1106"}],"wp:term":[{"taxonomy":"category","embeddable":true,"href":"https:\/\/www.urjc2030.es\/ov\/wp-json\/wp\/v2\/categories?post=1106"},{"taxonomy":"post_tag","embeddable":true,"href":"https:\/\/www.urjc2030.es\/ov\/wp-json\/wp\/v2\/tags?post=1106"}],"curies":[{"name":"wp","href":"https:\/\/api.w.org\/{rel}","templated":true}]}}