{"id":1402,"date":"2021-10-15T13:17:42","date_gmt":"2021-10-15T13:17:42","guid":{"rendered":"https:\/\/www.urjc2030.es\/prus\/?p=1402"},"modified":"2021-10-15T13:18:06","modified_gmt":"2021-10-15T13:18:06","slug":"la-urjc-se-une-al-dia-de-las-universidades-saludables","status":"publish","type":"post","link":"https:\/\/www.urjc2030.es\/prus\/la-urjc-se-une-al-dia-de-las-universidades-saludables\/","title":{"rendered":"La URJC se une al d\u00eda de las universidades saludables"},"content":{"rendered":"<p><img loading=\"lazy\" decoding=\"async\" class=\"size-medium wp-image-1403 alignright\" src=\"https:\/\/www.urjc2030.es\/prus\/wp-content\/uploads\/sites\/11\/2021\/10\/dia-universidades-saludables-300x200.jpg\" alt=\"LA URJC SE UNE AL D\u00cdA DE LAS UNIVERSIDADES SALUDABLES\" width=\"300\" height=\"200\" \/>La Universidad Rey Juan Carlos, miembro de la Red de Universidades Saludables, desarrollar\u00e1 dos actividades relacionadas con la gesti\u00f3n de la incertidumbre y la deshabituaci\u00f3n del tabaco en el marco de esta celebraci\u00f3n de la Red Espa\u00f1ola de Universidades Promotoras de la Salud (REUPS).<\/p>\n<h6>Ra\u00fal Garc\u00eda H\u00e9monnet<\/h6>\n<p>Hoy, d\u00eda 7 de octubre se celebra el D\u00eda de las Universidades Saludables. La de 2021 es la VII edici\u00f3n de una iniciativa cuyo objetivo es visibilizar el trabajo que hacen conjuntamente las universidades pertenecientes a la REUPS.<\/p>\n<p>En el marco de dicha fecha, la Universidad Rey Juan Carlos, a trav\u00e9s de su Programa Universidad Saludable, organiza dos actividades, como explican Ainhoa Romero y Silvia Cruz, coordinadoras de esta unidad, \u201cpor un lado, en colaboraci\u00f3n con Mapfre, hemos organizado un taller sobre manejo de incertidumbre de manera saludable. En segundo lugar, hemos preparado una jornada para dar a conocer los centros municipales de salud comunitaria, unos recursos pocos conocidos del Ayuntamiento de Madrid\u201d. Para ello, a\u00f1aden, \u201ccontamos con un enfermero del centro de Vic\u00e1lvaro que nos hablar\u00e1 sobre el funcionamiento de estos servicios y, en concreto, del programa sobre deshabituaci\u00f3n del tabaco que se lleva a cabo en ellos\u201d. Adem\u00e1s, desde la REUPS, se ha propuesto una actividad sobre alimentaci\u00f3n y sostenibilidad. Todas las actividades son online y han agotado pr\u00e1cticamente las inscripciones.<\/p>\n<h3>Aprender a cuidarse y a cuidar, durante todo el a\u00f1o<\/h3>\n<p>Adem\u00e1s de organizar actividades para el d\u00eda de las Universidades Saludables, el Programa de la URJC desarrolla actividades para ense\u00f1ar a cuidarse y a cuidar, durante todo el a\u00f1o. Con el inicio del curso han comenzado las sesiones online, y \u201cnuestro planteamiento para el curso es un modelo h\u00edbrido\u201d. Hasta el momento han celebrado unas jornadas de sexualidad saludable con \u201cmuy buena acogida\u201d, comentan las directoras, adem\u00e1s de una sobre identidad digital.<\/p>\n<p>Ainhoa Romero y Silvia Cruz, consideran que \u201cla universidad es un escenario muy apropiado para trabajar en estilos de vida saludables porque en ella se pasa mucho tiempo de nuestras vidas. Los estudiantes est\u00e1n construyendo h\u00e1bitos y estos a\u00f1os son importantes a nivel de relaciones y toma de decisiones, tambi\u00e9n se forman como profesionales, por lo que es interesante ofrecer una formaci\u00f3n m\u00e1s integral. Tambi\u00e9n los PDI y PAS pasan gran parte de su tiempo en los campus y es importante trabajar en estos estilos de vida\u201d.<\/p>\n<p>Para el mes de octubre que ahora empieza y con motivo del D\u00eda Mundial de la Salud Mental, el programa ha organizado sesiones sobre duelo y suicidio, dos temas de actualidad y, a menudo, invisibilizados. Adem\u00e1s, tienen previsto celebrar diferentes actividades en el marco del D\u00eda Mundial del Dolor y del D\u00eda del C\u00e1ncer de Mama.<\/p>\n<p>El Programa Universidad Saludable enmarca su labor dentro de la agenda 2030 y est\u00e1 incluida dentro del proyecto estrat\u00e9gico URJC2030 que pretende convertir a la Universidad Rey Juan Carlos en referente internacional en cumplimiento de los Objetivos de Desarrollo Sostenible, marcados por Naciones Unidas.<\/p>\n","protected":false},"excerpt":{"rendered":"<p>La Universidad Rey Juan Carlos, miembro de la Red de Universidades Saludables, desarrollar\u00e1 dos actividades relacionadas con la gesti\u00f3n de la incertidumbre y la deshabituaci\u00f3n del tabaco en el marco de esta celebraci\u00f3n de la Red Espa\u00f1ola de Universidades Promotoras de la Salud (REUPS). Ra\u00fal Garc\u00eda H\u00e9monnet Hoy, d\u00eda 7 de octubre se celebra el [&hellip;]<\/p>\n","protected":false},"author":1,"featured_media":1403,"comment_status":"closed","ping_status":"closed","sticky":false,"template":"","format":"standard","meta":{"_et_pb_use_builder":"","_et_pb_old_content":"","_et_gb_content_width":"","cybocfi_hide_featured_image":"","footnotes":""},"categories":[9],"tags":[],"class_list":["post-1402","post","type-post","status-publish","format-standard","has-post-thumbnail","hentry","category-noticias-prus"],"yoast_head":"<!-- This site is optimized with the Yoast SEO plugin v27.5 - https:\/\/yoast.com\/product\/yoast-seo-wordpress\/ -->\n<title>La URJC se une al d\u00eda de las universidades saludables - Oficina Universidad Saludable<\/title>\n<meta name=\"robots\" content=\"index, follow, max-snippet:-1, max-image-preview:large, max-video-preview:-1\" \/>\n<link rel=\"canonical\" href=\"https:\/\/www.urjc2030.es\/prus\/la-urjc-se-une-al-dia-de-las-universidades-saludables\/\" \/>\n<meta property=\"og:locale\" content=\"es_ES\" \/>\n<meta property=\"og:type\" content=\"article\" \/>\n<meta property=\"og:title\" content=\"La URJC se une al d\u00eda de las universidades saludables - Oficina Universidad Saludable\" \/>\n<meta property=\"og:description\" content=\"La Universidad Rey Juan Carlos, miembro de la Red de Universidades Saludables, desarrollar\u00e1 dos actividades relacionadas con la gesti\u00f3n de la incertidumbre y la deshabituaci\u00f3n del tabaco en el marco de esta celebraci\u00f3n de la Red Espa\u00f1ola de Universidades Promotoras de la Salud (REUPS). Ra\u00fal Garc\u00eda H\u00e9monnet Hoy, d\u00eda 7 de octubre se celebra el [&hellip;]\" \/>\n<meta property=\"og:url\" content=\"https:\/\/www.urjc2030.es\/prus\/la-urjc-se-une-al-dia-de-las-universidades-saludables\/\" \/>\n<meta property=\"og:site_name\" content=\"Oficina Universidad Saludable\" \/>\n<meta property=\"article:publisher\" content=\"https:\/\/www.facebook.com\/universidadreyjuancarlos\" \/>\n<meta property=\"article:published_time\" content=\"2021-10-15T13:17:42+00:00\" \/>\n<meta property=\"article:modified_time\" content=\"2021-10-15T13:18:06+00:00\" \/>\n<meta property=\"og:image\" content=\"https:\/\/www.urjc2030.es\/prus\/wp-content\/uploads\/sites\/11\/2021\/10\/dia-universidades-saludables.jpg\" \/>\n\t<meta property=\"og:image:width\" content=\"850\" \/>\n\t<meta property=\"og:image:height\" content=\"567\" \/>\n\t<meta property=\"og:image:type\" content=\"image\/jpeg\" \/>\n<meta name=\"author\" content=\"Rebeca\" \/>\n<meta name=\"twitter:card\" content=\"summary_large_image\" \/>\n<meta name=\"twitter:creator\" content=\"@urjc\" \/>\n<meta name=\"twitter:site\" content=\"@urjc\" \/>\n<script type=\"application\/ld+json\" class=\"yoast-schema-graph\">{\"@context\":\"https:\\\/\\\/schema.org\",\"@graph\":[{\"@type\":\"Article\",\"@id\":\"https:\\\/\\\/www.urjc2030.es\\\/prus\\\/la-urjc-se-une-al-dia-de-las-universidades-saludables\\\/#article\",\"isPartOf\":{\"@id\":\"https:\\\/\\\/www.urjc2030.es\\\/prus\\\/la-urjc-se-une-al-dia-de-las-universidades-saludables\\\/\"},\"author\":{\"name\":\"Rebeca\",\"@id\":\"https:\\\/\\\/www.urjc2030.es\\\/prus\\\/#\\\/schema\\\/person\\\/5bca1e3d54fd0f6646257e7650ff6c1e\"},\"headline\":\"La URJC se une al d\u00eda de las universidades saludables\",\"datePublished\":\"2021-10-15T13:17:42+00:00\",\"dateModified\":\"2021-10-15T13:18:06+00:00\",\"mainEntityOfPage\":{\"@id\":\"https:\\\/\\\/www.urjc2030.es\\\/prus\\\/la-urjc-se-une-al-dia-de-las-universidades-saludables\\\/\"},\"wordCount\":535,\"publisher\":{\"@id\":\"https:\\\/\\\/www.urjc2030.es\\\/prus\\\/#organization\"},\"image\":{\"@id\":\"https:\\\/\\\/www.urjc2030.es\\\/prus\\\/la-urjc-se-une-al-dia-de-las-universidades-saludables\\\/#primaryimage\"},\"thumbnailUrl\":\"https:\\\/\\\/www.urjc2030.es\\\/prus\\\/wp-content\\\/uploads\\\/sites\\\/11\\\/2021\\\/10\\\/dia-universidades-saludables.jpg\",\"articleSection\":[\"Noticias\"],\"inLanguage\":\"es\"},{\"@type\":\"WebPage\",\"@id\":\"https:\\\/\\\/www.urjc2030.es\\\/prus\\\/la-urjc-se-une-al-dia-de-las-universidades-saludables\\\/\",\"url\":\"https:\\\/\\\/www.urjc2030.es\\\/prus\\\/la-urjc-se-une-al-dia-de-las-universidades-saludables\\\/\",\"name\":\"La URJC se une al d\u00eda de las universidades saludables - Oficina Universidad Saludable\",\"isPartOf\":{\"@id\":\"https:\\\/\\\/www.urjc2030.es\\\/prus\\\/#website\"},\"primaryImageOfPage\":{\"@id\":\"https:\\\/\\\/www.urjc2030.es\\\/prus\\\/la-urjc-se-une-al-dia-de-las-universidades-saludables\\\/#primaryimage\"},\"image\":{\"@id\":\"https:\\\/\\\/www.urjc2030.es\\\/prus\\\/la-urjc-se-une-al-dia-de-las-universidades-saludables\\\/#primaryimage\"},\"thumbnailUrl\":\"https:\\\/\\\/www.urjc2030.es\\\/prus\\\/wp-content\\\/uploads\\\/sites\\\/11\\\/2021\\\/10\\\/dia-universidades-saludables.jpg\",\"datePublished\":\"2021-10-15T13:17:42+00:00\",\"dateModified\":\"2021-10-15T13:18:06+00:00\",\"breadcrumb\":{\"@id\":\"https:\\\/\\\/www.urjc2030.es\\\/prus\\\/la-urjc-se-une-al-dia-de-las-universidades-saludables\\\/#breadcrumb\"},\"inLanguage\":\"es\",\"potentialAction\":[{\"@type\":\"ReadAction\",\"target\":[\"https:\\\/\\\/www.urjc2030.es\\\/prus\\\/la-urjc-se-une-al-dia-de-las-universidades-saludables\\\/\"]}]},{\"@type\":\"ImageObject\",\"inLanguage\":\"es\",\"@id\":\"https:\\\/\\\/www.urjc2030.es\\\/prus\\\/la-urjc-se-une-al-dia-de-las-universidades-saludables\\\/#primaryimage\",\"url\":\"https:\\\/\\\/www.urjc2030.es\\\/prus\\\/wp-content\\\/uploads\\\/sites\\\/11\\\/2021\\\/10\\\/dia-universidades-saludables.jpg\",\"contentUrl\":\"https:\\\/\\\/www.urjc2030.es\\\/prus\\\/wp-content\\\/uploads\\\/sites\\\/11\\\/2021\\\/10\\\/dia-universidades-saludables.jpg\",\"width\":850,\"height\":567,\"caption\":\"LA URJC SE UNE AL D\u00cdA DE LAS UNIVERSIDADES SALUDABLES\"},{\"@type\":\"BreadcrumbList\",\"@id\":\"https:\\\/\\\/www.urjc2030.es\\\/prus\\\/la-urjc-se-une-al-dia-de-las-universidades-saludables\\\/#breadcrumb\",\"itemListElement\":[{\"@type\":\"ListItem\",\"position\":1,\"name\":\"Portada\",\"item\":\"https:\\\/\\\/www.urjc2030.es\\\/prus\\\/\"},{\"@type\":\"ListItem\",\"position\":2,\"name\":\"La URJC se une al d\u00eda de las universidades saludables\"}]},{\"@type\":\"WebSite\",\"@id\":\"https:\\\/\\\/www.urjc2030.es\\\/prus\\\/#website\",\"url\":\"https:\\\/\\\/www.urjc2030.es\\\/prus\\\/\",\"name\":\"Oficina Universidad Saludable\",\"description\":\"Colaboramos para hacer de la URJC un entorno promotor de salud para las personas que trabajamos y estudiamos en ella\",\"publisher\":{\"@id\":\"https:\\\/\\\/www.urjc2030.es\\\/prus\\\/#organization\"},\"potentialAction\":[{\"@type\":\"SearchAction\",\"target\":{\"@type\":\"EntryPoint\",\"urlTemplate\":\"https:\\\/\\\/www.urjc2030.es\\\/prus\\\/?s={search_term_string}\"},\"query-input\":{\"@type\":\"PropertyValueSpecification\",\"valueRequired\":true,\"valueName\":\"search_term_string\"}}],\"inLanguage\":\"es\"},{\"@type\":\"Organization\",\"@id\":\"https:\\\/\\\/www.urjc2030.es\\\/prus\\\/#organization\",\"name\":\"Universidad Rey Juan Carlos\",\"url\":\"https:\\\/\\\/www.urjc2030.es\\\/prus\\\/\",\"logo\":{\"@type\":\"ImageObject\",\"inLanguage\":\"es\",\"@id\":\"https:\\\/\\\/www.urjc2030.es\\\/prus\\\/#\\\/schema\\\/logo\\\/image\\\/\",\"url\":\"https:\\\/\\\/www.urjc2030.es\\\/prus\\\/wp-content\\\/uploads\\\/sites\\\/11\\\/2020\\\/10\\\/logoURJC.png\",\"contentUrl\":\"https:\\\/\\\/www.urjc2030.es\\\/prus\\\/wp-content\\\/uploads\\\/sites\\\/11\\\/2020\\\/10\\\/logoURJC.png\",\"width\":800,\"height\":305,\"caption\":\"Universidad Rey Juan Carlos\"},\"image\":{\"@id\":\"https:\\\/\\\/www.urjc2030.es\\\/prus\\\/#\\\/schema\\\/logo\\\/image\\\/\"},\"sameAs\":[\"https:\\\/\\\/www.facebook.com\\\/universidadreyjuancarlos\",\"https:\\\/\\\/x.com\\\/urjc\",\"https:\\\/\\\/www.instagram.com\\\/urjc_uni\\\/?hl=es\"]},{\"@type\":\"Person\",\"@id\":\"https:\\\/\\\/www.urjc2030.es\\\/prus\\\/#\\\/schema\\\/person\\\/5bca1e3d54fd0f6646257e7650ff6c1e\",\"name\":\"Rebeca\",\"image\":{\"@type\":\"ImageObject\",\"inLanguage\":\"es\",\"@id\":\"https:\\\/\\\/secure.gravatar.com\\\/avatar\\\/067ab19aa4e1cb582d952cf91ff4bcaf68f01cd66cbce7a3d69e3ee1093984f6?s=96&d=mm&r=g\",\"url\":\"https:\\\/\\\/secure.gravatar.com\\\/avatar\\\/067ab19aa4e1cb582d952cf91ff4bcaf68f01cd66cbce7a3d69e3ee1093984f6?s=96&d=mm&r=g\",\"contentUrl\":\"https:\\\/\\\/secure.gravatar.com\\\/avatar\\\/067ab19aa4e1cb582d952cf91ff4bcaf68f01cd66cbce7a3d69e3ee1093984f6?s=96&d=mm&r=g\",\"caption\":\"Rebeca\"},\"sameAs\":[\"https:\\\/\\\/www.urjc2030.es\"]}]}<\/script>\n<!-- \/ Yoast SEO plugin. -->","yoast_head_json":{"title":"La URJC se une al d\u00eda de las universidades saludables - Oficina Universidad Saludable","robots":{"index":"index","follow":"follow","max-snippet":"max-snippet:-1","max-image-preview":"max-image-preview:large","max-video-preview":"max-video-preview:-1"},"canonical":"https:\/\/www.urjc2030.es\/prus\/la-urjc-se-une-al-dia-de-las-universidades-saludables\/","og_locale":"es_ES","og_type":"article","og_title":"La URJC se une al d\u00eda de las universidades saludables - Oficina Universidad Saludable","og_description":"La Universidad Rey Juan Carlos, miembro de la Red de Universidades Saludables, desarrollar\u00e1 dos actividades relacionadas con la gesti\u00f3n de la incertidumbre y la deshabituaci\u00f3n del tabaco en el marco de esta celebraci\u00f3n de la Red Espa\u00f1ola de Universidades Promotoras de la Salud (REUPS). Ra\u00fal Garc\u00eda H\u00e9monnet Hoy, d\u00eda 7 de octubre se celebra el [&hellip;]","og_url":"https:\/\/www.urjc2030.es\/prus\/la-urjc-se-une-al-dia-de-las-universidades-saludables\/","og_site_name":"Oficina Universidad Saludable","article_publisher":"https:\/\/www.facebook.com\/universidadreyjuancarlos","article_published_time":"2021-10-15T13:17:42+00:00","article_modified_time":"2021-10-15T13:18:06+00:00","og_image":[{"width":850,"height":567,"url":"https:\/\/www.urjc2030.es\/prus\/wp-content\/uploads\/sites\/11\/2021\/10\/dia-universidades-saludables.jpg","type":"image\/jpeg"}],"author":"Rebeca","twitter_card":"summary_large_image","twitter_creator":"@urjc","twitter_site":"@urjc","schema":{"@context":"https:\/\/schema.org","@graph":[{"@type":"Article","@id":"https:\/\/www.urjc2030.es\/prus\/la-urjc-se-une-al-dia-de-las-universidades-saludables\/#article","isPartOf":{"@id":"https:\/\/www.urjc2030.es\/prus\/la-urjc-se-une-al-dia-de-las-universidades-saludables\/"},"author":{"name":"Rebeca","@id":"https:\/\/www.urjc2030.es\/prus\/#\/schema\/person\/5bca1e3d54fd0f6646257e7650ff6c1e"},"headline":"La URJC se une al d\u00eda de las universidades saludables","datePublished":"2021-10-15T13:17:42+00:00","dateModified":"2021-10-15T13:18:06+00:00","mainEntityOfPage":{"@id":"https:\/\/www.urjc2030.es\/prus\/la-urjc-se-une-al-dia-de-las-universidades-saludables\/"},"wordCount":535,"publisher":{"@id":"https:\/\/www.urjc2030.es\/prus\/#organization"},"image":{"@id":"https:\/\/www.urjc2030.es\/prus\/la-urjc-se-une-al-dia-de-las-universidades-saludables\/#primaryimage"},"thumbnailUrl":"https:\/\/www.urjc2030.es\/prus\/wp-content\/uploads\/sites\/11\/2021\/10\/dia-universidades-saludables.jpg","articleSection":["Noticias"],"inLanguage":"es"},{"@type":"WebPage","@id":"https:\/\/www.urjc2030.es\/prus\/la-urjc-se-une-al-dia-de-las-universidades-saludables\/","url":"https:\/\/www.urjc2030.es\/prus\/la-urjc-se-une-al-dia-de-las-universidades-saludables\/","name":"La URJC se une al d\u00eda de las universidades saludables - Oficina Universidad Saludable","isPartOf":{"@id":"https:\/\/www.urjc2030.es\/prus\/#website"},"primaryImageOfPage":{"@id":"https:\/\/www.urjc2030.es\/prus\/la-urjc-se-une-al-dia-de-las-universidades-saludables\/#primaryimage"},"image":{"@id":"https:\/\/www.urjc2030.es\/prus\/la-urjc-se-une-al-dia-de-las-universidades-saludables\/#primaryimage"},"thumbnailUrl":"https:\/\/www.urjc2030.es\/prus\/wp-content\/uploads\/sites\/11\/2021\/10\/dia-universidades-saludables.jpg","datePublished":"2021-10-15T13:17:42+00:00","dateModified":"2021-10-15T13:18:06+00:00","breadcrumb":{"@id":"https:\/\/www.urjc2030.es\/prus\/la-urjc-se-une-al-dia-de-las-universidades-saludables\/#breadcrumb"},"inLanguage":"es","potentialAction":[{"@type":"ReadAction","target":["https:\/\/www.urjc2030.es\/prus\/la-urjc-se-une-al-dia-de-las-universidades-saludables\/"]}]},{"@type":"ImageObject","inLanguage":"es","@id":"https:\/\/www.urjc2030.es\/prus\/la-urjc-se-une-al-dia-de-las-universidades-saludables\/#primaryimage","url":"https:\/\/www.urjc2030.es\/prus\/wp-content\/uploads\/sites\/11\/2021\/10\/dia-universidades-saludables.jpg","contentUrl":"https:\/\/www.urjc2030.es\/prus\/wp-content\/uploads\/sites\/11\/2021\/10\/dia-universidades-saludables.jpg","width":850,"height":567,"caption":"LA URJC SE UNE AL D\u00cdA DE LAS UNIVERSIDADES SALUDABLES"},{"@type":"BreadcrumbList","@id":"https:\/\/www.urjc2030.es\/prus\/la-urjc-se-une-al-dia-de-las-universidades-saludables\/#breadcrumb","itemListElement":[{"@type":"ListItem","position":1,"name":"Portada","item":"https:\/\/www.urjc2030.es\/prus\/"},{"@type":"ListItem","position":2,"name":"La URJC se une al d\u00eda de las universidades saludables"}]},{"@type":"WebSite","@id":"https:\/\/www.urjc2030.es\/prus\/#website","url":"https:\/\/www.urjc2030.es\/prus\/","name":"Oficina Universidad Saludable","description":"Colaboramos para hacer de la URJC un entorno promotor de salud para las personas que trabajamos y estudiamos en ella","publisher":{"@id":"https:\/\/www.urjc2030.es\/prus\/#organization"},"potentialAction":[{"@type":"SearchAction","target":{"@type":"EntryPoint","urlTemplate":"https:\/\/www.urjc2030.es\/prus\/?s={search_term_string}"},"query-input":{"@type":"PropertyValueSpecification","valueRequired":true,"valueName":"search_term_string"}}],"inLanguage":"es"},{"@type":"Organization","@id":"https:\/\/www.urjc2030.es\/prus\/#organization","name":"Universidad Rey Juan Carlos","url":"https:\/\/www.urjc2030.es\/prus\/","logo":{"@type":"ImageObject","inLanguage":"es","@id":"https:\/\/www.urjc2030.es\/prus\/#\/schema\/logo\/image\/","url":"https:\/\/www.urjc2030.es\/prus\/wp-content\/uploads\/sites\/11\/2020\/10\/logoURJC.png","contentUrl":"https:\/\/www.urjc2030.es\/prus\/wp-content\/uploads\/sites\/11\/2020\/10\/logoURJC.png","width":800,"height":305,"caption":"Universidad Rey Juan Carlos"},"image":{"@id":"https:\/\/www.urjc2030.es\/prus\/#\/schema\/logo\/image\/"},"sameAs":["https:\/\/www.facebook.com\/universidadreyjuancarlos","https:\/\/x.com\/urjc","https:\/\/www.instagram.com\/urjc_uni\/?hl=es"]},{"@type":"Person","@id":"https:\/\/www.urjc2030.es\/prus\/#\/schema\/person\/5bca1e3d54fd0f6646257e7650ff6c1e","name":"Rebeca","image":{"@type":"ImageObject","inLanguage":"es","@id":"https:\/\/secure.gravatar.com\/avatar\/067ab19aa4e1cb582d952cf91ff4bcaf68f01cd66cbce7a3d69e3ee1093984f6?s=96&d=mm&r=g","url":"https:\/\/secure.gravatar.com\/avatar\/067ab19aa4e1cb582d952cf91ff4bcaf68f01cd66cbce7a3d69e3ee1093984f6?s=96&d=mm&r=g","contentUrl":"https:\/\/secure.gravatar.com\/avatar\/067ab19aa4e1cb582d952cf91ff4bcaf68f01cd66cbce7a3d69e3ee1093984f6?s=96&d=mm&r=g","caption":"Rebeca"},"sameAs":["https:\/\/www.urjc2030.es"]}]}},"_links":{"self":[{"href":"https:\/\/www.urjc2030.es\/prus\/wp-json\/wp\/v2\/posts\/1402","targetHints":{"allow":["GET"]}}],"collection":[{"href":"https:\/\/www.urjc2030.es\/prus\/wp-json\/wp\/v2\/posts"}],"about":[{"href":"https:\/\/www.urjc2030.es\/prus\/wp-json\/wp\/v2\/types\/post"}],"author":[{"embeddable":true,"href":"https:\/\/www.urjc2030.es\/prus\/wp-json\/wp\/v2\/users\/1"}],"replies":[{"embeddable":true,"href":"https:\/\/www.urjc2030.es\/prus\/wp-json\/wp\/v2\/comments?post=1402"}],"version-history":[{"count":2,"href":"https:\/\/www.urjc2030.es\/prus\/wp-json\/wp\/v2\/posts\/1402\/revisions"}],"predecessor-version":[{"id":1405,"href":"https:\/\/www.urjc2030.es\/prus\/wp-json\/wp\/v2\/posts\/1402\/revisions\/1405"}],"wp:featuredmedia":[{"embeddable":true,"href":"https:\/\/www.urjc2030.es\/prus\/wp-json\/wp\/v2\/media\/1403"}],"wp:attachment":[{"href":"https:\/\/www.urjc2030.es\/prus\/wp-json\/wp\/v2\/media?parent=1402"}],"wp:term":[{"taxonomy":"category","embeddable":true,"href":"https:\/\/www.urjc2030.es\/prus\/wp-json\/wp\/v2\/categories?post=1402"},{"taxonomy":"post_tag","embeddable":true,"href":"https:\/\/www.urjc2030.es\/prus\/wp-json\/wp\/v2\/tags?post=1402"}],"curies":[{"name":"wp","href":"https:\/\/api.w.org\/{rel}","templated":true}]}}