{"id":1987,"date":"2022-12-20T17:18:05","date_gmt":"2022-12-20T17:18:05","guid":{"rendered":"https:\/\/www.urjc2030.es\/prus\/?p=1987"},"modified":"2022-12-20T17:18:05","modified_gmt":"2022-12-20T17:18:05","slug":"la-universidad-saludable-entre-las-mejores-practicas-en-bienestar-emocional","status":"publish","type":"post","link":"https:\/\/www.urjc2030.es\/prus\/la-universidad-saludable-entre-las-mejores-practicas-en-bienestar-emocional\/","title":{"rendered":"LA UNIVERSIDAD SALUDABLE, ENTRE LAS MEJORES PR\u00c1CTICAS EN BIENESTAR EMOCIONAL"},"content":{"rendered":"<div class=\"itemIntroText\">\n<p><a href=\"https:\/\/www.urjc2030.es\/prus\/wp-content\/uploads\/sites\/11\/2022\/12\/38e1fc1b4cdac3b904b8aa0004de21fa_XL.jpeg\"><img decoding=\"async\" class=\"size-full wp-image-1988 alignleft\" src=\"https:\/\/www.urjc2030.es\/prus\/wp-content\/uploads\/sites\/11\/2022\/12\/38e1fc1b4cdac3b904b8aa0004de21fa_XL.jpeg\" alt=\"noticia\" width=\"400\" height=\"auto\" srcset=\"https:\/\/www.urjc2030.es\/prus\/wp-content\/uploads\/sites\/11\/2022\/12\/38e1fc1b4cdac3b904b8aa0004de21fa_XL.jpeg 850w, https:\/\/www.urjc2030.es\/prus\/wp-content\/uploads\/sites\/11\/2022\/12\/38e1fc1b4cdac3b904b8aa0004de21fa_XL-480x320.jpeg 480w\" sizes=\"(min-width: 0px) and (max-width: 480px) 480px, (min-width: 481px) 850px, 100vw\" \/><\/a>El programa de la URJC ha sido reconocido por su contribuci\u00f3n, participaci\u00f3n e implicaci\u00f3n en la Red Espa\u00f1ola de Universidades Promotoras de la Salud.<\/p>\n<\/div>\n<div class=\"itemFullText\">\n<p><em><strong>Ra\u00fal Garc\u00eda H\u00e9monnet<\/strong><\/em><\/p>\n<p>En el marco del II Congreso de Universidades Promotoras de la Salud, celebrado en Burgos al principio del mes de noviembre, su presidente, Antoni Aguil\u00f3, ha otorgado el reconocimiento a la Universidad Rey Juan Carlos por su trabajo en el campo del bienestar emocional a trav\u00e9s del programa universidad saludable. A esta distinci\u00f3n se ha unido el presidente de la Red Iberoamericana de Universidades Promotoras de Salud, Hiram Arroyo, doctor \u2018Honoris Causa\u2019por la URJC<\/p>\n<p>En este mismo congreso se ha presentado el libro: \u2018Campus y ciudadan\u00edas saludables: estudios para una promoci\u00f3n integral de la salud en la regi\u00f3n iberoamericana\u2019. En este volumen, se han seleccionado entre todas las experiencias presentadas por universidades iberoamericanas, trece\u00a0que destacan en esta materia. Entre ellas, se encuentran varias de las realizadas en el marco del programa Universidad Salidable de la URJC, sobre bienestar emocional.<\/p>\n<p>Adem\u00e1s, unas semanas antes, las responsables del programa, Ainhoa Romero y Silvia Cruz, han participado en el \u2018X Congreso Iberoamericano de Universidades Promotoras de la Salud\u2019, celebrado en la localidad portuguesa de Coimbra, en el que presentaron varias ponencias para mostrar el trabajo realizado en dicho programa en materia de Promoci\u00f3n de la Salud.<\/p>\n<\/div>\n","protected":false},"excerpt":{"rendered":"<p>El programa de la URJC ha sido reconocido por su contribuci\u00f3n, participaci\u00f3n e implicaci\u00f3n en la Red Espa\u00f1ola de Universidades Promotoras de la Salud. Ra\u00fal Garc\u00eda H\u00e9monnet En el marco del II Congreso de Universidades Promotoras de la Salud, celebrado en Burgos al principio del mes de noviembre, su presidente, Antoni Aguil\u00f3, ha otorgado el [&hellip;]<\/p>\n","protected":false},"author":10,"featured_media":1988,"comment_status":"closed","ping_status":"closed","sticky":false,"template":"","format":"standard","meta":{"_et_pb_use_builder":"","_et_pb_old_content":"","_et_gb_content_width":"","cybocfi_hide_featured_image":"","footnotes":""},"categories":[9],"tags":[],"class_list":["post-1987","post","type-post","status-publish","format-standard","has-post-thumbnail","hentry","category-noticias-prus"],"yoast_head":"<!-- This site is optimized with the Yoast SEO plugin v27.5 - https:\/\/yoast.com\/product\/yoast-seo-wordpress\/ -->\n<title>LA UNIVERSIDAD SALUDABLE, ENTRE LAS MEJORES PR\u00c1CTICAS EN BIENESTAR EMOCIONAL - Oficina Universidad Saludable<\/title>\n<meta name=\"robots\" content=\"index, follow, max-snippet:-1, max-image-preview:large, max-video-preview:-1\" \/>\n<link rel=\"canonical\" href=\"https:\/\/www.urjc2030.es\/prus\/la-universidad-saludable-entre-las-mejores-practicas-en-bienestar-emocional\/\" \/>\n<meta property=\"og:locale\" content=\"es_ES\" \/>\n<meta property=\"og:type\" content=\"article\" \/>\n<meta property=\"og:title\" content=\"LA UNIVERSIDAD SALUDABLE, ENTRE LAS MEJORES PR\u00c1CTICAS EN BIENESTAR EMOCIONAL - Oficina Universidad Saludable\" \/>\n<meta property=\"og:description\" content=\"El programa de la URJC ha sido reconocido por su contribuci\u00f3n, participaci\u00f3n e implicaci\u00f3n en la Red Espa\u00f1ola de Universidades Promotoras de la Salud. Ra\u00fal Garc\u00eda H\u00e9monnet En el marco del II Congreso de Universidades Promotoras de la Salud, celebrado en Burgos al principio del mes de noviembre, su presidente, Antoni Aguil\u00f3, ha otorgado el [&hellip;]\" \/>\n<meta property=\"og:url\" content=\"https:\/\/www.urjc2030.es\/prus\/la-universidad-saludable-entre-las-mejores-practicas-en-bienestar-emocional\/\" \/>\n<meta property=\"og:site_name\" content=\"Oficina Universidad Saludable\" \/>\n<meta property=\"article:publisher\" content=\"https:\/\/www.facebook.com\/universidadreyjuancarlos\" \/>\n<meta property=\"article:published_time\" content=\"2022-12-20T17:18:05+00:00\" \/>\n<meta property=\"og:image\" content=\"https:\/\/www.urjc2030.es\/prus\/wp-content\/uploads\/sites\/11\/2022\/12\/38e1fc1b4cdac3b904b8aa0004de21fa_XL.jpeg\" \/>\n\t<meta property=\"og:image:width\" content=\"850\" \/>\n\t<meta property=\"og:image:height\" content=\"567\" \/>\n\t<meta property=\"og:image:type\" content=\"image\/jpeg\" \/>\n<meta name=\"author\" content=\"carlos\" \/>\n<meta name=\"twitter:card\" content=\"summary_large_image\" \/>\n<meta name=\"twitter:creator\" content=\"@urjc\" \/>\n<meta name=\"twitter:site\" content=\"@urjc\" \/>\n<script type=\"application\/ld+json\" class=\"yoast-schema-graph\">{\"@context\":\"https:\\\/\\\/schema.org\",\"@graph\":[{\"@type\":\"Article\",\"@id\":\"https:\\\/\\\/www.urjc2030.es\\\/prus\\\/la-universidad-saludable-entre-las-mejores-practicas-en-bienestar-emocional\\\/#article\",\"isPartOf\":{\"@id\":\"https:\\\/\\\/www.urjc2030.es\\\/prus\\\/la-universidad-saludable-entre-las-mejores-practicas-en-bienestar-emocional\\\/\"},\"author\":{\"name\":\"carlos\",\"@id\":\"https:\\\/\\\/www.urjc2030.es\\\/prus\\\/#\\\/schema\\\/person\\\/ddacb9e5abf914ab720a3d13fc047418\"},\"headline\":\"LA UNIVERSIDAD SALUDABLE, ENTRE LAS MEJORES PR\u00c1CTICAS EN BIENESTAR EMOCIONAL\",\"datePublished\":\"2022-12-20T17:18:05+00:00\",\"mainEntityOfPage\":{\"@id\":\"https:\\\/\\\/www.urjc2030.es\\\/prus\\\/la-universidad-saludable-entre-las-mejores-practicas-en-bienestar-emocional\\\/\"},\"wordCount\":247,\"publisher\":{\"@id\":\"https:\\\/\\\/www.urjc2030.es\\\/prus\\\/#organization\"},\"image\":{\"@id\":\"https:\\\/\\\/www.urjc2030.es\\\/prus\\\/la-universidad-saludable-entre-las-mejores-practicas-en-bienestar-emocional\\\/#primaryimage\"},\"thumbnailUrl\":\"https:\\\/\\\/www.urjc2030.es\\\/prus\\\/wp-content\\\/uploads\\\/sites\\\/11\\\/2022\\\/12\\\/38e1fc1b4cdac3b904b8aa0004de21fa_XL.jpeg\",\"articleSection\":[\"Noticias\"],\"inLanguage\":\"es\"},{\"@type\":\"WebPage\",\"@id\":\"https:\\\/\\\/www.urjc2030.es\\\/prus\\\/la-universidad-saludable-entre-las-mejores-practicas-en-bienestar-emocional\\\/\",\"url\":\"https:\\\/\\\/www.urjc2030.es\\\/prus\\\/la-universidad-saludable-entre-las-mejores-practicas-en-bienestar-emocional\\\/\",\"name\":\"LA UNIVERSIDAD SALUDABLE, ENTRE LAS MEJORES PR\u00c1CTICAS EN BIENESTAR EMOCIONAL - Oficina Universidad Saludable\",\"isPartOf\":{\"@id\":\"https:\\\/\\\/www.urjc2030.es\\\/prus\\\/#website\"},\"primaryImageOfPage\":{\"@id\":\"https:\\\/\\\/www.urjc2030.es\\\/prus\\\/la-universidad-saludable-entre-las-mejores-practicas-en-bienestar-emocional\\\/#primaryimage\"},\"image\":{\"@id\":\"https:\\\/\\\/www.urjc2030.es\\\/prus\\\/la-universidad-saludable-entre-las-mejores-practicas-en-bienestar-emocional\\\/#primaryimage\"},\"thumbnailUrl\":\"https:\\\/\\\/www.urjc2030.es\\\/prus\\\/wp-content\\\/uploads\\\/sites\\\/11\\\/2022\\\/12\\\/38e1fc1b4cdac3b904b8aa0004de21fa_XL.jpeg\",\"datePublished\":\"2022-12-20T17:18:05+00:00\",\"breadcrumb\":{\"@id\":\"https:\\\/\\\/www.urjc2030.es\\\/prus\\\/la-universidad-saludable-entre-las-mejores-practicas-en-bienestar-emocional\\\/#breadcrumb\"},\"inLanguage\":\"es\",\"potentialAction\":[{\"@type\":\"ReadAction\",\"target\":[\"https:\\\/\\\/www.urjc2030.es\\\/prus\\\/la-universidad-saludable-entre-las-mejores-practicas-en-bienestar-emocional\\\/\"]}]},{\"@type\":\"ImageObject\",\"inLanguage\":\"es\",\"@id\":\"https:\\\/\\\/www.urjc2030.es\\\/prus\\\/la-universidad-saludable-entre-las-mejores-practicas-en-bienestar-emocional\\\/#primaryimage\",\"url\":\"https:\\\/\\\/www.urjc2030.es\\\/prus\\\/wp-content\\\/uploads\\\/sites\\\/11\\\/2022\\\/12\\\/38e1fc1b4cdac3b904b8aa0004de21fa_XL.jpeg\",\"contentUrl\":\"https:\\\/\\\/www.urjc2030.es\\\/prus\\\/wp-content\\\/uploads\\\/sites\\\/11\\\/2022\\\/12\\\/38e1fc1b4cdac3b904b8aa0004de21fa_XL.jpeg\",\"width\":850,\"height\":567,\"caption\":\"noticia\"},{\"@type\":\"BreadcrumbList\",\"@id\":\"https:\\\/\\\/www.urjc2030.es\\\/prus\\\/la-universidad-saludable-entre-las-mejores-practicas-en-bienestar-emocional\\\/#breadcrumb\",\"itemListElement\":[{\"@type\":\"ListItem\",\"position\":1,\"name\":\"Portada\",\"item\":\"https:\\\/\\\/www.urjc2030.es\\\/prus\\\/\"},{\"@type\":\"ListItem\",\"position\":2,\"name\":\"LA UNIVERSIDAD SALUDABLE, ENTRE LAS MEJORES PR\u00c1CTICAS EN BIENESTAR EMOCIONAL\"}]},{\"@type\":\"WebSite\",\"@id\":\"https:\\\/\\\/www.urjc2030.es\\\/prus\\\/#website\",\"url\":\"https:\\\/\\\/www.urjc2030.es\\\/prus\\\/\",\"name\":\"Oficina Universidad Saludable\",\"description\":\"Colaboramos para hacer de la URJC un entorno promotor de salud para las personas que trabajamos y estudiamos en ella\",\"publisher\":{\"@id\":\"https:\\\/\\\/www.urjc2030.es\\\/prus\\\/#organization\"},\"potentialAction\":[{\"@type\":\"SearchAction\",\"target\":{\"@type\":\"EntryPoint\",\"urlTemplate\":\"https:\\\/\\\/www.urjc2030.es\\\/prus\\\/?s={search_term_string}\"},\"query-input\":{\"@type\":\"PropertyValueSpecification\",\"valueRequired\":true,\"valueName\":\"search_term_string\"}}],\"inLanguage\":\"es\"},{\"@type\":\"Organization\",\"@id\":\"https:\\\/\\\/www.urjc2030.es\\\/prus\\\/#organization\",\"name\":\"Universidad Rey Juan Carlos\",\"url\":\"https:\\\/\\\/www.urjc2030.es\\\/prus\\\/\",\"logo\":{\"@type\":\"ImageObject\",\"inLanguage\":\"es\",\"@id\":\"https:\\\/\\\/www.urjc2030.es\\\/prus\\\/#\\\/schema\\\/logo\\\/image\\\/\",\"url\":\"https:\\\/\\\/www.urjc2030.es\\\/prus\\\/wp-content\\\/uploads\\\/sites\\\/11\\\/2020\\\/10\\\/logoURJC.png\",\"contentUrl\":\"https:\\\/\\\/www.urjc2030.es\\\/prus\\\/wp-content\\\/uploads\\\/sites\\\/11\\\/2020\\\/10\\\/logoURJC.png\",\"width\":800,\"height\":305,\"caption\":\"Universidad Rey Juan Carlos\"},\"image\":{\"@id\":\"https:\\\/\\\/www.urjc2030.es\\\/prus\\\/#\\\/schema\\\/logo\\\/image\\\/\"},\"sameAs\":[\"https:\\\/\\\/www.facebook.com\\\/universidadreyjuancarlos\",\"https:\\\/\\\/x.com\\\/urjc\",\"https:\\\/\\\/www.instagram.com\\\/urjc_uni\\\/?hl=es\"]},{\"@type\":\"Person\",\"@id\":\"https:\\\/\\\/www.urjc2030.es\\\/prus\\\/#\\\/schema\\\/person\\\/ddacb9e5abf914ab720a3d13fc047418\",\"name\":\"carlos\",\"image\":{\"@type\":\"ImageObject\",\"inLanguage\":\"es\",\"@id\":\"https:\\\/\\\/secure.gravatar.com\\\/avatar\\\/98e1c0d637a9f3d3cd2be0e49e5387245f96e039452a34f919c9e800cad0f304?s=96&d=mm&r=g\",\"url\":\"https:\\\/\\\/secure.gravatar.com\\\/avatar\\\/98e1c0d637a9f3d3cd2be0e49e5387245f96e039452a34f919c9e800cad0f304?s=96&d=mm&r=g\",\"contentUrl\":\"https:\\\/\\\/secure.gravatar.com\\\/avatar\\\/98e1c0d637a9f3d3cd2be0e49e5387245f96e039452a34f919c9e800cad0f304?s=96&d=mm&r=g\",\"caption\":\"carlos\"}}]}<\/script>\n<!-- \/ Yoast SEO plugin. -->","yoast_head_json":{"title":"LA UNIVERSIDAD SALUDABLE, ENTRE LAS MEJORES PR\u00c1CTICAS EN BIENESTAR EMOCIONAL - Oficina Universidad Saludable","robots":{"index":"index","follow":"follow","max-snippet":"max-snippet:-1","max-image-preview":"max-image-preview:large","max-video-preview":"max-video-preview:-1"},"canonical":"https:\/\/www.urjc2030.es\/prus\/la-universidad-saludable-entre-las-mejores-practicas-en-bienestar-emocional\/","og_locale":"es_ES","og_type":"article","og_title":"LA UNIVERSIDAD SALUDABLE, ENTRE LAS MEJORES PR\u00c1CTICAS EN BIENESTAR EMOCIONAL - Oficina Universidad Saludable","og_description":"El programa de la URJC ha sido reconocido por su contribuci\u00f3n, participaci\u00f3n e implicaci\u00f3n en la Red Espa\u00f1ola de Universidades Promotoras de la Salud. Ra\u00fal Garc\u00eda H\u00e9monnet En el marco del II Congreso de Universidades Promotoras de la Salud, celebrado en Burgos al principio del mes de noviembre, su presidente, Antoni Aguil\u00f3, ha otorgado el [&hellip;]","og_url":"https:\/\/www.urjc2030.es\/prus\/la-universidad-saludable-entre-las-mejores-practicas-en-bienestar-emocional\/","og_site_name":"Oficina Universidad Saludable","article_publisher":"https:\/\/www.facebook.com\/universidadreyjuancarlos","article_published_time":"2022-12-20T17:18:05+00:00","og_image":[{"width":850,"height":567,"url":"https:\/\/www.urjc2030.es\/prus\/wp-content\/uploads\/sites\/11\/2022\/12\/38e1fc1b4cdac3b904b8aa0004de21fa_XL.jpeg","type":"image\/jpeg"}],"author":"carlos","twitter_card":"summary_large_image","twitter_creator":"@urjc","twitter_site":"@urjc","schema":{"@context":"https:\/\/schema.org","@graph":[{"@type":"Article","@id":"https:\/\/www.urjc2030.es\/prus\/la-universidad-saludable-entre-las-mejores-practicas-en-bienestar-emocional\/#article","isPartOf":{"@id":"https:\/\/www.urjc2030.es\/prus\/la-universidad-saludable-entre-las-mejores-practicas-en-bienestar-emocional\/"},"author":{"name":"carlos","@id":"https:\/\/www.urjc2030.es\/prus\/#\/schema\/person\/ddacb9e5abf914ab720a3d13fc047418"},"headline":"LA UNIVERSIDAD SALUDABLE, ENTRE LAS MEJORES PR\u00c1CTICAS EN BIENESTAR EMOCIONAL","datePublished":"2022-12-20T17:18:05+00:00","mainEntityOfPage":{"@id":"https:\/\/www.urjc2030.es\/prus\/la-universidad-saludable-entre-las-mejores-practicas-en-bienestar-emocional\/"},"wordCount":247,"publisher":{"@id":"https:\/\/www.urjc2030.es\/prus\/#organization"},"image":{"@id":"https:\/\/www.urjc2030.es\/prus\/la-universidad-saludable-entre-las-mejores-practicas-en-bienestar-emocional\/#primaryimage"},"thumbnailUrl":"https:\/\/www.urjc2030.es\/prus\/wp-content\/uploads\/sites\/11\/2022\/12\/38e1fc1b4cdac3b904b8aa0004de21fa_XL.jpeg","articleSection":["Noticias"],"inLanguage":"es"},{"@type":"WebPage","@id":"https:\/\/www.urjc2030.es\/prus\/la-universidad-saludable-entre-las-mejores-practicas-en-bienestar-emocional\/","url":"https:\/\/www.urjc2030.es\/prus\/la-universidad-saludable-entre-las-mejores-practicas-en-bienestar-emocional\/","name":"LA UNIVERSIDAD SALUDABLE, ENTRE LAS MEJORES PR\u00c1CTICAS EN BIENESTAR EMOCIONAL - Oficina Universidad Saludable","isPartOf":{"@id":"https:\/\/www.urjc2030.es\/prus\/#website"},"primaryImageOfPage":{"@id":"https:\/\/www.urjc2030.es\/prus\/la-universidad-saludable-entre-las-mejores-practicas-en-bienestar-emocional\/#primaryimage"},"image":{"@id":"https:\/\/www.urjc2030.es\/prus\/la-universidad-saludable-entre-las-mejores-practicas-en-bienestar-emocional\/#primaryimage"},"thumbnailUrl":"https:\/\/www.urjc2030.es\/prus\/wp-content\/uploads\/sites\/11\/2022\/12\/38e1fc1b4cdac3b904b8aa0004de21fa_XL.jpeg","datePublished":"2022-12-20T17:18:05+00:00","breadcrumb":{"@id":"https:\/\/www.urjc2030.es\/prus\/la-universidad-saludable-entre-las-mejores-practicas-en-bienestar-emocional\/#breadcrumb"},"inLanguage":"es","potentialAction":[{"@type":"ReadAction","target":["https:\/\/www.urjc2030.es\/prus\/la-universidad-saludable-entre-las-mejores-practicas-en-bienestar-emocional\/"]}]},{"@type":"ImageObject","inLanguage":"es","@id":"https:\/\/www.urjc2030.es\/prus\/la-universidad-saludable-entre-las-mejores-practicas-en-bienestar-emocional\/#primaryimage","url":"https:\/\/www.urjc2030.es\/prus\/wp-content\/uploads\/sites\/11\/2022\/12\/38e1fc1b4cdac3b904b8aa0004de21fa_XL.jpeg","contentUrl":"https:\/\/www.urjc2030.es\/prus\/wp-content\/uploads\/sites\/11\/2022\/12\/38e1fc1b4cdac3b904b8aa0004de21fa_XL.jpeg","width":850,"height":567,"caption":"noticia"},{"@type":"BreadcrumbList","@id":"https:\/\/www.urjc2030.es\/prus\/la-universidad-saludable-entre-las-mejores-practicas-en-bienestar-emocional\/#breadcrumb","itemListElement":[{"@type":"ListItem","position":1,"name":"Portada","item":"https:\/\/www.urjc2030.es\/prus\/"},{"@type":"ListItem","position":2,"name":"LA UNIVERSIDAD SALUDABLE, ENTRE LAS MEJORES PR\u00c1CTICAS EN BIENESTAR EMOCIONAL"}]},{"@type":"WebSite","@id":"https:\/\/www.urjc2030.es\/prus\/#website","url":"https:\/\/www.urjc2030.es\/prus\/","name":"Oficina Universidad Saludable","description":"Colaboramos para hacer de la URJC un entorno promotor de salud para las personas que trabajamos y estudiamos en ella","publisher":{"@id":"https:\/\/www.urjc2030.es\/prus\/#organization"},"potentialAction":[{"@type":"SearchAction","target":{"@type":"EntryPoint","urlTemplate":"https:\/\/www.urjc2030.es\/prus\/?s={search_term_string}"},"query-input":{"@type":"PropertyValueSpecification","valueRequired":true,"valueName":"search_term_string"}}],"inLanguage":"es"},{"@type":"Organization","@id":"https:\/\/www.urjc2030.es\/prus\/#organization","name":"Universidad Rey Juan Carlos","url":"https:\/\/www.urjc2030.es\/prus\/","logo":{"@type":"ImageObject","inLanguage":"es","@id":"https:\/\/www.urjc2030.es\/prus\/#\/schema\/logo\/image\/","url":"https:\/\/www.urjc2030.es\/prus\/wp-content\/uploads\/sites\/11\/2020\/10\/logoURJC.png","contentUrl":"https:\/\/www.urjc2030.es\/prus\/wp-content\/uploads\/sites\/11\/2020\/10\/logoURJC.png","width":800,"height":305,"caption":"Universidad Rey Juan Carlos"},"image":{"@id":"https:\/\/www.urjc2030.es\/prus\/#\/schema\/logo\/image\/"},"sameAs":["https:\/\/www.facebook.com\/universidadreyjuancarlos","https:\/\/x.com\/urjc","https:\/\/www.instagram.com\/urjc_uni\/?hl=es"]},{"@type":"Person","@id":"https:\/\/www.urjc2030.es\/prus\/#\/schema\/person\/ddacb9e5abf914ab720a3d13fc047418","name":"carlos","image":{"@type":"ImageObject","inLanguage":"es","@id":"https:\/\/secure.gravatar.com\/avatar\/98e1c0d637a9f3d3cd2be0e49e5387245f96e039452a34f919c9e800cad0f304?s=96&d=mm&r=g","url":"https:\/\/secure.gravatar.com\/avatar\/98e1c0d637a9f3d3cd2be0e49e5387245f96e039452a34f919c9e800cad0f304?s=96&d=mm&r=g","contentUrl":"https:\/\/secure.gravatar.com\/avatar\/98e1c0d637a9f3d3cd2be0e49e5387245f96e039452a34f919c9e800cad0f304?s=96&d=mm&r=g","caption":"carlos"}}]}},"_links":{"self":[{"href":"https:\/\/www.urjc2030.es\/prus\/wp-json\/wp\/v2\/posts\/1987","targetHints":{"allow":["GET"]}}],"collection":[{"href":"https:\/\/www.urjc2030.es\/prus\/wp-json\/wp\/v2\/posts"}],"about":[{"href":"https:\/\/www.urjc2030.es\/prus\/wp-json\/wp\/v2\/types\/post"}],"author":[{"embeddable":true,"href":"https:\/\/www.urjc2030.es\/prus\/wp-json\/wp\/v2\/users\/10"}],"replies":[{"embeddable":true,"href":"https:\/\/www.urjc2030.es\/prus\/wp-json\/wp\/v2\/comments?post=1987"}],"version-history":[{"count":1,"href":"https:\/\/www.urjc2030.es\/prus\/wp-json\/wp\/v2\/posts\/1987\/revisions"}],"predecessor-version":[{"id":1989,"href":"https:\/\/www.urjc2030.es\/prus\/wp-json\/wp\/v2\/posts\/1987\/revisions\/1989"}],"wp:featuredmedia":[{"embeddable":true,"href":"https:\/\/www.urjc2030.es\/prus\/wp-json\/wp\/v2\/media\/1988"}],"wp:attachment":[{"href":"https:\/\/www.urjc2030.es\/prus\/wp-json\/wp\/v2\/media?parent=1987"}],"wp:term":[{"taxonomy":"category","embeddable":true,"href":"https:\/\/www.urjc2030.es\/prus\/wp-json\/wp\/v2\/categories?post=1987"},{"taxonomy":"post_tag","embeddable":true,"href":"https:\/\/www.urjc2030.es\/prus\/wp-json\/wp\/v2\/tags?post=1987"}],"curies":[{"name":"wp","href":"https:\/\/api.w.org\/{rel}","templated":true}]}}