{"id":2855,"date":"2023-12-07T10:39:30","date_gmt":"2023-12-07T10:39:30","guid":{"rendered":"https:\/\/www.urjc2030.es\/prus\/?p=2855"},"modified":"2023-12-07T10:39:56","modified_gmt":"2023-12-07T10:39:56","slug":"pruebas-de-deteccion-de-vih-en-los-campus-de-mostoles-y-madrid","status":"publish","type":"post","link":"https:\/\/www.urjc2030.es\/prus\/pruebas-de-deteccion-de-vih-en-los-campus-de-mostoles-y-madrid\/","title":{"rendered":"Pruebas de detecci\u00f3n de VIH en los campus de M\u00f3stoles y Madrid"},"content":{"rendered":"<div class=\"itemIntroText\">\n<p><a href=\"https:\/\/www.urjc2030.es\/prus\/wp-content\/uploads\/sites\/11\/2023\/12\/b8ad2a4882e58cef218eb180e093f292_XL.jpg\"><img loading=\"lazy\" decoding=\"async\" class=\"size-medium wp-image-2856 alignright\" src=\"https:\/\/www.urjc2030.es\/prus\/wp-content\/uploads\/sites\/11\/2023\/12\/b8ad2a4882e58cef218eb180e093f292_XL-300x200.jpg\" alt=\"VIH\" width=\"300\" height=\"200\" \/><\/a>Con motivo del D\u00eda Mundial de la lucha contra el SIDA, se han realizado acciones de concienciaci\u00f3n y prevenci\u00f3n en los campus de la URJC en M\u00f3stoles y Madrid-Vic\u00e1lvaro.<\/p>\n<\/div>\n<div class=\"itemFullText\">\n<p>La URJC, a trav\u00e9s de la\u00a0<strong><a class=\"icon-link\" href=\"https:\/\/www.urjc2030.es\/prus\/\" target=\"_blank\" rel=\"noopener\" data-insuit-uuid=\"2cec9cea-92b7-4f31-b6f5-1aa7dbcc2b32\">Oficina Universidad Saludable<\/a><\/strong>, llev\u00f3 ayer a cabo en el Seminario 157 del Campus de Vic\u00e1lvaro pruebas de detecci\u00f3n de Infecciones de Transmisi\u00f3n Sexual y consultas de salud, los asistentes tambi\u00e9n dispusieron de stands informativos y reparto de preservativos.<\/p>\n<p>Por otro lado, la Universidad Saludable , habilitar\u00e1\u00a0 ma\u00f1ana pruebas r\u00e1pidas de VIH y otras ITS en el Laboratorio S1 del campus de M\u00f3stoles. La realizaci\u00f3n de los \u2018test\u2019, al igual que en Vic\u00e1lvaro, se realizar\u00e1 de una forma indolora, segura y confidencial, los resultados estar\u00e1n listos en 20 minutos y no se necesita cita ni tarjeta sanitaria. Adem\u00e1s, una vez se comuniquen los resultados, los participantes contar\u00e1n con asesoramiento por parte de un equipo multidisciplinar formado por psic\u00f3logos y sanitarios.<\/p>\n<p>Para realizar esta iniciativa, la URJC ha colaborado con la <strong><a class=\"icon-external-link\" href=\"https:\/\/www.comunidad.madrid\/transparencia\/unidad-organizativa-responsable\/direccion-general-salud-publica\" target=\"_blank\" rel=\"noopener\" data-insuit-uuid=\"ad908230-6825-4a8d-b086-1236b1d1e2aa\">Direcci\u00f3n General de Salud P\u00fablica de la Comunidad de Madrid<\/a><\/strong>, en el caso de Vic\u00e1lvaro, mientras que en M\u00f3stoles se contar\u00e1 con la participaci\u00f3n de <strong><a class=\"icon-external-link\" href=\"https:\/\/www2.cruzroja.es\/\" target=\"_blank\" rel=\"noopener\" data-insuit-uuid=\"a33972d8-ab8c-407b-9161-0e317d794dd8\">Cruz Roja<\/a><\/strong>, que aportar\u00e1 tanto material como personal sanitario.<\/p>\n<p>En cuanto a la importancia de estas actividades. Ainhoa Romero, responsable de la Oficina Universidad Saludable de la URJC, destaca que: \u201ces fundamental conocer nuestro estado de salud para protegernos y proteger a los dem\u00e1s\u201d, y a\u00f1ade que: \u201cdebemos sensibilizar desde la URJC que los casos de ITS est\u00e1n aumentando\u201d.<\/p>\n<p>Desde la OUS se anima a todo el personal universitario a participar en esta campa\u00f1a de concienciaci\u00f3n y esperan que la afluencia sea elevada debido a los recursos que facilitan, \u201chemos conseguido traer estas actividades a las aulas y de forma gratuita\u201d, se\u00f1ala Ainhoa Romero.<\/p>\n<h6><\/h6>\n<h6><strong><em>Ram\u00f3n Machuca Vicente<\/em><\/strong><\/h6>\n<\/div>\n","protected":false},"excerpt":{"rendered":"<p>Con motivo del D\u00eda Mundial de la lucha contra el SIDA, se han realizado acciones de concienciaci\u00f3n y prevenci\u00f3n en los campus de la URJC en M\u00f3stoles y Madrid-Vic\u00e1lvaro. La URJC, a trav\u00e9s de la\u00a0Oficina Universidad Saludable, llev\u00f3 ayer a cabo en el Seminario 157 del Campus de Vic\u00e1lvaro pruebas de detecci\u00f3n de Infecciones de [&hellip;]<\/p>\n","protected":false},"author":10,"featured_media":2856,"comment_status":"closed","ping_status":"closed","sticky":false,"template":"","format":"standard","meta":{"_et_pb_use_builder":"","_et_pb_old_content":"","_et_gb_content_width":"","cybocfi_hide_featured_image":"","footnotes":""},"categories":[9],"tags":[],"class_list":["post-2855","post","type-post","status-publish","format-standard","has-post-thumbnail","hentry","category-noticias-prus"],"yoast_head":"<!-- This site is optimized with the Yoast SEO plugin v27.5 - https:\/\/yoast.com\/product\/yoast-seo-wordpress\/ -->\n<title>Pruebas de detecci\u00f3n de VIH en los campus de M\u00f3stoles y Madrid - Oficina Universidad Saludable<\/title>\n<meta name=\"robots\" content=\"index, follow, max-snippet:-1, max-image-preview:large, max-video-preview:-1\" \/>\n<link rel=\"canonical\" href=\"https:\/\/www.urjc2030.es\/prus\/pruebas-de-deteccion-de-vih-en-los-campus-de-mostoles-y-madrid\/\" \/>\n<meta property=\"og:locale\" content=\"es_ES\" \/>\n<meta property=\"og:type\" content=\"article\" \/>\n<meta property=\"og:title\" content=\"Pruebas de detecci\u00f3n de VIH en los campus de M\u00f3stoles y Madrid - Oficina Universidad Saludable\" \/>\n<meta property=\"og:description\" content=\"Con motivo del D\u00eda Mundial de la lucha contra el SIDA, se han realizado acciones de concienciaci\u00f3n y prevenci\u00f3n en los campus de la URJC en M\u00f3stoles y Madrid-Vic\u00e1lvaro. La URJC, a trav\u00e9s de la\u00a0Oficina Universidad Saludable, llev\u00f3 ayer a cabo en el Seminario 157 del Campus de Vic\u00e1lvaro pruebas de detecci\u00f3n de Infecciones de [&hellip;]\" \/>\n<meta property=\"og:url\" content=\"https:\/\/www.urjc2030.es\/prus\/pruebas-de-deteccion-de-vih-en-los-campus-de-mostoles-y-madrid\/\" \/>\n<meta property=\"og:site_name\" content=\"Oficina Universidad Saludable\" \/>\n<meta property=\"article:publisher\" content=\"https:\/\/www.facebook.com\/universidadreyjuancarlos\" \/>\n<meta property=\"article:published_time\" content=\"2023-12-07T10:39:30+00:00\" \/>\n<meta property=\"article:modified_time\" content=\"2023-12-07T10:39:56+00:00\" \/>\n<meta property=\"og:image\" content=\"https:\/\/www.urjc2030.es\/prus\/wp-content\/uploads\/sites\/11\/2023\/12\/b8ad2a4882e58cef218eb180e093f292_XL.jpg\" \/>\n\t<meta property=\"og:image:width\" content=\"850\" \/>\n\t<meta property=\"og:image:height\" content=\"567\" \/>\n\t<meta property=\"og:image:type\" content=\"image\/jpeg\" \/>\n<meta name=\"author\" content=\"carlos\" \/>\n<meta name=\"twitter:card\" content=\"summary_large_image\" \/>\n<meta name=\"twitter:creator\" content=\"@urjc\" \/>\n<meta name=\"twitter:site\" content=\"@urjc\" \/>\n<script type=\"application\/ld+json\" class=\"yoast-schema-graph\">{\"@context\":\"https:\\\/\\\/schema.org\",\"@graph\":[{\"@type\":\"Article\",\"@id\":\"https:\\\/\\\/www.urjc2030.es\\\/prus\\\/pruebas-de-deteccion-de-vih-en-los-campus-de-mostoles-y-madrid\\\/#article\",\"isPartOf\":{\"@id\":\"https:\\\/\\\/www.urjc2030.es\\\/prus\\\/pruebas-de-deteccion-de-vih-en-los-campus-de-mostoles-y-madrid\\\/\"},\"author\":{\"name\":\"carlos\",\"@id\":\"https:\\\/\\\/www.urjc2030.es\\\/prus\\\/#\\\/schema\\\/person\\\/ddacb9e5abf914ab720a3d13fc047418\"},\"headline\":\"Pruebas de detecci\u00f3n de VIH en los campus de M\u00f3stoles y Madrid\",\"datePublished\":\"2023-12-07T10:39:30+00:00\",\"dateModified\":\"2023-12-07T10:39:56+00:00\",\"mainEntityOfPage\":{\"@id\":\"https:\\\/\\\/www.urjc2030.es\\\/prus\\\/pruebas-de-deteccion-de-vih-en-los-campus-de-mostoles-y-madrid\\\/\"},\"wordCount\":338,\"publisher\":{\"@id\":\"https:\\\/\\\/www.urjc2030.es\\\/prus\\\/#organization\"},\"image\":{\"@id\":\"https:\\\/\\\/www.urjc2030.es\\\/prus\\\/pruebas-de-deteccion-de-vih-en-los-campus-de-mostoles-y-madrid\\\/#primaryimage\"},\"thumbnailUrl\":\"https:\\\/\\\/www.urjc2030.es\\\/prus\\\/wp-content\\\/uploads\\\/sites\\\/11\\\/2023\\\/12\\\/b8ad2a4882e58cef218eb180e093f292_XL.jpg\",\"articleSection\":[\"Noticias\"],\"inLanguage\":\"es\"},{\"@type\":\"WebPage\",\"@id\":\"https:\\\/\\\/www.urjc2030.es\\\/prus\\\/pruebas-de-deteccion-de-vih-en-los-campus-de-mostoles-y-madrid\\\/\",\"url\":\"https:\\\/\\\/www.urjc2030.es\\\/prus\\\/pruebas-de-deteccion-de-vih-en-los-campus-de-mostoles-y-madrid\\\/\",\"name\":\"Pruebas de detecci\u00f3n de VIH en los campus de M\u00f3stoles y Madrid - Oficina Universidad Saludable\",\"isPartOf\":{\"@id\":\"https:\\\/\\\/www.urjc2030.es\\\/prus\\\/#website\"},\"primaryImageOfPage\":{\"@id\":\"https:\\\/\\\/www.urjc2030.es\\\/prus\\\/pruebas-de-deteccion-de-vih-en-los-campus-de-mostoles-y-madrid\\\/#primaryimage\"},\"image\":{\"@id\":\"https:\\\/\\\/www.urjc2030.es\\\/prus\\\/pruebas-de-deteccion-de-vih-en-los-campus-de-mostoles-y-madrid\\\/#primaryimage\"},\"thumbnailUrl\":\"https:\\\/\\\/www.urjc2030.es\\\/prus\\\/wp-content\\\/uploads\\\/sites\\\/11\\\/2023\\\/12\\\/b8ad2a4882e58cef218eb180e093f292_XL.jpg\",\"datePublished\":\"2023-12-07T10:39:30+00:00\",\"dateModified\":\"2023-12-07T10:39:56+00:00\",\"breadcrumb\":{\"@id\":\"https:\\\/\\\/www.urjc2030.es\\\/prus\\\/pruebas-de-deteccion-de-vih-en-los-campus-de-mostoles-y-madrid\\\/#breadcrumb\"},\"inLanguage\":\"es\",\"potentialAction\":[{\"@type\":\"ReadAction\",\"target\":[\"https:\\\/\\\/www.urjc2030.es\\\/prus\\\/pruebas-de-deteccion-de-vih-en-los-campus-de-mostoles-y-madrid\\\/\"]}]},{\"@type\":\"ImageObject\",\"inLanguage\":\"es\",\"@id\":\"https:\\\/\\\/www.urjc2030.es\\\/prus\\\/pruebas-de-deteccion-de-vih-en-los-campus-de-mostoles-y-madrid\\\/#primaryimage\",\"url\":\"https:\\\/\\\/www.urjc2030.es\\\/prus\\\/wp-content\\\/uploads\\\/sites\\\/11\\\/2023\\\/12\\\/b8ad2a4882e58cef218eb180e093f292_XL.jpg\",\"contentUrl\":\"https:\\\/\\\/www.urjc2030.es\\\/prus\\\/wp-content\\\/uploads\\\/sites\\\/11\\\/2023\\\/12\\\/b8ad2a4882e58cef218eb180e093f292_XL.jpg\",\"width\":850,\"height\":567,\"caption\":\"VIH\"},{\"@type\":\"BreadcrumbList\",\"@id\":\"https:\\\/\\\/www.urjc2030.es\\\/prus\\\/pruebas-de-deteccion-de-vih-en-los-campus-de-mostoles-y-madrid\\\/#breadcrumb\",\"itemListElement\":[{\"@type\":\"ListItem\",\"position\":1,\"name\":\"Portada\",\"item\":\"https:\\\/\\\/www.urjc2030.es\\\/prus\\\/\"},{\"@type\":\"ListItem\",\"position\":2,\"name\":\"Pruebas de detecci\u00f3n de VIH en los campus de M\u00f3stoles y Madrid\"}]},{\"@type\":\"WebSite\",\"@id\":\"https:\\\/\\\/www.urjc2030.es\\\/prus\\\/#website\",\"url\":\"https:\\\/\\\/www.urjc2030.es\\\/prus\\\/\",\"name\":\"Oficina Universidad Saludable\",\"description\":\"Colaboramos para hacer de la URJC un entorno promotor de salud para las personas que trabajamos y estudiamos en ella\",\"publisher\":{\"@id\":\"https:\\\/\\\/www.urjc2030.es\\\/prus\\\/#organization\"},\"potentialAction\":[{\"@type\":\"SearchAction\",\"target\":{\"@type\":\"EntryPoint\",\"urlTemplate\":\"https:\\\/\\\/www.urjc2030.es\\\/prus\\\/?s={search_term_string}\"},\"query-input\":{\"@type\":\"PropertyValueSpecification\",\"valueRequired\":true,\"valueName\":\"search_term_string\"}}],\"inLanguage\":\"es\"},{\"@type\":\"Organization\",\"@id\":\"https:\\\/\\\/www.urjc2030.es\\\/prus\\\/#organization\",\"name\":\"Universidad Rey Juan Carlos\",\"url\":\"https:\\\/\\\/www.urjc2030.es\\\/prus\\\/\",\"logo\":{\"@type\":\"ImageObject\",\"inLanguage\":\"es\",\"@id\":\"https:\\\/\\\/www.urjc2030.es\\\/prus\\\/#\\\/schema\\\/logo\\\/image\\\/\",\"url\":\"https:\\\/\\\/www.urjc2030.es\\\/prus\\\/wp-content\\\/uploads\\\/sites\\\/11\\\/2020\\\/10\\\/logoURJC.png\",\"contentUrl\":\"https:\\\/\\\/www.urjc2030.es\\\/prus\\\/wp-content\\\/uploads\\\/sites\\\/11\\\/2020\\\/10\\\/logoURJC.png\",\"width\":800,\"height\":305,\"caption\":\"Universidad Rey Juan Carlos\"},\"image\":{\"@id\":\"https:\\\/\\\/www.urjc2030.es\\\/prus\\\/#\\\/schema\\\/logo\\\/image\\\/\"},\"sameAs\":[\"https:\\\/\\\/www.facebook.com\\\/universidadreyjuancarlos\",\"https:\\\/\\\/x.com\\\/urjc\",\"https:\\\/\\\/www.instagram.com\\\/urjc_uni\\\/?hl=es\"]},{\"@type\":\"Person\",\"@id\":\"https:\\\/\\\/www.urjc2030.es\\\/prus\\\/#\\\/schema\\\/person\\\/ddacb9e5abf914ab720a3d13fc047418\",\"name\":\"carlos\",\"image\":{\"@type\":\"ImageObject\",\"inLanguage\":\"es\",\"@id\":\"https:\\\/\\\/secure.gravatar.com\\\/avatar\\\/98e1c0d637a9f3d3cd2be0e49e5387245f96e039452a34f919c9e800cad0f304?s=96&d=mm&r=g\",\"url\":\"https:\\\/\\\/secure.gravatar.com\\\/avatar\\\/98e1c0d637a9f3d3cd2be0e49e5387245f96e039452a34f919c9e800cad0f304?s=96&d=mm&r=g\",\"contentUrl\":\"https:\\\/\\\/secure.gravatar.com\\\/avatar\\\/98e1c0d637a9f3d3cd2be0e49e5387245f96e039452a34f919c9e800cad0f304?s=96&d=mm&r=g\",\"caption\":\"carlos\"}}]}<\/script>\n<!-- \/ Yoast SEO plugin. -->","yoast_head_json":{"title":"Pruebas de detecci\u00f3n de VIH en los campus de M\u00f3stoles y Madrid - Oficina Universidad Saludable","robots":{"index":"index","follow":"follow","max-snippet":"max-snippet:-1","max-image-preview":"max-image-preview:large","max-video-preview":"max-video-preview:-1"},"canonical":"https:\/\/www.urjc2030.es\/prus\/pruebas-de-deteccion-de-vih-en-los-campus-de-mostoles-y-madrid\/","og_locale":"es_ES","og_type":"article","og_title":"Pruebas de detecci\u00f3n de VIH en los campus de M\u00f3stoles y Madrid - Oficina Universidad Saludable","og_description":"Con motivo del D\u00eda Mundial de la lucha contra el SIDA, se han realizado acciones de concienciaci\u00f3n y prevenci\u00f3n en los campus de la URJC en M\u00f3stoles y Madrid-Vic\u00e1lvaro. La URJC, a trav\u00e9s de la\u00a0Oficina Universidad Saludable, llev\u00f3 ayer a cabo en el Seminario 157 del Campus de Vic\u00e1lvaro pruebas de detecci\u00f3n de Infecciones de [&hellip;]","og_url":"https:\/\/www.urjc2030.es\/prus\/pruebas-de-deteccion-de-vih-en-los-campus-de-mostoles-y-madrid\/","og_site_name":"Oficina Universidad Saludable","article_publisher":"https:\/\/www.facebook.com\/universidadreyjuancarlos","article_published_time":"2023-12-07T10:39:30+00:00","article_modified_time":"2023-12-07T10:39:56+00:00","og_image":[{"width":850,"height":567,"url":"https:\/\/www.urjc2030.es\/prus\/wp-content\/uploads\/sites\/11\/2023\/12\/b8ad2a4882e58cef218eb180e093f292_XL.jpg","type":"image\/jpeg"}],"author":"carlos","twitter_card":"summary_large_image","twitter_creator":"@urjc","twitter_site":"@urjc","schema":{"@context":"https:\/\/schema.org","@graph":[{"@type":"Article","@id":"https:\/\/www.urjc2030.es\/prus\/pruebas-de-deteccion-de-vih-en-los-campus-de-mostoles-y-madrid\/#article","isPartOf":{"@id":"https:\/\/www.urjc2030.es\/prus\/pruebas-de-deteccion-de-vih-en-los-campus-de-mostoles-y-madrid\/"},"author":{"name":"carlos","@id":"https:\/\/www.urjc2030.es\/prus\/#\/schema\/person\/ddacb9e5abf914ab720a3d13fc047418"},"headline":"Pruebas de detecci\u00f3n de VIH en los campus de M\u00f3stoles y Madrid","datePublished":"2023-12-07T10:39:30+00:00","dateModified":"2023-12-07T10:39:56+00:00","mainEntityOfPage":{"@id":"https:\/\/www.urjc2030.es\/prus\/pruebas-de-deteccion-de-vih-en-los-campus-de-mostoles-y-madrid\/"},"wordCount":338,"publisher":{"@id":"https:\/\/www.urjc2030.es\/prus\/#organization"},"image":{"@id":"https:\/\/www.urjc2030.es\/prus\/pruebas-de-deteccion-de-vih-en-los-campus-de-mostoles-y-madrid\/#primaryimage"},"thumbnailUrl":"https:\/\/www.urjc2030.es\/prus\/wp-content\/uploads\/sites\/11\/2023\/12\/b8ad2a4882e58cef218eb180e093f292_XL.jpg","articleSection":["Noticias"],"inLanguage":"es"},{"@type":"WebPage","@id":"https:\/\/www.urjc2030.es\/prus\/pruebas-de-deteccion-de-vih-en-los-campus-de-mostoles-y-madrid\/","url":"https:\/\/www.urjc2030.es\/prus\/pruebas-de-deteccion-de-vih-en-los-campus-de-mostoles-y-madrid\/","name":"Pruebas de detecci\u00f3n de VIH en los campus de M\u00f3stoles y Madrid - Oficina Universidad Saludable","isPartOf":{"@id":"https:\/\/www.urjc2030.es\/prus\/#website"},"primaryImageOfPage":{"@id":"https:\/\/www.urjc2030.es\/prus\/pruebas-de-deteccion-de-vih-en-los-campus-de-mostoles-y-madrid\/#primaryimage"},"image":{"@id":"https:\/\/www.urjc2030.es\/prus\/pruebas-de-deteccion-de-vih-en-los-campus-de-mostoles-y-madrid\/#primaryimage"},"thumbnailUrl":"https:\/\/www.urjc2030.es\/prus\/wp-content\/uploads\/sites\/11\/2023\/12\/b8ad2a4882e58cef218eb180e093f292_XL.jpg","datePublished":"2023-12-07T10:39:30+00:00","dateModified":"2023-12-07T10:39:56+00:00","breadcrumb":{"@id":"https:\/\/www.urjc2030.es\/prus\/pruebas-de-deteccion-de-vih-en-los-campus-de-mostoles-y-madrid\/#breadcrumb"},"inLanguage":"es","potentialAction":[{"@type":"ReadAction","target":["https:\/\/www.urjc2030.es\/prus\/pruebas-de-deteccion-de-vih-en-los-campus-de-mostoles-y-madrid\/"]}]},{"@type":"ImageObject","inLanguage":"es","@id":"https:\/\/www.urjc2030.es\/prus\/pruebas-de-deteccion-de-vih-en-los-campus-de-mostoles-y-madrid\/#primaryimage","url":"https:\/\/www.urjc2030.es\/prus\/wp-content\/uploads\/sites\/11\/2023\/12\/b8ad2a4882e58cef218eb180e093f292_XL.jpg","contentUrl":"https:\/\/www.urjc2030.es\/prus\/wp-content\/uploads\/sites\/11\/2023\/12\/b8ad2a4882e58cef218eb180e093f292_XL.jpg","width":850,"height":567,"caption":"VIH"},{"@type":"BreadcrumbList","@id":"https:\/\/www.urjc2030.es\/prus\/pruebas-de-deteccion-de-vih-en-los-campus-de-mostoles-y-madrid\/#breadcrumb","itemListElement":[{"@type":"ListItem","position":1,"name":"Portada","item":"https:\/\/www.urjc2030.es\/prus\/"},{"@type":"ListItem","position":2,"name":"Pruebas de detecci\u00f3n de VIH en los campus de M\u00f3stoles y Madrid"}]},{"@type":"WebSite","@id":"https:\/\/www.urjc2030.es\/prus\/#website","url":"https:\/\/www.urjc2030.es\/prus\/","name":"Oficina Universidad Saludable","description":"Colaboramos para hacer de la URJC un entorno promotor de salud para las personas que trabajamos y estudiamos en ella","publisher":{"@id":"https:\/\/www.urjc2030.es\/prus\/#organization"},"potentialAction":[{"@type":"SearchAction","target":{"@type":"EntryPoint","urlTemplate":"https:\/\/www.urjc2030.es\/prus\/?s={search_term_string}"},"query-input":{"@type":"PropertyValueSpecification","valueRequired":true,"valueName":"search_term_string"}}],"inLanguage":"es"},{"@type":"Organization","@id":"https:\/\/www.urjc2030.es\/prus\/#organization","name":"Universidad Rey Juan Carlos","url":"https:\/\/www.urjc2030.es\/prus\/","logo":{"@type":"ImageObject","inLanguage":"es","@id":"https:\/\/www.urjc2030.es\/prus\/#\/schema\/logo\/image\/","url":"https:\/\/www.urjc2030.es\/prus\/wp-content\/uploads\/sites\/11\/2020\/10\/logoURJC.png","contentUrl":"https:\/\/www.urjc2030.es\/prus\/wp-content\/uploads\/sites\/11\/2020\/10\/logoURJC.png","width":800,"height":305,"caption":"Universidad Rey Juan Carlos"},"image":{"@id":"https:\/\/www.urjc2030.es\/prus\/#\/schema\/logo\/image\/"},"sameAs":["https:\/\/www.facebook.com\/universidadreyjuancarlos","https:\/\/x.com\/urjc","https:\/\/www.instagram.com\/urjc_uni\/?hl=es"]},{"@type":"Person","@id":"https:\/\/www.urjc2030.es\/prus\/#\/schema\/person\/ddacb9e5abf914ab720a3d13fc047418","name":"carlos","image":{"@type":"ImageObject","inLanguage":"es","@id":"https:\/\/secure.gravatar.com\/avatar\/98e1c0d637a9f3d3cd2be0e49e5387245f96e039452a34f919c9e800cad0f304?s=96&d=mm&r=g","url":"https:\/\/secure.gravatar.com\/avatar\/98e1c0d637a9f3d3cd2be0e49e5387245f96e039452a34f919c9e800cad0f304?s=96&d=mm&r=g","contentUrl":"https:\/\/secure.gravatar.com\/avatar\/98e1c0d637a9f3d3cd2be0e49e5387245f96e039452a34f919c9e800cad0f304?s=96&d=mm&r=g","caption":"carlos"}}]}},"_links":{"self":[{"href":"https:\/\/www.urjc2030.es\/prus\/wp-json\/wp\/v2\/posts\/2855","targetHints":{"allow":["GET"]}}],"collection":[{"href":"https:\/\/www.urjc2030.es\/prus\/wp-json\/wp\/v2\/posts"}],"about":[{"href":"https:\/\/www.urjc2030.es\/prus\/wp-json\/wp\/v2\/types\/post"}],"author":[{"embeddable":true,"href":"https:\/\/www.urjc2030.es\/prus\/wp-json\/wp\/v2\/users\/10"}],"replies":[{"embeddable":true,"href":"https:\/\/www.urjc2030.es\/prus\/wp-json\/wp\/v2\/comments?post=2855"}],"version-history":[{"count":2,"href":"https:\/\/www.urjc2030.es\/prus\/wp-json\/wp\/v2\/posts\/2855\/revisions"}],"predecessor-version":[{"id":2858,"href":"https:\/\/www.urjc2030.es\/prus\/wp-json\/wp\/v2\/posts\/2855\/revisions\/2858"}],"wp:featuredmedia":[{"embeddable":true,"href":"https:\/\/www.urjc2030.es\/prus\/wp-json\/wp\/v2\/media\/2856"}],"wp:attachment":[{"href":"https:\/\/www.urjc2030.es\/prus\/wp-json\/wp\/v2\/media?parent=2855"}],"wp:term":[{"taxonomy":"category","embeddable":true,"href":"https:\/\/www.urjc2030.es\/prus\/wp-json\/wp\/v2\/categories?post=2855"},{"taxonomy":"post_tag","embeddable":true,"href":"https:\/\/www.urjc2030.es\/prus\/wp-json\/wp\/v2\/tags?post=2855"}],"curies":[{"name":"wp","href":"https:\/\/api.w.org\/{rel}","templated":true}]}}