{"id":1081,"date":"2021-03-08T15:48:07","date_gmt":"2021-03-08T15:48:07","guid":{"rendered":"https:\/\/www.urjc2030.es\/uapdnee\/?p=1081"},"modified":"2021-03-08T15:48:07","modified_gmt":"2021-03-08T15:48:07","slug":"cocemfe-organiza-jornada-digital-sobre-economia-social","status":"publish","type":"post","link":"https:\/\/www.urjc2030.es\/uapdnee\/cocemfe-organiza-jornada-digital-sobre-economia-social\/","title":{"rendered":"La Confederaci\u00f3n Espa\u00f1ola de Personas con Discapacidad F\u00edsica y Org\u00e1nica organiza una jornada digital sobre econom\u00eda social"},"content":{"rendered":"<p><strong><a href=\"https:\/\/www.urjc2030.es\/uapdnee\/wp-content\/uploads\/sites\/9\/2021\/03\/COCEMFE-Jornada-Redes-Entidades-Proposito-Cartel-Web.jpg\" target=\"_blank\" rel=\"noopener\"><img loading=\"lazy\" decoding=\"async\" class=\"alignright wp-image-1079 size-medium\" src=\"https:\/\/www.urjc2030.es\/uapdnee\/wp-content\/uploads\/sites\/9\/2021\/03\/COCEMFE-Jornada-Redes-Entidades-Proposito-Cartel-Web-300x158.jpg\" alt=\"COCEMFE Jornada Redes Entidades y Proposito Cartel\" width=\"300\" height=\"158\" \/><\/a>Ainhoa Ballesteros Plaza<\/strong>. La Confederaci\u00f3n Espa\u00f1ola de Personas con Discapacidad F\u00edsica y Org\u00e1nica (COCEMFE) celebrar\u00e1 una jornada sobre: <em>Econom\u00eda social. Redes, entidades y Prop\u00f3sito. La oportunidad para construir una sociedad inclusiva y sostenible<\/em>. La apertura ser\u00e1 realizada por el presidente de COCEMFE y por un representante del Ministerio de Trabajo.<\/p>\n<p>Las ponencias pretenden abordar la reputaci\u00f3n corporativa de las empresas, as\u00ed como las nuevas claves de futuro en las organizaciones para lograr una sociedad m\u00e1s justa y sostenible, mediante la colaboraci\u00f3n de las personas con discapacidad.<\/p>\n<p>La jornada tendr\u00e1 lugar el jueves 11 de marzo de 10:00 a 13:30. Contar\u00e1 con la intervenci\u00f3n de ponentes pertenecientes a diferentes entidades sociales y empresas, como la directora de Intelligence &amp; Knowledge de Corporate Excellence &#8211; Centre for Reputation Leadership, quien hablar\u00e1 sobre \u201cLa Reputaci\u00f3n Corporativa de las Empresas y Prop\u00f3sito, nuevas claves de futuro en las organizaciones para una sociedad m\u00e1s justa y sostenible\u201d.<\/p>\n<p>El secretario de Finanzas de COCEMFE, abordar\u00e1 \u201cLa transformaci\u00f3n inclusiva de las empresas. Impacto en el empleo de las personas con Discapacidad\u201d y el presidente de la Asociaci\u00f3n Empresarial de Centros Espaciales de Empleo (AECEMCO), explicar\u00e1 la \u201cContribuci\u00f3n tangible e intangible de las entidades sociales y de los Centros Especiales de Empleo de la Iniciativa Social al impacto de la Econom\u00eda social\u201d.<\/p>\n<p>Por su parte, el director del \u00c1rea de Inclusi\u00f3n Social de la Fundaci\u00f3n \u201cLa Caixa\u201d, abordar\u00e1 \u201cLas Redes colaborativas. Prop\u00f3sito compartido y eficiencia para un mercado de trabajo m\u00e1s inclusivo\u201d y la directora de Negocio Responsable de BBVA plantear\u00e1 \u201cLa Responsabilidad Social Empresarial (RSE) orientada a la colaboraci\u00f3n con las Personas con Discapacidad\u201d.<\/p>\n<p>Finalmente, la jornada ser\u00e1 concluida con las intervenciones de la secretaria de Organizaci\u00f3n de COCEMFE y la directora General de Trabajo Aut\u00f3nomo, Econom\u00eda Social y Responsabilidad Social de las Empresas, entre muchos otros.<\/p>\n","protected":false},"excerpt":{"rendered":"<p>Ainhoa Ballesteros Plaza. La Confederaci\u00f3n Espa\u00f1ola de Personas con Discapacidad F\u00edsica y Org\u00e1nica (COCEMFE) celebrar\u00e1 una jornada sobre: Econom\u00eda social. Redes, entidades y Prop\u00f3sito. La oportunidad para construir una sociedad inclusiva y sostenible. La apertura ser\u00e1 realizada por el presidente de COCEMFE y por un representante del Ministerio de Trabajo. Las ponencias pretenden abordar la [&hellip;]<\/p>\n","protected":false},"author":4,"featured_media":1079,"comment_status":"closed","ping_status":"closed","sticky":false,"template":"","format":"standard","meta":{"_et_pb_use_builder":"","_et_pb_old_content":"","_et_gb_content_width":"","cybocfi_hide_featured_image":"","footnotes":""},"categories":[10],"tags":[],"class_list":["post-1081","post","type-post","status-publish","format-standard","has-post-thumbnail","hentry","category-agenda-uapdnee"],"yoast_head":"<!-- This site is optimized with the Yoast SEO plugin v27.5 - https:\/\/yoast.com\/product\/yoast-seo-wordpress\/ -->\n<title>La Confederaci\u00f3n Espa\u00f1ola de Personas con Discapacidad F\u00edsica y Org\u00e1nica organiza una jornada digital sobre econom\u00eda social - Unidad de Atenci\u00f3n a Personas con Discapacidad y Necesidades Educativas Especiales<\/title>\n<meta name=\"robots\" content=\"index, follow, max-snippet:-1, max-image-preview:large, max-video-preview:-1\" \/>\n<link rel=\"canonical\" href=\"https:\/\/www.urjc2030.es\/uapdnee\/cocemfe-organiza-jornada-digital-sobre-economia-social\/\" \/>\n<meta property=\"og:locale\" content=\"es_ES\" \/>\n<meta property=\"og:type\" content=\"article\" \/>\n<meta property=\"og:title\" content=\"La Confederaci\u00f3n Espa\u00f1ola de Personas con Discapacidad F\u00edsica y Org\u00e1nica organiza una jornada digital sobre econom\u00eda social - Unidad de Atenci\u00f3n a Personas con Discapacidad y Necesidades Educativas Especiales\" \/>\n<meta property=\"og:description\" content=\"Ainhoa Ballesteros Plaza. La Confederaci\u00f3n Espa\u00f1ola de Personas con Discapacidad F\u00edsica y Org\u00e1nica (COCEMFE) celebrar\u00e1 una jornada sobre: Econom\u00eda social. Redes, entidades y Prop\u00f3sito. La oportunidad para construir una sociedad inclusiva y sostenible. La apertura ser\u00e1 realizada por el presidente de COCEMFE y por un representante del Ministerio de Trabajo. Las ponencias pretenden abordar la [&hellip;]\" \/>\n<meta property=\"og:url\" content=\"https:\/\/www.urjc2030.es\/uapdnee\/cocemfe-organiza-jornada-digital-sobre-economia-social\/\" \/>\n<meta property=\"og:site_name\" content=\"Unidad de Atenci\u00f3n a Personas con Discapacidad y Necesidades Educativas Especiales\" \/>\n<meta property=\"article:publisher\" content=\"https:\/\/www.facebook.com\/universidadreyjuancarlos\" \/>\n<meta property=\"article:published_time\" content=\"2021-03-08T15:48:07+00:00\" \/>\n<meta property=\"og:image\" content=\"https:\/\/www.urjc2030.es\/uapdnee\/wp-content\/uploads\/sites\/9\/2021\/03\/COCEMFE-Jornada-Redes-Entidades-Proposito-Cartel-Web.jpg\" \/>\n\t<meta property=\"og:image:width\" content=\"867\" \/>\n\t<meta property=\"og:image:height\" content=\"456\" \/>\n\t<meta property=\"og:image:type\" content=\"image\/jpeg\" \/>\n<meta name=\"author\" content=\"manuelmontes\" \/>\n<meta name=\"twitter:card\" content=\"summary_large_image\" \/>\n<meta name=\"twitter:creator\" content=\"@urjc\" \/>\n<meta name=\"twitter:site\" content=\"@urjc\" \/>\n<script type=\"application\/ld+json\" class=\"yoast-schema-graph\">{\"@context\":\"https:\\\/\\\/schema.org\",\"@graph\":[{\"@type\":\"Article\",\"@id\":\"https:\\\/\\\/www.urjc2030.es\\\/uapdnee\\\/cocemfe-organiza-jornada-digital-sobre-economia-social\\\/#article\",\"isPartOf\":{\"@id\":\"https:\\\/\\\/www.urjc2030.es\\\/uapdnee\\\/cocemfe-organiza-jornada-digital-sobre-economia-social\\\/\"},\"author\":{\"name\":\"manuelmontes\",\"@id\":\"https:\\\/\\\/www.urjc2030.es\\\/uapdnee\\\/#\\\/schema\\\/person\\\/c11960e1b4f082b313c6cded6df9810d\"},\"headline\":\"La Confederaci\u00f3n Espa\u00f1ola de Personas con Discapacidad F\u00edsica y Org\u00e1nica organiza una jornada digital sobre econom\u00eda social\",\"datePublished\":\"2021-03-08T15:48:07+00:00\",\"mainEntityOfPage\":{\"@id\":\"https:\\\/\\\/www.urjc2030.es\\\/uapdnee\\\/cocemfe-organiza-jornada-digital-sobre-economia-social\\\/\"},\"wordCount\":344,\"publisher\":{\"@id\":\"https:\\\/\\\/www.urjc2030.es\\\/uapdnee\\\/#organization\"},\"image\":{\"@id\":\"https:\\\/\\\/www.urjc2030.es\\\/uapdnee\\\/cocemfe-organiza-jornada-digital-sobre-economia-social\\\/#primaryimage\"},\"thumbnailUrl\":\"https:\\\/\\\/www.urjc2030.es\\\/uapdnee\\\/wp-content\\\/uploads\\\/sites\\\/9\\\/2021\\\/03\\\/COCEMFE-Jornada-Redes-Entidades-Proposito-Cartel-Web.jpg\",\"articleSection\":[\"Agenda\"],\"inLanguage\":\"es\"},{\"@type\":\"WebPage\",\"@id\":\"https:\\\/\\\/www.urjc2030.es\\\/uapdnee\\\/cocemfe-organiza-jornada-digital-sobre-economia-social\\\/\",\"url\":\"https:\\\/\\\/www.urjc2030.es\\\/uapdnee\\\/cocemfe-organiza-jornada-digital-sobre-economia-social\\\/\",\"name\":\"La Confederaci\u00f3n Espa\u00f1ola de Personas con Discapacidad F\u00edsica y Org\u00e1nica organiza una jornada digital sobre econom\u00eda social - Unidad de Atenci\u00f3n a Personas con Discapacidad y Necesidades Educativas Especiales\",\"isPartOf\":{\"@id\":\"https:\\\/\\\/www.urjc2030.es\\\/uapdnee\\\/#website\"},\"primaryImageOfPage\":{\"@id\":\"https:\\\/\\\/www.urjc2030.es\\\/uapdnee\\\/cocemfe-organiza-jornada-digital-sobre-economia-social\\\/#primaryimage\"},\"image\":{\"@id\":\"https:\\\/\\\/www.urjc2030.es\\\/uapdnee\\\/cocemfe-organiza-jornada-digital-sobre-economia-social\\\/#primaryimage\"},\"thumbnailUrl\":\"https:\\\/\\\/www.urjc2030.es\\\/uapdnee\\\/wp-content\\\/uploads\\\/sites\\\/9\\\/2021\\\/03\\\/COCEMFE-Jornada-Redes-Entidades-Proposito-Cartel-Web.jpg\",\"datePublished\":\"2021-03-08T15:48:07+00:00\",\"breadcrumb\":{\"@id\":\"https:\\\/\\\/www.urjc2030.es\\\/uapdnee\\\/cocemfe-organiza-jornada-digital-sobre-economia-social\\\/#breadcrumb\"},\"inLanguage\":\"es\",\"potentialAction\":[{\"@type\":\"ReadAction\",\"target\":[\"https:\\\/\\\/www.urjc2030.es\\\/uapdnee\\\/cocemfe-organiza-jornada-digital-sobre-economia-social\\\/\"]}]},{\"@type\":\"ImageObject\",\"inLanguage\":\"es\",\"@id\":\"https:\\\/\\\/www.urjc2030.es\\\/uapdnee\\\/cocemfe-organiza-jornada-digital-sobre-economia-social\\\/#primaryimage\",\"url\":\"https:\\\/\\\/www.urjc2030.es\\\/uapdnee\\\/wp-content\\\/uploads\\\/sites\\\/9\\\/2021\\\/03\\\/COCEMFE-Jornada-Redes-Entidades-Proposito-Cartel-Web.jpg\",\"contentUrl\":\"https:\\\/\\\/www.urjc2030.es\\\/uapdnee\\\/wp-content\\\/uploads\\\/sites\\\/9\\\/2021\\\/03\\\/COCEMFE-Jornada-Redes-Entidades-Proposito-Cartel-Web.jpg\",\"width\":867,\"height\":456,\"caption\":\"COCEMFE Jornada Redes Entidades y Proposito Cartel\"},{\"@type\":\"BreadcrumbList\",\"@id\":\"https:\\\/\\\/www.urjc2030.es\\\/uapdnee\\\/cocemfe-organiza-jornada-digital-sobre-economia-social\\\/#breadcrumb\",\"itemListElement\":[{\"@type\":\"ListItem\",\"position\":1,\"name\":\"Portada\",\"item\":\"https:\\\/\\\/www.urjc2030.es\\\/uapdnee\\\/\"},{\"@type\":\"ListItem\",\"position\":2,\"name\":\"La Confederaci\u00f3n Espa\u00f1ola de Personas con Discapacidad F\u00edsica y Org\u00e1nica organiza una jornada digital sobre econom\u00eda social\"}]},{\"@type\":\"WebSite\",\"@id\":\"https:\\\/\\\/www.urjc2030.es\\\/uapdnee\\\/#website\",\"url\":\"https:\\\/\\\/www.urjc2030.es\\\/uapdnee\\\/\",\"name\":\"Unidad de Atenci\u00f3n a Personas con Discapacidad y Necesidades Educativas Especiales\",\"description\":\"Gozar de las mismas oportunidades bajo el prisma de igualdad de oportunidades.\",\"publisher\":{\"@id\":\"https:\\\/\\\/www.urjc2030.es\\\/uapdnee\\\/#organization\"},\"potentialAction\":[{\"@type\":\"SearchAction\",\"target\":{\"@type\":\"EntryPoint\",\"urlTemplate\":\"https:\\\/\\\/www.urjc2030.es\\\/uapdnee\\\/?s={search_term_string}\"},\"query-input\":{\"@type\":\"PropertyValueSpecification\",\"valueRequired\":true,\"valueName\":\"search_term_string\"}}],\"inLanguage\":\"es\"},{\"@type\":\"Organization\",\"@id\":\"https:\\\/\\\/www.urjc2030.es\\\/uapdnee\\\/#organization\",\"name\":\"Universidad Rey Juan Carlos\",\"url\":\"https:\\\/\\\/www.urjc2030.es\\\/uapdnee\\\/\",\"logo\":{\"@type\":\"ImageObject\",\"inLanguage\":\"es\",\"@id\":\"https:\\\/\\\/www.urjc2030.es\\\/uapdnee\\\/#\\\/schema\\\/logo\\\/image\\\/\",\"url\":\"https:\\\/\\\/www.urjc2030.es\\\/uapdnee\\\/wp-content\\\/uploads\\\/sites\\\/9\\\/2020\\\/10\\\/logoURJC.png\",\"contentUrl\":\"https:\\\/\\\/www.urjc2030.es\\\/uapdnee\\\/wp-content\\\/uploads\\\/sites\\\/9\\\/2020\\\/10\\\/logoURJC.png\",\"width\":800,\"height\":305,\"caption\":\"Universidad Rey Juan Carlos\"},\"image\":{\"@id\":\"https:\\\/\\\/www.urjc2030.es\\\/uapdnee\\\/#\\\/schema\\\/logo\\\/image\\\/\"},\"sameAs\":[\"https:\\\/\\\/www.facebook.com\\\/universidadreyjuancarlos\",\"https:\\\/\\\/x.com\\\/urjc\",\"https:\\\/\\\/www.instagram.com\\\/urjc_uni\\\/?hl=es\"]},{\"@type\":\"Person\",\"@id\":\"https:\\\/\\\/www.urjc2030.es\\\/uapdnee\\\/#\\\/schema\\\/person\\\/c11960e1b4f082b313c6cded6df9810d\",\"name\":\"manuelmontes\",\"image\":{\"@type\":\"ImageObject\",\"inLanguage\":\"es\",\"@id\":\"https:\\\/\\\/secure.gravatar.com\\\/avatar\\\/a5393e1280028f4c1020b5cafdab0b01785c98430d235b41a2479b872b4d2fdc?s=96&d=mm&r=g\",\"url\":\"https:\\\/\\\/secure.gravatar.com\\\/avatar\\\/a5393e1280028f4c1020b5cafdab0b01785c98430d235b41a2479b872b4d2fdc?s=96&d=mm&r=g\",\"contentUrl\":\"https:\\\/\\\/secure.gravatar.com\\\/avatar\\\/a5393e1280028f4c1020b5cafdab0b01785c98430d235b41a2479b872b4d2fdc?s=96&d=mm&r=g\",\"caption\":\"manuelmontes\"}}]}<\/script>\n<!-- \/ Yoast SEO plugin. -->","yoast_head_json":{"title":"La Confederaci\u00f3n Espa\u00f1ola de Personas con Discapacidad F\u00edsica y Org\u00e1nica organiza una jornada digital sobre econom\u00eda social - Unidad de Atenci\u00f3n a Personas con Discapacidad y Necesidades Educativas Especiales","robots":{"index":"index","follow":"follow","max-snippet":"max-snippet:-1","max-image-preview":"max-image-preview:large","max-video-preview":"max-video-preview:-1"},"canonical":"https:\/\/www.urjc2030.es\/uapdnee\/cocemfe-organiza-jornada-digital-sobre-economia-social\/","og_locale":"es_ES","og_type":"article","og_title":"La Confederaci\u00f3n Espa\u00f1ola de Personas con Discapacidad F\u00edsica y Org\u00e1nica organiza una jornada digital sobre econom\u00eda social - Unidad de Atenci\u00f3n a Personas con Discapacidad y Necesidades Educativas Especiales","og_description":"Ainhoa Ballesteros Plaza. La Confederaci\u00f3n Espa\u00f1ola de Personas con Discapacidad F\u00edsica y Org\u00e1nica (COCEMFE) celebrar\u00e1 una jornada sobre: Econom\u00eda social. Redes, entidades y Prop\u00f3sito. La oportunidad para construir una sociedad inclusiva y sostenible. La apertura ser\u00e1 realizada por el presidente de COCEMFE y por un representante del Ministerio de Trabajo. Las ponencias pretenden abordar la [&hellip;]","og_url":"https:\/\/www.urjc2030.es\/uapdnee\/cocemfe-organiza-jornada-digital-sobre-economia-social\/","og_site_name":"Unidad de Atenci\u00f3n a Personas con Discapacidad y Necesidades Educativas Especiales","article_publisher":"https:\/\/www.facebook.com\/universidadreyjuancarlos","article_published_time":"2021-03-08T15:48:07+00:00","og_image":[{"width":867,"height":456,"url":"https:\/\/www.urjc2030.es\/uapdnee\/wp-content\/uploads\/sites\/9\/2021\/03\/COCEMFE-Jornada-Redes-Entidades-Proposito-Cartel-Web.jpg","type":"image\/jpeg"}],"author":"manuelmontes","twitter_card":"summary_large_image","twitter_creator":"@urjc","twitter_site":"@urjc","schema":{"@context":"https:\/\/schema.org","@graph":[{"@type":"Article","@id":"https:\/\/www.urjc2030.es\/uapdnee\/cocemfe-organiza-jornada-digital-sobre-economia-social\/#article","isPartOf":{"@id":"https:\/\/www.urjc2030.es\/uapdnee\/cocemfe-organiza-jornada-digital-sobre-economia-social\/"},"author":{"name":"manuelmontes","@id":"https:\/\/www.urjc2030.es\/uapdnee\/#\/schema\/person\/c11960e1b4f082b313c6cded6df9810d"},"headline":"La Confederaci\u00f3n Espa\u00f1ola de Personas con Discapacidad F\u00edsica y Org\u00e1nica organiza una jornada digital sobre econom\u00eda social","datePublished":"2021-03-08T15:48:07+00:00","mainEntityOfPage":{"@id":"https:\/\/www.urjc2030.es\/uapdnee\/cocemfe-organiza-jornada-digital-sobre-economia-social\/"},"wordCount":344,"publisher":{"@id":"https:\/\/www.urjc2030.es\/uapdnee\/#organization"},"image":{"@id":"https:\/\/www.urjc2030.es\/uapdnee\/cocemfe-organiza-jornada-digital-sobre-economia-social\/#primaryimage"},"thumbnailUrl":"https:\/\/www.urjc2030.es\/uapdnee\/wp-content\/uploads\/sites\/9\/2021\/03\/COCEMFE-Jornada-Redes-Entidades-Proposito-Cartel-Web.jpg","articleSection":["Agenda"],"inLanguage":"es"},{"@type":"WebPage","@id":"https:\/\/www.urjc2030.es\/uapdnee\/cocemfe-organiza-jornada-digital-sobre-economia-social\/","url":"https:\/\/www.urjc2030.es\/uapdnee\/cocemfe-organiza-jornada-digital-sobre-economia-social\/","name":"La Confederaci\u00f3n Espa\u00f1ola de Personas con Discapacidad F\u00edsica y Org\u00e1nica organiza una jornada digital sobre econom\u00eda social - Unidad de Atenci\u00f3n a Personas con Discapacidad y Necesidades Educativas Especiales","isPartOf":{"@id":"https:\/\/www.urjc2030.es\/uapdnee\/#website"},"primaryImageOfPage":{"@id":"https:\/\/www.urjc2030.es\/uapdnee\/cocemfe-organiza-jornada-digital-sobre-economia-social\/#primaryimage"},"image":{"@id":"https:\/\/www.urjc2030.es\/uapdnee\/cocemfe-organiza-jornada-digital-sobre-economia-social\/#primaryimage"},"thumbnailUrl":"https:\/\/www.urjc2030.es\/uapdnee\/wp-content\/uploads\/sites\/9\/2021\/03\/COCEMFE-Jornada-Redes-Entidades-Proposito-Cartel-Web.jpg","datePublished":"2021-03-08T15:48:07+00:00","breadcrumb":{"@id":"https:\/\/www.urjc2030.es\/uapdnee\/cocemfe-organiza-jornada-digital-sobre-economia-social\/#breadcrumb"},"inLanguage":"es","potentialAction":[{"@type":"ReadAction","target":["https:\/\/www.urjc2030.es\/uapdnee\/cocemfe-organiza-jornada-digital-sobre-economia-social\/"]}]},{"@type":"ImageObject","inLanguage":"es","@id":"https:\/\/www.urjc2030.es\/uapdnee\/cocemfe-organiza-jornada-digital-sobre-economia-social\/#primaryimage","url":"https:\/\/www.urjc2030.es\/uapdnee\/wp-content\/uploads\/sites\/9\/2021\/03\/COCEMFE-Jornada-Redes-Entidades-Proposito-Cartel-Web.jpg","contentUrl":"https:\/\/www.urjc2030.es\/uapdnee\/wp-content\/uploads\/sites\/9\/2021\/03\/COCEMFE-Jornada-Redes-Entidades-Proposito-Cartel-Web.jpg","width":867,"height":456,"caption":"COCEMFE Jornada Redes Entidades y Proposito Cartel"},{"@type":"BreadcrumbList","@id":"https:\/\/www.urjc2030.es\/uapdnee\/cocemfe-organiza-jornada-digital-sobre-economia-social\/#breadcrumb","itemListElement":[{"@type":"ListItem","position":1,"name":"Portada","item":"https:\/\/www.urjc2030.es\/uapdnee\/"},{"@type":"ListItem","position":2,"name":"La Confederaci\u00f3n Espa\u00f1ola de Personas con Discapacidad F\u00edsica y Org\u00e1nica organiza una jornada digital sobre econom\u00eda social"}]},{"@type":"WebSite","@id":"https:\/\/www.urjc2030.es\/uapdnee\/#website","url":"https:\/\/www.urjc2030.es\/uapdnee\/","name":"Unidad de Atenci\u00f3n a Personas con Discapacidad y Necesidades Educativas Especiales","description":"Gozar de las mismas oportunidades bajo el prisma de igualdad de oportunidades.","publisher":{"@id":"https:\/\/www.urjc2030.es\/uapdnee\/#organization"},"potentialAction":[{"@type":"SearchAction","target":{"@type":"EntryPoint","urlTemplate":"https:\/\/www.urjc2030.es\/uapdnee\/?s={search_term_string}"},"query-input":{"@type":"PropertyValueSpecification","valueRequired":true,"valueName":"search_term_string"}}],"inLanguage":"es"},{"@type":"Organization","@id":"https:\/\/www.urjc2030.es\/uapdnee\/#organization","name":"Universidad Rey Juan Carlos","url":"https:\/\/www.urjc2030.es\/uapdnee\/","logo":{"@type":"ImageObject","inLanguage":"es","@id":"https:\/\/www.urjc2030.es\/uapdnee\/#\/schema\/logo\/image\/","url":"https:\/\/www.urjc2030.es\/uapdnee\/wp-content\/uploads\/sites\/9\/2020\/10\/logoURJC.png","contentUrl":"https:\/\/www.urjc2030.es\/uapdnee\/wp-content\/uploads\/sites\/9\/2020\/10\/logoURJC.png","width":800,"height":305,"caption":"Universidad Rey Juan Carlos"},"image":{"@id":"https:\/\/www.urjc2030.es\/uapdnee\/#\/schema\/logo\/image\/"},"sameAs":["https:\/\/www.facebook.com\/universidadreyjuancarlos","https:\/\/x.com\/urjc","https:\/\/www.instagram.com\/urjc_uni\/?hl=es"]},{"@type":"Person","@id":"https:\/\/www.urjc2030.es\/uapdnee\/#\/schema\/person\/c11960e1b4f082b313c6cded6df9810d","name":"manuelmontes","image":{"@type":"ImageObject","inLanguage":"es","@id":"https:\/\/secure.gravatar.com\/avatar\/a5393e1280028f4c1020b5cafdab0b01785c98430d235b41a2479b872b4d2fdc?s=96&d=mm&r=g","url":"https:\/\/secure.gravatar.com\/avatar\/a5393e1280028f4c1020b5cafdab0b01785c98430d235b41a2479b872b4d2fdc?s=96&d=mm&r=g","contentUrl":"https:\/\/secure.gravatar.com\/avatar\/a5393e1280028f4c1020b5cafdab0b01785c98430d235b41a2479b872b4d2fdc?s=96&d=mm&r=g","caption":"manuelmontes"}}]}},"_links":{"self":[{"href":"https:\/\/www.urjc2030.es\/uapdnee\/wp-json\/wp\/v2\/posts\/1081","targetHints":{"allow":["GET"]}}],"collection":[{"href":"https:\/\/www.urjc2030.es\/uapdnee\/wp-json\/wp\/v2\/posts"}],"about":[{"href":"https:\/\/www.urjc2030.es\/uapdnee\/wp-json\/wp\/v2\/types\/post"}],"author":[{"embeddable":true,"href":"https:\/\/www.urjc2030.es\/uapdnee\/wp-json\/wp\/v2\/users\/4"}],"replies":[{"embeddable":true,"href":"https:\/\/www.urjc2030.es\/uapdnee\/wp-json\/wp\/v2\/comments?post=1081"}],"version-history":[{"count":1,"href":"https:\/\/www.urjc2030.es\/uapdnee\/wp-json\/wp\/v2\/posts\/1081\/revisions"}],"predecessor-version":[{"id":1082,"href":"https:\/\/www.urjc2030.es\/uapdnee\/wp-json\/wp\/v2\/posts\/1081\/revisions\/1082"}],"wp:featuredmedia":[{"embeddable":true,"href":"https:\/\/www.urjc2030.es\/uapdnee\/wp-json\/wp\/v2\/media\/1079"}],"wp:attachment":[{"href":"https:\/\/www.urjc2030.es\/uapdnee\/wp-json\/wp\/v2\/media?parent=1081"}],"wp:term":[{"taxonomy":"category","embeddable":true,"href":"https:\/\/www.urjc2030.es\/uapdnee\/wp-json\/wp\/v2\/categories?post=1081"},{"taxonomy":"post_tag","embeddable":true,"href":"https:\/\/www.urjc2030.es\/uapdnee\/wp-json\/wp\/v2\/tags?post=1081"}],"curies":[{"name":"wp","href":"https:\/\/api.w.org\/{rel}","templated":true}]}}