{"id":1274,"date":"2022-03-08T16:25:19","date_gmt":"2022-03-08T16:25:19","guid":{"rendered":"https:\/\/www.urjc2030.es\/uapdnee\/?p=1274"},"modified":"2022-03-08T18:44:12","modified_gmt":"2022-03-08T18:44:12","slug":"8-de-marzo-dia-internacional-de-la-mujer","status":"publish","type":"post","link":"https:\/\/www.urjc2030.es\/uapdnee\/8-de-marzo-dia-internacional-de-la-mujer\/","title":{"rendered":"8 de marzo, d\u00eda internacional de la mujer"},"content":{"rendered":"<p><img decoding=\"async\" class=\"size-full wp-image-1275 alignright\" src=\"https:\/\/www.urjc2030.es\/uapdnee\/wp-content\/uploads\/sites\/9\/2022\/03\/ZXzSeE1E.png\" alt=\"8m\" width=\"450\" height=\"auto\" srcset=\"https:\/\/www.urjc2030.es\/uapdnee\/wp-content\/uploads\/sites\/9\/2022\/03\/ZXzSeE1E.png 1500w, https:\/\/www.urjc2030.es\/uapdnee\/wp-content\/uploads\/sites\/9\/2022\/03\/ZXzSeE1E-1280x427.png 1280w, https:\/\/www.urjc2030.es\/uapdnee\/wp-content\/uploads\/sites\/9\/2022\/03\/ZXzSeE1E-980x327.png 980w, https:\/\/www.urjc2030.es\/uapdnee\/wp-content\/uploads\/sites\/9\/2022\/03\/ZXzSeE1E-480x160.png 480w\" sizes=\"(min-width: 0px) and (max-width: 480px) 480px, (min-width: 481px) and (max-width: 980px) 980px, (min-width: 981px) and (max-width: 1280px) 1280px, (min-width: 1281px) 1500px, 100vw\" \/>Hoy, 8 de marzo, es el d\u00eda internacional de la mujer, anteriormente conocido como <em>d\u00eda internacional de la mujer trabajadora <\/em>que se celebra desde que <a href=\"https:\/\/www.un.org\/es\/observances\/womens-day\/background\" target=\"_blank\" rel=\"noopener\">l<strong>as Naciones Unidas (ONU) lo proclam\u00f3 en 1975,<\/strong><\/a> y tiene sus or\u00edgenes a comienzos del siglo XX, cuando las mujeres trabajadoras empezaron a reivindicar el sufragio universal, mejoras condiciones de trabajo e igualdad independientemente del sexo.<\/p>\n<p>El lema de este a\u00f1o de la ONU es <a href=\"https:\/\/www.unwomen.org\/es\/noticias\/anuncio\/2021\/12\/dia-internacional-de-la-mujer-2022-igualdad-de-genero-hoy-para-un-manana-sostenible#:~:text=El%20tema%20del%20D%C3%ADa%20Internacional,para%20construir%20un%20futuro%20m%C3%A1s\" target=\"_blank\" rel=\"noopener\"><strong>\u201cIgualdad de g\u00e9nero hoy para un ma\u00f1ana sostenible\u201d<\/strong><\/a>, en el cual se \u201c<em>reconoce la contribuci\u00f3n de las mujeres y las ni\u00f1as de todo el mundo, que est\u00e1n liderando los esfuerzos de respuesta, mitigaci\u00f3n y adaptaci\u00f3n al cambio clim\u00e1tico para construir un futuro m\u00e1s sostenible para todas las personas\u201d. <\/em>Por ese motivo, fomentar esta igualdad resulta clave en este contexto de crisis clim\u00e1ticas, desastres naturales y movimientos migratorios, \u201c<em>ya que el cambio clim\u00e1tico y la sostenibilidad han tenido y seguir\u00e1n teniendo consecuencias graves y duraderas en nuestro desarrollo social, econ\u00f3mico y medioambiental. Las personas m\u00e1s vulnerables y marginadas son quienes sufren sus efectos m\u00e1s nefastos\u201d.<\/em><\/p>\n<p>Desde la Unidad de atenci\u00f3n a personas con discapacidad y necesidades educativas especiales, para conmemorar este d\u00eda, os invitamos a asistir a las jornadas online organizadas por la Unidad de Igualdad en el marco de la celebraci\u00f3n del \u201cD\u00eda internacional de la mujer\u201d. Las actividades organizadas son las siguientes:<\/p>\n<ul>\n<li><strong>SEMINARIO DE PROMOCI\u00d3N DE LAS SALUD SEXUAL Y REPRODUCTIVA \u201cPOZOS DE PASI\u00d3N\u201d &#8211; <\/strong>07\/03\/2022 de 17:00 a 19:00 h\u00a0<strong><a href=\"https:\/\/forms.office.com\/Pages\/ResponsePage.aspx?id=6sSEXw03nkuDDHVvi_G1H80QID9JWS5Mgx_B3IMoCIVUN0VMUEFBSEUzSVhLMFE3VTlBODlRWjZHMC4u\" target=\"_blank\" rel=\"noopener\">Inscripci\u00f3n PAS-PDI<\/a><\/strong><\/li>\n<li><strong>EL IMPACTO DE LA IDEALIZACI\u00d3N FEMENINA EN LOS MEDIOS Y LA FICCI\u00d3N<\/strong> &#8211; 10\/03\/2022 de 10:00 a 13:00 h\u00a0<strong><a href=\"https:\/\/forms.office.com\/Pages\/ResponsePage.aspx?id=6sSEXw03nkuDDHVvi_G1H80QID9JWS5Mgx_B3IMoCIVUQzI1VU5CSVUxVU1PUDFZT1k1SEFZNjEwTi4u\" target=\"_blank\" rel=\"noopener\">Inscripci\u00f3n PAS-PDI<\/a><\/strong><\/li>\n<li><strong>MUJERES CON DISCAPACIDAD DESDE UN ENFOQUE DE G\u00c9NERO Y DERECHOS: VISIBILIZANDO LAS DESIGUALDADES DE G\u00c9NERO Y DISCAPACIDAD &#8211;<\/strong> 10\/03\/2022 de 16:30 a 19:00 h\u00a0<strong><a href=\"https:\/\/forms.office.com\/Pages\/ResponsePage.aspx?id=6sSEXw03nkuDDHVvi_G1H80QID9JWS5Mgx_B3IMoCIVUMVBYRDRINjQ1R0lMSUIwRUpRUjE3RVpLUC4u\" target=\"_blank\" rel=\"noopener\">Inscripci\u00f3n PAS-PDI<\/a><\/strong><\/li>\n<li><strong>PORNOGRAF\u00cdA Y PROSTITUCI\u00d3N, FORMAS DE VIOLENCIA CONTRA LA MUJER<\/strong> &#8211; 15\/03\/2022 de 12:00 a 14:30 h\u00a0<strong><a href=\"https:\/\/forms.office.com\/Pages\/ResponsePage.aspx?id=6sSEXw03nkuDDHVvi_G1H80QID9JWS5Mgx_B3IMoCIVUN04zNTZQVkhSUjg4Szk1N1U5SFhRTEdVTy4u\" target=\"_blank\" rel=\"noopener\">Inscripci\u00f3n PAS-PDI<\/a><\/strong><\/li>\n<\/ul>\n<p><strong><em>Daniel Chaparro Jim\u00e9nez, Becario UAD.<\/em><\/strong><\/p>\n","protected":false},"excerpt":{"rendered":"<p>Hoy, 8 de marzo, es el d\u00eda internacional de la mujer, anteriormente conocido como d\u00eda internacional de la mujer trabajadora que se celebra desde que las Naciones Unidas (ONU) lo proclam\u00f3 en 1975, y tiene sus or\u00edgenes a comienzos del siglo XX, cuando las mujeres trabajadoras empezaron a reivindicar el sufragio universal, mejoras condiciones de [&hellip;]<\/p>\n","protected":false},"author":10,"featured_media":1275,"comment_status":"closed","ping_status":"closed","sticky":false,"template":"","format":"standard","meta":{"_et_pb_use_builder":"","_et_pb_old_content":"","_et_gb_content_width":"","cybocfi_hide_featured_image":"","footnotes":""},"categories":[10],"tags":[],"class_list":["post-1274","post","type-post","status-publish","format-standard","has-post-thumbnail","hentry","category-agenda-uapdnee"],"yoast_head":"<!-- This site is optimized with the Yoast SEO plugin v27.5 - https:\/\/yoast.com\/product\/yoast-seo-wordpress\/ -->\n<title>8 de marzo, d\u00eda internacional de la mujer - Unidad de Atenci\u00f3n a Personas con Discapacidad y Necesidades Educativas Especiales<\/title>\n<meta name=\"robots\" content=\"index, follow, max-snippet:-1, max-image-preview:large, max-video-preview:-1\" \/>\n<link rel=\"canonical\" href=\"https:\/\/www.urjc2030.es\/uapdnee\/8-de-marzo-dia-internacional-de-la-mujer\/\" \/>\n<meta property=\"og:locale\" content=\"es_ES\" \/>\n<meta property=\"og:type\" content=\"article\" \/>\n<meta property=\"og:title\" content=\"8 de marzo, d\u00eda internacional de la mujer - Unidad de Atenci\u00f3n a Personas con Discapacidad y Necesidades Educativas Especiales\" \/>\n<meta property=\"og:description\" content=\"Hoy, 8 de marzo, es el d\u00eda internacional de la mujer, anteriormente conocido como d\u00eda internacional de la mujer trabajadora que se celebra desde que las Naciones Unidas (ONU) lo proclam\u00f3 en 1975, y tiene sus or\u00edgenes a comienzos del siglo XX, cuando las mujeres trabajadoras empezaron a reivindicar el sufragio universal, mejoras condiciones de [&hellip;]\" \/>\n<meta property=\"og:url\" content=\"https:\/\/www.urjc2030.es\/uapdnee\/8-de-marzo-dia-internacional-de-la-mujer\/\" \/>\n<meta property=\"og:site_name\" content=\"Unidad de Atenci\u00f3n a Personas con Discapacidad y Necesidades Educativas Especiales\" \/>\n<meta property=\"article:publisher\" content=\"https:\/\/www.facebook.com\/universidadreyjuancarlos\" \/>\n<meta property=\"article:published_time\" content=\"2022-03-08T16:25:19+00:00\" \/>\n<meta property=\"article:modified_time\" content=\"2022-03-08T18:44:12+00:00\" \/>\n<meta property=\"og:image\" content=\"https:\/\/www.urjc2030.es\/uapdnee\/wp-content\/uploads\/sites\/9\/2022\/03\/ZXzSeE1E.png\" \/>\n\t<meta property=\"og:image:width\" content=\"1500\" \/>\n\t<meta property=\"og:image:height\" content=\"500\" \/>\n\t<meta property=\"og:image:type\" content=\"image\/png\" \/>\n<meta name=\"author\" content=\"carlos\" \/>\n<meta name=\"twitter:card\" content=\"summary_large_image\" \/>\n<meta name=\"twitter:creator\" content=\"@urjc\" \/>\n<meta name=\"twitter:site\" content=\"@urjc\" \/>\n<script type=\"application\/ld+json\" class=\"yoast-schema-graph\">{\"@context\":\"https:\\\/\\\/schema.org\",\"@graph\":[{\"@type\":\"Article\",\"@id\":\"https:\\\/\\\/www.urjc2030.es\\\/uapdnee\\\/8-de-marzo-dia-internacional-de-la-mujer\\\/#article\",\"isPartOf\":{\"@id\":\"https:\\\/\\\/www.urjc2030.es\\\/uapdnee\\\/8-de-marzo-dia-internacional-de-la-mujer\\\/\"},\"author\":{\"name\":\"carlos\",\"@id\":\"https:\\\/\\\/www.urjc2030.es\\\/uapdnee\\\/#\\\/schema\\\/person\\\/ddacb9e5abf914ab720a3d13fc047418\"},\"headline\":\"8 de marzo, d\u00eda internacional de la mujer\",\"datePublished\":\"2022-03-08T16:25:19+00:00\",\"dateModified\":\"2022-03-08T18:44:12+00:00\",\"mainEntityOfPage\":{\"@id\":\"https:\\\/\\\/www.urjc2030.es\\\/uapdnee\\\/8-de-marzo-dia-internacional-de-la-mujer\\\/\"},\"wordCount\":344,\"publisher\":{\"@id\":\"https:\\\/\\\/www.urjc2030.es\\\/uapdnee\\\/#organization\"},\"image\":{\"@id\":\"https:\\\/\\\/www.urjc2030.es\\\/uapdnee\\\/8-de-marzo-dia-internacional-de-la-mujer\\\/#primaryimage\"},\"thumbnailUrl\":\"https:\\\/\\\/www.urjc2030.es\\\/uapdnee\\\/wp-content\\\/uploads\\\/sites\\\/9\\\/2022\\\/03\\\/ZXzSeE1E.png\",\"articleSection\":[\"Agenda\"],\"inLanguage\":\"es\"},{\"@type\":\"WebPage\",\"@id\":\"https:\\\/\\\/www.urjc2030.es\\\/uapdnee\\\/8-de-marzo-dia-internacional-de-la-mujer\\\/\",\"url\":\"https:\\\/\\\/www.urjc2030.es\\\/uapdnee\\\/8-de-marzo-dia-internacional-de-la-mujer\\\/\",\"name\":\"8 de marzo, d\u00eda internacional de la mujer - Unidad de Atenci\u00f3n a Personas con Discapacidad y Necesidades Educativas Especiales\",\"isPartOf\":{\"@id\":\"https:\\\/\\\/www.urjc2030.es\\\/uapdnee\\\/#website\"},\"primaryImageOfPage\":{\"@id\":\"https:\\\/\\\/www.urjc2030.es\\\/uapdnee\\\/8-de-marzo-dia-internacional-de-la-mujer\\\/#primaryimage\"},\"image\":{\"@id\":\"https:\\\/\\\/www.urjc2030.es\\\/uapdnee\\\/8-de-marzo-dia-internacional-de-la-mujer\\\/#primaryimage\"},\"thumbnailUrl\":\"https:\\\/\\\/www.urjc2030.es\\\/uapdnee\\\/wp-content\\\/uploads\\\/sites\\\/9\\\/2022\\\/03\\\/ZXzSeE1E.png\",\"datePublished\":\"2022-03-08T16:25:19+00:00\",\"dateModified\":\"2022-03-08T18:44:12+00:00\",\"breadcrumb\":{\"@id\":\"https:\\\/\\\/www.urjc2030.es\\\/uapdnee\\\/8-de-marzo-dia-internacional-de-la-mujer\\\/#breadcrumb\"},\"inLanguage\":\"es\",\"potentialAction\":[{\"@type\":\"ReadAction\",\"target\":[\"https:\\\/\\\/www.urjc2030.es\\\/uapdnee\\\/8-de-marzo-dia-internacional-de-la-mujer\\\/\"]}]},{\"@type\":\"ImageObject\",\"inLanguage\":\"es\",\"@id\":\"https:\\\/\\\/www.urjc2030.es\\\/uapdnee\\\/8-de-marzo-dia-internacional-de-la-mujer\\\/#primaryimage\",\"url\":\"https:\\\/\\\/www.urjc2030.es\\\/uapdnee\\\/wp-content\\\/uploads\\\/sites\\\/9\\\/2022\\\/03\\\/ZXzSeE1E.png\",\"contentUrl\":\"https:\\\/\\\/www.urjc2030.es\\\/uapdnee\\\/wp-content\\\/uploads\\\/sites\\\/9\\\/2022\\\/03\\\/ZXzSeE1E.png\",\"width\":1500,\"height\":500,\"caption\":\"8m\"},{\"@type\":\"BreadcrumbList\",\"@id\":\"https:\\\/\\\/www.urjc2030.es\\\/uapdnee\\\/8-de-marzo-dia-internacional-de-la-mujer\\\/#breadcrumb\",\"itemListElement\":[{\"@type\":\"ListItem\",\"position\":1,\"name\":\"Portada\",\"item\":\"https:\\\/\\\/www.urjc2030.es\\\/uapdnee\\\/\"},{\"@type\":\"ListItem\",\"position\":2,\"name\":\"8 de marzo, d\u00eda internacional de la mujer\"}]},{\"@type\":\"WebSite\",\"@id\":\"https:\\\/\\\/www.urjc2030.es\\\/uapdnee\\\/#website\",\"url\":\"https:\\\/\\\/www.urjc2030.es\\\/uapdnee\\\/\",\"name\":\"Unidad de Atenci\u00f3n a Personas con Discapacidad y Necesidades Educativas Especiales\",\"description\":\"Gozar de las mismas oportunidades bajo el prisma de igualdad de oportunidades.\",\"publisher\":{\"@id\":\"https:\\\/\\\/www.urjc2030.es\\\/uapdnee\\\/#organization\"},\"potentialAction\":[{\"@type\":\"SearchAction\",\"target\":{\"@type\":\"EntryPoint\",\"urlTemplate\":\"https:\\\/\\\/www.urjc2030.es\\\/uapdnee\\\/?s={search_term_string}\"},\"query-input\":{\"@type\":\"PropertyValueSpecification\",\"valueRequired\":true,\"valueName\":\"search_term_string\"}}],\"inLanguage\":\"es\"},{\"@type\":\"Organization\",\"@id\":\"https:\\\/\\\/www.urjc2030.es\\\/uapdnee\\\/#organization\",\"name\":\"Universidad Rey Juan Carlos\",\"url\":\"https:\\\/\\\/www.urjc2030.es\\\/uapdnee\\\/\",\"logo\":{\"@type\":\"ImageObject\",\"inLanguage\":\"es\",\"@id\":\"https:\\\/\\\/www.urjc2030.es\\\/uapdnee\\\/#\\\/schema\\\/logo\\\/image\\\/\",\"url\":\"https:\\\/\\\/www.urjc2030.es\\\/uapdnee\\\/wp-content\\\/uploads\\\/sites\\\/9\\\/2020\\\/10\\\/logoURJC.png\",\"contentUrl\":\"https:\\\/\\\/www.urjc2030.es\\\/uapdnee\\\/wp-content\\\/uploads\\\/sites\\\/9\\\/2020\\\/10\\\/logoURJC.png\",\"width\":800,\"height\":305,\"caption\":\"Universidad Rey Juan Carlos\"},\"image\":{\"@id\":\"https:\\\/\\\/www.urjc2030.es\\\/uapdnee\\\/#\\\/schema\\\/logo\\\/image\\\/\"},\"sameAs\":[\"https:\\\/\\\/www.facebook.com\\\/universidadreyjuancarlos\",\"https:\\\/\\\/x.com\\\/urjc\",\"https:\\\/\\\/www.instagram.com\\\/urjc_uni\\\/?hl=es\"]},{\"@type\":\"Person\",\"@id\":\"https:\\\/\\\/www.urjc2030.es\\\/uapdnee\\\/#\\\/schema\\\/person\\\/ddacb9e5abf914ab720a3d13fc047418\",\"name\":\"carlos\",\"image\":{\"@type\":\"ImageObject\",\"inLanguage\":\"es\",\"@id\":\"https:\\\/\\\/secure.gravatar.com\\\/avatar\\\/98e1c0d637a9f3d3cd2be0e49e5387245f96e039452a34f919c9e800cad0f304?s=96&d=mm&r=g\",\"url\":\"https:\\\/\\\/secure.gravatar.com\\\/avatar\\\/98e1c0d637a9f3d3cd2be0e49e5387245f96e039452a34f919c9e800cad0f304?s=96&d=mm&r=g\",\"contentUrl\":\"https:\\\/\\\/secure.gravatar.com\\\/avatar\\\/98e1c0d637a9f3d3cd2be0e49e5387245f96e039452a34f919c9e800cad0f304?s=96&d=mm&r=g\",\"caption\":\"carlos\"}}]}<\/script>\n<!-- \/ Yoast SEO plugin. -->","yoast_head_json":{"title":"8 de marzo, d\u00eda internacional de la mujer - Unidad de Atenci\u00f3n a Personas con Discapacidad y Necesidades Educativas Especiales","robots":{"index":"index","follow":"follow","max-snippet":"max-snippet:-1","max-image-preview":"max-image-preview:large","max-video-preview":"max-video-preview:-1"},"canonical":"https:\/\/www.urjc2030.es\/uapdnee\/8-de-marzo-dia-internacional-de-la-mujer\/","og_locale":"es_ES","og_type":"article","og_title":"8 de marzo, d\u00eda internacional de la mujer - Unidad de Atenci\u00f3n a Personas con Discapacidad y Necesidades Educativas Especiales","og_description":"Hoy, 8 de marzo, es el d\u00eda internacional de la mujer, anteriormente conocido como d\u00eda internacional de la mujer trabajadora que se celebra desde que las Naciones Unidas (ONU) lo proclam\u00f3 en 1975, y tiene sus or\u00edgenes a comienzos del siglo XX, cuando las mujeres trabajadoras empezaron a reivindicar el sufragio universal, mejoras condiciones de [&hellip;]","og_url":"https:\/\/www.urjc2030.es\/uapdnee\/8-de-marzo-dia-internacional-de-la-mujer\/","og_site_name":"Unidad de Atenci\u00f3n a Personas con Discapacidad y Necesidades Educativas Especiales","article_publisher":"https:\/\/www.facebook.com\/universidadreyjuancarlos","article_published_time":"2022-03-08T16:25:19+00:00","article_modified_time":"2022-03-08T18:44:12+00:00","og_image":[{"width":1500,"height":500,"url":"https:\/\/www.urjc2030.es\/uapdnee\/wp-content\/uploads\/sites\/9\/2022\/03\/ZXzSeE1E.png","type":"image\/png"}],"author":"carlos","twitter_card":"summary_large_image","twitter_creator":"@urjc","twitter_site":"@urjc","schema":{"@context":"https:\/\/schema.org","@graph":[{"@type":"Article","@id":"https:\/\/www.urjc2030.es\/uapdnee\/8-de-marzo-dia-internacional-de-la-mujer\/#article","isPartOf":{"@id":"https:\/\/www.urjc2030.es\/uapdnee\/8-de-marzo-dia-internacional-de-la-mujer\/"},"author":{"name":"carlos","@id":"https:\/\/www.urjc2030.es\/uapdnee\/#\/schema\/person\/ddacb9e5abf914ab720a3d13fc047418"},"headline":"8 de marzo, d\u00eda internacional de la mujer","datePublished":"2022-03-08T16:25:19+00:00","dateModified":"2022-03-08T18:44:12+00:00","mainEntityOfPage":{"@id":"https:\/\/www.urjc2030.es\/uapdnee\/8-de-marzo-dia-internacional-de-la-mujer\/"},"wordCount":344,"publisher":{"@id":"https:\/\/www.urjc2030.es\/uapdnee\/#organization"},"image":{"@id":"https:\/\/www.urjc2030.es\/uapdnee\/8-de-marzo-dia-internacional-de-la-mujer\/#primaryimage"},"thumbnailUrl":"https:\/\/www.urjc2030.es\/uapdnee\/wp-content\/uploads\/sites\/9\/2022\/03\/ZXzSeE1E.png","articleSection":["Agenda"],"inLanguage":"es"},{"@type":"WebPage","@id":"https:\/\/www.urjc2030.es\/uapdnee\/8-de-marzo-dia-internacional-de-la-mujer\/","url":"https:\/\/www.urjc2030.es\/uapdnee\/8-de-marzo-dia-internacional-de-la-mujer\/","name":"8 de marzo, d\u00eda internacional de la mujer - Unidad de Atenci\u00f3n a Personas con Discapacidad y Necesidades Educativas Especiales","isPartOf":{"@id":"https:\/\/www.urjc2030.es\/uapdnee\/#website"},"primaryImageOfPage":{"@id":"https:\/\/www.urjc2030.es\/uapdnee\/8-de-marzo-dia-internacional-de-la-mujer\/#primaryimage"},"image":{"@id":"https:\/\/www.urjc2030.es\/uapdnee\/8-de-marzo-dia-internacional-de-la-mujer\/#primaryimage"},"thumbnailUrl":"https:\/\/www.urjc2030.es\/uapdnee\/wp-content\/uploads\/sites\/9\/2022\/03\/ZXzSeE1E.png","datePublished":"2022-03-08T16:25:19+00:00","dateModified":"2022-03-08T18:44:12+00:00","breadcrumb":{"@id":"https:\/\/www.urjc2030.es\/uapdnee\/8-de-marzo-dia-internacional-de-la-mujer\/#breadcrumb"},"inLanguage":"es","potentialAction":[{"@type":"ReadAction","target":["https:\/\/www.urjc2030.es\/uapdnee\/8-de-marzo-dia-internacional-de-la-mujer\/"]}]},{"@type":"ImageObject","inLanguage":"es","@id":"https:\/\/www.urjc2030.es\/uapdnee\/8-de-marzo-dia-internacional-de-la-mujer\/#primaryimage","url":"https:\/\/www.urjc2030.es\/uapdnee\/wp-content\/uploads\/sites\/9\/2022\/03\/ZXzSeE1E.png","contentUrl":"https:\/\/www.urjc2030.es\/uapdnee\/wp-content\/uploads\/sites\/9\/2022\/03\/ZXzSeE1E.png","width":1500,"height":500,"caption":"8m"},{"@type":"BreadcrumbList","@id":"https:\/\/www.urjc2030.es\/uapdnee\/8-de-marzo-dia-internacional-de-la-mujer\/#breadcrumb","itemListElement":[{"@type":"ListItem","position":1,"name":"Portada","item":"https:\/\/www.urjc2030.es\/uapdnee\/"},{"@type":"ListItem","position":2,"name":"8 de marzo, d\u00eda internacional de la mujer"}]},{"@type":"WebSite","@id":"https:\/\/www.urjc2030.es\/uapdnee\/#website","url":"https:\/\/www.urjc2030.es\/uapdnee\/","name":"Unidad de Atenci\u00f3n a Personas con Discapacidad y Necesidades Educativas Especiales","description":"Gozar de las mismas oportunidades bajo el prisma de igualdad de oportunidades.","publisher":{"@id":"https:\/\/www.urjc2030.es\/uapdnee\/#organization"},"potentialAction":[{"@type":"SearchAction","target":{"@type":"EntryPoint","urlTemplate":"https:\/\/www.urjc2030.es\/uapdnee\/?s={search_term_string}"},"query-input":{"@type":"PropertyValueSpecification","valueRequired":true,"valueName":"search_term_string"}}],"inLanguage":"es"},{"@type":"Organization","@id":"https:\/\/www.urjc2030.es\/uapdnee\/#organization","name":"Universidad Rey Juan Carlos","url":"https:\/\/www.urjc2030.es\/uapdnee\/","logo":{"@type":"ImageObject","inLanguage":"es","@id":"https:\/\/www.urjc2030.es\/uapdnee\/#\/schema\/logo\/image\/","url":"https:\/\/www.urjc2030.es\/uapdnee\/wp-content\/uploads\/sites\/9\/2020\/10\/logoURJC.png","contentUrl":"https:\/\/www.urjc2030.es\/uapdnee\/wp-content\/uploads\/sites\/9\/2020\/10\/logoURJC.png","width":800,"height":305,"caption":"Universidad Rey Juan Carlos"},"image":{"@id":"https:\/\/www.urjc2030.es\/uapdnee\/#\/schema\/logo\/image\/"},"sameAs":["https:\/\/www.facebook.com\/universidadreyjuancarlos","https:\/\/x.com\/urjc","https:\/\/www.instagram.com\/urjc_uni\/?hl=es"]},{"@type":"Person","@id":"https:\/\/www.urjc2030.es\/uapdnee\/#\/schema\/person\/ddacb9e5abf914ab720a3d13fc047418","name":"carlos","image":{"@type":"ImageObject","inLanguage":"es","@id":"https:\/\/secure.gravatar.com\/avatar\/98e1c0d637a9f3d3cd2be0e49e5387245f96e039452a34f919c9e800cad0f304?s=96&d=mm&r=g","url":"https:\/\/secure.gravatar.com\/avatar\/98e1c0d637a9f3d3cd2be0e49e5387245f96e039452a34f919c9e800cad0f304?s=96&d=mm&r=g","contentUrl":"https:\/\/secure.gravatar.com\/avatar\/98e1c0d637a9f3d3cd2be0e49e5387245f96e039452a34f919c9e800cad0f304?s=96&d=mm&r=g","caption":"carlos"}}]}},"_links":{"self":[{"href":"https:\/\/www.urjc2030.es\/uapdnee\/wp-json\/wp\/v2\/posts\/1274","targetHints":{"allow":["GET"]}}],"collection":[{"href":"https:\/\/www.urjc2030.es\/uapdnee\/wp-json\/wp\/v2\/posts"}],"about":[{"href":"https:\/\/www.urjc2030.es\/uapdnee\/wp-json\/wp\/v2\/types\/post"}],"author":[{"embeddable":true,"href":"https:\/\/www.urjc2030.es\/uapdnee\/wp-json\/wp\/v2\/users\/10"}],"replies":[{"embeddable":true,"href":"https:\/\/www.urjc2030.es\/uapdnee\/wp-json\/wp\/v2\/comments?post=1274"}],"version-history":[{"count":3,"href":"https:\/\/www.urjc2030.es\/uapdnee\/wp-json\/wp\/v2\/posts\/1274\/revisions"}],"predecessor-version":[{"id":1281,"href":"https:\/\/www.urjc2030.es\/uapdnee\/wp-json\/wp\/v2\/posts\/1274\/revisions\/1281"}],"wp:featuredmedia":[{"embeddable":true,"href":"https:\/\/www.urjc2030.es\/uapdnee\/wp-json\/wp\/v2\/media\/1275"}],"wp:attachment":[{"href":"https:\/\/www.urjc2030.es\/uapdnee\/wp-json\/wp\/v2\/media?parent=1274"}],"wp:term":[{"taxonomy":"category","embeddable":true,"href":"https:\/\/www.urjc2030.es\/uapdnee\/wp-json\/wp\/v2\/categories?post=1274"},{"taxonomy":"post_tag","embeddable":true,"href":"https:\/\/www.urjc2030.es\/uapdnee\/wp-json\/wp\/v2\/tags?post=1274"}],"curies":[{"name":"wp","href":"https:\/\/api.w.org\/{rel}","templated":true}]}}