{"id":1393,"date":"2022-09-30T15:39:07","date_gmt":"2022-09-30T15:39:07","guid":{"rendered":"https:\/\/www.urjc2030.es\/uapdnee\/?p=1393"},"modified":"2022-09-30T15:39:07","modified_gmt":"2022-09-30T15:39:07","slug":"upskill-your-talent-2022-para-estudiantes-con-discapacidad","status":"publish","type":"post","link":"https:\/\/www.urjc2030.es\/uapdnee\/upskill-your-talent-2022-para-estudiantes-con-discapacidad\/","title":{"rendered":"Upskill your Talent 2022 para estudiantes con discapacidad"},"content":{"rendered":"<p><img loading=\"lazy\" decoding=\"async\" class=\"size-medium wp-image-1394 alignright\" src=\"https:\/\/www.urjc2030.es\/uapdnee\/wp-content\/uploads\/sites\/9\/2022\/09\/people-gb25104c7f_1920-300x200.jpg\" alt=\"unidad de discapacidad\" width=\"300\" height=\"200\" \/><\/p>\n<p>Un programa de <strong>formaci\u00f3n online<\/strong> con cuatro cursos a elegir y que, siguiendo un modelo de aprendizaje experiencial. Todo ello de la mano de\u00a0Esade, instituci\u00f3n l\u00edder en los rankings m\u00e1s prestigiosos del mundo en Desarrollo Profesional.<\/p>\n<p>El programa\u00a0<strong>Becas Santander\u00a0| Upskill your Talent\u00a02022<\/strong>\u00a0en colaboraci\u00f3n con\u00a0<strong>Esade<\/strong>, una de las mejores y m\u00e1s prestigiosas escuelas de negocios especializada en\u00a0<em>soft skills<\/em>, te permitir\u00e1\u202fadquirir las habilidades m\u00e1s demandas en los entornos profesionales, y adaptarlas en tu d\u00eda a d\u00eda a trav\u00e9s de uno de los<strong>\u00a0cuatro programas 100% digitales<\/strong>\u00a0que podr\u00e1s elegir:<\/p>\n<ol>\n<li><strong> Liderazgo\u00a0<\/strong><\/li>\n<li><strong> Comunicaci\u00f3n e influencia\u00a0<\/strong><\/li>\n<li><em>Personal branding\u00a0<\/em><\/li>\n<li><em>Digital Soft Skills.\u00a0<\/em><\/li>\n<\/ol>\n<p><strong>Caracter\u00edsticas del programa:<\/strong><\/p>\n<ul>\n<li>N\u00ba de plazas: 1.000.<\/li>\n<li>Idiomas: ingl\u00e9s, portugu\u00e9s y espa\u00f1ol.<\/li>\n<li>Duraci\u00f3n total: Cinco semanas.<\/li>\n<li>Formato: 100%\u00a0<em>online<\/em>, sesiones en directo\u00a0<em>online\u00a0<\/em>y apoyo de mentores.<\/li>\n<\/ul>\n<p>\u00a1Al completar la formaci\u00f3n recibir\u00e1s un <strong>certificado de Esade<\/strong>!<\/p>\n<p>Las fechas relevantes son las siguientes:<\/p>\n<ul>\n<li>Plazo de inscripci\u00f3n: 08\/09\/22 al 07\/11\/22 23:00 (GMT+02:00)<\/li>\n<li>Evaluaci\u00f3n solicitudes: 07\/11\/22 al 15\/11\/22<\/li>\n<li>Selecci\u00f3n de candidatos: 15\/11\/22<\/li>\n<li>Comienzo del curso: 29\/11\/2022<\/li>\n<li>Final del curso: 15\/01\/2022<\/li>\n<\/ul>\n<p>\u00bfTienes <strong>certificado de discapacidad<\/strong>? Inscr\u00edbete y pon en pr\u00e1ctica las habilidades m\u00e1s demandadas en el mercado laboral.\u00a0<strong><a href=\"https:\/\/sso.becas-santander.com\/auth\/realms\/Becas\/protocol\/openid-connect\/registrations?client_id=becas&amp;redirect_uri=https%3A%2F%2Fapp.becas-santander.com%2Fes%2Fapplication%2Fnew%2F62a89f13e9bf310016ba51ed&amp;state=7bb9f5d0-f0c6-45f8-8053-74614b36eef5&amp;response_mode=fragment&amp;response_type=id_token%20token&amp;scope=openid&amp;nonce=bb26a5e2-a58c-4e14-8c31-88e4a061bf9c&amp;ui_locales=es\" target=\"_blank\" rel=\"noopener\">\u00a1Ap\u00fantate!<\/a><\/strong><\/p>\n<p>Para m\u00e1s informaci\u00f3n entra en <a href=\"https:\/\/app.becas-santander.com\/es\/program\/upskill-your-talent-2022\" target=\"_blank\" rel=\"noopener\"><strong>Becas<\/strong> <strong>Santander<\/strong><\/a>.<\/p>\n<p>#BecasSantander #NeverStopLearning #Upskilling<\/p>\n<p><em><strong>In\u00e9s<\/strong><\/em><\/p>\n","protected":false},"excerpt":{"rendered":"<p>Un programa de formaci\u00f3n online con cuatro cursos a elegir y que, siguiendo un modelo de aprendizaje experiencial. Todo ello de la mano de\u00a0Esade, instituci\u00f3n l\u00edder en los rankings m\u00e1s prestigiosos del mundo en Desarrollo Profesional. El programa\u00a0Becas Santander\u00a0| Upskill your Talent\u00a02022\u00a0en colaboraci\u00f3n con\u00a0Esade, una de las mejores y m\u00e1s prestigiosas escuelas de negocios especializada [&hellip;]<\/p>\n","protected":false},"author":10,"featured_media":1394,"comment_status":"closed","ping_status":"closed","sticky":false,"template":"","format":"standard","meta":{"_et_pb_use_builder":"","_et_pb_old_content":"","_et_gb_content_width":"","cybocfi_hide_featured_image":"","footnotes":""},"categories":[9],"tags":[],"class_list":["post-1393","post","type-post","status-publish","format-standard","has-post-thumbnail","hentry","category-noticias-uapdnee"],"yoast_head":"<!-- This site is optimized with the Yoast SEO plugin v27.5 - https:\/\/yoast.com\/product\/yoast-seo-wordpress\/ -->\n<title>Upskill your Talent 2022 para estudiantes con discapacidad - Unidad de Atenci\u00f3n a Personas con Discapacidad y Necesidades Educativas Especiales<\/title>\n<meta name=\"robots\" content=\"index, follow, max-snippet:-1, max-image-preview:large, max-video-preview:-1\" \/>\n<link rel=\"canonical\" href=\"https:\/\/www.urjc2030.es\/uapdnee\/upskill-your-talent-2022-para-estudiantes-con-discapacidad\/\" \/>\n<meta property=\"og:locale\" content=\"es_ES\" \/>\n<meta property=\"og:type\" content=\"article\" \/>\n<meta property=\"og:title\" content=\"Upskill your Talent 2022 para estudiantes con discapacidad - Unidad de Atenci\u00f3n a Personas con Discapacidad y Necesidades Educativas Especiales\" \/>\n<meta property=\"og:description\" content=\"Un programa de formaci\u00f3n online con cuatro cursos a elegir y que, siguiendo un modelo de aprendizaje experiencial. Todo ello de la mano de\u00a0Esade, instituci\u00f3n l\u00edder en los rankings m\u00e1s prestigiosos del mundo en Desarrollo Profesional. El programa\u00a0Becas Santander\u00a0| Upskill your Talent\u00a02022\u00a0en colaboraci\u00f3n con\u00a0Esade, una de las mejores y m\u00e1s prestigiosas escuelas de negocios especializada [&hellip;]\" \/>\n<meta property=\"og:url\" content=\"https:\/\/www.urjc2030.es\/uapdnee\/upskill-your-talent-2022-para-estudiantes-con-discapacidad\/\" \/>\n<meta property=\"og:site_name\" content=\"Unidad de Atenci\u00f3n a Personas con Discapacidad y Necesidades Educativas Especiales\" \/>\n<meta property=\"article:publisher\" content=\"https:\/\/www.facebook.com\/universidadreyjuancarlos\" \/>\n<meta property=\"article:published_time\" content=\"2022-09-30T15:39:07+00:00\" \/>\n<meta property=\"og:image\" content=\"https:\/\/www.urjc2030.es\/uapdnee\/wp-content\/uploads\/sites\/9\/2022\/09\/people-gb25104c7f_1920.jpg\" \/>\n\t<meta property=\"og:image:width\" content=\"1920\" \/>\n\t<meta property=\"og:image:height\" content=\"1280\" \/>\n\t<meta property=\"og:image:type\" content=\"image\/jpeg\" \/>\n<meta name=\"author\" content=\"carlos\" \/>\n<meta name=\"twitter:card\" content=\"summary_large_image\" \/>\n<meta name=\"twitter:creator\" content=\"@urjc\" \/>\n<meta name=\"twitter:site\" content=\"@urjc\" \/>\n<script type=\"application\/ld+json\" class=\"yoast-schema-graph\">{\"@context\":\"https:\\\/\\\/schema.org\",\"@graph\":[{\"@type\":\"Article\",\"@id\":\"https:\\\/\\\/www.urjc2030.es\\\/uapdnee\\\/upskill-your-talent-2022-para-estudiantes-con-discapacidad\\\/#article\",\"isPartOf\":{\"@id\":\"https:\\\/\\\/www.urjc2030.es\\\/uapdnee\\\/upskill-your-talent-2022-para-estudiantes-con-discapacidad\\\/\"},\"author\":{\"name\":\"carlos\",\"@id\":\"https:\\\/\\\/www.urjc2030.es\\\/uapdnee\\\/#\\\/schema\\\/person\\\/ddacb9e5abf914ab720a3d13fc047418\"},\"headline\":\"Upskill your Talent 2022 para estudiantes con discapacidad\",\"datePublished\":\"2022-09-30T15:39:07+00:00\",\"mainEntityOfPage\":{\"@id\":\"https:\\\/\\\/www.urjc2030.es\\\/uapdnee\\\/upskill-your-talent-2022-para-estudiantes-con-discapacidad\\\/\"},\"wordCount\":223,\"publisher\":{\"@id\":\"https:\\\/\\\/www.urjc2030.es\\\/uapdnee\\\/#organization\"},\"image\":{\"@id\":\"https:\\\/\\\/www.urjc2030.es\\\/uapdnee\\\/upskill-your-talent-2022-para-estudiantes-con-discapacidad\\\/#primaryimage\"},\"thumbnailUrl\":\"https:\\\/\\\/www.urjc2030.es\\\/uapdnee\\\/wp-content\\\/uploads\\\/sites\\\/9\\\/2022\\\/09\\\/people-gb25104c7f_1920.jpg\",\"articleSection\":[\"Noticias\"],\"inLanguage\":\"es\"},{\"@type\":\"WebPage\",\"@id\":\"https:\\\/\\\/www.urjc2030.es\\\/uapdnee\\\/upskill-your-talent-2022-para-estudiantes-con-discapacidad\\\/\",\"url\":\"https:\\\/\\\/www.urjc2030.es\\\/uapdnee\\\/upskill-your-talent-2022-para-estudiantes-con-discapacidad\\\/\",\"name\":\"Upskill your Talent 2022 para estudiantes con discapacidad - Unidad de Atenci\u00f3n a Personas con Discapacidad y Necesidades Educativas Especiales\",\"isPartOf\":{\"@id\":\"https:\\\/\\\/www.urjc2030.es\\\/uapdnee\\\/#website\"},\"primaryImageOfPage\":{\"@id\":\"https:\\\/\\\/www.urjc2030.es\\\/uapdnee\\\/upskill-your-talent-2022-para-estudiantes-con-discapacidad\\\/#primaryimage\"},\"image\":{\"@id\":\"https:\\\/\\\/www.urjc2030.es\\\/uapdnee\\\/upskill-your-talent-2022-para-estudiantes-con-discapacidad\\\/#primaryimage\"},\"thumbnailUrl\":\"https:\\\/\\\/www.urjc2030.es\\\/uapdnee\\\/wp-content\\\/uploads\\\/sites\\\/9\\\/2022\\\/09\\\/people-gb25104c7f_1920.jpg\",\"datePublished\":\"2022-09-30T15:39:07+00:00\",\"breadcrumb\":{\"@id\":\"https:\\\/\\\/www.urjc2030.es\\\/uapdnee\\\/upskill-your-talent-2022-para-estudiantes-con-discapacidad\\\/#breadcrumb\"},\"inLanguage\":\"es\",\"potentialAction\":[{\"@type\":\"ReadAction\",\"target\":[\"https:\\\/\\\/www.urjc2030.es\\\/uapdnee\\\/upskill-your-talent-2022-para-estudiantes-con-discapacidad\\\/\"]}]},{\"@type\":\"ImageObject\",\"inLanguage\":\"es\",\"@id\":\"https:\\\/\\\/www.urjc2030.es\\\/uapdnee\\\/upskill-your-talent-2022-para-estudiantes-con-discapacidad\\\/#primaryimage\",\"url\":\"https:\\\/\\\/www.urjc2030.es\\\/uapdnee\\\/wp-content\\\/uploads\\\/sites\\\/9\\\/2022\\\/09\\\/people-gb25104c7f_1920.jpg\",\"contentUrl\":\"https:\\\/\\\/www.urjc2030.es\\\/uapdnee\\\/wp-content\\\/uploads\\\/sites\\\/9\\\/2022\\\/09\\\/people-gb25104c7f_1920.jpg\",\"width\":1920,\"height\":1280,\"caption\":\"unidad de discapacidad\"},{\"@type\":\"BreadcrumbList\",\"@id\":\"https:\\\/\\\/www.urjc2030.es\\\/uapdnee\\\/upskill-your-talent-2022-para-estudiantes-con-discapacidad\\\/#breadcrumb\",\"itemListElement\":[{\"@type\":\"ListItem\",\"position\":1,\"name\":\"Portada\",\"item\":\"https:\\\/\\\/www.urjc2030.es\\\/uapdnee\\\/\"},{\"@type\":\"ListItem\",\"position\":2,\"name\":\"Upskill your Talent 2022 para estudiantes con discapacidad\"}]},{\"@type\":\"WebSite\",\"@id\":\"https:\\\/\\\/www.urjc2030.es\\\/uapdnee\\\/#website\",\"url\":\"https:\\\/\\\/www.urjc2030.es\\\/uapdnee\\\/\",\"name\":\"Unidad de Atenci\u00f3n a Personas con Discapacidad y Necesidades Educativas Especiales\",\"description\":\"Gozar de las mismas oportunidades bajo el prisma de igualdad de oportunidades.\",\"publisher\":{\"@id\":\"https:\\\/\\\/www.urjc2030.es\\\/uapdnee\\\/#organization\"},\"potentialAction\":[{\"@type\":\"SearchAction\",\"target\":{\"@type\":\"EntryPoint\",\"urlTemplate\":\"https:\\\/\\\/www.urjc2030.es\\\/uapdnee\\\/?s={search_term_string}\"},\"query-input\":{\"@type\":\"PropertyValueSpecification\",\"valueRequired\":true,\"valueName\":\"search_term_string\"}}],\"inLanguage\":\"es\"},{\"@type\":\"Organization\",\"@id\":\"https:\\\/\\\/www.urjc2030.es\\\/uapdnee\\\/#organization\",\"name\":\"Universidad Rey Juan Carlos\",\"url\":\"https:\\\/\\\/www.urjc2030.es\\\/uapdnee\\\/\",\"logo\":{\"@type\":\"ImageObject\",\"inLanguage\":\"es\",\"@id\":\"https:\\\/\\\/www.urjc2030.es\\\/uapdnee\\\/#\\\/schema\\\/logo\\\/image\\\/\",\"url\":\"https:\\\/\\\/www.urjc2030.es\\\/uapdnee\\\/wp-content\\\/uploads\\\/sites\\\/9\\\/2020\\\/10\\\/logoURJC.png\",\"contentUrl\":\"https:\\\/\\\/www.urjc2030.es\\\/uapdnee\\\/wp-content\\\/uploads\\\/sites\\\/9\\\/2020\\\/10\\\/logoURJC.png\",\"width\":800,\"height\":305,\"caption\":\"Universidad Rey Juan Carlos\"},\"image\":{\"@id\":\"https:\\\/\\\/www.urjc2030.es\\\/uapdnee\\\/#\\\/schema\\\/logo\\\/image\\\/\"},\"sameAs\":[\"https:\\\/\\\/www.facebook.com\\\/universidadreyjuancarlos\",\"https:\\\/\\\/x.com\\\/urjc\",\"https:\\\/\\\/www.instagram.com\\\/urjc_uni\\\/?hl=es\"]},{\"@type\":\"Person\",\"@id\":\"https:\\\/\\\/www.urjc2030.es\\\/uapdnee\\\/#\\\/schema\\\/person\\\/ddacb9e5abf914ab720a3d13fc047418\",\"name\":\"carlos\",\"image\":{\"@type\":\"ImageObject\",\"inLanguage\":\"es\",\"@id\":\"https:\\\/\\\/secure.gravatar.com\\\/avatar\\\/98e1c0d637a9f3d3cd2be0e49e5387245f96e039452a34f919c9e800cad0f304?s=96&d=mm&r=g\",\"url\":\"https:\\\/\\\/secure.gravatar.com\\\/avatar\\\/98e1c0d637a9f3d3cd2be0e49e5387245f96e039452a34f919c9e800cad0f304?s=96&d=mm&r=g\",\"contentUrl\":\"https:\\\/\\\/secure.gravatar.com\\\/avatar\\\/98e1c0d637a9f3d3cd2be0e49e5387245f96e039452a34f919c9e800cad0f304?s=96&d=mm&r=g\",\"caption\":\"carlos\"}}]}<\/script>\n<!-- \/ Yoast SEO plugin. -->","yoast_head_json":{"title":"Upskill your Talent 2022 para estudiantes con discapacidad - Unidad de Atenci\u00f3n a Personas con Discapacidad y Necesidades Educativas Especiales","robots":{"index":"index","follow":"follow","max-snippet":"max-snippet:-1","max-image-preview":"max-image-preview:large","max-video-preview":"max-video-preview:-1"},"canonical":"https:\/\/www.urjc2030.es\/uapdnee\/upskill-your-talent-2022-para-estudiantes-con-discapacidad\/","og_locale":"es_ES","og_type":"article","og_title":"Upskill your Talent 2022 para estudiantes con discapacidad - Unidad de Atenci\u00f3n a Personas con Discapacidad y Necesidades Educativas Especiales","og_description":"Un programa de formaci\u00f3n online con cuatro cursos a elegir y que, siguiendo un modelo de aprendizaje experiencial. Todo ello de la mano de\u00a0Esade, instituci\u00f3n l\u00edder en los rankings m\u00e1s prestigiosos del mundo en Desarrollo Profesional. El programa\u00a0Becas Santander\u00a0| Upskill your Talent\u00a02022\u00a0en colaboraci\u00f3n con\u00a0Esade, una de las mejores y m\u00e1s prestigiosas escuelas de negocios especializada [&hellip;]","og_url":"https:\/\/www.urjc2030.es\/uapdnee\/upskill-your-talent-2022-para-estudiantes-con-discapacidad\/","og_site_name":"Unidad de Atenci\u00f3n a Personas con Discapacidad y Necesidades Educativas Especiales","article_publisher":"https:\/\/www.facebook.com\/universidadreyjuancarlos","article_published_time":"2022-09-30T15:39:07+00:00","og_image":[{"width":1920,"height":1280,"url":"https:\/\/www.urjc2030.es\/uapdnee\/wp-content\/uploads\/sites\/9\/2022\/09\/people-gb25104c7f_1920.jpg","type":"image\/jpeg"}],"author":"carlos","twitter_card":"summary_large_image","twitter_creator":"@urjc","twitter_site":"@urjc","schema":{"@context":"https:\/\/schema.org","@graph":[{"@type":"Article","@id":"https:\/\/www.urjc2030.es\/uapdnee\/upskill-your-talent-2022-para-estudiantes-con-discapacidad\/#article","isPartOf":{"@id":"https:\/\/www.urjc2030.es\/uapdnee\/upskill-your-talent-2022-para-estudiantes-con-discapacidad\/"},"author":{"name":"carlos","@id":"https:\/\/www.urjc2030.es\/uapdnee\/#\/schema\/person\/ddacb9e5abf914ab720a3d13fc047418"},"headline":"Upskill your Talent 2022 para estudiantes con discapacidad","datePublished":"2022-09-30T15:39:07+00:00","mainEntityOfPage":{"@id":"https:\/\/www.urjc2030.es\/uapdnee\/upskill-your-talent-2022-para-estudiantes-con-discapacidad\/"},"wordCount":223,"publisher":{"@id":"https:\/\/www.urjc2030.es\/uapdnee\/#organization"},"image":{"@id":"https:\/\/www.urjc2030.es\/uapdnee\/upskill-your-talent-2022-para-estudiantes-con-discapacidad\/#primaryimage"},"thumbnailUrl":"https:\/\/www.urjc2030.es\/uapdnee\/wp-content\/uploads\/sites\/9\/2022\/09\/people-gb25104c7f_1920.jpg","articleSection":["Noticias"],"inLanguage":"es"},{"@type":"WebPage","@id":"https:\/\/www.urjc2030.es\/uapdnee\/upskill-your-talent-2022-para-estudiantes-con-discapacidad\/","url":"https:\/\/www.urjc2030.es\/uapdnee\/upskill-your-talent-2022-para-estudiantes-con-discapacidad\/","name":"Upskill your Talent 2022 para estudiantes con discapacidad - Unidad de Atenci\u00f3n a Personas con Discapacidad y Necesidades Educativas Especiales","isPartOf":{"@id":"https:\/\/www.urjc2030.es\/uapdnee\/#website"},"primaryImageOfPage":{"@id":"https:\/\/www.urjc2030.es\/uapdnee\/upskill-your-talent-2022-para-estudiantes-con-discapacidad\/#primaryimage"},"image":{"@id":"https:\/\/www.urjc2030.es\/uapdnee\/upskill-your-talent-2022-para-estudiantes-con-discapacidad\/#primaryimage"},"thumbnailUrl":"https:\/\/www.urjc2030.es\/uapdnee\/wp-content\/uploads\/sites\/9\/2022\/09\/people-gb25104c7f_1920.jpg","datePublished":"2022-09-30T15:39:07+00:00","breadcrumb":{"@id":"https:\/\/www.urjc2030.es\/uapdnee\/upskill-your-talent-2022-para-estudiantes-con-discapacidad\/#breadcrumb"},"inLanguage":"es","potentialAction":[{"@type":"ReadAction","target":["https:\/\/www.urjc2030.es\/uapdnee\/upskill-your-talent-2022-para-estudiantes-con-discapacidad\/"]}]},{"@type":"ImageObject","inLanguage":"es","@id":"https:\/\/www.urjc2030.es\/uapdnee\/upskill-your-talent-2022-para-estudiantes-con-discapacidad\/#primaryimage","url":"https:\/\/www.urjc2030.es\/uapdnee\/wp-content\/uploads\/sites\/9\/2022\/09\/people-gb25104c7f_1920.jpg","contentUrl":"https:\/\/www.urjc2030.es\/uapdnee\/wp-content\/uploads\/sites\/9\/2022\/09\/people-gb25104c7f_1920.jpg","width":1920,"height":1280,"caption":"unidad de discapacidad"},{"@type":"BreadcrumbList","@id":"https:\/\/www.urjc2030.es\/uapdnee\/upskill-your-talent-2022-para-estudiantes-con-discapacidad\/#breadcrumb","itemListElement":[{"@type":"ListItem","position":1,"name":"Portada","item":"https:\/\/www.urjc2030.es\/uapdnee\/"},{"@type":"ListItem","position":2,"name":"Upskill your Talent 2022 para estudiantes con discapacidad"}]},{"@type":"WebSite","@id":"https:\/\/www.urjc2030.es\/uapdnee\/#website","url":"https:\/\/www.urjc2030.es\/uapdnee\/","name":"Unidad de Atenci\u00f3n a Personas con Discapacidad y Necesidades Educativas Especiales","description":"Gozar de las mismas oportunidades bajo el prisma de igualdad de oportunidades.","publisher":{"@id":"https:\/\/www.urjc2030.es\/uapdnee\/#organization"},"potentialAction":[{"@type":"SearchAction","target":{"@type":"EntryPoint","urlTemplate":"https:\/\/www.urjc2030.es\/uapdnee\/?s={search_term_string}"},"query-input":{"@type":"PropertyValueSpecification","valueRequired":true,"valueName":"search_term_string"}}],"inLanguage":"es"},{"@type":"Organization","@id":"https:\/\/www.urjc2030.es\/uapdnee\/#organization","name":"Universidad Rey Juan Carlos","url":"https:\/\/www.urjc2030.es\/uapdnee\/","logo":{"@type":"ImageObject","inLanguage":"es","@id":"https:\/\/www.urjc2030.es\/uapdnee\/#\/schema\/logo\/image\/","url":"https:\/\/www.urjc2030.es\/uapdnee\/wp-content\/uploads\/sites\/9\/2020\/10\/logoURJC.png","contentUrl":"https:\/\/www.urjc2030.es\/uapdnee\/wp-content\/uploads\/sites\/9\/2020\/10\/logoURJC.png","width":800,"height":305,"caption":"Universidad Rey Juan Carlos"},"image":{"@id":"https:\/\/www.urjc2030.es\/uapdnee\/#\/schema\/logo\/image\/"},"sameAs":["https:\/\/www.facebook.com\/universidadreyjuancarlos","https:\/\/x.com\/urjc","https:\/\/www.instagram.com\/urjc_uni\/?hl=es"]},{"@type":"Person","@id":"https:\/\/www.urjc2030.es\/uapdnee\/#\/schema\/person\/ddacb9e5abf914ab720a3d13fc047418","name":"carlos","image":{"@type":"ImageObject","inLanguage":"es","@id":"https:\/\/secure.gravatar.com\/avatar\/98e1c0d637a9f3d3cd2be0e49e5387245f96e039452a34f919c9e800cad0f304?s=96&d=mm&r=g","url":"https:\/\/secure.gravatar.com\/avatar\/98e1c0d637a9f3d3cd2be0e49e5387245f96e039452a34f919c9e800cad0f304?s=96&d=mm&r=g","contentUrl":"https:\/\/secure.gravatar.com\/avatar\/98e1c0d637a9f3d3cd2be0e49e5387245f96e039452a34f919c9e800cad0f304?s=96&d=mm&r=g","caption":"carlos"}}]}},"_links":{"self":[{"href":"https:\/\/www.urjc2030.es\/uapdnee\/wp-json\/wp\/v2\/posts\/1393","targetHints":{"allow":["GET"]}}],"collection":[{"href":"https:\/\/www.urjc2030.es\/uapdnee\/wp-json\/wp\/v2\/posts"}],"about":[{"href":"https:\/\/www.urjc2030.es\/uapdnee\/wp-json\/wp\/v2\/types\/post"}],"author":[{"embeddable":true,"href":"https:\/\/www.urjc2030.es\/uapdnee\/wp-json\/wp\/v2\/users\/10"}],"replies":[{"embeddable":true,"href":"https:\/\/www.urjc2030.es\/uapdnee\/wp-json\/wp\/v2\/comments?post=1393"}],"version-history":[{"count":1,"href":"https:\/\/www.urjc2030.es\/uapdnee\/wp-json\/wp\/v2\/posts\/1393\/revisions"}],"predecessor-version":[{"id":1395,"href":"https:\/\/www.urjc2030.es\/uapdnee\/wp-json\/wp\/v2\/posts\/1393\/revisions\/1395"}],"wp:featuredmedia":[{"embeddable":true,"href":"https:\/\/www.urjc2030.es\/uapdnee\/wp-json\/wp\/v2\/media\/1394"}],"wp:attachment":[{"href":"https:\/\/www.urjc2030.es\/uapdnee\/wp-json\/wp\/v2\/media?parent=1393"}],"wp:term":[{"taxonomy":"category","embeddable":true,"href":"https:\/\/www.urjc2030.es\/uapdnee\/wp-json\/wp\/v2\/categories?post=1393"},{"taxonomy":"post_tag","embeddable":true,"href":"https:\/\/www.urjc2030.es\/uapdnee\/wp-json\/wp\/v2\/tags?post=1393"}],"curies":[{"name":"wp","href":"https:\/\/api.w.org\/{rel}","templated":true}]}}