{"id":2074,"date":"2025-11-06T10:09:30","date_gmt":"2025-11-06T10:09:30","guid":{"rendered":"https:\/\/www.urjc2030.es\/uapdnee\/?p=2074"},"modified":"2025-11-06T10:10:18","modified_gmt":"2025-11-06T10:10:18","slug":"becas-de-practicas-fundacion-once-crue-para-el-curso-academico-2025-2026","status":"publish","type":"post","link":"https:\/\/www.urjc2030.es\/uapdnee\/becas-de-practicas-fundacion-once-crue-para-el-curso-academico-2025-2026\/","title":{"rendered":"Becas de pr\u00e1cticas FUNDACI\u00d3N ONCE-CRUE para el curso acad\u00e9mico 2025-2026"},"content":{"rendered":"<div><a href=\"https:\/\/www.urjc2030.es\/uapdnee\/wp-content\/uploads\/sites\/9\/2025\/11\/Captura-de-pantalla-2025-11-06-a-las-11.06.21-scaled.png\"><img decoding=\"async\" class=\"alignright wp-image-2075 size-large\" src=\"https:\/\/www.urjc2030.es\/uapdnee\/wp-content\/uploads\/sites\/9\/2025\/11\/Captura-de-pantalla-2025-11-06-a-las-11.06.21-1024x398.png\" alt=\"becas de pr\u00e1cticas FUNDACI\u00d3N ONCE-CRUE\" width=\"350\" height=\"auto\" srcset=\"https:\/\/www.urjc2030.es\/uapdnee\/wp-content\/uploads\/sites\/9\/2025\/11\/Captura-de-pantalla-2025-11-06-a-las-11.06.21-980x381.png 980w, https:\/\/www.urjc2030.es\/uapdnee\/wp-content\/uploads\/sites\/9\/2025\/11\/Captura-de-pantalla-2025-11-06-a-las-11.06.21-480x187.png 480w\" sizes=\"(min-width: 0px) and (max-width: 480px) 480px, (min-width: 481px) and (max-width: 980px) 980px, (min-width: 981px) 1024px, 100vw\" \/><\/a>La Fundaci\u00f3n ONCE pone en marcha la X edici\u00f3n del programa de becas de pr\u00e1cticas FUNDACI\u00d3N ONCE-CRUE para el curso acad\u00e9mico 2025-2026.<\/div>\n<div><\/div>\n<div>El programa ofrece la oportunidad de que el estudiantado universitario con discapacidad realice pr\u00e1cticas acad\u00e9micas externas remuneradas. El programa cuenta con la cofinanciaci\u00f3n del Fondo Social Europeo.<\/div>\n<div><\/div>\n<div>Todos los estudiantes matriculados en grado y m\u00e1ster que hayan superado ya el 50% de los cr\u00e9ditos y quieran realizar pr\u00e1cticas durante este curso, pueden inscribirse desde hoy hasta el 10 de diciembre de 2025 a trav\u00e9s de este portal.<\/div>\n<div><\/div>\n<div><b>Requisitos:\u00a0<\/b>Estudiantes con una discapacidad legalmente reconocida con al menos un 33%, matriculados en la Universidad Rey Juan Carlos.<\/div>\n<div><b>Duraci\u00f3n de las pr\u00e1cticas:<\/b>\u00a03 meses.<\/div>\n<div><b>Cuant\u00eda:<\/b>\u00a01800\u20ac. 600\u20ac\/mes.<\/div>\n<div><b>Periodo de inscripci\u00f3n para solicitar la beca:\u00a0<\/b>Del 08 de julio de 2025 hasta el 10 de diciembre de 2025.<\/div>\n<div><b>Periodo de Pr\u00e1cticas:\u00a0<\/b>De 1 de enero de 2026 hasta 31 de diciembre de 2026.<\/div>\n<div><b>Enlace para realizar la inscripci\u00f3n:<\/b><\/div>\n<div><strong><a href=\"https:\/\/becas.fundaciononce.es\/Paginas\/BecasPracticasOnceCrue.aspx\" target=\"_blank\" rel=\"noopener\">https:\/\/becas.fundaciononce.es\/Paginas\/BecasPracticasOnceCrue.aspx<\/a><\/strong><\/div>\n","protected":false},"excerpt":{"rendered":"<p>La Fundaci\u00f3n ONCE pone en marcha la X edici\u00f3n del programa de becas de pr\u00e1cticas FUNDACI\u00d3N ONCE-CRUE para el curso acad\u00e9mico 2025-2026. El programa ofrece la oportunidad de que el estudiantado universitario con discapacidad realice pr\u00e1cticas acad\u00e9micas externas remuneradas. El programa cuenta con la cofinanciaci\u00f3n del Fondo Social Europeo. Todos los estudiantes matriculados en grado [&hellip;]<\/p>\n","protected":false},"author":10,"featured_media":2075,"comment_status":"closed","ping_status":"closed","sticky":false,"template":"","format":"standard","meta":{"_et_pb_use_builder":"","_et_pb_old_content":"","_et_gb_content_width":"","cybocfi_hide_featured_image":"","footnotes":""},"categories":[9],"tags":[],"class_list":["post-2074","post","type-post","status-publish","format-standard","has-post-thumbnail","hentry","category-noticias-uapdnee"],"yoast_head":"<!-- This site is optimized with the Yoast SEO plugin v27.5 - https:\/\/yoast.com\/product\/yoast-seo-wordpress\/ -->\n<title>Becas de pr\u00e1cticas FUNDACI\u00d3N ONCE-CRUE para el curso acad\u00e9mico 2025-2026 - Unidad de Atenci\u00f3n a Personas con Discapacidad y Necesidades Educativas Especiales<\/title>\n<meta name=\"robots\" content=\"index, follow, max-snippet:-1, max-image-preview:large, max-video-preview:-1\" \/>\n<link rel=\"canonical\" href=\"https:\/\/www.urjc2030.es\/uapdnee\/becas-de-practicas-fundacion-once-crue-para-el-curso-academico-2025-2026\/\" \/>\n<meta property=\"og:locale\" content=\"es_ES\" \/>\n<meta property=\"og:type\" content=\"article\" \/>\n<meta property=\"og:title\" content=\"Becas de pr\u00e1cticas FUNDACI\u00d3N ONCE-CRUE para el curso acad\u00e9mico 2025-2026 - Unidad de Atenci\u00f3n a Personas con Discapacidad y Necesidades Educativas Especiales\" \/>\n<meta property=\"og:description\" content=\"La Fundaci\u00f3n ONCE pone en marcha la X edici\u00f3n del programa de becas de pr\u00e1cticas FUNDACI\u00d3N ONCE-CRUE para el curso acad\u00e9mico 2025-2026. El programa ofrece la oportunidad de que el estudiantado universitario con discapacidad realice pr\u00e1cticas acad\u00e9micas externas remuneradas. El programa cuenta con la cofinanciaci\u00f3n del Fondo Social Europeo. Todos los estudiantes matriculados en grado [&hellip;]\" \/>\n<meta property=\"og:url\" content=\"https:\/\/www.urjc2030.es\/uapdnee\/becas-de-practicas-fundacion-once-crue-para-el-curso-academico-2025-2026\/\" \/>\n<meta property=\"og:site_name\" content=\"Unidad de Atenci\u00f3n a Personas con Discapacidad y Necesidades Educativas Especiales\" \/>\n<meta property=\"article:publisher\" content=\"https:\/\/www.facebook.com\/universidadreyjuancarlos\" \/>\n<meta property=\"article:published_time\" content=\"2025-11-06T10:09:30+00:00\" \/>\n<meta property=\"article:modified_time\" content=\"2025-11-06T10:10:18+00:00\" \/>\n<meta property=\"og:image\" content=\"https:\/\/www.urjc2030.es\/uapdnee\/wp-content\/uploads\/sites\/9\/2025\/11\/Captura-de-pantalla-2025-11-06-a-las-11.06.21-scaled.png\" \/>\n\t<meta property=\"og:image:width\" content=\"2560\" \/>\n\t<meta property=\"og:image:height\" content=\"995\" \/>\n\t<meta property=\"og:image:type\" content=\"image\/png\" \/>\n<meta name=\"author\" content=\"carlos\" \/>\n<meta name=\"twitter:card\" content=\"summary_large_image\" \/>\n<meta name=\"twitter:creator\" content=\"@urjc\" \/>\n<meta name=\"twitter:site\" content=\"@urjc\" \/>\n<script type=\"application\/ld+json\" class=\"yoast-schema-graph\">{\"@context\":\"https:\\\/\\\/schema.org\",\"@graph\":[{\"@type\":\"Article\",\"@id\":\"https:\\\/\\\/www.urjc2030.es\\\/uapdnee\\\/becas-de-practicas-fundacion-once-crue-para-el-curso-academico-2025-2026\\\/#article\",\"isPartOf\":{\"@id\":\"https:\\\/\\\/www.urjc2030.es\\\/uapdnee\\\/becas-de-practicas-fundacion-once-crue-para-el-curso-academico-2025-2026\\\/\"},\"author\":{\"name\":\"carlos\",\"@id\":\"https:\\\/\\\/www.urjc2030.es\\\/uapdnee\\\/#\\\/schema\\\/person\\\/ddacb9e5abf914ab720a3d13fc047418\"},\"headline\":\"Becas de pr\u00e1cticas FUNDACI\u00d3N ONCE-CRUE para el curso acad\u00e9mico 2025-2026\",\"datePublished\":\"2025-11-06T10:09:30+00:00\",\"dateModified\":\"2025-11-06T10:10:18+00:00\",\"mainEntityOfPage\":{\"@id\":\"https:\\\/\\\/www.urjc2030.es\\\/uapdnee\\\/becas-de-practicas-fundacion-once-crue-para-el-curso-academico-2025-2026\\\/\"},\"wordCount\":181,\"publisher\":{\"@id\":\"https:\\\/\\\/www.urjc2030.es\\\/uapdnee\\\/#organization\"},\"image\":{\"@id\":\"https:\\\/\\\/www.urjc2030.es\\\/uapdnee\\\/becas-de-practicas-fundacion-once-crue-para-el-curso-academico-2025-2026\\\/#primaryimage\"},\"thumbnailUrl\":\"https:\\\/\\\/www.urjc2030.es\\\/uapdnee\\\/wp-content\\\/uploads\\\/sites\\\/9\\\/2025\\\/11\\\/Captura-de-pantalla-2025-11-06-a-las-11.06.21-scaled.png\",\"articleSection\":[\"Noticias\"],\"inLanguage\":\"es\"},{\"@type\":\"WebPage\",\"@id\":\"https:\\\/\\\/www.urjc2030.es\\\/uapdnee\\\/becas-de-practicas-fundacion-once-crue-para-el-curso-academico-2025-2026\\\/\",\"url\":\"https:\\\/\\\/www.urjc2030.es\\\/uapdnee\\\/becas-de-practicas-fundacion-once-crue-para-el-curso-academico-2025-2026\\\/\",\"name\":\"Becas de pr\u00e1cticas FUNDACI\u00d3N ONCE-CRUE para el curso acad\u00e9mico 2025-2026 - Unidad de Atenci\u00f3n a Personas con Discapacidad y Necesidades Educativas Especiales\",\"isPartOf\":{\"@id\":\"https:\\\/\\\/www.urjc2030.es\\\/uapdnee\\\/#website\"},\"primaryImageOfPage\":{\"@id\":\"https:\\\/\\\/www.urjc2030.es\\\/uapdnee\\\/becas-de-practicas-fundacion-once-crue-para-el-curso-academico-2025-2026\\\/#primaryimage\"},\"image\":{\"@id\":\"https:\\\/\\\/www.urjc2030.es\\\/uapdnee\\\/becas-de-practicas-fundacion-once-crue-para-el-curso-academico-2025-2026\\\/#primaryimage\"},\"thumbnailUrl\":\"https:\\\/\\\/www.urjc2030.es\\\/uapdnee\\\/wp-content\\\/uploads\\\/sites\\\/9\\\/2025\\\/11\\\/Captura-de-pantalla-2025-11-06-a-las-11.06.21-scaled.png\",\"datePublished\":\"2025-11-06T10:09:30+00:00\",\"dateModified\":\"2025-11-06T10:10:18+00:00\",\"breadcrumb\":{\"@id\":\"https:\\\/\\\/www.urjc2030.es\\\/uapdnee\\\/becas-de-practicas-fundacion-once-crue-para-el-curso-academico-2025-2026\\\/#breadcrumb\"},\"inLanguage\":\"es\",\"potentialAction\":[{\"@type\":\"ReadAction\",\"target\":[\"https:\\\/\\\/www.urjc2030.es\\\/uapdnee\\\/becas-de-practicas-fundacion-once-crue-para-el-curso-academico-2025-2026\\\/\"]}]},{\"@type\":\"ImageObject\",\"inLanguage\":\"es\",\"@id\":\"https:\\\/\\\/www.urjc2030.es\\\/uapdnee\\\/becas-de-practicas-fundacion-once-crue-para-el-curso-academico-2025-2026\\\/#primaryimage\",\"url\":\"https:\\\/\\\/www.urjc2030.es\\\/uapdnee\\\/wp-content\\\/uploads\\\/sites\\\/9\\\/2025\\\/11\\\/Captura-de-pantalla-2025-11-06-a-las-11.06.21-scaled.png\",\"contentUrl\":\"https:\\\/\\\/www.urjc2030.es\\\/uapdnee\\\/wp-content\\\/uploads\\\/sites\\\/9\\\/2025\\\/11\\\/Captura-de-pantalla-2025-11-06-a-las-11.06.21-scaled.png\",\"width\":2560,\"height\":995,\"caption\":\"becas de pr\u00e1cticas FUNDACI\u00d3N ONCE-CRUE\"},{\"@type\":\"BreadcrumbList\",\"@id\":\"https:\\\/\\\/www.urjc2030.es\\\/uapdnee\\\/becas-de-practicas-fundacion-once-crue-para-el-curso-academico-2025-2026\\\/#breadcrumb\",\"itemListElement\":[{\"@type\":\"ListItem\",\"position\":1,\"name\":\"Portada\",\"item\":\"https:\\\/\\\/www.urjc2030.es\\\/uapdnee\\\/\"},{\"@type\":\"ListItem\",\"position\":2,\"name\":\"Becas de pr\u00e1cticas FUNDACI\u00d3N ONCE-CRUE para el curso acad\u00e9mico 2025-2026\"}]},{\"@type\":\"WebSite\",\"@id\":\"https:\\\/\\\/www.urjc2030.es\\\/uapdnee\\\/#website\",\"url\":\"https:\\\/\\\/www.urjc2030.es\\\/uapdnee\\\/\",\"name\":\"Unidad de Atenci\u00f3n a Personas con Discapacidad y Necesidades Educativas Especiales\",\"description\":\"Gozar de las mismas oportunidades bajo el prisma de igualdad de oportunidades.\",\"publisher\":{\"@id\":\"https:\\\/\\\/www.urjc2030.es\\\/uapdnee\\\/#organization\"},\"potentialAction\":[{\"@type\":\"SearchAction\",\"target\":{\"@type\":\"EntryPoint\",\"urlTemplate\":\"https:\\\/\\\/www.urjc2030.es\\\/uapdnee\\\/?s={search_term_string}\"},\"query-input\":{\"@type\":\"PropertyValueSpecification\",\"valueRequired\":true,\"valueName\":\"search_term_string\"}}],\"inLanguage\":\"es\"},{\"@type\":\"Organization\",\"@id\":\"https:\\\/\\\/www.urjc2030.es\\\/uapdnee\\\/#organization\",\"name\":\"Universidad Rey Juan Carlos\",\"url\":\"https:\\\/\\\/www.urjc2030.es\\\/uapdnee\\\/\",\"logo\":{\"@type\":\"ImageObject\",\"inLanguage\":\"es\",\"@id\":\"https:\\\/\\\/www.urjc2030.es\\\/uapdnee\\\/#\\\/schema\\\/logo\\\/image\\\/\",\"url\":\"https:\\\/\\\/www.urjc2030.es\\\/uapdnee\\\/wp-content\\\/uploads\\\/sites\\\/9\\\/2020\\\/10\\\/logoURJC.png\",\"contentUrl\":\"https:\\\/\\\/www.urjc2030.es\\\/uapdnee\\\/wp-content\\\/uploads\\\/sites\\\/9\\\/2020\\\/10\\\/logoURJC.png\",\"width\":800,\"height\":305,\"caption\":\"Universidad Rey Juan Carlos\"},\"image\":{\"@id\":\"https:\\\/\\\/www.urjc2030.es\\\/uapdnee\\\/#\\\/schema\\\/logo\\\/image\\\/\"},\"sameAs\":[\"https:\\\/\\\/www.facebook.com\\\/universidadreyjuancarlos\",\"https:\\\/\\\/x.com\\\/urjc\",\"https:\\\/\\\/www.instagram.com\\\/urjc_uni\\\/?hl=es\"]},{\"@type\":\"Person\",\"@id\":\"https:\\\/\\\/www.urjc2030.es\\\/uapdnee\\\/#\\\/schema\\\/person\\\/ddacb9e5abf914ab720a3d13fc047418\",\"name\":\"carlos\",\"image\":{\"@type\":\"ImageObject\",\"inLanguage\":\"es\",\"@id\":\"https:\\\/\\\/secure.gravatar.com\\\/avatar\\\/98e1c0d637a9f3d3cd2be0e49e5387245f96e039452a34f919c9e800cad0f304?s=96&d=mm&r=g\",\"url\":\"https:\\\/\\\/secure.gravatar.com\\\/avatar\\\/98e1c0d637a9f3d3cd2be0e49e5387245f96e039452a34f919c9e800cad0f304?s=96&d=mm&r=g\",\"contentUrl\":\"https:\\\/\\\/secure.gravatar.com\\\/avatar\\\/98e1c0d637a9f3d3cd2be0e49e5387245f96e039452a34f919c9e800cad0f304?s=96&d=mm&r=g\",\"caption\":\"carlos\"}}]}<\/script>\n<!-- \/ Yoast SEO plugin. -->","yoast_head_json":{"title":"Becas de pr\u00e1cticas FUNDACI\u00d3N ONCE-CRUE para el curso acad\u00e9mico 2025-2026 - Unidad de Atenci\u00f3n a Personas con Discapacidad y Necesidades Educativas Especiales","robots":{"index":"index","follow":"follow","max-snippet":"max-snippet:-1","max-image-preview":"max-image-preview:large","max-video-preview":"max-video-preview:-1"},"canonical":"https:\/\/www.urjc2030.es\/uapdnee\/becas-de-practicas-fundacion-once-crue-para-el-curso-academico-2025-2026\/","og_locale":"es_ES","og_type":"article","og_title":"Becas de pr\u00e1cticas FUNDACI\u00d3N ONCE-CRUE para el curso acad\u00e9mico 2025-2026 - Unidad de Atenci\u00f3n a Personas con Discapacidad y Necesidades Educativas Especiales","og_description":"La Fundaci\u00f3n ONCE pone en marcha la X edici\u00f3n del programa de becas de pr\u00e1cticas FUNDACI\u00d3N ONCE-CRUE para el curso acad\u00e9mico 2025-2026. El programa ofrece la oportunidad de que el estudiantado universitario con discapacidad realice pr\u00e1cticas acad\u00e9micas externas remuneradas. El programa cuenta con la cofinanciaci\u00f3n del Fondo Social Europeo. Todos los estudiantes matriculados en grado [&hellip;]","og_url":"https:\/\/www.urjc2030.es\/uapdnee\/becas-de-practicas-fundacion-once-crue-para-el-curso-academico-2025-2026\/","og_site_name":"Unidad de Atenci\u00f3n a Personas con Discapacidad y Necesidades Educativas Especiales","article_publisher":"https:\/\/www.facebook.com\/universidadreyjuancarlos","article_published_time":"2025-11-06T10:09:30+00:00","article_modified_time":"2025-11-06T10:10:18+00:00","og_image":[{"width":2560,"height":995,"url":"https:\/\/www.urjc2030.es\/uapdnee\/wp-content\/uploads\/sites\/9\/2025\/11\/Captura-de-pantalla-2025-11-06-a-las-11.06.21-scaled.png","type":"image\/png"}],"author":"carlos","twitter_card":"summary_large_image","twitter_creator":"@urjc","twitter_site":"@urjc","schema":{"@context":"https:\/\/schema.org","@graph":[{"@type":"Article","@id":"https:\/\/www.urjc2030.es\/uapdnee\/becas-de-practicas-fundacion-once-crue-para-el-curso-academico-2025-2026\/#article","isPartOf":{"@id":"https:\/\/www.urjc2030.es\/uapdnee\/becas-de-practicas-fundacion-once-crue-para-el-curso-academico-2025-2026\/"},"author":{"name":"carlos","@id":"https:\/\/www.urjc2030.es\/uapdnee\/#\/schema\/person\/ddacb9e5abf914ab720a3d13fc047418"},"headline":"Becas de pr\u00e1cticas FUNDACI\u00d3N ONCE-CRUE para el curso acad\u00e9mico 2025-2026","datePublished":"2025-11-06T10:09:30+00:00","dateModified":"2025-11-06T10:10:18+00:00","mainEntityOfPage":{"@id":"https:\/\/www.urjc2030.es\/uapdnee\/becas-de-practicas-fundacion-once-crue-para-el-curso-academico-2025-2026\/"},"wordCount":181,"publisher":{"@id":"https:\/\/www.urjc2030.es\/uapdnee\/#organization"},"image":{"@id":"https:\/\/www.urjc2030.es\/uapdnee\/becas-de-practicas-fundacion-once-crue-para-el-curso-academico-2025-2026\/#primaryimage"},"thumbnailUrl":"https:\/\/www.urjc2030.es\/uapdnee\/wp-content\/uploads\/sites\/9\/2025\/11\/Captura-de-pantalla-2025-11-06-a-las-11.06.21-scaled.png","articleSection":["Noticias"],"inLanguage":"es"},{"@type":"WebPage","@id":"https:\/\/www.urjc2030.es\/uapdnee\/becas-de-practicas-fundacion-once-crue-para-el-curso-academico-2025-2026\/","url":"https:\/\/www.urjc2030.es\/uapdnee\/becas-de-practicas-fundacion-once-crue-para-el-curso-academico-2025-2026\/","name":"Becas de pr\u00e1cticas FUNDACI\u00d3N ONCE-CRUE para el curso acad\u00e9mico 2025-2026 - Unidad de Atenci\u00f3n a Personas con Discapacidad y Necesidades Educativas Especiales","isPartOf":{"@id":"https:\/\/www.urjc2030.es\/uapdnee\/#website"},"primaryImageOfPage":{"@id":"https:\/\/www.urjc2030.es\/uapdnee\/becas-de-practicas-fundacion-once-crue-para-el-curso-academico-2025-2026\/#primaryimage"},"image":{"@id":"https:\/\/www.urjc2030.es\/uapdnee\/becas-de-practicas-fundacion-once-crue-para-el-curso-academico-2025-2026\/#primaryimage"},"thumbnailUrl":"https:\/\/www.urjc2030.es\/uapdnee\/wp-content\/uploads\/sites\/9\/2025\/11\/Captura-de-pantalla-2025-11-06-a-las-11.06.21-scaled.png","datePublished":"2025-11-06T10:09:30+00:00","dateModified":"2025-11-06T10:10:18+00:00","breadcrumb":{"@id":"https:\/\/www.urjc2030.es\/uapdnee\/becas-de-practicas-fundacion-once-crue-para-el-curso-academico-2025-2026\/#breadcrumb"},"inLanguage":"es","potentialAction":[{"@type":"ReadAction","target":["https:\/\/www.urjc2030.es\/uapdnee\/becas-de-practicas-fundacion-once-crue-para-el-curso-academico-2025-2026\/"]}]},{"@type":"ImageObject","inLanguage":"es","@id":"https:\/\/www.urjc2030.es\/uapdnee\/becas-de-practicas-fundacion-once-crue-para-el-curso-academico-2025-2026\/#primaryimage","url":"https:\/\/www.urjc2030.es\/uapdnee\/wp-content\/uploads\/sites\/9\/2025\/11\/Captura-de-pantalla-2025-11-06-a-las-11.06.21-scaled.png","contentUrl":"https:\/\/www.urjc2030.es\/uapdnee\/wp-content\/uploads\/sites\/9\/2025\/11\/Captura-de-pantalla-2025-11-06-a-las-11.06.21-scaled.png","width":2560,"height":995,"caption":"becas de pr\u00e1cticas FUNDACI\u00d3N ONCE-CRUE"},{"@type":"BreadcrumbList","@id":"https:\/\/www.urjc2030.es\/uapdnee\/becas-de-practicas-fundacion-once-crue-para-el-curso-academico-2025-2026\/#breadcrumb","itemListElement":[{"@type":"ListItem","position":1,"name":"Portada","item":"https:\/\/www.urjc2030.es\/uapdnee\/"},{"@type":"ListItem","position":2,"name":"Becas de pr\u00e1cticas FUNDACI\u00d3N ONCE-CRUE para el curso acad\u00e9mico 2025-2026"}]},{"@type":"WebSite","@id":"https:\/\/www.urjc2030.es\/uapdnee\/#website","url":"https:\/\/www.urjc2030.es\/uapdnee\/","name":"Unidad de Atenci\u00f3n a Personas con Discapacidad y Necesidades Educativas Especiales","description":"Gozar de las mismas oportunidades bajo el prisma de igualdad de oportunidades.","publisher":{"@id":"https:\/\/www.urjc2030.es\/uapdnee\/#organization"},"potentialAction":[{"@type":"SearchAction","target":{"@type":"EntryPoint","urlTemplate":"https:\/\/www.urjc2030.es\/uapdnee\/?s={search_term_string}"},"query-input":{"@type":"PropertyValueSpecification","valueRequired":true,"valueName":"search_term_string"}}],"inLanguage":"es"},{"@type":"Organization","@id":"https:\/\/www.urjc2030.es\/uapdnee\/#organization","name":"Universidad Rey Juan Carlos","url":"https:\/\/www.urjc2030.es\/uapdnee\/","logo":{"@type":"ImageObject","inLanguage":"es","@id":"https:\/\/www.urjc2030.es\/uapdnee\/#\/schema\/logo\/image\/","url":"https:\/\/www.urjc2030.es\/uapdnee\/wp-content\/uploads\/sites\/9\/2020\/10\/logoURJC.png","contentUrl":"https:\/\/www.urjc2030.es\/uapdnee\/wp-content\/uploads\/sites\/9\/2020\/10\/logoURJC.png","width":800,"height":305,"caption":"Universidad Rey Juan Carlos"},"image":{"@id":"https:\/\/www.urjc2030.es\/uapdnee\/#\/schema\/logo\/image\/"},"sameAs":["https:\/\/www.facebook.com\/universidadreyjuancarlos","https:\/\/x.com\/urjc","https:\/\/www.instagram.com\/urjc_uni\/?hl=es"]},{"@type":"Person","@id":"https:\/\/www.urjc2030.es\/uapdnee\/#\/schema\/person\/ddacb9e5abf914ab720a3d13fc047418","name":"carlos","image":{"@type":"ImageObject","inLanguage":"es","@id":"https:\/\/secure.gravatar.com\/avatar\/98e1c0d637a9f3d3cd2be0e49e5387245f96e039452a34f919c9e800cad0f304?s=96&d=mm&r=g","url":"https:\/\/secure.gravatar.com\/avatar\/98e1c0d637a9f3d3cd2be0e49e5387245f96e039452a34f919c9e800cad0f304?s=96&d=mm&r=g","contentUrl":"https:\/\/secure.gravatar.com\/avatar\/98e1c0d637a9f3d3cd2be0e49e5387245f96e039452a34f919c9e800cad0f304?s=96&d=mm&r=g","caption":"carlos"}}]}},"_links":{"self":[{"href":"https:\/\/www.urjc2030.es\/uapdnee\/wp-json\/wp\/v2\/posts\/2074","targetHints":{"allow":["GET"]}}],"collection":[{"href":"https:\/\/www.urjc2030.es\/uapdnee\/wp-json\/wp\/v2\/posts"}],"about":[{"href":"https:\/\/www.urjc2030.es\/uapdnee\/wp-json\/wp\/v2\/types\/post"}],"author":[{"embeddable":true,"href":"https:\/\/www.urjc2030.es\/uapdnee\/wp-json\/wp\/v2\/users\/10"}],"replies":[{"embeddable":true,"href":"https:\/\/www.urjc2030.es\/uapdnee\/wp-json\/wp\/v2\/comments?post=2074"}],"version-history":[{"count":2,"href":"https:\/\/www.urjc2030.es\/uapdnee\/wp-json\/wp\/v2\/posts\/2074\/revisions"}],"predecessor-version":[{"id":2077,"href":"https:\/\/www.urjc2030.es\/uapdnee\/wp-json\/wp\/v2\/posts\/2074\/revisions\/2077"}],"wp:featuredmedia":[{"embeddable":true,"href":"https:\/\/www.urjc2030.es\/uapdnee\/wp-json\/wp\/v2\/media\/2075"}],"wp:attachment":[{"href":"https:\/\/www.urjc2030.es\/uapdnee\/wp-json\/wp\/v2\/media?parent=2074"}],"wp:term":[{"taxonomy":"category","embeddable":true,"href":"https:\/\/www.urjc2030.es\/uapdnee\/wp-json\/wp\/v2\/categories?post=2074"},{"taxonomy":"post_tag","embeddable":true,"href":"https:\/\/www.urjc2030.es\/uapdnee\/wp-json\/wp\/v2\/tags?post=2074"}],"curies":[{"name":"wp","href":"https:\/\/api.w.org\/{rel}","templated":true}]}}