{"id":2117,"date":"2025-11-20T11:08:38","date_gmt":"2025-11-20T11:08:38","guid":{"rendered":"https:\/\/www.urjc2030.es\/uapdnee\/?p=2117"},"modified":"2025-11-20T11:08:38","modified_gmt":"2025-11-20T11:08:38","slug":"ofertas-practicas-y-empleo-para-universitarios-con-discapacidad-nov-25","status":"publish","type":"post","link":"https:\/\/www.urjc2030.es\/uapdnee\/ofertas-practicas-y-empleo-para-universitarios-con-discapacidad-nov-25\/","title":{"rendered":"Ofertas pr\u00e1cticas y empleo para universitarios con discapacidad"},"content":{"rendered":"<p><strong><a href=\"https:\/\/www.urjc2030.es\/uapdnee\/wp-content\/uploads\/sites\/9\/2025\/11\/image001.png\"><img decoding=\"async\" class=\"alignright wp-image-2120 size-large\" src=\"https:\/\/www.urjc2030.es\/uapdnee\/wp-content\/uploads\/sites\/9\/2025\/11\/image001-1024x297.png\" alt=\"empleo\" width=\"350\" height=\"auto\" srcset=\"https:\/\/www.urjc2030.es\/uapdnee\/wp-content\/uploads\/sites\/9\/2025\/11\/image001-1024x297.png 1024w, https:\/\/www.urjc2030.es\/uapdnee\/wp-content\/uploads\/sites\/9\/2025\/11\/image001-980x284.png 980w, https:\/\/www.urjc2030.es\/uapdnee\/wp-content\/uploads\/sites\/9\/2025\/11\/image001-480x139.png 480w\" sizes=\"(min-width: 0px) and (max-width: 480px) 480px, (min-width: 481px) and (max-width: 980px) 980px, (min-width: 981px) 1024px, 100vw\" \/><\/a>\u00bfEst\u00e1s a punto de terminar tus estudios o eres reci\u00e9n licenciad@?<\/strong><\/p>\n<p><strong>\u00bfPosees, adem\u00e1s, Certificado de Discapacidad?<\/strong><\/p>\n<p>Desde Page Personnel, l\u00edderes en la selecci\u00f3n de perfiles cualificados, lanzamos nuestra divisi\u00f3n de <strong>Diversidad &amp; Inclusi\u00f3n<\/strong>, con el objetivo de ayudar a empresas y candidat@s con Discapacidad a conectarse por una v\u00eda m\u00e1s directa y promocionar la inclusi\u00f3n laboral.<\/p>\n<p>Si quieres promover y potenciar tu carrera profesional, reg\u00edstrate en alguna de nuestras vacantes.<\/p>\n<p><strong>\u00a1Tenemos nuevas <\/strong><a href=\"https:\/\/www.pagepersonnel.es\/jobs\/eduardo-moron?pos=job-3731896\" target=\"_blank\" rel=\"noopener\"><strong>ofertas<\/strong><\/a><strong> cada semana!<\/strong><\/p>\n<table width=\"657\">\n<tbody>\n<tr>\n<td width=\"35\">1\u00ba<\/td>\n<td width=\"390\"><strong><a href=\"https:\/\/www.pagepersonnel.es\/job-detail\/tco-operaciones-bancarias-con-discapacidad\/ref\/jn-102025-6858685\" target=\"_blank\" rel=\"noopener\">Tco. Operaciones bancarias con Discapacidad<\/a><\/strong><\/td>\n<td width=\"77\">26.000\u20ac<\/td>\n<td width=\"76\">Indefinido<\/td>\n<td width=\"78\">Madrid<\/td>\n<\/tr>\n<tr>\n<td width=\"35\">2\u00ba<\/td>\n<td width=\"390\"><strong><a href=\"https:\/\/www.pagepersonnel.es\/job-detail\/administrativo-con-discapacidad-tres-cantos\/ref\/jn-012025-6632476\" target=\"_blank\" rel=\"noopener\">Administrativo con Discapacidad &#8211; Tres Cantos<\/a><\/strong><\/td>\n<td width=\"77\">22.800\u20ac<\/td>\n<td width=\"76\">Beca<\/td>\n<td width=\"78\">Madrid<\/td>\n<\/tr>\n<tr>\n<td width=\"35\">3\u00ba<\/td>\n<td width=\"390\"><strong><a href=\"https:\/\/www.pagepersonnel.es\/job-detail\/ingenieroa-junior-con-discapacidad\/ref\/jn-102025-6858724\" target=\"_blank\" rel=\"noopener\">Ingeniero\/a Junior con Discapacidad<\/a><\/strong><\/td>\n<td width=\"77\">25.000 \u20ac<\/td>\n<td width=\"76\">Temporal<\/td>\n<td width=\"78\">Barcelona<\/td>\n<\/tr>\n<tr>\n<td width=\"35\">4\u00ba<\/td>\n<td width=\"390\"><strong><a href=\"https:\/\/www.pagepersonnel.es\/job-detail\/administrativo-contable-con-certificado-de-discapacidad\/ref\/jn-072025-6801828\" target=\"_blank\" rel=\"noopener\">Administrativo-contable con certificado de discapacidad<\/a><\/strong><\/td>\n<td width=\"77\">20.000 \u20ac<\/td>\n<td width=\"76\">Indefinido<\/td>\n<td width=\"78\">Madrid<\/td>\n<\/tr>\n<tr>\n<td width=\"35\">5\u00ba<\/td>\n<td width=\"390\"><strong><a href=\"https:\/\/www.pagepersonnel.es\/job-detail\/consultora-jr-comunicaci%C3%B3n-con-discapacidad\/ref\/jn-092025-6846134\" target=\"_blank\" rel=\"noopener\">Consultor\/a Jr comunicaci\u00f3n con discapacidad<\/a><\/strong><\/td>\n<td width=\"77\">23.000 \u20ac<\/td>\n<td width=\"76\">Indefinido<\/td>\n<td width=\"78\">Madrid<\/td>\n<\/tr>\n<tr>\n<td width=\"35\">6\u00ba<\/td>\n<td width=\"390\"><strong><a href=\"https:\/\/www.pagepersonnel.es\/job-detail\/administrativo-rrhh-con-discapacidad\/ref\/jn-092025-6844699\" target=\"_blank\" rel=\"noopener\">Administrativo RRHH con discapacidad<\/a><\/strong><\/td>\n<td width=\"77\">22.800 \u20ac<\/td>\n<td width=\"76\">Indefinido<\/td>\n<td width=\"78\">Madrid<\/td>\n<\/tr>\n<tr>\n<td width=\"35\">7\u00ba<\/td>\n<td width=\"390\"><strong><a href=\"https:\/\/www.pagepersonnel.es\/job-detail\/administrativo-de-facturaci%C3%B3n-con-discapacidad-e-ingl%C3%A9s-c1\/ref\/jn-072025-6785470\" target=\"_blank\" rel=\"noopener\">Administrativo de facturaci\u00f3n con discapacidad e ingl\u00e9s C1<\/a><\/strong><\/td>\n<td width=\"77\">25.000 \u20ac<\/td>\n<td width=\"76\">Indefinido<\/td>\n<td width=\"78\">Madrid<\/td>\n<\/tr>\n<tr>\n<td width=\"35\">8\u00ba<\/td>\n<td width=\"390\"><strong><a href=\"https:\/\/www.pagepersonnel.es\/job-detail\/administrativo-junior-con-discapacidad\/ref\/jn-022025-6676865\">Administrativo junior con discapacidad<\/a><\/strong><\/td>\n<td width=\"77\">18.000 \u20ac<\/td>\n<td width=\"76\">Temporal<\/td>\n<td width=\"78\">Madrid<\/td>\n<\/tr>\n<tr>\n<td width=\"35\">9\u00ba<\/td>\n<td width=\"390\"><strong><a href=\"https:\/\/www.pagepersonnel.es\/job-detail\/contable-general-con-discapacidad\/ref\/jn-072025-6799821\" target=\"_blank\" rel=\"noopener\">Contable general con Discapacidad<\/a><\/strong><\/td>\n<td width=\"77\">30.000 \u2013 35.000 \u20ac<\/td>\n<td width=\"76\">Indefinido<\/td>\n<td width=\"78\">Valencia<\/td>\n<\/tr>\n<\/tbody>\n<\/table>\n<p><strong>\u00bfNinguna de estas ofertas encajan con tu perfil?<\/strong><\/p>\n<p>Env\u00edanos tu CV para futuros procesos: <a href=\"https:\/\/www.pagepersonnel.es\/gl-perfiles-certificado-discapacidad\"><strong>AQU\u00cd<\/strong><\/a><\/p>\n<p>Si tienes dudas o buscas orientaci\u00f3n profesional, tambi\u00e9n podemos apoyarte. Escr\u00edbenos a:<\/p>\n<ul>\n<li><strong><a href=\"mailto:eduardomoron@pagepersonnel.es\" target=\"_blank\" rel=\"noopener\">eduardomoron@pagepersonnel.es<\/a><\/strong><\/li>\n<li><strong><a href=\"mailto:fernandopino@pagepersonnel.es\" target=\"_blank\" rel=\"noopener\">fernandopino@pagepersonnel.es<\/a><\/strong><\/li>\n<\/ul>\n<p>\u00a1Esperamos tu CV!<\/p>\n<p><strong>El equipo de D&amp;I de Page Personnel<\/strong><\/p>\n","protected":false},"excerpt":{"rendered":"<p>\u00bfEst\u00e1s a punto de terminar tus estudios o eres reci\u00e9n licenciad@? \u00bfPosees, adem\u00e1s, Certificado de Discapacidad? Desde Page Personnel, l\u00edderes en la selecci\u00f3n de perfiles cualificados, lanzamos nuestra divisi\u00f3n de Diversidad &amp; Inclusi\u00f3n, con el objetivo de ayudar a empresas y candidat@s con Discapacidad a conectarse por una v\u00eda m\u00e1s directa y promocionar la inclusi\u00f3n [&hellip;]<\/p>\n","protected":false},"author":10,"featured_media":2120,"comment_status":"closed","ping_status":"closed","sticky":false,"template":"","format":"standard","meta":{"_et_pb_use_builder":"","_et_pb_old_content":"","_et_gb_content_width":"","cybocfi_hide_featured_image":"","footnotes":""},"categories":[9],"tags":[],"class_list":["post-2117","post","type-post","status-publish","format-standard","has-post-thumbnail","hentry","category-noticias-uapdnee"],"yoast_head":"<!-- This site is optimized with the Yoast SEO plugin v27.4 - https:\/\/yoast.com\/product\/yoast-seo-wordpress\/ -->\n<title>Ofertas pr\u00e1cticas y empleo para universitarios con discapacidad - Unidad de Atenci\u00f3n a Personas con Discapacidad y Necesidades Educativas Especiales<\/title>\n<meta name=\"robots\" content=\"index, follow, max-snippet:-1, max-image-preview:large, max-video-preview:-1\" \/>\n<link rel=\"canonical\" href=\"https:\/\/www.urjc2030.es\/uapdnee\/ofertas-practicas-y-empleo-para-universitarios-con-discapacidad-nov-25\/\" \/>\n<meta property=\"og:locale\" content=\"es_ES\" \/>\n<meta property=\"og:type\" content=\"article\" \/>\n<meta property=\"og:title\" content=\"Ofertas pr\u00e1cticas y empleo para universitarios con discapacidad - Unidad de Atenci\u00f3n a Personas con Discapacidad y Necesidades Educativas Especiales\" \/>\n<meta property=\"og:description\" content=\"\u00bfEst\u00e1s a punto de terminar tus estudios o eres reci\u00e9n licenciad@? \u00bfPosees, adem\u00e1s, Certificado de Discapacidad? Desde Page Personnel, l\u00edderes en la selecci\u00f3n de perfiles cualificados, lanzamos nuestra divisi\u00f3n de Diversidad &amp; Inclusi\u00f3n, con el objetivo de ayudar a empresas y candidat@s con Discapacidad a conectarse por una v\u00eda m\u00e1s directa y promocionar la inclusi\u00f3n [&hellip;]\" \/>\n<meta property=\"og:url\" content=\"https:\/\/www.urjc2030.es\/uapdnee\/ofertas-practicas-y-empleo-para-universitarios-con-discapacidad-nov-25\/\" \/>\n<meta property=\"og:site_name\" content=\"Unidad de Atenci\u00f3n a Personas con Discapacidad y Necesidades Educativas Especiales\" \/>\n<meta property=\"article:publisher\" content=\"https:\/\/www.facebook.com\/universidadreyjuancarlos\" \/>\n<meta property=\"article:published_time\" content=\"2025-11-20T11:08:38+00:00\" \/>\n<meta property=\"og:image\" content=\"https:\/\/www.urjc2030.es\/uapdnee\/wp-content\/uploads\/sites\/9\/2025\/11\/image001.png\" \/>\n\t<meta property=\"og:image:width\" content=\"1044\" \/>\n\t<meta property=\"og:image:height\" content=\"303\" \/>\n\t<meta property=\"og:image:type\" content=\"image\/png\" \/>\n<meta name=\"author\" content=\"carlos\" \/>\n<meta name=\"twitter:card\" content=\"summary_large_image\" \/>\n<meta name=\"twitter:creator\" content=\"@urjc\" \/>\n<meta name=\"twitter:site\" content=\"@urjc\" \/>\n<script type=\"application\/ld+json\" class=\"yoast-schema-graph\">{\"@context\":\"https:\\\/\\\/schema.org\",\"@graph\":[{\"@type\":\"Article\",\"@id\":\"https:\\\/\\\/www.urjc2030.es\\\/uapdnee\\\/ofertas-practicas-y-empleo-para-universitarios-con-discapacidad-nov-25\\\/#article\",\"isPartOf\":{\"@id\":\"https:\\\/\\\/www.urjc2030.es\\\/uapdnee\\\/ofertas-practicas-y-empleo-para-universitarios-con-discapacidad-nov-25\\\/\"},\"author\":{\"name\":\"carlos\",\"@id\":\"https:\\\/\\\/www.urjc2030.es\\\/uapdnee\\\/#\\\/schema\\\/person\\\/ddacb9e5abf914ab720a3d13fc047418\"},\"headline\":\"Ofertas pr\u00e1cticas y empleo para universitarios con discapacidad\",\"datePublished\":\"2025-11-20T11:08:38+00:00\",\"mainEntityOfPage\":{\"@id\":\"https:\\\/\\\/www.urjc2030.es\\\/uapdnee\\\/ofertas-practicas-y-empleo-para-universitarios-con-discapacidad-nov-25\\\/\"},\"wordCount\":213,\"publisher\":{\"@id\":\"https:\\\/\\\/www.urjc2030.es\\\/uapdnee\\\/#organization\"},\"image\":{\"@id\":\"https:\\\/\\\/www.urjc2030.es\\\/uapdnee\\\/ofertas-practicas-y-empleo-para-universitarios-con-discapacidad-nov-25\\\/#primaryimage\"},\"thumbnailUrl\":\"https:\\\/\\\/www.urjc2030.es\\\/uapdnee\\\/wp-content\\\/uploads\\\/sites\\\/9\\\/2025\\\/11\\\/image001.png\",\"articleSection\":[\"Noticias\"],\"inLanguage\":\"es\"},{\"@type\":\"WebPage\",\"@id\":\"https:\\\/\\\/www.urjc2030.es\\\/uapdnee\\\/ofertas-practicas-y-empleo-para-universitarios-con-discapacidad-nov-25\\\/\",\"url\":\"https:\\\/\\\/www.urjc2030.es\\\/uapdnee\\\/ofertas-practicas-y-empleo-para-universitarios-con-discapacidad-nov-25\\\/\",\"name\":\"Ofertas pr\u00e1cticas y empleo para universitarios con discapacidad - Unidad de Atenci\u00f3n a Personas con Discapacidad y Necesidades Educativas Especiales\",\"isPartOf\":{\"@id\":\"https:\\\/\\\/www.urjc2030.es\\\/uapdnee\\\/#website\"},\"primaryImageOfPage\":{\"@id\":\"https:\\\/\\\/www.urjc2030.es\\\/uapdnee\\\/ofertas-practicas-y-empleo-para-universitarios-con-discapacidad-nov-25\\\/#primaryimage\"},\"image\":{\"@id\":\"https:\\\/\\\/www.urjc2030.es\\\/uapdnee\\\/ofertas-practicas-y-empleo-para-universitarios-con-discapacidad-nov-25\\\/#primaryimage\"},\"thumbnailUrl\":\"https:\\\/\\\/www.urjc2030.es\\\/uapdnee\\\/wp-content\\\/uploads\\\/sites\\\/9\\\/2025\\\/11\\\/image001.png\",\"datePublished\":\"2025-11-20T11:08:38+00:00\",\"breadcrumb\":{\"@id\":\"https:\\\/\\\/www.urjc2030.es\\\/uapdnee\\\/ofertas-practicas-y-empleo-para-universitarios-con-discapacidad-nov-25\\\/#breadcrumb\"},\"inLanguage\":\"es\",\"potentialAction\":[{\"@type\":\"ReadAction\",\"target\":[\"https:\\\/\\\/www.urjc2030.es\\\/uapdnee\\\/ofertas-practicas-y-empleo-para-universitarios-con-discapacidad-nov-25\\\/\"]}]},{\"@type\":\"ImageObject\",\"inLanguage\":\"es\",\"@id\":\"https:\\\/\\\/www.urjc2030.es\\\/uapdnee\\\/ofertas-practicas-y-empleo-para-universitarios-con-discapacidad-nov-25\\\/#primaryimage\",\"url\":\"https:\\\/\\\/www.urjc2030.es\\\/uapdnee\\\/wp-content\\\/uploads\\\/sites\\\/9\\\/2025\\\/11\\\/image001.png\",\"contentUrl\":\"https:\\\/\\\/www.urjc2030.es\\\/uapdnee\\\/wp-content\\\/uploads\\\/sites\\\/9\\\/2025\\\/11\\\/image001.png\",\"width\":1044,\"height\":303,\"caption\":\"empleo\"},{\"@type\":\"BreadcrumbList\",\"@id\":\"https:\\\/\\\/www.urjc2030.es\\\/uapdnee\\\/ofertas-practicas-y-empleo-para-universitarios-con-discapacidad-nov-25\\\/#breadcrumb\",\"itemListElement\":[{\"@type\":\"ListItem\",\"position\":1,\"name\":\"Portada\",\"item\":\"https:\\\/\\\/www.urjc2030.es\\\/uapdnee\\\/\"},{\"@type\":\"ListItem\",\"position\":2,\"name\":\"Ofertas pr\u00e1cticas y empleo para universitarios con discapacidad\"}]},{\"@type\":\"WebSite\",\"@id\":\"https:\\\/\\\/www.urjc2030.es\\\/uapdnee\\\/#website\",\"url\":\"https:\\\/\\\/www.urjc2030.es\\\/uapdnee\\\/\",\"name\":\"Unidad de Atenci\u00f3n a Personas con Discapacidad y Necesidades Educativas Especiales\",\"description\":\"Gozar de las mismas oportunidades bajo el prisma de igualdad de oportunidades.\",\"publisher\":{\"@id\":\"https:\\\/\\\/www.urjc2030.es\\\/uapdnee\\\/#organization\"},\"potentialAction\":[{\"@type\":\"SearchAction\",\"target\":{\"@type\":\"EntryPoint\",\"urlTemplate\":\"https:\\\/\\\/www.urjc2030.es\\\/uapdnee\\\/?s={search_term_string}\"},\"query-input\":{\"@type\":\"PropertyValueSpecification\",\"valueRequired\":true,\"valueName\":\"search_term_string\"}}],\"inLanguage\":\"es\"},{\"@type\":\"Organization\",\"@id\":\"https:\\\/\\\/www.urjc2030.es\\\/uapdnee\\\/#organization\",\"name\":\"Universidad Rey Juan Carlos\",\"url\":\"https:\\\/\\\/www.urjc2030.es\\\/uapdnee\\\/\",\"logo\":{\"@type\":\"ImageObject\",\"inLanguage\":\"es\",\"@id\":\"https:\\\/\\\/www.urjc2030.es\\\/uapdnee\\\/#\\\/schema\\\/logo\\\/image\\\/\",\"url\":\"https:\\\/\\\/www.urjc2030.es\\\/uapdnee\\\/wp-content\\\/uploads\\\/sites\\\/9\\\/2020\\\/10\\\/logoURJC.png\",\"contentUrl\":\"https:\\\/\\\/www.urjc2030.es\\\/uapdnee\\\/wp-content\\\/uploads\\\/sites\\\/9\\\/2020\\\/10\\\/logoURJC.png\",\"width\":800,\"height\":305,\"caption\":\"Universidad Rey Juan Carlos\"},\"image\":{\"@id\":\"https:\\\/\\\/www.urjc2030.es\\\/uapdnee\\\/#\\\/schema\\\/logo\\\/image\\\/\"},\"sameAs\":[\"https:\\\/\\\/www.facebook.com\\\/universidadreyjuancarlos\",\"https:\\\/\\\/x.com\\\/urjc\",\"https:\\\/\\\/www.instagram.com\\\/urjc_uni\\\/?hl=es\"]},{\"@type\":\"Person\",\"@id\":\"https:\\\/\\\/www.urjc2030.es\\\/uapdnee\\\/#\\\/schema\\\/person\\\/ddacb9e5abf914ab720a3d13fc047418\",\"name\":\"carlos\",\"image\":{\"@type\":\"ImageObject\",\"inLanguage\":\"es\",\"@id\":\"https:\\\/\\\/secure.gravatar.com\\\/avatar\\\/98e1c0d637a9f3d3cd2be0e49e5387245f96e039452a34f919c9e800cad0f304?s=96&d=mm&r=g\",\"url\":\"https:\\\/\\\/secure.gravatar.com\\\/avatar\\\/98e1c0d637a9f3d3cd2be0e49e5387245f96e039452a34f919c9e800cad0f304?s=96&d=mm&r=g\",\"contentUrl\":\"https:\\\/\\\/secure.gravatar.com\\\/avatar\\\/98e1c0d637a9f3d3cd2be0e49e5387245f96e039452a34f919c9e800cad0f304?s=96&d=mm&r=g\",\"caption\":\"carlos\"}}]}<\/script>\n<!-- \/ Yoast SEO plugin. -->","yoast_head_json":{"title":"Ofertas pr\u00e1cticas y empleo para universitarios con discapacidad - Unidad de Atenci\u00f3n a Personas con Discapacidad y Necesidades Educativas Especiales","robots":{"index":"index","follow":"follow","max-snippet":"max-snippet:-1","max-image-preview":"max-image-preview:large","max-video-preview":"max-video-preview:-1"},"canonical":"https:\/\/www.urjc2030.es\/uapdnee\/ofertas-practicas-y-empleo-para-universitarios-con-discapacidad-nov-25\/","og_locale":"es_ES","og_type":"article","og_title":"Ofertas pr\u00e1cticas y empleo para universitarios con discapacidad - Unidad de Atenci\u00f3n a Personas con Discapacidad y Necesidades Educativas Especiales","og_description":"\u00bfEst\u00e1s a punto de terminar tus estudios o eres reci\u00e9n licenciad@? \u00bfPosees, adem\u00e1s, Certificado de Discapacidad? Desde Page Personnel, l\u00edderes en la selecci\u00f3n de perfiles cualificados, lanzamos nuestra divisi\u00f3n de Diversidad &amp; Inclusi\u00f3n, con el objetivo de ayudar a empresas y candidat@s con Discapacidad a conectarse por una v\u00eda m\u00e1s directa y promocionar la inclusi\u00f3n [&hellip;]","og_url":"https:\/\/www.urjc2030.es\/uapdnee\/ofertas-practicas-y-empleo-para-universitarios-con-discapacidad-nov-25\/","og_site_name":"Unidad de Atenci\u00f3n a Personas con Discapacidad y Necesidades Educativas Especiales","article_publisher":"https:\/\/www.facebook.com\/universidadreyjuancarlos","article_published_time":"2025-11-20T11:08:38+00:00","og_image":[{"width":1044,"height":303,"url":"https:\/\/www.urjc2030.es\/uapdnee\/wp-content\/uploads\/sites\/9\/2025\/11\/image001.png","type":"image\/png"}],"author":"carlos","twitter_card":"summary_large_image","twitter_creator":"@urjc","twitter_site":"@urjc","schema":{"@context":"https:\/\/schema.org","@graph":[{"@type":"Article","@id":"https:\/\/www.urjc2030.es\/uapdnee\/ofertas-practicas-y-empleo-para-universitarios-con-discapacidad-nov-25\/#article","isPartOf":{"@id":"https:\/\/www.urjc2030.es\/uapdnee\/ofertas-practicas-y-empleo-para-universitarios-con-discapacidad-nov-25\/"},"author":{"name":"carlos","@id":"https:\/\/www.urjc2030.es\/uapdnee\/#\/schema\/person\/ddacb9e5abf914ab720a3d13fc047418"},"headline":"Ofertas pr\u00e1cticas y empleo para universitarios con discapacidad","datePublished":"2025-11-20T11:08:38+00:00","mainEntityOfPage":{"@id":"https:\/\/www.urjc2030.es\/uapdnee\/ofertas-practicas-y-empleo-para-universitarios-con-discapacidad-nov-25\/"},"wordCount":213,"publisher":{"@id":"https:\/\/www.urjc2030.es\/uapdnee\/#organization"},"image":{"@id":"https:\/\/www.urjc2030.es\/uapdnee\/ofertas-practicas-y-empleo-para-universitarios-con-discapacidad-nov-25\/#primaryimage"},"thumbnailUrl":"https:\/\/www.urjc2030.es\/uapdnee\/wp-content\/uploads\/sites\/9\/2025\/11\/image001.png","articleSection":["Noticias"],"inLanguage":"es"},{"@type":"WebPage","@id":"https:\/\/www.urjc2030.es\/uapdnee\/ofertas-practicas-y-empleo-para-universitarios-con-discapacidad-nov-25\/","url":"https:\/\/www.urjc2030.es\/uapdnee\/ofertas-practicas-y-empleo-para-universitarios-con-discapacidad-nov-25\/","name":"Ofertas pr\u00e1cticas y empleo para universitarios con discapacidad - Unidad de Atenci\u00f3n a Personas con Discapacidad y Necesidades Educativas Especiales","isPartOf":{"@id":"https:\/\/www.urjc2030.es\/uapdnee\/#website"},"primaryImageOfPage":{"@id":"https:\/\/www.urjc2030.es\/uapdnee\/ofertas-practicas-y-empleo-para-universitarios-con-discapacidad-nov-25\/#primaryimage"},"image":{"@id":"https:\/\/www.urjc2030.es\/uapdnee\/ofertas-practicas-y-empleo-para-universitarios-con-discapacidad-nov-25\/#primaryimage"},"thumbnailUrl":"https:\/\/www.urjc2030.es\/uapdnee\/wp-content\/uploads\/sites\/9\/2025\/11\/image001.png","datePublished":"2025-11-20T11:08:38+00:00","breadcrumb":{"@id":"https:\/\/www.urjc2030.es\/uapdnee\/ofertas-practicas-y-empleo-para-universitarios-con-discapacidad-nov-25\/#breadcrumb"},"inLanguage":"es","potentialAction":[{"@type":"ReadAction","target":["https:\/\/www.urjc2030.es\/uapdnee\/ofertas-practicas-y-empleo-para-universitarios-con-discapacidad-nov-25\/"]}]},{"@type":"ImageObject","inLanguage":"es","@id":"https:\/\/www.urjc2030.es\/uapdnee\/ofertas-practicas-y-empleo-para-universitarios-con-discapacidad-nov-25\/#primaryimage","url":"https:\/\/www.urjc2030.es\/uapdnee\/wp-content\/uploads\/sites\/9\/2025\/11\/image001.png","contentUrl":"https:\/\/www.urjc2030.es\/uapdnee\/wp-content\/uploads\/sites\/9\/2025\/11\/image001.png","width":1044,"height":303,"caption":"empleo"},{"@type":"BreadcrumbList","@id":"https:\/\/www.urjc2030.es\/uapdnee\/ofertas-practicas-y-empleo-para-universitarios-con-discapacidad-nov-25\/#breadcrumb","itemListElement":[{"@type":"ListItem","position":1,"name":"Portada","item":"https:\/\/www.urjc2030.es\/uapdnee\/"},{"@type":"ListItem","position":2,"name":"Ofertas pr\u00e1cticas y empleo para universitarios con discapacidad"}]},{"@type":"WebSite","@id":"https:\/\/www.urjc2030.es\/uapdnee\/#website","url":"https:\/\/www.urjc2030.es\/uapdnee\/","name":"Unidad de Atenci\u00f3n a Personas con Discapacidad y Necesidades Educativas Especiales","description":"Gozar de las mismas oportunidades bajo el prisma de igualdad de oportunidades.","publisher":{"@id":"https:\/\/www.urjc2030.es\/uapdnee\/#organization"},"potentialAction":[{"@type":"SearchAction","target":{"@type":"EntryPoint","urlTemplate":"https:\/\/www.urjc2030.es\/uapdnee\/?s={search_term_string}"},"query-input":{"@type":"PropertyValueSpecification","valueRequired":true,"valueName":"search_term_string"}}],"inLanguage":"es"},{"@type":"Organization","@id":"https:\/\/www.urjc2030.es\/uapdnee\/#organization","name":"Universidad Rey Juan Carlos","url":"https:\/\/www.urjc2030.es\/uapdnee\/","logo":{"@type":"ImageObject","inLanguage":"es","@id":"https:\/\/www.urjc2030.es\/uapdnee\/#\/schema\/logo\/image\/","url":"https:\/\/www.urjc2030.es\/uapdnee\/wp-content\/uploads\/sites\/9\/2020\/10\/logoURJC.png","contentUrl":"https:\/\/www.urjc2030.es\/uapdnee\/wp-content\/uploads\/sites\/9\/2020\/10\/logoURJC.png","width":800,"height":305,"caption":"Universidad Rey Juan Carlos"},"image":{"@id":"https:\/\/www.urjc2030.es\/uapdnee\/#\/schema\/logo\/image\/"},"sameAs":["https:\/\/www.facebook.com\/universidadreyjuancarlos","https:\/\/x.com\/urjc","https:\/\/www.instagram.com\/urjc_uni\/?hl=es"]},{"@type":"Person","@id":"https:\/\/www.urjc2030.es\/uapdnee\/#\/schema\/person\/ddacb9e5abf914ab720a3d13fc047418","name":"carlos","image":{"@type":"ImageObject","inLanguage":"es","@id":"https:\/\/secure.gravatar.com\/avatar\/98e1c0d637a9f3d3cd2be0e49e5387245f96e039452a34f919c9e800cad0f304?s=96&d=mm&r=g","url":"https:\/\/secure.gravatar.com\/avatar\/98e1c0d637a9f3d3cd2be0e49e5387245f96e039452a34f919c9e800cad0f304?s=96&d=mm&r=g","contentUrl":"https:\/\/secure.gravatar.com\/avatar\/98e1c0d637a9f3d3cd2be0e49e5387245f96e039452a34f919c9e800cad0f304?s=96&d=mm&r=g","caption":"carlos"}}]}},"_links":{"self":[{"href":"https:\/\/www.urjc2030.es\/uapdnee\/wp-json\/wp\/v2\/posts\/2117","targetHints":{"allow":["GET"]}}],"collection":[{"href":"https:\/\/www.urjc2030.es\/uapdnee\/wp-json\/wp\/v2\/posts"}],"about":[{"href":"https:\/\/www.urjc2030.es\/uapdnee\/wp-json\/wp\/v2\/types\/post"}],"author":[{"embeddable":true,"href":"https:\/\/www.urjc2030.es\/uapdnee\/wp-json\/wp\/v2\/users\/10"}],"replies":[{"embeddable":true,"href":"https:\/\/www.urjc2030.es\/uapdnee\/wp-json\/wp\/v2\/comments?post=2117"}],"version-history":[{"count":3,"href":"https:\/\/www.urjc2030.es\/uapdnee\/wp-json\/wp\/v2\/posts\/2117\/revisions"}],"predecessor-version":[{"id":2121,"href":"https:\/\/www.urjc2030.es\/uapdnee\/wp-json\/wp\/v2\/posts\/2117\/revisions\/2121"}],"wp:featuredmedia":[{"embeddable":true,"href":"https:\/\/www.urjc2030.es\/uapdnee\/wp-json\/wp\/v2\/media\/2120"}],"wp:attachment":[{"href":"https:\/\/www.urjc2030.es\/uapdnee\/wp-json\/wp\/v2\/media?parent=2117"}],"wp:term":[{"taxonomy":"category","embeddable":true,"href":"https:\/\/www.urjc2030.es\/uapdnee\/wp-json\/wp\/v2\/categories?post=2117"},{"taxonomy":"post_tag","embeddable":true,"href":"https:\/\/www.urjc2030.es\/uapdnee\/wp-json\/wp\/v2\/tags?post=2117"}],"curies":[{"name":"wp","href":"https:\/\/api.w.org\/{rel}","templated":true}]}}