{"id":2129,"date":"2025-12-02T09:30:01","date_gmt":"2025-12-02T09:30:01","guid":{"rendered":"https:\/\/www.urjc2030.es\/uapdnee\/?p=2129"},"modified":"2025-12-02T09:30:01","modified_gmt":"2025-12-02T09:30:01","slug":"encuentra-tu-proximo-empleo-en-la-feria-virtual-para-talento-con-discapacidad-de-fundacion-universia","status":"publish","type":"post","link":"https:\/\/www.urjc2030.es\/uapdnee\/encuentra-tu-proximo-empleo-en-la-feria-virtual-para-talento-con-discapacidad-de-fundacion-universia\/","title":{"rendered":"Encuentra tu pr\u00f3ximo empleo en la Feria Virtual para Talento con Discapacidad de Fundaci\u00f3n Universia"},"content":{"rendered":"<p><a href=\"https:\/\/www.urjc2030.es\/uapdnee\/wp-content\/uploads\/sites\/9\/2025\/12\/image002.png\"><img loading=\"lazy\" decoding=\"async\" class=\"size-medium wp-image-2130 alignright\" src=\"https:\/\/www.urjc2030.es\/uapdnee\/wp-content\/uploads\/sites\/9\/2025\/12\/image002-300x176.png\" alt=\"image002\" width=\"300\" height=\"176\" \/><\/a>Desde <strong>Fundaci\u00f3n Universia<\/strong> queremos invitaros a sumaros a la difusi\u00f3n de la <strong>Feria Virtual de Empleo para Talento con Discapacidad<\/strong>, que celebraremos los pr\u00f3ximos <strong>2 y 3 de diciembre<\/strong>, coincidiendo con la <strong>Semana del D\u00eda Internacional de las Personas con Discapacidad<\/strong>.<\/p>\n<p>Se trata de un espacio en l\u00ednea gratuito donde estudiantes y titulados con discapacidad podr\u00e1n <strong>conectarse directamente con empresas comprometidas con el empleo inclusivo<\/strong>, conocer sus vacantes, participar en charlas inspiradoras y descubrir nuevas oportunidades profesionales.<\/p>\n<p>\ud83d\udcc5 <strong>Fechas:<\/strong> 2 y 3 de diciembre<br \/>\n\ud83c\udf10 <strong>Registro abierto <\/strong>hasta el 2 de diciembre<br \/>\n\ud83c\udfaf <strong>Dirigido a:<\/strong> estudiantes y titulados universitarios con discapacidad que buscan empleo o pr\u00e1cticas<\/p>\n<p>\ud83d\udc49 <strong>Enlace para registrarse:<\/strong> <strong><a href=\"https:\/\/www.universia.net\/es\/feria-virtual\/trabajos-con-discapacidad\" target=\"_blank\" rel=\"noopener\">https:\/\/www.universia.net\/es\/feria-virtual\/trabajos-con-discapacidad<\/a><\/strong><\/p>\n<p>Os animamos a <strong>difundir esta iniciativa entre vuestro alumnado y egresados con discapacidad<\/strong>, utilizando la comunicaci\u00f3n del email que os facilitamos.<\/p>\n<p>Tambi\u00e9n pod\u00e9is compartir las publicaciones oficiales desde nuestras redes sociales:<\/p>\n<ul>\n<li><strong>LinkedIn:<\/strong> <strong><a href=\"https:\/\/www.linkedin.com\/company\/fundacion-universia\/\" target=\"_blank\" rel=\"noopener\">@fundacionuniversia<\/a><\/strong><\/li>\n<li><strong>Instagram:<\/strong> @fundacionuniversia<\/li>\n<li><strong>X (Twitter):<\/strong> @funiversia<\/li>\n<\/ul>\n<p><u>Lanzamiento<\/u>:<br \/>\n<strong><a href=\"https:\/\/www.linkedin.com\/feed\/update\/urn:li:activity:7396466800240177153\" target=\"_blank\" rel=\"noopener\">https:\/\/www.linkedin.com\/feed\/update\/urn:li:activity:7396466800240177153<\/a><\/strong><br \/>\n<strong><a href=\"https:\/\/www.facebook.com\/photo\/?fbid=1261074592719766&amp;set=a.650034143823817\" target=\"_blank\" rel=\"noopener\">https:\/\/www.facebook.com\/photo\/?fbid=1261074592719766&amp;set=a.650034143823817<\/a><\/strong><br \/>\n<strong><a href=\"https:\/\/x.com\/FUniversia\/status\/1990701290561671230?s=20\" target=\"_blank\" rel=\"noopener\">https:\/\/x.com\/FUniversia\/status\/1990701290561671230?s=20<\/a><\/strong><br \/>\n<strong><a href=\"https:\/\/www.instagram.com\/p\/DRMQT9nDG9Y\/?utm_source=ig_web_copy_link&amp;igsh=MTc5ZzlxdnA1ZXQ3ag==\" target=\"_blank\" rel=\"noopener\">https:\/\/www.instagram.com\/p\/DRMQT9nDG9Y\/?utm_source=ig_web_copy_link&amp;igsh=MTc5ZzlxdnA1ZXQ3ag==<\/a><\/strong><br \/>\n<u>Recordatorio<\/u>:<\/p>\n<p><strong><a href=\"https:\/\/www.instagram.com\/p\/DRealaZjKNK\/\" target=\"_blank\" rel=\"noopener\">https:\/\/www.instagram.com\/p\/DRealaZjKNK\/<\/a><\/strong><br \/>\n<strong><a href=\"https:\/\/www.linkedin.com\/feed\/update\/urn:li:activity:7399027651719536640\" target=\"_blank\" rel=\"noopener\">https:\/\/www.linkedin.com\/feed\/update\/urn:li:activity:7399027651719536640<\/a><\/strong><br \/>\n<strong><a href=\"https:\/\/x.com\/FUniversia\/status\/1993262400733110760?s=20\" target=\"_blank\" rel=\"noopener\">https:\/\/x.com\/FUniversia\/status\/1993262400733110760?s=20<\/a><\/strong><br \/>\n<strong><a href=\"https:\/\/www.facebook.com\/photo\/?fbid=1266796342147591&amp;set=a.650034143823817\" target=\"_blank\" rel=\"noopener\">https:\/\/www.facebook.com\/photo\/?fbid=1266796342147591&amp;set=a.650034143823817<\/a><\/strong><\/p>\n<p>&nbsp;<\/p>\n<p>Esta feria representa una oportunidad \u00fanica para <strong>acercar el talento universitario con discapacidad a empresas que apuestan por la diversidad y la inclusi\u00f3n laboral<\/strong>.<\/p>\n<p>Gracias por vuestro apoyo constante y por ayudarnos a seguir impulsando el empleo de calidad para las personas con discapacidad.<\/p>\n<p>Si est\u00e1s buscando empleo o quieres impulsar tu carrera, participa en la Feria Virtual de Empleo para Talento con Discapacidad de Fundaci\u00f3n Universia.<br \/>\nConecta los d\u00edas\u00a0<strong>2 y 3 de diciembre<\/strong>\u00a0en la Feria Virtual con las mejores ofertas de empleo y pr\u00e1cticas para talento universitario con discapacidad.<br \/>\n<a href=\"https:\/\/www.universia.net\/es\/feria-virtual\/trabajos-con-discapacidad\"><strong>\u00a1Inscr\u00edbete ahora!<\/strong><\/a><\/p>\n<p><strong>Reg\u00edstrate ahora y completa tu perfil para tenerlo todo listo \u00a1Te estamos esperando!<\/strong><\/p>\n<p>\ud83d\udcccDescubre todas las empresas que participar\u00e1n con ofertas de empleo en toda Espa\u00f1a.<br \/>\n\ud83d\udc65Habla en directo con profesionales que buscan incorporar talento con discapacidad en sus equipos.<br \/>\n\ud83c\udfafCelebra la semana del D\u00eda Internacional de las Personas con Discapacidad, los d\u00edas 2 y 3 de diciembre de 2025.<\/p>\n","protected":false},"excerpt":{"rendered":"<p>Desde Fundaci\u00f3n Universia queremos invitaros a sumaros a la difusi\u00f3n de la Feria Virtual de Empleo para Talento con Discapacidad, que celebraremos los pr\u00f3ximos 2 y 3 de diciembre, coincidiendo con la Semana del D\u00eda Internacional de las Personas con Discapacidad. Se trata de un espacio en l\u00ednea gratuito donde estudiantes y titulados con discapacidad [&hellip;]<\/p>\n","protected":false},"author":10,"featured_media":2130,"comment_status":"closed","ping_status":"closed","sticky":false,"template":"","format":"standard","meta":{"_et_pb_use_builder":"","_et_pb_old_content":"","_et_gb_content_width":"","cybocfi_hide_featured_image":"","footnotes":""},"categories":[9],"tags":[],"class_list":["post-2129","post","type-post","status-publish","format-standard","has-post-thumbnail","hentry","category-noticias-uapdnee"],"yoast_head":"<!-- This site is optimized with the Yoast SEO plugin v27.4 - https:\/\/yoast.com\/product\/yoast-seo-wordpress\/ -->\n<title>Encuentra tu pr\u00f3ximo empleo en la Feria Virtual para Talento con Discapacidad de Fundaci\u00f3n Universia - Unidad de Atenci\u00f3n a Personas con Discapacidad y Necesidades Educativas Especiales<\/title>\n<meta name=\"robots\" content=\"index, follow, max-snippet:-1, max-image-preview:large, max-video-preview:-1\" \/>\n<link rel=\"canonical\" href=\"https:\/\/www.urjc2030.es\/uapdnee\/encuentra-tu-proximo-empleo-en-la-feria-virtual-para-talento-con-discapacidad-de-fundacion-universia\/\" \/>\n<meta property=\"og:locale\" content=\"es_ES\" \/>\n<meta property=\"og:type\" content=\"article\" \/>\n<meta property=\"og:title\" content=\"Encuentra tu pr\u00f3ximo empleo en la Feria Virtual para Talento con Discapacidad de Fundaci\u00f3n Universia - Unidad de Atenci\u00f3n a Personas con Discapacidad y Necesidades Educativas Especiales\" \/>\n<meta property=\"og:description\" content=\"Desde Fundaci\u00f3n Universia queremos invitaros a sumaros a la difusi\u00f3n de la Feria Virtual de Empleo para Talento con Discapacidad, que celebraremos los pr\u00f3ximos 2 y 3 de diciembre, coincidiendo con la Semana del D\u00eda Internacional de las Personas con Discapacidad. Se trata de un espacio en l\u00ednea gratuito donde estudiantes y titulados con discapacidad [&hellip;]\" \/>\n<meta property=\"og:url\" content=\"https:\/\/www.urjc2030.es\/uapdnee\/encuentra-tu-proximo-empleo-en-la-feria-virtual-para-talento-con-discapacidad-de-fundacion-universia\/\" \/>\n<meta property=\"og:site_name\" content=\"Unidad de Atenci\u00f3n a Personas con Discapacidad y Necesidades Educativas Especiales\" \/>\n<meta property=\"article:publisher\" content=\"https:\/\/www.facebook.com\/universidadreyjuancarlos\" \/>\n<meta property=\"article:published_time\" content=\"2025-12-02T09:30:01+00:00\" \/>\n<meta property=\"og:image\" content=\"https:\/\/www.urjc2030.es\/uapdnee\/wp-content\/uploads\/sites\/9\/2025\/12\/image002.png\" \/>\n\t<meta property=\"og:image:width\" content=\"990\" \/>\n\t<meta property=\"og:image:height\" content=\"580\" \/>\n\t<meta property=\"og:image:type\" content=\"image\/png\" \/>\n<meta name=\"author\" content=\"carlos\" \/>\n<meta name=\"twitter:card\" content=\"summary_large_image\" \/>\n<meta name=\"twitter:creator\" content=\"@urjc\" \/>\n<meta name=\"twitter:site\" content=\"@urjc\" \/>\n<script type=\"application\/ld+json\" class=\"yoast-schema-graph\">{\"@context\":\"https:\\\/\\\/schema.org\",\"@graph\":[{\"@type\":\"Article\",\"@id\":\"https:\\\/\\\/www.urjc2030.es\\\/uapdnee\\\/encuentra-tu-proximo-empleo-en-la-feria-virtual-para-talento-con-discapacidad-de-fundacion-universia\\\/#article\",\"isPartOf\":{\"@id\":\"https:\\\/\\\/www.urjc2030.es\\\/uapdnee\\\/encuentra-tu-proximo-empleo-en-la-feria-virtual-para-talento-con-discapacidad-de-fundacion-universia\\\/\"},\"author\":{\"name\":\"carlos\",\"@id\":\"https:\\\/\\\/www.urjc2030.es\\\/uapdnee\\\/#\\\/schema\\\/person\\\/ddacb9e5abf914ab720a3d13fc047418\"},\"headline\":\"Encuentra tu pr\u00f3ximo empleo en la Feria Virtual para Talento con Discapacidad de Fundaci\u00f3n Universia\",\"datePublished\":\"2025-12-02T09:30:01+00:00\",\"mainEntityOfPage\":{\"@id\":\"https:\\\/\\\/www.urjc2030.es\\\/uapdnee\\\/encuentra-tu-proximo-empleo-en-la-feria-virtual-para-talento-con-discapacidad-de-fundacion-universia\\\/\"},\"wordCount\":410,\"publisher\":{\"@id\":\"https:\\\/\\\/www.urjc2030.es\\\/uapdnee\\\/#organization\"},\"image\":{\"@id\":\"https:\\\/\\\/www.urjc2030.es\\\/uapdnee\\\/encuentra-tu-proximo-empleo-en-la-feria-virtual-para-talento-con-discapacidad-de-fundacion-universia\\\/#primaryimage\"},\"thumbnailUrl\":\"https:\\\/\\\/www.urjc2030.es\\\/uapdnee\\\/wp-content\\\/uploads\\\/sites\\\/9\\\/2025\\\/12\\\/image002.png\",\"articleSection\":[\"Noticias\"],\"inLanguage\":\"es\"},{\"@type\":\"WebPage\",\"@id\":\"https:\\\/\\\/www.urjc2030.es\\\/uapdnee\\\/encuentra-tu-proximo-empleo-en-la-feria-virtual-para-talento-con-discapacidad-de-fundacion-universia\\\/\",\"url\":\"https:\\\/\\\/www.urjc2030.es\\\/uapdnee\\\/encuentra-tu-proximo-empleo-en-la-feria-virtual-para-talento-con-discapacidad-de-fundacion-universia\\\/\",\"name\":\"Encuentra tu pr\u00f3ximo empleo en la Feria Virtual para Talento con Discapacidad de Fundaci\u00f3n Universia - Unidad de Atenci\u00f3n a Personas con Discapacidad y Necesidades Educativas Especiales\",\"isPartOf\":{\"@id\":\"https:\\\/\\\/www.urjc2030.es\\\/uapdnee\\\/#website\"},\"primaryImageOfPage\":{\"@id\":\"https:\\\/\\\/www.urjc2030.es\\\/uapdnee\\\/encuentra-tu-proximo-empleo-en-la-feria-virtual-para-talento-con-discapacidad-de-fundacion-universia\\\/#primaryimage\"},\"image\":{\"@id\":\"https:\\\/\\\/www.urjc2030.es\\\/uapdnee\\\/encuentra-tu-proximo-empleo-en-la-feria-virtual-para-talento-con-discapacidad-de-fundacion-universia\\\/#primaryimage\"},\"thumbnailUrl\":\"https:\\\/\\\/www.urjc2030.es\\\/uapdnee\\\/wp-content\\\/uploads\\\/sites\\\/9\\\/2025\\\/12\\\/image002.png\",\"datePublished\":\"2025-12-02T09:30:01+00:00\",\"breadcrumb\":{\"@id\":\"https:\\\/\\\/www.urjc2030.es\\\/uapdnee\\\/encuentra-tu-proximo-empleo-en-la-feria-virtual-para-talento-con-discapacidad-de-fundacion-universia\\\/#breadcrumb\"},\"inLanguage\":\"es\",\"potentialAction\":[{\"@type\":\"ReadAction\",\"target\":[\"https:\\\/\\\/www.urjc2030.es\\\/uapdnee\\\/encuentra-tu-proximo-empleo-en-la-feria-virtual-para-talento-con-discapacidad-de-fundacion-universia\\\/\"]}]},{\"@type\":\"ImageObject\",\"inLanguage\":\"es\",\"@id\":\"https:\\\/\\\/www.urjc2030.es\\\/uapdnee\\\/encuentra-tu-proximo-empleo-en-la-feria-virtual-para-talento-con-discapacidad-de-fundacion-universia\\\/#primaryimage\",\"url\":\"https:\\\/\\\/www.urjc2030.es\\\/uapdnee\\\/wp-content\\\/uploads\\\/sites\\\/9\\\/2025\\\/12\\\/image002.png\",\"contentUrl\":\"https:\\\/\\\/www.urjc2030.es\\\/uapdnee\\\/wp-content\\\/uploads\\\/sites\\\/9\\\/2025\\\/12\\\/image002.png\",\"width\":990,\"height\":580,\"caption\":\"image002\"},{\"@type\":\"BreadcrumbList\",\"@id\":\"https:\\\/\\\/www.urjc2030.es\\\/uapdnee\\\/encuentra-tu-proximo-empleo-en-la-feria-virtual-para-talento-con-discapacidad-de-fundacion-universia\\\/#breadcrumb\",\"itemListElement\":[{\"@type\":\"ListItem\",\"position\":1,\"name\":\"Portada\",\"item\":\"https:\\\/\\\/www.urjc2030.es\\\/uapdnee\\\/\"},{\"@type\":\"ListItem\",\"position\":2,\"name\":\"Encuentra tu pr\u00f3ximo empleo en la Feria Virtual para Talento con Discapacidad de Fundaci\u00f3n Universia\"}]},{\"@type\":\"WebSite\",\"@id\":\"https:\\\/\\\/www.urjc2030.es\\\/uapdnee\\\/#website\",\"url\":\"https:\\\/\\\/www.urjc2030.es\\\/uapdnee\\\/\",\"name\":\"Unidad de Atenci\u00f3n a Personas con Discapacidad y Necesidades Educativas Especiales\",\"description\":\"Gozar de las mismas oportunidades bajo el prisma de igualdad de oportunidades.\",\"publisher\":{\"@id\":\"https:\\\/\\\/www.urjc2030.es\\\/uapdnee\\\/#organization\"},\"potentialAction\":[{\"@type\":\"SearchAction\",\"target\":{\"@type\":\"EntryPoint\",\"urlTemplate\":\"https:\\\/\\\/www.urjc2030.es\\\/uapdnee\\\/?s={search_term_string}\"},\"query-input\":{\"@type\":\"PropertyValueSpecification\",\"valueRequired\":true,\"valueName\":\"search_term_string\"}}],\"inLanguage\":\"es\"},{\"@type\":\"Organization\",\"@id\":\"https:\\\/\\\/www.urjc2030.es\\\/uapdnee\\\/#organization\",\"name\":\"Universidad Rey Juan Carlos\",\"url\":\"https:\\\/\\\/www.urjc2030.es\\\/uapdnee\\\/\",\"logo\":{\"@type\":\"ImageObject\",\"inLanguage\":\"es\",\"@id\":\"https:\\\/\\\/www.urjc2030.es\\\/uapdnee\\\/#\\\/schema\\\/logo\\\/image\\\/\",\"url\":\"https:\\\/\\\/www.urjc2030.es\\\/uapdnee\\\/wp-content\\\/uploads\\\/sites\\\/9\\\/2020\\\/10\\\/logoURJC.png\",\"contentUrl\":\"https:\\\/\\\/www.urjc2030.es\\\/uapdnee\\\/wp-content\\\/uploads\\\/sites\\\/9\\\/2020\\\/10\\\/logoURJC.png\",\"width\":800,\"height\":305,\"caption\":\"Universidad Rey Juan Carlos\"},\"image\":{\"@id\":\"https:\\\/\\\/www.urjc2030.es\\\/uapdnee\\\/#\\\/schema\\\/logo\\\/image\\\/\"},\"sameAs\":[\"https:\\\/\\\/www.facebook.com\\\/universidadreyjuancarlos\",\"https:\\\/\\\/x.com\\\/urjc\",\"https:\\\/\\\/www.instagram.com\\\/urjc_uni\\\/?hl=es\"]},{\"@type\":\"Person\",\"@id\":\"https:\\\/\\\/www.urjc2030.es\\\/uapdnee\\\/#\\\/schema\\\/person\\\/ddacb9e5abf914ab720a3d13fc047418\",\"name\":\"carlos\",\"image\":{\"@type\":\"ImageObject\",\"inLanguage\":\"es\",\"@id\":\"https:\\\/\\\/secure.gravatar.com\\\/avatar\\\/98e1c0d637a9f3d3cd2be0e49e5387245f96e039452a34f919c9e800cad0f304?s=96&d=mm&r=g\",\"url\":\"https:\\\/\\\/secure.gravatar.com\\\/avatar\\\/98e1c0d637a9f3d3cd2be0e49e5387245f96e039452a34f919c9e800cad0f304?s=96&d=mm&r=g\",\"contentUrl\":\"https:\\\/\\\/secure.gravatar.com\\\/avatar\\\/98e1c0d637a9f3d3cd2be0e49e5387245f96e039452a34f919c9e800cad0f304?s=96&d=mm&r=g\",\"caption\":\"carlos\"}}]}<\/script>\n<!-- \/ Yoast SEO plugin. -->","yoast_head_json":{"title":"Encuentra tu pr\u00f3ximo empleo en la Feria Virtual para Talento con Discapacidad de Fundaci\u00f3n Universia - Unidad de Atenci\u00f3n a Personas con Discapacidad y Necesidades Educativas Especiales","robots":{"index":"index","follow":"follow","max-snippet":"max-snippet:-1","max-image-preview":"max-image-preview:large","max-video-preview":"max-video-preview:-1"},"canonical":"https:\/\/www.urjc2030.es\/uapdnee\/encuentra-tu-proximo-empleo-en-la-feria-virtual-para-talento-con-discapacidad-de-fundacion-universia\/","og_locale":"es_ES","og_type":"article","og_title":"Encuentra tu pr\u00f3ximo empleo en la Feria Virtual para Talento con Discapacidad de Fundaci\u00f3n Universia - Unidad de Atenci\u00f3n a Personas con Discapacidad y Necesidades Educativas Especiales","og_description":"Desde Fundaci\u00f3n Universia queremos invitaros a sumaros a la difusi\u00f3n de la Feria Virtual de Empleo para Talento con Discapacidad, que celebraremos los pr\u00f3ximos 2 y 3 de diciembre, coincidiendo con la Semana del D\u00eda Internacional de las Personas con Discapacidad. Se trata de un espacio en l\u00ednea gratuito donde estudiantes y titulados con discapacidad [&hellip;]","og_url":"https:\/\/www.urjc2030.es\/uapdnee\/encuentra-tu-proximo-empleo-en-la-feria-virtual-para-talento-con-discapacidad-de-fundacion-universia\/","og_site_name":"Unidad de Atenci\u00f3n a Personas con Discapacidad y Necesidades Educativas Especiales","article_publisher":"https:\/\/www.facebook.com\/universidadreyjuancarlos","article_published_time":"2025-12-02T09:30:01+00:00","og_image":[{"width":990,"height":580,"url":"https:\/\/www.urjc2030.es\/uapdnee\/wp-content\/uploads\/sites\/9\/2025\/12\/image002.png","type":"image\/png"}],"author":"carlos","twitter_card":"summary_large_image","twitter_creator":"@urjc","twitter_site":"@urjc","schema":{"@context":"https:\/\/schema.org","@graph":[{"@type":"Article","@id":"https:\/\/www.urjc2030.es\/uapdnee\/encuentra-tu-proximo-empleo-en-la-feria-virtual-para-talento-con-discapacidad-de-fundacion-universia\/#article","isPartOf":{"@id":"https:\/\/www.urjc2030.es\/uapdnee\/encuentra-tu-proximo-empleo-en-la-feria-virtual-para-talento-con-discapacidad-de-fundacion-universia\/"},"author":{"name":"carlos","@id":"https:\/\/www.urjc2030.es\/uapdnee\/#\/schema\/person\/ddacb9e5abf914ab720a3d13fc047418"},"headline":"Encuentra tu pr\u00f3ximo empleo en la Feria Virtual para Talento con Discapacidad de Fundaci\u00f3n Universia","datePublished":"2025-12-02T09:30:01+00:00","mainEntityOfPage":{"@id":"https:\/\/www.urjc2030.es\/uapdnee\/encuentra-tu-proximo-empleo-en-la-feria-virtual-para-talento-con-discapacidad-de-fundacion-universia\/"},"wordCount":410,"publisher":{"@id":"https:\/\/www.urjc2030.es\/uapdnee\/#organization"},"image":{"@id":"https:\/\/www.urjc2030.es\/uapdnee\/encuentra-tu-proximo-empleo-en-la-feria-virtual-para-talento-con-discapacidad-de-fundacion-universia\/#primaryimage"},"thumbnailUrl":"https:\/\/www.urjc2030.es\/uapdnee\/wp-content\/uploads\/sites\/9\/2025\/12\/image002.png","articleSection":["Noticias"],"inLanguage":"es"},{"@type":"WebPage","@id":"https:\/\/www.urjc2030.es\/uapdnee\/encuentra-tu-proximo-empleo-en-la-feria-virtual-para-talento-con-discapacidad-de-fundacion-universia\/","url":"https:\/\/www.urjc2030.es\/uapdnee\/encuentra-tu-proximo-empleo-en-la-feria-virtual-para-talento-con-discapacidad-de-fundacion-universia\/","name":"Encuentra tu pr\u00f3ximo empleo en la Feria Virtual para Talento con Discapacidad de Fundaci\u00f3n Universia - Unidad de Atenci\u00f3n a Personas con Discapacidad y Necesidades Educativas Especiales","isPartOf":{"@id":"https:\/\/www.urjc2030.es\/uapdnee\/#website"},"primaryImageOfPage":{"@id":"https:\/\/www.urjc2030.es\/uapdnee\/encuentra-tu-proximo-empleo-en-la-feria-virtual-para-talento-con-discapacidad-de-fundacion-universia\/#primaryimage"},"image":{"@id":"https:\/\/www.urjc2030.es\/uapdnee\/encuentra-tu-proximo-empleo-en-la-feria-virtual-para-talento-con-discapacidad-de-fundacion-universia\/#primaryimage"},"thumbnailUrl":"https:\/\/www.urjc2030.es\/uapdnee\/wp-content\/uploads\/sites\/9\/2025\/12\/image002.png","datePublished":"2025-12-02T09:30:01+00:00","breadcrumb":{"@id":"https:\/\/www.urjc2030.es\/uapdnee\/encuentra-tu-proximo-empleo-en-la-feria-virtual-para-talento-con-discapacidad-de-fundacion-universia\/#breadcrumb"},"inLanguage":"es","potentialAction":[{"@type":"ReadAction","target":["https:\/\/www.urjc2030.es\/uapdnee\/encuentra-tu-proximo-empleo-en-la-feria-virtual-para-talento-con-discapacidad-de-fundacion-universia\/"]}]},{"@type":"ImageObject","inLanguage":"es","@id":"https:\/\/www.urjc2030.es\/uapdnee\/encuentra-tu-proximo-empleo-en-la-feria-virtual-para-talento-con-discapacidad-de-fundacion-universia\/#primaryimage","url":"https:\/\/www.urjc2030.es\/uapdnee\/wp-content\/uploads\/sites\/9\/2025\/12\/image002.png","contentUrl":"https:\/\/www.urjc2030.es\/uapdnee\/wp-content\/uploads\/sites\/9\/2025\/12\/image002.png","width":990,"height":580,"caption":"image002"},{"@type":"BreadcrumbList","@id":"https:\/\/www.urjc2030.es\/uapdnee\/encuentra-tu-proximo-empleo-en-la-feria-virtual-para-talento-con-discapacidad-de-fundacion-universia\/#breadcrumb","itemListElement":[{"@type":"ListItem","position":1,"name":"Portada","item":"https:\/\/www.urjc2030.es\/uapdnee\/"},{"@type":"ListItem","position":2,"name":"Encuentra tu pr\u00f3ximo empleo en la Feria Virtual para Talento con Discapacidad de Fundaci\u00f3n Universia"}]},{"@type":"WebSite","@id":"https:\/\/www.urjc2030.es\/uapdnee\/#website","url":"https:\/\/www.urjc2030.es\/uapdnee\/","name":"Unidad de Atenci\u00f3n a Personas con Discapacidad y Necesidades Educativas Especiales","description":"Gozar de las mismas oportunidades bajo el prisma de igualdad de oportunidades.","publisher":{"@id":"https:\/\/www.urjc2030.es\/uapdnee\/#organization"},"potentialAction":[{"@type":"SearchAction","target":{"@type":"EntryPoint","urlTemplate":"https:\/\/www.urjc2030.es\/uapdnee\/?s={search_term_string}"},"query-input":{"@type":"PropertyValueSpecification","valueRequired":true,"valueName":"search_term_string"}}],"inLanguage":"es"},{"@type":"Organization","@id":"https:\/\/www.urjc2030.es\/uapdnee\/#organization","name":"Universidad Rey Juan Carlos","url":"https:\/\/www.urjc2030.es\/uapdnee\/","logo":{"@type":"ImageObject","inLanguage":"es","@id":"https:\/\/www.urjc2030.es\/uapdnee\/#\/schema\/logo\/image\/","url":"https:\/\/www.urjc2030.es\/uapdnee\/wp-content\/uploads\/sites\/9\/2020\/10\/logoURJC.png","contentUrl":"https:\/\/www.urjc2030.es\/uapdnee\/wp-content\/uploads\/sites\/9\/2020\/10\/logoURJC.png","width":800,"height":305,"caption":"Universidad Rey Juan Carlos"},"image":{"@id":"https:\/\/www.urjc2030.es\/uapdnee\/#\/schema\/logo\/image\/"},"sameAs":["https:\/\/www.facebook.com\/universidadreyjuancarlos","https:\/\/x.com\/urjc","https:\/\/www.instagram.com\/urjc_uni\/?hl=es"]},{"@type":"Person","@id":"https:\/\/www.urjc2030.es\/uapdnee\/#\/schema\/person\/ddacb9e5abf914ab720a3d13fc047418","name":"carlos","image":{"@type":"ImageObject","inLanguage":"es","@id":"https:\/\/secure.gravatar.com\/avatar\/98e1c0d637a9f3d3cd2be0e49e5387245f96e039452a34f919c9e800cad0f304?s=96&d=mm&r=g","url":"https:\/\/secure.gravatar.com\/avatar\/98e1c0d637a9f3d3cd2be0e49e5387245f96e039452a34f919c9e800cad0f304?s=96&d=mm&r=g","contentUrl":"https:\/\/secure.gravatar.com\/avatar\/98e1c0d637a9f3d3cd2be0e49e5387245f96e039452a34f919c9e800cad0f304?s=96&d=mm&r=g","caption":"carlos"}}]}},"_links":{"self":[{"href":"https:\/\/www.urjc2030.es\/uapdnee\/wp-json\/wp\/v2\/posts\/2129","targetHints":{"allow":["GET"]}}],"collection":[{"href":"https:\/\/www.urjc2030.es\/uapdnee\/wp-json\/wp\/v2\/posts"}],"about":[{"href":"https:\/\/www.urjc2030.es\/uapdnee\/wp-json\/wp\/v2\/types\/post"}],"author":[{"embeddable":true,"href":"https:\/\/www.urjc2030.es\/uapdnee\/wp-json\/wp\/v2\/users\/10"}],"replies":[{"embeddable":true,"href":"https:\/\/www.urjc2030.es\/uapdnee\/wp-json\/wp\/v2\/comments?post=2129"}],"version-history":[{"count":1,"href":"https:\/\/www.urjc2030.es\/uapdnee\/wp-json\/wp\/v2\/posts\/2129\/revisions"}],"predecessor-version":[{"id":2131,"href":"https:\/\/www.urjc2030.es\/uapdnee\/wp-json\/wp\/v2\/posts\/2129\/revisions\/2131"}],"wp:featuredmedia":[{"embeddable":true,"href":"https:\/\/www.urjc2030.es\/uapdnee\/wp-json\/wp\/v2\/media\/2130"}],"wp:attachment":[{"href":"https:\/\/www.urjc2030.es\/uapdnee\/wp-json\/wp\/v2\/media?parent=2129"}],"wp:term":[{"taxonomy":"category","embeddable":true,"href":"https:\/\/www.urjc2030.es\/uapdnee\/wp-json\/wp\/v2\/categories?post=2129"},{"taxonomy":"post_tag","embeddable":true,"href":"https:\/\/www.urjc2030.es\/uapdnee\/wp-json\/wp\/v2\/tags?post=2129"}],"curies":[{"name":"wp","href":"https:\/\/api.w.org\/{rel}","templated":true}]}}