{"id":2132,"date":"2025-12-02T09:36:40","date_gmt":"2025-12-02T09:36:40","guid":{"rendered":"https:\/\/www.urjc2030.es\/uapdnee\/?p=2132"},"modified":"2025-12-02T09:36:40","modified_gmt":"2025-12-02T09:36:40","slug":"boletin-semanal-de-empleo-publico-y-quincenal-de-subvenciones-26-de-noviembre","status":"publish","type":"post","link":"https:\/\/www.urjc2030.es\/uapdnee\/boletin-semanal-de-empleo-publico-y-quincenal-de-subvenciones-26-de-noviembre\/","title":{"rendered":"Bolet\u00edn semanal de empleo p\u00fablico y Quincenal de Subvenciones. 26 de noviembre"},"content":{"rendered":"<p class=\"p1\"><a href=\"https:\/\/www.urjc2030.es\/uapdnee\/wp-content\/uploads\/sites\/9\/2025\/12\/Empleo-2025-11-26-1-scaled.jpg\"><img decoding=\"async\" class=\"size-medium wp-image-2134 alignright\" src=\"https:\/\/www.urjc2030.es\/uapdnee\/wp-content\/uploads\/sites\/9\/2025\/12\/Empleo-2025-11-26-1-203x300.jpg\" alt=\"Empleo-2025-11-26-1\" width=\"350\" height=\"auto\" \/><\/a>Esta publicaci\u00f3n contiene informaci\u00f3n relativa a las\u00a0<span class=\"s1\"><b>convocatorias de empleo p\u00fablico\u00a0<\/b><\/span>de la\u00a0<b>Administraci\u00f3n General del Estado, de las Comunidades Aut\u00f3nomas, de la Uni\u00f3n Europea, de Organismos Internacionales y de la Administraci\u00f3n Local,\u00a0<\/b>cuyos anuncios se hayan insertado en el Bolet\u00edn Oficial del Estado (BOE), correspondientes a los Ayuntamientos de las capitales de provincia.<\/p>\n<p>Puedes descargar el pdf con toda la informaci\u00f3n aqu\u00ed:<\/p>\n<ul>\n<li><strong><a href=\"https:\/\/www.urjc2030.es\/uapdnee\/wp-content\/uploads\/sites\/9\/2025\/12\/Empleo-2025-11-26.pdf\" target=\"_blank\" rel=\"noopener\">Empleo 2025-11-26<\/a><\/strong><\/li>\n<\/ul>\n<p>Aprovechamos para recordaros que nuestros videos est\u00e1n colgados aqu\u00ed:.\u00a0\u00a0<strong><a href=\"https:\/\/www.youtube.com\/watch?v=iNIKy6QlL1s\" target=\"_blank\" rel=\"noopener\">https:\/\/www.youtube.com\/watch?v=iNIKy6QlL1s<\/a><\/strong><\/p>\n<p>Todas las semanas sacamos videos de distintos cuerpos profesionales, y desde hace unas semanas publicamos un video cada mes con personas que tienen una discapacidad y que trabajan en le Administraci\u00f3n general del Estado con carreras exitosas.<\/p>\n<p>Esta semana nos cuenta su experiencia, Natalia D\u00edaz Sant\u00edn, Secretaria de Ayuntamiento, pertenece al Cuerpo de Funcionarios de la Administraci\u00f3n Local con habilitaci\u00f3n de car\u00e1cter nacional.<\/p>\n<p><strong><a href=\"https:\/\/www.youtube.com\/watch?v=KPVAHaJe9u8&amp;list=PLPS6msFrRuV8G-xM_y3S2ZQQahdgaENtE&amp;index=1\" target=\"_blank\" rel=\"noopener\">https:\/\/www.youtube.com\/watch?v=KPVAHaJe9u8&amp;list=PLPS6msFrRuV8G-xM_y3S2ZQQahdgaENtE&amp;index=1<\/a><\/strong><\/p>\n","protected":false},"excerpt":{"rendered":"<p>Esta publicaci\u00f3n contiene informaci\u00f3n relativa a las\u00a0convocatorias de empleo p\u00fablico\u00a0de la\u00a0Administraci\u00f3n General del Estado, de las Comunidades Aut\u00f3nomas, de la Uni\u00f3n Europea, de Organismos Internacionales y de la Administraci\u00f3n Local,\u00a0cuyos anuncios se hayan insertado en el Bolet\u00edn Oficial del Estado (BOE), correspondientes a los Ayuntamientos de las capitales de provincia. Puedes descargar el pdf con [&hellip;]<\/p>\n","protected":false},"author":10,"featured_media":2134,"comment_status":"closed","ping_status":"closed","sticky":false,"template":"","format":"standard","meta":{"_et_pb_use_builder":"","_et_pb_old_content":"","_et_gb_content_width":"","cybocfi_hide_featured_image":"","footnotes":""},"categories":[9],"tags":[],"class_list":["post-2132","post","type-post","status-publish","format-standard","has-post-thumbnail","hentry","category-noticias-uapdnee"],"yoast_head":"<!-- This site is optimized with the Yoast SEO plugin v27.4 - https:\/\/yoast.com\/product\/yoast-seo-wordpress\/ -->\n<title>Bolet\u00edn semanal de empleo p\u00fablico y Quincenal de Subvenciones. 26 de noviembre - Unidad de Atenci\u00f3n a Personas con Discapacidad y Necesidades Educativas Especiales<\/title>\n<meta name=\"robots\" content=\"index, follow, max-snippet:-1, max-image-preview:large, max-video-preview:-1\" \/>\n<link rel=\"canonical\" href=\"https:\/\/www.urjc2030.es\/uapdnee\/boletin-semanal-de-empleo-publico-y-quincenal-de-subvenciones-26-de-noviembre\/\" \/>\n<meta property=\"og:locale\" content=\"es_ES\" \/>\n<meta property=\"og:type\" content=\"article\" \/>\n<meta property=\"og:title\" content=\"Bolet\u00edn semanal de empleo p\u00fablico y Quincenal de Subvenciones. 26 de noviembre - Unidad de Atenci\u00f3n a Personas con Discapacidad y Necesidades Educativas Especiales\" \/>\n<meta property=\"og:description\" content=\"Esta publicaci\u00f3n contiene informaci\u00f3n relativa a las\u00a0convocatorias de empleo p\u00fablico\u00a0de la\u00a0Administraci\u00f3n General del Estado, de las Comunidades Aut\u00f3nomas, de la Uni\u00f3n Europea, de Organismos Internacionales y de la Administraci\u00f3n Local,\u00a0cuyos anuncios se hayan insertado en el Bolet\u00edn Oficial del Estado (BOE), correspondientes a los Ayuntamientos de las capitales de provincia. Puedes descargar el pdf con [&hellip;]\" \/>\n<meta property=\"og:url\" content=\"https:\/\/www.urjc2030.es\/uapdnee\/boletin-semanal-de-empleo-publico-y-quincenal-de-subvenciones-26-de-noviembre\/\" \/>\n<meta property=\"og:site_name\" content=\"Unidad de Atenci\u00f3n a Personas con Discapacidad y Necesidades Educativas Especiales\" \/>\n<meta property=\"article:publisher\" content=\"https:\/\/www.facebook.com\/universidadreyjuancarlos\" \/>\n<meta property=\"article:published_time\" content=\"2025-12-02T09:36:40+00:00\" \/>\n<meta property=\"og:image\" content=\"https:\/\/www.urjc2030.es\/uapdnee\/wp-content\/uploads\/sites\/9\/2025\/12\/Empleo-2025-11-26-1-scaled.jpg\" \/>\n\t<meta property=\"og:image:width\" content=\"1728\" \/>\n\t<meta property=\"og:image:height\" content=\"2560\" \/>\n\t<meta property=\"og:image:type\" content=\"image\/jpeg\" \/>\n<meta name=\"author\" content=\"carlos\" \/>\n<meta name=\"twitter:card\" content=\"summary_large_image\" \/>\n<meta name=\"twitter:creator\" content=\"@urjc\" \/>\n<meta name=\"twitter:site\" content=\"@urjc\" \/>\n<script type=\"application\/ld+json\" class=\"yoast-schema-graph\">{\"@context\":\"https:\\\/\\\/schema.org\",\"@graph\":[{\"@type\":\"Article\",\"@id\":\"https:\\\/\\\/www.urjc2030.es\\\/uapdnee\\\/boletin-semanal-de-empleo-publico-y-quincenal-de-subvenciones-26-de-noviembre\\\/#article\",\"isPartOf\":{\"@id\":\"https:\\\/\\\/www.urjc2030.es\\\/uapdnee\\\/boletin-semanal-de-empleo-publico-y-quincenal-de-subvenciones-26-de-noviembre\\\/\"},\"author\":{\"name\":\"carlos\",\"@id\":\"https:\\\/\\\/www.urjc2030.es\\\/uapdnee\\\/#\\\/schema\\\/person\\\/ddacb9e5abf914ab720a3d13fc047418\"},\"headline\":\"Bolet\u00edn semanal de empleo p\u00fablico y Quincenal de Subvenciones. 26 de noviembre\",\"datePublished\":\"2025-12-02T09:36:40+00:00\",\"mainEntityOfPage\":{\"@id\":\"https:\\\/\\\/www.urjc2030.es\\\/uapdnee\\\/boletin-semanal-de-empleo-publico-y-quincenal-de-subvenciones-26-de-noviembre\\\/\"},\"wordCount\":194,\"publisher\":{\"@id\":\"https:\\\/\\\/www.urjc2030.es\\\/uapdnee\\\/#organization\"},\"image\":{\"@id\":\"https:\\\/\\\/www.urjc2030.es\\\/uapdnee\\\/boletin-semanal-de-empleo-publico-y-quincenal-de-subvenciones-26-de-noviembre\\\/#primaryimage\"},\"thumbnailUrl\":\"https:\\\/\\\/www.urjc2030.es\\\/uapdnee\\\/wp-content\\\/uploads\\\/sites\\\/9\\\/2025\\\/12\\\/Empleo-2025-11-26-1-scaled.jpg\",\"articleSection\":[\"Noticias\"],\"inLanguage\":\"es\"},{\"@type\":\"WebPage\",\"@id\":\"https:\\\/\\\/www.urjc2030.es\\\/uapdnee\\\/boletin-semanal-de-empleo-publico-y-quincenal-de-subvenciones-26-de-noviembre\\\/\",\"url\":\"https:\\\/\\\/www.urjc2030.es\\\/uapdnee\\\/boletin-semanal-de-empleo-publico-y-quincenal-de-subvenciones-26-de-noviembre\\\/\",\"name\":\"Bolet\u00edn semanal de empleo p\u00fablico y Quincenal de Subvenciones. 26 de noviembre - Unidad de Atenci\u00f3n a Personas con Discapacidad y Necesidades Educativas Especiales\",\"isPartOf\":{\"@id\":\"https:\\\/\\\/www.urjc2030.es\\\/uapdnee\\\/#website\"},\"primaryImageOfPage\":{\"@id\":\"https:\\\/\\\/www.urjc2030.es\\\/uapdnee\\\/boletin-semanal-de-empleo-publico-y-quincenal-de-subvenciones-26-de-noviembre\\\/#primaryimage\"},\"image\":{\"@id\":\"https:\\\/\\\/www.urjc2030.es\\\/uapdnee\\\/boletin-semanal-de-empleo-publico-y-quincenal-de-subvenciones-26-de-noviembre\\\/#primaryimage\"},\"thumbnailUrl\":\"https:\\\/\\\/www.urjc2030.es\\\/uapdnee\\\/wp-content\\\/uploads\\\/sites\\\/9\\\/2025\\\/12\\\/Empleo-2025-11-26-1-scaled.jpg\",\"datePublished\":\"2025-12-02T09:36:40+00:00\",\"breadcrumb\":{\"@id\":\"https:\\\/\\\/www.urjc2030.es\\\/uapdnee\\\/boletin-semanal-de-empleo-publico-y-quincenal-de-subvenciones-26-de-noviembre\\\/#breadcrumb\"},\"inLanguage\":\"es\",\"potentialAction\":[{\"@type\":\"ReadAction\",\"target\":[\"https:\\\/\\\/www.urjc2030.es\\\/uapdnee\\\/boletin-semanal-de-empleo-publico-y-quincenal-de-subvenciones-26-de-noviembre\\\/\"]}]},{\"@type\":\"ImageObject\",\"inLanguage\":\"es\",\"@id\":\"https:\\\/\\\/www.urjc2030.es\\\/uapdnee\\\/boletin-semanal-de-empleo-publico-y-quincenal-de-subvenciones-26-de-noviembre\\\/#primaryimage\",\"url\":\"https:\\\/\\\/www.urjc2030.es\\\/uapdnee\\\/wp-content\\\/uploads\\\/sites\\\/9\\\/2025\\\/12\\\/Empleo-2025-11-26-1-scaled.jpg\",\"contentUrl\":\"https:\\\/\\\/www.urjc2030.es\\\/uapdnee\\\/wp-content\\\/uploads\\\/sites\\\/9\\\/2025\\\/12\\\/Empleo-2025-11-26-1-scaled.jpg\",\"width\":1728,\"height\":2560,\"caption\":\"Empleo-2025-11-26-1\"},{\"@type\":\"BreadcrumbList\",\"@id\":\"https:\\\/\\\/www.urjc2030.es\\\/uapdnee\\\/boletin-semanal-de-empleo-publico-y-quincenal-de-subvenciones-26-de-noviembre\\\/#breadcrumb\",\"itemListElement\":[{\"@type\":\"ListItem\",\"position\":1,\"name\":\"Portada\",\"item\":\"https:\\\/\\\/www.urjc2030.es\\\/uapdnee\\\/\"},{\"@type\":\"ListItem\",\"position\":2,\"name\":\"Bolet\u00edn semanal de empleo p\u00fablico y Quincenal de Subvenciones. 26 de noviembre\"}]},{\"@type\":\"WebSite\",\"@id\":\"https:\\\/\\\/www.urjc2030.es\\\/uapdnee\\\/#website\",\"url\":\"https:\\\/\\\/www.urjc2030.es\\\/uapdnee\\\/\",\"name\":\"Unidad de Atenci\u00f3n a Personas con Discapacidad y Necesidades Educativas Especiales\",\"description\":\"Gozar de las mismas oportunidades bajo el prisma de igualdad de oportunidades.\",\"publisher\":{\"@id\":\"https:\\\/\\\/www.urjc2030.es\\\/uapdnee\\\/#organization\"},\"potentialAction\":[{\"@type\":\"SearchAction\",\"target\":{\"@type\":\"EntryPoint\",\"urlTemplate\":\"https:\\\/\\\/www.urjc2030.es\\\/uapdnee\\\/?s={search_term_string}\"},\"query-input\":{\"@type\":\"PropertyValueSpecification\",\"valueRequired\":true,\"valueName\":\"search_term_string\"}}],\"inLanguage\":\"es\"},{\"@type\":\"Organization\",\"@id\":\"https:\\\/\\\/www.urjc2030.es\\\/uapdnee\\\/#organization\",\"name\":\"Universidad Rey Juan Carlos\",\"url\":\"https:\\\/\\\/www.urjc2030.es\\\/uapdnee\\\/\",\"logo\":{\"@type\":\"ImageObject\",\"inLanguage\":\"es\",\"@id\":\"https:\\\/\\\/www.urjc2030.es\\\/uapdnee\\\/#\\\/schema\\\/logo\\\/image\\\/\",\"url\":\"https:\\\/\\\/www.urjc2030.es\\\/uapdnee\\\/wp-content\\\/uploads\\\/sites\\\/9\\\/2020\\\/10\\\/logoURJC.png\",\"contentUrl\":\"https:\\\/\\\/www.urjc2030.es\\\/uapdnee\\\/wp-content\\\/uploads\\\/sites\\\/9\\\/2020\\\/10\\\/logoURJC.png\",\"width\":800,\"height\":305,\"caption\":\"Universidad Rey Juan Carlos\"},\"image\":{\"@id\":\"https:\\\/\\\/www.urjc2030.es\\\/uapdnee\\\/#\\\/schema\\\/logo\\\/image\\\/\"},\"sameAs\":[\"https:\\\/\\\/www.facebook.com\\\/universidadreyjuancarlos\",\"https:\\\/\\\/x.com\\\/urjc\",\"https:\\\/\\\/www.instagram.com\\\/urjc_uni\\\/?hl=es\"]},{\"@type\":\"Person\",\"@id\":\"https:\\\/\\\/www.urjc2030.es\\\/uapdnee\\\/#\\\/schema\\\/person\\\/ddacb9e5abf914ab720a3d13fc047418\",\"name\":\"carlos\",\"image\":{\"@type\":\"ImageObject\",\"inLanguage\":\"es\",\"@id\":\"https:\\\/\\\/secure.gravatar.com\\\/avatar\\\/98e1c0d637a9f3d3cd2be0e49e5387245f96e039452a34f919c9e800cad0f304?s=96&d=mm&r=g\",\"url\":\"https:\\\/\\\/secure.gravatar.com\\\/avatar\\\/98e1c0d637a9f3d3cd2be0e49e5387245f96e039452a34f919c9e800cad0f304?s=96&d=mm&r=g\",\"contentUrl\":\"https:\\\/\\\/secure.gravatar.com\\\/avatar\\\/98e1c0d637a9f3d3cd2be0e49e5387245f96e039452a34f919c9e800cad0f304?s=96&d=mm&r=g\",\"caption\":\"carlos\"}}]}<\/script>\n<!-- \/ Yoast SEO plugin. -->","yoast_head_json":{"title":"Bolet\u00edn semanal de empleo p\u00fablico y Quincenal de Subvenciones. 26 de noviembre - Unidad de Atenci\u00f3n a Personas con Discapacidad y Necesidades Educativas Especiales","robots":{"index":"index","follow":"follow","max-snippet":"max-snippet:-1","max-image-preview":"max-image-preview:large","max-video-preview":"max-video-preview:-1"},"canonical":"https:\/\/www.urjc2030.es\/uapdnee\/boletin-semanal-de-empleo-publico-y-quincenal-de-subvenciones-26-de-noviembre\/","og_locale":"es_ES","og_type":"article","og_title":"Bolet\u00edn semanal de empleo p\u00fablico y Quincenal de Subvenciones. 26 de noviembre - Unidad de Atenci\u00f3n a Personas con Discapacidad y Necesidades Educativas Especiales","og_description":"Esta publicaci\u00f3n contiene informaci\u00f3n relativa a las\u00a0convocatorias de empleo p\u00fablico\u00a0de la\u00a0Administraci\u00f3n General del Estado, de las Comunidades Aut\u00f3nomas, de la Uni\u00f3n Europea, de Organismos Internacionales y de la Administraci\u00f3n Local,\u00a0cuyos anuncios se hayan insertado en el Bolet\u00edn Oficial del Estado (BOE), correspondientes a los Ayuntamientos de las capitales de provincia. Puedes descargar el pdf con [&hellip;]","og_url":"https:\/\/www.urjc2030.es\/uapdnee\/boletin-semanal-de-empleo-publico-y-quincenal-de-subvenciones-26-de-noviembre\/","og_site_name":"Unidad de Atenci\u00f3n a Personas con Discapacidad y Necesidades Educativas Especiales","article_publisher":"https:\/\/www.facebook.com\/universidadreyjuancarlos","article_published_time":"2025-12-02T09:36:40+00:00","og_image":[{"width":1728,"height":2560,"url":"https:\/\/www.urjc2030.es\/uapdnee\/wp-content\/uploads\/sites\/9\/2025\/12\/Empleo-2025-11-26-1-scaled.jpg","type":"image\/jpeg"}],"author":"carlos","twitter_card":"summary_large_image","twitter_creator":"@urjc","twitter_site":"@urjc","schema":{"@context":"https:\/\/schema.org","@graph":[{"@type":"Article","@id":"https:\/\/www.urjc2030.es\/uapdnee\/boletin-semanal-de-empleo-publico-y-quincenal-de-subvenciones-26-de-noviembre\/#article","isPartOf":{"@id":"https:\/\/www.urjc2030.es\/uapdnee\/boletin-semanal-de-empleo-publico-y-quincenal-de-subvenciones-26-de-noviembre\/"},"author":{"name":"carlos","@id":"https:\/\/www.urjc2030.es\/uapdnee\/#\/schema\/person\/ddacb9e5abf914ab720a3d13fc047418"},"headline":"Bolet\u00edn semanal de empleo p\u00fablico y Quincenal de Subvenciones. 26 de noviembre","datePublished":"2025-12-02T09:36:40+00:00","mainEntityOfPage":{"@id":"https:\/\/www.urjc2030.es\/uapdnee\/boletin-semanal-de-empleo-publico-y-quincenal-de-subvenciones-26-de-noviembre\/"},"wordCount":194,"publisher":{"@id":"https:\/\/www.urjc2030.es\/uapdnee\/#organization"},"image":{"@id":"https:\/\/www.urjc2030.es\/uapdnee\/boletin-semanal-de-empleo-publico-y-quincenal-de-subvenciones-26-de-noviembre\/#primaryimage"},"thumbnailUrl":"https:\/\/www.urjc2030.es\/uapdnee\/wp-content\/uploads\/sites\/9\/2025\/12\/Empleo-2025-11-26-1-scaled.jpg","articleSection":["Noticias"],"inLanguage":"es"},{"@type":"WebPage","@id":"https:\/\/www.urjc2030.es\/uapdnee\/boletin-semanal-de-empleo-publico-y-quincenal-de-subvenciones-26-de-noviembre\/","url":"https:\/\/www.urjc2030.es\/uapdnee\/boletin-semanal-de-empleo-publico-y-quincenal-de-subvenciones-26-de-noviembre\/","name":"Bolet\u00edn semanal de empleo p\u00fablico y Quincenal de Subvenciones. 26 de noviembre - Unidad de Atenci\u00f3n a Personas con Discapacidad y Necesidades Educativas Especiales","isPartOf":{"@id":"https:\/\/www.urjc2030.es\/uapdnee\/#website"},"primaryImageOfPage":{"@id":"https:\/\/www.urjc2030.es\/uapdnee\/boletin-semanal-de-empleo-publico-y-quincenal-de-subvenciones-26-de-noviembre\/#primaryimage"},"image":{"@id":"https:\/\/www.urjc2030.es\/uapdnee\/boletin-semanal-de-empleo-publico-y-quincenal-de-subvenciones-26-de-noviembre\/#primaryimage"},"thumbnailUrl":"https:\/\/www.urjc2030.es\/uapdnee\/wp-content\/uploads\/sites\/9\/2025\/12\/Empleo-2025-11-26-1-scaled.jpg","datePublished":"2025-12-02T09:36:40+00:00","breadcrumb":{"@id":"https:\/\/www.urjc2030.es\/uapdnee\/boletin-semanal-de-empleo-publico-y-quincenal-de-subvenciones-26-de-noviembre\/#breadcrumb"},"inLanguage":"es","potentialAction":[{"@type":"ReadAction","target":["https:\/\/www.urjc2030.es\/uapdnee\/boletin-semanal-de-empleo-publico-y-quincenal-de-subvenciones-26-de-noviembre\/"]}]},{"@type":"ImageObject","inLanguage":"es","@id":"https:\/\/www.urjc2030.es\/uapdnee\/boletin-semanal-de-empleo-publico-y-quincenal-de-subvenciones-26-de-noviembre\/#primaryimage","url":"https:\/\/www.urjc2030.es\/uapdnee\/wp-content\/uploads\/sites\/9\/2025\/12\/Empleo-2025-11-26-1-scaled.jpg","contentUrl":"https:\/\/www.urjc2030.es\/uapdnee\/wp-content\/uploads\/sites\/9\/2025\/12\/Empleo-2025-11-26-1-scaled.jpg","width":1728,"height":2560,"caption":"Empleo-2025-11-26-1"},{"@type":"BreadcrumbList","@id":"https:\/\/www.urjc2030.es\/uapdnee\/boletin-semanal-de-empleo-publico-y-quincenal-de-subvenciones-26-de-noviembre\/#breadcrumb","itemListElement":[{"@type":"ListItem","position":1,"name":"Portada","item":"https:\/\/www.urjc2030.es\/uapdnee\/"},{"@type":"ListItem","position":2,"name":"Bolet\u00edn semanal de empleo p\u00fablico y Quincenal de Subvenciones. 26 de noviembre"}]},{"@type":"WebSite","@id":"https:\/\/www.urjc2030.es\/uapdnee\/#website","url":"https:\/\/www.urjc2030.es\/uapdnee\/","name":"Unidad de Atenci\u00f3n a Personas con Discapacidad y Necesidades Educativas Especiales","description":"Gozar de las mismas oportunidades bajo el prisma de igualdad de oportunidades.","publisher":{"@id":"https:\/\/www.urjc2030.es\/uapdnee\/#organization"},"potentialAction":[{"@type":"SearchAction","target":{"@type":"EntryPoint","urlTemplate":"https:\/\/www.urjc2030.es\/uapdnee\/?s={search_term_string}"},"query-input":{"@type":"PropertyValueSpecification","valueRequired":true,"valueName":"search_term_string"}}],"inLanguage":"es"},{"@type":"Organization","@id":"https:\/\/www.urjc2030.es\/uapdnee\/#organization","name":"Universidad Rey Juan Carlos","url":"https:\/\/www.urjc2030.es\/uapdnee\/","logo":{"@type":"ImageObject","inLanguage":"es","@id":"https:\/\/www.urjc2030.es\/uapdnee\/#\/schema\/logo\/image\/","url":"https:\/\/www.urjc2030.es\/uapdnee\/wp-content\/uploads\/sites\/9\/2020\/10\/logoURJC.png","contentUrl":"https:\/\/www.urjc2030.es\/uapdnee\/wp-content\/uploads\/sites\/9\/2020\/10\/logoURJC.png","width":800,"height":305,"caption":"Universidad Rey Juan Carlos"},"image":{"@id":"https:\/\/www.urjc2030.es\/uapdnee\/#\/schema\/logo\/image\/"},"sameAs":["https:\/\/www.facebook.com\/universidadreyjuancarlos","https:\/\/x.com\/urjc","https:\/\/www.instagram.com\/urjc_uni\/?hl=es"]},{"@type":"Person","@id":"https:\/\/www.urjc2030.es\/uapdnee\/#\/schema\/person\/ddacb9e5abf914ab720a3d13fc047418","name":"carlos","image":{"@type":"ImageObject","inLanguage":"es","@id":"https:\/\/secure.gravatar.com\/avatar\/98e1c0d637a9f3d3cd2be0e49e5387245f96e039452a34f919c9e800cad0f304?s=96&d=mm&r=g","url":"https:\/\/secure.gravatar.com\/avatar\/98e1c0d637a9f3d3cd2be0e49e5387245f96e039452a34f919c9e800cad0f304?s=96&d=mm&r=g","contentUrl":"https:\/\/secure.gravatar.com\/avatar\/98e1c0d637a9f3d3cd2be0e49e5387245f96e039452a34f919c9e800cad0f304?s=96&d=mm&r=g","caption":"carlos"}}]}},"_links":{"self":[{"href":"https:\/\/www.urjc2030.es\/uapdnee\/wp-json\/wp\/v2\/posts\/2132","targetHints":{"allow":["GET"]}}],"collection":[{"href":"https:\/\/www.urjc2030.es\/uapdnee\/wp-json\/wp\/v2\/posts"}],"about":[{"href":"https:\/\/www.urjc2030.es\/uapdnee\/wp-json\/wp\/v2\/types\/post"}],"author":[{"embeddable":true,"href":"https:\/\/www.urjc2030.es\/uapdnee\/wp-json\/wp\/v2\/users\/10"}],"replies":[{"embeddable":true,"href":"https:\/\/www.urjc2030.es\/uapdnee\/wp-json\/wp\/v2\/comments?post=2132"}],"version-history":[{"count":1,"href":"https:\/\/www.urjc2030.es\/uapdnee\/wp-json\/wp\/v2\/posts\/2132\/revisions"}],"predecessor-version":[{"id":2135,"href":"https:\/\/www.urjc2030.es\/uapdnee\/wp-json\/wp\/v2\/posts\/2132\/revisions\/2135"}],"wp:featuredmedia":[{"embeddable":true,"href":"https:\/\/www.urjc2030.es\/uapdnee\/wp-json\/wp\/v2\/media\/2134"}],"wp:attachment":[{"href":"https:\/\/www.urjc2030.es\/uapdnee\/wp-json\/wp\/v2\/media?parent=2132"}],"wp:term":[{"taxonomy":"category","embeddable":true,"href":"https:\/\/www.urjc2030.es\/uapdnee\/wp-json\/wp\/v2\/categories?post=2132"},{"taxonomy":"post_tag","embeddable":true,"href":"https:\/\/www.urjc2030.es\/uapdnee\/wp-json\/wp\/v2\/tags?post=2132"}],"curies":[{"name":"wp","href":"https:\/\/api.w.org\/{rel}","templated":true}]}}