{"id":2151,"date":"2026-01-19T09:47:49","date_gmt":"2026-01-19T09:47:49","guid":{"rendered":"https:\/\/www.urjc2030.es\/uapdnee\/?p=2151"},"modified":"2026-01-19T09:47:49","modified_gmt":"2026-01-19T09:47:49","slug":"microcredencial-liderazgo-y-estrategias-para-el-emprendimiento-de-las-personas-con-discapacidad-uned-fundacion-once-y-el-cermi","status":"publish","type":"post","link":"https:\/\/www.urjc2030.es\/uapdnee\/microcredencial-liderazgo-y-estrategias-para-el-emprendimiento-de-las-personas-con-discapacidad-uned-fundacion-once-y-el-cermi\/","title":{"rendered":"Microcredencial \u00abLiderazgo y estrategias para el emprendimiento de las personas con discapacidad\u00bb. UNED, Fundaci\u00f3n ONCE y el CERMI."},"content":{"rendered":"<p><a href=\"https:\/\/www.urjc2030.es\/uapdnee\/wp-content\/uploads\/sites\/9\/2026\/01\/noticia-discapac.png\"><img decoding=\"async\" class=\"size-medium wp-image-2152 alignright\" src=\"https:\/\/www.urjc2030.es\/uapdnee\/wp-content\/uploads\/sites\/9\/2026\/01\/noticia-discapac-300x200.png\" alt=\"noticia-discapac\" width=\"400\" height=\"auto\" srcset=\"https:\/\/www.urjc2030.es\/uapdnee\/wp-content\/uploads\/sites\/9\/2026\/01\/noticia-discapac-300x200.png 300w, https:\/\/www.urjc2030.es\/uapdnee\/wp-content\/uploads\/sites\/9\/2026\/01\/noticia-discapac.png 468w\" sizes=\"(max-width: 300px) 100vw, 300px\" \/><\/a>UNIDIS, el Centro de Atenci\u00f3n a Personas con Discapacidad de la UNED, ha abierto el plazo de inscripci\u00f3n para la segunda microcredencial sobre liderazgo de personas con discapacidad, centrada en el emprendimiento. El curso, titulado <strong><em>\u201cLiderazgo y estrategias para el emprendimiento de las personas con discapacidad\u201d<\/em>,<\/strong> est\u00e1 dirigido por Ana Lisbona, profesora de Psicolog\u00eda de la UNED y Vicerrectora de Estudiantes e Inclusi\u00f3n. Forma parte de un programa de tres microcredenciales dentro del convenio entre la UNED, Fundaci\u00f3n ONCE y CERMI, cuyo objetivo es <strong>mejorar la empleabilidad fomentando la iniciativa emprendedora.<\/strong><\/p>\n<p>La microcredencial tiene 5 cr\u00e9ditos ECTS, es apilable y est\u00e1 dirigida a personas con discapacidad, as\u00ed como a familiares y empleadores interesados en detectar y potenciar el talento. La matr\u00edcula online est\u00e1 abierta hasta el 24 de enero y el curso comienza el 26 de enero.<\/p>\n<p>Gracias a subvenciones de los Fondos Next Generation y la Fundaci\u00f3n ONCE, el coste se reduce de 200 a 50 euros, y es gratuita para personas con una discapacidad acreditada superior al 33%.<\/p>\n<p>Las personas interesadas pueden consultar toda la informaci\u00f3n y formalizar la matr\u00edcula en <a href=\"https:\/\/eur02.safelinks.protection.outlook.com\/?url=https%3A%2F%2Fformacionpermanente.uned.es%2Ftp_actividad%2Factividad%2Fliderazgo-y-estrategias-para-el-emprendimiento-de-las-personas-con-discapacidad&amp;data=05%7C02%7Cdiscapacidad.programa%40urjc.es%7C38314190d6ce4d2d333708de534b8541%7C5f84c4ea370d4b9e830c756f8bf1b51f%7C1%7C0%7C639039780989698825%7CUnknown%7CTWFpbGZsb3d8eyJFbXB0eU1hcGkiOnRydWUsIlYiOiIwLjAuMDAwMCIsIlAiOiJXaW4zMiIsIkFOIjoiTWFpbCIsIldUIjoyfQ%3D%3D%7C0%7C%7C%7C&amp;sdata=Y9D3zy0mUFlhLi7bZ%2FFVF59amsS0bgiUl2y65h6hbTU%3D&amp;reserved=0\" target=\"_blank\" rel=\"noopener\">https:\/\/formacionpermanente.uned.es\/tp_actividad\/actividad\/liderazgo-y-estrategias-para-el-emprendimiento-de-las-personas-con-discapacidad<\/a> .<\/p>\n<p><em>\u00a0<\/em><\/p>\n<p><em>Luc\u00eda Garc\u00eda.<\/em><\/p>\n","protected":false},"excerpt":{"rendered":"<p>UNIDIS, el Centro de Atenci\u00f3n a Personas con Discapacidad de la UNED, ha abierto el plazo de inscripci\u00f3n para la segunda microcredencial sobre liderazgo de personas con discapacidad, centrada en el emprendimiento. El curso, titulado \u201cLiderazgo y estrategias para el emprendimiento de las personas con discapacidad\u201d, est\u00e1 dirigido por Ana Lisbona, profesora de Psicolog\u00eda de [&hellip;]<\/p>\n","protected":false},"author":10,"featured_media":2152,"comment_status":"closed","ping_status":"closed","sticky":false,"template":"","format":"standard","meta":{"_et_pb_use_builder":"","_et_pb_old_content":"","_et_gb_content_width":"","cybocfi_hide_featured_image":"","footnotes":""},"categories":[9],"tags":[],"class_list":["post-2151","post","type-post","status-publish","format-standard","has-post-thumbnail","hentry","category-noticias-uapdnee"],"yoast_head":"<!-- This site is optimized with the Yoast SEO plugin v27.4 - https:\/\/yoast.com\/product\/yoast-seo-wordpress\/ -->\n<title>Microcredencial &quot;Liderazgo y estrategias para el emprendimiento de las personas con discapacidad&quot;. UNED, Fundaci\u00f3n ONCE y el CERMI. - Unidad de Atenci\u00f3n a Personas con Discapacidad y Necesidades Educativas Especiales<\/title>\n<meta name=\"robots\" content=\"index, follow, max-snippet:-1, max-image-preview:large, max-video-preview:-1\" \/>\n<link rel=\"canonical\" href=\"https:\/\/www.urjc2030.es\/uapdnee\/microcredencial-liderazgo-y-estrategias-para-el-emprendimiento-de-las-personas-con-discapacidad-uned-fundacion-once-y-el-cermi\/\" \/>\n<meta property=\"og:locale\" content=\"es_ES\" \/>\n<meta property=\"og:type\" content=\"article\" \/>\n<meta property=\"og:title\" content=\"Microcredencial &quot;Liderazgo y estrategias para el emprendimiento de las personas con discapacidad&quot;. UNED, Fundaci\u00f3n ONCE y el CERMI. - Unidad de Atenci\u00f3n a Personas con Discapacidad y Necesidades Educativas Especiales\" \/>\n<meta property=\"og:description\" content=\"UNIDIS, el Centro de Atenci\u00f3n a Personas con Discapacidad de la UNED, ha abierto el plazo de inscripci\u00f3n para la segunda microcredencial sobre liderazgo de personas con discapacidad, centrada en el emprendimiento. El curso, titulado \u201cLiderazgo y estrategias para el emprendimiento de las personas con discapacidad\u201d, est\u00e1 dirigido por Ana Lisbona, profesora de Psicolog\u00eda de [&hellip;]\" \/>\n<meta property=\"og:url\" content=\"https:\/\/www.urjc2030.es\/uapdnee\/microcredencial-liderazgo-y-estrategias-para-el-emprendimiento-de-las-personas-con-discapacidad-uned-fundacion-once-y-el-cermi\/\" \/>\n<meta property=\"og:site_name\" content=\"Unidad de Atenci\u00f3n a Personas con Discapacidad y Necesidades Educativas Especiales\" \/>\n<meta property=\"article:publisher\" content=\"https:\/\/www.facebook.com\/universidadreyjuancarlos\" \/>\n<meta property=\"article:published_time\" content=\"2026-01-19T09:47:49+00:00\" \/>\n<meta property=\"og:image\" content=\"https:\/\/www.urjc2030.es\/uapdnee\/wp-content\/uploads\/sites\/9\/2026\/01\/noticia-discapac.png\" \/>\n\t<meta property=\"og:image:width\" content=\"468\" \/>\n\t<meta property=\"og:image:height\" content=\"312\" \/>\n\t<meta property=\"og:image:type\" content=\"image\/png\" \/>\n<meta name=\"author\" content=\"carlos\" \/>\n<meta name=\"twitter:card\" content=\"summary_large_image\" \/>\n<meta name=\"twitter:creator\" content=\"@urjc\" \/>\n<meta name=\"twitter:site\" content=\"@urjc\" \/>\n<script type=\"application\/ld+json\" class=\"yoast-schema-graph\">{\"@context\":\"https:\\\/\\\/schema.org\",\"@graph\":[{\"@type\":\"Article\",\"@id\":\"https:\\\/\\\/www.urjc2030.es\\\/uapdnee\\\/microcredencial-liderazgo-y-estrategias-para-el-emprendimiento-de-las-personas-con-discapacidad-uned-fundacion-once-y-el-cermi\\\/#article\",\"isPartOf\":{\"@id\":\"https:\\\/\\\/www.urjc2030.es\\\/uapdnee\\\/microcredencial-liderazgo-y-estrategias-para-el-emprendimiento-de-las-personas-con-discapacidad-uned-fundacion-once-y-el-cermi\\\/\"},\"author\":{\"name\":\"carlos\",\"@id\":\"https:\\\/\\\/www.urjc2030.es\\\/uapdnee\\\/#\\\/schema\\\/person\\\/ddacb9e5abf914ab720a3d13fc047418\"},\"headline\":\"Microcredencial \u00abLiderazgo y estrategias para el emprendimiento de las personas con discapacidad\u00bb. UNED, Fundaci\u00f3n ONCE y el CERMI.\",\"datePublished\":\"2026-01-19T09:47:49+00:00\",\"mainEntityOfPage\":{\"@id\":\"https:\\\/\\\/www.urjc2030.es\\\/uapdnee\\\/microcredencial-liderazgo-y-estrategias-para-el-emprendimiento-de-las-personas-con-discapacidad-uned-fundacion-once-y-el-cermi\\\/\"},\"wordCount\":218,\"publisher\":{\"@id\":\"https:\\\/\\\/www.urjc2030.es\\\/uapdnee\\\/#organization\"},\"image\":{\"@id\":\"https:\\\/\\\/www.urjc2030.es\\\/uapdnee\\\/microcredencial-liderazgo-y-estrategias-para-el-emprendimiento-de-las-personas-con-discapacidad-uned-fundacion-once-y-el-cermi\\\/#primaryimage\"},\"thumbnailUrl\":\"https:\\\/\\\/www.urjc2030.es\\\/uapdnee\\\/wp-content\\\/uploads\\\/sites\\\/9\\\/2026\\\/01\\\/noticia-discapac.png\",\"articleSection\":[\"Noticias\"],\"inLanguage\":\"es\"},{\"@type\":\"WebPage\",\"@id\":\"https:\\\/\\\/www.urjc2030.es\\\/uapdnee\\\/microcredencial-liderazgo-y-estrategias-para-el-emprendimiento-de-las-personas-con-discapacidad-uned-fundacion-once-y-el-cermi\\\/\",\"url\":\"https:\\\/\\\/www.urjc2030.es\\\/uapdnee\\\/microcredencial-liderazgo-y-estrategias-para-el-emprendimiento-de-las-personas-con-discapacidad-uned-fundacion-once-y-el-cermi\\\/\",\"name\":\"Microcredencial \\\"Liderazgo y estrategias para el emprendimiento de las personas con discapacidad\\\". UNED, Fundaci\u00f3n ONCE y el CERMI. - Unidad de Atenci\u00f3n a Personas con Discapacidad y Necesidades Educativas Especiales\",\"isPartOf\":{\"@id\":\"https:\\\/\\\/www.urjc2030.es\\\/uapdnee\\\/#website\"},\"primaryImageOfPage\":{\"@id\":\"https:\\\/\\\/www.urjc2030.es\\\/uapdnee\\\/microcredencial-liderazgo-y-estrategias-para-el-emprendimiento-de-las-personas-con-discapacidad-uned-fundacion-once-y-el-cermi\\\/#primaryimage\"},\"image\":{\"@id\":\"https:\\\/\\\/www.urjc2030.es\\\/uapdnee\\\/microcredencial-liderazgo-y-estrategias-para-el-emprendimiento-de-las-personas-con-discapacidad-uned-fundacion-once-y-el-cermi\\\/#primaryimage\"},\"thumbnailUrl\":\"https:\\\/\\\/www.urjc2030.es\\\/uapdnee\\\/wp-content\\\/uploads\\\/sites\\\/9\\\/2026\\\/01\\\/noticia-discapac.png\",\"datePublished\":\"2026-01-19T09:47:49+00:00\",\"breadcrumb\":{\"@id\":\"https:\\\/\\\/www.urjc2030.es\\\/uapdnee\\\/microcredencial-liderazgo-y-estrategias-para-el-emprendimiento-de-las-personas-con-discapacidad-uned-fundacion-once-y-el-cermi\\\/#breadcrumb\"},\"inLanguage\":\"es\",\"potentialAction\":[{\"@type\":\"ReadAction\",\"target\":[\"https:\\\/\\\/www.urjc2030.es\\\/uapdnee\\\/microcredencial-liderazgo-y-estrategias-para-el-emprendimiento-de-las-personas-con-discapacidad-uned-fundacion-once-y-el-cermi\\\/\"]}]},{\"@type\":\"ImageObject\",\"inLanguage\":\"es\",\"@id\":\"https:\\\/\\\/www.urjc2030.es\\\/uapdnee\\\/microcredencial-liderazgo-y-estrategias-para-el-emprendimiento-de-las-personas-con-discapacidad-uned-fundacion-once-y-el-cermi\\\/#primaryimage\",\"url\":\"https:\\\/\\\/www.urjc2030.es\\\/uapdnee\\\/wp-content\\\/uploads\\\/sites\\\/9\\\/2026\\\/01\\\/noticia-discapac.png\",\"contentUrl\":\"https:\\\/\\\/www.urjc2030.es\\\/uapdnee\\\/wp-content\\\/uploads\\\/sites\\\/9\\\/2026\\\/01\\\/noticia-discapac.png\",\"width\":468,\"height\":312,\"caption\":\"noticia-discapac\"},{\"@type\":\"BreadcrumbList\",\"@id\":\"https:\\\/\\\/www.urjc2030.es\\\/uapdnee\\\/microcredencial-liderazgo-y-estrategias-para-el-emprendimiento-de-las-personas-con-discapacidad-uned-fundacion-once-y-el-cermi\\\/#breadcrumb\",\"itemListElement\":[{\"@type\":\"ListItem\",\"position\":1,\"name\":\"Portada\",\"item\":\"https:\\\/\\\/www.urjc2030.es\\\/uapdnee\\\/\"},{\"@type\":\"ListItem\",\"position\":2,\"name\":\"Microcredencial \u00abLiderazgo y estrategias para el emprendimiento de las personas con discapacidad\u00bb. UNED, Fundaci\u00f3n ONCE y el CERMI.\"}]},{\"@type\":\"WebSite\",\"@id\":\"https:\\\/\\\/www.urjc2030.es\\\/uapdnee\\\/#website\",\"url\":\"https:\\\/\\\/www.urjc2030.es\\\/uapdnee\\\/\",\"name\":\"Unidad de Atenci\u00f3n a Personas con Discapacidad y Necesidades Educativas Especiales\",\"description\":\"Gozar de las mismas oportunidades bajo el prisma de igualdad de oportunidades.\",\"publisher\":{\"@id\":\"https:\\\/\\\/www.urjc2030.es\\\/uapdnee\\\/#organization\"},\"potentialAction\":[{\"@type\":\"SearchAction\",\"target\":{\"@type\":\"EntryPoint\",\"urlTemplate\":\"https:\\\/\\\/www.urjc2030.es\\\/uapdnee\\\/?s={search_term_string}\"},\"query-input\":{\"@type\":\"PropertyValueSpecification\",\"valueRequired\":true,\"valueName\":\"search_term_string\"}}],\"inLanguage\":\"es\"},{\"@type\":\"Organization\",\"@id\":\"https:\\\/\\\/www.urjc2030.es\\\/uapdnee\\\/#organization\",\"name\":\"Universidad Rey Juan Carlos\",\"url\":\"https:\\\/\\\/www.urjc2030.es\\\/uapdnee\\\/\",\"logo\":{\"@type\":\"ImageObject\",\"inLanguage\":\"es\",\"@id\":\"https:\\\/\\\/www.urjc2030.es\\\/uapdnee\\\/#\\\/schema\\\/logo\\\/image\\\/\",\"url\":\"https:\\\/\\\/www.urjc2030.es\\\/uapdnee\\\/wp-content\\\/uploads\\\/sites\\\/9\\\/2020\\\/10\\\/logoURJC.png\",\"contentUrl\":\"https:\\\/\\\/www.urjc2030.es\\\/uapdnee\\\/wp-content\\\/uploads\\\/sites\\\/9\\\/2020\\\/10\\\/logoURJC.png\",\"width\":800,\"height\":305,\"caption\":\"Universidad Rey Juan Carlos\"},\"image\":{\"@id\":\"https:\\\/\\\/www.urjc2030.es\\\/uapdnee\\\/#\\\/schema\\\/logo\\\/image\\\/\"},\"sameAs\":[\"https:\\\/\\\/www.facebook.com\\\/universidadreyjuancarlos\",\"https:\\\/\\\/x.com\\\/urjc\",\"https:\\\/\\\/www.instagram.com\\\/urjc_uni\\\/?hl=es\"]},{\"@type\":\"Person\",\"@id\":\"https:\\\/\\\/www.urjc2030.es\\\/uapdnee\\\/#\\\/schema\\\/person\\\/ddacb9e5abf914ab720a3d13fc047418\",\"name\":\"carlos\",\"image\":{\"@type\":\"ImageObject\",\"inLanguage\":\"es\",\"@id\":\"https:\\\/\\\/secure.gravatar.com\\\/avatar\\\/98e1c0d637a9f3d3cd2be0e49e5387245f96e039452a34f919c9e800cad0f304?s=96&d=mm&r=g\",\"url\":\"https:\\\/\\\/secure.gravatar.com\\\/avatar\\\/98e1c0d637a9f3d3cd2be0e49e5387245f96e039452a34f919c9e800cad0f304?s=96&d=mm&r=g\",\"contentUrl\":\"https:\\\/\\\/secure.gravatar.com\\\/avatar\\\/98e1c0d637a9f3d3cd2be0e49e5387245f96e039452a34f919c9e800cad0f304?s=96&d=mm&r=g\",\"caption\":\"carlos\"}}]}<\/script>\n<!-- \/ Yoast SEO plugin. -->","yoast_head_json":{"title":"Microcredencial \"Liderazgo y estrategias para el emprendimiento de las personas con discapacidad\". UNED, Fundaci\u00f3n ONCE y el CERMI. - Unidad de Atenci\u00f3n a Personas con Discapacidad y Necesidades Educativas Especiales","robots":{"index":"index","follow":"follow","max-snippet":"max-snippet:-1","max-image-preview":"max-image-preview:large","max-video-preview":"max-video-preview:-1"},"canonical":"https:\/\/www.urjc2030.es\/uapdnee\/microcredencial-liderazgo-y-estrategias-para-el-emprendimiento-de-las-personas-con-discapacidad-uned-fundacion-once-y-el-cermi\/","og_locale":"es_ES","og_type":"article","og_title":"Microcredencial \"Liderazgo y estrategias para el emprendimiento de las personas con discapacidad\". UNED, Fundaci\u00f3n ONCE y el CERMI. - Unidad de Atenci\u00f3n a Personas con Discapacidad y Necesidades Educativas Especiales","og_description":"UNIDIS, el Centro de Atenci\u00f3n a Personas con Discapacidad de la UNED, ha abierto el plazo de inscripci\u00f3n para la segunda microcredencial sobre liderazgo de personas con discapacidad, centrada en el emprendimiento. El curso, titulado \u201cLiderazgo y estrategias para el emprendimiento de las personas con discapacidad\u201d, est\u00e1 dirigido por Ana Lisbona, profesora de Psicolog\u00eda de [&hellip;]","og_url":"https:\/\/www.urjc2030.es\/uapdnee\/microcredencial-liderazgo-y-estrategias-para-el-emprendimiento-de-las-personas-con-discapacidad-uned-fundacion-once-y-el-cermi\/","og_site_name":"Unidad de Atenci\u00f3n a Personas con Discapacidad y Necesidades Educativas Especiales","article_publisher":"https:\/\/www.facebook.com\/universidadreyjuancarlos","article_published_time":"2026-01-19T09:47:49+00:00","og_image":[{"width":468,"height":312,"url":"https:\/\/www.urjc2030.es\/uapdnee\/wp-content\/uploads\/sites\/9\/2026\/01\/noticia-discapac.png","type":"image\/png"}],"author":"carlos","twitter_card":"summary_large_image","twitter_creator":"@urjc","twitter_site":"@urjc","schema":{"@context":"https:\/\/schema.org","@graph":[{"@type":"Article","@id":"https:\/\/www.urjc2030.es\/uapdnee\/microcredencial-liderazgo-y-estrategias-para-el-emprendimiento-de-las-personas-con-discapacidad-uned-fundacion-once-y-el-cermi\/#article","isPartOf":{"@id":"https:\/\/www.urjc2030.es\/uapdnee\/microcredencial-liderazgo-y-estrategias-para-el-emprendimiento-de-las-personas-con-discapacidad-uned-fundacion-once-y-el-cermi\/"},"author":{"name":"carlos","@id":"https:\/\/www.urjc2030.es\/uapdnee\/#\/schema\/person\/ddacb9e5abf914ab720a3d13fc047418"},"headline":"Microcredencial \u00abLiderazgo y estrategias para el emprendimiento de las personas con discapacidad\u00bb. UNED, Fundaci\u00f3n ONCE y el CERMI.","datePublished":"2026-01-19T09:47:49+00:00","mainEntityOfPage":{"@id":"https:\/\/www.urjc2030.es\/uapdnee\/microcredencial-liderazgo-y-estrategias-para-el-emprendimiento-de-las-personas-con-discapacidad-uned-fundacion-once-y-el-cermi\/"},"wordCount":218,"publisher":{"@id":"https:\/\/www.urjc2030.es\/uapdnee\/#organization"},"image":{"@id":"https:\/\/www.urjc2030.es\/uapdnee\/microcredencial-liderazgo-y-estrategias-para-el-emprendimiento-de-las-personas-con-discapacidad-uned-fundacion-once-y-el-cermi\/#primaryimage"},"thumbnailUrl":"https:\/\/www.urjc2030.es\/uapdnee\/wp-content\/uploads\/sites\/9\/2026\/01\/noticia-discapac.png","articleSection":["Noticias"],"inLanguage":"es"},{"@type":"WebPage","@id":"https:\/\/www.urjc2030.es\/uapdnee\/microcredencial-liderazgo-y-estrategias-para-el-emprendimiento-de-las-personas-con-discapacidad-uned-fundacion-once-y-el-cermi\/","url":"https:\/\/www.urjc2030.es\/uapdnee\/microcredencial-liderazgo-y-estrategias-para-el-emprendimiento-de-las-personas-con-discapacidad-uned-fundacion-once-y-el-cermi\/","name":"Microcredencial \"Liderazgo y estrategias para el emprendimiento de las personas con discapacidad\". UNED, Fundaci\u00f3n ONCE y el CERMI. - Unidad de Atenci\u00f3n a Personas con Discapacidad y Necesidades Educativas Especiales","isPartOf":{"@id":"https:\/\/www.urjc2030.es\/uapdnee\/#website"},"primaryImageOfPage":{"@id":"https:\/\/www.urjc2030.es\/uapdnee\/microcredencial-liderazgo-y-estrategias-para-el-emprendimiento-de-las-personas-con-discapacidad-uned-fundacion-once-y-el-cermi\/#primaryimage"},"image":{"@id":"https:\/\/www.urjc2030.es\/uapdnee\/microcredencial-liderazgo-y-estrategias-para-el-emprendimiento-de-las-personas-con-discapacidad-uned-fundacion-once-y-el-cermi\/#primaryimage"},"thumbnailUrl":"https:\/\/www.urjc2030.es\/uapdnee\/wp-content\/uploads\/sites\/9\/2026\/01\/noticia-discapac.png","datePublished":"2026-01-19T09:47:49+00:00","breadcrumb":{"@id":"https:\/\/www.urjc2030.es\/uapdnee\/microcredencial-liderazgo-y-estrategias-para-el-emprendimiento-de-las-personas-con-discapacidad-uned-fundacion-once-y-el-cermi\/#breadcrumb"},"inLanguage":"es","potentialAction":[{"@type":"ReadAction","target":["https:\/\/www.urjc2030.es\/uapdnee\/microcredencial-liderazgo-y-estrategias-para-el-emprendimiento-de-las-personas-con-discapacidad-uned-fundacion-once-y-el-cermi\/"]}]},{"@type":"ImageObject","inLanguage":"es","@id":"https:\/\/www.urjc2030.es\/uapdnee\/microcredencial-liderazgo-y-estrategias-para-el-emprendimiento-de-las-personas-con-discapacidad-uned-fundacion-once-y-el-cermi\/#primaryimage","url":"https:\/\/www.urjc2030.es\/uapdnee\/wp-content\/uploads\/sites\/9\/2026\/01\/noticia-discapac.png","contentUrl":"https:\/\/www.urjc2030.es\/uapdnee\/wp-content\/uploads\/sites\/9\/2026\/01\/noticia-discapac.png","width":468,"height":312,"caption":"noticia-discapac"},{"@type":"BreadcrumbList","@id":"https:\/\/www.urjc2030.es\/uapdnee\/microcredencial-liderazgo-y-estrategias-para-el-emprendimiento-de-las-personas-con-discapacidad-uned-fundacion-once-y-el-cermi\/#breadcrumb","itemListElement":[{"@type":"ListItem","position":1,"name":"Portada","item":"https:\/\/www.urjc2030.es\/uapdnee\/"},{"@type":"ListItem","position":2,"name":"Microcredencial \u00abLiderazgo y estrategias para el emprendimiento de las personas con discapacidad\u00bb. UNED, Fundaci\u00f3n ONCE y el CERMI."}]},{"@type":"WebSite","@id":"https:\/\/www.urjc2030.es\/uapdnee\/#website","url":"https:\/\/www.urjc2030.es\/uapdnee\/","name":"Unidad de Atenci\u00f3n a Personas con Discapacidad y Necesidades Educativas Especiales","description":"Gozar de las mismas oportunidades bajo el prisma de igualdad de oportunidades.","publisher":{"@id":"https:\/\/www.urjc2030.es\/uapdnee\/#organization"},"potentialAction":[{"@type":"SearchAction","target":{"@type":"EntryPoint","urlTemplate":"https:\/\/www.urjc2030.es\/uapdnee\/?s={search_term_string}"},"query-input":{"@type":"PropertyValueSpecification","valueRequired":true,"valueName":"search_term_string"}}],"inLanguage":"es"},{"@type":"Organization","@id":"https:\/\/www.urjc2030.es\/uapdnee\/#organization","name":"Universidad Rey Juan Carlos","url":"https:\/\/www.urjc2030.es\/uapdnee\/","logo":{"@type":"ImageObject","inLanguage":"es","@id":"https:\/\/www.urjc2030.es\/uapdnee\/#\/schema\/logo\/image\/","url":"https:\/\/www.urjc2030.es\/uapdnee\/wp-content\/uploads\/sites\/9\/2020\/10\/logoURJC.png","contentUrl":"https:\/\/www.urjc2030.es\/uapdnee\/wp-content\/uploads\/sites\/9\/2020\/10\/logoURJC.png","width":800,"height":305,"caption":"Universidad Rey Juan Carlos"},"image":{"@id":"https:\/\/www.urjc2030.es\/uapdnee\/#\/schema\/logo\/image\/"},"sameAs":["https:\/\/www.facebook.com\/universidadreyjuancarlos","https:\/\/x.com\/urjc","https:\/\/www.instagram.com\/urjc_uni\/?hl=es"]},{"@type":"Person","@id":"https:\/\/www.urjc2030.es\/uapdnee\/#\/schema\/person\/ddacb9e5abf914ab720a3d13fc047418","name":"carlos","image":{"@type":"ImageObject","inLanguage":"es","@id":"https:\/\/secure.gravatar.com\/avatar\/98e1c0d637a9f3d3cd2be0e49e5387245f96e039452a34f919c9e800cad0f304?s=96&d=mm&r=g","url":"https:\/\/secure.gravatar.com\/avatar\/98e1c0d637a9f3d3cd2be0e49e5387245f96e039452a34f919c9e800cad0f304?s=96&d=mm&r=g","contentUrl":"https:\/\/secure.gravatar.com\/avatar\/98e1c0d637a9f3d3cd2be0e49e5387245f96e039452a34f919c9e800cad0f304?s=96&d=mm&r=g","caption":"carlos"}}]}},"_links":{"self":[{"href":"https:\/\/www.urjc2030.es\/uapdnee\/wp-json\/wp\/v2\/posts\/2151","targetHints":{"allow":["GET"]}}],"collection":[{"href":"https:\/\/www.urjc2030.es\/uapdnee\/wp-json\/wp\/v2\/posts"}],"about":[{"href":"https:\/\/www.urjc2030.es\/uapdnee\/wp-json\/wp\/v2\/types\/post"}],"author":[{"embeddable":true,"href":"https:\/\/www.urjc2030.es\/uapdnee\/wp-json\/wp\/v2\/users\/10"}],"replies":[{"embeddable":true,"href":"https:\/\/www.urjc2030.es\/uapdnee\/wp-json\/wp\/v2\/comments?post=2151"}],"version-history":[{"count":1,"href":"https:\/\/www.urjc2030.es\/uapdnee\/wp-json\/wp\/v2\/posts\/2151\/revisions"}],"predecessor-version":[{"id":2153,"href":"https:\/\/www.urjc2030.es\/uapdnee\/wp-json\/wp\/v2\/posts\/2151\/revisions\/2153"}],"wp:featuredmedia":[{"embeddable":true,"href":"https:\/\/www.urjc2030.es\/uapdnee\/wp-json\/wp\/v2\/media\/2152"}],"wp:attachment":[{"href":"https:\/\/www.urjc2030.es\/uapdnee\/wp-json\/wp\/v2\/media?parent=2151"}],"wp:term":[{"taxonomy":"category","embeddable":true,"href":"https:\/\/www.urjc2030.es\/uapdnee\/wp-json\/wp\/v2\/categories?post=2151"},{"taxonomy":"post_tag","embeddable":true,"href":"https:\/\/www.urjc2030.es\/uapdnee\/wp-json\/wp\/v2\/tags?post=2151"}],"curies":[{"name":"wp","href":"https:\/\/api.w.org\/{rel}","templated":true}]}}