{"id":2154,"date":"2026-01-21T08:33:39","date_gmt":"2026-01-21T08:33:39","guid":{"rendered":"https:\/\/www.urjc2030.es\/uapdnee\/?p=2154"},"modified":"2026-01-21T08:33:55","modified_gmt":"2026-01-21T08:33:55","slug":"programas-impact-de-empleabilidad-para-personas-con-discapacidad-25-26","status":"publish","type":"post","link":"https:\/\/www.urjc2030.es\/uapdnee\/programas-impact-de-empleabilidad-para-personas-con-discapacidad-25-26\/","title":{"rendered":"Programas #impact de empleabilidad para personas con discapacidad"},"content":{"rendered":"<div><a href=\"https:\/\/www.urjc2030.es\/uapdnee\/wp-content\/uploads\/sites\/9\/2026\/01\/PROGRAMA-cero-9_Recursos.pdf\" target=\"_blank\" rel=\"noopener\"><img loading=\"lazy\" decoding=\"async\" class=\"alignright wp-image-2155 size-large\" src=\"https:\/\/www.urjc2030.es\/uapdnee\/wp-content\/uploads\/sites\/9\/2026\/01\/PROGRAMA-cero-9_Recursos-1024x576.jpg\" alt=\"PROGRAMA---#cero-9_Recursos\" width=\"350\" height=\"576\" \/><\/a>En <b>MARZO\u00a0de 2026, <\/b>iniciaremos <b>IMPACT #CERO<\/b>, nuestro programa de formaci\u00f3n en <b>CAPACITACI\u00d3N DIGITAL<\/b>, dise\u00f1ado para preparar a los participantes y capacitarlos para acceder a empleos reales.<\/div>\n<p>&nbsp;<\/p>\n<div><b>\u00a1Estamos en marcha! <\/b>Hemos abierto el proceso de selecci\u00f3n y queremos contar con vuestra colaboraci\u00f3n para dar visibilidad a esta gran oportunidad entre las personas interesadas en desarrollar su carrera profesional en el sector tecnol\u00f3gico.<\/div>\n<div><\/div>\n<div><b>\u00bfA qui\u00e9n va dirigido? <\/b>Personas con discapacidad desempleadas interesadas en el sector tecnol\u00f3gico.<\/div>\n<div><\/div>\n<div><b>\u00bfQu\u00e9 ofrece el programa?<\/b><\/div>\n<ul>\n<li><span role=\"presentation\">Formaci\u00f3n pr\u00e1ctica basada en el modelo europeo <b>DIGCOMP 2.2.<\/b><\/span><\/li>\n<li><span role=\"presentation\">Competencias digitales clave para acceder a empleos reales.<\/span><\/li>\n<li><span role=\"presentation\">Puerta de entrada a programas avanzados como <b>IMPACT#INCLUDE (Ciberseguridad) o IMPACT#ALIADA (Accesibilidad Digital).<\/b><\/span><\/li>\n<\/ul>\n<p>&nbsp;<\/p>\n<div><b>\u00bfC\u00f3mo inscribirse? <\/b>Mediante el enlace incluido en la <strong><a href=\"https:\/\/www.urjc2030.es\/uapdnee\/wp-content\/uploads\/sites\/9\/2026\/01\/PROGRAMA-cero-9_Recursos.pdf\" target=\"_blank\" rel=\"noopener\">informaci\u00f3n adjunta<\/a><\/strong>.<\/div>\n<div>O directamente pinchando <strong><a href=\"https:\/\/talentforjobs.com\/ofertas\/empleos\/trabajo2.aspx?j=20914284&amp;e=tqNulrLwX%2fd9%2fjYMjgwWT%2fQ%2b0IfLabKQvpYlfhMAjl8%3d&amp;p=g9E%2f28GQKNqEiVt9lpwd2xsmnDnNAuwEBWF16a%2fxeLqFtB9fXJ%2f3iNfiKR0UzWtKLqKmI7L0hNne8JIkQhoNUQ%3d%3d&amp;c=XACbPYH6aL9tgPGOHkqzTcuEYRn7YNn8BVjewuvfw20%3d\" target=\"_blank\" rel=\"noopener\">aqu\u00ed<\/a><\/strong>.<\/div>\n<div><b>\u00a0<\/b><\/div>\n<div>Por favor, no dud\u00e9is en contactar con nosotros para cualquier duda o aclaraci\u00f3n. Estamos a vuestra disposici\u00f3n para resolver dudas y proporcionar m\u00e1s informaci\u00f3n o materiales de apoyo para la difusi\u00f3n.<\/div>\n<div><b>\u00a0<\/b><\/div>\n<div>Agradecemos enormemente vuestra colaboraci\u00f3n para hacer llegar esta iniciativa a quienes puedan beneficiarse de ella.<\/div>\n<p>&nbsp;<\/p>\n","protected":false},"excerpt":{"rendered":"<p>En MARZO\u00a0de 2026, iniciaremos IMPACT #CERO, nuestro programa de formaci\u00f3n en CAPACITACI\u00d3N DIGITAL, dise\u00f1ado para preparar a los participantes y capacitarlos para acceder a empleos reales. &nbsp; \u00a1Estamos en marcha! Hemos abierto el proceso de selecci\u00f3n y queremos contar con vuestra colaboraci\u00f3n para dar visibilidad a esta gran oportunidad entre las personas interesadas en desarrollar [&hellip;]<\/p>\n","protected":false},"author":10,"featured_media":2155,"comment_status":"closed","ping_status":"closed","sticky":false,"template":"","format":"standard","meta":{"_et_pb_use_builder":"","_et_pb_old_content":"","_et_gb_content_width":"","cybocfi_hide_featured_image":"","footnotes":""},"categories":[9],"tags":[],"class_list":["post-2154","post","type-post","status-publish","format-standard","has-post-thumbnail","hentry","category-noticias-uapdnee"],"yoast_head":"<!-- This site is optimized with the Yoast SEO plugin v27.4 - https:\/\/yoast.com\/product\/yoast-seo-wordpress\/ -->\n<title>Programas #impact de empleabilidad para personas con discapacidad - Unidad de Atenci\u00f3n a Personas con Discapacidad y Necesidades Educativas Especiales<\/title>\n<meta name=\"robots\" content=\"index, follow, max-snippet:-1, max-image-preview:large, max-video-preview:-1\" \/>\n<link rel=\"canonical\" href=\"https:\/\/www.urjc2030.es\/uapdnee\/programas-impact-de-empleabilidad-para-personas-con-discapacidad-25-26\/\" \/>\n<meta property=\"og:locale\" content=\"es_ES\" \/>\n<meta property=\"og:type\" content=\"article\" \/>\n<meta property=\"og:title\" content=\"Programas #impact de empleabilidad para personas con discapacidad - Unidad de Atenci\u00f3n a Personas con Discapacidad y Necesidades Educativas Especiales\" \/>\n<meta property=\"og:description\" content=\"En MARZO\u00a0de 2026, iniciaremos IMPACT #CERO, nuestro programa de formaci\u00f3n en CAPACITACI\u00d3N DIGITAL, dise\u00f1ado para preparar a los participantes y capacitarlos para acceder a empleos reales. &nbsp; \u00a1Estamos en marcha! Hemos abierto el proceso de selecci\u00f3n y queremos contar con vuestra colaboraci\u00f3n para dar visibilidad a esta gran oportunidad entre las personas interesadas en desarrollar [&hellip;]\" \/>\n<meta property=\"og:url\" content=\"https:\/\/www.urjc2030.es\/uapdnee\/programas-impact-de-empleabilidad-para-personas-con-discapacidad-25-26\/\" \/>\n<meta property=\"og:site_name\" content=\"Unidad de Atenci\u00f3n a Personas con Discapacidad y Necesidades Educativas Especiales\" \/>\n<meta property=\"article:publisher\" content=\"https:\/\/www.facebook.com\/universidadreyjuancarlos\" \/>\n<meta property=\"article:published_time\" content=\"2026-01-21T08:33:39+00:00\" \/>\n<meta property=\"article:modified_time\" content=\"2026-01-21T08:33:55+00:00\" \/>\n<meta property=\"og:image\" content=\"https:\/\/www.urjc2030.es\/uapdnee\/wp-content\/uploads\/sites\/9\/2026\/01\/PROGRAMA-cero-9_Recursos-scaled.jpg\" \/>\n\t<meta property=\"og:image:width\" content=\"2560\" \/>\n\t<meta property=\"og:image:height\" content=\"1440\" \/>\n\t<meta property=\"og:image:type\" content=\"image\/jpeg\" \/>\n<meta name=\"author\" content=\"carlos\" \/>\n<meta name=\"twitter:card\" content=\"summary_large_image\" \/>\n<meta name=\"twitter:creator\" content=\"@urjc\" \/>\n<meta name=\"twitter:site\" content=\"@urjc\" \/>\n<script type=\"application\/ld+json\" class=\"yoast-schema-graph\">{\"@context\":\"https:\\\/\\\/schema.org\",\"@graph\":[{\"@type\":\"Article\",\"@id\":\"https:\\\/\\\/www.urjc2030.es\\\/uapdnee\\\/programas-impact-de-empleabilidad-para-personas-con-discapacidad-25-26\\\/#article\",\"isPartOf\":{\"@id\":\"https:\\\/\\\/www.urjc2030.es\\\/uapdnee\\\/programas-impact-de-empleabilidad-para-personas-con-discapacidad-25-26\\\/\"},\"author\":{\"name\":\"carlos\",\"@id\":\"https:\\\/\\\/www.urjc2030.es\\\/uapdnee\\\/#\\\/schema\\\/person\\\/ddacb9e5abf914ab720a3d13fc047418\"},\"headline\":\"Programas #impact de empleabilidad para personas con discapacidad\",\"datePublished\":\"2026-01-21T08:33:39+00:00\",\"dateModified\":\"2026-01-21T08:33:55+00:00\",\"mainEntityOfPage\":{\"@id\":\"https:\\\/\\\/www.urjc2030.es\\\/uapdnee\\\/programas-impact-de-empleabilidad-para-personas-con-discapacidad-25-26\\\/\"},\"wordCount\":199,\"publisher\":{\"@id\":\"https:\\\/\\\/www.urjc2030.es\\\/uapdnee\\\/#organization\"},\"image\":{\"@id\":\"https:\\\/\\\/www.urjc2030.es\\\/uapdnee\\\/programas-impact-de-empleabilidad-para-personas-con-discapacidad-25-26\\\/#primaryimage\"},\"thumbnailUrl\":\"https:\\\/\\\/www.urjc2030.es\\\/uapdnee\\\/wp-content\\\/uploads\\\/sites\\\/9\\\/2026\\\/01\\\/PROGRAMA-cero-9_Recursos-scaled.jpg\",\"articleSection\":[\"Noticias\"],\"inLanguage\":\"es\"},{\"@type\":\"WebPage\",\"@id\":\"https:\\\/\\\/www.urjc2030.es\\\/uapdnee\\\/programas-impact-de-empleabilidad-para-personas-con-discapacidad-25-26\\\/\",\"url\":\"https:\\\/\\\/www.urjc2030.es\\\/uapdnee\\\/programas-impact-de-empleabilidad-para-personas-con-discapacidad-25-26\\\/\",\"name\":\"Programas #impact de empleabilidad para personas con discapacidad - Unidad de Atenci\u00f3n a Personas con Discapacidad y Necesidades Educativas Especiales\",\"isPartOf\":{\"@id\":\"https:\\\/\\\/www.urjc2030.es\\\/uapdnee\\\/#website\"},\"primaryImageOfPage\":{\"@id\":\"https:\\\/\\\/www.urjc2030.es\\\/uapdnee\\\/programas-impact-de-empleabilidad-para-personas-con-discapacidad-25-26\\\/#primaryimage\"},\"image\":{\"@id\":\"https:\\\/\\\/www.urjc2030.es\\\/uapdnee\\\/programas-impact-de-empleabilidad-para-personas-con-discapacidad-25-26\\\/#primaryimage\"},\"thumbnailUrl\":\"https:\\\/\\\/www.urjc2030.es\\\/uapdnee\\\/wp-content\\\/uploads\\\/sites\\\/9\\\/2026\\\/01\\\/PROGRAMA-cero-9_Recursos-scaled.jpg\",\"datePublished\":\"2026-01-21T08:33:39+00:00\",\"dateModified\":\"2026-01-21T08:33:55+00:00\",\"breadcrumb\":{\"@id\":\"https:\\\/\\\/www.urjc2030.es\\\/uapdnee\\\/programas-impact-de-empleabilidad-para-personas-con-discapacidad-25-26\\\/#breadcrumb\"},\"inLanguage\":\"es\",\"potentialAction\":[{\"@type\":\"ReadAction\",\"target\":[\"https:\\\/\\\/www.urjc2030.es\\\/uapdnee\\\/programas-impact-de-empleabilidad-para-personas-con-discapacidad-25-26\\\/\"]}]},{\"@type\":\"ImageObject\",\"inLanguage\":\"es\",\"@id\":\"https:\\\/\\\/www.urjc2030.es\\\/uapdnee\\\/programas-impact-de-empleabilidad-para-personas-con-discapacidad-25-26\\\/#primaryimage\",\"url\":\"https:\\\/\\\/www.urjc2030.es\\\/uapdnee\\\/wp-content\\\/uploads\\\/sites\\\/9\\\/2026\\\/01\\\/PROGRAMA-cero-9_Recursos-scaled.jpg\",\"contentUrl\":\"https:\\\/\\\/www.urjc2030.es\\\/uapdnee\\\/wp-content\\\/uploads\\\/sites\\\/9\\\/2026\\\/01\\\/PROGRAMA-cero-9_Recursos-scaled.jpg\",\"width\":2560,\"height\":1440,\"caption\":\"PROGRAMA---#cero-9_Recursos\"},{\"@type\":\"BreadcrumbList\",\"@id\":\"https:\\\/\\\/www.urjc2030.es\\\/uapdnee\\\/programas-impact-de-empleabilidad-para-personas-con-discapacidad-25-26\\\/#breadcrumb\",\"itemListElement\":[{\"@type\":\"ListItem\",\"position\":1,\"name\":\"Portada\",\"item\":\"https:\\\/\\\/www.urjc2030.es\\\/uapdnee\\\/\"},{\"@type\":\"ListItem\",\"position\":2,\"name\":\"Programas #impact de empleabilidad para personas con discapacidad\"}]},{\"@type\":\"WebSite\",\"@id\":\"https:\\\/\\\/www.urjc2030.es\\\/uapdnee\\\/#website\",\"url\":\"https:\\\/\\\/www.urjc2030.es\\\/uapdnee\\\/\",\"name\":\"Unidad de Atenci\u00f3n a Personas con Discapacidad y Necesidades Educativas Especiales\",\"description\":\"Gozar de las mismas oportunidades bajo el prisma de igualdad de oportunidades.\",\"publisher\":{\"@id\":\"https:\\\/\\\/www.urjc2030.es\\\/uapdnee\\\/#organization\"},\"potentialAction\":[{\"@type\":\"SearchAction\",\"target\":{\"@type\":\"EntryPoint\",\"urlTemplate\":\"https:\\\/\\\/www.urjc2030.es\\\/uapdnee\\\/?s={search_term_string}\"},\"query-input\":{\"@type\":\"PropertyValueSpecification\",\"valueRequired\":true,\"valueName\":\"search_term_string\"}}],\"inLanguage\":\"es\"},{\"@type\":\"Organization\",\"@id\":\"https:\\\/\\\/www.urjc2030.es\\\/uapdnee\\\/#organization\",\"name\":\"Universidad Rey Juan Carlos\",\"url\":\"https:\\\/\\\/www.urjc2030.es\\\/uapdnee\\\/\",\"logo\":{\"@type\":\"ImageObject\",\"inLanguage\":\"es\",\"@id\":\"https:\\\/\\\/www.urjc2030.es\\\/uapdnee\\\/#\\\/schema\\\/logo\\\/image\\\/\",\"url\":\"https:\\\/\\\/www.urjc2030.es\\\/uapdnee\\\/wp-content\\\/uploads\\\/sites\\\/9\\\/2020\\\/10\\\/logoURJC.png\",\"contentUrl\":\"https:\\\/\\\/www.urjc2030.es\\\/uapdnee\\\/wp-content\\\/uploads\\\/sites\\\/9\\\/2020\\\/10\\\/logoURJC.png\",\"width\":800,\"height\":305,\"caption\":\"Universidad Rey Juan Carlos\"},\"image\":{\"@id\":\"https:\\\/\\\/www.urjc2030.es\\\/uapdnee\\\/#\\\/schema\\\/logo\\\/image\\\/\"},\"sameAs\":[\"https:\\\/\\\/www.facebook.com\\\/universidadreyjuancarlos\",\"https:\\\/\\\/x.com\\\/urjc\",\"https:\\\/\\\/www.instagram.com\\\/urjc_uni\\\/?hl=es\"]},{\"@type\":\"Person\",\"@id\":\"https:\\\/\\\/www.urjc2030.es\\\/uapdnee\\\/#\\\/schema\\\/person\\\/ddacb9e5abf914ab720a3d13fc047418\",\"name\":\"carlos\",\"image\":{\"@type\":\"ImageObject\",\"inLanguage\":\"es\",\"@id\":\"https:\\\/\\\/secure.gravatar.com\\\/avatar\\\/98e1c0d637a9f3d3cd2be0e49e5387245f96e039452a34f919c9e800cad0f304?s=96&d=mm&r=g\",\"url\":\"https:\\\/\\\/secure.gravatar.com\\\/avatar\\\/98e1c0d637a9f3d3cd2be0e49e5387245f96e039452a34f919c9e800cad0f304?s=96&d=mm&r=g\",\"contentUrl\":\"https:\\\/\\\/secure.gravatar.com\\\/avatar\\\/98e1c0d637a9f3d3cd2be0e49e5387245f96e039452a34f919c9e800cad0f304?s=96&d=mm&r=g\",\"caption\":\"carlos\"}}]}<\/script>\n<!-- \/ Yoast SEO plugin. -->","yoast_head_json":{"title":"Programas #impact de empleabilidad para personas con discapacidad - Unidad de Atenci\u00f3n a Personas con Discapacidad y Necesidades Educativas Especiales","robots":{"index":"index","follow":"follow","max-snippet":"max-snippet:-1","max-image-preview":"max-image-preview:large","max-video-preview":"max-video-preview:-1"},"canonical":"https:\/\/www.urjc2030.es\/uapdnee\/programas-impact-de-empleabilidad-para-personas-con-discapacidad-25-26\/","og_locale":"es_ES","og_type":"article","og_title":"Programas #impact de empleabilidad para personas con discapacidad - Unidad de Atenci\u00f3n a Personas con Discapacidad y Necesidades Educativas Especiales","og_description":"En MARZO\u00a0de 2026, iniciaremos IMPACT #CERO, nuestro programa de formaci\u00f3n en CAPACITACI\u00d3N DIGITAL, dise\u00f1ado para preparar a los participantes y capacitarlos para acceder a empleos reales. &nbsp; \u00a1Estamos en marcha! Hemos abierto el proceso de selecci\u00f3n y queremos contar con vuestra colaboraci\u00f3n para dar visibilidad a esta gran oportunidad entre las personas interesadas en desarrollar [&hellip;]","og_url":"https:\/\/www.urjc2030.es\/uapdnee\/programas-impact-de-empleabilidad-para-personas-con-discapacidad-25-26\/","og_site_name":"Unidad de Atenci\u00f3n a Personas con Discapacidad y Necesidades Educativas Especiales","article_publisher":"https:\/\/www.facebook.com\/universidadreyjuancarlos","article_published_time":"2026-01-21T08:33:39+00:00","article_modified_time":"2026-01-21T08:33:55+00:00","og_image":[{"width":2560,"height":1440,"url":"https:\/\/www.urjc2030.es\/uapdnee\/wp-content\/uploads\/sites\/9\/2026\/01\/PROGRAMA-cero-9_Recursos-scaled.jpg","type":"image\/jpeg"}],"author":"carlos","twitter_card":"summary_large_image","twitter_creator":"@urjc","twitter_site":"@urjc","schema":{"@context":"https:\/\/schema.org","@graph":[{"@type":"Article","@id":"https:\/\/www.urjc2030.es\/uapdnee\/programas-impact-de-empleabilidad-para-personas-con-discapacidad-25-26\/#article","isPartOf":{"@id":"https:\/\/www.urjc2030.es\/uapdnee\/programas-impact-de-empleabilidad-para-personas-con-discapacidad-25-26\/"},"author":{"name":"carlos","@id":"https:\/\/www.urjc2030.es\/uapdnee\/#\/schema\/person\/ddacb9e5abf914ab720a3d13fc047418"},"headline":"Programas #impact de empleabilidad para personas con discapacidad","datePublished":"2026-01-21T08:33:39+00:00","dateModified":"2026-01-21T08:33:55+00:00","mainEntityOfPage":{"@id":"https:\/\/www.urjc2030.es\/uapdnee\/programas-impact-de-empleabilidad-para-personas-con-discapacidad-25-26\/"},"wordCount":199,"publisher":{"@id":"https:\/\/www.urjc2030.es\/uapdnee\/#organization"},"image":{"@id":"https:\/\/www.urjc2030.es\/uapdnee\/programas-impact-de-empleabilidad-para-personas-con-discapacidad-25-26\/#primaryimage"},"thumbnailUrl":"https:\/\/www.urjc2030.es\/uapdnee\/wp-content\/uploads\/sites\/9\/2026\/01\/PROGRAMA-cero-9_Recursos-scaled.jpg","articleSection":["Noticias"],"inLanguage":"es"},{"@type":"WebPage","@id":"https:\/\/www.urjc2030.es\/uapdnee\/programas-impact-de-empleabilidad-para-personas-con-discapacidad-25-26\/","url":"https:\/\/www.urjc2030.es\/uapdnee\/programas-impact-de-empleabilidad-para-personas-con-discapacidad-25-26\/","name":"Programas #impact de empleabilidad para personas con discapacidad - Unidad de Atenci\u00f3n a Personas con Discapacidad y Necesidades Educativas Especiales","isPartOf":{"@id":"https:\/\/www.urjc2030.es\/uapdnee\/#website"},"primaryImageOfPage":{"@id":"https:\/\/www.urjc2030.es\/uapdnee\/programas-impact-de-empleabilidad-para-personas-con-discapacidad-25-26\/#primaryimage"},"image":{"@id":"https:\/\/www.urjc2030.es\/uapdnee\/programas-impact-de-empleabilidad-para-personas-con-discapacidad-25-26\/#primaryimage"},"thumbnailUrl":"https:\/\/www.urjc2030.es\/uapdnee\/wp-content\/uploads\/sites\/9\/2026\/01\/PROGRAMA-cero-9_Recursos-scaled.jpg","datePublished":"2026-01-21T08:33:39+00:00","dateModified":"2026-01-21T08:33:55+00:00","breadcrumb":{"@id":"https:\/\/www.urjc2030.es\/uapdnee\/programas-impact-de-empleabilidad-para-personas-con-discapacidad-25-26\/#breadcrumb"},"inLanguage":"es","potentialAction":[{"@type":"ReadAction","target":["https:\/\/www.urjc2030.es\/uapdnee\/programas-impact-de-empleabilidad-para-personas-con-discapacidad-25-26\/"]}]},{"@type":"ImageObject","inLanguage":"es","@id":"https:\/\/www.urjc2030.es\/uapdnee\/programas-impact-de-empleabilidad-para-personas-con-discapacidad-25-26\/#primaryimage","url":"https:\/\/www.urjc2030.es\/uapdnee\/wp-content\/uploads\/sites\/9\/2026\/01\/PROGRAMA-cero-9_Recursos-scaled.jpg","contentUrl":"https:\/\/www.urjc2030.es\/uapdnee\/wp-content\/uploads\/sites\/9\/2026\/01\/PROGRAMA-cero-9_Recursos-scaled.jpg","width":2560,"height":1440,"caption":"PROGRAMA---#cero-9_Recursos"},{"@type":"BreadcrumbList","@id":"https:\/\/www.urjc2030.es\/uapdnee\/programas-impact-de-empleabilidad-para-personas-con-discapacidad-25-26\/#breadcrumb","itemListElement":[{"@type":"ListItem","position":1,"name":"Portada","item":"https:\/\/www.urjc2030.es\/uapdnee\/"},{"@type":"ListItem","position":2,"name":"Programas #impact de empleabilidad para personas con discapacidad"}]},{"@type":"WebSite","@id":"https:\/\/www.urjc2030.es\/uapdnee\/#website","url":"https:\/\/www.urjc2030.es\/uapdnee\/","name":"Unidad de Atenci\u00f3n a Personas con Discapacidad y Necesidades Educativas Especiales","description":"Gozar de las mismas oportunidades bajo el prisma de igualdad de oportunidades.","publisher":{"@id":"https:\/\/www.urjc2030.es\/uapdnee\/#organization"},"potentialAction":[{"@type":"SearchAction","target":{"@type":"EntryPoint","urlTemplate":"https:\/\/www.urjc2030.es\/uapdnee\/?s={search_term_string}"},"query-input":{"@type":"PropertyValueSpecification","valueRequired":true,"valueName":"search_term_string"}}],"inLanguage":"es"},{"@type":"Organization","@id":"https:\/\/www.urjc2030.es\/uapdnee\/#organization","name":"Universidad Rey Juan Carlos","url":"https:\/\/www.urjc2030.es\/uapdnee\/","logo":{"@type":"ImageObject","inLanguage":"es","@id":"https:\/\/www.urjc2030.es\/uapdnee\/#\/schema\/logo\/image\/","url":"https:\/\/www.urjc2030.es\/uapdnee\/wp-content\/uploads\/sites\/9\/2020\/10\/logoURJC.png","contentUrl":"https:\/\/www.urjc2030.es\/uapdnee\/wp-content\/uploads\/sites\/9\/2020\/10\/logoURJC.png","width":800,"height":305,"caption":"Universidad Rey Juan Carlos"},"image":{"@id":"https:\/\/www.urjc2030.es\/uapdnee\/#\/schema\/logo\/image\/"},"sameAs":["https:\/\/www.facebook.com\/universidadreyjuancarlos","https:\/\/x.com\/urjc","https:\/\/www.instagram.com\/urjc_uni\/?hl=es"]},{"@type":"Person","@id":"https:\/\/www.urjc2030.es\/uapdnee\/#\/schema\/person\/ddacb9e5abf914ab720a3d13fc047418","name":"carlos","image":{"@type":"ImageObject","inLanguage":"es","@id":"https:\/\/secure.gravatar.com\/avatar\/98e1c0d637a9f3d3cd2be0e49e5387245f96e039452a34f919c9e800cad0f304?s=96&d=mm&r=g","url":"https:\/\/secure.gravatar.com\/avatar\/98e1c0d637a9f3d3cd2be0e49e5387245f96e039452a34f919c9e800cad0f304?s=96&d=mm&r=g","contentUrl":"https:\/\/secure.gravatar.com\/avatar\/98e1c0d637a9f3d3cd2be0e49e5387245f96e039452a34f919c9e800cad0f304?s=96&d=mm&r=g","caption":"carlos"}}]}},"_links":{"self":[{"href":"https:\/\/www.urjc2030.es\/uapdnee\/wp-json\/wp\/v2\/posts\/2154","targetHints":{"allow":["GET"]}}],"collection":[{"href":"https:\/\/www.urjc2030.es\/uapdnee\/wp-json\/wp\/v2\/posts"}],"about":[{"href":"https:\/\/www.urjc2030.es\/uapdnee\/wp-json\/wp\/v2\/types\/post"}],"author":[{"embeddable":true,"href":"https:\/\/www.urjc2030.es\/uapdnee\/wp-json\/wp\/v2\/users\/10"}],"replies":[{"embeddable":true,"href":"https:\/\/www.urjc2030.es\/uapdnee\/wp-json\/wp\/v2\/comments?post=2154"}],"version-history":[{"count":1,"href":"https:\/\/www.urjc2030.es\/uapdnee\/wp-json\/wp\/v2\/posts\/2154\/revisions"}],"predecessor-version":[{"id":2157,"href":"https:\/\/www.urjc2030.es\/uapdnee\/wp-json\/wp\/v2\/posts\/2154\/revisions\/2157"}],"wp:featuredmedia":[{"embeddable":true,"href":"https:\/\/www.urjc2030.es\/uapdnee\/wp-json\/wp\/v2\/media\/2155"}],"wp:attachment":[{"href":"https:\/\/www.urjc2030.es\/uapdnee\/wp-json\/wp\/v2\/media?parent=2154"}],"wp:term":[{"taxonomy":"category","embeddable":true,"href":"https:\/\/www.urjc2030.es\/uapdnee\/wp-json\/wp\/v2\/categories?post=2154"},{"taxonomy":"post_tag","embeddable":true,"href":"https:\/\/www.urjc2030.es\/uapdnee\/wp-json\/wp\/v2\/tags?post=2154"}],"curies":[{"name":"wp","href":"https:\/\/api.w.org\/{rel}","templated":true}]}}