{"id":2258,"date":"2026-04-29T10:21:43","date_gmt":"2026-04-29T10:21:43","guid":{"rendered":"https:\/\/www.urjc2030.es\/uapdnee\/?p=2258"},"modified":"2026-04-29T10:22:08","modified_gmt":"2026-04-29T10:22:08","slug":"3-a-convocatoria-de-las-becas-de-grado-jesus-serra-de-fundacion-occident-25-26","status":"publish","type":"post","link":"https:\/\/www.urjc2030.es\/uapdnee\/3-a-convocatoria-de-las-becas-de-grado-jesus-serra-de-fundacion-occident-25-26\/","title":{"rendered":"3.\u00aa convocatoria de las Becas de Grado Jes\u00fas Serra de Fundaci\u00f3n Occident"},"content":{"rendered":"<div>\n<p class=\"p1\"><a href=\"https:\/\/www.urjc2030.es\/uapdnee\/wp-content\/uploads\/sites\/9\/2026\/04\/BecasJS2026_X-scaled.jpg\"><img decoding=\"async\" class=\"wp-image-2260 size-full alignright\" src=\"https:\/\/www.urjc2030.es\/uapdnee\/wp-content\/uploads\/sites\/9\/2026\/04\/BecasJS2026_X-scaled.jpg\" alt=\"BecasJS2026\" width=\"350\" height=\"auto\" srcset=\"https:\/\/www.urjc2030.es\/uapdnee\/wp-content\/uploads\/sites\/9\/2026\/04\/BecasJS2026_X-scaled.jpg 2560w, https:\/\/www.urjc2030.es\/uapdnee\/wp-content\/uploads\/sites\/9\/2026\/04\/BecasJS2026_X-1280x720.jpg 1280w, https:\/\/www.urjc2030.es\/uapdnee\/wp-content\/uploads\/sites\/9\/2026\/04\/BecasJS2026_X-980x551.jpg 980w, https:\/\/www.urjc2030.es\/uapdnee\/wp-content\/uploads\/sites\/9\/2026\/04\/BecasJS2026_X-480x270.jpg 480w\" sizes=\"(min-width: 0px) and (max-width: 480px) 480px, (min-width: 481px) and (max-width: 980px) 980px, (min-width: 981px) and (max-width: 1280px) 1280px, (min-width: 1281px) 2560px, 100vw\" \/><\/a>Fundaci\u00f3n Occident abre la tercera edici\u00f3n de la 3.\u00aa convocatoria de las <b>Becas de Grado Jes\u00fas Serra<\/b>, en las cu\u00e1les\u00a0<b>se reservan plazas para estudiantes con discapacidad<\/b>, por lo que creemos que puede ser de vuestro inter\u00e9s. Os resumimos la informaci\u00f3n principal del programa por si nos pod\u00e9is ayudar a difundirlo:<\/p>\n<\/div>\n<div><\/div>\n<ul>\n<li>Se otorgan<b> 14 becas<\/b> para estudiantes que se vayan a matricular por primera vez en un grado universitario en el curso 2026-2027. De estas, <b>2 se reservan para estudiantes con una discapacidad reconocida<\/b>igual o superior al 33%.<\/li>\n<li>Existen dos v\u00edas de acceso:\n<ul>\n<li><b>v\u00eda 1: Primera generaci\u00f3n de estudiantes universitarios<\/b>, para alumnos\/as que ser\u00e1n los primeros de su familia en cursar estudios universitarios<\/li>\n<li><b>v\u00eda 2: Primera generaci\u00f3n de mujeres en STEM<\/b>, para alumnas que ser\u00e1n las primeras en cursar grados de ciencias, tecnolog\u00edas, ingenier\u00eda y matem\u00e1ticas.<\/li>\n<\/ul>\n<\/li>\n<li><b>Se reserva una plaza espec\u00edfica<\/b>\u00a0\u2014dos becas en total\u2014\u00a0<b>para estudiantes con una discapacidad<\/b>\u00a0<b>reconocida igual o superior al 33%<\/b>.<\/li>\n<li>Las becas contemplan <b>una dotaci\u00f3n econ\u00f3mica<\/b> para formaci\u00f3n y material educativo, y <b>otra en funci\u00f3n de la renta y la distancia<\/b> hasta la universidad.<\/li>\n<li>Adem\u00e1s, estas becas ofrecen <b>programa formativo y de mentor\u00eda personalizada<\/b>, con una dotaci\u00f3n complementaria ligada a su aprovechamiento y <b>acceso a un programa de bienestar emocional<\/b>.<\/li>\n<li>La convocatoria est\u00e1 abierta <b>hasta el pr\u00f3ximo 29 de mayo de 2026<\/b> (14:00h CET).<\/li>\n<\/ul>\n<div><\/div>\n<div>En\u00a0<strong><a href=\"http:\/\/fundacionoccident.org\/becas-jesus-serra\" target=\"_blank\" rel=\"noopener\">nuestra web<\/a><\/strong>\u00a0encontrar\u00e9is toda la informaci\u00f3n as\u00ed como tambi\u00e9n el enlace para aplicar.<\/div>\n<div><\/div>\n<div>Toda la informaci\u00f3n en pdf:\u00a0<strong><a href=\"https:\/\/www.urjc2030.es\/uapdnee\/wp-content\/uploads\/sites\/9\/2026\/04\/KITDEDISFUSIONBecas_3aEdicioI\u0081n.pdf\" target=\"_blank\" rel=\"noopener\">Documentaci\u00f3n Becas<\/a><\/strong><\/div>\n<div><\/div>\n<div><a href=\"https:\/\/www.urjc2030.es\/uapdnee\/wp-content\/uploads\/sites\/9\/2026\/04\/FOc_Becas_Poster_Digital_CAST-scaled.jpg\" target=\"_blank\" rel=\"noopener\"><img loading=\"lazy\" decoding=\"async\" class=\"alignnone wp-image-2261 size-full\" src=\"https:\/\/www.urjc2030.es\/uapdnee\/wp-content\/uploads\/sites\/9\/2026\/04\/FOc_Becas_Poster_Digital_CAST-scaled.jpg\" alt=\"Becas_Poster\" width=\"1810\" height=\"2560\" srcset=\"https:\/\/www.urjc2030.es\/uapdnee\/wp-content\/uploads\/sites\/9\/2026\/04\/FOc_Becas_Poster_Digital_CAST-scaled.jpg 1810w, https:\/\/www.urjc2030.es\/uapdnee\/wp-content\/uploads\/sites\/9\/2026\/04\/FOc_Becas_Poster_Digital_CAST-1280x1810.jpg 1280w, https:\/\/www.urjc2030.es\/uapdnee\/wp-content\/uploads\/sites\/9\/2026\/04\/FOc_Becas_Poster_Digital_CAST-980x1386.jpg 980w, https:\/\/www.urjc2030.es\/uapdnee\/wp-content\/uploads\/sites\/9\/2026\/04\/FOc_Becas_Poster_Digital_CAST-480x679.jpg 480w\" sizes=\"(min-width: 0px) and (max-width: 480px) 480px, (min-width: 481px) and (max-width: 980px) 980px, (min-width: 981px) and (max-width: 1280px) 1280px, (min-width: 1281px) 1810px, 100vw\" \/><\/a><\/div>\n<div><\/div>\n<div>Nuestras publicaciones en <b>redes sociales<\/b>:\u00a0<strong><a href=\"https:\/\/x.com\/Fund_Occident?ref_src=twsrc%5Egoogle%7Ctwcamp%5Eserp%7Ctwgr%5Eauthor\" target=\"_blank\" rel=\"noopener\">Twitter<\/a>,<\/strong>\u00a0<strong><a href=\"https:\/\/www.instagram.com\/fundacionoccident\/\" target=\"_blank\" rel=\"noopener\">Instagram<\/a><\/strong>\u00a0y\u00a0<strong><a href=\"https:\/\/www.tiktok.com\/@fundacionoccident\" target=\"_blank\" rel=\"noopener\">Tiktok<\/a>.<\/strong> Nuestros hashtags son #BecasJS y #SaltarLasBarreras.<\/div>\n","protected":false},"excerpt":{"rendered":"<p>Fundaci\u00f3n Occident abre la tercera edici\u00f3n de la 3.\u00aa convocatoria de las Becas de Grado Jes\u00fas Serra, en las cu\u00e1les\u00a0se reservan plazas para estudiantes con discapacidad, por lo que creemos que puede ser de vuestro inter\u00e9s. Os resumimos la informaci\u00f3n principal del programa por si nos pod\u00e9is ayudar a difundirlo: Se otorgan 14 becas para [&hellip;]<\/p>\n","protected":false},"author":10,"featured_media":2260,"comment_status":"closed","ping_status":"closed","sticky":false,"template":"","format":"standard","meta":{"_et_pb_use_builder":"","_et_pb_old_content":"","_et_gb_content_width":"","cybocfi_hide_featured_image":"","footnotes":""},"categories":[9],"tags":[],"class_list":["post-2258","post","type-post","status-publish","format-standard","has-post-thumbnail","hentry","category-noticias-uapdnee"],"yoast_head":"<!-- This site is optimized with the Yoast SEO plugin v27.5 - https:\/\/yoast.com\/product\/yoast-seo-wordpress\/ -->\n<title>3.\u00aa convocatoria de las Becas de Grado Jes\u00fas Serra de Fundaci\u00f3n Occident - Unidad de Atenci\u00f3n a Personas con Discapacidad y Necesidades Educativas Especiales<\/title>\n<meta name=\"robots\" content=\"index, follow, max-snippet:-1, max-image-preview:large, max-video-preview:-1\" \/>\n<link rel=\"canonical\" href=\"https:\/\/www.urjc2030.es\/uapdnee\/3-a-convocatoria-de-las-becas-de-grado-jesus-serra-de-fundacion-occident-25-26\/\" \/>\n<meta property=\"og:locale\" content=\"es_ES\" \/>\n<meta property=\"og:type\" content=\"article\" \/>\n<meta property=\"og:title\" content=\"3.\u00aa convocatoria de las Becas de Grado Jes\u00fas Serra de Fundaci\u00f3n Occident - Unidad de Atenci\u00f3n a Personas con Discapacidad y Necesidades Educativas Especiales\" \/>\n<meta property=\"og:description\" content=\"Fundaci\u00f3n Occident abre la tercera edici\u00f3n de la 3.\u00aa convocatoria de las Becas de Grado Jes\u00fas Serra, en las cu\u00e1les\u00a0se reservan plazas para estudiantes con discapacidad, por lo que creemos que puede ser de vuestro inter\u00e9s. Os resumimos la informaci\u00f3n principal del programa por si nos pod\u00e9is ayudar a difundirlo: Se otorgan 14 becas para [&hellip;]\" \/>\n<meta property=\"og:url\" content=\"https:\/\/www.urjc2030.es\/uapdnee\/3-a-convocatoria-de-las-becas-de-grado-jesus-serra-de-fundacion-occident-25-26\/\" \/>\n<meta property=\"og:site_name\" content=\"Unidad de Atenci\u00f3n a Personas con Discapacidad y Necesidades Educativas Especiales\" \/>\n<meta property=\"article:publisher\" content=\"https:\/\/www.facebook.com\/universidadreyjuancarlos\" \/>\n<meta property=\"article:published_time\" content=\"2026-04-29T10:21:43+00:00\" \/>\n<meta property=\"article:modified_time\" content=\"2026-04-29T10:22:08+00:00\" \/>\n<meta property=\"og:image\" content=\"https:\/\/www.urjc2030.es\/uapdnee\/wp-content\/uploads\/sites\/9\/2026\/04\/BecasJS2026_X-scaled.jpg\" \/>\n\t<meta property=\"og:image:width\" content=\"2560\" \/>\n\t<meta property=\"og:image:height\" content=\"1440\" \/>\n\t<meta property=\"og:image:type\" content=\"image\/jpeg\" \/>\n<meta name=\"author\" content=\"carlos\" \/>\n<meta name=\"twitter:card\" content=\"summary_large_image\" \/>\n<meta name=\"twitter:creator\" content=\"@urjc\" \/>\n<meta name=\"twitter:site\" content=\"@urjc\" \/>\n<script type=\"application\/ld+json\" class=\"yoast-schema-graph\">{\"@context\":\"https:\\\/\\\/schema.org\",\"@graph\":[{\"@type\":\"Article\",\"@id\":\"https:\\\/\\\/www.urjc2030.es\\\/uapdnee\\\/3-a-convocatoria-de-las-becas-de-grado-jesus-serra-de-fundacion-occident-25-26\\\/#article\",\"isPartOf\":{\"@id\":\"https:\\\/\\\/www.urjc2030.es\\\/uapdnee\\\/3-a-convocatoria-de-las-becas-de-grado-jesus-serra-de-fundacion-occident-25-26\\\/\"},\"author\":{\"name\":\"carlos\",\"@id\":\"https:\\\/\\\/www.urjc2030.es\\\/uapdnee\\\/#\\\/schema\\\/person\\\/ddacb9e5abf914ab720a3d13fc047418\"},\"headline\":\"3.\u00aa convocatoria de las Becas de Grado Jes\u00fas Serra de Fundaci\u00f3n Occident\",\"datePublished\":\"2026-04-29T10:21:43+00:00\",\"dateModified\":\"2026-04-29T10:22:08+00:00\",\"mainEntityOfPage\":{\"@id\":\"https:\\\/\\\/www.urjc2030.es\\\/uapdnee\\\/3-a-convocatoria-de-las-becas-de-grado-jesus-serra-de-fundacion-occident-25-26\\\/\"},\"wordCount\":292,\"publisher\":{\"@id\":\"https:\\\/\\\/www.urjc2030.es\\\/uapdnee\\\/#organization\"},\"image\":{\"@id\":\"https:\\\/\\\/www.urjc2030.es\\\/uapdnee\\\/3-a-convocatoria-de-las-becas-de-grado-jesus-serra-de-fundacion-occident-25-26\\\/#primaryimage\"},\"thumbnailUrl\":\"https:\\\/\\\/www.urjc2030.es\\\/uapdnee\\\/wp-content\\\/uploads\\\/sites\\\/9\\\/2026\\\/04\\\/BecasJS2026_X-scaled.jpg\",\"articleSection\":[\"Noticias\"],\"inLanguage\":\"es\"},{\"@type\":\"WebPage\",\"@id\":\"https:\\\/\\\/www.urjc2030.es\\\/uapdnee\\\/3-a-convocatoria-de-las-becas-de-grado-jesus-serra-de-fundacion-occident-25-26\\\/\",\"url\":\"https:\\\/\\\/www.urjc2030.es\\\/uapdnee\\\/3-a-convocatoria-de-las-becas-de-grado-jesus-serra-de-fundacion-occident-25-26\\\/\",\"name\":\"3.\u00aa convocatoria de las Becas de Grado Jes\u00fas Serra de Fundaci\u00f3n Occident - Unidad de Atenci\u00f3n a Personas con Discapacidad y Necesidades Educativas Especiales\",\"isPartOf\":{\"@id\":\"https:\\\/\\\/www.urjc2030.es\\\/uapdnee\\\/#website\"},\"primaryImageOfPage\":{\"@id\":\"https:\\\/\\\/www.urjc2030.es\\\/uapdnee\\\/3-a-convocatoria-de-las-becas-de-grado-jesus-serra-de-fundacion-occident-25-26\\\/#primaryimage\"},\"image\":{\"@id\":\"https:\\\/\\\/www.urjc2030.es\\\/uapdnee\\\/3-a-convocatoria-de-las-becas-de-grado-jesus-serra-de-fundacion-occident-25-26\\\/#primaryimage\"},\"thumbnailUrl\":\"https:\\\/\\\/www.urjc2030.es\\\/uapdnee\\\/wp-content\\\/uploads\\\/sites\\\/9\\\/2026\\\/04\\\/BecasJS2026_X-scaled.jpg\",\"datePublished\":\"2026-04-29T10:21:43+00:00\",\"dateModified\":\"2026-04-29T10:22:08+00:00\",\"breadcrumb\":{\"@id\":\"https:\\\/\\\/www.urjc2030.es\\\/uapdnee\\\/3-a-convocatoria-de-las-becas-de-grado-jesus-serra-de-fundacion-occident-25-26\\\/#breadcrumb\"},\"inLanguage\":\"es\",\"potentialAction\":[{\"@type\":\"ReadAction\",\"target\":[\"https:\\\/\\\/www.urjc2030.es\\\/uapdnee\\\/3-a-convocatoria-de-las-becas-de-grado-jesus-serra-de-fundacion-occident-25-26\\\/\"]}]},{\"@type\":\"ImageObject\",\"inLanguage\":\"es\",\"@id\":\"https:\\\/\\\/www.urjc2030.es\\\/uapdnee\\\/3-a-convocatoria-de-las-becas-de-grado-jesus-serra-de-fundacion-occident-25-26\\\/#primaryimage\",\"url\":\"https:\\\/\\\/www.urjc2030.es\\\/uapdnee\\\/wp-content\\\/uploads\\\/sites\\\/9\\\/2026\\\/04\\\/BecasJS2026_X-scaled.jpg\",\"contentUrl\":\"https:\\\/\\\/www.urjc2030.es\\\/uapdnee\\\/wp-content\\\/uploads\\\/sites\\\/9\\\/2026\\\/04\\\/BecasJS2026_X-scaled.jpg\",\"width\":2560,\"height\":1440,\"caption\":\"BecasJS2026\"},{\"@type\":\"BreadcrumbList\",\"@id\":\"https:\\\/\\\/www.urjc2030.es\\\/uapdnee\\\/3-a-convocatoria-de-las-becas-de-grado-jesus-serra-de-fundacion-occident-25-26\\\/#breadcrumb\",\"itemListElement\":[{\"@type\":\"ListItem\",\"position\":1,\"name\":\"Portada\",\"item\":\"https:\\\/\\\/www.urjc2030.es\\\/uapdnee\\\/\"},{\"@type\":\"ListItem\",\"position\":2,\"name\":\"3.\u00aa convocatoria de las Becas de Grado Jes\u00fas Serra de Fundaci\u00f3n Occident\"}]},{\"@type\":\"WebSite\",\"@id\":\"https:\\\/\\\/www.urjc2030.es\\\/uapdnee\\\/#website\",\"url\":\"https:\\\/\\\/www.urjc2030.es\\\/uapdnee\\\/\",\"name\":\"Unidad de Atenci\u00f3n a Personas con Discapacidad y Necesidades Educativas Especiales\",\"description\":\"Gozar de las mismas oportunidades bajo el prisma de igualdad de oportunidades.\",\"publisher\":{\"@id\":\"https:\\\/\\\/www.urjc2030.es\\\/uapdnee\\\/#organization\"},\"potentialAction\":[{\"@type\":\"SearchAction\",\"target\":{\"@type\":\"EntryPoint\",\"urlTemplate\":\"https:\\\/\\\/www.urjc2030.es\\\/uapdnee\\\/?s={search_term_string}\"},\"query-input\":{\"@type\":\"PropertyValueSpecification\",\"valueRequired\":true,\"valueName\":\"search_term_string\"}}],\"inLanguage\":\"es\"},{\"@type\":\"Organization\",\"@id\":\"https:\\\/\\\/www.urjc2030.es\\\/uapdnee\\\/#organization\",\"name\":\"Universidad Rey Juan Carlos\",\"url\":\"https:\\\/\\\/www.urjc2030.es\\\/uapdnee\\\/\",\"logo\":{\"@type\":\"ImageObject\",\"inLanguage\":\"es\",\"@id\":\"https:\\\/\\\/www.urjc2030.es\\\/uapdnee\\\/#\\\/schema\\\/logo\\\/image\\\/\",\"url\":\"https:\\\/\\\/www.urjc2030.es\\\/uapdnee\\\/wp-content\\\/uploads\\\/sites\\\/9\\\/2020\\\/10\\\/logoURJC.png\",\"contentUrl\":\"https:\\\/\\\/www.urjc2030.es\\\/uapdnee\\\/wp-content\\\/uploads\\\/sites\\\/9\\\/2020\\\/10\\\/logoURJC.png\",\"width\":800,\"height\":305,\"caption\":\"Universidad Rey Juan Carlos\"},\"image\":{\"@id\":\"https:\\\/\\\/www.urjc2030.es\\\/uapdnee\\\/#\\\/schema\\\/logo\\\/image\\\/\"},\"sameAs\":[\"https:\\\/\\\/www.facebook.com\\\/universidadreyjuancarlos\",\"https:\\\/\\\/x.com\\\/urjc\",\"https:\\\/\\\/www.instagram.com\\\/urjc_uni\\\/?hl=es\"]},{\"@type\":\"Person\",\"@id\":\"https:\\\/\\\/www.urjc2030.es\\\/uapdnee\\\/#\\\/schema\\\/person\\\/ddacb9e5abf914ab720a3d13fc047418\",\"name\":\"carlos\",\"image\":{\"@type\":\"ImageObject\",\"inLanguage\":\"es\",\"@id\":\"https:\\\/\\\/secure.gravatar.com\\\/avatar\\\/98e1c0d637a9f3d3cd2be0e49e5387245f96e039452a34f919c9e800cad0f304?s=96&d=mm&r=g\",\"url\":\"https:\\\/\\\/secure.gravatar.com\\\/avatar\\\/98e1c0d637a9f3d3cd2be0e49e5387245f96e039452a34f919c9e800cad0f304?s=96&d=mm&r=g\",\"contentUrl\":\"https:\\\/\\\/secure.gravatar.com\\\/avatar\\\/98e1c0d637a9f3d3cd2be0e49e5387245f96e039452a34f919c9e800cad0f304?s=96&d=mm&r=g\",\"caption\":\"carlos\"}}]}<\/script>\n<!-- \/ Yoast SEO plugin. -->","yoast_head_json":{"title":"3.\u00aa convocatoria de las Becas de Grado Jes\u00fas Serra de Fundaci\u00f3n Occident - Unidad de Atenci\u00f3n a Personas con Discapacidad y Necesidades Educativas Especiales","robots":{"index":"index","follow":"follow","max-snippet":"max-snippet:-1","max-image-preview":"max-image-preview:large","max-video-preview":"max-video-preview:-1"},"canonical":"https:\/\/www.urjc2030.es\/uapdnee\/3-a-convocatoria-de-las-becas-de-grado-jesus-serra-de-fundacion-occident-25-26\/","og_locale":"es_ES","og_type":"article","og_title":"3.\u00aa convocatoria de las Becas de Grado Jes\u00fas Serra de Fundaci\u00f3n Occident - Unidad de Atenci\u00f3n a Personas con Discapacidad y Necesidades Educativas Especiales","og_description":"Fundaci\u00f3n Occident abre la tercera edici\u00f3n de la 3.\u00aa convocatoria de las Becas de Grado Jes\u00fas Serra, en las cu\u00e1les\u00a0se reservan plazas para estudiantes con discapacidad, por lo que creemos que puede ser de vuestro inter\u00e9s. Os resumimos la informaci\u00f3n principal del programa por si nos pod\u00e9is ayudar a difundirlo: Se otorgan 14 becas para [&hellip;]","og_url":"https:\/\/www.urjc2030.es\/uapdnee\/3-a-convocatoria-de-las-becas-de-grado-jesus-serra-de-fundacion-occident-25-26\/","og_site_name":"Unidad de Atenci\u00f3n a Personas con Discapacidad y Necesidades Educativas Especiales","article_publisher":"https:\/\/www.facebook.com\/universidadreyjuancarlos","article_published_time":"2026-04-29T10:21:43+00:00","article_modified_time":"2026-04-29T10:22:08+00:00","og_image":[{"width":2560,"height":1440,"url":"https:\/\/www.urjc2030.es\/uapdnee\/wp-content\/uploads\/sites\/9\/2026\/04\/BecasJS2026_X-scaled.jpg","type":"image\/jpeg"}],"author":"carlos","twitter_card":"summary_large_image","twitter_creator":"@urjc","twitter_site":"@urjc","schema":{"@context":"https:\/\/schema.org","@graph":[{"@type":"Article","@id":"https:\/\/www.urjc2030.es\/uapdnee\/3-a-convocatoria-de-las-becas-de-grado-jesus-serra-de-fundacion-occident-25-26\/#article","isPartOf":{"@id":"https:\/\/www.urjc2030.es\/uapdnee\/3-a-convocatoria-de-las-becas-de-grado-jesus-serra-de-fundacion-occident-25-26\/"},"author":{"name":"carlos","@id":"https:\/\/www.urjc2030.es\/uapdnee\/#\/schema\/person\/ddacb9e5abf914ab720a3d13fc047418"},"headline":"3.\u00aa convocatoria de las Becas de Grado Jes\u00fas Serra de Fundaci\u00f3n Occident","datePublished":"2026-04-29T10:21:43+00:00","dateModified":"2026-04-29T10:22:08+00:00","mainEntityOfPage":{"@id":"https:\/\/www.urjc2030.es\/uapdnee\/3-a-convocatoria-de-las-becas-de-grado-jesus-serra-de-fundacion-occident-25-26\/"},"wordCount":292,"publisher":{"@id":"https:\/\/www.urjc2030.es\/uapdnee\/#organization"},"image":{"@id":"https:\/\/www.urjc2030.es\/uapdnee\/3-a-convocatoria-de-las-becas-de-grado-jesus-serra-de-fundacion-occident-25-26\/#primaryimage"},"thumbnailUrl":"https:\/\/www.urjc2030.es\/uapdnee\/wp-content\/uploads\/sites\/9\/2026\/04\/BecasJS2026_X-scaled.jpg","articleSection":["Noticias"],"inLanguage":"es"},{"@type":"WebPage","@id":"https:\/\/www.urjc2030.es\/uapdnee\/3-a-convocatoria-de-las-becas-de-grado-jesus-serra-de-fundacion-occident-25-26\/","url":"https:\/\/www.urjc2030.es\/uapdnee\/3-a-convocatoria-de-las-becas-de-grado-jesus-serra-de-fundacion-occident-25-26\/","name":"3.\u00aa convocatoria de las Becas de Grado Jes\u00fas Serra de Fundaci\u00f3n Occident - Unidad de Atenci\u00f3n a Personas con Discapacidad y Necesidades Educativas Especiales","isPartOf":{"@id":"https:\/\/www.urjc2030.es\/uapdnee\/#website"},"primaryImageOfPage":{"@id":"https:\/\/www.urjc2030.es\/uapdnee\/3-a-convocatoria-de-las-becas-de-grado-jesus-serra-de-fundacion-occident-25-26\/#primaryimage"},"image":{"@id":"https:\/\/www.urjc2030.es\/uapdnee\/3-a-convocatoria-de-las-becas-de-grado-jesus-serra-de-fundacion-occident-25-26\/#primaryimage"},"thumbnailUrl":"https:\/\/www.urjc2030.es\/uapdnee\/wp-content\/uploads\/sites\/9\/2026\/04\/BecasJS2026_X-scaled.jpg","datePublished":"2026-04-29T10:21:43+00:00","dateModified":"2026-04-29T10:22:08+00:00","breadcrumb":{"@id":"https:\/\/www.urjc2030.es\/uapdnee\/3-a-convocatoria-de-las-becas-de-grado-jesus-serra-de-fundacion-occident-25-26\/#breadcrumb"},"inLanguage":"es","potentialAction":[{"@type":"ReadAction","target":["https:\/\/www.urjc2030.es\/uapdnee\/3-a-convocatoria-de-las-becas-de-grado-jesus-serra-de-fundacion-occident-25-26\/"]}]},{"@type":"ImageObject","inLanguage":"es","@id":"https:\/\/www.urjc2030.es\/uapdnee\/3-a-convocatoria-de-las-becas-de-grado-jesus-serra-de-fundacion-occident-25-26\/#primaryimage","url":"https:\/\/www.urjc2030.es\/uapdnee\/wp-content\/uploads\/sites\/9\/2026\/04\/BecasJS2026_X-scaled.jpg","contentUrl":"https:\/\/www.urjc2030.es\/uapdnee\/wp-content\/uploads\/sites\/9\/2026\/04\/BecasJS2026_X-scaled.jpg","width":2560,"height":1440,"caption":"BecasJS2026"},{"@type":"BreadcrumbList","@id":"https:\/\/www.urjc2030.es\/uapdnee\/3-a-convocatoria-de-las-becas-de-grado-jesus-serra-de-fundacion-occident-25-26\/#breadcrumb","itemListElement":[{"@type":"ListItem","position":1,"name":"Portada","item":"https:\/\/www.urjc2030.es\/uapdnee\/"},{"@type":"ListItem","position":2,"name":"3.\u00aa convocatoria de las Becas de Grado Jes\u00fas Serra de Fundaci\u00f3n Occident"}]},{"@type":"WebSite","@id":"https:\/\/www.urjc2030.es\/uapdnee\/#website","url":"https:\/\/www.urjc2030.es\/uapdnee\/","name":"Unidad de Atenci\u00f3n a Personas con Discapacidad y Necesidades Educativas Especiales","description":"Gozar de las mismas oportunidades bajo el prisma de igualdad de oportunidades.","publisher":{"@id":"https:\/\/www.urjc2030.es\/uapdnee\/#organization"},"potentialAction":[{"@type":"SearchAction","target":{"@type":"EntryPoint","urlTemplate":"https:\/\/www.urjc2030.es\/uapdnee\/?s={search_term_string}"},"query-input":{"@type":"PropertyValueSpecification","valueRequired":true,"valueName":"search_term_string"}}],"inLanguage":"es"},{"@type":"Organization","@id":"https:\/\/www.urjc2030.es\/uapdnee\/#organization","name":"Universidad Rey Juan Carlos","url":"https:\/\/www.urjc2030.es\/uapdnee\/","logo":{"@type":"ImageObject","inLanguage":"es","@id":"https:\/\/www.urjc2030.es\/uapdnee\/#\/schema\/logo\/image\/","url":"https:\/\/www.urjc2030.es\/uapdnee\/wp-content\/uploads\/sites\/9\/2020\/10\/logoURJC.png","contentUrl":"https:\/\/www.urjc2030.es\/uapdnee\/wp-content\/uploads\/sites\/9\/2020\/10\/logoURJC.png","width":800,"height":305,"caption":"Universidad Rey Juan Carlos"},"image":{"@id":"https:\/\/www.urjc2030.es\/uapdnee\/#\/schema\/logo\/image\/"},"sameAs":["https:\/\/www.facebook.com\/universidadreyjuancarlos","https:\/\/x.com\/urjc","https:\/\/www.instagram.com\/urjc_uni\/?hl=es"]},{"@type":"Person","@id":"https:\/\/www.urjc2030.es\/uapdnee\/#\/schema\/person\/ddacb9e5abf914ab720a3d13fc047418","name":"carlos","image":{"@type":"ImageObject","inLanguage":"es","@id":"https:\/\/secure.gravatar.com\/avatar\/98e1c0d637a9f3d3cd2be0e49e5387245f96e039452a34f919c9e800cad0f304?s=96&d=mm&r=g","url":"https:\/\/secure.gravatar.com\/avatar\/98e1c0d637a9f3d3cd2be0e49e5387245f96e039452a34f919c9e800cad0f304?s=96&d=mm&r=g","contentUrl":"https:\/\/secure.gravatar.com\/avatar\/98e1c0d637a9f3d3cd2be0e49e5387245f96e039452a34f919c9e800cad0f304?s=96&d=mm&r=g","caption":"carlos"}}]}},"_links":{"self":[{"href":"https:\/\/www.urjc2030.es\/uapdnee\/wp-json\/wp\/v2\/posts\/2258","targetHints":{"allow":["GET"]}}],"collection":[{"href":"https:\/\/www.urjc2030.es\/uapdnee\/wp-json\/wp\/v2\/posts"}],"about":[{"href":"https:\/\/www.urjc2030.es\/uapdnee\/wp-json\/wp\/v2\/types\/post"}],"author":[{"embeddable":true,"href":"https:\/\/www.urjc2030.es\/uapdnee\/wp-json\/wp\/v2\/users\/10"}],"replies":[{"embeddable":true,"href":"https:\/\/www.urjc2030.es\/uapdnee\/wp-json\/wp\/v2\/comments?post=2258"}],"version-history":[{"count":1,"href":"https:\/\/www.urjc2030.es\/uapdnee\/wp-json\/wp\/v2\/posts\/2258\/revisions"}],"predecessor-version":[{"id":2262,"href":"https:\/\/www.urjc2030.es\/uapdnee\/wp-json\/wp\/v2\/posts\/2258\/revisions\/2262"}],"wp:featuredmedia":[{"embeddable":true,"href":"https:\/\/www.urjc2030.es\/uapdnee\/wp-json\/wp\/v2\/media\/2260"}],"wp:attachment":[{"href":"https:\/\/www.urjc2030.es\/uapdnee\/wp-json\/wp\/v2\/media?parent=2258"}],"wp:term":[{"taxonomy":"category","embeddable":true,"href":"https:\/\/www.urjc2030.es\/uapdnee\/wp-json\/wp\/v2\/categories?post=2258"},{"taxonomy":"post_tag","embeddable":true,"href":"https:\/\/www.urjc2030.es\/uapdnee\/wp-json\/wp\/v2\/tags?post=2258"}],"curies":[{"name":"wp","href":"https:\/\/api.w.org\/{rel}","templated":true}]}}