{"id":1040,"date":"2021-09-16T18:46:16","date_gmt":"2021-09-16T18:46:16","guid":{"rendered":"https:\/\/www.urjc2030.es\/scdv\/?p=1040"},"modified":"2021-09-23T11:33:14","modified_gmt":"2021-09-23T11:33:14","slug":"primera-convocatoria-2021-de-formacion-especifica-en-voluntariado","status":"publish","type":"post","link":"https:\/\/www.urjc2030.es\/ucdv\/primera-convocatoria-2021-de-formacion-especifica-en-voluntariado\/","title":{"rendered":"Primera convocatoria 2021 de Formaci\u00f3n Espec\u00edfica en Voluntariado"},"content":{"rendered":"<p>El Vicerrectorado de Planificaci\u00f3n y Estrategia de la URJC te propone participar en sus actividades de Formaci\u00f3n Espec\u00edfica en Voluntariado.<\/p>\n<p><strong>Primera convocatoria 2021<\/strong><\/p>\n<p><strong><em>Curso 1.- <\/em><\/strong><span class=\"\"><b>Transforma tu comunidad con tu idea emprendedora.<\/b> En colaboraci\u00f3n con <b>Economistas sin Fronteras.<\/b><\/span><b><\/b><\/p>\n<div class=\"\"><span class=\"\">Te invitamos a conocer un curso online diferente. Tiene por objetivo que consigamos los instrumentos necesarios para cambiar las cosas. Laboratorio, es un espacio de encuentro para compartir, aprender y transformar desde la econom\u00eda y el emprendimiento. \u00bfC\u00f3mo lo haremos? A partir de herramientas de gesti\u00f3n y plani<span class=\"markedcontent\">fi<\/span>caci\u00f3n innovadoras para crear y consolidar iniciativas de emprendimiento que permitan transformar nuestra comunidad. Tambi\u00e9n, conoceremos profesionales y entidades de la econom\u00eda social y solidaria. Los materiales y los formatos elegidos son diversos:<\/span><\/div>\n<div class=\"\"><span class=\"\"><br \/>\n&#8211; Manuales y documentos escritos<br \/>\n&#8211; Pr\u00e1cticas, din\u00e1micas y juegos<br \/>\n&#8211; V\u00eddeos complementarios<br \/>\n&#8211; Foros de debate<br \/>\n&#8211; Programa de Integraci\u00f3n Emprendedora (PIE): Webinars.<\/span><\/div>\n<ul>\n<li>El curso se impartir\u00e1 entre el 20 de septiembre y el 17 de octubre. 20 horas<\/li>\n<li>\n<div>Modalidad.- Online y webinar.<\/div>\n<\/li>\n<li>\n<div>Se reconocer\u00e1 1 cr\u00e9dito ECTS a todos aquellos alumnos de la URJC que completen la acci\u00f3n formativa y que no hayan obtenido reconocimiento de cr\u00e9ditos por la misma acci\u00f3n en anteriores convocatorias.<\/div>\n<\/li>\n<li>\n<div>Toda la informaci\u00f3n <a href=\"https:\/\/ecosfron.org\/curso-online-transforma-tu-comunidad-con-tu-idea-emprendedora\/\">aqu\u00ed<\/a>.<\/div>\n<\/li>\n<li>\n<div>Inscripci\u00f3n <a href=\"https:\/\/forms.office.com\/Pages\/ResponsePage.aspx?id=6sSEXw03nkuDDHVvi_G1HyzP-rsUordGi3BI7fJ4XyBUNlo5OEQxUURYRkg5N1RLODNERkFCTjUyRi4u\">aqu\u00ed<\/a>. Para el reconocimiento de cr\u00e9ditos es necesario inscribirse en este enlace.<\/div>\n<\/li>\n<\/ul>\n<p>&nbsp;<\/p>\n<p><strong><em>Curso 2.- <b>Laboratorio de periodismo sobre econom\u00eda y Agenda 2030<\/b>.\u00a0<\/em><\/strong><em>En colaboraci\u00f3n con <\/em><strong><em><b>Economistas sin Fronteras.<\/b><\/em><\/strong><\/p>\n<div>Un espacio de formaci\u00f3n y creaci\u00f3n participativa de una revista online sobre econom\u00eda desde una perspectiva cr\u00edtica, social, ambiental, feminista y de derechos humanos.<\/div>\n<div><\/div>\n<div>El laboratorio est\u00e1 destinado principalmente a estudiantes de universidad con inter\u00e9s en aprender e informar sobre estos temas. Nos gustar\u00eda que fuera un espacio de aprendizaje colectivo.<\/div>\n<div class=\"\"><\/div>\n<ul>\n<li>El curso se impartir\u00e1 entre el 27 de septiembre y el 22 de octubre. 12 horas<\/li>\n<li>Modalidad.- Online y webinar.<\/li>\n<li>Se reconocer\u00e1n 0,6 cr\u00e9ditos ECTS a todos aquellos alumnos de la URJC que completen la acci\u00f3n formativa y que no hayan obtenido reconocimiento de cr\u00e9ditos por la misma acci\u00f3n en anteriores convocatorias.<\/li>\n<li>Toda la informaci\u00f3n <a href=\"https:\/\/ecosfron.org\/laboratorio-de-periodismo-sobre-economia-y-agenda-2030\/\">aqu\u00ed<\/a>.<\/li>\n<li>Inscripci\u00f3n <a href=\"https:\/\/forms.office.com\/Pages\/ResponsePage.aspx?id=6sSEXw03nkuDDHVvi_G1HyzP-rsUordGi3BI7fJ4XyBUN0FDOE41VVFDWUhVQVBIS0lOM0dYWkJJVi4u\">aqu\u00ed<\/a>.\u00a0Para el reconocimiento de cr\u00e9ditos es necesario inscribirse en este enlace.<\/li>\n<\/ul>\n<p>&nbsp;<\/p>\n<p><strong><em>Curso 3.- <\/em><\/strong><b>Promover el voluntariado en mi universidad.<\/b> En colaboraci\u00f3n con la <b>Plataforma de Voluntariado de Espa\u00f1a.<\/b><\/p>\n<div>Conocer\u00e1s qu\u00e9 es y c\u00f3mo hacer voluntariado. Aprender\u00e1s a trabajar en grupos y desarrollar competencias, y ser\u00e1s parte de un proyecto innovador en Espa\u00f1a. Ser\u00e1s capaz de elaborar proyectos y programas de voluntariado.<\/div>\n<div class=\"\"><\/div>\n<ul>\n<li>\n<div>El curso se impartir\u00e1 entre el 5 de octubre y el 2 de noviembre. 35 horas<\/div>\n<\/li>\n<li>Modalidad.- Online y webinar.<\/li>\n<li>Se reconocer\u00e1n 1,7 cr\u00e9ditos ECTS a todos aquellos alumnos de la URJC que completen la acci\u00f3n formativa y que no hayan obtenido reconocimiento de cr\u00e9ditos por la misma acci\u00f3n en anteriores convocatorias<\/li>\n<li>Toda la informaci\u00f3n: <a href=\"https:\/\/www.urjc2030.es\/scdv\/wp-content\/uploads\/sites\/4\/2021\/09\/Infografi\u0301a.png\">infograf\u00eda<\/a> y <a href=\"https:\/\/www.urjc2030.es\/scdv\/wp-content\/uploads\/sites\/4\/2021\/09\/PROMOVER-EL-VOLUNTARIADO-EN-MI-UNIVERSIDAD-1.pdf\">programa<\/a>.<\/li>\n<li>Inscripci\u00f3n <a href=\"https:\/\/forms.office.com\/Pages\/ResponsePage.aspx?id=6sSEXw03nkuDDHVvi_G1HyzP-rsUordGi3BI7fJ4XyBUNUJZUlNWUEkxUzA0TjY1QVBQT1ROR0hNTi4u\">aqu\u00ed<\/a>.\n<div><\/div>\n<\/li>\n<\/ul>\n<p><strong>En todas las actividades:<\/strong><\/p>\n<ul>\n<li>Se enviar\u00e1 un correo electr\u00f3nico a todos los inscritos a comunicando su admisi\u00f3n o inclusi\u00f3n en lista de espera.<\/li>\n<li>Para inscribirse, participar y acceder al aula virtual se utilizar\u00e1 el correo electr\u00f3nico corporativo de la universidad.<\/li>\n<li>La asistencia y participaci\u00f3n ser\u00e1n comprobadas por los responsables de impartir la formaci\u00f3n.<\/li>\n<li>No ser\u00e1 posible acceder al aula pasados 15 minutos de la hora de inicio establecida para la actividad.<\/li>\n<li>Es obligatorio el uso de c\u00e1mara y micr\u00f3fono durante la impartici\u00f3n del curso.<\/li>\n<li>El reconocimiento de cr\u00e9ditos se efectuar\u00e1 directamente al expediente acad\u00e9mico del alumno al finalizar las ventanas oficialmente establecidas para ello.<\/li>\n<\/ul>\n","protected":false},"excerpt":{"rendered":"<p>El Vicerrectorado de Planificaci\u00f3n y Estrategia de la URJC te propone participar en sus actividades de Formaci\u00f3n Espec\u00edfica en Voluntariado. Primera convocatoria 2021 Curso 1.- Transforma tu comunidad con tu idea emprendedora. En colaboraci\u00f3n con Economistas sin Fronteras. Te invitamos a conocer un curso online diferente. Tiene por objetivo que consigamos los instrumentos necesarios para [&hellip;]<\/p>\n","protected":false},"author":9,"featured_media":994,"comment_status":"closed","ping_status":"closed","sticky":false,"template":"","format":"standard","meta":{"_et_pb_use_builder":"","_et_pb_old_content":"","_et_gb_content_width":"","cybocfi_hide_featured_image":"","footnotes":""},"categories":[20,19],"tags":[],"class_list":["post-1040","post","type-post","status-publish","format-standard","has-post-thumbnail","hentry","category-agenda-scdv","category-noticias-scdv"],"yoast_head":"<!-- This site is optimized with the Yoast SEO plugin v27.5 - https:\/\/yoast.com\/product\/yoast-seo-wordpress\/ -->\n<title>Primera convocatoria 2021 de Formaci\u00f3n Espec\u00edfica en Voluntariado - Unidad de Cooperaci\u00f3n al Desarrollo y Voluntariado<\/title>\n<meta name=\"robots\" content=\"index, follow, max-snippet:-1, max-image-preview:large, max-video-preview:-1\" \/>\n<link rel=\"canonical\" href=\"https:\/\/www.urjc2030.es\/ucdv\/primera-convocatoria-2021-de-formacion-especifica-en-voluntariado\/\" \/>\n<meta property=\"og:locale\" content=\"es_ES\" \/>\n<meta property=\"og:type\" content=\"article\" \/>\n<meta property=\"og:title\" content=\"Primera convocatoria 2021 de Formaci\u00f3n Espec\u00edfica en Voluntariado - Unidad de Cooperaci\u00f3n al Desarrollo y Voluntariado\" \/>\n<meta property=\"og:description\" content=\"El Vicerrectorado de Planificaci\u00f3n y Estrategia de la URJC te propone participar en sus actividades de Formaci\u00f3n Espec\u00edfica en Voluntariado. Primera convocatoria 2021 Curso 1.- Transforma tu comunidad con tu idea emprendedora. En colaboraci\u00f3n con Economistas sin Fronteras. Te invitamos a conocer un curso online diferente. Tiene por objetivo que consigamos los instrumentos necesarios para [&hellip;]\" \/>\n<meta property=\"og:url\" content=\"https:\/\/www.urjc2030.es\/ucdv\/primera-convocatoria-2021-de-formacion-especifica-en-voluntariado\/\" \/>\n<meta property=\"og:site_name\" content=\"Unidad de Cooperaci\u00f3n al Desarrollo y Voluntariado\" \/>\n<meta property=\"article:publisher\" content=\"https:\/\/www.facebook.com\/universidadreyjuancarlos\" \/>\n<meta property=\"article:published_time\" content=\"2021-09-16T18:46:16+00:00\" \/>\n<meta property=\"article:modified_time\" content=\"2021-09-23T11:33:14+00:00\" \/>\n<meta property=\"og:image\" content=\"https:\/\/www.urjc2030.es\/ucdv\/wp-content\/uploads\/sites\/4\/2021\/02\/Doc21.jpg\" \/>\n\t<meta property=\"og:image:width\" content=\"2339\" \/>\n\t<meta property=\"og:image:height\" content=\"1654\" \/>\n\t<meta property=\"og:image:type\" content=\"image\/jpeg\" \/>\n<meta name=\"author\" content=\"voluntariado\" \/>\n<meta name=\"twitter:card\" content=\"summary_large_image\" \/>\n<meta name=\"twitter:creator\" content=\"@urjc\" \/>\n<meta name=\"twitter:site\" content=\"@urjc\" \/>\n<script type=\"application\/ld+json\" class=\"yoast-schema-graph\">{\"@context\":\"https:\\\/\\\/schema.org\",\"@graph\":[{\"@type\":\"Article\",\"@id\":\"https:\\\/\\\/www.urjc2030.es\\\/ucdv\\\/primera-convocatoria-2021-de-formacion-especifica-en-voluntariado\\\/#article\",\"isPartOf\":{\"@id\":\"https:\\\/\\\/www.urjc2030.es\\\/ucdv\\\/primera-convocatoria-2021-de-formacion-especifica-en-voluntariado\\\/\"},\"author\":{\"name\":\"voluntariado\",\"@id\":\"https:\\\/\\\/www.urjc2030.es\\\/ucdv\\\/#\\\/schema\\\/person\\\/050421030607b47675a7268f40f084d6\"},\"headline\":\"Primera convocatoria 2021 de Formaci\u00f3n Espec\u00edfica en Voluntariado\",\"datePublished\":\"2021-09-16T18:46:16+00:00\",\"dateModified\":\"2021-09-23T11:33:14+00:00\",\"mainEntityOfPage\":{\"@id\":\"https:\\\/\\\/www.urjc2030.es\\\/ucdv\\\/primera-convocatoria-2021-de-formacion-especifica-en-voluntariado\\\/\"},\"wordCount\":625,\"publisher\":{\"@id\":\"https:\\\/\\\/www.urjc2030.es\\\/ucdv\\\/#organization\"},\"image\":{\"@id\":\"https:\\\/\\\/www.urjc2030.es\\\/ucdv\\\/primera-convocatoria-2021-de-formacion-especifica-en-voluntariado\\\/#primaryimage\"},\"thumbnailUrl\":\"https:\\\/\\\/www.urjc2030.es\\\/ucdv\\\/wp-content\\\/uploads\\\/sites\\\/4\\\/2021\\\/02\\\/Doc21.jpg\",\"articleSection\":[\"Agenda\",\"Noticias\"],\"inLanguage\":\"es\"},{\"@type\":\"WebPage\",\"@id\":\"https:\\\/\\\/www.urjc2030.es\\\/ucdv\\\/primera-convocatoria-2021-de-formacion-especifica-en-voluntariado\\\/\",\"url\":\"https:\\\/\\\/www.urjc2030.es\\\/ucdv\\\/primera-convocatoria-2021-de-formacion-especifica-en-voluntariado\\\/\",\"name\":\"Primera convocatoria 2021 de Formaci\u00f3n Espec\u00edfica en Voluntariado - Unidad de Cooperaci\u00f3n al Desarrollo y Voluntariado\",\"isPartOf\":{\"@id\":\"https:\\\/\\\/www.urjc2030.es\\\/ucdv\\\/#website\"},\"primaryImageOfPage\":{\"@id\":\"https:\\\/\\\/www.urjc2030.es\\\/ucdv\\\/primera-convocatoria-2021-de-formacion-especifica-en-voluntariado\\\/#primaryimage\"},\"image\":{\"@id\":\"https:\\\/\\\/www.urjc2030.es\\\/ucdv\\\/primera-convocatoria-2021-de-formacion-especifica-en-voluntariado\\\/#primaryimage\"},\"thumbnailUrl\":\"https:\\\/\\\/www.urjc2030.es\\\/ucdv\\\/wp-content\\\/uploads\\\/sites\\\/4\\\/2021\\\/02\\\/Doc21.jpg\",\"datePublished\":\"2021-09-16T18:46:16+00:00\",\"dateModified\":\"2021-09-23T11:33:14+00:00\",\"breadcrumb\":{\"@id\":\"https:\\\/\\\/www.urjc2030.es\\\/ucdv\\\/primera-convocatoria-2021-de-formacion-especifica-en-voluntariado\\\/#breadcrumb\"},\"inLanguage\":\"es\",\"potentialAction\":[{\"@type\":\"ReadAction\",\"target\":[\"https:\\\/\\\/www.urjc2030.es\\\/ucdv\\\/primera-convocatoria-2021-de-formacion-especifica-en-voluntariado\\\/\"]}]},{\"@type\":\"ImageObject\",\"inLanguage\":\"es\",\"@id\":\"https:\\\/\\\/www.urjc2030.es\\\/ucdv\\\/primera-convocatoria-2021-de-formacion-especifica-en-voluntariado\\\/#primaryimage\",\"url\":\"https:\\\/\\\/www.urjc2030.es\\\/ucdv\\\/wp-content\\\/uploads\\\/sites\\\/4\\\/2021\\\/02\\\/Doc21.jpg\",\"contentUrl\":\"https:\\\/\\\/www.urjc2030.es\\\/ucdv\\\/wp-content\\\/uploads\\\/sites\\\/4\\\/2021\\\/02\\\/Doc21.jpg\",\"width\":2339,\"height\":1654,\"caption\":\"Logotipo Programa de Voluntariado URJC\"},{\"@type\":\"BreadcrumbList\",\"@id\":\"https:\\\/\\\/www.urjc2030.es\\\/ucdv\\\/primera-convocatoria-2021-de-formacion-especifica-en-voluntariado\\\/#breadcrumb\",\"itemListElement\":[{\"@type\":\"ListItem\",\"position\":1,\"name\":\"Portada\",\"item\":\"https:\\\/\\\/www.urjc2030.es\\\/ucdv\\\/\"},{\"@type\":\"ListItem\",\"position\":2,\"name\":\"Primera convocatoria 2021 de Formaci\u00f3n Espec\u00edfica en Voluntariado\"}]},{\"@type\":\"WebSite\",\"@id\":\"https:\\\/\\\/www.urjc2030.es\\\/ucdv\\\/#website\",\"url\":\"https:\\\/\\\/www.urjc2030.es\\\/ucdv\\\/\",\"name\":\"Unidad de Cooperaci\u00f3n al Desarrollo y Voluntariado\",\"description\":\"Promover y coordinar la gesti\u00f3n corporativa de ambas actividades dentro de la universidad.\",\"publisher\":{\"@id\":\"https:\\\/\\\/www.urjc2030.es\\\/ucdv\\\/#organization\"},\"potentialAction\":[{\"@type\":\"SearchAction\",\"target\":{\"@type\":\"EntryPoint\",\"urlTemplate\":\"https:\\\/\\\/www.urjc2030.es\\\/ucdv\\\/?s={search_term_string}\"},\"query-input\":{\"@type\":\"PropertyValueSpecification\",\"valueRequired\":true,\"valueName\":\"search_term_string\"}}],\"inLanguage\":\"es\"},{\"@type\":\"Organization\",\"@id\":\"https:\\\/\\\/www.urjc2030.es\\\/ucdv\\\/#organization\",\"name\":\"Universidad Rey Juan Carlos\",\"url\":\"https:\\\/\\\/www.urjc2030.es\\\/ucdv\\\/\",\"logo\":{\"@type\":\"ImageObject\",\"inLanguage\":\"es\",\"@id\":\"https:\\\/\\\/www.urjc2030.es\\\/ucdv\\\/#\\\/schema\\\/logo\\\/image\\\/\",\"url\":\"https:\\\/\\\/www.urjc2030.es\\\/scdv\\\/wp-content\\\/uploads\\\/sites\\\/4\\\/2020\\\/10\\\/logoURJC.png\",\"contentUrl\":\"https:\\\/\\\/www.urjc2030.es\\\/scdv\\\/wp-content\\\/uploads\\\/sites\\\/4\\\/2020\\\/10\\\/logoURJC.png\",\"width\":800,\"height\":305,\"caption\":\"Universidad Rey Juan Carlos\"},\"image\":{\"@id\":\"https:\\\/\\\/www.urjc2030.es\\\/ucdv\\\/#\\\/schema\\\/logo\\\/image\\\/\"},\"sameAs\":[\"https:\\\/\\\/www.facebook.com\\\/universidadreyjuancarlos\",\"https:\\\/\\\/x.com\\\/urjc\",\"https:\\\/\\\/www.instagram.com\\\/urjc_uni\\\/?hl=es\"]},{\"@type\":\"Person\",\"@id\":\"https:\\\/\\\/www.urjc2030.es\\\/ucdv\\\/#\\\/schema\\\/person\\\/050421030607b47675a7268f40f084d6\",\"name\":\"voluntariado\",\"image\":{\"@type\":\"ImageObject\",\"inLanguage\":\"es\",\"@id\":\"https:\\\/\\\/secure.gravatar.com\\\/avatar\\\/3231c3ccc7357b43a71206afe848ed56ae9528380132d6571e7d912d6a92f0d9?s=96&d=mm&r=g\",\"url\":\"https:\\\/\\\/secure.gravatar.com\\\/avatar\\\/3231c3ccc7357b43a71206afe848ed56ae9528380132d6571e7d912d6a92f0d9?s=96&d=mm&r=g\",\"contentUrl\":\"https:\\\/\\\/secure.gravatar.com\\\/avatar\\\/3231c3ccc7357b43a71206afe848ed56ae9528380132d6571e7d912d6a92f0d9?s=96&d=mm&r=g\",\"caption\":\"voluntariado\"}}]}<\/script>\n<!-- \/ Yoast SEO plugin. -->","yoast_head_json":{"title":"Primera convocatoria 2021 de Formaci\u00f3n Espec\u00edfica en Voluntariado - Unidad de Cooperaci\u00f3n al Desarrollo y Voluntariado","robots":{"index":"index","follow":"follow","max-snippet":"max-snippet:-1","max-image-preview":"max-image-preview:large","max-video-preview":"max-video-preview:-1"},"canonical":"https:\/\/www.urjc2030.es\/ucdv\/primera-convocatoria-2021-de-formacion-especifica-en-voluntariado\/","og_locale":"es_ES","og_type":"article","og_title":"Primera convocatoria 2021 de Formaci\u00f3n Espec\u00edfica en Voluntariado - Unidad de Cooperaci\u00f3n al Desarrollo y Voluntariado","og_description":"El Vicerrectorado de Planificaci\u00f3n y Estrategia de la URJC te propone participar en sus actividades de Formaci\u00f3n Espec\u00edfica en Voluntariado. Primera convocatoria 2021 Curso 1.- Transforma tu comunidad con tu idea emprendedora. En colaboraci\u00f3n con Economistas sin Fronteras. Te invitamos a conocer un curso online diferente. Tiene por objetivo que consigamos los instrumentos necesarios para [&hellip;]","og_url":"https:\/\/www.urjc2030.es\/ucdv\/primera-convocatoria-2021-de-formacion-especifica-en-voluntariado\/","og_site_name":"Unidad de Cooperaci\u00f3n al Desarrollo y Voluntariado","article_publisher":"https:\/\/www.facebook.com\/universidadreyjuancarlos","article_published_time":"2021-09-16T18:46:16+00:00","article_modified_time":"2021-09-23T11:33:14+00:00","og_image":[{"width":2339,"height":1654,"url":"https:\/\/www.urjc2030.es\/ucdv\/wp-content\/uploads\/sites\/4\/2021\/02\/Doc21.jpg","type":"image\/jpeg"}],"author":"voluntariado","twitter_card":"summary_large_image","twitter_creator":"@urjc","twitter_site":"@urjc","schema":{"@context":"https:\/\/schema.org","@graph":[{"@type":"Article","@id":"https:\/\/www.urjc2030.es\/ucdv\/primera-convocatoria-2021-de-formacion-especifica-en-voluntariado\/#article","isPartOf":{"@id":"https:\/\/www.urjc2030.es\/ucdv\/primera-convocatoria-2021-de-formacion-especifica-en-voluntariado\/"},"author":{"name":"voluntariado","@id":"https:\/\/www.urjc2030.es\/ucdv\/#\/schema\/person\/050421030607b47675a7268f40f084d6"},"headline":"Primera convocatoria 2021 de Formaci\u00f3n Espec\u00edfica en Voluntariado","datePublished":"2021-09-16T18:46:16+00:00","dateModified":"2021-09-23T11:33:14+00:00","mainEntityOfPage":{"@id":"https:\/\/www.urjc2030.es\/ucdv\/primera-convocatoria-2021-de-formacion-especifica-en-voluntariado\/"},"wordCount":625,"publisher":{"@id":"https:\/\/www.urjc2030.es\/ucdv\/#organization"},"image":{"@id":"https:\/\/www.urjc2030.es\/ucdv\/primera-convocatoria-2021-de-formacion-especifica-en-voluntariado\/#primaryimage"},"thumbnailUrl":"https:\/\/www.urjc2030.es\/ucdv\/wp-content\/uploads\/sites\/4\/2021\/02\/Doc21.jpg","articleSection":["Agenda","Noticias"],"inLanguage":"es"},{"@type":"WebPage","@id":"https:\/\/www.urjc2030.es\/ucdv\/primera-convocatoria-2021-de-formacion-especifica-en-voluntariado\/","url":"https:\/\/www.urjc2030.es\/ucdv\/primera-convocatoria-2021-de-formacion-especifica-en-voluntariado\/","name":"Primera convocatoria 2021 de Formaci\u00f3n Espec\u00edfica en Voluntariado - Unidad de Cooperaci\u00f3n al Desarrollo y Voluntariado","isPartOf":{"@id":"https:\/\/www.urjc2030.es\/ucdv\/#website"},"primaryImageOfPage":{"@id":"https:\/\/www.urjc2030.es\/ucdv\/primera-convocatoria-2021-de-formacion-especifica-en-voluntariado\/#primaryimage"},"image":{"@id":"https:\/\/www.urjc2030.es\/ucdv\/primera-convocatoria-2021-de-formacion-especifica-en-voluntariado\/#primaryimage"},"thumbnailUrl":"https:\/\/www.urjc2030.es\/ucdv\/wp-content\/uploads\/sites\/4\/2021\/02\/Doc21.jpg","datePublished":"2021-09-16T18:46:16+00:00","dateModified":"2021-09-23T11:33:14+00:00","breadcrumb":{"@id":"https:\/\/www.urjc2030.es\/ucdv\/primera-convocatoria-2021-de-formacion-especifica-en-voluntariado\/#breadcrumb"},"inLanguage":"es","potentialAction":[{"@type":"ReadAction","target":["https:\/\/www.urjc2030.es\/ucdv\/primera-convocatoria-2021-de-formacion-especifica-en-voluntariado\/"]}]},{"@type":"ImageObject","inLanguage":"es","@id":"https:\/\/www.urjc2030.es\/ucdv\/primera-convocatoria-2021-de-formacion-especifica-en-voluntariado\/#primaryimage","url":"https:\/\/www.urjc2030.es\/ucdv\/wp-content\/uploads\/sites\/4\/2021\/02\/Doc21.jpg","contentUrl":"https:\/\/www.urjc2030.es\/ucdv\/wp-content\/uploads\/sites\/4\/2021\/02\/Doc21.jpg","width":2339,"height":1654,"caption":"Logotipo Programa de Voluntariado URJC"},{"@type":"BreadcrumbList","@id":"https:\/\/www.urjc2030.es\/ucdv\/primera-convocatoria-2021-de-formacion-especifica-en-voluntariado\/#breadcrumb","itemListElement":[{"@type":"ListItem","position":1,"name":"Portada","item":"https:\/\/www.urjc2030.es\/ucdv\/"},{"@type":"ListItem","position":2,"name":"Primera convocatoria 2021 de Formaci\u00f3n Espec\u00edfica en Voluntariado"}]},{"@type":"WebSite","@id":"https:\/\/www.urjc2030.es\/ucdv\/#website","url":"https:\/\/www.urjc2030.es\/ucdv\/","name":"Unidad de Cooperaci\u00f3n al Desarrollo y Voluntariado","description":"Promover y coordinar la gesti\u00f3n corporativa de ambas actividades dentro de la universidad.","publisher":{"@id":"https:\/\/www.urjc2030.es\/ucdv\/#organization"},"potentialAction":[{"@type":"SearchAction","target":{"@type":"EntryPoint","urlTemplate":"https:\/\/www.urjc2030.es\/ucdv\/?s={search_term_string}"},"query-input":{"@type":"PropertyValueSpecification","valueRequired":true,"valueName":"search_term_string"}}],"inLanguage":"es"},{"@type":"Organization","@id":"https:\/\/www.urjc2030.es\/ucdv\/#organization","name":"Universidad Rey Juan Carlos","url":"https:\/\/www.urjc2030.es\/ucdv\/","logo":{"@type":"ImageObject","inLanguage":"es","@id":"https:\/\/www.urjc2030.es\/ucdv\/#\/schema\/logo\/image\/","url":"https:\/\/www.urjc2030.es\/scdv\/wp-content\/uploads\/sites\/4\/2020\/10\/logoURJC.png","contentUrl":"https:\/\/www.urjc2030.es\/scdv\/wp-content\/uploads\/sites\/4\/2020\/10\/logoURJC.png","width":800,"height":305,"caption":"Universidad Rey Juan Carlos"},"image":{"@id":"https:\/\/www.urjc2030.es\/ucdv\/#\/schema\/logo\/image\/"},"sameAs":["https:\/\/www.facebook.com\/universidadreyjuancarlos","https:\/\/x.com\/urjc","https:\/\/www.instagram.com\/urjc_uni\/?hl=es"]},{"@type":"Person","@id":"https:\/\/www.urjc2030.es\/ucdv\/#\/schema\/person\/050421030607b47675a7268f40f084d6","name":"voluntariado","image":{"@type":"ImageObject","inLanguage":"es","@id":"https:\/\/secure.gravatar.com\/avatar\/3231c3ccc7357b43a71206afe848ed56ae9528380132d6571e7d912d6a92f0d9?s=96&d=mm&r=g","url":"https:\/\/secure.gravatar.com\/avatar\/3231c3ccc7357b43a71206afe848ed56ae9528380132d6571e7d912d6a92f0d9?s=96&d=mm&r=g","contentUrl":"https:\/\/secure.gravatar.com\/avatar\/3231c3ccc7357b43a71206afe848ed56ae9528380132d6571e7d912d6a92f0d9?s=96&d=mm&r=g","caption":"voluntariado"}}]}},"_links":{"self":[{"href":"https:\/\/www.urjc2030.es\/ucdv\/wp-json\/wp\/v2\/posts\/1040","targetHints":{"allow":["GET"]}}],"collection":[{"href":"https:\/\/www.urjc2030.es\/ucdv\/wp-json\/wp\/v2\/posts"}],"about":[{"href":"https:\/\/www.urjc2030.es\/ucdv\/wp-json\/wp\/v2\/types\/post"}],"author":[{"embeddable":true,"href":"https:\/\/www.urjc2030.es\/ucdv\/wp-json\/wp\/v2\/users\/9"}],"replies":[{"embeddable":true,"href":"https:\/\/www.urjc2030.es\/ucdv\/wp-json\/wp\/v2\/comments?post=1040"}],"version-history":[{"count":7,"href":"https:\/\/www.urjc2030.es\/ucdv\/wp-json\/wp\/v2\/posts\/1040\/revisions"}],"predecessor-version":[{"id":1057,"href":"https:\/\/www.urjc2030.es\/ucdv\/wp-json\/wp\/v2\/posts\/1040\/revisions\/1057"}],"wp:featuredmedia":[{"embeddable":true,"href":"https:\/\/www.urjc2030.es\/ucdv\/wp-json\/wp\/v2\/media\/994"}],"wp:attachment":[{"href":"https:\/\/www.urjc2030.es\/ucdv\/wp-json\/wp\/v2\/media?parent=1040"}],"wp:term":[{"taxonomy":"category","embeddable":true,"href":"https:\/\/www.urjc2030.es\/ucdv\/wp-json\/wp\/v2\/categories?post=1040"},{"taxonomy":"post_tag","embeddable":true,"href":"https:\/\/www.urjc2030.es\/ucdv\/wp-json\/wp\/v2\/tags?post=1040"}],"curies":[{"name":"wp","href":"https:\/\/api.w.org\/{rel}","templated":true}]}}