{"id":1069,"date":"2021-11-08T13:36:06","date_gmt":"2021-11-08T13:36:06","guid":{"rendered":"https:\/\/www.urjc2030.es\/scdv\/?p=1069"},"modified":"2021-11-08T13:36:06","modified_gmt":"2021-11-08T13:36:06","slug":"dia-mundial-del-vih-1-de-diciembre-punto-de-deteccion-rapida-en-la-urjc-campus-de-alcorcon-los-dias-29-y-30-de-noviembre","status":"publish","type":"post","link":"https:\/\/www.urjc2030.es\/ucdv\/dia-mundial-del-vih-1-de-diciembre-punto-de-deteccion-rapida-en-la-urjc-campus-de-alcorcon-los-dias-29-y-30-de-noviembre\/","title":{"rendered":"D\u00eda mundial del VIH 1 de diciembre. Punto de detecci\u00f3n r\u00e1pida en la URJC &#8211; Campus de Alcorc\u00f3n los d\u00edas 29 y 30 de noviembre"},"content":{"rendered":"<p><b class=\"\">Con motivo del d\u00eda mundial del VIH, y en colaboraci\u00f3n con Cruz Roja Asamblea de Alcorc\u00f3n<\/b>, los d\u00edas 29 y 30 de noviembre de 11 a 14 horas, tendremos una unidad m\u00f3vil con un punto de detecci\u00f3n r\u00e1pida de VIH, para hacer pruebas de saliva con resultado en 15 minutos en el Campus de Alcorc\u00f3n.<\/p>\n","protected":false},"excerpt":{"rendered":"<p>Con motivo del d\u00eda mundial del VIH, y en colaboraci\u00f3n con Cruz Roja Asamblea de Alcorc\u00f3n, los d\u00edas 29 y 30 de noviembre de 11 a 14 horas, tendremos una unidad m\u00f3vil con un punto de detecci\u00f3n r\u00e1pida de VIH, para hacer pruebas de saliva con resultado en 15 minutos en el Campus de Alcorc\u00f3n.<\/p>\n","protected":false},"author":9,"featured_media":1070,"comment_status":"closed","ping_status":"closed","sticky":false,"template":"","format":"standard","meta":{"_et_pb_use_builder":"","_et_pb_old_content":"","_et_gb_content_width":"","cybocfi_hide_featured_image":"","footnotes":""},"categories":[20,19],"tags":[],"class_list":["post-1069","post","type-post","status-publish","format-standard","has-post-thumbnail","hentry","category-agenda-scdv","category-noticias-scdv"],"yoast_head":"<!-- This site is optimized with the Yoast SEO plugin v27.5 - https:\/\/yoast.com\/product\/yoast-seo-wordpress\/ -->\n<title>D\u00eda mundial del VIH 1 de diciembre. Punto de detecci\u00f3n r\u00e1pida en la URJC - Campus de Alcorc\u00f3n los d\u00edas 29 y 30 de noviembre - Unidad de Cooperaci\u00f3n al Desarrollo y Voluntariado<\/title>\n<meta name=\"robots\" content=\"index, follow, max-snippet:-1, max-image-preview:large, max-video-preview:-1\" \/>\n<link rel=\"canonical\" href=\"https:\/\/www.urjc2030.es\/ucdv\/dia-mundial-del-vih-1-de-diciembre-punto-de-deteccion-rapida-en-la-urjc-campus-de-alcorcon-los-dias-29-y-30-de-noviembre\/\" \/>\n<meta property=\"og:locale\" content=\"es_ES\" \/>\n<meta property=\"og:type\" content=\"article\" \/>\n<meta property=\"og:title\" content=\"D\u00eda mundial del VIH 1 de diciembre. Punto de detecci\u00f3n r\u00e1pida en la URJC - Campus de Alcorc\u00f3n los d\u00edas 29 y 30 de noviembre - Unidad de Cooperaci\u00f3n al Desarrollo y Voluntariado\" \/>\n<meta property=\"og:description\" content=\"Con motivo del d\u00eda mundial del VIH, y en colaboraci\u00f3n con Cruz Roja Asamblea de Alcorc\u00f3n, los d\u00edas 29 y 30 de noviembre de 11 a 14 horas, tendremos una unidad m\u00f3vil con un punto de detecci\u00f3n r\u00e1pida de VIH, para hacer pruebas de saliva con resultado en 15 minutos en el Campus de Alcorc\u00f3n.\" \/>\n<meta property=\"og:url\" content=\"https:\/\/www.urjc2030.es\/ucdv\/dia-mundial-del-vih-1-de-diciembre-punto-de-deteccion-rapida-en-la-urjc-campus-de-alcorcon-los-dias-29-y-30-de-noviembre\/\" \/>\n<meta property=\"og:site_name\" content=\"Unidad de Cooperaci\u00f3n al Desarrollo y Voluntariado\" \/>\n<meta property=\"article:publisher\" content=\"https:\/\/www.facebook.com\/universidadreyjuancarlos\" \/>\n<meta property=\"article:published_time\" content=\"2021-11-08T13:36:06+00:00\" \/>\n<meta property=\"og:image\" content=\"https:\/\/www.urjc2030.es\/ucdv\/wp-content\/uploads\/sites\/4\/2021\/11\/test-rapido-vih-0064859_600.jpeg\" \/>\n\t<meta property=\"og:image:width\" content=\"249\" \/>\n\t<meta property=\"og:image:height\" content=\"337\" \/>\n\t<meta property=\"og:image:type\" content=\"image\/jpeg\" \/>\n<meta name=\"author\" content=\"voluntariado\" \/>\n<meta name=\"twitter:card\" content=\"summary_large_image\" \/>\n<meta name=\"twitter:creator\" content=\"@urjc\" \/>\n<meta name=\"twitter:site\" content=\"@urjc\" \/>\n<script type=\"application\/ld+json\" class=\"yoast-schema-graph\">{\"@context\":\"https:\\\/\\\/schema.org\",\"@graph\":[{\"@type\":\"Article\",\"@id\":\"https:\\\/\\\/www.urjc2030.es\\\/ucdv\\\/dia-mundial-del-vih-1-de-diciembre-punto-de-deteccion-rapida-en-la-urjc-campus-de-alcorcon-los-dias-29-y-30-de-noviembre\\\/#article\",\"isPartOf\":{\"@id\":\"https:\\\/\\\/www.urjc2030.es\\\/ucdv\\\/dia-mundial-del-vih-1-de-diciembre-punto-de-deteccion-rapida-en-la-urjc-campus-de-alcorcon-los-dias-29-y-30-de-noviembre\\\/\"},\"author\":{\"name\":\"voluntariado\",\"@id\":\"https:\\\/\\\/www.urjc2030.es\\\/ucdv\\\/#\\\/schema\\\/person\\\/050421030607b47675a7268f40f084d6\"},\"headline\":\"D\u00eda mundial del VIH 1 de diciembre. Punto de detecci\u00f3n r\u00e1pida en la URJC &#8211; Campus de Alcorc\u00f3n los d\u00edas 29 y 30 de noviembre\",\"datePublished\":\"2021-11-08T13:36:06+00:00\",\"mainEntityOfPage\":{\"@id\":\"https:\\\/\\\/www.urjc2030.es\\\/ucdv\\\/dia-mundial-del-vih-1-de-diciembre-punto-de-deteccion-rapida-en-la-urjc-campus-de-alcorcon-los-dias-29-y-30-de-noviembre\\\/\"},\"wordCount\":85,\"publisher\":{\"@id\":\"https:\\\/\\\/www.urjc2030.es\\\/ucdv\\\/#organization\"},\"image\":{\"@id\":\"https:\\\/\\\/www.urjc2030.es\\\/ucdv\\\/dia-mundial-del-vih-1-de-diciembre-punto-de-deteccion-rapida-en-la-urjc-campus-de-alcorcon-los-dias-29-y-30-de-noviembre\\\/#primaryimage\"},\"thumbnailUrl\":\"https:\\\/\\\/www.urjc2030.es\\\/ucdv\\\/wp-content\\\/uploads\\\/sites\\\/4\\\/2021\\\/11\\\/test-rapido-vih-0064859_600.jpeg\",\"articleSection\":[\"Agenda\",\"Noticias\"],\"inLanguage\":\"es\"},{\"@type\":\"WebPage\",\"@id\":\"https:\\\/\\\/www.urjc2030.es\\\/ucdv\\\/dia-mundial-del-vih-1-de-diciembre-punto-de-deteccion-rapida-en-la-urjc-campus-de-alcorcon-los-dias-29-y-30-de-noviembre\\\/\",\"url\":\"https:\\\/\\\/www.urjc2030.es\\\/ucdv\\\/dia-mundial-del-vih-1-de-diciembre-punto-de-deteccion-rapida-en-la-urjc-campus-de-alcorcon-los-dias-29-y-30-de-noviembre\\\/\",\"name\":\"D\u00eda mundial del VIH 1 de diciembre. Punto de detecci\u00f3n r\u00e1pida en la URJC - Campus de Alcorc\u00f3n los d\u00edas 29 y 30 de noviembre - Unidad de Cooperaci\u00f3n al Desarrollo y Voluntariado\",\"isPartOf\":{\"@id\":\"https:\\\/\\\/www.urjc2030.es\\\/ucdv\\\/#website\"},\"primaryImageOfPage\":{\"@id\":\"https:\\\/\\\/www.urjc2030.es\\\/ucdv\\\/dia-mundial-del-vih-1-de-diciembre-punto-de-deteccion-rapida-en-la-urjc-campus-de-alcorcon-los-dias-29-y-30-de-noviembre\\\/#primaryimage\"},\"image\":{\"@id\":\"https:\\\/\\\/www.urjc2030.es\\\/ucdv\\\/dia-mundial-del-vih-1-de-diciembre-punto-de-deteccion-rapida-en-la-urjc-campus-de-alcorcon-los-dias-29-y-30-de-noviembre\\\/#primaryimage\"},\"thumbnailUrl\":\"https:\\\/\\\/www.urjc2030.es\\\/ucdv\\\/wp-content\\\/uploads\\\/sites\\\/4\\\/2021\\\/11\\\/test-rapido-vih-0064859_600.jpeg\",\"datePublished\":\"2021-11-08T13:36:06+00:00\",\"breadcrumb\":{\"@id\":\"https:\\\/\\\/www.urjc2030.es\\\/ucdv\\\/dia-mundial-del-vih-1-de-diciembre-punto-de-deteccion-rapida-en-la-urjc-campus-de-alcorcon-los-dias-29-y-30-de-noviembre\\\/#breadcrumb\"},\"inLanguage\":\"es\",\"potentialAction\":[{\"@type\":\"ReadAction\",\"target\":[\"https:\\\/\\\/www.urjc2030.es\\\/ucdv\\\/dia-mundial-del-vih-1-de-diciembre-punto-de-deteccion-rapida-en-la-urjc-campus-de-alcorcon-los-dias-29-y-30-de-noviembre\\\/\"]}]},{\"@type\":\"ImageObject\",\"inLanguage\":\"es\",\"@id\":\"https:\\\/\\\/www.urjc2030.es\\\/ucdv\\\/dia-mundial-del-vih-1-de-diciembre-punto-de-deteccion-rapida-en-la-urjc-campus-de-alcorcon-los-dias-29-y-30-de-noviembre\\\/#primaryimage\",\"url\":\"https:\\\/\\\/www.urjc2030.es\\\/ucdv\\\/wp-content\\\/uploads\\\/sites\\\/4\\\/2021\\\/11\\\/test-rapido-vih-0064859_600.jpeg\",\"contentUrl\":\"https:\\\/\\\/www.urjc2030.es\\\/ucdv\\\/wp-content\\\/uploads\\\/sites\\\/4\\\/2021\\\/11\\\/test-rapido-vih-0064859_600.jpeg\",\"width\":249,\"height\":337},{\"@type\":\"BreadcrumbList\",\"@id\":\"https:\\\/\\\/www.urjc2030.es\\\/ucdv\\\/dia-mundial-del-vih-1-de-diciembre-punto-de-deteccion-rapida-en-la-urjc-campus-de-alcorcon-los-dias-29-y-30-de-noviembre\\\/#breadcrumb\",\"itemListElement\":[{\"@type\":\"ListItem\",\"position\":1,\"name\":\"Portada\",\"item\":\"https:\\\/\\\/www.urjc2030.es\\\/ucdv\\\/\"},{\"@type\":\"ListItem\",\"position\":2,\"name\":\"D\u00eda mundial del VIH 1 de diciembre. Punto de detecci\u00f3n r\u00e1pida en la URJC &#8211; Campus de Alcorc\u00f3n los d\u00edas 29 y 30 de noviembre\"}]},{\"@type\":\"WebSite\",\"@id\":\"https:\\\/\\\/www.urjc2030.es\\\/ucdv\\\/#website\",\"url\":\"https:\\\/\\\/www.urjc2030.es\\\/ucdv\\\/\",\"name\":\"Unidad de Cooperaci\u00f3n al Desarrollo y Voluntariado\",\"description\":\"Promover y coordinar la gesti\u00f3n corporativa de ambas actividades dentro de la universidad.\",\"publisher\":{\"@id\":\"https:\\\/\\\/www.urjc2030.es\\\/ucdv\\\/#organization\"},\"potentialAction\":[{\"@type\":\"SearchAction\",\"target\":{\"@type\":\"EntryPoint\",\"urlTemplate\":\"https:\\\/\\\/www.urjc2030.es\\\/ucdv\\\/?s={search_term_string}\"},\"query-input\":{\"@type\":\"PropertyValueSpecification\",\"valueRequired\":true,\"valueName\":\"search_term_string\"}}],\"inLanguage\":\"es\"},{\"@type\":\"Organization\",\"@id\":\"https:\\\/\\\/www.urjc2030.es\\\/ucdv\\\/#organization\",\"name\":\"Universidad Rey Juan Carlos\",\"url\":\"https:\\\/\\\/www.urjc2030.es\\\/ucdv\\\/\",\"logo\":{\"@type\":\"ImageObject\",\"inLanguage\":\"es\",\"@id\":\"https:\\\/\\\/www.urjc2030.es\\\/ucdv\\\/#\\\/schema\\\/logo\\\/image\\\/\",\"url\":\"https:\\\/\\\/www.urjc2030.es\\\/scdv\\\/wp-content\\\/uploads\\\/sites\\\/4\\\/2020\\\/10\\\/logoURJC.png\",\"contentUrl\":\"https:\\\/\\\/www.urjc2030.es\\\/scdv\\\/wp-content\\\/uploads\\\/sites\\\/4\\\/2020\\\/10\\\/logoURJC.png\",\"width\":800,\"height\":305,\"caption\":\"Universidad Rey Juan Carlos\"},\"image\":{\"@id\":\"https:\\\/\\\/www.urjc2030.es\\\/ucdv\\\/#\\\/schema\\\/logo\\\/image\\\/\"},\"sameAs\":[\"https:\\\/\\\/www.facebook.com\\\/universidadreyjuancarlos\",\"https:\\\/\\\/x.com\\\/urjc\",\"https:\\\/\\\/www.instagram.com\\\/urjc_uni\\\/?hl=es\"]},{\"@type\":\"Person\",\"@id\":\"https:\\\/\\\/www.urjc2030.es\\\/ucdv\\\/#\\\/schema\\\/person\\\/050421030607b47675a7268f40f084d6\",\"name\":\"voluntariado\",\"image\":{\"@type\":\"ImageObject\",\"inLanguage\":\"es\",\"@id\":\"https:\\\/\\\/secure.gravatar.com\\\/avatar\\\/3231c3ccc7357b43a71206afe848ed56ae9528380132d6571e7d912d6a92f0d9?s=96&d=mm&r=g\",\"url\":\"https:\\\/\\\/secure.gravatar.com\\\/avatar\\\/3231c3ccc7357b43a71206afe848ed56ae9528380132d6571e7d912d6a92f0d9?s=96&d=mm&r=g\",\"contentUrl\":\"https:\\\/\\\/secure.gravatar.com\\\/avatar\\\/3231c3ccc7357b43a71206afe848ed56ae9528380132d6571e7d912d6a92f0d9?s=96&d=mm&r=g\",\"caption\":\"voluntariado\"}}]}<\/script>\n<!-- \/ Yoast SEO plugin. -->","yoast_head_json":{"title":"D\u00eda mundial del VIH 1 de diciembre. Punto de detecci\u00f3n r\u00e1pida en la URJC - Campus de Alcorc\u00f3n los d\u00edas 29 y 30 de noviembre - Unidad de Cooperaci\u00f3n al Desarrollo y Voluntariado","robots":{"index":"index","follow":"follow","max-snippet":"max-snippet:-1","max-image-preview":"max-image-preview:large","max-video-preview":"max-video-preview:-1"},"canonical":"https:\/\/www.urjc2030.es\/ucdv\/dia-mundial-del-vih-1-de-diciembre-punto-de-deteccion-rapida-en-la-urjc-campus-de-alcorcon-los-dias-29-y-30-de-noviembre\/","og_locale":"es_ES","og_type":"article","og_title":"D\u00eda mundial del VIH 1 de diciembre. Punto de detecci\u00f3n r\u00e1pida en la URJC - Campus de Alcorc\u00f3n los d\u00edas 29 y 30 de noviembre - Unidad de Cooperaci\u00f3n al Desarrollo y Voluntariado","og_description":"Con motivo del d\u00eda mundial del VIH, y en colaboraci\u00f3n con Cruz Roja Asamblea de Alcorc\u00f3n, los d\u00edas 29 y 30 de noviembre de 11 a 14 horas, tendremos una unidad m\u00f3vil con un punto de detecci\u00f3n r\u00e1pida de VIH, para hacer pruebas de saliva con resultado en 15 minutos en el Campus de Alcorc\u00f3n.","og_url":"https:\/\/www.urjc2030.es\/ucdv\/dia-mundial-del-vih-1-de-diciembre-punto-de-deteccion-rapida-en-la-urjc-campus-de-alcorcon-los-dias-29-y-30-de-noviembre\/","og_site_name":"Unidad de Cooperaci\u00f3n al Desarrollo y Voluntariado","article_publisher":"https:\/\/www.facebook.com\/universidadreyjuancarlos","article_published_time":"2021-11-08T13:36:06+00:00","og_image":[{"width":249,"height":337,"url":"https:\/\/www.urjc2030.es\/ucdv\/wp-content\/uploads\/sites\/4\/2021\/11\/test-rapido-vih-0064859_600.jpeg","type":"image\/jpeg"}],"author":"voluntariado","twitter_card":"summary_large_image","twitter_creator":"@urjc","twitter_site":"@urjc","schema":{"@context":"https:\/\/schema.org","@graph":[{"@type":"Article","@id":"https:\/\/www.urjc2030.es\/ucdv\/dia-mundial-del-vih-1-de-diciembre-punto-de-deteccion-rapida-en-la-urjc-campus-de-alcorcon-los-dias-29-y-30-de-noviembre\/#article","isPartOf":{"@id":"https:\/\/www.urjc2030.es\/ucdv\/dia-mundial-del-vih-1-de-diciembre-punto-de-deteccion-rapida-en-la-urjc-campus-de-alcorcon-los-dias-29-y-30-de-noviembre\/"},"author":{"name":"voluntariado","@id":"https:\/\/www.urjc2030.es\/ucdv\/#\/schema\/person\/050421030607b47675a7268f40f084d6"},"headline":"D\u00eda mundial del VIH 1 de diciembre. Punto de detecci\u00f3n r\u00e1pida en la URJC &#8211; Campus de Alcorc\u00f3n los d\u00edas 29 y 30 de noviembre","datePublished":"2021-11-08T13:36:06+00:00","mainEntityOfPage":{"@id":"https:\/\/www.urjc2030.es\/ucdv\/dia-mundial-del-vih-1-de-diciembre-punto-de-deteccion-rapida-en-la-urjc-campus-de-alcorcon-los-dias-29-y-30-de-noviembre\/"},"wordCount":85,"publisher":{"@id":"https:\/\/www.urjc2030.es\/ucdv\/#organization"},"image":{"@id":"https:\/\/www.urjc2030.es\/ucdv\/dia-mundial-del-vih-1-de-diciembre-punto-de-deteccion-rapida-en-la-urjc-campus-de-alcorcon-los-dias-29-y-30-de-noviembre\/#primaryimage"},"thumbnailUrl":"https:\/\/www.urjc2030.es\/ucdv\/wp-content\/uploads\/sites\/4\/2021\/11\/test-rapido-vih-0064859_600.jpeg","articleSection":["Agenda","Noticias"],"inLanguage":"es"},{"@type":"WebPage","@id":"https:\/\/www.urjc2030.es\/ucdv\/dia-mundial-del-vih-1-de-diciembre-punto-de-deteccion-rapida-en-la-urjc-campus-de-alcorcon-los-dias-29-y-30-de-noviembre\/","url":"https:\/\/www.urjc2030.es\/ucdv\/dia-mundial-del-vih-1-de-diciembre-punto-de-deteccion-rapida-en-la-urjc-campus-de-alcorcon-los-dias-29-y-30-de-noviembre\/","name":"D\u00eda mundial del VIH 1 de diciembre. Punto de detecci\u00f3n r\u00e1pida en la URJC - Campus de Alcorc\u00f3n los d\u00edas 29 y 30 de noviembre - Unidad de Cooperaci\u00f3n al Desarrollo y Voluntariado","isPartOf":{"@id":"https:\/\/www.urjc2030.es\/ucdv\/#website"},"primaryImageOfPage":{"@id":"https:\/\/www.urjc2030.es\/ucdv\/dia-mundial-del-vih-1-de-diciembre-punto-de-deteccion-rapida-en-la-urjc-campus-de-alcorcon-los-dias-29-y-30-de-noviembre\/#primaryimage"},"image":{"@id":"https:\/\/www.urjc2030.es\/ucdv\/dia-mundial-del-vih-1-de-diciembre-punto-de-deteccion-rapida-en-la-urjc-campus-de-alcorcon-los-dias-29-y-30-de-noviembre\/#primaryimage"},"thumbnailUrl":"https:\/\/www.urjc2030.es\/ucdv\/wp-content\/uploads\/sites\/4\/2021\/11\/test-rapido-vih-0064859_600.jpeg","datePublished":"2021-11-08T13:36:06+00:00","breadcrumb":{"@id":"https:\/\/www.urjc2030.es\/ucdv\/dia-mundial-del-vih-1-de-diciembre-punto-de-deteccion-rapida-en-la-urjc-campus-de-alcorcon-los-dias-29-y-30-de-noviembre\/#breadcrumb"},"inLanguage":"es","potentialAction":[{"@type":"ReadAction","target":["https:\/\/www.urjc2030.es\/ucdv\/dia-mundial-del-vih-1-de-diciembre-punto-de-deteccion-rapida-en-la-urjc-campus-de-alcorcon-los-dias-29-y-30-de-noviembre\/"]}]},{"@type":"ImageObject","inLanguage":"es","@id":"https:\/\/www.urjc2030.es\/ucdv\/dia-mundial-del-vih-1-de-diciembre-punto-de-deteccion-rapida-en-la-urjc-campus-de-alcorcon-los-dias-29-y-30-de-noviembre\/#primaryimage","url":"https:\/\/www.urjc2030.es\/ucdv\/wp-content\/uploads\/sites\/4\/2021\/11\/test-rapido-vih-0064859_600.jpeg","contentUrl":"https:\/\/www.urjc2030.es\/ucdv\/wp-content\/uploads\/sites\/4\/2021\/11\/test-rapido-vih-0064859_600.jpeg","width":249,"height":337},{"@type":"BreadcrumbList","@id":"https:\/\/www.urjc2030.es\/ucdv\/dia-mundial-del-vih-1-de-diciembre-punto-de-deteccion-rapida-en-la-urjc-campus-de-alcorcon-los-dias-29-y-30-de-noviembre\/#breadcrumb","itemListElement":[{"@type":"ListItem","position":1,"name":"Portada","item":"https:\/\/www.urjc2030.es\/ucdv\/"},{"@type":"ListItem","position":2,"name":"D\u00eda mundial del VIH 1 de diciembre. Punto de detecci\u00f3n r\u00e1pida en la URJC &#8211; Campus de Alcorc\u00f3n los d\u00edas 29 y 30 de noviembre"}]},{"@type":"WebSite","@id":"https:\/\/www.urjc2030.es\/ucdv\/#website","url":"https:\/\/www.urjc2030.es\/ucdv\/","name":"Unidad de Cooperaci\u00f3n al Desarrollo y Voluntariado","description":"Promover y coordinar la gesti\u00f3n corporativa de ambas actividades dentro de la universidad.","publisher":{"@id":"https:\/\/www.urjc2030.es\/ucdv\/#organization"},"potentialAction":[{"@type":"SearchAction","target":{"@type":"EntryPoint","urlTemplate":"https:\/\/www.urjc2030.es\/ucdv\/?s={search_term_string}"},"query-input":{"@type":"PropertyValueSpecification","valueRequired":true,"valueName":"search_term_string"}}],"inLanguage":"es"},{"@type":"Organization","@id":"https:\/\/www.urjc2030.es\/ucdv\/#organization","name":"Universidad Rey Juan Carlos","url":"https:\/\/www.urjc2030.es\/ucdv\/","logo":{"@type":"ImageObject","inLanguage":"es","@id":"https:\/\/www.urjc2030.es\/ucdv\/#\/schema\/logo\/image\/","url":"https:\/\/www.urjc2030.es\/scdv\/wp-content\/uploads\/sites\/4\/2020\/10\/logoURJC.png","contentUrl":"https:\/\/www.urjc2030.es\/scdv\/wp-content\/uploads\/sites\/4\/2020\/10\/logoURJC.png","width":800,"height":305,"caption":"Universidad Rey Juan Carlos"},"image":{"@id":"https:\/\/www.urjc2030.es\/ucdv\/#\/schema\/logo\/image\/"},"sameAs":["https:\/\/www.facebook.com\/universidadreyjuancarlos","https:\/\/x.com\/urjc","https:\/\/www.instagram.com\/urjc_uni\/?hl=es"]},{"@type":"Person","@id":"https:\/\/www.urjc2030.es\/ucdv\/#\/schema\/person\/050421030607b47675a7268f40f084d6","name":"voluntariado","image":{"@type":"ImageObject","inLanguage":"es","@id":"https:\/\/secure.gravatar.com\/avatar\/3231c3ccc7357b43a71206afe848ed56ae9528380132d6571e7d912d6a92f0d9?s=96&d=mm&r=g","url":"https:\/\/secure.gravatar.com\/avatar\/3231c3ccc7357b43a71206afe848ed56ae9528380132d6571e7d912d6a92f0d9?s=96&d=mm&r=g","contentUrl":"https:\/\/secure.gravatar.com\/avatar\/3231c3ccc7357b43a71206afe848ed56ae9528380132d6571e7d912d6a92f0d9?s=96&d=mm&r=g","caption":"voluntariado"}}]}},"_links":{"self":[{"href":"https:\/\/www.urjc2030.es\/ucdv\/wp-json\/wp\/v2\/posts\/1069","targetHints":{"allow":["GET"]}}],"collection":[{"href":"https:\/\/www.urjc2030.es\/ucdv\/wp-json\/wp\/v2\/posts"}],"about":[{"href":"https:\/\/www.urjc2030.es\/ucdv\/wp-json\/wp\/v2\/types\/post"}],"author":[{"embeddable":true,"href":"https:\/\/www.urjc2030.es\/ucdv\/wp-json\/wp\/v2\/users\/9"}],"replies":[{"embeddable":true,"href":"https:\/\/www.urjc2030.es\/ucdv\/wp-json\/wp\/v2\/comments?post=1069"}],"version-history":[{"count":1,"href":"https:\/\/www.urjc2030.es\/ucdv\/wp-json\/wp\/v2\/posts\/1069\/revisions"}],"predecessor-version":[{"id":1071,"href":"https:\/\/www.urjc2030.es\/ucdv\/wp-json\/wp\/v2\/posts\/1069\/revisions\/1071"}],"wp:featuredmedia":[{"embeddable":true,"href":"https:\/\/www.urjc2030.es\/ucdv\/wp-json\/wp\/v2\/media\/1070"}],"wp:attachment":[{"href":"https:\/\/www.urjc2030.es\/ucdv\/wp-json\/wp\/v2\/media?parent=1069"}],"wp:term":[{"taxonomy":"category","embeddable":true,"href":"https:\/\/www.urjc2030.es\/ucdv\/wp-json\/wp\/v2\/categories?post=1069"},{"taxonomy":"post_tag","embeddable":true,"href":"https:\/\/www.urjc2030.es\/ucdv\/wp-json\/wp\/v2\/tags?post=1069"}],"curies":[{"name":"wp","href":"https:\/\/api.w.org\/{rel}","templated":true}]}}