{"id":1073,"date":"2021-11-08T21:54:13","date_gmt":"2021-11-08T21:54:13","guid":{"rendered":"https:\/\/www.urjc2030.es\/scdv\/?p=1073"},"modified":"2021-11-08T21:58:28","modified_gmt":"2021-11-08T21:58:28","slug":"curso-de-creatividad-social-24-y-25-de-noviembre-de-2021-en-colaboracion-con-fevocam","status":"publish","type":"post","link":"https:\/\/www.urjc2030.es\/ucdv\/curso-de-creatividad-social-24-y-25-de-noviembre-de-2021-en-colaboracion-con-fevocam\/","title":{"rendered":"Curso de creatividad social &#8211; 24 y 25 de noviembre de 2021. En colaboraci\u00f3n con FEVOCAM"},"content":{"rendered":"<ul>\n<li><a href=\"https:\/\/www.urjc2030.es\/scdv\/wp-content\/uploads\/sites\/4\/2021\/11\/CREATIVIDAD-FEVOCAM-URJC.pdf\">Programa<\/a><\/li>\n<li><a href=\"https:\/\/forms.office.com\/r\/uGM3hrBVRQ\">Inscripci\u00f3n<\/a><\/li>\n<li>Horario: de 10:00 a 14:00 h. D\u00edas: 24 y 25 de noviembre de 2021.<\/li>\n<li>Lugar.- Seminario 008 Edificio Departamental I. Campus de Fuenlabrada.<\/li>\n<li>No ser\u00e1 posible acceder al aula pasados 15 minutos del inicio de la actividad.<\/li>\n<li>La asistencia\/participaci\u00f3n a la actividad ser\u00e1 comprobada por los responsables de la impartici\u00f3n de la formaci\u00f3n.<\/li>\n<li>Se reconocer\u00e1n 0,4 cr\u00e9ditos ECTS a todos aquellos alumnos de la URJC que completen la acci\u00f3n formativa y que no hayan obtenido reconocimiento de cr\u00e9ditos por la misma acci\u00f3n en anteriores convocatorias.<\/li>\n<\/ul>\n","protected":false},"excerpt":{"rendered":"<p>Programa Inscripci\u00f3n Horario: de 10:00 a 14:00 h. D\u00edas: 24 y 25 de noviembre de 2021. Lugar.- Seminario 008 Edificio Departamental I. Campus de Fuenlabrada. No ser\u00e1 posible acceder al aula pasados 15 minutos del inicio de la actividad. La asistencia\/participaci\u00f3n a la actividad ser\u00e1 comprobada por los responsables de la impartici\u00f3n de la formaci\u00f3n. [&hellip;]<\/p>\n","protected":false},"author":9,"featured_media":994,"comment_status":"closed","ping_status":"closed","sticky":false,"template":"","format":"standard","meta":{"_et_pb_use_builder":"","_et_pb_old_content":"","_et_gb_content_width":"","cybocfi_hide_featured_image":"","footnotes":""},"categories":[20,19],"tags":[],"class_list":["post-1073","post","type-post","status-publish","format-standard","has-post-thumbnail","hentry","category-agenda-scdv","category-noticias-scdv"],"yoast_head":"<!-- This site is optimized with the Yoast SEO plugin v27.5 - https:\/\/yoast.com\/product\/yoast-seo-wordpress\/ -->\n<title>Curso de creatividad social - 24 y 25 de noviembre de 2021. En colaboraci\u00f3n con FEVOCAM - Unidad de Cooperaci\u00f3n al Desarrollo y Voluntariado<\/title>\n<meta name=\"robots\" content=\"index, follow, max-snippet:-1, max-image-preview:large, max-video-preview:-1\" \/>\n<link rel=\"canonical\" href=\"https:\/\/www.urjc2030.es\/ucdv\/curso-de-creatividad-social-24-y-25-de-noviembre-de-2021-en-colaboracion-con-fevocam\/\" \/>\n<meta property=\"og:locale\" content=\"es_ES\" \/>\n<meta property=\"og:type\" content=\"article\" \/>\n<meta property=\"og:title\" content=\"Curso de creatividad social - 24 y 25 de noviembre de 2021. En colaboraci\u00f3n con FEVOCAM - Unidad de Cooperaci\u00f3n al Desarrollo y Voluntariado\" \/>\n<meta property=\"og:description\" content=\"Programa Inscripci\u00f3n Horario: de 10:00 a 14:00 h. D\u00edas: 24 y 25 de noviembre de 2021. Lugar.- Seminario 008 Edificio Departamental I. Campus de Fuenlabrada. No ser\u00e1 posible acceder al aula pasados 15 minutos del inicio de la actividad. La asistencia\/participaci\u00f3n a la actividad ser\u00e1 comprobada por los responsables de la impartici\u00f3n de la formaci\u00f3n. [&hellip;]\" \/>\n<meta property=\"og:url\" content=\"https:\/\/www.urjc2030.es\/ucdv\/curso-de-creatividad-social-24-y-25-de-noviembre-de-2021-en-colaboracion-con-fevocam\/\" \/>\n<meta property=\"og:site_name\" content=\"Unidad de Cooperaci\u00f3n al Desarrollo y Voluntariado\" \/>\n<meta property=\"article:publisher\" content=\"https:\/\/www.facebook.com\/universidadreyjuancarlos\" \/>\n<meta property=\"article:published_time\" content=\"2021-11-08T21:54:13+00:00\" \/>\n<meta property=\"article:modified_time\" content=\"2021-11-08T21:58:28+00:00\" \/>\n<meta property=\"og:image\" content=\"https:\/\/www.urjc2030.es\/ucdv\/wp-content\/uploads\/sites\/4\/2021\/02\/Doc21.jpg\" \/>\n\t<meta property=\"og:image:width\" content=\"2339\" \/>\n\t<meta property=\"og:image:height\" content=\"1654\" \/>\n\t<meta property=\"og:image:type\" content=\"image\/jpeg\" \/>\n<meta name=\"author\" content=\"voluntariado\" \/>\n<meta name=\"twitter:card\" content=\"summary_large_image\" \/>\n<meta name=\"twitter:creator\" content=\"@urjc\" \/>\n<meta name=\"twitter:site\" content=\"@urjc\" \/>\n<script type=\"application\/ld+json\" class=\"yoast-schema-graph\">{\"@context\":\"https:\\\/\\\/schema.org\",\"@graph\":[{\"@type\":\"Article\",\"@id\":\"https:\\\/\\\/www.urjc2030.es\\\/ucdv\\\/curso-de-creatividad-social-24-y-25-de-noviembre-de-2021-en-colaboracion-con-fevocam\\\/#article\",\"isPartOf\":{\"@id\":\"https:\\\/\\\/www.urjc2030.es\\\/ucdv\\\/curso-de-creatividad-social-24-y-25-de-noviembre-de-2021-en-colaboracion-con-fevocam\\\/\"},\"author\":{\"name\":\"voluntariado\",\"@id\":\"https:\\\/\\\/www.urjc2030.es\\\/ucdv\\\/#\\\/schema\\\/person\\\/050421030607b47675a7268f40f084d6\"},\"headline\":\"Curso de creatividad social &#8211; 24 y 25 de noviembre de 2021. En colaboraci\u00f3n con FEVOCAM\",\"datePublished\":\"2021-11-08T21:54:13+00:00\",\"dateModified\":\"2021-11-08T21:58:28+00:00\",\"mainEntityOfPage\":{\"@id\":\"https:\\\/\\\/www.urjc2030.es\\\/ucdv\\\/curso-de-creatividad-social-24-y-25-de-noviembre-de-2021-en-colaboracion-con-fevocam\\\/\"},\"wordCount\":105,\"publisher\":{\"@id\":\"https:\\\/\\\/www.urjc2030.es\\\/ucdv\\\/#organization\"},\"image\":{\"@id\":\"https:\\\/\\\/www.urjc2030.es\\\/ucdv\\\/curso-de-creatividad-social-24-y-25-de-noviembre-de-2021-en-colaboracion-con-fevocam\\\/#primaryimage\"},\"thumbnailUrl\":\"https:\\\/\\\/www.urjc2030.es\\\/ucdv\\\/wp-content\\\/uploads\\\/sites\\\/4\\\/2021\\\/02\\\/Doc21.jpg\",\"articleSection\":[\"Agenda\",\"Noticias\"],\"inLanguage\":\"es\"},{\"@type\":\"WebPage\",\"@id\":\"https:\\\/\\\/www.urjc2030.es\\\/ucdv\\\/curso-de-creatividad-social-24-y-25-de-noviembre-de-2021-en-colaboracion-con-fevocam\\\/\",\"url\":\"https:\\\/\\\/www.urjc2030.es\\\/ucdv\\\/curso-de-creatividad-social-24-y-25-de-noviembre-de-2021-en-colaboracion-con-fevocam\\\/\",\"name\":\"Curso de creatividad social - 24 y 25 de noviembre de 2021. En colaboraci\u00f3n con FEVOCAM - Unidad de Cooperaci\u00f3n al Desarrollo y Voluntariado\",\"isPartOf\":{\"@id\":\"https:\\\/\\\/www.urjc2030.es\\\/ucdv\\\/#website\"},\"primaryImageOfPage\":{\"@id\":\"https:\\\/\\\/www.urjc2030.es\\\/ucdv\\\/curso-de-creatividad-social-24-y-25-de-noviembre-de-2021-en-colaboracion-con-fevocam\\\/#primaryimage\"},\"image\":{\"@id\":\"https:\\\/\\\/www.urjc2030.es\\\/ucdv\\\/curso-de-creatividad-social-24-y-25-de-noviembre-de-2021-en-colaboracion-con-fevocam\\\/#primaryimage\"},\"thumbnailUrl\":\"https:\\\/\\\/www.urjc2030.es\\\/ucdv\\\/wp-content\\\/uploads\\\/sites\\\/4\\\/2021\\\/02\\\/Doc21.jpg\",\"datePublished\":\"2021-11-08T21:54:13+00:00\",\"dateModified\":\"2021-11-08T21:58:28+00:00\",\"breadcrumb\":{\"@id\":\"https:\\\/\\\/www.urjc2030.es\\\/ucdv\\\/curso-de-creatividad-social-24-y-25-de-noviembre-de-2021-en-colaboracion-con-fevocam\\\/#breadcrumb\"},\"inLanguage\":\"es\",\"potentialAction\":[{\"@type\":\"ReadAction\",\"target\":[\"https:\\\/\\\/www.urjc2030.es\\\/ucdv\\\/curso-de-creatividad-social-24-y-25-de-noviembre-de-2021-en-colaboracion-con-fevocam\\\/\"]}]},{\"@type\":\"ImageObject\",\"inLanguage\":\"es\",\"@id\":\"https:\\\/\\\/www.urjc2030.es\\\/ucdv\\\/curso-de-creatividad-social-24-y-25-de-noviembre-de-2021-en-colaboracion-con-fevocam\\\/#primaryimage\",\"url\":\"https:\\\/\\\/www.urjc2030.es\\\/ucdv\\\/wp-content\\\/uploads\\\/sites\\\/4\\\/2021\\\/02\\\/Doc21.jpg\",\"contentUrl\":\"https:\\\/\\\/www.urjc2030.es\\\/ucdv\\\/wp-content\\\/uploads\\\/sites\\\/4\\\/2021\\\/02\\\/Doc21.jpg\",\"width\":2339,\"height\":1654,\"caption\":\"Logotipo Programa de Voluntariado URJC\"},{\"@type\":\"BreadcrumbList\",\"@id\":\"https:\\\/\\\/www.urjc2030.es\\\/ucdv\\\/curso-de-creatividad-social-24-y-25-de-noviembre-de-2021-en-colaboracion-con-fevocam\\\/#breadcrumb\",\"itemListElement\":[{\"@type\":\"ListItem\",\"position\":1,\"name\":\"Portada\",\"item\":\"https:\\\/\\\/www.urjc2030.es\\\/ucdv\\\/\"},{\"@type\":\"ListItem\",\"position\":2,\"name\":\"Curso de creatividad social &#8211; 24 y 25 de noviembre de 2021. En colaboraci\u00f3n con FEVOCAM\"}]},{\"@type\":\"WebSite\",\"@id\":\"https:\\\/\\\/www.urjc2030.es\\\/ucdv\\\/#website\",\"url\":\"https:\\\/\\\/www.urjc2030.es\\\/ucdv\\\/\",\"name\":\"Unidad de Cooperaci\u00f3n al Desarrollo y Voluntariado\",\"description\":\"Promover y coordinar la gesti\u00f3n corporativa de ambas actividades dentro de la universidad.\",\"publisher\":{\"@id\":\"https:\\\/\\\/www.urjc2030.es\\\/ucdv\\\/#organization\"},\"potentialAction\":[{\"@type\":\"SearchAction\",\"target\":{\"@type\":\"EntryPoint\",\"urlTemplate\":\"https:\\\/\\\/www.urjc2030.es\\\/ucdv\\\/?s={search_term_string}\"},\"query-input\":{\"@type\":\"PropertyValueSpecification\",\"valueRequired\":true,\"valueName\":\"search_term_string\"}}],\"inLanguage\":\"es\"},{\"@type\":\"Organization\",\"@id\":\"https:\\\/\\\/www.urjc2030.es\\\/ucdv\\\/#organization\",\"name\":\"Universidad Rey Juan Carlos\",\"url\":\"https:\\\/\\\/www.urjc2030.es\\\/ucdv\\\/\",\"logo\":{\"@type\":\"ImageObject\",\"inLanguage\":\"es\",\"@id\":\"https:\\\/\\\/www.urjc2030.es\\\/ucdv\\\/#\\\/schema\\\/logo\\\/image\\\/\",\"url\":\"https:\\\/\\\/www.urjc2030.es\\\/scdv\\\/wp-content\\\/uploads\\\/sites\\\/4\\\/2020\\\/10\\\/logoURJC.png\",\"contentUrl\":\"https:\\\/\\\/www.urjc2030.es\\\/scdv\\\/wp-content\\\/uploads\\\/sites\\\/4\\\/2020\\\/10\\\/logoURJC.png\",\"width\":800,\"height\":305,\"caption\":\"Universidad Rey Juan Carlos\"},\"image\":{\"@id\":\"https:\\\/\\\/www.urjc2030.es\\\/ucdv\\\/#\\\/schema\\\/logo\\\/image\\\/\"},\"sameAs\":[\"https:\\\/\\\/www.facebook.com\\\/universidadreyjuancarlos\",\"https:\\\/\\\/x.com\\\/urjc\",\"https:\\\/\\\/www.instagram.com\\\/urjc_uni\\\/?hl=es\"]},{\"@type\":\"Person\",\"@id\":\"https:\\\/\\\/www.urjc2030.es\\\/ucdv\\\/#\\\/schema\\\/person\\\/050421030607b47675a7268f40f084d6\",\"name\":\"voluntariado\",\"image\":{\"@type\":\"ImageObject\",\"inLanguage\":\"es\",\"@id\":\"https:\\\/\\\/secure.gravatar.com\\\/avatar\\\/3231c3ccc7357b43a71206afe848ed56ae9528380132d6571e7d912d6a92f0d9?s=96&d=mm&r=g\",\"url\":\"https:\\\/\\\/secure.gravatar.com\\\/avatar\\\/3231c3ccc7357b43a71206afe848ed56ae9528380132d6571e7d912d6a92f0d9?s=96&d=mm&r=g\",\"contentUrl\":\"https:\\\/\\\/secure.gravatar.com\\\/avatar\\\/3231c3ccc7357b43a71206afe848ed56ae9528380132d6571e7d912d6a92f0d9?s=96&d=mm&r=g\",\"caption\":\"voluntariado\"}}]}<\/script>\n<!-- \/ Yoast SEO plugin. -->","yoast_head_json":{"title":"Curso de creatividad social - 24 y 25 de noviembre de 2021. En colaboraci\u00f3n con FEVOCAM - Unidad de Cooperaci\u00f3n al Desarrollo y Voluntariado","robots":{"index":"index","follow":"follow","max-snippet":"max-snippet:-1","max-image-preview":"max-image-preview:large","max-video-preview":"max-video-preview:-1"},"canonical":"https:\/\/www.urjc2030.es\/ucdv\/curso-de-creatividad-social-24-y-25-de-noviembre-de-2021-en-colaboracion-con-fevocam\/","og_locale":"es_ES","og_type":"article","og_title":"Curso de creatividad social - 24 y 25 de noviembre de 2021. En colaboraci\u00f3n con FEVOCAM - Unidad de Cooperaci\u00f3n al Desarrollo y Voluntariado","og_description":"Programa Inscripci\u00f3n Horario: de 10:00 a 14:00 h. D\u00edas: 24 y 25 de noviembre de 2021. Lugar.- Seminario 008 Edificio Departamental I. Campus de Fuenlabrada. No ser\u00e1 posible acceder al aula pasados 15 minutos del inicio de la actividad. La asistencia\/participaci\u00f3n a la actividad ser\u00e1 comprobada por los responsables de la impartici\u00f3n de la formaci\u00f3n. [&hellip;]","og_url":"https:\/\/www.urjc2030.es\/ucdv\/curso-de-creatividad-social-24-y-25-de-noviembre-de-2021-en-colaboracion-con-fevocam\/","og_site_name":"Unidad de Cooperaci\u00f3n al Desarrollo y Voluntariado","article_publisher":"https:\/\/www.facebook.com\/universidadreyjuancarlos","article_published_time":"2021-11-08T21:54:13+00:00","article_modified_time":"2021-11-08T21:58:28+00:00","og_image":[{"width":2339,"height":1654,"url":"https:\/\/www.urjc2030.es\/ucdv\/wp-content\/uploads\/sites\/4\/2021\/02\/Doc21.jpg","type":"image\/jpeg"}],"author":"voluntariado","twitter_card":"summary_large_image","twitter_creator":"@urjc","twitter_site":"@urjc","schema":{"@context":"https:\/\/schema.org","@graph":[{"@type":"Article","@id":"https:\/\/www.urjc2030.es\/ucdv\/curso-de-creatividad-social-24-y-25-de-noviembre-de-2021-en-colaboracion-con-fevocam\/#article","isPartOf":{"@id":"https:\/\/www.urjc2030.es\/ucdv\/curso-de-creatividad-social-24-y-25-de-noviembre-de-2021-en-colaboracion-con-fevocam\/"},"author":{"name":"voluntariado","@id":"https:\/\/www.urjc2030.es\/ucdv\/#\/schema\/person\/050421030607b47675a7268f40f084d6"},"headline":"Curso de creatividad social &#8211; 24 y 25 de noviembre de 2021. En colaboraci\u00f3n con FEVOCAM","datePublished":"2021-11-08T21:54:13+00:00","dateModified":"2021-11-08T21:58:28+00:00","mainEntityOfPage":{"@id":"https:\/\/www.urjc2030.es\/ucdv\/curso-de-creatividad-social-24-y-25-de-noviembre-de-2021-en-colaboracion-con-fevocam\/"},"wordCount":105,"publisher":{"@id":"https:\/\/www.urjc2030.es\/ucdv\/#organization"},"image":{"@id":"https:\/\/www.urjc2030.es\/ucdv\/curso-de-creatividad-social-24-y-25-de-noviembre-de-2021-en-colaboracion-con-fevocam\/#primaryimage"},"thumbnailUrl":"https:\/\/www.urjc2030.es\/ucdv\/wp-content\/uploads\/sites\/4\/2021\/02\/Doc21.jpg","articleSection":["Agenda","Noticias"],"inLanguage":"es"},{"@type":"WebPage","@id":"https:\/\/www.urjc2030.es\/ucdv\/curso-de-creatividad-social-24-y-25-de-noviembre-de-2021-en-colaboracion-con-fevocam\/","url":"https:\/\/www.urjc2030.es\/ucdv\/curso-de-creatividad-social-24-y-25-de-noviembre-de-2021-en-colaboracion-con-fevocam\/","name":"Curso de creatividad social - 24 y 25 de noviembre de 2021. En colaboraci\u00f3n con FEVOCAM - Unidad de Cooperaci\u00f3n al Desarrollo y Voluntariado","isPartOf":{"@id":"https:\/\/www.urjc2030.es\/ucdv\/#website"},"primaryImageOfPage":{"@id":"https:\/\/www.urjc2030.es\/ucdv\/curso-de-creatividad-social-24-y-25-de-noviembre-de-2021-en-colaboracion-con-fevocam\/#primaryimage"},"image":{"@id":"https:\/\/www.urjc2030.es\/ucdv\/curso-de-creatividad-social-24-y-25-de-noviembre-de-2021-en-colaboracion-con-fevocam\/#primaryimage"},"thumbnailUrl":"https:\/\/www.urjc2030.es\/ucdv\/wp-content\/uploads\/sites\/4\/2021\/02\/Doc21.jpg","datePublished":"2021-11-08T21:54:13+00:00","dateModified":"2021-11-08T21:58:28+00:00","breadcrumb":{"@id":"https:\/\/www.urjc2030.es\/ucdv\/curso-de-creatividad-social-24-y-25-de-noviembre-de-2021-en-colaboracion-con-fevocam\/#breadcrumb"},"inLanguage":"es","potentialAction":[{"@type":"ReadAction","target":["https:\/\/www.urjc2030.es\/ucdv\/curso-de-creatividad-social-24-y-25-de-noviembre-de-2021-en-colaboracion-con-fevocam\/"]}]},{"@type":"ImageObject","inLanguage":"es","@id":"https:\/\/www.urjc2030.es\/ucdv\/curso-de-creatividad-social-24-y-25-de-noviembre-de-2021-en-colaboracion-con-fevocam\/#primaryimage","url":"https:\/\/www.urjc2030.es\/ucdv\/wp-content\/uploads\/sites\/4\/2021\/02\/Doc21.jpg","contentUrl":"https:\/\/www.urjc2030.es\/ucdv\/wp-content\/uploads\/sites\/4\/2021\/02\/Doc21.jpg","width":2339,"height":1654,"caption":"Logotipo Programa de Voluntariado URJC"},{"@type":"BreadcrumbList","@id":"https:\/\/www.urjc2030.es\/ucdv\/curso-de-creatividad-social-24-y-25-de-noviembre-de-2021-en-colaboracion-con-fevocam\/#breadcrumb","itemListElement":[{"@type":"ListItem","position":1,"name":"Portada","item":"https:\/\/www.urjc2030.es\/ucdv\/"},{"@type":"ListItem","position":2,"name":"Curso de creatividad social &#8211; 24 y 25 de noviembre de 2021. En colaboraci\u00f3n con FEVOCAM"}]},{"@type":"WebSite","@id":"https:\/\/www.urjc2030.es\/ucdv\/#website","url":"https:\/\/www.urjc2030.es\/ucdv\/","name":"Unidad de Cooperaci\u00f3n al Desarrollo y Voluntariado","description":"Promover y coordinar la gesti\u00f3n corporativa de ambas actividades dentro de la universidad.","publisher":{"@id":"https:\/\/www.urjc2030.es\/ucdv\/#organization"},"potentialAction":[{"@type":"SearchAction","target":{"@type":"EntryPoint","urlTemplate":"https:\/\/www.urjc2030.es\/ucdv\/?s={search_term_string}"},"query-input":{"@type":"PropertyValueSpecification","valueRequired":true,"valueName":"search_term_string"}}],"inLanguage":"es"},{"@type":"Organization","@id":"https:\/\/www.urjc2030.es\/ucdv\/#organization","name":"Universidad Rey Juan Carlos","url":"https:\/\/www.urjc2030.es\/ucdv\/","logo":{"@type":"ImageObject","inLanguage":"es","@id":"https:\/\/www.urjc2030.es\/ucdv\/#\/schema\/logo\/image\/","url":"https:\/\/www.urjc2030.es\/scdv\/wp-content\/uploads\/sites\/4\/2020\/10\/logoURJC.png","contentUrl":"https:\/\/www.urjc2030.es\/scdv\/wp-content\/uploads\/sites\/4\/2020\/10\/logoURJC.png","width":800,"height":305,"caption":"Universidad Rey Juan Carlos"},"image":{"@id":"https:\/\/www.urjc2030.es\/ucdv\/#\/schema\/logo\/image\/"},"sameAs":["https:\/\/www.facebook.com\/universidadreyjuancarlos","https:\/\/x.com\/urjc","https:\/\/www.instagram.com\/urjc_uni\/?hl=es"]},{"@type":"Person","@id":"https:\/\/www.urjc2030.es\/ucdv\/#\/schema\/person\/050421030607b47675a7268f40f084d6","name":"voluntariado","image":{"@type":"ImageObject","inLanguage":"es","@id":"https:\/\/secure.gravatar.com\/avatar\/3231c3ccc7357b43a71206afe848ed56ae9528380132d6571e7d912d6a92f0d9?s=96&d=mm&r=g","url":"https:\/\/secure.gravatar.com\/avatar\/3231c3ccc7357b43a71206afe848ed56ae9528380132d6571e7d912d6a92f0d9?s=96&d=mm&r=g","contentUrl":"https:\/\/secure.gravatar.com\/avatar\/3231c3ccc7357b43a71206afe848ed56ae9528380132d6571e7d912d6a92f0d9?s=96&d=mm&r=g","caption":"voluntariado"}}]}},"_links":{"self":[{"href":"https:\/\/www.urjc2030.es\/ucdv\/wp-json\/wp\/v2\/posts\/1073","targetHints":{"allow":["GET"]}}],"collection":[{"href":"https:\/\/www.urjc2030.es\/ucdv\/wp-json\/wp\/v2\/posts"}],"about":[{"href":"https:\/\/www.urjc2030.es\/ucdv\/wp-json\/wp\/v2\/types\/post"}],"author":[{"embeddable":true,"href":"https:\/\/www.urjc2030.es\/ucdv\/wp-json\/wp\/v2\/users\/9"}],"replies":[{"embeddable":true,"href":"https:\/\/www.urjc2030.es\/ucdv\/wp-json\/wp\/v2\/comments?post=1073"}],"version-history":[{"count":1,"href":"https:\/\/www.urjc2030.es\/ucdv\/wp-json\/wp\/v2\/posts\/1073\/revisions"}],"predecessor-version":[{"id":1075,"href":"https:\/\/www.urjc2030.es\/ucdv\/wp-json\/wp\/v2\/posts\/1073\/revisions\/1075"}],"wp:featuredmedia":[{"embeddable":true,"href":"https:\/\/www.urjc2030.es\/ucdv\/wp-json\/wp\/v2\/media\/994"}],"wp:attachment":[{"href":"https:\/\/www.urjc2030.es\/ucdv\/wp-json\/wp\/v2\/media?parent=1073"}],"wp:term":[{"taxonomy":"category","embeddable":true,"href":"https:\/\/www.urjc2030.es\/ucdv\/wp-json\/wp\/v2\/categories?post=1073"},{"taxonomy":"post_tag","embeddable":true,"href":"https:\/\/www.urjc2030.es\/ucdv\/wp-json\/wp\/v2\/tags?post=1073"}],"curies":[{"name":"wp","href":"https:\/\/api.w.org\/{rel}","templated":true}]}}