{"id":1076,"date":"2021-11-08T22:09:22","date_gmt":"2021-11-08T22:09:22","guid":{"rendered":"https:\/\/www.urjc2030.es\/scdv\/?p=1076"},"modified":"2021-11-08T22:10:42","modified_gmt":"2021-11-08T22:10:42","slug":"1076-2","status":"publish","type":"post","link":"https:\/\/www.urjc2030.es\/ucdv\/1076-2\/","title":{"rendered":"Fin de semana formativo Global Challenge. Moda sostenible. 19-21 de noviembre de 2021"},"content":{"rendered":"<p><b>Hola, amante de la moda y del activismo! \u00bfQuieres formar parte de la primera red universitaria de moda sostenible?<\/b><span style=\"font-weight: 400\">\u00a0<\/span><\/p>\n<ul>\n<li style=\"font-weight: 400\"><span style=\"font-weight: 400\">Si quieres saber el recorrido que tu ropa hace por el mundo hasta llegar a tu armario.\u00a0<\/span><\/li>\n<li style=\"font-weight: 400\"><span style=\"font-weight: 400\">Si te importan los impactos ambientales y sociales de su producci\u00f3n.\u00a0<\/span><\/li>\n<li style=\"font-weight: 400\"><span style=\"font-weight: 400\">Si te interesa la moda, pero tambi\u00e9n el planeta&#8230; en <\/span><a href=\"http:\/\/globalchallenge.es\/\"><span style=\"font-weight: 400\">Global Challenge<\/span><\/a> <b>tenemos el finde perfecto:<\/b><span style=\"font-weight: 400\"> una propuesta formativa para crear la primera red interuniversitaria de moda sostenible, basada en visibilizar los derechos humanos de las personas que trabajan en la industria textil y el cuidado del planeta.\u00a0<\/span><\/li>\n<\/ul>\n<p><span style=\"font-weight: 400\">Aprenderemos a liderar un movimiento colectivo y de transformaci\u00f3n de estudiantes de UAH, UC3M, UPM y URJC, conoceremos estrategias de sostenibilidad y econom\u00eda circular del sector y descubriremos que podemos tener otra relaci\u00f3n con la moda. Todo, conectando con movimientos internacionales como la\u00a0 Fashion Revolution o Fridays For Future para realizar colaboraciones.\u00a0<\/span><\/p>\n<p><b>Cogeremos la m\u00e1quina de coser y escribiremos nuestro propio manifiesto en defensa de la sostenibilidad y los derechos humanos en la industria textil.<\/b><span style=\"font-weight: 400\"> \u00bfTe atreves?\u00a0<\/span><\/p>\n<p><b>\u00bfCu\u00e1ndo? <\/b><span style=\"font-weight: 400\">Finde del 19-21 de noviembre. Desde las 17:00 del viernes a las 14:00 del domingo.\u00a0<\/span><\/p>\n<p><b>\u00bfD\u00f3nde? :\u00a0 <\/b><span style=\"font-weight: 400\">A una hora de Madrid ciudad, en la<\/span> <a href=\"https:\/\/campa.es\/la-granja-del-ayer-2\"><span style=\"font-weight: 400\">Granja Escuela del Ayer<\/span><\/a><span style=\"font-weight: 400\">. Villanueva de Perales. <\/span><span style=\"font-weight: 400\">P.\u00ba de Enrique Tierno Galv\u00e1n, 4, 28609. Puedes ir en el autob\u00fas 531A desde M\u00f3stoles. Nos organizaremos para llegar todos juntos\/as.\u00a0<\/span><\/p>\n<p><b>\u00bfQu\u00e9 coste tiene? <\/b><span style=\"font-weight: 400\">Es gratuito, s\u00f3lo tendr\u00e1s que costearte el desplazamiento hasta la granja escuela. (Autob\u00fas 531A, salida desde M\u00f3stoles)<\/span><\/p>\n<p><a href=\"http:\/\/globalchallenge.es\/wp-content\/uploads\/2019\/10\/Programa.pdf\"><b>Programa<\/b><\/a><b>:\u00a0<\/b><\/p>\n<ul>\n<li style=\"font-weight: 400\"><span style=\"font-weight: 400\">Viernes tarde: Informaci\u00f3n y datos clave para entender el sector desde una perspectiva cr\u00edtica. \u00bfQu\u00e9 es y que deber\u00eda ser? Imaginando el futuro sostenible.<\/span><\/li>\n<li style=\"font-weight: 400\"><span style=\"font-weight: 400\">S\u00e1bado ma\u00f1ana: Conocer las prendas, c\u00f3mo est\u00e1n hechas y\u00a0 qu\u00e9 informaci\u00f3n encontramos en las etiquetas. Aprender a coser &#8211; craftivismo<\/span><\/li>\n<li style=\"font-weight: 400\"><span style=\"font-weight: 400\">S\u00e1bado tarde: Workcaf\u00e9- Espacio de reflexi\u00f3n sobre c\u00f3mo nos relacionamos\/vinculamos con la moda.\u00a0<\/span><\/li>\n<li style=\"font-weight: 400\"><span style=\"font-weight: 400\">Domingo ma\u00f1ana: Trabajo de investigaci\u00f3n guiado y pasos para crear un manifiesto.\u00a0<\/span><\/li>\n<\/ul>\n<p><b>\u00bfCon qui\u00e9n? <\/b><span style=\"font-weight: 400\">Con <\/span><a href=\"https:\/\/altrapolab.org\/\"><span style=\"font-weight: 400\">Altrapo Lab<\/span><\/a><span style=\"font-weight: 400\">, una cooperativa de iniciativa social que trabaja entorno al reciclaje y la reutilizaci\u00f3n textil.<\/span><\/p>\n<p><b>M\u00e1s info e inscripci\u00f3n<\/b><span style=\"font-weight: 400\">: <\/span><span style=\"font-weight: 400\">\u00a0<\/span><a href=\"http:\/\/globalchallenge.es\/events\/encuentro-red-universitaria-de-moda-sostenible\/\"><span style=\"font-weight: 400\">http:\/\/globalchallenge.es\/events\/encuentro-red-universitaria-de-moda-sostenible\/<\/span><\/a><\/p>\n","protected":false},"excerpt":{"rendered":"<p>Hola, amante de la moda y del activismo! \u00bfQuieres formar parte de la primera red universitaria de moda sostenible?\u00a0 Si quieres saber el recorrido que tu ropa hace por el mundo hasta llegar a tu armario.\u00a0 Si te importan los impactos ambientales y sociales de su producci\u00f3n.\u00a0 Si te interesa la moda, pero tambi\u00e9n el [&hellip;]<\/p>\n","protected":false},"author":9,"featured_media":1077,"comment_status":"closed","ping_status":"closed","sticky":false,"template":"","format":"standard","meta":{"_et_pb_use_builder":"","_et_pb_old_content":"","_et_gb_content_width":"","cybocfi_hide_featured_image":"","footnotes":""},"categories":[20,19],"tags":[],"class_list":["post-1076","post","type-post","status-publish","format-standard","has-post-thumbnail","hentry","category-agenda-scdv","category-noticias-scdv"],"yoast_head":"<!-- This site is optimized with the Yoast SEO plugin v27.5 - https:\/\/yoast.com\/product\/yoast-seo-wordpress\/ -->\n<title>Fin de semana formativo Global Challenge. Moda sostenible. 19-21 de noviembre de 2021 - Unidad de Cooperaci\u00f3n al Desarrollo y Voluntariado<\/title>\n<meta name=\"robots\" content=\"index, follow, max-snippet:-1, max-image-preview:large, max-video-preview:-1\" \/>\n<link rel=\"canonical\" href=\"https:\/\/www.urjc2030.es\/ucdv\/1076-2\/\" \/>\n<meta property=\"og:locale\" content=\"es_ES\" \/>\n<meta property=\"og:type\" content=\"article\" \/>\n<meta property=\"og:title\" content=\"Fin de semana formativo Global Challenge. Moda sostenible. 19-21 de noviembre de 2021 - Unidad de Cooperaci\u00f3n al Desarrollo y Voluntariado\" \/>\n<meta property=\"og:description\" content=\"Hola, amante de la moda y del activismo! \u00bfQuieres formar parte de la primera red universitaria de moda sostenible?\u00a0 Si quieres saber el recorrido que tu ropa hace por el mundo hasta llegar a tu armario.\u00a0 Si te importan los impactos ambientales y sociales de su producci\u00f3n.\u00a0 Si te interesa la moda, pero tambi\u00e9n el [&hellip;]\" \/>\n<meta property=\"og:url\" content=\"https:\/\/www.urjc2030.es\/ucdv\/1076-2\/\" \/>\n<meta property=\"og:site_name\" content=\"Unidad de Cooperaci\u00f3n al Desarrollo y Voluntariado\" \/>\n<meta property=\"article:publisher\" content=\"https:\/\/www.facebook.com\/universidadreyjuancarlos\" \/>\n<meta property=\"article:published_time\" content=\"2021-11-08T22:09:22+00:00\" \/>\n<meta property=\"article:modified_time\" content=\"2021-11-08T22:10:42+00:00\" \/>\n<meta property=\"og:image\" content=\"https:\/\/www.urjc2030.es\/ucdv\/wp-content\/uploads\/sites\/4\/2021\/11\/Finde-19-21-MAD.jpeg\" \/>\n\t<meta property=\"og:image:width\" content=\"1080\" \/>\n\t<meta property=\"og:image:height\" content=\"1080\" \/>\n\t<meta property=\"og:image:type\" content=\"image\/jpeg\" \/>\n<meta name=\"author\" content=\"voluntariado\" \/>\n<meta name=\"twitter:card\" content=\"summary_large_image\" \/>\n<meta name=\"twitter:creator\" content=\"@urjc\" \/>\n<meta name=\"twitter:site\" content=\"@urjc\" \/>\n<script type=\"application\/ld+json\" class=\"yoast-schema-graph\">{\"@context\":\"https:\\\/\\\/schema.org\",\"@graph\":[{\"@type\":\"Article\",\"@id\":\"https:\\\/\\\/www.urjc2030.es\\\/ucdv\\\/1076-2\\\/#article\",\"isPartOf\":{\"@id\":\"https:\\\/\\\/www.urjc2030.es\\\/ucdv\\\/1076-2\\\/\"},\"author\":{\"name\":\"voluntariado\",\"@id\":\"https:\\\/\\\/www.urjc2030.es\\\/ucdv\\\/#\\\/schema\\\/person\\\/050421030607b47675a7268f40f084d6\"},\"headline\":\"Fin de semana formativo Global Challenge. Moda sostenible. 19-21 de noviembre de 2021\",\"datePublished\":\"2021-11-08T22:09:22+00:00\",\"dateModified\":\"2021-11-08T22:10:42+00:00\",\"mainEntityOfPage\":{\"@id\":\"https:\\\/\\\/www.urjc2030.es\\\/ucdv\\\/1076-2\\\/\"},\"wordCount\":387,\"publisher\":{\"@id\":\"https:\\\/\\\/www.urjc2030.es\\\/ucdv\\\/#organization\"},\"image\":{\"@id\":\"https:\\\/\\\/www.urjc2030.es\\\/ucdv\\\/1076-2\\\/#primaryimage\"},\"thumbnailUrl\":\"https:\\\/\\\/www.urjc2030.es\\\/ucdv\\\/wp-content\\\/uploads\\\/sites\\\/4\\\/2021\\\/11\\\/Finde-19-21-MAD.jpeg\",\"articleSection\":[\"Agenda\",\"Noticias\"],\"inLanguage\":\"es\"},{\"@type\":\"WebPage\",\"@id\":\"https:\\\/\\\/www.urjc2030.es\\\/ucdv\\\/1076-2\\\/\",\"url\":\"https:\\\/\\\/www.urjc2030.es\\\/ucdv\\\/1076-2\\\/\",\"name\":\"Fin de semana formativo Global Challenge. Moda sostenible. 19-21 de noviembre de 2021 - Unidad de Cooperaci\u00f3n al Desarrollo y Voluntariado\",\"isPartOf\":{\"@id\":\"https:\\\/\\\/www.urjc2030.es\\\/ucdv\\\/#website\"},\"primaryImageOfPage\":{\"@id\":\"https:\\\/\\\/www.urjc2030.es\\\/ucdv\\\/1076-2\\\/#primaryimage\"},\"image\":{\"@id\":\"https:\\\/\\\/www.urjc2030.es\\\/ucdv\\\/1076-2\\\/#primaryimage\"},\"thumbnailUrl\":\"https:\\\/\\\/www.urjc2030.es\\\/ucdv\\\/wp-content\\\/uploads\\\/sites\\\/4\\\/2021\\\/11\\\/Finde-19-21-MAD.jpeg\",\"datePublished\":\"2021-11-08T22:09:22+00:00\",\"dateModified\":\"2021-11-08T22:10:42+00:00\",\"breadcrumb\":{\"@id\":\"https:\\\/\\\/www.urjc2030.es\\\/ucdv\\\/1076-2\\\/#breadcrumb\"},\"inLanguage\":\"es\",\"potentialAction\":[{\"@type\":\"ReadAction\",\"target\":[\"https:\\\/\\\/www.urjc2030.es\\\/ucdv\\\/1076-2\\\/\"]}]},{\"@type\":\"ImageObject\",\"inLanguage\":\"es\",\"@id\":\"https:\\\/\\\/www.urjc2030.es\\\/ucdv\\\/1076-2\\\/#primaryimage\",\"url\":\"https:\\\/\\\/www.urjc2030.es\\\/ucdv\\\/wp-content\\\/uploads\\\/sites\\\/4\\\/2021\\\/11\\\/Finde-19-21-MAD.jpeg\",\"contentUrl\":\"https:\\\/\\\/www.urjc2030.es\\\/ucdv\\\/wp-content\\\/uploads\\\/sites\\\/4\\\/2021\\\/11\\\/Finde-19-21-MAD.jpeg\",\"width\":1080,\"height\":1080},{\"@type\":\"BreadcrumbList\",\"@id\":\"https:\\\/\\\/www.urjc2030.es\\\/ucdv\\\/1076-2\\\/#breadcrumb\",\"itemListElement\":[{\"@type\":\"ListItem\",\"position\":1,\"name\":\"Portada\",\"item\":\"https:\\\/\\\/www.urjc2030.es\\\/ucdv\\\/\"},{\"@type\":\"ListItem\",\"position\":2,\"name\":\"Fin de semana formativo Global Challenge. Moda sostenible. 19-21 de noviembre de 2021\"}]},{\"@type\":\"WebSite\",\"@id\":\"https:\\\/\\\/www.urjc2030.es\\\/ucdv\\\/#website\",\"url\":\"https:\\\/\\\/www.urjc2030.es\\\/ucdv\\\/\",\"name\":\"Unidad de Cooperaci\u00f3n al Desarrollo y Voluntariado\",\"description\":\"Promover y coordinar la gesti\u00f3n corporativa de ambas actividades dentro de la universidad.\",\"publisher\":{\"@id\":\"https:\\\/\\\/www.urjc2030.es\\\/ucdv\\\/#organization\"},\"potentialAction\":[{\"@type\":\"SearchAction\",\"target\":{\"@type\":\"EntryPoint\",\"urlTemplate\":\"https:\\\/\\\/www.urjc2030.es\\\/ucdv\\\/?s={search_term_string}\"},\"query-input\":{\"@type\":\"PropertyValueSpecification\",\"valueRequired\":true,\"valueName\":\"search_term_string\"}}],\"inLanguage\":\"es\"},{\"@type\":\"Organization\",\"@id\":\"https:\\\/\\\/www.urjc2030.es\\\/ucdv\\\/#organization\",\"name\":\"Universidad Rey Juan Carlos\",\"url\":\"https:\\\/\\\/www.urjc2030.es\\\/ucdv\\\/\",\"logo\":{\"@type\":\"ImageObject\",\"inLanguage\":\"es\",\"@id\":\"https:\\\/\\\/www.urjc2030.es\\\/ucdv\\\/#\\\/schema\\\/logo\\\/image\\\/\",\"url\":\"https:\\\/\\\/www.urjc2030.es\\\/scdv\\\/wp-content\\\/uploads\\\/sites\\\/4\\\/2020\\\/10\\\/logoURJC.png\",\"contentUrl\":\"https:\\\/\\\/www.urjc2030.es\\\/scdv\\\/wp-content\\\/uploads\\\/sites\\\/4\\\/2020\\\/10\\\/logoURJC.png\",\"width\":800,\"height\":305,\"caption\":\"Universidad Rey Juan Carlos\"},\"image\":{\"@id\":\"https:\\\/\\\/www.urjc2030.es\\\/ucdv\\\/#\\\/schema\\\/logo\\\/image\\\/\"},\"sameAs\":[\"https:\\\/\\\/www.facebook.com\\\/universidadreyjuancarlos\",\"https:\\\/\\\/x.com\\\/urjc\",\"https:\\\/\\\/www.instagram.com\\\/urjc_uni\\\/?hl=es\"]},{\"@type\":\"Person\",\"@id\":\"https:\\\/\\\/www.urjc2030.es\\\/ucdv\\\/#\\\/schema\\\/person\\\/050421030607b47675a7268f40f084d6\",\"name\":\"voluntariado\",\"image\":{\"@type\":\"ImageObject\",\"inLanguage\":\"es\",\"@id\":\"https:\\\/\\\/secure.gravatar.com\\\/avatar\\\/3231c3ccc7357b43a71206afe848ed56ae9528380132d6571e7d912d6a92f0d9?s=96&d=mm&r=g\",\"url\":\"https:\\\/\\\/secure.gravatar.com\\\/avatar\\\/3231c3ccc7357b43a71206afe848ed56ae9528380132d6571e7d912d6a92f0d9?s=96&d=mm&r=g\",\"contentUrl\":\"https:\\\/\\\/secure.gravatar.com\\\/avatar\\\/3231c3ccc7357b43a71206afe848ed56ae9528380132d6571e7d912d6a92f0d9?s=96&d=mm&r=g\",\"caption\":\"voluntariado\"}}]}<\/script>\n<!-- \/ Yoast SEO plugin. -->","yoast_head_json":{"title":"Fin de semana formativo Global Challenge. Moda sostenible. 19-21 de noviembre de 2021 - Unidad de Cooperaci\u00f3n al Desarrollo y Voluntariado","robots":{"index":"index","follow":"follow","max-snippet":"max-snippet:-1","max-image-preview":"max-image-preview:large","max-video-preview":"max-video-preview:-1"},"canonical":"https:\/\/www.urjc2030.es\/ucdv\/1076-2\/","og_locale":"es_ES","og_type":"article","og_title":"Fin de semana formativo Global Challenge. Moda sostenible. 19-21 de noviembre de 2021 - Unidad de Cooperaci\u00f3n al Desarrollo y Voluntariado","og_description":"Hola, amante de la moda y del activismo! \u00bfQuieres formar parte de la primera red universitaria de moda sostenible?\u00a0 Si quieres saber el recorrido que tu ropa hace por el mundo hasta llegar a tu armario.\u00a0 Si te importan los impactos ambientales y sociales de su producci\u00f3n.\u00a0 Si te interesa la moda, pero tambi\u00e9n el [&hellip;]","og_url":"https:\/\/www.urjc2030.es\/ucdv\/1076-2\/","og_site_name":"Unidad de Cooperaci\u00f3n al Desarrollo y Voluntariado","article_publisher":"https:\/\/www.facebook.com\/universidadreyjuancarlos","article_published_time":"2021-11-08T22:09:22+00:00","article_modified_time":"2021-11-08T22:10:42+00:00","og_image":[{"width":1080,"height":1080,"url":"https:\/\/www.urjc2030.es\/ucdv\/wp-content\/uploads\/sites\/4\/2021\/11\/Finde-19-21-MAD.jpeg","type":"image\/jpeg"}],"author":"voluntariado","twitter_card":"summary_large_image","twitter_creator":"@urjc","twitter_site":"@urjc","schema":{"@context":"https:\/\/schema.org","@graph":[{"@type":"Article","@id":"https:\/\/www.urjc2030.es\/ucdv\/1076-2\/#article","isPartOf":{"@id":"https:\/\/www.urjc2030.es\/ucdv\/1076-2\/"},"author":{"name":"voluntariado","@id":"https:\/\/www.urjc2030.es\/ucdv\/#\/schema\/person\/050421030607b47675a7268f40f084d6"},"headline":"Fin de semana formativo Global Challenge. Moda sostenible. 19-21 de noviembre de 2021","datePublished":"2021-11-08T22:09:22+00:00","dateModified":"2021-11-08T22:10:42+00:00","mainEntityOfPage":{"@id":"https:\/\/www.urjc2030.es\/ucdv\/1076-2\/"},"wordCount":387,"publisher":{"@id":"https:\/\/www.urjc2030.es\/ucdv\/#organization"},"image":{"@id":"https:\/\/www.urjc2030.es\/ucdv\/1076-2\/#primaryimage"},"thumbnailUrl":"https:\/\/www.urjc2030.es\/ucdv\/wp-content\/uploads\/sites\/4\/2021\/11\/Finde-19-21-MAD.jpeg","articleSection":["Agenda","Noticias"],"inLanguage":"es"},{"@type":"WebPage","@id":"https:\/\/www.urjc2030.es\/ucdv\/1076-2\/","url":"https:\/\/www.urjc2030.es\/ucdv\/1076-2\/","name":"Fin de semana formativo Global Challenge. Moda sostenible. 19-21 de noviembre de 2021 - Unidad de Cooperaci\u00f3n al Desarrollo y Voluntariado","isPartOf":{"@id":"https:\/\/www.urjc2030.es\/ucdv\/#website"},"primaryImageOfPage":{"@id":"https:\/\/www.urjc2030.es\/ucdv\/1076-2\/#primaryimage"},"image":{"@id":"https:\/\/www.urjc2030.es\/ucdv\/1076-2\/#primaryimage"},"thumbnailUrl":"https:\/\/www.urjc2030.es\/ucdv\/wp-content\/uploads\/sites\/4\/2021\/11\/Finde-19-21-MAD.jpeg","datePublished":"2021-11-08T22:09:22+00:00","dateModified":"2021-11-08T22:10:42+00:00","breadcrumb":{"@id":"https:\/\/www.urjc2030.es\/ucdv\/1076-2\/#breadcrumb"},"inLanguage":"es","potentialAction":[{"@type":"ReadAction","target":["https:\/\/www.urjc2030.es\/ucdv\/1076-2\/"]}]},{"@type":"ImageObject","inLanguage":"es","@id":"https:\/\/www.urjc2030.es\/ucdv\/1076-2\/#primaryimage","url":"https:\/\/www.urjc2030.es\/ucdv\/wp-content\/uploads\/sites\/4\/2021\/11\/Finde-19-21-MAD.jpeg","contentUrl":"https:\/\/www.urjc2030.es\/ucdv\/wp-content\/uploads\/sites\/4\/2021\/11\/Finde-19-21-MAD.jpeg","width":1080,"height":1080},{"@type":"BreadcrumbList","@id":"https:\/\/www.urjc2030.es\/ucdv\/1076-2\/#breadcrumb","itemListElement":[{"@type":"ListItem","position":1,"name":"Portada","item":"https:\/\/www.urjc2030.es\/ucdv\/"},{"@type":"ListItem","position":2,"name":"Fin de semana formativo Global Challenge. Moda sostenible. 19-21 de noviembre de 2021"}]},{"@type":"WebSite","@id":"https:\/\/www.urjc2030.es\/ucdv\/#website","url":"https:\/\/www.urjc2030.es\/ucdv\/","name":"Unidad de Cooperaci\u00f3n al Desarrollo y Voluntariado","description":"Promover y coordinar la gesti\u00f3n corporativa de ambas actividades dentro de la universidad.","publisher":{"@id":"https:\/\/www.urjc2030.es\/ucdv\/#organization"},"potentialAction":[{"@type":"SearchAction","target":{"@type":"EntryPoint","urlTemplate":"https:\/\/www.urjc2030.es\/ucdv\/?s={search_term_string}"},"query-input":{"@type":"PropertyValueSpecification","valueRequired":true,"valueName":"search_term_string"}}],"inLanguage":"es"},{"@type":"Organization","@id":"https:\/\/www.urjc2030.es\/ucdv\/#organization","name":"Universidad Rey Juan Carlos","url":"https:\/\/www.urjc2030.es\/ucdv\/","logo":{"@type":"ImageObject","inLanguage":"es","@id":"https:\/\/www.urjc2030.es\/ucdv\/#\/schema\/logo\/image\/","url":"https:\/\/www.urjc2030.es\/scdv\/wp-content\/uploads\/sites\/4\/2020\/10\/logoURJC.png","contentUrl":"https:\/\/www.urjc2030.es\/scdv\/wp-content\/uploads\/sites\/4\/2020\/10\/logoURJC.png","width":800,"height":305,"caption":"Universidad Rey Juan Carlos"},"image":{"@id":"https:\/\/www.urjc2030.es\/ucdv\/#\/schema\/logo\/image\/"},"sameAs":["https:\/\/www.facebook.com\/universidadreyjuancarlos","https:\/\/x.com\/urjc","https:\/\/www.instagram.com\/urjc_uni\/?hl=es"]},{"@type":"Person","@id":"https:\/\/www.urjc2030.es\/ucdv\/#\/schema\/person\/050421030607b47675a7268f40f084d6","name":"voluntariado","image":{"@type":"ImageObject","inLanguage":"es","@id":"https:\/\/secure.gravatar.com\/avatar\/3231c3ccc7357b43a71206afe848ed56ae9528380132d6571e7d912d6a92f0d9?s=96&d=mm&r=g","url":"https:\/\/secure.gravatar.com\/avatar\/3231c3ccc7357b43a71206afe848ed56ae9528380132d6571e7d912d6a92f0d9?s=96&d=mm&r=g","contentUrl":"https:\/\/secure.gravatar.com\/avatar\/3231c3ccc7357b43a71206afe848ed56ae9528380132d6571e7d912d6a92f0d9?s=96&d=mm&r=g","caption":"voluntariado"}}]}},"_links":{"self":[{"href":"https:\/\/www.urjc2030.es\/ucdv\/wp-json\/wp\/v2\/posts\/1076","targetHints":{"allow":["GET"]}}],"collection":[{"href":"https:\/\/www.urjc2030.es\/ucdv\/wp-json\/wp\/v2\/posts"}],"about":[{"href":"https:\/\/www.urjc2030.es\/ucdv\/wp-json\/wp\/v2\/types\/post"}],"author":[{"embeddable":true,"href":"https:\/\/www.urjc2030.es\/ucdv\/wp-json\/wp\/v2\/users\/9"}],"replies":[{"embeddable":true,"href":"https:\/\/www.urjc2030.es\/ucdv\/wp-json\/wp\/v2\/comments?post=1076"}],"version-history":[{"count":3,"href":"https:\/\/www.urjc2030.es\/ucdv\/wp-json\/wp\/v2\/posts\/1076\/revisions"}],"predecessor-version":[{"id":1080,"href":"https:\/\/www.urjc2030.es\/ucdv\/wp-json\/wp\/v2\/posts\/1076\/revisions\/1080"}],"wp:featuredmedia":[{"embeddable":true,"href":"https:\/\/www.urjc2030.es\/ucdv\/wp-json\/wp\/v2\/media\/1077"}],"wp:attachment":[{"href":"https:\/\/www.urjc2030.es\/ucdv\/wp-json\/wp\/v2\/media?parent=1076"}],"wp:term":[{"taxonomy":"category","embeddable":true,"href":"https:\/\/www.urjc2030.es\/ucdv\/wp-json\/wp\/v2\/categories?post=1076"},{"taxonomy":"post_tag","embeddable":true,"href":"https:\/\/www.urjc2030.es\/ucdv\/wp-json\/wp\/v2\/tags?post=1076"}],"curies":[{"name":"wp","href":"https:\/\/api.w.org\/{rel}","templated":true}]}}