{"id":1102,"date":"2022-02-14T08:53:42","date_gmt":"2022-02-14T08:53:42","guid":{"rendered":"https:\/\/www.urjc2030.es\/scdv\/?p=1102"},"modified":"2022-02-14T09:28:07","modified_gmt":"2022-02-14T09:28:07","slug":"global-challenge-21-22-2","status":"publish","type":"post","link":"https:\/\/www.urjc2030.es\/ucdv\/global-challenge-21-22-2\/","title":{"rendered":"Formaci\u00f3n Global Challenge. Segundo semestre curso 21-22. Ciclo Cuidar la vida"},"content":{"rendered":"<p><b>Escuela Global Challenge &#8211; Ciclo Cuidar la vida<\/b><\/p>\n<p><span style=\"font-weight: 400\">Un itinerario pensado para estudiantes que quieren formarse para un mundo que no deje a nadie atr\u00e1s.<\/span><\/p>\n<p><span style=\"font-weight: 400\">El programa #GlobalChallenge arranca este segundo semestre del curso 21-22 con una propuesta formativa online pensada para estudiantes universitarios que quieran aproximarse a los retos globales de nuestro tiempo desde una perspectiva cr\u00edtica y transformadora.\u00a0\u00a0\u00a0\u00a0\u00a0<\/span><\/p>\n<p><span style=\"font-weight: 400\">El ciclo CUIDAR LA VIDA de Global Challenge ofrece dos cursos simult\u00e1neos para reflexionar sobre\u00a0 c\u00f3mo enfrentar la crisis ecol\u00f3gica y social, repensando la econom\u00eda, el consumo, la ciencia, las ciudades\u2026 y para\u00a0 hablar sobre el papel que tienen los servicios p\u00fablicos para garantizar los derechos humanos y actuar frente a la pobreza y la desigualdad.<\/span><\/p>\n<p><span style=\"font-weight: 400\">Las formaciones se pueden realizar de manera independiente. Se puede hacer la inscripci\u00f3n en un \u00fanico curso o en ambos.\u00a0<\/span><\/p>\n<p><b>Duraci\u00f3n: <\/b><span style=\"font-weight: 400\">4 semanas, <\/span><b>28 febrero a 27 marzo<\/b><\/p>\n<p><b>Dedicaci\u00f3n:<\/b><span style=\"font-weight: 400\"> 16 horas. Gesti\u00f3n aut\u00f3noma del tiempo.\u00a0<\/span><\/p>\n<p><b>Modalidad en l\u00ednea. <\/b><span style=\"font-weight: 400\">Plataforma moodle.\u00a0<\/span><\/p>\n<p><b>M\u00e1s info: <\/b><a href=\"http:\/\/globalchallenge.es\/events\/escuela-global-challenge-ciclo-cuidar-la-vida\/\"><b>http:\/\/globalchallenge.es\/events\/escuela-global-challenge-ciclo-cuidar-la-vida\/<\/b><\/a><b>\u00a0<\/b><\/p>\n<p><b>1.- PONER EL MUNDO PATAS ARRIBA. Propuestas del ecofeminismo para una vida mejor.<\/b><\/p>\n<p><b>\u00bfImagin\u00e1is al CEO de una multinacional dando las gracias al planeta por haber hecho posible la rentabilidad de su empresa? \u00bfO a un futbolista de \u00e9lite cediendo su \u201cbal\u00f3n de oro\u201d a los cientos de personas que le han alimentado, vestido, cuidado, entrenado\u2026 y hasta pasado el bal\u00f3n para que \u00e9l brille?<\/b><\/p>\n<p><span style=\"font-weight: 400\">En esta formaci\u00f3n te invitamos a reflexionar sobre el orden de las cosas, de las prioridades, de las personas, sobre el que se apoya nuestro modelo de mundo y que nos ha llevado a estar inmersas en una crisis ecol\u00f3gica y de reproducci\u00f3n social.\u00a0 Pero tambi\u00e9n a imaginar otro que ponga \u201cpatas arriba\u201d la sociedad, la econom\u00eda, la ciencia, la educaci\u00f3n\u2026y que sit\u00fae el bienestar de las personas y de la naturaleza como objetivo de las decisiones personales y colectivas.\u00a0<\/span><\/p>\n<p><span style=\"font-weight: 400\">Desde las defensoras de la tierra hasta las iniciativas de solidaridad ciudadana, pasando por otra manera de distribuir el tiempo de trabajo y el de cuidados e incluso de ejercer el liderazgo profesional, repasaremos experiencias locales y globales que demuestran que es posible vivir en coherencia con la naturaleza.\u00a0<\/span><\/p>\n<p><b>Programa: <\/b><a href=\"http:\/\/globalchallenge.es\/wp-content\/uploads\/2022\/02\/Programa-Poner-el-mundo-patas-arriba.pdf\"><span style=\"font-weight: 400\">http:\/\/globalchallenge.es\/wp-content\/uploads\/2022\/02\/Programa-Poner-el-mundo-patas-arriba.pdf<\/span><\/a><\/p>\n<p><a href=\"https:\/\/forms.gle\/Cmr9JubZicEH9eAo6\"><b>Inscripciones<\/b><\/a><b> hasta el 23 de febrero:<\/b> <a href=\"https:\/\/forms.gle\/kPauxMqvK7zHsdUf9\"><span style=\"font-weight: 400\">https:\/\/forms.gle\/kPauxMqvK7zHsdUf9<\/span><\/a><span style=\"font-weight: 400\">\u00a0<\/span><\/p>\n<p>&nbsp;<\/p>\n<p><b>2.- CUIDARNOS EN SOCIEDAD. C\u00f3mo nos organizamos para hacer posible el bien com\u00fan, los derechos humanos y la felicidad.\u00a0<\/b><\/p>\n<p><b>\u00bfQu\u00e9 te hace ser feliz? \u00bfQu\u00e9 es el bienestar? <\/b><b>\u00bfQu\u00e9 mecanismos tienen los Estados actuales para contribuir al buen vivir de su ciudadan\u00eda?, \u00bfqu\u00e9 \u00e1mbitos de los cuidados se pueden satisfacer desde el Estado? \u00bfC\u00f3mo se financian?, Y\u00bfqu\u00e9 papel tienen los impuestos?<\/b><\/p>\n<p><span style=\"font-weight: 400\">Las instituciones p\u00fablicas son claves para garantizar la cobertura de las necesidades humanas y garantizar el ejercicio de los derechos de todas las personas.Por eso si hablamos de cuidados hay que hablar de c\u00f3mo nos organizamos socialmente para garantizar los derechos humanos (la educaci\u00f3n, la salud, la vivienda, la participaci\u00f3n\u2026)<\/span><\/p>\n<p><span style=\"font-weight: 400\">Para la mayor\u00eda de nosotr@ el funcionamiento de los servicios p\u00fablicos es desconocido y complejo, lo que hace que este mecanismo de solidaridad y cuidado mutuo sea invisible, poco reconocido e incluso est\u00e9 cuestionado. Es un tema que nos compete a tod@s, como profesionales, usuarios de los servicios que prestan las instituciones y como ciudadan\u00eda, pero no suele formar parte de los programas de estudios\u2026<\/span><\/p>\n<p><b>Programa: <\/b><a href=\"http:\/\/globalchallenge.es\/wp-content\/uploads\/2022\/02\/Programa-Cuidarnos-en-sociedad.pdf\"><span style=\"font-weight: 400\">http:\/\/globalchallenge.es\/wp-content\/uploads\/2022\/02\/Programa-Cuidarnos-en-sociedad.pdf<\/span><\/a><\/p>\n<p><a href=\"https:\/\/forms.gle\/Cmr9JubZicEH9eAo6\"><b>Inscripciones<\/b><\/a><b> hasta el 23 de febrero:<\/b> <a href=\"https:\/\/forms.gle\/N2vFWd3i9A2gzPUn6\"><span style=\"font-weight: 400\">https:\/\/forms.gle\/N2vFWd3i9A2gzPUn6<\/span><\/a><\/p>\n<p><span style=\"font-weight: 400\">Esta propuesta formativa dirigida a estudiantes universitarios est\u00e1 incluida en el programa #GlobalChallenge, impulsado por ONGAWA, ICID y la Conferencia de Rectores de las Universidades Espa\u00f1olas (CRUE), y en el que participan 11 universidades espa\u00f1olas. Global Challenge cuenta con el apoyo del Ayuntamiento de Madrid.<\/span> <a href=\"http:\/\/www.globalchallenge.es\/\"><span style=\"font-weight: 400\">www.globalchallenge.es<\/span><\/a><\/p>\n","protected":false},"excerpt":{"rendered":"<p>Escuela Global Challenge &#8211; Ciclo Cuidar la vida Un itinerario pensado para estudiantes que quieren formarse para un mundo que no deje a nadie atr\u00e1s. El programa #GlobalChallenge arranca este segundo semestre del curso 21-22 con una propuesta formativa online pensada para estudiantes universitarios que quieran aproximarse a los retos globales de nuestro tiempo desde [&hellip;]<\/p>\n","protected":false},"author":9,"featured_media":1106,"comment_status":"closed","ping_status":"closed","sticky":false,"template":"","format":"standard","meta":{"_et_pb_use_builder":"","_et_pb_old_content":"","_et_gb_content_width":"","cybocfi_hide_featured_image":"","footnotes":""},"categories":[20,19],"tags":[],"class_list":["post-1102","post","type-post","status-publish","format-standard","has-post-thumbnail","hentry","category-agenda-scdv","category-noticias-scdv"],"yoast_head":"<!-- This site is optimized with the Yoast SEO plugin v27.5 - https:\/\/yoast.com\/product\/yoast-seo-wordpress\/ -->\n<title>Formaci\u00f3n Global Challenge. Segundo semestre curso 21-22. Ciclo Cuidar la vida - Unidad de Cooperaci\u00f3n al Desarrollo y Voluntariado<\/title>\n<meta name=\"robots\" content=\"index, follow, max-snippet:-1, max-image-preview:large, max-video-preview:-1\" \/>\n<link rel=\"canonical\" href=\"https:\/\/www.urjc2030.es\/ucdv\/global-challenge-21-22-2\/\" \/>\n<meta property=\"og:locale\" content=\"es_ES\" \/>\n<meta property=\"og:type\" content=\"article\" \/>\n<meta property=\"og:title\" content=\"Formaci\u00f3n Global Challenge. Segundo semestre curso 21-22. Ciclo Cuidar la vida - Unidad de Cooperaci\u00f3n al Desarrollo y Voluntariado\" \/>\n<meta property=\"og:description\" content=\"Escuela Global Challenge &#8211; Ciclo Cuidar la vida Un itinerario pensado para estudiantes que quieren formarse para un mundo que no deje a nadie atr\u00e1s. El programa #GlobalChallenge arranca este segundo semestre del curso 21-22 con una propuesta formativa online pensada para estudiantes universitarios que quieran aproximarse a los retos globales de nuestro tiempo desde [&hellip;]\" \/>\n<meta property=\"og:url\" content=\"https:\/\/www.urjc2030.es\/ucdv\/global-challenge-21-22-2\/\" \/>\n<meta property=\"og:site_name\" content=\"Unidad de Cooperaci\u00f3n al Desarrollo y Voluntariado\" \/>\n<meta property=\"article:publisher\" content=\"https:\/\/www.facebook.com\/universidadreyjuancarlos\" \/>\n<meta property=\"article:published_time\" content=\"2022-02-14T08:53:42+00:00\" \/>\n<meta property=\"article:modified_time\" content=\"2022-02-14T09:28:07+00:00\" \/>\n<meta property=\"og:image\" content=\"https:\/\/www.urjc2030.es\/ucdv\/wp-content\/uploads\/sites\/4\/2022\/02\/Ciclo-cuidar-la-vida.png\" \/>\n\t<meta property=\"og:image:width\" content=\"940\" \/>\n\t<meta property=\"og:image:height\" content=\"788\" \/>\n\t<meta property=\"og:image:type\" content=\"image\/png\" \/>\n<meta name=\"author\" content=\"voluntariado\" \/>\n<meta name=\"twitter:card\" content=\"summary_large_image\" \/>\n<meta name=\"twitter:creator\" content=\"@urjc\" \/>\n<meta name=\"twitter:site\" content=\"@urjc\" \/>\n<script type=\"application\/ld+json\" class=\"yoast-schema-graph\">{\"@context\":\"https:\\\/\\\/schema.org\",\"@graph\":[{\"@type\":\"Article\",\"@id\":\"https:\\\/\\\/www.urjc2030.es\\\/ucdv\\\/global-challenge-21-22-2\\\/#article\",\"isPartOf\":{\"@id\":\"https:\\\/\\\/www.urjc2030.es\\\/ucdv\\\/global-challenge-21-22-2\\\/\"},\"author\":{\"name\":\"voluntariado\",\"@id\":\"https:\\\/\\\/www.urjc2030.es\\\/ucdv\\\/#\\\/schema\\\/person\\\/050421030607b47675a7268f40f084d6\"},\"headline\":\"Formaci\u00f3n Global Challenge. Segundo semestre curso 21-22. Ciclo Cuidar la vida\",\"datePublished\":\"2022-02-14T08:53:42+00:00\",\"dateModified\":\"2022-02-14T09:28:07+00:00\",\"mainEntityOfPage\":{\"@id\":\"https:\\\/\\\/www.urjc2030.es\\\/ucdv\\\/global-challenge-21-22-2\\\/\"},\"wordCount\":669,\"publisher\":{\"@id\":\"https:\\\/\\\/www.urjc2030.es\\\/ucdv\\\/#organization\"},\"image\":{\"@id\":\"https:\\\/\\\/www.urjc2030.es\\\/ucdv\\\/global-challenge-21-22-2\\\/#primaryimage\"},\"thumbnailUrl\":\"https:\\\/\\\/www.urjc2030.es\\\/ucdv\\\/wp-content\\\/uploads\\\/sites\\\/4\\\/2022\\\/02\\\/Ciclo-cuidar-la-vida.png\",\"articleSection\":[\"Agenda\",\"Noticias\"],\"inLanguage\":\"es\"},{\"@type\":\"WebPage\",\"@id\":\"https:\\\/\\\/www.urjc2030.es\\\/ucdv\\\/global-challenge-21-22-2\\\/\",\"url\":\"https:\\\/\\\/www.urjc2030.es\\\/ucdv\\\/global-challenge-21-22-2\\\/\",\"name\":\"Formaci\u00f3n Global Challenge. Segundo semestre curso 21-22. Ciclo Cuidar la vida - Unidad de Cooperaci\u00f3n al Desarrollo y Voluntariado\",\"isPartOf\":{\"@id\":\"https:\\\/\\\/www.urjc2030.es\\\/ucdv\\\/#website\"},\"primaryImageOfPage\":{\"@id\":\"https:\\\/\\\/www.urjc2030.es\\\/ucdv\\\/global-challenge-21-22-2\\\/#primaryimage\"},\"image\":{\"@id\":\"https:\\\/\\\/www.urjc2030.es\\\/ucdv\\\/global-challenge-21-22-2\\\/#primaryimage\"},\"thumbnailUrl\":\"https:\\\/\\\/www.urjc2030.es\\\/ucdv\\\/wp-content\\\/uploads\\\/sites\\\/4\\\/2022\\\/02\\\/Ciclo-cuidar-la-vida.png\",\"datePublished\":\"2022-02-14T08:53:42+00:00\",\"dateModified\":\"2022-02-14T09:28:07+00:00\",\"breadcrumb\":{\"@id\":\"https:\\\/\\\/www.urjc2030.es\\\/ucdv\\\/global-challenge-21-22-2\\\/#breadcrumb\"},\"inLanguage\":\"es\",\"potentialAction\":[{\"@type\":\"ReadAction\",\"target\":[\"https:\\\/\\\/www.urjc2030.es\\\/ucdv\\\/global-challenge-21-22-2\\\/\"]}]},{\"@type\":\"ImageObject\",\"inLanguage\":\"es\",\"@id\":\"https:\\\/\\\/www.urjc2030.es\\\/ucdv\\\/global-challenge-21-22-2\\\/#primaryimage\",\"url\":\"https:\\\/\\\/www.urjc2030.es\\\/ucdv\\\/wp-content\\\/uploads\\\/sites\\\/4\\\/2022\\\/02\\\/Ciclo-cuidar-la-vida.png\",\"contentUrl\":\"https:\\\/\\\/www.urjc2030.es\\\/ucdv\\\/wp-content\\\/uploads\\\/sites\\\/4\\\/2022\\\/02\\\/Ciclo-cuidar-la-vida.png\",\"width\":940,\"height\":788},{\"@type\":\"BreadcrumbList\",\"@id\":\"https:\\\/\\\/www.urjc2030.es\\\/ucdv\\\/global-challenge-21-22-2\\\/#breadcrumb\",\"itemListElement\":[{\"@type\":\"ListItem\",\"position\":1,\"name\":\"Portada\",\"item\":\"https:\\\/\\\/www.urjc2030.es\\\/ucdv\\\/\"},{\"@type\":\"ListItem\",\"position\":2,\"name\":\"Formaci\u00f3n Global Challenge. Segundo semestre curso 21-22. Ciclo Cuidar la vida\"}]},{\"@type\":\"WebSite\",\"@id\":\"https:\\\/\\\/www.urjc2030.es\\\/ucdv\\\/#website\",\"url\":\"https:\\\/\\\/www.urjc2030.es\\\/ucdv\\\/\",\"name\":\"Unidad de Cooperaci\u00f3n al Desarrollo y Voluntariado\",\"description\":\"Promover y coordinar la gesti\u00f3n corporativa de ambas actividades dentro de la universidad.\",\"publisher\":{\"@id\":\"https:\\\/\\\/www.urjc2030.es\\\/ucdv\\\/#organization\"},\"potentialAction\":[{\"@type\":\"SearchAction\",\"target\":{\"@type\":\"EntryPoint\",\"urlTemplate\":\"https:\\\/\\\/www.urjc2030.es\\\/ucdv\\\/?s={search_term_string}\"},\"query-input\":{\"@type\":\"PropertyValueSpecification\",\"valueRequired\":true,\"valueName\":\"search_term_string\"}}],\"inLanguage\":\"es\"},{\"@type\":\"Organization\",\"@id\":\"https:\\\/\\\/www.urjc2030.es\\\/ucdv\\\/#organization\",\"name\":\"Universidad Rey Juan Carlos\",\"url\":\"https:\\\/\\\/www.urjc2030.es\\\/ucdv\\\/\",\"logo\":{\"@type\":\"ImageObject\",\"inLanguage\":\"es\",\"@id\":\"https:\\\/\\\/www.urjc2030.es\\\/ucdv\\\/#\\\/schema\\\/logo\\\/image\\\/\",\"url\":\"https:\\\/\\\/www.urjc2030.es\\\/scdv\\\/wp-content\\\/uploads\\\/sites\\\/4\\\/2020\\\/10\\\/logoURJC.png\",\"contentUrl\":\"https:\\\/\\\/www.urjc2030.es\\\/scdv\\\/wp-content\\\/uploads\\\/sites\\\/4\\\/2020\\\/10\\\/logoURJC.png\",\"width\":800,\"height\":305,\"caption\":\"Universidad Rey Juan Carlos\"},\"image\":{\"@id\":\"https:\\\/\\\/www.urjc2030.es\\\/ucdv\\\/#\\\/schema\\\/logo\\\/image\\\/\"},\"sameAs\":[\"https:\\\/\\\/www.facebook.com\\\/universidadreyjuancarlos\",\"https:\\\/\\\/x.com\\\/urjc\",\"https:\\\/\\\/www.instagram.com\\\/urjc_uni\\\/?hl=es\"]},{\"@type\":\"Person\",\"@id\":\"https:\\\/\\\/www.urjc2030.es\\\/ucdv\\\/#\\\/schema\\\/person\\\/050421030607b47675a7268f40f084d6\",\"name\":\"voluntariado\",\"image\":{\"@type\":\"ImageObject\",\"inLanguage\":\"es\",\"@id\":\"https:\\\/\\\/secure.gravatar.com\\\/avatar\\\/3231c3ccc7357b43a71206afe848ed56ae9528380132d6571e7d912d6a92f0d9?s=96&d=mm&r=g\",\"url\":\"https:\\\/\\\/secure.gravatar.com\\\/avatar\\\/3231c3ccc7357b43a71206afe848ed56ae9528380132d6571e7d912d6a92f0d9?s=96&d=mm&r=g\",\"contentUrl\":\"https:\\\/\\\/secure.gravatar.com\\\/avatar\\\/3231c3ccc7357b43a71206afe848ed56ae9528380132d6571e7d912d6a92f0d9?s=96&d=mm&r=g\",\"caption\":\"voluntariado\"}}]}<\/script>\n<!-- \/ Yoast SEO plugin. -->","yoast_head_json":{"title":"Formaci\u00f3n Global Challenge. Segundo semestre curso 21-22. Ciclo Cuidar la vida - Unidad de Cooperaci\u00f3n al Desarrollo y Voluntariado","robots":{"index":"index","follow":"follow","max-snippet":"max-snippet:-1","max-image-preview":"max-image-preview:large","max-video-preview":"max-video-preview:-1"},"canonical":"https:\/\/www.urjc2030.es\/ucdv\/global-challenge-21-22-2\/","og_locale":"es_ES","og_type":"article","og_title":"Formaci\u00f3n Global Challenge. Segundo semestre curso 21-22. Ciclo Cuidar la vida - Unidad de Cooperaci\u00f3n al Desarrollo y Voluntariado","og_description":"Escuela Global Challenge &#8211; Ciclo Cuidar la vida Un itinerario pensado para estudiantes que quieren formarse para un mundo que no deje a nadie atr\u00e1s. El programa #GlobalChallenge arranca este segundo semestre del curso 21-22 con una propuesta formativa online pensada para estudiantes universitarios que quieran aproximarse a los retos globales de nuestro tiempo desde [&hellip;]","og_url":"https:\/\/www.urjc2030.es\/ucdv\/global-challenge-21-22-2\/","og_site_name":"Unidad de Cooperaci\u00f3n al Desarrollo y Voluntariado","article_publisher":"https:\/\/www.facebook.com\/universidadreyjuancarlos","article_published_time":"2022-02-14T08:53:42+00:00","article_modified_time":"2022-02-14T09:28:07+00:00","og_image":[{"width":940,"height":788,"url":"https:\/\/www.urjc2030.es\/ucdv\/wp-content\/uploads\/sites\/4\/2022\/02\/Ciclo-cuidar-la-vida.png","type":"image\/png"}],"author":"voluntariado","twitter_card":"summary_large_image","twitter_creator":"@urjc","twitter_site":"@urjc","schema":{"@context":"https:\/\/schema.org","@graph":[{"@type":"Article","@id":"https:\/\/www.urjc2030.es\/ucdv\/global-challenge-21-22-2\/#article","isPartOf":{"@id":"https:\/\/www.urjc2030.es\/ucdv\/global-challenge-21-22-2\/"},"author":{"name":"voluntariado","@id":"https:\/\/www.urjc2030.es\/ucdv\/#\/schema\/person\/050421030607b47675a7268f40f084d6"},"headline":"Formaci\u00f3n Global Challenge. Segundo semestre curso 21-22. Ciclo Cuidar la vida","datePublished":"2022-02-14T08:53:42+00:00","dateModified":"2022-02-14T09:28:07+00:00","mainEntityOfPage":{"@id":"https:\/\/www.urjc2030.es\/ucdv\/global-challenge-21-22-2\/"},"wordCount":669,"publisher":{"@id":"https:\/\/www.urjc2030.es\/ucdv\/#organization"},"image":{"@id":"https:\/\/www.urjc2030.es\/ucdv\/global-challenge-21-22-2\/#primaryimage"},"thumbnailUrl":"https:\/\/www.urjc2030.es\/ucdv\/wp-content\/uploads\/sites\/4\/2022\/02\/Ciclo-cuidar-la-vida.png","articleSection":["Agenda","Noticias"],"inLanguage":"es"},{"@type":"WebPage","@id":"https:\/\/www.urjc2030.es\/ucdv\/global-challenge-21-22-2\/","url":"https:\/\/www.urjc2030.es\/ucdv\/global-challenge-21-22-2\/","name":"Formaci\u00f3n Global Challenge. Segundo semestre curso 21-22. Ciclo Cuidar la vida - Unidad de Cooperaci\u00f3n al Desarrollo y Voluntariado","isPartOf":{"@id":"https:\/\/www.urjc2030.es\/ucdv\/#website"},"primaryImageOfPage":{"@id":"https:\/\/www.urjc2030.es\/ucdv\/global-challenge-21-22-2\/#primaryimage"},"image":{"@id":"https:\/\/www.urjc2030.es\/ucdv\/global-challenge-21-22-2\/#primaryimage"},"thumbnailUrl":"https:\/\/www.urjc2030.es\/ucdv\/wp-content\/uploads\/sites\/4\/2022\/02\/Ciclo-cuidar-la-vida.png","datePublished":"2022-02-14T08:53:42+00:00","dateModified":"2022-02-14T09:28:07+00:00","breadcrumb":{"@id":"https:\/\/www.urjc2030.es\/ucdv\/global-challenge-21-22-2\/#breadcrumb"},"inLanguage":"es","potentialAction":[{"@type":"ReadAction","target":["https:\/\/www.urjc2030.es\/ucdv\/global-challenge-21-22-2\/"]}]},{"@type":"ImageObject","inLanguage":"es","@id":"https:\/\/www.urjc2030.es\/ucdv\/global-challenge-21-22-2\/#primaryimage","url":"https:\/\/www.urjc2030.es\/ucdv\/wp-content\/uploads\/sites\/4\/2022\/02\/Ciclo-cuidar-la-vida.png","contentUrl":"https:\/\/www.urjc2030.es\/ucdv\/wp-content\/uploads\/sites\/4\/2022\/02\/Ciclo-cuidar-la-vida.png","width":940,"height":788},{"@type":"BreadcrumbList","@id":"https:\/\/www.urjc2030.es\/ucdv\/global-challenge-21-22-2\/#breadcrumb","itemListElement":[{"@type":"ListItem","position":1,"name":"Portada","item":"https:\/\/www.urjc2030.es\/ucdv\/"},{"@type":"ListItem","position":2,"name":"Formaci\u00f3n Global Challenge. Segundo semestre curso 21-22. Ciclo Cuidar la vida"}]},{"@type":"WebSite","@id":"https:\/\/www.urjc2030.es\/ucdv\/#website","url":"https:\/\/www.urjc2030.es\/ucdv\/","name":"Unidad de Cooperaci\u00f3n al Desarrollo y Voluntariado","description":"Promover y coordinar la gesti\u00f3n corporativa de ambas actividades dentro de la universidad.","publisher":{"@id":"https:\/\/www.urjc2030.es\/ucdv\/#organization"},"potentialAction":[{"@type":"SearchAction","target":{"@type":"EntryPoint","urlTemplate":"https:\/\/www.urjc2030.es\/ucdv\/?s={search_term_string}"},"query-input":{"@type":"PropertyValueSpecification","valueRequired":true,"valueName":"search_term_string"}}],"inLanguage":"es"},{"@type":"Organization","@id":"https:\/\/www.urjc2030.es\/ucdv\/#organization","name":"Universidad Rey Juan Carlos","url":"https:\/\/www.urjc2030.es\/ucdv\/","logo":{"@type":"ImageObject","inLanguage":"es","@id":"https:\/\/www.urjc2030.es\/ucdv\/#\/schema\/logo\/image\/","url":"https:\/\/www.urjc2030.es\/scdv\/wp-content\/uploads\/sites\/4\/2020\/10\/logoURJC.png","contentUrl":"https:\/\/www.urjc2030.es\/scdv\/wp-content\/uploads\/sites\/4\/2020\/10\/logoURJC.png","width":800,"height":305,"caption":"Universidad Rey Juan Carlos"},"image":{"@id":"https:\/\/www.urjc2030.es\/ucdv\/#\/schema\/logo\/image\/"},"sameAs":["https:\/\/www.facebook.com\/universidadreyjuancarlos","https:\/\/x.com\/urjc","https:\/\/www.instagram.com\/urjc_uni\/?hl=es"]},{"@type":"Person","@id":"https:\/\/www.urjc2030.es\/ucdv\/#\/schema\/person\/050421030607b47675a7268f40f084d6","name":"voluntariado","image":{"@type":"ImageObject","inLanguage":"es","@id":"https:\/\/secure.gravatar.com\/avatar\/3231c3ccc7357b43a71206afe848ed56ae9528380132d6571e7d912d6a92f0d9?s=96&d=mm&r=g","url":"https:\/\/secure.gravatar.com\/avatar\/3231c3ccc7357b43a71206afe848ed56ae9528380132d6571e7d912d6a92f0d9?s=96&d=mm&r=g","contentUrl":"https:\/\/secure.gravatar.com\/avatar\/3231c3ccc7357b43a71206afe848ed56ae9528380132d6571e7d912d6a92f0d9?s=96&d=mm&r=g","caption":"voluntariado"}}]}},"_links":{"self":[{"href":"https:\/\/www.urjc2030.es\/ucdv\/wp-json\/wp\/v2\/posts\/1102","targetHints":{"allow":["GET"]}}],"collection":[{"href":"https:\/\/www.urjc2030.es\/ucdv\/wp-json\/wp\/v2\/posts"}],"about":[{"href":"https:\/\/www.urjc2030.es\/ucdv\/wp-json\/wp\/v2\/types\/post"}],"author":[{"embeddable":true,"href":"https:\/\/www.urjc2030.es\/ucdv\/wp-json\/wp\/v2\/users\/9"}],"replies":[{"embeddable":true,"href":"https:\/\/www.urjc2030.es\/ucdv\/wp-json\/wp\/v2\/comments?post=1102"}],"version-history":[{"count":3,"href":"https:\/\/www.urjc2030.es\/ucdv\/wp-json\/wp\/v2\/posts\/1102\/revisions"}],"predecessor-version":[{"id":1105,"href":"https:\/\/www.urjc2030.es\/ucdv\/wp-json\/wp\/v2\/posts\/1102\/revisions\/1105"}],"wp:featuredmedia":[{"embeddable":true,"href":"https:\/\/www.urjc2030.es\/ucdv\/wp-json\/wp\/v2\/media\/1106"}],"wp:attachment":[{"href":"https:\/\/www.urjc2030.es\/ucdv\/wp-json\/wp\/v2\/media?parent=1102"}],"wp:term":[{"taxonomy":"category","embeddable":true,"href":"https:\/\/www.urjc2030.es\/ucdv\/wp-json\/wp\/v2\/categories?post=1102"},{"taxonomy":"post_tag","embeddable":true,"href":"https:\/\/www.urjc2030.es\/ucdv\/wp-json\/wp\/v2\/tags?post=1102"}],"curies":[{"name":"wp","href":"https:\/\/api.w.org\/{rel}","templated":true}]}}