{"id":1289,"date":"2023-03-30T16:49:07","date_gmt":"2023-03-30T16:49:07","guid":{"rendered":"https:\/\/www.urjc2030.es\/ucdv\/?p=1289"},"modified":"2025-03-20T11:47:48","modified_gmt":"2025-03-20T11:47:48","slug":"ayudas-a-personas-refugiadas-apatridas","status":"publish","type":"post","link":"https:\/\/www.urjc2030.es\/ucdv\/ayudas-a-personas-refugiadas-apatridas\/","title":{"rendered":"La Universidad Rey Juan Carlos realiza esta Convocatoria de Ayudas a personas refugiadas, ap\u00e1tridas, solicitantes de alguna de estas condiciones, o aquellas que tienen o han solicitado alg\u00fan tipo de protecci\u00f3n subsidiaria"},"content":{"rendered":"<p><a href=\"https:\/\/www.urjc2030.es\/ucdv\/wp-content\/uploads\/sites\/4\/2023\/03\/convocatoria.jpeg\"><img decoding=\"async\" class=\"size-full wp-image-1295 alignright\" src=\"https:\/\/www.urjc2030.es\/ucdv\/wp-content\/uploads\/sites\/4\/2023\/03\/convocatoria.jpeg\" alt=\"\" width=\"350\" height=\"auto\" srcset=\"https:\/\/www.urjc2030.es\/ucdv\/wp-content\/uploads\/sites\/4\/2023\/03\/convocatoria.jpeg 800w, https:\/\/www.urjc2030.es\/ucdv\/wp-content\/uploads\/sites\/4\/2023\/03\/convocatoria-480x432.jpeg 480w\" sizes=\"(min-width: 0px) and (max-width: 480px) 480px, (min-width: 481px) 800px, 100vw\" \/><\/a>La Universidad Rey Juan Carlos realiza esta Convocatoria de Ayudas a personas refugiadas, ap\u00e1tridas, solicitantes de alguna de estas condiciones, o aquellas que tienen o han solicitado alg\u00fan tipo de protecci\u00f3n subsidiaria conforme al art\u00edculo 4 de la Ley 12\/2009. Su objetivo es contribuir a que \u00e9stas puedan ejercitar su derecho de acceso a la educaci\u00f3n superior y desarrollar su potencial cient\u00edfico mientras circunstancialmente se encuentran en situaci\u00f3n de demanda de protecci\u00f3n internacional en nuestro pa\u00eds.<\/p>\n<p>Documentaci\u00f3n:<\/p>\n<ul>\n<li><strong><a href=\"https:\/\/www.urjc2030.es\/ucdv\/wp-content\/uploads\/sites\/4\/2023\/03\/declaracion-responsable.pdf\" target=\"_blank\" rel=\"noopener\">declaracion-responsable<\/a>\u00a0<\/strong><\/li>\n<li><strong> <a href=\"https:\/\/www.urjc2030.es\/ucdv\/wp-content\/uploads\/sites\/4\/2023\/03\/anexo-ii.pdf\" target=\"_blank\" rel=\"noopener\">anexo-ii<\/a> \u00a0<\/strong><\/li>\n<li><strong><a href=\"https:\/\/www.urjc2030.es\/ucdv\/wp-content\/uploads\/sites\/4\/2023\/03\/anexo-i.pdf\" target=\"_blank\" rel=\"noopener\">anexo-i<\/a> \u00a0<\/strong><\/li>\n<li><strong><a href=\"https:\/\/www.urjc2030.es\/ucdv\/wp-content\/uploads\/sites\/4\/2023\/03\/convocatoria-de-ayudas-a-personas-refugiadas-de-la-urjc-2023.pdf\" target=\"_blank\" rel=\"noopener\">convocatoria-de-ayudas-a-personas-refugiadas-de-la-urjc-2023<\/a> <\/strong><\/li>\n<li><strong><a href=\"https:\/\/www.urjc2030.es\/ucdv\/wp-content\/uploads\/sites\/4\/2023\/03\/Copia-autenticada-de-firmado_ac1717f6-966d-49af-b189-83121ddcb543.pdf\" target=\"_blank\" rel=\"noopener\">Copia autenticada de firmado_ac1717f6-966d-49af-b189-83121ddcb543<\/a><\/strong><\/li>\n<\/ul>\n","protected":false},"excerpt":{"rendered":"<p>La Universidad Rey Juan Carlos realiza esta Convocatoria de Ayudas a personas refugiadas, ap\u00e1tridas, solicitantes de alguna de estas condiciones, o aquellas que tienen o han solicitado alg\u00fan tipo de protecci\u00f3n subsidiaria conforme al art\u00edculo 4 de la Ley 12\/2009. Su objetivo es contribuir a que \u00e9stas puedan ejercitar su derecho de acceso a la [&hellip;]<\/p>\n","protected":false},"author":10,"featured_media":1295,"comment_status":"closed","ping_status":"closed","sticky":false,"template":"","format":"standard","meta":{"_et_pb_use_builder":"","_et_pb_old_content":"","_et_gb_content_width":"","cybocfi_hide_featured_image":"","footnotes":""},"categories":[20,19],"tags":[],"class_list":["post-1289","post","type-post","status-publish","format-standard","has-post-thumbnail","hentry","category-agenda-scdv","category-noticias-scdv"],"yoast_head":"<!-- This site is optimized with the Yoast SEO plugin v27.5 - https:\/\/yoast.com\/product\/yoast-seo-wordpress\/ -->\n<title>La Universidad Rey Juan Carlos realiza esta Convocatoria de Ayudas a personas refugiadas, ap\u00e1tridas, solicitantes de alguna de estas condiciones, o aquellas que tienen o han solicitado alg\u00fan tipo de protecci\u00f3n subsidiaria - Unidad de Cooperaci\u00f3n al Desarrollo y Voluntariado<\/title>\n<meta name=\"robots\" content=\"index, follow, max-snippet:-1, max-image-preview:large, max-video-preview:-1\" \/>\n<link rel=\"canonical\" href=\"https:\/\/www.urjc2030.es\/ucdv\/ayudas-a-personas-refugiadas-apatridas\/\" \/>\n<meta property=\"og:locale\" content=\"es_ES\" \/>\n<meta property=\"og:type\" content=\"article\" \/>\n<meta property=\"og:title\" content=\"La Universidad Rey Juan Carlos realiza esta Convocatoria de Ayudas a personas refugiadas, ap\u00e1tridas, solicitantes de alguna de estas condiciones, o aquellas que tienen o han solicitado alg\u00fan tipo de protecci\u00f3n subsidiaria - Unidad de Cooperaci\u00f3n al Desarrollo y Voluntariado\" \/>\n<meta property=\"og:description\" content=\"La Universidad Rey Juan Carlos realiza esta Convocatoria de Ayudas a personas refugiadas, ap\u00e1tridas, solicitantes de alguna de estas condiciones, o aquellas que tienen o han solicitado alg\u00fan tipo de protecci\u00f3n subsidiaria conforme al art\u00edculo 4 de la Ley 12\/2009. Su objetivo es contribuir a que \u00e9stas puedan ejercitar su derecho de acceso a la [&hellip;]\" \/>\n<meta property=\"og:url\" content=\"https:\/\/www.urjc2030.es\/ucdv\/ayudas-a-personas-refugiadas-apatridas\/\" \/>\n<meta property=\"og:site_name\" content=\"Unidad de Cooperaci\u00f3n al Desarrollo y Voluntariado\" \/>\n<meta property=\"article:publisher\" content=\"https:\/\/www.facebook.com\/universidadreyjuancarlos\" \/>\n<meta property=\"article:published_time\" content=\"2023-03-30T16:49:07+00:00\" \/>\n<meta property=\"article:modified_time\" content=\"2025-03-20T11:47:48+00:00\" \/>\n<meta property=\"og:image\" content=\"https:\/\/www.urjc2030.es\/ucdv\/wp-content\/uploads\/sites\/4\/2023\/03\/convocatoria.jpeg\" \/>\n\t<meta property=\"og:image:width\" content=\"800\" \/>\n\t<meta property=\"og:image:height\" content=\"720\" \/>\n\t<meta property=\"og:image:type\" content=\"image\/jpeg\" \/>\n<meta name=\"author\" content=\"carlos\" \/>\n<meta name=\"twitter:card\" content=\"summary_large_image\" \/>\n<meta name=\"twitter:creator\" content=\"@urjc\" \/>\n<meta name=\"twitter:site\" content=\"@urjc\" \/>\n<script type=\"application\/ld+json\" class=\"yoast-schema-graph\">{\"@context\":\"https:\\\/\\\/schema.org\",\"@graph\":[{\"@type\":\"Article\",\"@id\":\"https:\\\/\\\/www.urjc2030.es\\\/ucdv\\\/ayudas-a-personas-refugiadas-apatridas\\\/#article\",\"isPartOf\":{\"@id\":\"https:\\\/\\\/www.urjc2030.es\\\/ucdv\\\/ayudas-a-personas-refugiadas-apatridas\\\/\"},\"author\":{\"name\":\"carlos\",\"@id\":\"https:\\\/\\\/www.urjc2030.es\\\/ucdv\\\/#\\\/schema\\\/person\\\/ddacb9e5abf914ab720a3d13fc047418\"},\"headline\":\"La Universidad Rey Juan Carlos realiza esta Convocatoria de Ayudas a personas refugiadas, ap\u00e1tridas, solicitantes de alguna de estas condiciones, o aquellas que tienen o han solicitado alg\u00fan tipo de protecci\u00f3n subsidiaria\",\"datePublished\":\"2023-03-30T16:49:07+00:00\",\"dateModified\":\"2025-03-20T11:47:48+00:00\",\"mainEntityOfPage\":{\"@id\":\"https:\\\/\\\/www.urjc2030.es\\\/ucdv\\\/ayudas-a-personas-refugiadas-apatridas\\\/\"},\"wordCount\":135,\"publisher\":{\"@id\":\"https:\\\/\\\/www.urjc2030.es\\\/ucdv\\\/#organization\"},\"image\":{\"@id\":\"https:\\\/\\\/www.urjc2030.es\\\/ucdv\\\/ayudas-a-personas-refugiadas-apatridas\\\/#primaryimage\"},\"thumbnailUrl\":\"https:\\\/\\\/www.urjc2030.es\\\/ucdv\\\/wp-content\\\/uploads\\\/sites\\\/4\\\/2023\\\/03\\\/convocatoria.jpeg\",\"articleSection\":[\"Agenda\",\"Noticias\"],\"inLanguage\":\"es\"},{\"@type\":\"WebPage\",\"@id\":\"https:\\\/\\\/www.urjc2030.es\\\/ucdv\\\/ayudas-a-personas-refugiadas-apatridas\\\/\",\"url\":\"https:\\\/\\\/www.urjc2030.es\\\/ucdv\\\/ayudas-a-personas-refugiadas-apatridas\\\/\",\"name\":\"La Universidad Rey Juan Carlos realiza esta Convocatoria de Ayudas a personas refugiadas, ap\u00e1tridas, solicitantes de alguna de estas condiciones, o aquellas que tienen o han solicitado alg\u00fan tipo de protecci\u00f3n subsidiaria - Unidad de Cooperaci\u00f3n al Desarrollo y Voluntariado\",\"isPartOf\":{\"@id\":\"https:\\\/\\\/www.urjc2030.es\\\/ucdv\\\/#website\"},\"primaryImageOfPage\":{\"@id\":\"https:\\\/\\\/www.urjc2030.es\\\/ucdv\\\/ayudas-a-personas-refugiadas-apatridas\\\/#primaryimage\"},\"image\":{\"@id\":\"https:\\\/\\\/www.urjc2030.es\\\/ucdv\\\/ayudas-a-personas-refugiadas-apatridas\\\/#primaryimage\"},\"thumbnailUrl\":\"https:\\\/\\\/www.urjc2030.es\\\/ucdv\\\/wp-content\\\/uploads\\\/sites\\\/4\\\/2023\\\/03\\\/convocatoria.jpeg\",\"datePublished\":\"2023-03-30T16:49:07+00:00\",\"dateModified\":\"2025-03-20T11:47:48+00:00\",\"breadcrumb\":{\"@id\":\"https:\\\/\\\/www.urjc2030.es\\\/ucdv\\\/ayudas-a-personas-refugiadas-apatridas\\\/#breadcrumb\"},\"inLanguage\":\"es\",\"potentialAction\":[{\"@type\":\"ReadAction\",\"target\":[\"https:\\\/\\\/www.urjc2030.es\\\/ucdv\\\/ayudas-a-personas-refugiadas-apatridas\\\/\"]}]},{\"@type\":\"ImageObject\",\"inLanguage\":\"es\",\"@id\":\"https:\\\/\\\/www.urjc2030.es\\\/ucdv\\\/ayudas-a-personas-refugiadas-apatridas\\\/#primaryimage\",\"url\":\"https:\\\/\\\/www.urjc2030.es\\\/ucdv\\\/wp-content\\\/uploads\\\/sites\\\/4\\\/2023\\\/03\\\/convocatoria.jpeg\",\"contentUrl\":\"https:\\\/\\\/www.urjc2030.es\\\/ucdv\\\/wp-content\\\/uploads\\\/sites\\\/4\\\/2023\\\/03\\\/convocatoria.jpeg\",\"width\":800,\"height\":720,\"caption\":\"convocatoria\"},{\"@type\":\"BreadcrumbList\",\"@id\":\"https:\\\/\\\/www.urjc2030.es\\\/ucdv\\\/ayudas-a-personas-refugiadas-apatridas\\\/#breadcrumb\",\"itemListElement\":[{\"@type\":\"ListItem\",\"position\":1,\"name\":\"Portada\",\"item\":\"https:\\\/\\\/www.urjc2030.es\\\/ucdv\\\/\"},{\"@type\":\"ListItem\",\"position\":2,\"name\":\"La Universidad Rey Juan Carlos realiza esta Convocatoria de Ayudas a personas refugiadas, ap\u00e1tridas, solicitantes de alguna de estas condiciones, o aquellas que tienen o han solicitado alg\u00fan tipo de protecci\u00f3n subsidiaria\"}]},{\"@type\":\"WebSite\",\"@id\":\"https:\\\/\\\/www.urjc2030.es\\\/ucdv\\\/#website\",\"url\":\"https:\\\/\\\/www.urjc2030.es\\\/ucdv\\\/\",\"name\":\"Unidad de Cooperaci\u00f3n al Desarrollo y Voluntariado\",\"description\":\"Promover y coordinar la gesti\u00f3n corporativa de ambas actividades dentro de la universidad.\",\"publisher\":{\"@id\":\"https:\\\/\\\/www.urjc2030.es\\\/ucdv\\\/#organization\"},\"potentialAction\":[{\"@type\":\"SearchAction\",\"target\":{\"@type\":\"EntryPoint\",\"urlTemplate\":\"https:\\\/\\\/www.urjc2030.es\\\/ucdv\\\/?s={search_term_string}\"},\"query-input\":{\"@type\":\"PropertyValueSpecification\",\"valueRequired\":true,\"valueName\":\"search_term_string\"}}],\"inLanguage\":\"es\"},{\"@type\":\"Organization\",\"@id\":\"https:\\\/\\\/www.urjc2030.es\\\/ucdv\\\/#organization\",\"name\":\"Universidad Rey Juan Carlos\",\"url\":\"https:\\\/\\\/www.urjc2030.es\\\/ucdv\\\/\",\"logo\":{\"@type\":\"ImageObject\",\"inLanguage\":\"es\",\"@id\":\"https:\\\/\\\/www.urjc2030.es\\\/ucdv\\\/#\\\/schema\\\/logo\\\/image\\\/\",\"url\":\"https:\\\/\\\/www.urjc2030.es\\\/scdv\\\/wp-content\\\/uploads\\\/sites\\\/4\\\/2020\\\/10\\\/logoURJC.png\",\"contentUrl\":\"https:\\\/\\\/www.urjc2030.es\\\/scdv\\\/wp-content\\\/uploads\\\/sites\\\/4\\\/2020\\\/10\\\/logoURJC.png\",\"width\":800,\"height\":305,\"caption\":\"Universidad Rey Juan Carlos\"},\"image\":{\"@id\":\"https:\\\/\\\/www.urjc2030.es\\\/ucdv\\\/#\\\/schema\\\/logo\\\/image\\\/\"},\"sameAs\":[\"https:\\\/\\\/www.facebook.com\\\/universidadreyjuancarlos\",\"https:\\\/\\\/x.com\\\/urjc\",\"https:\\\/\\\/www.instagram.com\\\/urjc_uni\\\/?hl=es\"]},{\"@type\":\"Person\",\"@id\":\"https:\\\/\\\/www.urjc2030.es\\\/ucdv\\\/#\\\/schema\\\/person\\\/ddacb9e5abf914ab720a3d13fc047418\",\"name\":\"carlos\",\"image\":{\"@type\":\"ImageObject\",\"inLanguage\":\"es\",\"@id\":\"https:\\\/\\\/secure.gravatar.com\\\/avatar\\\/98e1c0d637a9f3d3cd2be0e49e5387245f96e039452a34f919c9e800cad0f304?s=96&d=mm&r=g\",\"url\":\"https:\\\/\\\/secure.gravatar.com\\\/avatar\\\/98e1c0d637a9f3d3cd2be0e49e5387245f96e039452a34f919c9e800cad0f304?s=96&d=mm&r=g\",\"contentUrl\":\"https:\\\/\\\/secure.gravatar.com\\\/avatar\\\/98e1c0d637a9f3d3cd2be0e49e5387245f96e039452a34f919c9e800cad0f304?s=96&d=mm&r=g\",\"caption\":\"carlos\"}}]}<\/script>\n<!-- \/ Yoast SEO plugin. -->","yoast_head_json":{"title":"La Universidad Rey Juan Carlos realiza esta Convocatoria de Ayudas a personas refugiadas, ap\u00e1tridas, solicitantes de alguna de estas condiciones, o aquellas que tienen o han solicitado alg\u00fan tipo de protecci\u00f3n subsidiaria - Unidad de Cooperaci\u00f3n al Desarrollo y Voluntariado","robots":{"index":"index","follow":"follow","max-snippet":"max-snippet:-1","max-image-preview":"max-image-preview:large","max-video-preview":"max-video-preview:-1"},"canonical":"https:\/\/www.urjc2030.es\/ucdv\/ayudas-a-personas-refugiadas-apatridas\/","og_locale":"es_ES","og_type":"article","og_title":"La Universidad Rey Juan Carlos realiza esta Convocatoria de Ayudas a personas refugiadas, ap\u00e1tridas, solicitantes de alguna de estas condiciones, o aquellas que tienen o han solicitado alg\u00fan tipo de protecci\u00f3n subsidiaria - Unidad de Cooperaci\u00f3n al Desarrollo y Voluntariado","og_description":"La Universidad Rey Juan Carlos realiza esta Convocatoria de Ayudas a personas refugiadas, ap\u00e1tridas, solicitantes de alguna de estas condiciones, o aquellas que tienen o han solicitado alg\u00fan tipo de protecci\u00f3n subsidiaria conforme al art\u00edculo 4 de la Ley 12\/2009. Su objetivo es contribuir a que \u00e9stas puedan ejercitar su derecho de acceso a la [&hellip;]","og_url":"https:\/\/www.urjc2030.es\/ucdv\/ayudas-a-personas-refugiadas-apatridas\/","og_site_name":"Unidad de Cooperaci\u00f3n al Desarrollo y Voluntariado","article_publisher":"https:\/\/www.facebook.com\/universidadreyjuancarlos","article_published_time":"2023-03-30T16:49:07+00:00","article_modified_time":"2025-03-20T11:47:48+00:00","og_image":[{"width":800,"height":720,"url":"https:\/\/www.urjc2030.es\/ucdv\/wp-content\/uploads\/sites\/4\/2023\/03\/convocatoria.jpeg","type":"image\/jpeg"}],"author":"carlos","twitter_card":"summary_large_image","twitter_creator":"@urjc","twitter_site":"@urjc","schema":{"@context":"https:\/\/schema.org","@graph":[{"@type":"Article","@id":"https:\/\/www.urjc2030.es\/ucdv\/ayudas-a-personas-refugiadas-apatridas\/#article","isPartOf":{"@id":"https:\/\/www.urjc2030.es\/ucdv\/ayudas-a-personas-refugiadas-apatridas\/"},"author":{"name":"carlos","@id":"https:\/\/www.urjc2030.es\/ucdv\/#\/schema\/person\/ddacb9e5abf914ab720a3d13fc047418"},"headline":"La Universidad Rey Juan Carlos realiza esta Convocatoria de Ayudas a personas refugiadas, ap\u00e1tridas, solicitantes de alguna de estas condiciones, o aquellas que tienen o han solicitado alg\u00fan tipo de protecci\u00f3n subsidiaria","datePublished":"2023-03-30T16:49:07+00:00","dateModified":"2025-03-20T11:47:48+00:00","mainEntityOfPage":{"@id":"https:\/\/www.urjc2030.es\/ucdv\/ayudas-a-personas-refugiadas-apatridas\/"},"wordCount":135,"publisher":{"@id":"https:\/\/www.urjc2030.es\/ucdv\/#organization"},"image":{"@id":"https:\/\/www.urjc2030.es\/ucdv\/ayudas-a-personas-refugiadas-apatridas\/#primaryimage"},"thumbnailUrl":"https:\/\/www.urjc2030.es\/ucdv\/wp-content\/uploads\/sites\/4\/2023\/03\/convocatoria.jpeg","articleSection":["Agenda","Noticias"],"inLanguage":"es"},{"@type":"WebPage","@id":"https:\/\/www.urjc2030.es\/ucdv\/ayudas-a-personas-refugiadas-apatridas\/","url":"https:\/\/www.urjc2030.es\/ucdv\/ayudas-a-personas-refugiadas-apatridas\/","name":"La Universidad Rey Juan Carlos realiza esta Convocatoria de Ayudas a personas refugiadas, ap\u00e1tridas, solicitantes de alguna de estas condiciones, o aquellas que tienen o han solicitado alg\u00fan tipo de protecci\u00f3n subsidiaria - Unidad de Cooperaci\u00f3n al Desarrollo y Voluntariado","isPartOf":{"@id":"https:\/\/www.urjc2030.es\/ucdv\/#website"},"primaryImageOfPage":{"@id":"https:\/\/www.urjc2030.es\/ucdv\/ayudas-a-personas-refugiadas-apatridas\/#primaryimage"},"image":{"@id":"https:\/\/www.urjc2030.es\/ucdv\/ayudas-a-personas-refugiadas-apatridas\/#primaryimage"},"thumbnailUrl":"https:\/\/www.urjc2030.es\/ucdv\/wp-content\/uploads\/sites\/4\/2023\/03\/convocatoria.jpeg","datePublished":"2023-03-30T16:49:07+00:00","dateModified":"2025-03-20T11:47:48+00:00","breadcrumb":{"@id":"https:\/\/www.urjc2030.es\/ucdv\/ayudas-a-personas-refugiadas-apatridas\/#breadcrumb"},"inLanguage":"es","potentialAction":[{"@type":"ReadAction","target":["https:\/\/www.urjc2030.es\/ucdv\/ayudas-a-personas-refugiadas-apatridas\/"]}]},{"@type":"ImageObject","inLanguage":"es","@id":"https:\/\/www.urjc2030.es\/ucdv\/ayudas-a-personas-refugiadas-apatridas\/#primaryimage","url":"https:\/\/www.urjc2030.es\/ucdv\/wp-content\/uploads\/sites\/4\/2023\/03\/convocatoria.jpeg","contentUrl":"https:\/\/www.urjc2030.es\/ucdv\/wp-content\/uploads\/sites\/4\/2023\/03\/convocatoria.jpeg","width":800,"height":720,"caption":"convocatoria"},{"@type":"BreadcrumbList","@id":"https:\/\/www.urjc2030.es\/ucdv\/ayudas-a-personas-refugiadas-apatridas\/#breadcrumb","itemListElement":[{"@type":"ListItem","position":1,"name":"Portada","item":"https:\/\/www.urjc2030.es\/ucdv\/"},{"@type":"ListItem","position":2,"name":"La Universidad Rey Juan Carlos realiza esta Convocatoria de Ayudas a personas refugiadas, ap\u00e1tridas, solicitantes de alguna de estas condiciones, o aquellas que tienen o han solicitado alg\u00fan tipo de protecci\u00f3n subsidiaria"}]},{"@type":"WebSite","@id":"https:\/\/www.urjc2030.es\/ucdv\/#website","url":"https:\/\/www.urjc2030.es\/ucdv\/","name":"Unidad de Cooperaci\u00f3n al Desarrollo y Voluntariado","description":"Promover y coordinar la gesti\u00f3n corporativa de ambas actividades dentro de la universidad.","publisher":{"@id":"https:\/\/www.urjc2030.es\/ucdv\/#organization"},"potentialAction":[{"@type":"SearchAction","target":{"@type":"EntryPoint","urlTemplate":"https:\/\/www.urjc2030.es\/ucdv\/?s={search_term_string}"},"query-input":{"@type":"PropertyValueSpecification","valueRequired":true,"valueName":"search_term_string"}}],"inLanguage":"es"},{"@type":"Organization","@id":"https:\/\/www.urjc2030.es\/ucdv\/#organization","name":"Universidad Rey Juan Carlos","url":"https:\/\/www.urjc2030.es\/ucdv\/","logo":{"@type":"ImageObject","inLanguage":"es","@id":"https:\/\/www.urjc2030.es\/ucdv\/#\/schema\/logo\/image\/","url":"https:\/\/www.urjc2030.es\/scdv\/wp-content\/uploads\/sites\/4\/2020\/10\/logoURJC.png","contentUrl":"https:\/\/www.urjc2030.es\/scdv\/wp-content\/uploads\/sites\/4\/2020\/10\/logoURJC.png","width":800,"height":305,"caption":"Universidad Rey Juan Carlos"},"image":{"@id":"https:\/\/www.urjc2030.es\/ucdv\/#\/schema\/logo\/image\/"},"sameAs":["https:\/\/www.facebook.com\/universidadreyjuancarlos","https:\/\/x.com\/urjc","https:\/\/www.instagram.com\/urjc_uni\/?hl=es"]},{"@type":"Person","@id":"https:\/\/www.urjc2030.es\/ucdv\/#\/schema\/person\/ddacb9e5abf914ab720a3d13fc047418","name":"carlos","image":{"@type":"ImageObject","inLanguage":"es","@id":"https:\/\/secure.gravatar.com\/avatar\/98e1c0d637a9f3d3cd2be0e49e5387245f96e039452a34f919c9e800cad0f304?s=96&d=mm&r=g","url":"https:\/\/secure.gravatar.com\/avatar\/98e1c0d637a9f3d3cd2be0e49e5387245f96e039452a34f919c9e800cad0f304?s=96&d=mm&r=g","contentUrl":"https:\/\/secure.gravatar.com\/avatar\/98e1c0d637a9f3d3cd2be0e49e5387245f96e039452a34f919c9e800cad0f304?s=96&d=mm&r=g","caption":"carlos"}}]}},"_links":{"self":[{"href":"https:\/\/www.urjc2030.es\/ucdv\/wp-json\/wp\/v2\/posts\/1289","targetHints":{"allow":["GET"]}}],"collection":[{"href":"https:\/\/www.urjc2030.es\/ucdv\/wp-json\/wp\/v2\/posts"}],"about":[{"href":"https:\/\/www.urjc2030.es\/ucdv\/wp-json\/wp\/v2\/types\/post"}],"author":[{"embeddable":true,"href":"https:\/\/www.urjc2030.es\/ucdv\/wp-json\/wp\/v2\/users\/10"}],"replies":[{"embeddable":true,"href":"https:\/\/www.urjc2030.es\/ucdv\/wp-json\/wp\/v2\/comments?post=1289"}],"version-history":[{"count":2,"href":"https:\/\/www.urjc2030.es\/ucdv\/wp-json\/wp\/v2\/posts\/1289\/revisions"}],"predecessor-version":[{"id":1936,"href":"https:\/\/www.urjc2030.es\/ucdv\/wp-json\/wp\/v2\/posts\/1289\/revisions\/1936"}],"wp:featuredmedia":[{"embeddable":true,"href":"https:\/\/www.urjc2030.es\/ucdv\/wp-json\/wp\/v2\/media\/1295"}],"wp:attachment":[{"href":"https:\/\/www.urjc2030.es\/ucdv\/wp-json\/wp\/v2\/media?parent=1289"}],"wp:term":[{"taxonomy":"category","embeddable":true,"href":"https:\/\/www.urjc2030.es\/ucdv\/wp-json\/wp\/v2\/categories?post=1289"},{"taxonomy":"post_tag","embeddable":true,"href":"https:\/\/www.urjc2030.es\/ucdv\/wp-json\/wp\/v2\/tags?post=1289"}],"curies":[{"name":"wp","href":"https:\/\/api.w.org\/{rel}","templated":true}]}}