{"id":1633,"date":"2024-05-11T09:05:40","date_gmt":"2024-05-11T09:05:40","guid":{"rendered":"https:\/\/www.urjc2030.es\/ucdv\/?p=1633"},"modified":"2024-05-11T09:06:26","modified_gmt":"2024-05-11T09:06:26","slug":"nueva-convocatoria-ayudas-al-estudio-para-personas-refugiadas","status":"publish","type":"post","link":"https:\/\/www.urjc2030.es\/ucdv\/nueva-convocatoria-ayudas-al-estudio-para-personas-refugiadas\/","title":{"rendered":"Nueva convocatoria ayudas al estudio para personas refugiadas"},"content":{"rendered":"<div><img loading=\"lazy\" decoding=\"async\" class=\"alignright wp-image-1634 size-medium\" src=\"https:\/\/www.urjc2030.es\/ucdv\/wp-content\/uploads\/sites\/4\/2024\/05\/1-300x300.png\" alt=\"refugiados\" width=\"300\" height=\"300\" \/>La Universidad Rey Juan Carlos de Madrid, desde su Unidad de Cooperaci\u00f3n al Desarrollo y Voluntariado, refuerza su compromiso con un mundo m\u00e1s justo e igualitario, lanzando una nueva edici\u00f3n de la Convocatoria de Ayudas a personas refugiadas, ap\u00e1tridas, solicitantes de asilo o protecci\u00f3n internacional. Su objetivo es contribuir a que puedan ejercitar su derecho de acceso a la educaci\u00f3n superior y desarrollar su potencial cient\u00edfico mientras circunstancialmente se encuentran en situaci\u00f3n de demanda de protecci\u00f3n en nuestro pa\u00eds.<\/div>\n<div><\/div>\n<div>Estas ayudas, cuya dotaci\u00f3n econ\u00f3mica asciende a 25.000 euros, contemplan las tasas y precios p\u00fablicos para estudios de grado, m\u00e1ster o doctorado en la URJC, adem\u00e1s de prestaciones para la manutenci\u00f3n y el alojamiento, oferta de cursos de espa\u00f1ol en el Centro Universitario de Idiomas y la posibilidad de atenci\u00f3n psicol\u00f3gica, social, pedag\u00f3gica o sanitaria en las cl\u00ednicas de la Universidad.<\/div>\n<div><\/div>\n<div>El procedimiento de solicitud se realizar\u00e1 <strong><a href=\"https:\/\/sede.urjc.es\/convocatorias?p_p_id=BPMPortlet_WAR_bpmportlet_INSTANCE_7GICssIlJSdw&amp;p_p_lifecycle=0&amp;p_p_state=normal&amp;p_p_mode=view&amp;p_p_col_id=column-1&amp;p_p_col_count=1&amp;_BPMPortlet_WAR_bpmportlet_INSTANCE_7GICssIlJSdw_id=9Clns11000-1Bfcmv3\" target=\"_blank\" rel=\"noopener\">a trav\u00e9s de la Sede Electr\u00f3nica<\/a><\/strong>, y el plazo de recepci\u00f3n de solicitudes estar\u00e1 abierto hasta el <b>domingo 26 de mayo.<\/b><\/div>\n<div><\/div>\n<div>\n<div>Para m\u00e1s informaci\u00f3n, contactar con <strong><a href=\"mailto:voluntariado@urjc.es\" target=\"_blank\" rel=\"noopener\">voluntariado@urjc.es<\/a><\/strong>.<\/div>\n<\/div>\n<div><\/div>\n<div>Documentaci\u00f3n de la convocatoria: <strong><a href=\"https:\/\/www.urjc2030.es\/ucdv\/wp-content\/uploads\/sites\/4\/2024\/05\/documento-de-convocatoria-2.pdf\" target=\"_blank\" rel=\"noopener\">Aqu\u00ed.<\/a><\/strong><\/div>\n<div><\/div>\n<div><a href=\"https:\/\/www.urjc2030.es\/ucdv\/wp-content\/uploads\/sites\/4\/2024\/05\/2.png\"><img loading=\"lazy\" decoding=\"async\" class=\"alignnone size-medium wp-image-1635\" src=\"https:\/\/www.urjc2030.es\/ucdv\/wp-content\/uploads\/sites\/4\/2024\/05\/2-300x300.png\" alt=\"refugiados\" width=\"300\" height=\"300\" \/><\/a><a href=\"https:\/\/www.urjc2030.es\/ucdv\/wp-content\/uploads\/sites\/4\/2024\/05\/3.png\"><img loading=\"lazy\" decoding=\"async\" class=\"alignnone size-medium wp-image-1636\" src=\"https:\/\/www.urjc2030.es\/ucdv\/wp-content\/uploads\/sites\/4\/2024\/05\/3-300x300.png\" alt=\"refucgiados\" width=\"300\" height=\"300\" \/><\/a><\/div>\n","protected":false},"excerpt":{"rendered":"<p>La Universidad Rey Juan Carlos de Madrid, desde su Unidad de Cooperaci\u00f3n al Desarrollo y Voluntariado, refuerza su compromiso con un mundo m\u00e1s justo e igualitario, lanzando una nueva edici\u00f3n de la Convocatoria de Ayudas a personas refugiadas, ap\u00e1tridas, solicitantes de asilo o protecci\u00f3n internacional. Su objetivo es contribuir a que puedan ejercitar su derecho [&hellip;]<\/p>\n","protected":false},"author":10,"featured_media":1634,"comment_status":"closed","ping_status":"closed","sticky":false,"template":"","format":"standard","meta":{"_et_pb_use_builder":"","_et_pb_old_content":"","_et_gb_content_width":"","cybocfi_hide_featured_image":"","footnotes":""},"categories":[19],"tags":[],"class_list":["post-1633","post","type-post","status-publish","format-standard","has-post-thumbnail","hentry","category-noticias-scdv"],"yoast_head":"<!-- This site is optimized with the Yoast SEO plugin v27.5 - https:\/\/yoast.com\/product\/yoast-seo-wordpress\/ -->\n<title>Nueva convocatoria ayudas al estudio para personas refugiadas - Unidad de Cooperaci\u00f3n al Desarrollo y Voluntariado<\/title>\n<meta name=\"robots\" content=\"index, follow, max-snippet:-1, max-image-preview:large, max-video-preview:-1\" \/>\n<link rel=\"canonical\" href=\"https:\/\/www.urjc2030.es\/ucdv\/nueva-convocatoria-ayudas-al-estudio-para-personas-refugiadas\/\" \/>\n<meta property=\"og:locale\" content=\"es_ES\" \/>\n<meta property=\"og:type\" content=\"article\" \/>\n<meta property=\"og:title\" content=\"Nueva convocatoria ayudas al estudio para personas refugiadas - Unidad de Cooperaci\u00f3n al Desarrollo y Voluntariado\" \/>\n<meta property=\"og:description\" content=\"La Universidad Rey Juan Carlos de Madrid, desde su Unidad de Cooperaci\u00f3n al Desarrollo y Voluntariado, refuerza su compromiso con un mundo m\u00e1s justo e igualitario, lanzando una nueva edici\u00f3n de la Convocatoria de Ayudas a personas refugiadas, ap\u00e1tridas, solicitantes de asilo o protecci\u00f3n internacional. Su objetivo es contribuir a que puedan ejercitar su derecho [&hellip;]\" \/>\n<meta property=\"og:url\" content=\"https:\/\/www.urjc2030.es\/ucdv\/nueva-convocatoria-ayudas-al-estudio-para-personas-refugiadas\/\" \/>\n<meta property=\"og:site_name\" content=\"Unidad de Cooperaci\u00f3n al Desarrollo y Voluntariado\" \/>\n<meta property=\"article:publisher\" content=\"https:\/\/www.facebook.com\/universidadreyjuancarlos\" \/>\n<meta property=\"article:published_time\" content=\"2024-05-11T09:05:40+00:00\" \/>\n<meta property=\"article:modified_time\" content=\"2024-05-11T09:06:26+00:00\" \/>\n<meta property=\"og:image\" content=\"https:\/\/www.urjc2030.es\/ucdv\/wp-content\/uploads\/sites\/4\/2024\/05\/1.png\" \/>\n\t<meta property=\"og:image:width\" content=\"1080\" \/>\n\t<meta property=\"og:image:height\" content=\"1080\" \/>\n\t<meta property=\"og:image:type\" content=\"image\/png\" \/>\n<meta name=\"author\" content=\"carlos\" \/>\n<meta name=\"twitter:card\" content=\"summary_large_image\" \/>\n<meta name=\"twitter:creator\" content=\"@urjc\" \/>\n<meta name=\"twitter:site\" content=\"@urjc\" \/>\n<script type=\"application\/ld+json\" class=\"yoast-schema-graph\">{\"@context\":\"https:\\\/\\\/schema.org\",\"@graph\":[{\"@type\":\"Article\",\"@id\":\"https:\\\/\\\/www.urjc2030.es\\\/ucdv\\\/nueva-convocatoria-ayudas-al-estudio-para-personas-refugiadas\\\/#article\",\"isPartOf\":{\"@id\":\"https:\\\/\\\/www.urjc2030.es\\\/ucdv\\\/nueva-convocatoria-ayudas-al-estudio-para-personas-refugiadas\\\/\"},\"author\":{\"name\":\"carlos\",\"@id\":\"https:\\\/\\\/www.urjc2030.es\\\/ucdv\\\/#\\\/schema\\\/person\\\/ddacb9e5abf914ab720a3d13fc047418\"},\"headline\":\"Nueva convocatoria ayudas al estudio para personas refugiadas\",\"datePublished\":\"2024-05-11T09:05:40+00:00\",\"dateModified\":\"2024-05-11T09:06:26+00:00\",\"mainEntityOfPage\":{\"@id\":\"https:\\\/\\\/www.urjc2030.es\\\/ucdv\\\/nueva-convocatoria-ayudas-al-estudio-para-personas-refugiadas\\\/\"},\"wordCount\":213,\"publisher\":{\"@id\":\"https:\\\/\\\/www.urjc2030.es\\\/ucdv\\\/#organization\"},\"image\":{\"@id\":\"https:\\\/\\\/www.urjc2030.es\\\/ucdv\\\/nueva-convocatoria-ayudas-al-estudio-para-personas-refugiadas\\\/#primaryimage\"},\"thumbnailUrl\":\"https:\\\/\\\/www.urjc2030.es\\\/ucdv\\\/wp-content\\\/uploads\\\/sites\\\/4\\\/2024\\\/05\\\/1.png\",\"articleSection\":[\"Noticias\"],\"inLanguage\":\"es\"},{\"@type\":\"WebPage\",\"@id\":\"https:\\\/\\\/www.urjc2030.es\\\/ucdv\\\/nueva-convocatoria-ayudas-al-estudio-para-personas-refugiadas\\\/\",\"url\":\"https:\\\/\\\/www.urjc2030.es\\\/ucdv\\\/nueva-convocatoria-ayudas-al-estudio-para-personas-refugiadas\\\/\",\"name\":\"Nueva convocatoria ayudas al estudio para personas refugiadas - Unidad de Cooperaci\u00f3n al Desarrollo y Voluntariado\",\"isPartOf\":{\"@id\":\"https:\\\/\\\/www.urjc2030.es\\\/ucdv\\\/#website\"},\"primaryImageOfPage\":{\"@id\":\"https:\\\/\\\/www.urjc2030.es\\\/ucdv\\\/nueva-convocatoria-ayudas-al-estudio-para-personas-refugiadas\\\/#primaryimage\"},\"image\":{\"@id\":\"https:\\\/\\\/www.urjc2030.es\\\/ucdv\\\/nueva-convocatoria-ayudas-al-estudio-para-personas-refugiadas\\\/#primaryimage\"},\"thumbnailUrl\":\"https:\\\/\\\/www.urjc2030.es\\\/ucdv\\\/wp-content\\\/uploads\\\/sites\\\/4\\\/2024\\\/05\\\/1.png\",\"datePublished\":\"2024-05-11T09:05:40+00:00\",\"dateModified\":\"2024-05-11T09:06:26+00:00\",\"breadcrumb\":{\"@id\":\"https:\\\/\\\/www.urjc2030.es\\\/ucdv\\\/nueva-convocatoria-ayudas-al-estudio-para-personas-refugiadas\\\/#breadcrumb\"},\"inLanguage\":\"es\",\"potentialAction\":[{\"@type\":\"ReadAction\",\"target\":[\"https:\\\/\\\/www.urjc2030.es\\\/ucdv\\\/nueva-convocatoria-ayudas-al-estudio-para-personas-refugiadas\\\/\"]}]},{\"@type\":\"ImageObject\",\"inLanguage\":\"es\",\"@id\":\"https:\\\/\\\/www.urjc2030.es\\\/ucdv\\\/nueva-convocatoria-ayudas-al-estudio-para-personas-refugiadas\\\/#primaryimage\",\"url\":\"https:\\\/\\\/www.urjc2030.es\\\/ucdv\\\/wp-content\\\/uploads\\\/sites\\\/4\\\/2024\\\/05\\\/1.png\",\"contentUrl\":\"https:\\\/\\\/www.urjc2030.es\\\/ucdv\\\/wp-content\\\/uploads\\\/sites\\\/4\\\/2024\\\/05\\\/1.png\",\"width\":1080,\"height\":1080,\"caption\":\"refugiados\"},{\"@type\":\"BreadcrumbList\",\"@id\":\"https:\\\/\\\/www.urjc2030.es\\\/ucdv\\\/nueva-convocatoria-ayudas-al-estudio-para-personas-refugiadas\\\/#breadcrumb\",\"itemListElement\":[{\"@type\":\"ListItem\",\"position\":1,\"name\":\"Portada\",\"item\":\"https:\\\/\\\/www.urjc2030.es\\\/ucdv\\\/\"},{\"@type\":\"ListItem\",\"position\":2,\"name\":\"Nueva convocatoria ayudas al estudio para personas refugiadas\"}]},{\"@type\":\"WebSite\",\"@id\":\"https:\\\/\\\/www.urjc2030.es\\\/ucdv\\\/#website\",\"url\":\"https:\\\/\\\/www.urjc2030.es\\\/ucdv\\\/\",\"name\":\"Unidad de Cooperaci\u00f3n al Desarrollo y Voluntariado\",\"description\":\"Promover y coordinar la gesti\u00f3n corporativa de ambas actividades dentro de la universidad.\",\"publisher\":{\"@id\":\"https:\\\/\\\/www.urjc2030.es\\\/ucdv\\\/#organization\"},\"potentialAction\":[{\"@type\":\"SearchAction\",\"target\":{\"@type\":\"EntryPoint\",\"urlTemplate\":\"https:\\\/\\\/www.urjc2030.es\\\/ucdv\\\/?s={search_term_string}\"},\"query-input\":{\"@type\":\"PropertyValueSpecification\",\"valueRequired\":true,\"valueName\":\"search_term_string\"}}],\"inLanguage\":\"es\"},{\"@type\":\"Organization\",\"@id\":\"https:\\\/\\\/www.urjc2030.es\\\/ucdv\\\/#organization\",\"name\":\"Universidad Rey Juan Carlos\",\"url\":\"https:\\\/\\\/www.urjc2030.es\\\/ucdv\\\/\",\"logo\":{\"@type\":\"ImageObject\",\"inLanguage\":\"es\",\"@id\":\"https:\\\/\\\/www.urjc2030.es\\\/ucdv\\\/#\\\/schema\\\/logo\\\/image\\\/\",\"url\":\"https:\\\/\\\/www.urjc2030.es\\\/scdv\\\/wp-content\\\/uploads\\\/sites\\\/4\\\/2020\\\/10\\\/logoURJC.png\",\"contentUrl\":\"https:\\\/\\\/www.urjc2030.es\\\/scdv\\\/wp-content\\\/uploads\\\/sites\\\/4\\\/2020\\\/10\\\/logoURJC.png\",\"width\":800,\"height\":305,\"caption\":\"Universidad Rey Juan Carlos\"},\"image\":{\"@id\":\"https:\\\/\\\/www.urjc2030.es\\\/ucdv\\\/#\\\/schema\\\/logo\\\/image\\\/\"},\"sameAs\":[\"https:\\\/\\\/www.facebook.com\\\/universidadreyjuancarlos\",\"https:\\\/\\\/x.com\\\/urjc\",\"https:\\\/\\\/www.instagram.com\\\/urjc_uni\\\/?hl=es\"]},{\"@type\":\"Person\",\"@id\":\"https:\\\/\\\/www.urjc2030.es\\\/ucdv\\\/#\\\/schema\\\/person\\\/ddacb9e5abf914ab720a3d13fc047418\",\"name\":\"carlos\",\"image\":{\"@type\":\"ImageObject\",\"inLanguage\":\"es\",\"@id\":\"https:\\\/\\\/secure.gravatar.com\\\/avatar\\\/98e1c0d637a9f3d3cd2be0e49e5387245f96e039452a34f919c9e800cad0f304?s=96&d=mm&r=g\",\"url\":\"https:\\\/\\\/secure.gravatar.com\\\/avatar\\\/98e1c0d637a9f3d3cd2be0e49e5387245f96e039452a34f919c9e800cad0f304?s=96&d=mm&r=g\",\"contentUrl\":\"https:\\\/\\\/secure.gravatar.com\\\/avatar\\\/98e1c0d637a9f3d3cd2be0e49e5387245f96e039452a34f919c9e800cad0f304?s=96&d=mm&r=g\",\"caption\":\"carlos\"}}]}<\/script>\n<!-- \/ Yoast SEO plugin. -->","yoast_head_json":{"title":"Nueva convocatoria ayudas al estudio para personas refugiadas - Unidad de Cooperaci\u00f3n al Desarrollo y Voluntariado","robots":{"index":"index","follow":"follow","max-snippet":"max-snippet:-1","max-image-preview":"max-image-preview:large","max-video-preview":"max-video-preview:-1"},"canonical":"https:\/\/www.urjc2030.es\/ucdv\/nueva-convocatoria-ayudas-al-estudio-para-personas-refugiadas\/","og_locale":"es_ES","og_type":"article","og_title":"Nueva convocatoria ayudas al estudio para personas refugiadas - Unidad de Cooperaci\u00f3n al Desarrollo y Voluntariado","og_description":"La Universidad Rey Juan Carlos de Madrid, desde su Unidad de Cooperaci\u00f3n al Desarrollo y Voluntariado, refuerza su compromiso con un mundo m\u00e1s justo e igualitario, lanzando una nueva edici\u00f3n de la Convocatoria de Ayudas a personas refugiadas, ap\u00e1tridas, solicitantes de asilo o protecci\u00f3n internacional. Su objetivo es contribuir a que puedan ejercitar su derecho [&hellip;]","og_url":"https:\/\/www.urjc2030.es\/ucdv\/nueva-convocatoria-ayudas-al-estudio-para-personas-refugiadas\/","og_site_name":"Unidad de Cooperaci\u00f3n al Desarrollo y Voluntariado","article_publisher":"https:\/\/www.facebook.com\/universidadreyjuancarlos","article_published_time":"2024-05-11T09:05:40+00:00","article_modified_time":"2024-05-11T09:06:26+00:00","og_image":[{"width":1080,"height":1080,"url":"https:\/\/www.urjc2030.es\/ucdv\/wp-content\/uploads\/sites\/4\/2024\/05\/1.png","type":"image\/png"}],"author":"carlos","twitter_card":"summary_large_image","twitter_creator":"@urjc","twitter_site":"@urjc","schema":{"@context":"https:\/\/schema.org","@graph":[{"@type":"Article","@id":"https:\/\/www.urjc2030.es\/ucdv\/nueva-convocatoria-ayudas-al-estudio-para-personas-refugiadas\/#article","isPartOf":{"@id":"https:\/\/www.urjc2030.es\/ucdv\/nueva-convocatoria-ayudas-al-estudio-para-personas-refugiadas\/"},"author":{"name":"carlos","@id":"https:\/\/www.urjc2030.es\/ucdv\/#\/schema\/person\/ddacb9e5abf914ab720a3d13fc047418"},"headline":"Nueva convocatoria ayudas al estudio para personas refugiadas","datePublished":"2024-05-11T09:05:40+00:00","dateModified":"2024-05-11T09:06:26+00:00","mainEntityOfPage":{"@id":"https:\/\/www.urjc2030.es\/ucdv\/nueva-convocatoria-ayudas-al-estudio-para-personas-refugiadas\/"},"wordCount":213,"publisher":{"@id":"https:\/\/www.urjc2030.es\/ucdv\/#organization"},"image":{"@id":"https:\/\/www.urjc2030.es\/ucdv\/nueva-convocatoria-ayudas-al-estudio-para-personas-refugiadas\/#primaryimage"},"thumbnailUrl":"https:\/\/www.urjc2030.es\/ucdv\/wp-content\/uploads\/sites\/4\/2024\/05\/1.png","articleSection":["Noticias"],"inLanguage":"es"},{"@type":"WebPage","@id":"https:\/\/www.urjc2030.es\/ucdv\/nueva-convocatoria-ayudas-al-estudio-para-personas-refugiadas\/","url":"https:\/\/www.urjc2030.es\/ucdv\/nueva-convocatoria-ayudas-al-estudio-para-personas-refugiadas\/","name":"Nueva convocatoria ayudas al estudio para personas refugiadas - Unidad de Cooperaci\u00f3n al Desarrollo y Voluntariado","isPartOf":{"@id":"https:\/\/www.urjc2030.es\/ucdv\/#website"},"primaryImageOfPage":{"@id":"https:\/\/www.urjc2030.es\/ucdv\/nueva-convocatoria-ayudas-al-estudio-para-personas-refugiadas\/#primaryimage"},"image":{"@id":"https:\/\/www.urjc2030.es\/ucdv\/nueva-convocatoria-ayudas-al-estudio-para-personas-refugiadas\/#primaryimage"},"thumbnailUrl":"https:\/\/www.urjc2030.es\/ucdv\/wp-content\/uploads\/sites\/4\/2024\/05\/1.png","datePublished":"2024-05-11T09:05:40+00:00","dateModified":"2024-05-11T09:06:26+00:00","breadcrumb":{"@id":"https:\/\/www.urjc2030.es\/ucdv\/nueva-convocatoria-ayudas-al-estudio-para-personas-refugiadas\/#breadcrumb"},"inLanguage":"es","potentialAction":[{"@type":"ReadAction","target":["https:\/\/www.urjc2030.es\/ucdv\/nueva-convocatoria-ayudas-al-estudio-para-personas-refugiadas\/"]}]},{"@type":"ImageObject","inLanguage":"es","@id":"https:\/\/www.urjc2030.es\/ucdv\/nueva-convocatoria-ayudas-al-estudio-para-personas-refugiadas\/#primaryimage","url":"https:\/\/www.urjc2030.es\/ucdv\/wp-content\/uploads\/sites\/4\/2024\/05\/1.png","contentUrl":"https:\/\/www.urjc2030.es\/ucdv\/wp-content\/uploads\/sites\/4\/2024\/05\/1.png","width":1080,"height":1080,"caption":"refugiados"},{"@type":"BreadcrumbList","@id":"https:\/\/www.urjc2030.es\/ucdv\/nueva-convocatoria-ayudas-al-estudio-para-personas-refugiadas\/#breadcrumb","itemListElement":[{"@type":"ListItem","position":1,"name":"Portada","item":"https:\/\/www.urjc2030.es\/ucdv\/"},{"@type":"ListItem","position":2,"name":"Nueva convocatoria ayudas al estudio para personas refugiadas"}]},{"@type":"WebSite","@id":"https:\/\/www.urjc2030.es\/ucdv\/#website","url":"https:\/\/www.urjc2030.es\/ucdv\/","name":"Unidad de Cooperaci\u00f3n al Desarrollo y Voluntariado","description":"Promover y coordinar la gesti\u00f3n corporativa de ambas actividades dentro de la universidad.","publisher":{"@id":"https:\/\/www.urjc2030.es\/ucdv\/#organization"},"potentialAction":[{"@type":"SearchAction","target":{"@type":"EntryPoint","urlTemplate":"https:\/\/www.urjc2030.es\/ucdv\/?s={search_term_string}"},"query-input":{"@type":"PropertyValueSpecification","valueRequired":true,"valueName":"search_term_string"}}],"inLanguage":"es"},{"@type":"Organization","@id":"https:\/\/www.urjc2030.es\/ucdv\/#organization","name":"Universidad Rey Juan Carlos","url":"https:\/\/www.urjc2030.es\/ucdv\/","logo":{"@type":"ImageObject","inLanguage":"es","@id":"https:\/\/www.urjc2030.es\/ucdv\/#\/schema\/logo\/image\/","url":"https:\/\/www.urjc2030.es\/scdv\/wp-content\/uploads\/sites\/4\/2020\/10\/logoURJC.png","contentUrl":"https:\/\/www.urjc2030.es\/scdv\/wp-content\/uploads\/sites\/4\/2020\/10\/logoURJC.png","width":800,"height":305,"caption":"Universidad Rey Juan Carlos"},"image":{"@id":"https:\/\/www.urjc2030.es\/ucdv\/#\/schema\/logo\/image\/"},"sameAs":["https:\/\/www.facebook.com\/universidadreyjuancarlos","https:\/\/x.com\/urjc","https:\/\/www.instagram.com\/urjc_uni\/?hl=es"]},{"@type":"Person","@id":"https:\/\/www.urjc2030.es\/ucdv\/#\/schema\/person\/ddacb9e5abf914ab720a3d13fc047418","name":"carlos","image":{"@type":"ImageObject","inLanguage":"es","@id":"https:\/\/secure.gravatar.com\/avatar\/98e1c0d637a9f3d3cd2be0e49e5387245f96e039452a34f919c9e800cad0f304?s=96&d=mm&r=g","url":"https:\/\/secure.gravatar.com\/avatar\/98e1c0d637a9f3d3cd2be0e49e5387245f96e039452a34f919c9e800cad0f304?s=96&d=mm&r=g","contentUrl":"https:\/\/secure.gravatar.com\/avatar\/98e1c0d637a9f3d3cd2be0e49e5387245f96e039452a34f919c9e800cad0f304?s=96&d=mm&r=g","caption":"carlos"}}]}},"_links":{"self":[{"href":"https:\/\/www.urjc2030.es\/ucdv\/wp-json\/wp\/v2\/posts\/1633","targetHints":{"allow":["GET"]}}],"collection":[{"href":"https:\/\/www.urjc2030.es\/ucdv\/wp-json\/wp\/v2\/posts"}],"about":[{"href":"https:\/\/www.urjc2030.es\/ucdv\/wp-json\/wp\/v2\/types\/post"}],"author":[{"embeddable":true,"href":"https:\/\/www.urjc2030.es\/ucdv\/wp-json\/wp\/v2\/users\/10"}],"replies":[{"embeddable":true,"href":"https:\/\/www.urjc2030.es\/ucdv\/wp-json\/wp\/v2\/comments?post=1633"}],"version-history":[{"count":2,"href":"https:\/\/www.urjc2030.es\/ucdv\/wp-json\/wp\/v2\/posts\/1633\/revisions"}],"predecessor-version":[{"id":1639,"href":"https:\/\/www.urjc2030.es\/ucdv\/wp-json\/wp\/v2\/posts\/1633\/revisions\/1639"}],"wp:featuredmedia":[{"embeddable":true,"href":"https:\/\/www.urjc2030.es\/ucdv\/wp-json\/wp\/v2\/media\/1634"}],"wp:attachment":[{"href":"https:\/\/www.urjc2030.es\/ucdv\/wp-json\/wp\/v2\/media?parent=1633"}],"wp:term":[{"taxonomy":"category","embeddable":true,"href":"https:\/\/www.urjc2030.es\/ucdv\/wp-json\/wp\/v2\/categories?post=1633"},{"taxonomy":"post_tag","embeddable":true,"href":"https:\/\/www.urjc2030.es\/ucdv\/wp-json\/wp\/v2\/tags?post=1633"}],"curies":[{"name":"wp","href":"https:\/\/api.w.org\/{rel}","templated":true}]}}