{"id":2091,"date":"2026-01-22T09:05:03","date_gmt":"2026-01-22T09:05:03","guid":{"rendered":"https:\/\/www.urjc2030.es\/ucdv\/?p=2091"},"modified":"2026-01-22T09:24:57","modified_gmt":"2026-01-22T09:24:57","slug":"donacion-de-medula-2026-tu-tambien-puedes-participar","status":"publish","type":"post","link":"https:\/\/www.urjc2030.es\/ucdv\/donacion-de-medula-2026-tu-tambien-puedes-participar\/","title":{"rendered":"Donaci\u00f3n de m\u00e9dula 2026: \u00a1T\u00fa tambi\u00e9n puedes participar!"},"content":{"rendered":"<p><a href=\"https:\/\/www.urjc2030.es\/ucdv\/wp-content\/uploads\/sites\/4\/2026\/01\/Nuevo-diseno-con-QR.png\"><img decoding=\"async\" class=\"wp-image-2095 size-full alignright\" src=\"https:\/\/www.urjc2030.es\/ucdv\/wp-content\/uploads\/sites\/4\/2026\/01\/Nuevo-diseno-con-QR.png\" alt=\"Cartel m\u00e9dula Marzo 2026 con qr\" width=\"350\" height=\"auto\" srcset=\"https:\/\/www.urjc2030.es\/ucdv\/wp-content\/uploads\/sites\/4\/2026\/01\/Nuevo-diseno-con-QR.png 1080w, https:\/\/www.urjc2030.es\/ucdv\/wp-content\/uploads\/sites\/4\/2026\/01\/Nuevo-diseno-con-QR-980x1225.png 980w, https:\/\/www.urjc2030.es\/ucdv\/wp-content\/uploads\/sites\/4\/2026\/01\/Nuevo-diseno-con-QR-480x600.png 480w\" sizes=\"(min-width: 0px) and (max-width: 480px) 480px, (min-width: 481px) and (max-width: 980px) 980px, (min-width: 981px) 1080px, 100vw\" \/><\/a>Desde la Unidad de Cooperaci\u00f3n al Desarrollo y Voluntariado, continuamos con una nueva edici\u00f3n de la campa\u00f1a de donaci\u00f3n de m\u00e9dula \u00f3sea.<\/p>\n<p>El objetivo es informar a la comunidad universitaria sobre el proceso de donaci\u00f3n, adem\u00e1s de ofrecer la posibilidad de que, todos aquellos que lo deseen, puedan dar un primer paso y registrarse como donante realiz\u00e1ndose una anal\u00edtica y rellenando un formulario.<\/p>\n<p>Tendremos al Equipo M\u00e9dula de la Comunidad de Madrid la semana del 16\/03\/2026:<\/p>\n<ul>\n<li>L 16 \u2013 ALCORC\u00d3N 10:00 A 14.00H<\/li>\n<li>M17 \u2013 M\u00d3STOLES 10:00 A 14.00H<\/li>\n<li>X18 \u2013 VIC\u00c1LVARO 10h A 14h<\/li>\n<li>J19 \u2013 Fuenlabrada 15:00 A 19.00H<\/li>\n<li>L 23 \u2013 Aranjuez 12:00 A 16.00H<\/li>\n<\/ul>\n<p>&nbsp;<\/p>\n<p><em>*<strong>El horario de los voluntarios es media hora antes y media hora despu\u00e9s del horario previsto en cada Campus<\/strong>*<\/em><\/p>\n<p>&nbsp;<\/p>\n<p><strong>\u00bfC\u00f3mo puedes participar?<\/strong><\/p>\n<p>Necesitamos voluntarios\/as que est\u00e9n presentes en el stand del Equipo M\u00e9dula, ayudando e informando los d\u00edas de campa\u00f1a.<\/p>\n<p>Inscr\u00edbete en el siguiente enlace:\u00a0<strong><a href=\"https:\/\/forms.office.com\/e\/TLpdTUAD4e?origin=lprLink\" target=\"_blank\" rel=\"noopener\">CAMPA\u00d1A INFORMATIVA DONACI\u00d3N DE M\u00c9DULA OSEA\u00a0 MARZO 2026<\/a><\/strong>\u00a0y\u00a0realiza y aprueba el curso online de la Comunidad de Madrid que se indica en el mismo:\u00a0<strong><a href=\"http:\/\/c.madrid\/9ktmj\" target=\"_blank\" rel=\"noopener\">http:\/\/c.madrid\/9ktmj<\/a>\u00a0ANTES DEL 11\/03\/2026.<\/strong><\/p>\n<p>Por vuestra participaci\u00f3n en esta campa\u00f1a, realizando como m\u00ednimo el curso on line + una jornada de voluntariado completa, obtendr\u00e9is los cr\u00e9ditos RAC correspondientes a las horas de voluntariado efectuadas. (Por 9 horas, se reconocer\u00e1n 0\u00b445 cr\u00e9ditos)<\/p>\n<p>Si deseas recibir m\u00e1s informaci\u00f3n o te surge alguna duda, puedes escribirnos a\u00a0<strong><a href=\"mailto:voluntariado@urjc.es\" target=\"_blank\" rel=\"noopener\">voluntariado@urjc.es<\/a><\/strong><\/p>\n<p>Esta campa\u00f1a no ser\u00eda posible sin vuestra ayuda.\u00a0<strong>\u00a1Contamos contigo!<\/strong><\/p>\n<p><strong>\ud83d\ude0a<\/strong><\/p>\n","protected":false},"excerpt":{"rendered":"<p>Desde la Unidad de Cooperaci\u00f3n al Desarrollo y Voluntariado, continuamos con una nueva edici\u00f3n de la campa\u00f1a de donaci\u00f3n de m\u00e9dula \u00f3sea. El objetivo es informar a la comunidad universitaria sobre el proceso de donaci\u00f3n, adem\u00e1s de ofrecer la posibilidad de que, todos aquellos que lo deseen, puedan dar un primer paso y registrarse como [&hellip;]<\/p>\n","protected":false},"author":10,"featured_media":2095,"comment_status":"closed","ping_status":"closed","sticky":false,"template":"","format":"standard","meta":{"_et_pb_use_builder":"","_et_pb_old_content":"","_et_gb_content_width":"","cybocfi_hide_featured_image":"","footnotes":""},"categories":[29],"tags":[],"class_list":["post-2091","post","type-post","status-publish","format-standard","has-post-thumbnail","hentry","category-campanas"],"yoast_head":"<!-- This site is optimized with the Yoast SEO plugin v27.5 - https:\/\/yoast.com\/product\/yoast-seo-wordpress\/ -->\n<title>Donaci\u00f3n de m\u00e9dula 2026: \u00a1T\u00fa tambi\u00e9n puedes participar! - Unidad de Cooperaci\u00f3n al Desarrollo y Voluntariado<\/title>\n<meta name=\"robots\" content=\"index, follow, max-snippet:-1, max-image-preview:large, max-video-preview:-1\" \/>\n<link rel=\"canonical\" href=\"https:\/\/www.urjc2030.es\/ucdv\/donacion-de-medula-2026-tu-tambien-puedes-participar\/\" \/>\n<meta property=\"og:locale\" content=\"es_ES\" \/>\n<meta property=\"og:type\" content=\"article\" \/>\n<meta property=\"og:title\" content=\"Donaci\u00f3n de m\u00e9dula 2026: \u00a1T\u00fa tambi\u00e9n puedes participar! - Unidad de Cooperaci\u00f3n al Desarrollo y Voluntariado\" \/>\n<meta property=\"og:description\" content=\"Desde la Unidad de Cooperaci\u00f3n al Desarrollo y Voluntariado, continuamos con una nueva edici\u00f3n de la campa\u00f1a de donaci\u00f3n de m\u00e9dula \u00f3sea. El objetivo es informar a la comunidad universitaria sobre el proceso de donaci\u00f3n, adem\u00e1s de ofrecer la posibilidad de que, todos aquellos que lo deseen, puedan dar un primer paso y registrarse como [&hellip;]\" \/>\n<meta property=\"og:url\" content=\"https:\/\/www.urjc2030.es\/ucdv\/donacion-de-medula-2026-tu-tambien-puedes-participar\/\" \/>\n<meta property=\"og:site_name\" content=\"Unidad de Cooperaci\u00f3n al Desarrollo y Voluntariado\" \/>\n<meta property=\"article:publisher\" content=\"https:\/\/www.facebook.com\/universidadreyjuancarlos\" \/>\n<meta property=\"article:published_time\" content=\"2026-01-22T09:05:03+00:00\" \/>\n<meta property=\"article:modified_time\" content=\"2026-01-22T09:24:57+00:00\" \/>\n<meta property=\"og:image\" content=\"https:\/\/www.urjc2030.es\/ucdv\/wp-content\/uploads\/sites\/4\/2026\/01\/Nuevo-diseno-con-QR.png\" \/>\n\t<meta property=\"og:image:width\" content=\"1080\" \/>\n\t<meta property=\"og:image:height\" content=\"1350\" \/>\n\t<meta property=\"og:image:type\" content=\"image\/png\" \/>\n<meta name=\"author\" content=\"carlos\" \/>\n<meta name=\"twitter:card\" content=\"summary_large_image\" \/>\n<meta name=\"twitter:creator\" content=\"@urjc\" \/>\n<meta name=\"twitter:site\" content=\"@urjc\" \/>\n<script type=\"application\/ld+json\" class=\"yoast-schema-graph\">{\"@context\":\"https:\\\/\\\/schema.org\",\"@graph\":[{\"@type\":\"Article\",\"@id\":\"https:\\\/\\\/www.urjc2030.es\\\/ucdv\\\/donacion-de-medula-2026-tu-tambien-puedes-participar\\\/#article\",\"isPartOf\":{\"@id\":\"https:\\\/\\\/www.urjc2030.es\\\/ucdv\\\/donacion-de-medula-2026-tu-tambien-puedes-participar\\\/\"},\"author\":{\"name\":\"carlos\",\"@id\":\"https:\\\/\\\/www.urjc2030.es\\\/ucdv\\\/#\\\/schema\\\/person\\\/ddacb9e5abf914ab720a3d13fc047418\"},\"headline\":\"Donaci\u00f3n de m\u00e9dula 2026: \u00a1T\u00fa tambi\u00e9n puedes participar!\",\"datePublished\":\"2026-01-22T09:05:03+00:00\",\"dateModified\":\"2026-01-22T09:24:57+00:00\",\"mainEntityOfPage\":{\"@id\":\"https:\\\/\\\/www.urjc2030.es\\\/ucdv\\\/donacion-de-medula-2026-tu-tambien-puedes-participar\\\/\"},\"wordCount\":279,\"publisher\":{\"@id\":\"https:\\\/\\\/www.urjc2030.es\\\/ucdv\\\/#organization\"},\"image\":{\"@id\":\"https:\\\/\\\/www.urjc2030.es\\\/ucdv\\\/donacion-de-medula-2026-tu-tambien-puedes-participar\\\/#primaryimage\"},\"thumbnailUrl\":\"https:\\\/\\\/www.urjc2030.es\\\/ucdv\\\/wp-content\\\/uploads\\\/sites\\\/4\\\/2026\\\/01\\\/Nuevo-diseno-con-QR.png\",\"articleSection\":[\"Campa\u00f1as\"],\"inLanguage\":\"es\"},{\"@type\":\"WebPage\",\"@id\":\"https:\\\/\\\/www.urjc2030.es\\\/ucdv\\\/donacion-de-medula-2026-tu-tambien-puedes-participar\\\/\",\"url\":\"https:\\\/\\\/www.urjc2030.es\\\/ucdv\\\/donacion-de-medula-2026-tu-tambien-puedes-participar\\\/\",\"name\":\"Donaci\u00f3n de m\u00e9dula 2026: \u00a1T\u00fa tambi\u00e9n puedes participar! - Unidad de Cooperaci\u00f3n al Desarrollo y Voluntariado\",\"isPartOf\":{\"@id\":\"https:\\\/\\\/www.urjc2030.es\\\/ucdv\\\/#website\"},\"primaryImageOfPage\":{\"@id\":\"https:\\\/\\\/www.urjc2030.es\\\/ucdv\\\/donacion-de-medula-2026-tu-tambien-puedes-participar\\\/#primaryimage\"},\"image\":{\"@id\":\"https:\\\/\\\/www.urjc2030.es\\\/ucdv\\\/donacion-de-medula-2026-tu-tambien-puedes-participar\\\/#primaryimage\"},\"thumbnailUrl\":\"https:\\\/\\\/www.urjc2030.es\\\/ucdv\\\/wp-content\\\/uploads\\\/sites\\\/4\\\/2026\\\/01\\\/Nuevo-diseno-con-QR.png\",\"datePublished\":\"2026-01-22T09:05:03+00:00\",\"dateModified\":\"2026-01-22T09:24:57+00:00\",\"breadcrumb\":{\"@id\":\"https:\\\/\\\/www.urjc2030.es\\\/ucdv\\\/donacion-de-medula-2026-tu-tambien-puedes-participar\\\/#breadcrumb\"},\"inLanguage\":\"es\",\"potentialAction\":[{\"@type\":\"ReadAction\",\"target\":[\"https:\\\/\\\/www.urjc2030.es\\\/ucdv\\\/donacion-de-medula-2026-tu-tambien-puedes-participar\\\/\"]}]},{\"@type\":\"ImageObject\",\"inLanguage\":\"es\",\"@id\":\"https:\\\/\\\/www.urjc2030.es\\\/ucdv\\\/donacion-de-medula-2026-tu-tambien-puedes-participar\\\/#primaryimage\",\"url\":\"https:\\\/\\\/www.urjc2030.es\\\/ucdv\\\/wp-content\\\/uploads\\\/sites\\\/4\\\/2026\\\/01\\\/Nuevo-diseno-con-QR.png\",\"contentUrl\":\"https:\\\/\\\/www.urjc2030.es\\\/ucdv\\\/wp-content\\\/uploads\\\/sites\\\/4\\\/2026\\\/01\\\/Nuevo-diseno-con-QR.png\",\"width\":1080,\"height\":1350,\"caption\":\"Cartel m\u00e9dula Marzo 2026 con qr\"},{\"@type\":\"BreadcrumbList\",\"@id\":\"https:\\\/\\\/www.urjc2030.es\\\/ucdv\\\/donacion-de-medula-2026-tu-tambien-puedes-participar\\\/#breadcrumb\",\"itemListElement\":[{\"@type\":\"ListItem\",\"position\":1,\"name\":\"Portada\",\"item\":\"https:\\\/\\\/www.urjc2030.es\\\/ucdv\\\/\"},{\"@type\":\"ListItem\",\"position\":2,\"name\":\"Donaci\u00f3n de m\u00e9dula 2026: \u00a1T\u00fa tambi\u00e9n puedes participar!\"}]},{\"@type\":\"WebSite\",\"@id\":\"https:\\\/\\\/www.urjc2030.es\\\/ucdv\\\/#website\",\"url\":\"https:\\\/\\\/www.urjc2030.es\\\/ucdv\\\/\",\"name\":\"Unidad de Cooperaci\u00f3n al Desarrollo y Voluntariado\",\"description\":\"Promover y coordinar la gesti\u00f3n corporativa de ambas actividades dentro de la universidad.\",\"publisher\":{\"@id\":\"https:\\\/\\\/www.urjc2030.es\\\/ucdv\\\/#organization\"},\"potentialAction\":[{\"@type\":\"SearchAction\",\"target\":{\"@type\":\"EntryPoint\",\"urlTemplate\":\"https:\\\/\\\/www.urjc2030.es\\\/ucdv\\\/?s={search_term_string}\"},\"query-input\":{\"@type\":\"PropertyValueSpecification\",\"valueRequired\":true,\"valueName\":\"search_term_string\"}}],\"inLanguage\":\"es\"},{\"@type\":\"Organization\",\"@id\":\"https:\\\/\\\/www.urjc2030.es\\\/ucdv\\\/#organization\",\"name\":\"Universidad Rey Juan Carlos\",\"url\":\"https:\\\/\\\/www.urjc2030.es\\\/ucdv\\\/\",\"logo\":{\"@type\":\"ImageObject\",\"inLanguage\":\"es\",\"@id\":\"https:\\\/\\\/www.urjc2030.es\\\/ucdv\\\/#\\\/schema\\\/logo\\\/image\\\/\",\"url\":\"https:\\\/\\\/www.urjc2030.es\\\/scdv\\\/wp-content\\\/uploads\\\/sites\\\/4\\\/2020\\\/10\\\/logoURJC.png\",\"contentUrl\":\"https:\\\/\\\/www.urjc2030.es\\\/scdv\\\/wp-content\\\/uploads\\\/sites\\\/4\\\/2020\\\/10\\\/logoURJC.png\",\"width\":800,\"height\":305,\"caption\":\"Universidad Rey Juan Carlos\"},\"image\":{\"@id\":\"https:\\\/\\\/www.urjc2030.es\\\/ucdv\\\/#\\\/schema\\\/logo\\\/image\\\/\"},\"sameAs\":[\"https:\\\/\\\/www.facebook.com\\\/universidadreyjuancarlos\",\"https:\\\/\\\/x.com\\\/urjc\",\"https:\\\/\\\/www.instagram.com\\\/urjc_uni\\\/?hl=es\"]},{\"@type\":\"Person\",\"@id\":\"https:\\\/\\\/www.urjc2030.es\\\/ucdv\\\/#\\\/schema\\\/person\\\/ddacb9e5abf914ab720a3d13fc047418\",\"name\":\"carlos\",\"image\":{\"@type\":\"ImageObject\",\"inLanguage\":\"es\",\"@id\":\"https:\\\/\\\/secure.gravatar.com\\\/avatar\\\/98e1c0d637a9f3d3cd2be0e49e5387245f96e039452a34f919c9e800cad0f304?s=96&d=mm&r=g\",\"url\":\"https:\\\/\\\/secure.gravatar.com\\\/avatar\\\/98e1c0d637a9f3d3cd2be0e49e5387245f96e039452a34f919c9e800cad0f304?s=96&d=mm&r=g\",\"contentUrl\":\"https:\\\/\\\/secure.gravatar.com\\\/avatar\\\/98e1c0d637a9f3d3cd2be0e49e5387245f96e039452a34f919c9e800cad0f304?s=96&d=mm&r=g\",\"caption\":\"carlos\"}}]}<\/script>\n<!-- \/ Yoast SEO plugin. -->","yoast_head_json":{"title":"Donaci\u00f3n de m\u00e9dula 2026: \u00a1T\u00fa tambi\u00e9n puedes participar! - Unidad de Cooperaci\u00f3n al Desarrollo y Voluntariado","robots":{"index":"index","follow":"follow","max-snippet":"max-snippet:-1","max-image-preview":"max-image-preview:large","max-video-preview":"max-video-preview:-1"},"canonical":"https:\/\/www.urjc2030.es\/ucdv\/donacion-de-medula-2026-tu-tambien-puedes-participar\/","og_locale":"es_ES","og_type":"article","og_title":"Donaci\u00f3n de m\u00e9dula 2026: \u00a1T\u00fa tambi\u00e9n puedes participar! - Unidad de Cooperaci\u00f3n al Desarrollo y Voluntariado","og_description":"Desde la Unidad de Cooperaci\u00f3n al Desarrollo y Voluntariado, continuamos con una nueva edici\u00f3n de la campa\u00f1a de donaci\u00f3n de m\u00e9dula \u00f3sea. El objetivo es informar a la comunidad universitaria sobre el proceso de donaci\u00f3n, adem\u00e1s de ofrecer la posibilidad de que, todos aquellos que lo deseen, puedan dar un primer paso y registrarse como [&hellip;]","og_url":"https:\/\/www.urjc2030.es\/ucdv\/donacion-de-medula-2026-tu-tambien-puedes-participar\/","og_site_name":"Unidad de Cooperaci\u00f3n al Desarrollo y Voluntariado","article_publisher":"https:\/\/www.facebook.com\/universidadreyjuancarlos","article_published_time":"2026-01-22T09:05:03+00:00","article_modified_time":"2026-01-22T09:24:57+00:00","og_image":[{"width":1080,"height":1350,"url":"https:\/\/www.urjc2030.es\/ucdv\/wp-content\/uploads\/sites\/4\/2026\/01\/Nuevo-diseno-con-QR.png","type":"image\/png"}],"author":"carlos","twitter_card":"summary_large_image","twitter_creator":"@urjc","twitter_site":"@urjc","schema":{"@context":"https:\/\/schema.org","@graph":[{"@type":"Article","@id":"https:\/\/www.urjc2030.es\/ucdv\/donacion-de-medula-2026-tu-tambien-puedes-participar\/#article","isPartOf":{"@id":"https:\/\/www.urjc2030.es\/ucdv\/donacion-de-medula-2026-tu-tambien-puedes-participar\/"},"author":{"name":"carlos","@id":"https:\/\/www.urjc2030.es\/ucdv\/#\/schema\/person\/ddacb9e5abf914ab720a3d13fc047418"},"headline":"Donaci\u00f3n de m\u00e9dula 2026: \u00a1T\u00fa tambi\u00e9n puedes participar!","datePublished":"2026-01-22T09:05:03+00:00","dateModified":"2026-01-22T09:24:57+00:00","mainEntityOfPage":{"@id":"https:\/\/www.urjc2030.es\/ucdv\/donacion-de-medula-2026-tu-tambien-puedes-participar\/"},"wordCount":279,"publisher":{"@id":"https:\/\/www.urjc2030.es\/ucdv\/#organization"},"image":{"@id":"https:\/\/www.urjc2030.es\/ucdv\/donacion-de-medula-2026-tu-tambien-puedes-participar\/#primaryimage"},"thumbnailUrl":"https:\/\/www.urjc2030.es\/ucdv\/wp-content\/uploads\/sites\/4\/2026\/01\/Nuevo-diseno-con-QR.png","articleSection":["Campa\u00f1as"],"inLanguage":"es"},{"@type":"WebPage","@id":"https:\/\/www.urjc2030.es\/ucdv\/donacion-de-medula-2026-tu-tambien-puedes-participar\/","url":"https:\/\/www.urjc2030.es\/ucdv\/donacion-de-medula-2026-tu-tambien-puedes-participar\/","name":"Donaci\u00f3n de m\u00e9dula 2026: \u00a1T\u00fa tambi\u00e9n puedes participar! - Unidad de Cooperaci\u00f3n al Desarrollo y Voluntariado","isPartOf":{"@id":"https:\/\/www.urjc2030.es\/ucdv\/#website"},"primaryImageOfPage":{"@id":"https:\/\/www.urjc2030.es\/ucdv\/donacion-de-medula-2026-tu-tambien-puedes-participar\/#primaryimage"},"image":{"@id":"https:\/\/www.urjc2030.es\/ucdv\/donacion-de-medula-2026-tu-tambien-puedes-participar\/#primaryimage"},"thumbnailUrl":"https:\/\/www.urjc2030.es\/ucdv\/wp-content\/uploads\/sites\/4\/2026\/01\/Nuevo-diseno-con-QR.png","datePublished":"2026-01-22T09:05:03+00:00","dateModified":"2026-01-22T09:24:57+00:00","breadcrumb":{"@id":"https:\/\/www.urjc2030.es\/ucdv\/donacion-de-medula-2026-tu-tambien-puedes-participar\/#breadcrumb"},"inLanguage":"es","potentialAction":[{"@type":"ReadAction","target":["https:\/\/www.urjc2030.es\/ucdv\/donacion-de-medula-2026-tu-tambien-puedes-participar\/"]}]},{"@type":"ImageObject","inLanguage":"es","@id":"https:\/\/www.urjc2030.es\/ucdv\/donacion-de-medula-2026-tu-tambien-puedes-participar\/#primaryimage","url":"https:\/\/www.urjc2030.es\/ucdv\/wp-content\/uploads\/sites\/4\/2026\/01\/Nuevo-diseno-con-QR.png","contentUrl":"https:\/\/www.urjc2030.es\/ucdv\/wp-content\/uploads\/sites\/4\/2026\/01\/Nuevo-diseno-con-QR.png","width":1080,"height":1350,"caption":"Cartel m\u00e9dula Marzo 2026 con qr"},{"@type":"BreadcrumbList","@id":"https:\/\/www.urjc2030.es\/ucdv\/donacion-de-medula-2026-tu-tambien-puedes-participar\/#breadcrumb","itemListElement":[{"@type":"ListItem","position":1,"name":"Portada","item":"https:\/\/www.urjc2030.es\/ucdv\/"},{"@type":"ListItem","position":2,"name":"Donaci\u00f3n de m\u00e9dula 2026: \u00a1T\u00fa tambi\u00e9n puedes participar!"}]},{"@type":"WebSite","@id":"https:\/\/www.urjc2030.es\/ucdv\/#website","url":"https:\/\/www.urjc2030.es\/ucdv\/","name":"Unidad de Cooperaci\u00f3n al Desarrollo y Voluntariado","description":"Promover y coordinar la gesti\u00f3n corporativa de ambas actividades dentro de la universidad.","publisher":{"@id":"https:\/\/www.urjc2030.es\/ucdv\/#organization"},"potentialAction":[{"@type":"SearchAction","target":{"@type":"EntryPoint","urlTemplate":"https:\/\/www.urjc2030.es\/ucdv\/?s={search_term_string}"},"query-input":{"@type":"PropertyValueSpecification","valueRequired":true,"valueName":"search_term_string"}}],"inLanguage":"es"},{"@type":"Organization","@id":"https:\/\/www.urjc2030.es\/ucdv\/#organization","name":"Universidad Rey Juan Carlos","url":"https:\/\/www.urjc2030.es\/ucdv\/","logo":{"@type":"ImageObject","inLanguage":"es","@id":"https:\/\/www.urjc2030.es\/ucdv\/#\/schema\/logo\/image\/","url":"https:\/\/www.urjc2030.es\/scdv\/wp-content\/uploads\/sites\/4\/2020\/10\/logoURJC.png","contentUrl":"https:\/\/www.urjc2030.es\/scdv\/wp-content\/uploads\/sites\/4\/2020\/10\/logoURJC.png","width":800,"height":305,"caption":"Universidad Rey Juan Carlos"},"image":{"@id":"https:\/\/www.urjc2030.es\/ucdv\/#\/schema\/logo\/image\/"},"sameAs":["https:\/\/www.facebook.com\/universidadreyjuancarlos","https:\/\/x.com\/urjc","https:\/\/www.instagram.com\/urjc_uni\/?hl=es"]},{"@type":"Person","@id":"https:\/\/www.urjc2030.es\/ucdv\/#\/schema\/person\/ddacb9e5abf914ab720a3d13fc047418","name":"carlos","image":{"@type":"ImageObject","inLanguage":"es","@id":"https:\/\/secure.gravatar.com\/avatar\/98e1c0d637a9f3d3cd2be0e49e5387245f96e039452a34f919c9e800cad0f304?s=96&d=mm&r=g","url":"https:\/\/secure.gravatar.com\/avatar\/98e1c0d637a9f3d3cd2be0e49e5387245f96e039452a34f919c9e800cad0f304?s=96&d=mm&r=g","contentUrl":"https:\/\/secure.gravatar.com\/avatar\/98e1c0d637a9f3d3cd2be0e49e5387245f96e039452a34f919c9e800cad0f304?s=96&d=mm&r=g","caption":"carlos"}}]}},"_links":{"self":[{"href":"https:\/\/www.urjc2030.es\/ucdv\/wp-json\/wp\/v2\/posts\/2091","targetHints":{"allow":["GET"]}}],"collection":[{"href":"https:\/\/www.urjc2030.es\/ucdv\/wp-json\/wp\/v2\/posts"}],"about":[{"href":"https:\/\/www.urjc2030.es\/ucdv\/wp-json\/wp\/v2\/types\/post"}],"author":[{"embeddable":true,"href":"https:\/\/www.urjc2030.es\/ucdv\/wp-json\/wp\/v2\/users\/10"}],"replies":[{"embeddable":true,"href":"https:\/\/www.urjc2030.es\/ucdv\/wp-json\/wp\/v2\/comments?post=2091"}],"version-history":[{"count":5,"href":"https:\/\/www.urjc2030.es\/ucdv\/wp-json\/wp\/v2\/posts\/2091\/revisions"}],"predecessor-version":[{"id":2098,"href":"https:\/\/www.urjc2030.es\/ucdv\/wp-json\/wp\/v2\/posts\/2091\/revisions\/2098"}],"wp:featuredmedia":[{"embeddable":true,"href":"https:\/\/www.urjc2030.es\/ucdv\/wp-json\/wp\/v2\/media\/2095"}],"wp:attachment":[{"href":"https:\/\/www.urjc2030.es\/ucdv\/wp-json\/wp\/v2\/media?parent=2091"}],"wp:term":[{"taxonomy":"category","embeddable":true,"href":"https:\/\/www.urjc2030.es\/ucdv\/wp-json\/wp\/v2\/categories?post=2091"},{"taxonomy":"post_tag","embeddable":true,"href":"https:\/\/www.urjc2030.es\/ucdv\/wp-json\/wp\/v2\/tags?post=2091"}],"curies":[{"name":"wp","href":"https:\/\/api.w.org\/{rel}","templated":true}]}}