{"id":2196,"date":"2026-03-17T18:19:41","date_gmt":"2026-03-17T18:19:41","guid":{"rendered":"https:\/\/www.urjc2030.es\/ucdv\/?p=2196"},"modified":"2026-03-17T18:20:32","modified_gmt":"2026-03-17T18:20:32","slug":"mercadillo-solidario-fechas-actualizadas-abril-25-26","status":"publish","type":"post","link":"https:\/\/www.urjc2030.es\/ucdv\/mercadillo-solidario-fechas-actualizadas-abril-25-26\/","title":{"rendered":"\u00a1MERCADILLO SOLIDARIO! ABRIL FECHAS ACTUALIZADAS*"},"content":{"rendered":"<div class=\"elementToProof\">\n<p><a href=\"https:\/\/www.urjc2030.es\/ucdv\/wp-content\/uploads\/sites\/4\/2026\/02\/Voluntarios-para-Mercadillo-Solidario-Aida-3.png\"><img decoding=\"async\" class=\"wp-image-2195 size-full alignright\" src=\"https:\/\/www.urjc2030.es\/ucdv\/wp-content\/uploads\/sites\/4\/2026\/02\/Voluntarios-para-Mercadillo-Solidario-Aida-3.png\" alt=\"Voluntarios para Mercadillo Solidario Aida\" width=\"350\" height=\"auto\" srcset=\"https:\/\/www.urjc2030.es\/ucdv\/wp-content\/uploads\/sites\/4\/2026\/02\/Voluntarios-para-Mercadillo-Solidario-Aida-3.png 1080w, https:\/\/www.urjc2030.es\/ucdv\/wp-content\/uploads\/sites\/4\/2026\/02\/Voluntarios-para-Mercadillo-Solidario-Aida-3-980x1225.png 980w, https:\/\/www.urjc2030.es\/ucdv\/wp-content\/uploads\/sites\/4\/2026\/02\/Voluntarios-para-Mercadillo-Solidario-Aida-3-480x600.png 480w\" sizes=\"(min-width: 0px) and (max-width: 480px) 480px, (min-width: 481px) and (max-width: 980px) 980px, (min-width: 981px) 1080px, 100vw\" \/><\/a>Desde la Unidad de Cooperaci\u00f3n al Desarrollo y Voluntariado en colaboraci\u00f3n con la ONG AIDA ponemos en marcha un mercadillo de libros solidario para el que necesitaremos voluntario\/as.<\/p>\n<p>Este se llevar\u00e1 a cabo los mismos d\u00edas que publicamos inicialmente, pero ha habido una variaci\u00f3n en las fechas del mes febrero:<\/p>\n<ul>\n<li><strong>17 y 18 de febrero<\/strong><\/li>\n<li><strong>3 y 4 de marzo<\/strong><\/li>\n<li><strong>21 y 22 de abril*<\/strong><\/li>\n<li><strong>6 y 7 de mayo<\/strong><\/li>\n<\/ul>\n<p>En horario de 9:00 a 18:00 h en el Campus de Fuenlabrada.<\/p>\n<p>No ser\u00e1 necesario que los voluntarios realicen una jornada completa sino que entre las horas indicadas podr\u00e1n elegir la franja horaria que prefieran.<\/p>\n<p><strong>\u00a1Recordad que por vuestra participaci\u00f3n podr\u00e9is obtener cr\u00e9ditos acad\u00e9micos!<\/strong><\/p>\n<p>&nbsp;<\/p>\n<p><em>\u00bfC\u00f3mo pod\u00e9is inscribiros?<\/em><\/p>\n<p>Tendr\u00e9is que rellenar el siguiente forms y elegir AIDA en el apartado ONG: <strong><a href=\"https:\/\/forms.office.com\/r\/z8sEFzHv8c\" target=\"_blank\" rel=\"noopener\">https:\/\/forms.office.com\/r\/z8sEFzHv8c<\/a><\/strong><\/p>\n<p>Si deseas recibir m\u00e1s informaci\u00f3n o te surge alguna duda, puedes escribirnos a <strong><a href=\"mailto:voluntariado@urjc.es\" target=\"_blank\" rel=\"noopener\">voluntariado@urjc.es<\/a><\/strong><\/p>\n<p>Esta campa\u00f1a no ser\u00eda posible sin vuestra ayuda. <strong>\u00a1Contamos contigo!<\/strong><\/p>\n<\/div>\n","protected":false},"excerpt":{"rendered":"<p>Desde la Unidad de Cooperaci\u00f3n al Desarrollo y Voluntariado en colaboraci\u00f3n con la ONG AIDA ponemos en marcha un mercadillo de libros solidario para el que necesitaremos voluntario\/as. Este se llevar\u00e1 a cabo los mismos d\u00edas que publicamos inicialmente, pero ha habido una variaci\u00f3n en las fechas del mes febrero: 17 y 18 de febrero [&hellip;]<\/p>\n","protected":false},"author":10,"featured_media":2195,"comment_status":"closed","ping_status":"closed","sticky":false,"template":"","format":"standard","meta":{"_et_pb_use_builder":"","_et_pb_old_content":"","_et_gb_content_width":"","cybocfi_hide_featured_image":"","footnotes":""},"categories":[29],"tags":[],"class_list":["post-2196","post","type-post","status-publish","format-standard","has-post-thumbnail","hentry","category-campanas"],"yoast_head":"<!-- This site is optimized with the Yoast SEO plugin v27.5 - https:\/\/yoast.com\/product\/yoast-seo-wordpress\/ -->\n<title>\u00a1MERCADILLO SOLIDARIO! ABRIL FECHAS ACTUALIZADAS* - Unidad de Cooperaci\u00f3n al Desarrollo y Voluntariado<\/title>\n<meta name=\"robots\" content=\"index, follow, max-snippet:-1, max-image-preview:large, max-video-preview:-1\" \/>\n<link rel=\"canonical\" href=\"https:\/\/www.urjc2030.es\/ucdv\/mercadillo-solidario-fechas-actualizadas-abril-25-26\/\" \/>\n<meta property=\"og:locale\" content=\"es_ES\" \/>\n<meta property=\"og:type\" content=\"article\" \/>\n<meta property=\"og:title\" content=\"\u00a1MERCADILLO SOLIDARIO! ABRIL FECHAS ACTUALIZADAS* - Unidad de Cooperaci\u00f3n al Desarrollo y Voluntariado\" \/>\n<meta property=\"og:description\" content=\"Desde la Unidad de Cooperaci\u00f3n al Desarrollo y Voluntariado en colaboraci\u00f3n con la ONG AIDA ponemos en marcha un mercadillo de libros solidario para el que necesitaremos voluntario\/as. Este se llevar\u00e1 a cabo los mismos d\u00edas que publicamos inicialmente, pero ha habido una variaci\u00f3n en las fechas del mes febrero: 17 y 18 de febrero [&hellip;]\" \/>\n<meta property=\"og:url\" content=\"https:\/\/www.urjc2030.es\/ucdv\/mercadillo-solidario-fechas-actualizadas-abril-25-26\/\" \/>\n<meta property=\"og:site_name\" content=\"Unidad de Cooperaci\u00f3n al Desarrollo y Voluntariado\" \/>\n<meta property=\"article:publisher\" content=\"https:\/\/www.facebook.com\/universidadreyjuancarlos\" \/>\n<meta property=\"article:published_time\" content=\"2026-03-17T18:19:41+00:00\" \/>\n<meta property=\"article:modified_time\" content=\"2026-03-17T18:20:32+00:00\" \/>\n<meta property=\"og:image\" content=\"https:\/\/www.urjc2030.es\/ucdv\/wp-content\/uploads\/sites\/4\/2026\/02\/Voluntarios-para-Mercadillo-Solidario-Aida-3.png\" \/>\n\t<meta property=\"og:image:width\" content=\"1080\" \/>\n\t<meta property=\"og:image:height\" content=\"1350\" \/>\n\t<meta property=\"og:image:type\" content=\"image\/png\" \/>\n<meta name=\"author\" content=\"carlos\" \/>\n<meta name=\"twitter:card\" content=\"summary_large_image\" \/>\n<meta name=\"twitter:creator\" content=\"@urjc\" \/>\n<meta name=\"twitter:site\" content=\"@urjc\" \/>\n<script type=\"application\/ld+json\" class=\"yoast-schema-graph\">{\"@context\":\"https:\\\/\\\/schema.org\",\"@graph\":[{\"@type\":\"Article\",\"@id\":\"https:\\\/\\\/www.urjc2030.es\\\/ucdv\\\/mercadillo-solidario-fechas-actualizadas-abril-25-26\\\/#article\",\"isPartOf\":{\"@id\":\"https:\\\/\\\/www.urjc2030.es\\\/ucdv\\\/mercadillo-solidario-fechas-actualizadas-abril-25-26\\\/\"},\"author\":{\"name\":\"carlos\",\"@id\":\"https:\\\/\\\/www.urjc2030.es\\\/ucdv\\\/#\\\/schema\\\/person\\\/ddacb9e5abf914ab720a3d13fc047418\"},\"headline\":\"\u00a1MERCADILLO SOLIDARIO! ABRIL FECHAS ACTUALIZADAS*\",\"datePublished\":\"2026-03-17T18:19:41+00:00\",\"dateModified\":\"2026-03-17T18:20:32+00:00\",\"mainEntityOfPage\":{\"@id\":\"https:\\\/\\\/www.urjc2030.es\\\/ucdv\\\/mercadillo-solidario-fechas-actualizadas-abril-25-26\\\/\"},\"wordCount\":177,\"publisher\":{\"@id\":\"https:\\\/\\\/www.urjc2030.es\\\/ucdv\\\/#organization\"},\"image\":{\"@id\":\"https:\\\/\\\/www.urjc2030.es\\\/ucdv\\\/mercadillo-solidario-fechas-actualizadas-abril-25-26\\\/#primaryimage\"},\"thumbnailUrl\":\"https:\\\/\\\/www.urjc2030.es\\\/ucdv\\\/wp-content\\\/uploads\\\/sites\\\/4\\\/2026\\\/02\\\/Voluntarios-para-Mercadillo-Solidario-Aida-3.png\",\"articleSection\":[\"Campa\u00f1as\"],\"inLanguage\":\"es\"},{\"@type\":\"WebPage\",\"@id\":\"https:\\\/\\\/www.urjc2030.es\\\/ucdv\\\/mercadillo-solidario-fechas-actualizadas-abril-25-26\\\/\",\"url\":\"https:\\\/\\\/www.urjc2030.es\\\/ucdv\\\/mercadillo-solidario-fechas-actualizadas-abril-25-26\\\/\",\"name\":\"\u00a1MERCADILLO SOLIDARIO! ABRIL FECHAS ACTUALIZADAS* - Unidad de Cooperaci\u00f3n al Desarrollo y Voluntariado\",\"isPartOf\":{\"@id\":\"https:\\\/\\\/www.urjc2030.es\\\/ucdv\\\/#website\"},\"primaryImageOfPage\":{\"@id\":\"https:\\\/\\\/www.urjc2030.es\\\/ucdv\\\/mercadillo-solidario-fechas-actualizadas-abril-25-26\\\/#primaryimage\"},\"image\":{\"@id\":\"https:\\\/\\\/www.urjc2030.es\\\/ucdv\\\/mercadillo-solidario-fechas-actualizadas-abril-25-26\\\/#primaryimage\"},\"thumbnailUrl\":\"https:\\\/\\\/www.urjc2030.es\\\/ucdv\\\/wp-content\\\/uploads\\\/sites\\\/4\\\/2026\\\/02\\\/Voluntarios-para-Mercadillo-Solidario-Aida-3.png\",\"datePublished\":\"2026-03-17T18:19:41+00:00\",\"dateModified\":\"2026-03-17T18:20:32+00:00\",\"breadcrumb\":{\"@id\":\"https:\\\/\\\/www.urjc2030.es\\\/ucdv\\\/mercadillo-solidario-fechas-actualizadas-abril-25-26\\\/#breadcrumb\"},\"inLanguage\":\"es\",\"potentialAction\":[{\"@type\":\"ReadAction\",\"target\":[\"https:\\\/\\\/www.urjc2030.es\\\/ucdv\\\/mercadillo-solidario-fechas-actualizadas-abril-25-26\\\/\"]}]},{\"@type\":\"ImageObject\",\"inLanguage\":\"es\",\"@id\":\"https:\\\/\\\/www.urjc2030.es\\\/ucdv\\\/mercadillo-solidario-fechas-actualizadas-abril-25-26\\\/#primaryimage\",\"url\":\"https:\\\/\\\/www.urjc2030.es\\\/ucdv\\\/wp-content\\\/uploads\\\/sites\\\/4\\\/2026\\\/02\\\/Voluntarios-para-Mercadillo-Solidario-Aida-3.png\",\"contentUrl\":\"https:\\\/\\\/www.urjc2030.es\\\/ucdv\\\/wp-content\\\/uploads\\\/sites\\\/4\\\/2026\\\/02\\\/Voluntarios-para-Mercadillo-Solidario-Aida-3.png\",\"width\":1080,\"height\":1350,\"caption\":\"Voluntarios para Mercadillo Solidario Aida\"},{\"@type\":\"BreadcrumbList\",\"@id\":\"https:\\\/\\\/www.urjc2030.es\\\/ucdv\\\/mercadillo-solidario-fechas-actualizadas-abril-25-26\\\/#breadcrumb\",\"itemListElement\":[{\"@type\":\"ListItem\",\"position\":1,\"name\":\"Portada\",\"item\":\"https:\\\/\\\/www.urjc2030.es\\\/ucdv\\\/\"},{\"@type\":\"ListItem\",\"position\":2,\"name\":\"\u00a1MERCADILLO SOLIDARIO! ABRIL FECHAS ACTUALIZADAS*\"}]},{\"@type\":\"WebSite\",\"@id\":\"https:\\\/\\\/www.urjc2030.es\\\/ucdv\\\/#website\",\"url\":\"https:\\\/\\\/www.urjc2030.es\\\/ucdv\\\/\",\"name\":\"Unidad de Cooperaci\u00f3n al Desarrollo y Voluntariado\",\"description\":\"Promover y coordinar la gesti\u00f3n corporativa de ambas actividades dentro de la universidad.\",\"publisher\":{\"@id\":\"https:\\\/\\\/www.urjc2030.es\\\/ucdv\\\/#organization\"},\"potentialAction\":[{\"@type\":\"SearchAction\",\"target\":{\"@type\":\"EntryPoint\",\"urlTemplate\":\"https:\\\/\\\/www.urjc2030.es\\\/ucdv\\\/?s={search_term_string}\"},\"query-input\":{\"@type\":\"PropertyValueSpecification\",\"valueRequired\":true,\"valueName\":\"search_term_string\"}}],\"inLanguage\":\"es\"},{\"@type\":\"Organization\",\"@id\":\"https:\\\/\\\/www.urjc2030.es\\\/ucdv\\\/#organization\",\"name\":\"Universidad Rey Juan Carlos\",\"url\":\"https:\\\/\\\/www.urjc2030.es\\\/ucdv\\\/\",\"logo\":{\"@type\":\"ImageObject\",\"inLanguage\":\"es\",\"@id\":\"https:\\\/\\\/www.urjc2030.es\\\/ucdv\\\/#\\\/schema\\\/logo\\\/image\\\/\",\"url\":\"https:\\\/\\\/www.urjc2030.es\\\/scdv\\\/wp-content\\\/uploads\\\/sites\\\/4\\\/2020\\\/10\\\/logoURJC.png\",\"contentUrl\":\"https:\\\/\\\/www.urjc2030.es\\\/scdv\\\/wp-content\\\/uploads\\\/sites\\\/4\\\/2020\\\/10\\\/logoURJC.png\",\"width\":800,\"height\":305,\"caption\":\"Universidad Rey Juan Carlos\"},\"image\":{\"@id\":\"https:\\\/\\\/www.urjc2030.es\\\/ucdv\\\/#\\\/schema\\\/logo\\\/image\\\/\"},\"sameAs\":[\"https:\\\/\\\/www.facebook.com\\\/universidadreyjuancarlos\",\"https:\\\/\\\/x.com\\\/urjc\",\"https:\\\/\\\/www.instagram.com\\\/urjc_uni\\\/?hl=es\"]},{\"@type\":\"Person\",\"@id\":\"https:\\\/\\\/www.urjc2030.es\\\/ucdv\\\/#\\\/schema\\\/person\\\/ddacb9e5abf914ab720a3d13fc047418\",\"name\":\"carlos\",\"image\":{\"@type\":\"ImageObject\",\"inLanguage\":\"es\",\"@id\":\"https:\\\/\\\/secure.gravatar.com\\\/avatar\\\/98e1c0d637a9f3d3cd2be0e49e5387245f96e039452a34f919c9e800cad0f304?s=96&d=mm&r=g\",\"url\":\"https:\\\/\\\/secure.gravatar.com\\\/avatar\\\/98e1c0d637a9f3d3cd2be0e49e5387245f96e039452a34f919c9e800cad0f304?s=96&d=mm&r=g\",\"contentUrl\":\"https:\\\/\\\/secure.gravatar.com\\\/avatar\\\/98e1c0d637a9f3d3cd2be0e49e5387245f96e039452a34f919c9e800cad0f304?s=96&d=mm&r=g\",\"caption\":\"carlos\"}}]}<\/script>\n<!-- \/ Yoast SEO plugin. -->","yoast_head_json":{"title":"\u00a1MERCADILLO SOLIDARIO! ABRIL FECHAS ACTUALIZADAS* - Unidad de Cooperaci\u00f3n al Desarrollo y Voluntariado","robots":{"index":"index","follow":"follow","max-snippet":"max-snippet:-1","max-image-preview":"max-image-preview:large","max-video-preview":"max-video-preview:-1"},"canonical":"https:\/\/www.urjc2030.es\/ucdv\/mercadillo-solidario-fechas-actualizadas-abril-25-26\/","og_locale":"es_ES","og_type":"article","og_title":"\u00a1MERCADILLO SOLIDARIO! ABRIL FECHAS ACTUALIZADAS* - Unidad de Cooperaci\u00f3n al Desarrollo y Voluntariado","og_description":"Desde la Unidad de Cooperaci\u00f3n al Desarrollo y Voluntariado en colaboraci\u00f3n con la ONG AIDA ponemos en marcha un mercadillo de libros solidario para el que necesitaremos voluntario\/as. Este se llevar\u00e1 a cabo los mismos d\u00edas que publicamos inicialmente, pero ha habido una variaci\u00f3n en las fechas del mes febrero: 17 y 18 de febrero [&hellip;]","og_url":"https:\/\/www.urjc2030.es\/ucdv\/mercadillo-solidario-fechas-actualizadas-abril-25-26\/","og_site_name":"Unidad de Cooperaci\u00f3n al Desarrollo y Voluntariado","article_publisher":"https:\/\/www.facebook.com\/universidadreyjuancarlos","article_published_time":"2026-03-17T18:19:41+00:00","article_modified_time":"2026-03-17T18:20:32+00:00","og_image":[{"width":1080,"height":1350,"url":"https:\/\/www.urjc2030.es\/ucdv\/wp-content\/uploads\/sites\/4\/2026\/02\/Voluntarios-para-Mercadillo-Solidario-Aida-3.png","type":"image\/png"}],"author":"carlos","twitter_card":"summary_large_image","twitter_creator":"@urjc","twitter_site":"@urjc","schema":{"@context":"https:\/\/schema.org","@graph":[{"@type":"Article","@id":"https:\/\/www.urjc2030.es\/ucdv\/mercadillo-solidario-fechas-actualizadas-abril-25-26\/#article","isPartOf":{"@id":"https:\/\/www.urjc2030.es\/ucdv\/mercadillo-solidario-fechas-actualizadas-abril-25-26\/"},"author":{"name":"carlos","@id":"https:\/\/www.urjc2030.es\/ucdv\/#\/schema\/person\/ddacb9e5abf914ab720a3d13fc047418"},"headline":"\u00a1MERCADILLO SOLIDARIO! ABRIL FECHAS ACTUALIZADAS*","datePublished":"2026-03-17T18:19:41+00:00","dateModified":"2026-03-17T18:20:32+00:00","mainEntityOfPage":{"@id":"https:\/\/www.urjc2030.es\/ucdv\/mercadillo-solidario-fechas-actualizadas-abril-25-26\/"},"wordCount":177,"publisher":{"@id":"https:\/\/www.urjc2030.es\/ucdv\/#organization"},"image":{"@id":"https:\/\/www.urjc2030.es\/ucdv\/mercadillo-solidario-fechas-actualizadas-abril-25-26\/#primaryimage"},"thumbnailUrl":"https:\/\/www.urjc2030.es\/ucdv\/wp-content\/uploads\/sites\/4\/2026\/02\/Voluntarios-para-Mercadillo-Solidario-Aida-3.png","articleSection":["Campa\u00f1as"],"inLanguage":"es"},{"@type":"WebPage","@id":"https:\/\/www.urjc2030.es\/ucdv\/mercadillo-solidario-fechas-actualizadas-abril-25-26\/","url":"https:\/\/www.urjc2030.es\/ucdv\/mercadillo-solidario-fechas-actualizadas-abril-25-26\/","name":"\u00a1MERCADILLO SOLIDARIO! ABRIL FECHAS ACTUALIZADAS* - Unidad de Cooperaci\u00f3n al Desarrollo y Voluntariado","isPartOf":{"@id":"https:\/\/www.urjc2030.es\/ucdv\/#website"},"primaryImageOfPage":{"@id":"https:\/\/www.urjc2030.es\/ucdv\/mercadillo-solidario-fechas-actualizadas-abril-25-26\/#primaryimage"},"image":{"@id":"https:\/\/www.urjc2030.es\/ucdv\/mercadillo-solidario-fechas-actualizadas-abril-25-26\/#primaryimage"},"thumbnailUrl":"https:\/\/www.urjc2030.es\/ucdv\/wp-content\/uploads\/sites\/4\/2026\/02\/Voluntarios-para-Mercadillo-Solidario-Aida-3.png","datePublished":"2026-03-17T18:19:41+00:00","dateModified":"2026-03-17T18:20:32+00:00","breadcrumb":{"@id":"https:\/\/www.urjc2030.es\/ucdv\/mercadillo-solidario-fechas-actualizadas-abril-25-26\/#breadcrumb"},"inLanguage":"es","potentialAction":[{"@type":"ReadAction","target":["https:\/\/www.urjc2030.es\/ucdv\/mercadillo-solidario-fechas-actualizadas-abril-25-26\/"]}]},{"@type":"ImageObject","inLanguage":"es","@id":"https:\/\/www.urjc2030.es\/ucdv\/mercadillo-solidario-fechas-actualizadas-abril-25-26\/#primaryimage","url":"https:\/\/www.urjc2030.es\/ucdv\/wp-content\/uploads\/sites\/4\/2026\/02\/Voluntarios-para-Mercadillo-Solidario-Aida-3.png","contentUrl":"https:\/\/www.urjc2030.es\/ucdv\/wp-content\/uploads\/sites\/4\/2026\/02\/Voluntarios-para-Mercadillo-Solidario-Aida-3.png","width":1080,"height":1350,"caption":"Voluntarios para Mercadillo Solidario Aida"},{"@type":"BreadcrumbList","@id":"https:\/\/www.urjc2030.es\/ucdv\/mercadillo-solidario-fechas-actualizadas-abril-25-26\/#breadcrumb","itemListElement":[{"@type":"ListItem","position":1,"name":"Portada","item":"https:\/\/www.urjc2030.es\/ucdv\/"},{"@type":"ListItem","position":2,"name":"\u00a1MERCADILLO SOLIDARIO! ABRIL FECHAS ACTUALIZADAS*"}]},{"@type":"WebSite","@id":"https:\/\/www.urjc2030.es\/ucdv\/#website","url":"https:\/\/www.urjc2030.es\/ucdv\/","name":"Unidad de Cooperaci\u00f3n al Desarrollo y Voluntariado","description":"Promover y coordinar la gesti\u00f3n corporativa de ambas actividades dentro de la universidad.","publisher":{"@id":"https:\/\/www.urjc2030.es\/ucdv\/#organization"},"potentialAction":[{"@type":"SearchAction","target":{"@type":"EntryPoint","urlTemplate":"https:\/\/www.urjc2030.es\/ucdv\/?s={search_term_string}"},"query-input":{"@type":"PropertyValueSpecification","valueRequired":true,"valueName":"search_term_string"}}],"inLanguage":"es"},{"@type":"Organization","@id":"https:\/\/www.urjc2030.es\/ucdv\/#organization","name":"Universidad Rey Juan Carlos","url":"https:\/\/www.urjc2030.es\/ucdv\/","logo":{"@type":"ImageObject","inLanguage":"es","@id":"https:\/\/www.urjc2030.es\/ucdv\/#\/schema\/logo\/image\/","url":"https:\/\/www.urjc2030.es\/scdv\/wp-content\/uploads\/sites\/4\/2020\/10\/logoURJC.png","contentUrl":"https:\/\/www.urjc2030.es\/scdv\/wp-content\/uploads\/sites\/4\/2020\/10\/logoURJC.png","width":800,"height":305,"caption":"Universidad Rey Juan Carlos"},"image":{"@id":"https:\/\/www.urjc2030.es\/ucdv\/#\/schema\/logo\/image\/"},"sameAs":["https:\/\/www.facebook.com\/universidadreyjuancarlos","https:\/\/x.com\/urjc","https:\/\/www.instagram.com\/urjc_uni\/?hl=es"]},{"@type":"Person","@id":"https:\/\/www.urjc2030.es\/ucdv\/#\/schema\/person\/ddacb9e5abf914ab720a3d13fc047418","name":"carlos","image":{"@type":"ImageObject","inLanguage":"es","@id":"https:\/\/secure.gravatar.com\/avatar\/98e1c0d637a9f3d3cd2be0e49e5387245f96e039452a34f919c9e800cad0f304?s=96&d=mm&r=g","url":"https:\/\/secure.gravatar.com\/avatar\/98e1c0d637a9f3d3cd2be0e49e5387245f96e039452a34f919c9e800cad0f304?s=96&d=mm&r=g","contentUrl":"https:\/\/secure.gravatar.com\/avatar\/98e1c0d637a9f3d3cd2be0e49e5387245f96e039452a34f919c9e800cad0f304?s=96&d=mm&r=g","caption":"carlos"}}]}},"_links":{"self":[{"href":"https:\/\/www.urjc2030.es\/ucdv\/wp-json\/wp\/v2\/posts\/2196","targetHints":{"allow":["GET"]}}],"collection":[{"href":"https:\/\/www.urjc2030.es\/ucdv\/wp-json\/wp\/v2\/posts"}],"about":[{"href":"https:\/\/www.urjc2030.es\/ucdv\/wp-json\/wp\/v2\/types\/post"}],"author":[{"embeddable":true,"href":"https:\/\/www.urjc2030.es\/ucdv\/wp-json\/wp\/v2\/users\/10"}],"replies":[{"embeddable":true,"href":"https:\/\/www.urjc2030.es\/ucdv\/wp-json\/wp\/v2\/comments?post=2196"}],"version-history":[{"count":3,"href":"https:\/\/www.urjc2030.es\/ucdv\/wp-json\/wp\/v2\/posts\/2196\/revisions"}],"predecessor-version":[{"id":2199,"href":"https:\/\/www.urjc2030.es\/ucdv\/wp-json\/wp\/v2\/posts\/2196\/revisions\/2199"}],"wp:featuredmedia":[{"embeddable":true,"href":"https:\/\/www.urjc2030.es\/ucdv\/wp-json\/wp\/v2\/media\/2195"}],"wp:attachment":[{"href":"https:\/\/www.urjc2030.es\/ucdv\/wp-json\/wp\/v2\/media?parent=2196"}],"wp:term":[{"taxonomy":"category","embeddable":true,"href":"https:\/\/www.urjc2030.es\/ucdv\/wp-json\/wp\/v2\/categories?post=2196"},{"taxonomy":"post_tag","embeddable":true,"href":"https:\/\/www.urjc2030.es\/ucdv\/wp-json\/wp\/v2\/tags?post=2196"}],"curies":[{"name":"wp","href":"https:\/\/api.w.org\/{rel}","templated":true}]}}