{"id":2239,"date":"2026-05-01T16:58:50","date_gmt":"2026-05-01T16:58:50","guid":{"rendered":"https:\/\/www.urjc2030.es\/ucdv\/?p=2239"},"modified":"2026-05-01T16:59:05","modified_gmt":"2026-05-01T16:59:05","slug":"jornada-sobre-responsabilidad-social-corporativa-y-voluntariado-corporativo-25-26","status":"publish","type":"post","link":"https:\/\/www.urjc2030.es\/ucdv\/jornada-sobre-responsabilidad-social-corporativa-y-voluntariado-corporativo-25-26\/","title":{"rendered":"Jornada sobre Responsabilidad Social Corporativa y Voluntariado Corporativo"},"content":{"rendered":"<p><a href=\"https:\/\/www.urjc2030.es\/ucdv\/wp-content\/uploads\/sites\/4\/2026\/05\/IMG-20260429-WA0008.jpg\"><img decoding=\"async\" class=\"wp-image-2240 size-full alignright\" src=\"https:\/\/www.urjc2030.es\/ucdv\/wp-content\/uploads\/sites\/4\/2026\/05\/IMG-20260429-WA0008.jpg\" alt=\"Programa jornada RSC Y VOLUNTARIADO DEF\" width=\"350\" height=\"auto\" srcset=\"https:\/\/www.urjc2030.es\/ucdv\/wp-content\/uploads\/sites\/4\/2026\/05\/IMG-20260429-WA0008.jpg 2040w, https:\/\/www.urjc2030.es\/ucdv\/wp-content\/uploads\/sites\/4\/2026\/05\/IMG-20260429-WA0008-1280x960.jpg 1280w, https:\/\/www.urjc2030.es\/ucdv\/wp-content\/uploads\/sites\/4\/2026\/05\/IMG-20260429-WA0008-980x735.jpg 980w, https:\/\/www.urjc2030.es\/ucdv\/wp-content\/uploads\/sites\/4\/2026\/05\/IMG-20260429-WA0008-480x360.jpg 480w\" sizes=\"(min-width: 0px) and (max-width: 480px) 480px, (min-width: 481px) and (max-width: 980px) 980px, (min-width: 981px) and (max-width: 1280px) 1280px, (min-width: 1281px) 2040px, 100vw\" \/><\/a>En el d\u00eda de ayer se celebr\u00f3 en la Universidad Rey Juan Carlos la <strong>Jornada sobre Responsabilidad Social Corporativa y Voluntariado Corporativo<\/strong>, dirigidas por la profesora <strong><em>Ana Isabel Mu\u00f1oz Maz\u00f3n<\/em><\/strong>. Fue una Jornada muy provechosa en la que los estudiantes de nuestra Universidad aprendieron mucho sobre voluntariado y su importancia en el crecimiento empresarial y personal.<\/p>\n<p>La Coordinadora de Voluntariado y Cooperaci\u00f3n Internacional del Vicerrectorado de Responsabilidad Social, Cultura y Deportes comparti\u00f3 con los estudiantes toda la informaci\u00f3n sobre los distintos programas que existen en voluntariado internacional, as\u00ed como la oferta de voluntariado en la Comunidad de Madrid que ofrece nuestra instituci\u00f3n.<\/p>\n<p>Programa:<\/p>\n<p><a href=\"https:\/\/www.urjc2030.es\/ucdv\/wp-content\/uploads\/sites\/4\/2026\/05\/Programa-jornada-RSC-Y-VOLUNTARIADO-DEF.png\" target=\"_blank\" rel=\"noopener\"><img decoding=\"async\" class=\"wp-image-2241 size-full alignleft\" src=\"https:\/\/www.urjc2030.es\/ucdv\/wp-content\/uploads\/sites\/4\/2026\/05\/Programa-jornada-RSC-Y-VOLUNTARIADO-DEF.png\" alt=\"Programa jornada RSC Y VOLUNTARIADO DEF\" width=\"auto\" height=\"auto\" srcset=\"https:\/\/www.urjc2030.es\/ucdv\/wp-content\/uploads\/sites\/4\/2026\/05\/Programa-jornada-RSC-Y-VOLUNTARIADO-DEF.png 524w, https:\/\/www.urjc2030.es\/ucdv\/wp-content\/uploads\/sites\/4\/2026\/05\/Programa-jornada-RSC-Y-VOLUNTARIADO-DEF-480x651.png 480w\" sizes=\"(min-width: 0px) and (max-width: 480px) 480px, (min-width: 481px) 524px, 100vw\" \/><\/a><\/p>\n<p>&nbsp;<\/p>\n","protected":false},"excerpt":{"rendered":"<p>En el d\u00eda de ayer se celebr\u00f3 en la Universidad Rey Juan Carlos la Jornada sobre Responsabilidad Social Corporativa y Voluntariado Corporativo, dirigidas por la profesora Ana Isabel Mu\u00f1oz Maz\u00f3n. Fue una Jornada muy provechosa en la que los estudiantes de nuestra Universidad aprendieron mucho sobre voluntariado y su importancia en el crecimiento empresarial y [&hellip;]<\/p>\n","protected":false},"author":10,"featured_media":2240,"comment_status":"closed","ping_status":"closed","sticky":false,"template":"","format":"standard","meta":{"_et_pb_use_builder":"","_et_pb_old_content":"","_et_gb_content_width":"","cybocfi_hide_featured_image":"","footnotes":""},"categories":[19],"tags":[],"class_list":["post-2239","post","type-post","status-publish","format-standard","has-post-thumbnail","hentry","category-noticias-scdv"],"yoast_head":"<!-- This site is optimized with the Yoast SEO plugin v27.5 - https:\/\/yoast.com\/product\/yoast-seo-wordpress\/ -->\n<title>Jornada sobre Responsabilidad Social Corporativa y Voluntariado Corporativo - Unidad de Cooperaci\u00f3n al Desarrollo y Voluntariado<\/title>\n<meta name=\"robots\" content=\"index, follow, max-snippet:-1, max-image-preview:large, max-video-preview:-1\" \/>\n<link rel=\"canonical\" href=\"https:\/\/www.urjc2030.es\/ucdv\/jornada-sobre-responsabilidad-social-corporativa-y-voluntariado-corporativo-25-26\/\" \/>\n<meta property=\"og:locale\" content=\"es_ES\" \/>\n<meta property=\"og:type\" content=\"article\" \/>\n<meta property=\"og:title\" content=\"Jornada sobre Responsabilidad Social Corporativa y Voluntariado Corporativo - Unidad de Cooperaci\u00f3n al Desarrollo y Voluntariado\" \/>\n<meta property=\"og:description\" content=\"En el d\u00eda de ayer se celebr\u00f3 en la Universidad Rey Juan Carlos la Jornada sobre Responsabilidad Social Corporativa y Voluntariado Corporativo, dirigidas por la profesora Ana Isabel Mu\u00f1oz Maz\u00f3n. Fue una Jornada muy provechosa en la que los estudiantes de nuestra Universidad aprendieron mucho sobre voluntariado y su importancia en el crecimiento empresarial y [&hellip;]\" \/>\n<meta property=\"og:url\" content=\"https:\/\/www.urjc2030.es\/ucdv\/jornada-sobre-responsabilidad-social-corporativa-y-voluntariado-corporativo-25-26\/\" \/>\n<meta property=\"og:site_name\" content=\"Unidad de Cooperaci\u00f3n al Desarrollo y Voluntariado\" \/>\n<meta property=\"article:publisher\" content=\"https:\/\/www.facebook.com\/universidadreyjuancarlos\" \/>\n<meta property=\"article:published_time\" content=\"2026-05-01T16:58:50+00:00\" \/>\n<meta property=\"article:modified_time\" content=\"2026-05-01T16:59:05+00:00\" \/>\n<meta property=\"og:image\" content=\"https:\/\/www.urjc2030.es\/ucdv\/wp-content\/uploads\/sites\/4\/2026\/05\/IMG-20260429-WA0008.jpg\" \/>\n\t<meta property=\"og:image:width\" content=\"2040\" \/>\n\t<meta property=\"og:image:height\" content=\"1530\" \/>\n\t<meta property=\"og:image:type\" content=\"image\/jpeg\" \/>\n<meta name=\"author\" content=\"carlos\" \/>\n<meta name=\"twitter:card\" content=\"summary_large_image\" \/>\n<meta name=\"twitter:creator\" content=\"@urjc\" \/>\n<meta name=\"twitter:site\" content=\"@urjc\" \/>\n<script type=\"application\/ld+json\" class=\"yoast-schema-graph\">{\"@context\":\"https:\\\/\\\/schema.org\",\"@graph\":[{\"@type\":\"Article\",\"@id\":\"https:\\\/\\\/www.urjc2030.es\\\/ucdv\\\/jornada-sobre-responsabilidad-social-corporativa-y-voluntariado-corporativo-25-26\\\/#article\",\"isPartOf\":{\"@id\":\"https:\\\/\\\/www.urjc2030.es\\\/ucdv\\\/jornada-sobre-responsabilidad-social-corporativa-y-voluntariado-corporativo-25-26\\\/\"},\"author\":{\"name\":\"carlos\",\"@id\":\"https:\\\/\\\/www.urjc2030.es\\\/ucdv\\\/#\\\/schema\\\/person\\\/ddacb9e5abf914ab720a3d13fc047418\"},\"headline\":\"Jornada sobre Responsabilidad Social Corporativa y Voluntariado Corporativo\",\"datePublished\":\"2026-05-01T16:58:50+00:00\",\"dateModified\":\"2026-05-01T16:59:05+00:00\",\"mainEntityOfPage\":{\"@id\":\"https:\\\/\\\/www.urjc2030.es\\\/ucdv\\\/jornada-sobre-responsabilidad-social-corporativa-y-voluntariado-corporativo-25-26\\\/\"},\"wordCount\":118,\"publisher\":{\"@id\":\"https:\\\/\\\/www.urjc2030.es\\\/ucdv\\\/#organization\"},\"image\":{\"@id\":\"https:\\\/\\\/www.urjc2030.es\\\/ucdv\\\/jornada-sobre-responsabilidad-social-corporativa-y-voluntariado-corporativo-25-26\\\/#primaryimage\"},\"thumbnailUrl\":\"https:\\\/\\\/www.urjc2030.es\\\/ucdv\\\/wp-content\\\/uploads\\\/sites\\\/4\\\/2026\\\/05\\\/IMG-20260429-WA0008.jpg\",\"articleSection\":[\"Noticias\"],\"inLanguage\":\"es\"},{\"@type\":\"WebPage\",\"@id\":\"https:\\\/\\\/www.urjc2030.es\\\/ucdv\\\/jornada-sobre-responsabilidad-social-corporativa-y-voluntariado-corporativo-25-26\\\/\",\"url\":\"https:\\\/\\\/www.urjc2030.es\\\/ucdv\\\/jornada-sobre-responsabilidad-social-corporativa-y-voluntariado-corporativo-25-26\\\/\",\"name\":\"Jornada sobre Responsabilidad Social Corporativa y Voluntariado Corporativo - Unidad de Cooperaci\u00f3n al Desarrollo y Voluntariado\",\"isPartOf\":{\"@id\":\"https:\\\/\\\/www.urjc2030.es\\\/ucdv\\\/#website\"},\"primaryImageOfPage\":{\"@id\":\"https:\\\/\\\/www.urjc2030.es\\\/ucdv\\\/jornada-sobre-responsabilidad-social-corporativa-y-voluntariado-corporativo-25-26\\\/#primaryimage\"},\"image\":{\"@id\":\"https:\\\/\\\/www.urjc2030.es\\\/ucdv\\\/jornada-sobre-responsabilidad-social-corporativa-y-voluntariado-corporativo-25-26\\\/#primaryimage\"},\"thumbnailUrl\":\"https:\\\/\\\/www.urjc2030.es\\\/ucdv\\\/wp-content\\\/uploads\\\/sites\\\/4\\\/2026\\\/05\\\/IMG-20260429-WA0008.jpg\",\"datePublished\":\"2026-05-01T16:58:50+00:00\",\"dateModified\":\"2026-05-01T16:59:05+00:00\",\"breadcrumb\":{\"@id\":\"https:\\\/\\\/www.urjc2030.es\\\/ucdv\\\/jornada-sobre-responsabilidad-social-corporativa-y-voluntariado-corporativo-25-26\\\/#breadcrumb\"},\"inLanguage\":\"es\",\"potentialAction\":[{\"@type\":\"ReadAction\",\"target\":[\"https:\\\/\\\/www.urjc2030.es\\\/ucdv\\\/jornada-sobre-responsabilidad-social-corporativa-y-voluntariado-corporativo-25-26\\\/\"]}]},{\"@type\":\"ImageObject\",\"inLanguage\":\"es\",\"@id\":\"https:\\\/\\\/www.urjc2030.es\\\/ucdv\\\/jornada-sobre-responsabilidad-social-corporativa-y-voluntariado-corporativo-25-26\\\/#primaryimage\",\"url\":\"https:\\\/\\\/www.urjc2030.es\\\/ucdv\\\/wp-content\\\/uploads\\\/sites\\\/4\\\/2026\\\/05\\\/IMG-20260429-WA0008.jpg\",\"contentUrl\":\"https:\\\/\\\/www.urjc2030.es\\\/ucdv\\\/wp-content\\\/uploads\\\/sites\\\/4\\\/2026\\\/05\\\/IMG-20260429-WA0008.jpg\",\"width\":2040,\"height\":1530,\"caption\":\"Programa jornada RSC Y VOLUNTARIADO DEF\"},{\"@type\":\"BreadcrumbList\",\"@id\":\"https:\\\/\\\/www.urjc2030.es\\\/ucdv\\\/jornada-sobre-responsabilidad-social-corporativa-y-voluntariado-corporativo-25-26\\\/#breadcrumb\",\"itemListElement\":[{\"@type\":\"ListItem\",\"position\":1,\"name\":\"Portada\",\"item\":\"https:\\\/\\\/www.urjc2030.es\\\/ucdv\\\/\"},{\"@type\":\"ListItem\",\"position\":2,\"name\":\"Jornada sobre Responsabilidad Social Corporativa y Voluntariado Corporativo\"}]},{\"@type\":\"WebSite\",\"@id\":\"https:\\\/\\\/www.urjc2030.es\\\/ucdv\\\/#website\",\"url\":\"https:\\\/\\\/www.urjc2030.es\\\/ucdv\\\/\",\"name\":\"Unidad de Cooperaci\u00f3n al Desarrollo y Voluntariado\",\"description\":\"Promover y coordinar la gesti\u00f3n corporativa de ambas actividades dentro de la universidad.\",\"publisher\":{\"@id\":\"https:\\\/\\\/www.urjc2030.es\\\/ucdv\\\/#organization\"},\"potentialAction\":[{\"@type\":\"SearchAction\",\"target\":{\"@type\":\"EntryPoint\",\"urlTemplate\":\"https:\\\/\\\/www.urjc2030.es\\\/ucdv\\\/?s={search_term_string}\"},\"query-input\":{\"@type\":\"PropertyValueSpecification\",\"valueRequired\":true,\"valueName\":\"search_term_string\"}}],\"inLanguage\":\"es\"},{\"@type\":\"Organization\",\"@id\":\"https:\\\/\\\/www.urjc2030.es\\\/ucdv\\\/#organization\",\"name\":\"Universidad Rey Juan Carlos\",\"url\":\"https:\\\/\\\/www.urjc2030.es\\\/ucdv\\\/\",\"logo\":{\"@type\":\"ImageObject\",\"inLanguage\":\"es\",\"@id\":\"https:\\\/\\\/www.urjc2030.es\\\/ucdv\\\/#\\\/schema\\\/logo\\\/image\\\/\",\"url\":\"https:\\\/\\\/www.urjc2030.es\\\/scdv\\\/wp-content\\\/uploads\\\/sites\\\/4\\\/2020\\\/10\\\/logoURJC.png\",\"contentUrl\":\"https:\\\/\\\/www.urjc2030.es\\\/scdv\\\/wp-content\\\/uploads\\\/sites\\\/4\\\/2020\\\/10\\\/logoURJC.png\",\"width\":800,\"height\":305,\"caption\":\"Universidad Rey Juan Carlos\"},\"image\":{\"@id\":\"https:\\\/\\\/www.urjc2030.es\\\/ucdv\\\/#\\\/schema\\\/logo\\\/image\\\/\"},\"sameAs\":[\"https:\\\/\\\/www.facebook.com\\\/universidadreyjuancarlos\",\"https:\\\/\\\/x.com\\\/urjc\",\"https:\\\/\\\/www.instagram.com\\\/urjc_uni\\\/?hl=es\"]},{\"@type\":\"Person\",\"@id\":\"https:\\\/\\\/www.urjc2030.es\\\/ucdv\\\/#\\\/schema\\\/person\\\/ddacb9e5abf914ab720a3d13fc047418\",\"name\":\"carlos\",\"image\":{\"@type\":\"ImageObject\",\"inLanguage\":\"es\",\"@id\":\"https:\\\/\\\/secure.gravatar.com\\\/avatar\\\/98e1c0d637a9f3d3cd2be0e49e5387245f96e039452a34f919c9e800cad0f304?s=96&d=mm&r=g\",\"url\":\"https:\\\/\\\/secure.gravatar.com\\\/avatar\\\/98e1c0d637a9f3d3cd2be0e49e5387245f96e039452a34f919c9e800cad0f304?s=96&d=mm&r=g\",\"contentUrl\":\"https:\\\/\\\/secure.gravatar.com\\\/avatar\\\/98e1c0d637a9f3d3cd2be0e49e5387245f96e039452a34f919c9e800cad0f304?s=96&d=mm&r=g\",\"caption\":\"carlos\"}}]}<\/script>\n<!-- \/ Yoast SEO plugin. -->","yoast_head_json":{"title":"Jornada sobre Responsabilidad Social Corporativa y Voluntariado Corporativo - Unidad de Cooperaci\u00f3n al Desarrollo y Voluntariado","robots":{"index":"index","follow":"follow","max-snippet":"max-snippet:-1","max-image-preview":"max-image-preview:large","max-video-preview":"max-video-preview:-1"},"canonical":"https:\/\/www.urjc2030.es\/ucdv\/jornada-sobre-responsabilidad-social-corporativa-y-voluntariado-corporativo-25-26\/","og_locale":"es_ES","og_type":"article","og_title":"Jornada sobre Responsabilidad Social Corporativa y Voluntariado Corporativo - Unidad de Cooperaci\u00f3n al Desarrollo y Voluntariado","og_description":"En el d\u00eda de ayer se celebr\u00f3 en la Universidad Rey Juan Carlos la Jornada sobre Responsabilidad Social Corporativa y Voluntariado Corporativo, dirigidas por la profesora Ana Isabel Mu\u00f1oz Maz\u00f3n. Fue una Jornada muy provechosa en la que los estudiantes de nuestra Universidad aprendieron mucho sobre voluntariado y su importancia en el crecimiento empresarial y [&hellip;]","og_url":"https:\/\/www.urjc2030.es\/ucdv\/jornada-sobre-responsabilidad-social-corporativa-y-voluntariado-corporativo-25-26\/","og_site_name":"Unidad de Cooperaci\u00f3n al Desarrollo y Voluntariado","article_publisher":"https:\/\/www.facebook.com\/universidadreyjuancarlos","article_published_time":"2026-05-01T16:58:50+00:00","article_modified_time":"2026-05-01T16:59:05+00:00","og_image":[{"width":2040,"height":1530,"url":"https:\/\/www.urjc2030.es\/ucdv\/wp-content\/uploads\/sites\/4\/2026\/05\/IMG-20260429-WA0008.jpg","type":"image\/jpeg"}],"author":"carlos","twitter_card":"summary_large_image","twitter_creator":"@urjc","twitter_site":"@urjc","schema":{"@context":"https:\/\/schema.org","@graph":[{"@type":"Article","@id":"https:\/\/www.urjc2030.es\/ucdv\/jornada-sobre-responsabilidad-social-corporativa-y-voluntariado-corporativo-25-26\/#article","isPartOf":{"@id":"https:\/\/www.urjc2030.es\/ucdv\/jornada-sobre-responsabilidad-social-corporativa-y-voluntariado-corporativo-25-26\/"},"author":{"name":"carlos","@id":"https:\/\/www.urjc2030.es\/ucdv\/#\/schema\/person\/ddacb9e5abf914ab720a3d13fc047418"},"headline":"Jornada sobre Responsabilidad Social Corporativa y Voluntariado Corporativo","datePublished":"2026-05-01T16:58:50+00:00","dateModified":"2026-05-01T16:59:05+00:00","mainEntityOfPage":{"@id":"https:\/\/www.urjc2030.es\/ucdv\/jornada-sobre-responsabilidad-social-corporativa-y-voluntariado-corporativo-25-26\/"},"wordCount":118,"publisher":{"@id":"https:\/\/www.urjc2030.es\/ucdv\/#organization"},"image":{"@id":"https:\/\/www.urjc2030.es\/ucdv\/jornada-sobre-responsabilidad-social-corporativa-y-voluntariado-corporativo-25-26\/#primaryimage"},"thumbnailUrl":"https:\/\/www.urjc2030.es\/ucdv\/wp-content\/uploads\/sites\/4\/2026\/05\/IMG-20260429-WA0008.jpg","articleSection":["Noticias"],"inLanguage":"es"},{"@type":"WebPage","@id":"https:\/\/www.urjc2030.es\/ucdv\/jornada-sobre-responsabilidad-social-corporativa-y-voluntariado-corporativo-25-26\/","url":"https:\/\/www.urjc2030.es\/ucdv\/jornada-sobre-responsabilidad-social-corporativa-y-voluntariado-corporativo-25-26\/","name":"Jornada sobre Responsabilidad Social Corporativa y Voluntariado Corporativo - Unidad de Cooperaci\u00f3n al Desarrollo y Voluntariado","isPartOf":{"@id":"https:\/\/www.urjc2030.es\/ucdv\/#website"},"primaryImageOfPage":{"@id":"https:\/\/www.urjc2030.es\/ucdv\/jornada-sobre-responsabilidad-social-corporativa-y-voluntariado-corporativo-25-26\/#primaryimage"},"image":{"@id":"https:\/\/www.urjc2030.es\/ucdv\/jornada-sobre-responsabilidad-social-corporativa-y-voluntariado-corporativo-25-26\/#primaryimage"},"thumbnailUrl":"https:\/\/www.urjc2030.es\/ucdv\/wp-content\/uploads\/sites\/4\/2026\/05\/IMG-20260429-WA0008.jpg","datePublished":"2026-05-01T16:58:50+00:00","dateModified":"2026-05-01T16:59:05+00:00","breadcrumb":{"@id":"https:\/\/www.urjc2030.es\/ucdv\/jornada-sobre-responsabilidad-social-corporativa-y-voluntariado-corporativo-25-26\/#breadcrumb"},"inLanguage":"es","potentialAction":[{"@type":"ReadAction","target":["https:\/\/www.urjc2030.es\/ucdv\/jornada-sobre-responsabilidad-social-corporativa-y-voluntariado-corporativo-25-26\/"]}]},{"@type":"ImageObject","inLanguage":"es","@id":"https:\/\/www.urjc2030.es\/ucdv\/jornada-sobre-responsabilidad-social-corporativa-y-voluntariado-corporativo-25-26\/#primaryimage","url":"https:\/\/www.urjc2030.es\/ucdv\/wp-content\/uploads\/sites\/4\/2026\/05\/IMG-20260429-WA0008.jpg","contentUrl":"https:\/\/www.urjc2030.es\/ucdv\/wp-content\/uploads\/sites\/4\/2026\/05\/IMG-20260429-WA0008.jpg","width":2040,"height":1530,"caption":"Programa jornada RSC Y VOLUNTARIADO DEF"},{"@type":"BreadcrumbList","@id":"https:\/\/www.urjc2030.es\/ucdv\/jornada-sobre-responsabilidad-social-corporativa-y-voluntariado-corporativo-25-26\/#breadcrumb","itemListElement":[{"@type":"ListItem","position":1,"name":"Portada","item":"https:\/\/www.urjc2030.es\/ucdv\/"},{"@type":"ListItem","position":2,"name":"Jornada sobre Responsabilidad Social Corporativa y Voluntariado Corporativo"}]},{"@type":"WebSite","@id":"https:\/\/www.urjc2030.es\/ucdv\/#website","url":"https:\/\/www.urjc2030.es\/ucdv\/","name":"Unidad de Cooperaci\u00f3n al Desarrollo y Voluntariado","description":"Promover y coordinar la gesti\u00f3n corporativa de ambas actividades dentro de la universidad.","publisher":{"@id":"https:\/\/www.urjc2030.es\/ucdv\/#organization"},"potentialAction":[{"@type":"SearchAction","target":{"@type":"EntryPoint","urlTemplate":"https:\/\/www.urjc2030.es\/ucdv\/?s={search_term_string}"},"query-input":{"@type":"PropertyValueSpecification","valueRequired":true,"valueName":"search_term_string"}}],"inLanguage":"es"},{"@type":"Organization","@id":"https:\/\/www.urjc2030.es\/ucdv\/#organization","name":"Universidad Rey Juan Carlos","url":"https:\/\/www.urjc2030.es\/ucdv\/","logo":{"@type":"ImageObject","inLanguage":"es","@id":"https:\/\/www.urjc2030.es\/ucdv\/#\/schema\/logo\/image\/","url":"https:\/\/www.urjc2030.es\/scdv\/wp-content\/uploads\/sites\/4\/2020\/10\/logoURJC.png","contentUrl":"https:\/\/www.urjc2030.es\/scdv\/wp-content\/uploads\/sites\/4\/2020\/10\/logoURJC.png","width":800,"height":305,"caption":"Universidad Rey Juan Carlos"},"image":{"@id":"https:\/\/www.urjc2030.es\/ucdv\/#\/schema\/logo\/image\/"},"sameAs":["https:\/\/www.facebook.com\/universidadreyjuancarlos","https:\/\/x.com\/urjc","https:\/\/www.instagram.com\/urjc_uni\/?hl=es"]},{"@type":"Person","@id":"https:\/\/www.urjc2030.es\/ucdv\/#\/schema\/person\/ddacb9e5abf914ab720a3d13fc047418","name":"carlos","image":{"@type":"ImageObject","inLanguage":"es","@id":"https:\/\/secure.gravatar.com\/avatar\/98e1c0d637a9f3d3cd2be0e49e5387245f96e039452a34f919c9e800cad0f304?s=96&d=mm&r=g","url":"https:\/\/secure.gravatar.com\/avatar\/98e1c0d637a9f3d3cd2be0e49e5387245f96e039452a34f919c9e800cad0f304?s=96&d=mm&r=g","contentUrl":"https:\/\/secure.gravatar.com\/avatar\/98e1c0d637a9f3d3cd2be0e49e5387245f96e039452a34f919c9e800cad0f304?s=96&d=mm&r=g","caption":"carlos"}}]}},"_links":{"self":[{"href":"https:\/\/www.urjc2030.es\/ucdv\/wp-json\/wp\/v2\/posts\/2239","targetHints":{"allow":["GET"]}}],"collection":[{"href":"https:\/\/www.urjc2030.es\/ucdv\/wp-json\/wp\/v2\/posts"}],"about":[{"href":"https:\/\/www.urjc2030.es\/ucdv\/wp-json\/wp\/v2\/types\/post"}],"author":[{"embeddable":true,"href":"https:\/\/www.urjc2030.es\/ucdv\/wp-json\/wp\/v2\/users\/10"}],"replies":[{"embeddable":true,"href":"https:\/\/www.urjc2030.es\/ucdv\/wp-json\/wp\/v2\/comments?post=2239"}],"version-history":[{"count":1,"href":"https:\/\/www.urjc2030.es\/ucdv\/wp-json\/wp\/v2\/posts\/2239\/revisions"}],"predecessor-version":[{"id":2242,"href":"https:\/\/www.urjc2030.es\/ucdv\/wp-json\/wp\/v2\/posts\/2239\/revisions\/2242"}],"wp:featuredmedia":[{"embeddable":true,"href":"https:\/\/www.urjc2030.es\/ucdv\/wp-json\/wp\/v2\/media\/2240"}],"wp:attachment":[{"href":"https:\/\/www.urjc2030.es\/ucdv\/wp-json\/wp\/v2\/media?parent=2239"}],"wp:term":[{"taxonomy":"category","embeddable":true,"href":"https:\/\/www.urjc2030.es\/ucdv\/wp-json\/wp\/v2\/categories?post=2239"},{"taxonomy":"post_tag","embeddable":true,"href":"https:\/\/www.urjc2030.es\/ucdv\/wp-json\/wp\/v2\/tags?post=2239"}],"curies":[{"name":"wp","href":"https:\/\/api.w.org\/{rel}","templated":true}]}}