{"id":1122,"date":"2023-10-18T18:00:19","date_gmt":"2023-10-18T16:00:19","guid":{"rendered":"https:\/\/www.urjc2030.es\/ud\/?p=1122"},"modified":"2024-11-05T14:40:54","modified_gmt":"2024-11-05T13:40:54","slug":"acompanamiento-a-personas-lgtbiqa-en-situacion-de-sin-hogar-desde-una-optica-interseccional","status":"publish","type":"post","link":"https:\/\/www.urjc2030.es\/ud\/acompanamiento-a-personas-lgtbiqa-en-situacion-de-sin-hogar-desde-una-optica-interseccional\/","title":{"rendered":"Acompa\u00f1amiento a personas LGTBIQA+ en situaci\u00f3n de sin hogar desde una \u00f3ptica interseccional"},"content":{"rendered":"<h3 class=\"event_date\"><a href=\"https:\/\/www.urjc2030.es\/ud\/wp-content\/uploads\/sites\/13\/2023\/10\/148701.png\"><img loading=\"lazy\" decoding=\"async\" class=\"size-full wp-image-1123 alignright\" src=\"https:\/\/www.urjc2030.es\/ud\/wp-content\/uploads\/sites\/13\/2023\/10\/148701.png\" alt=\"bancos de diversidad\" width=\"460\" height=\"200\" srcset=\"https:\/\/www.urjc2030.es\/ud\/wp-content\/uploads\/sites\/13\/2023\/10\/148701.png 460w, https:\/\/www.urjc2030.es\/ud\/wp-content\/uploads\/sites\/13\/2023\/10\/148701-300x130.png 300w\" sizes=\"(max-width: 460px) 100vw, 460px\" \/><\/a><strong>11-12-2023 09:00<\/strong><\/h3>\n<p class=\"event_location\"><strong>UNIVERSIDAD REY JUAN CARLOS CAMPUS DE ALCORC\u00d3N, AVENIDA DE ATENAS, ALCORC\u00d3N, ESPA\u00d1A<\/strong><\/p>\n<p class=\"event_organizer\"><em><strong>Organizado por <span class=\"organizer\">Unidad de Diversidad<\/span><\/strong><\/em><\/p>\n<p><b>\u00bfQU\u00c9 ES MAPER?<\/b><\/p>\n<p><span lang=\"ES\">MAPER es una mesa t\u00e9cnica de entidades que atienden al colectivo LGTBIAQ+ cuya finalidad es trabajar de forma conjunta, en la inclusi\u00f3n y mejora de las personas LGTBIAQ+ en situaci\u00f3n de exclusi\u00f3n residencial.<\/span><\/p>\n<p><b>\u00bfPOR QU\u00c9 ES NECESARIA ESTA JORNADA?<\/b><\/p>\n<p><span lang=\"ES\">La Mesa llevar\u00e1 a cabo una jornada para abordar las diferentes problem\u00e1ticas que giran en torno a las personas LGTBIAQ+.<\/span><\/p>\n<p><span lang=\"ES\">Durante el a\u00f1o 2022, 429 personas solicitaron un alojamiento a alguna de las entidades que conforman MAPER, poniendo de manifiesto una grave problem\u00e1tica no atendida en este colectivo, que se ve abocado a la exclusi\u00f3n por motivos de expulsi\u00f3n del domicilio familiar por su orientaci\u00f3n sexual o identidad de g\u00e9nero, por los conflictos con la pareja o la falta de acceso al empleo. De forma interseccional, a esto se le suman los procesos migratorios, salud, adicciones, delitos de odio, etc.<\/span><\/p>\n<p><span lang=\"ES\">Estas situaciones de vulnerabilidad son en numerosas ocasiones invisibilizadas y poco conocidas por el resto de la sociedad, suponiendo una merma en los derechos y una falta de recursos para estas personas.<\/span><\/p>\n<p><b>\u00bfA QUI\u00c9N VA DIRIGIDA ESTA JORNADA?<\/b><\/p>\n<p><span lang=\"ES\">A cualquier persona interesada como miembros de una sociedad integradora y en especial a profesionales del sector de lo\u00a0social y la salud,\u00a0alumnado que quiera ampliar sus conocimientos\u00a0sobre cu\u00e1l es la situaci\u00f3n real de una parte del colectivo LGTBIAQ+ y qu\u00e9 formas y recursos existen de cara a la intervenci\u00f3n con ellas y al profesorado que quiera profundizar en tem\u00e1ticas relacionadas con diversidad sexual y de g\u00e9nero.<\/span><\/p>\n<p><b>FORMATO DE LA JORNADA<\/b><\/p>\n<p><span lang=\"ES\">La Jornada comenzar\u00e1 con una breve presentaci\u00f3n para todas las personas asistentes. Tras ello, cada participante acudir\u00e1 al grupo de trabajo al que se haya apuntado durante la fase de inscripci\u00f3n (turno 1), tras un descanso, las personas se dirigir\u00e1n al grupo que se hayan inscrito para el turno 2. Finalmente se volver\u00e1 al sal\u00f3n de actos para poner en com\u00fan las conclusiones de la jornada.<\/span><\/p>\n<p><span lang=\"ES\">Tras el tiempo de comida, durante el turno de tarde tendr\u00e1 lugar el cinef\u00f3rum, donde se presentar\u00e1n algunos de los documentales m\u00e1s recientes sobre algunas de las tem\u00e1ticas abordadas durante la ma\u00f1ana, contando con la presencia de algunxs de sus directorxs y participantes de los videos.<\/span><\/p>\n<p><b><u><span lang=\"ES\">Nota:<\/span><\/u><\/b><span lang=\"ES\">\u00a0en la pesta\u00f1a \u201cPROGRAMA\u201d puede encontrar toda la informaci\u00f3n detallada.<\/span><\/p>\n<p><a href=\"https:\/\/eventos.urjc.es\/105000\/tickets\/acompanamiento-a-personas-lgtbiqa-en-situacion-de-sin-hogar-desde-una-optica-interseccional.html\" target=\"_blank\" rel=\"noopener\"><strong>Inscripci\u00f3n aqu\u00ed \u27a1\ufe0f<\/strong><\/a><\/p>\n","protected":false},"excerpt":{"rendered":"<p><strong>11-12-2023 09:00<\/strong><br \/>\nUNIVERSIDAD REY JUAN CARLOS CAMPUS DE ALCORC\u00d3N, AVENIDA DE ATENAS, ALCORC\u00d3N, ESPA\u00d1A<\/p>\n","protected":false},"author":10,"featured_media":1123,"comment_status":"closed","ping_status":"open","sticky":false,"template":"","format":"standard","meta":{"_et_pb_use_builder":"","_et_pb_old_content":"","_et_gb_content_width":"","cybocfi_hide_featured_image":"","footnotes":""},"categories":[2,18],"tags":[],"class_list":["post-1122","post","type-post","status-publish","format-standard","has-post-thumbnail","hentry","category-agenda","category-diciembre-2023"],"yoast_head":"<!-- This site is optimized with the Yoast SEO plugin v27.5 - https:\/\/yoast.com\/product\/yoast-seo-wordpress\/ -->\n<title>Acompa\u00f1amiento a personas LGTBIQA+ en situaci\u00f3n de sin hogar desde una \u00f3ptica interseccional - Unidad de Diversidad<\/title>\n<meta name=\"robots\" content=\"index, follow, max-snippet:-1, max-image-preview:large, max-video-preview:-1\" \/>\n<link rel=\"canonical\" href=\"https:\/\/www.urjc2030.es\/ud\/acompanamiento-a-personas-lgtbiqa-en-situacion-de-sin-hogar-desde-una-optica-interseccional\/\" \/>\n<meta property=\"og:locale\" content=\"es_ES\" \/>\n<meta property=\"og:type\" content=\"article\" \/>\n<meta property=\"og:title\" content=\"Acompa\u00f1amiento a personas LGTBIQA+ en situaci\u00f3n de sin hogar desde una \u00f3ptica interseccional - Unidad de Diversidad\" \/>\n<meta property=\"og:description\" content=\"11-12-2023 09:00 UNIVERSIDAD REY JUAN CARLOS CAMPUS DE ALCORC\u00d3N, AVENIDA DE ATENAS, ALCORC\u00d3N, ESPA\u00d1A\" \/>\n<meta property=\"og:url\" content=\"https:\/\/www.urjc2030.es\/ud\/acompanamiento-a-personas-lgtbiqa-en-situacion-de-sin-hogar-desde-una-optica-interseccional\/\" \/>\n<meta property=\"og:site_name\" content=\"Unidad de Diversidad\" \/>\n<meta property=\"article:published_time\" content=\"2023-10-18T16:00:19+00:00\" \/>\n<meta property=\"article:modified_time\" content=\"2024-11-05T13:40:54+00:00\" \/>\n<meta property=\"og:image\" content=\"https:\/\/www.urjc2030.es\/ud\/wp-content\/uploads\/sites\/13\/2023\/10\/148701.png\" \/>\n\t<meta property=\"og:image:width\" content=\"460\" \/>\n\t<meta property=\"og:image:height\" content=\"200\" \/>\n\t<meta property=\"og:image:type\" content=\"image\/png\" \/>\n<meta name=\"author\" content=\"carlos\" \/>\n<meta name=\"twitter:card\" content=\"summary_large_image\" \/>\n<meta name=\"twitter:label1\" content=\"Escrito por\" \/>\n\t<meta name=\"twitter:data1\" content=\"carlos\" \/>\n\t<meta name=\"twitter:label2\" content=\"Tiempo de lectura\" \/>\n\t<meta name=\"twitter:data2\" content=\"3 minutos\" \/>\n<script type=\"application\/ld+json\" class=\"yoast-schema-graph\">{\"@context\":\"https:\\\/\\\/schema.org\",\"@graph\":[{\"@type\":\"Article\",\"@id\":\"https:\\\/\\\/www.urjc2030.es\\\/ud\\\/acompanamiento-a-personas-lgtbiqa-en-situacion-de-sin-hogar-desde-una-optica-interseccional\\\/#article\",\"isPartOf\":{\"@id\":\"https:\\\/\\\/www.urjc2030.es\\\/ud\\\/acompanamiento-a-personas-lgtbiqa-en-situacion-de-sin-hogar-desde-una-optica-interseccional\\\/\"},\"author\":{\"name\":\"carlos\",\"@id\":\"https:\\\/\\\/www.urjc2030.es\\\/ud\\\/#\\\/schema\\\/person\\\/ddacb9e5abf914ab720a3d13fc047418\"},\"headline\":\"Acompa\u00f1amiento a personas LGTBIQA+ en situaci\u00f3n de sin hogar desde una \u00f3ptica interseccional\",\"datePublished\":\"2023-10-18T16:00:19+00:00\",\"dateModified\":\"2024-11-05T13:40:54+00:00\",\"mainEntityOfPage\":{\"@id\":\"https:\\\/\\\/www.urjc2030.es\\\/ud\\\/acompanamiento-a-personas-lgtbiqa-en-situacion-de-sin-hogar-desde-una-optica-interseccional\\\/\"},\"wordCount\":441,\"image\":{\"@id\":\"https:\\\/\\\/www.urjc2030.es\\\/ud\\\/acompanamiento-a-personas-lgtbiqa-en-situacion-de-sin-hogar-desde-una-optica-interseccional\\\/#primaryimage\"},\"thumbnailUrl\":\"https:\\\/\\\/www.urjc2030.es\\\/ud\\\/wp-content\\\/uploads\\\/sites\\\/13\\\/2023\\\/10\\\/148701.png\",\"articleSection\":[\"Agenda\",\"Diciembre 2023\"],\"inLanguage\":\"es\"},{\"@type\":\"WebPage\",\"@id\":\"https:\\\/\\\/www.urjc2030.es\\\/ud\\\/acompanamiento-a-personas-lgtbiqa-en-situacion-de-sin-hogar-desde-una-optica-interseccional\\\/\",\"url\":\"https:\\\/\\\/www.urjc2030.es\\\/ud\\\/acompanamiento-a-personas-lgtbiqa-en-situacion-de-sin-hogar-desde-una-optica-interseccional\\\/\",\"name\":\"Acompa\u00f1amiento a personas LGTBIQA+ en situaci\u00f3n de sin hogar desde una \u00f3ptica interseccional - Unidad de Diversidad\",\"isPartOf\":{\"@id\":\"https:\\\/\\\/www.urjc2030.es\\\/ud\\\/#website\"},\"primaryImageOfPage\":{\"@id\":\"https:\\\/\\\/www.urjc2030.es\\\/ud\\\/acompanamiento-a-personas-lgtbiqa-en-situacion-de-sin-hogar-desde-una-optica-interseccional\\\/#primaryimage\"},\"image\":{\"@id\":\"https:\\\/\\\/www.urjc2030.es\\\/ud\\\/acompanamiento-a-personas-lgtbiqa-en-situacion-de-sin-hogar-desde-una-optica-interseccional\\\/#primaryimage\"},\"thumbnailUrl\":\"https:\\\/\\\/www.urjc2030.es\\\/ud\\\/wp-content\\\/uploads\\\/sites\\\/13\\\/2023\\\/10\\\/148701.png\",\"datePublished\":\"2023-10-18T16:00:19+00:00\",\"dateModified\":\"2024-11-05T13:40:54+00:00\",\"author\":{\"@id\":\"https:\\\/\\\/www.urjc2030.es\\\/ud\\\/#\\\/schema\\\/person\\\/ddacb9e5abf914ab720a3d13fc047418\"},\"breadcrumb\":{\"@id\":\"https:\\\/\\\/www.urjc2030.es\\\/ud\\\/acompanamiento-a-personas-lgtbiqa-en-situacion-de-sin-hogar-desde-una-optica-interseccional\\\/#breadcrumb\"},\"inLanguage\":\"es\",\"potentialAction\":[{\"@type\":\"ReadAction\",\"target\":[\"https:\\\/\\\/www.urjc2030.es\\\/ud\\\/acompanamiento-a-personas-lgtbiqa-en-situacion-de-sin-hogar-desde-una-optica-interseccional\\\/\"]}]},{\"@type\":\"ImageObject\",\"inLanguage\":\"es\",\"@id\":\"https:\\\/\\\/www.urjc2030.es\\\/ud\\\/acompanamiento-a-personas-lgtbiqa-en-situacion-de-sin-hogar-desde-una-optica-interseccional\\\/#primaryimage\",\"url\":\"https:\\\/\\\/www.urjc2030.es\\\/ud\\\/wp-content\\\/uploads\\\/sites\\\/13\\\/2023\\\/10\\\/148701.png\",\"contentUrl\":\"https:\\\/\\\/www.urjc2030.es\\\/ud\\\/wp-content\\\/uploads\\\/sites\\\/13\\\/2023\\\/10\\\/148701.png\",\"width\":460,\"height\":200,\"caption\":\"bancos de diversidad\"},{\"@type\":\"BreadcrumbList\",\"@id\":\"https:\\\/\\\/www.urjc2030.es\\\/ud\\\/acompanamiento-a-personas-lgtbiqa-en-situacion-de-sin-hogar-desde-una-optica-interseccional\\\/#breadcrumb\",\"itemListElement\":[{\"@type\":\"ListItem\",\"position\":1,\"name\":\"Portada\",\"item\":\"https:\\\/\\\/www.urjc2030.es\\\/ud\\\/\"},{\"@type\":\"ListItem\",\"position\":2,\"name\":\"Acompa\u00f1amiento a personas LGTBIQA+ en situaci\u00f3n de sin hogar desde una \u00f3ptica interseccional\"}]},{\"@type\":\"WebSite\",\"@id\":\"https:\\\/\\\/www.urjc2030.es\\\/ud\\\/#website\",\"url\":\"https:\\\/\\\/www.urjc2030.es\\\/ud\\\/\",\"name\":\"Unidad de Diversidad\",\"description\":\"Trabajar de manera interseccional con toda la comunidad universitaria todo lo que respecta a la diversidad LGBTIAQ+, \u00e9tnico-cultural y afines.\",\"potentialAction\":[{\"@type\":\"SearchAction\",\"target\":{\"@type\":\"EntryPoint\",\"urlTemplate\":\"https:\\\/\\\/www.urjc2030.es\\\/ud\\\/?s={search_term_string}\"},\"query-input\":{\"@type\":\"PropertyValueSpecification\",\"valueRequired\":true,\"valueName\":\"search_term_string\"}}],\"inLanguage\":\"es\"},{\"@type\":\"Person\",\"@id\":\"https:\\\/\\\/www.urjc2030.es\\\/ud\\\/#\\\/schema\\\/person\\\/ddacb9e5abf914ab720a3d13fc047418\",\"name\":\"carlos\",\"image\":{\"@type\":\"ImageObject\",\"inLanguage\":\"es\",\"@id\":\"https:\\\/\\\/secure.gravatar.com\\\/avatar\\\/98e1c0d637a9f3d3cd2be0e49e5387245f96e039452a34f919c9e800cad0f304?s=96&d=mm&r=g\",\"url\":\"https:\\\/\\\/secure.gravatar.com\\\/avatar\\\/98e1c0d637a9f3d3cd2be0e49e5387245f96e039452a34f919c9e800cad0f304?s=96&d=mm&r=g\",\"contentUrl\":\"https:\\\/\\\/secure.gravatar.com\\\/avatar\\\/98e1c0d637a9f3d3cd2be0e49e5387245f96e039452a34f919c9e800cad0f304?s=96&d=mm&r=g\",\"caption\":\"carlos\"},\"url\":\"https:\\\/\\\/www.urjc2030.es\\\/ud\\\/author\\\/carlos\\\/\"}]}<\/script>\n<!-- \/ Yoast SEO plugin. -->","yoast_head_json":{"title":"Acompa\u00f1amiento a personas LGTBIQA+ en situaci\u00f3n de sin hogar desde una \u00f3ptica interseccional - Unidad de Diversidad","robots":{"index":"index","follow":"follow","max-snippet":"max-snippet:-1","max-image-preview":"max-image-preview:large","max-video-preview":"max-video-preview:-1"},"canonical":"https:\/\/www.urjc2030.es\/ud\/acompanamiento-a-personas-lgtbiqa-en-situacion-de-sin-hogar-desde-una-optica-interseccional\/","og_locale":"es_ES","og_type":"article","og_title":"Acompa\u00f1amiento a personas LGTBIQA+ en situaci\u00f3n de sin hogar desde una \u00f3ptica interseccional - Unidad de Diversidad","og_description":"11-12-2023 09:00 UNIVERSIDAD REY JUAN CARLOS CAMPUS DE ALCORC\u00d3N, AVENIDA DE ATENAS, ALCORC\u00d3N, ESPA\u00d1A","og_url":"https:\/\/www.urjc2030.es\/ud\/acompanamiento-a-personas-lgtbiqa-en-situacion-de-sin-hogar-desde-una-optica-interseccional\/","og_site_name":"Unidad de Diversidad","article_published_time":"2023-10-18T16:00:19+00:00","article_modified_time":"2024-11-05T13:40:54+00:00","og_image":[{"width":460,"height":200,"url":"https:\/\/www.urjc2030.es\/ud\/wp-content\/uploads\/sites\/13\/2023\/10\/148701.png","type":"image\/png"}],"author":"carlos","twitter_card":"summary_large_image","twitter_misc":{"Escrito por":"carlos","Tiempo de lectura":"3 minutos"},"schema":{"@context":"https:\/\/schema.org","@graph":[{"@type":"Article","@id":"https:\/\/www.urjc2030.es\/ud\/acompanamiento-a-personas-lgtbiqa-en-situacion-de-sin-hogar-desde-una-optica-interseccional\/#article","isPartOf":{"@id":"https:\/\/www.urjc2030.es\/ud\/acompanamiento-a-personas-lgtbiqa-en-situacion-de-sin-hogar-desde-una-optica-interseccional\/"},"author":{"name":"carlos","@id":"https:\/\/www.urjc2030.es\/ud\/#\/schema\/person\/ddacb9e5abf914ab720a3d13fc047418"},"headline":"Acompa\u00f1amiento a personas LGTBIQA+ en situaci\u00f3n de sin hogar desde una \u00f3ptica interseccional","datePublished":"2023-10-18T16:00:19+00:00","dateModified":"2024-11-05T13:40:54+00:00","mainEntityOfPage":{"@id":"https:\/\/www.urjc2030.es\/ud\/acompanamiento-a-personas-lgtbiqa-en-situacion-de-sin-hogar-desde-una-optica-interseccional\/"},"wordCount":441,"image":{"@id":"https:\/\/www.urjc2030.es\/ud\/acompanamiento-a-personas-lgtbiqa-en-situacion-de-sin-hogar-desde-una-optica-interseccional\/#primaryimage"},"thumbnailUrl":"https:\/\/www.urjc2030.es\/ud\/wp-content\/uploads\/sites\/13\/2023\/10\/148701.png","articleSection":["Agenda","Diciembre 2023"],"inLanguage":"es"},{"@type":"WebPage","@id":"https:\/\/www.urjc2030.es\/ud\/acompanamiento-a-personas-lgtbiqa-en-situacion-de-sin-hogar-desde-una-optica-interseccional\/","url":"https:\/\/www.urjc2030.es\/ud\/acompanamiento-a-personas-lgtbiqa-en-situacion-de-sin-hogar-desde-una-optica-interseccional\/","name":"Acompa\u00f1amiento a personas LGTBIQA+ en situaci\u00f3n de sin hogar desde una \u00f3ptica interseccional - Unidad de Diversidad","isPartOf":{"@id":"https:\/\/www.urjc2030.es\/ud\/#website"},"primaryImageOfPage":{"@id":"https:\/\/www.urjc2030.es\/ud\/acompanamiento-a-personas-lgtbiqa-en-situacion-de-sin-hogar-desde-una-optica-interseccional\/#primaryimage"},"image":{"@id":"https:\/\/www.urjc2030.es\/ud\/acompanamiento-a-personas-lgtbiqa-en-situacion-de-sin-hogar-desde-una-optica-interseccional\/#primaryimage"},"thumbnailUrl":"https:\/\/www.urjc2030.es\/ud\/wp-content\/uploads\/sites\/13\/2023\/10\/148701.png","datePublished":"2023-10-18T16:00:19+00:00","dateModified":"2024-11-05T13:40:54+00:00","author":{"@id":"https:\/\/www.urjc2030.es\/ud\/#\/schema\/person\/ddacb9e5abf914ab720a3d13fc047418"},"breadcrumb":{"@id":"https:\/\/www.urjc2030.es\/ud\/acompanamiento-a-personas-lgtbiqa-en-situacion-de-sin-hogar-desde-una-optica-interseccional\/#breadcrumb"},"inLanguage":"es","potentialAction":[{"@type":"ReadAction","target":["https:\/\/www.urjc2030.es\/ud\/acompanamiento-a-personas-lgtbiqa-en-situacion-de-sin-hogar-desde-una-optica-interseccional\/"]}]},{"@type":"ImageObject","inLanguage":"es","@id":"https:\/\/www.urjc2030.es\/ud\/acompanamiento-a-personas-lgtbiqa-en-situacion-de-sin-hogar-desde-una-optica-interseccional\/#primaryimage","url":"https:\/\/www.urjc2030.es\/ud\/wp-content\/uploads\/sites\/13\/2023\/10\/148701.png","contentUrl":"https:\/\/www.urjc2030.es\/ud\/wp-content\/uploads\/sites\/13\/2023\/10\/148701.png","width":460,"height":200,"caption":"bancos de diversidad"},{"@type":"BreadcrumbList","@id":"https:\/\/www.urjc2030.es\/ud\/acompanamiento-a-personas-lgtbiqa-en-situacion-de-sin-hogar-desde-una-optica-interseccional\/#breadcrumb","itemListElement":[{"@type":"ListItem","position":1,"name":"Portada","item":"https:\/\/www.urjc2030.es\/ud\/"},{"@type":"ListItem","position":2,"name":"Acompa\u00f1amiento a personas LGTBIQA+ en situaci\u00f3n de sin hogar desde una \u00f3ptica interseccional"}]},{"@type":"WebSite","@id":"https:\/\/www.urjc2030.es\/ud\/#website","url":"https:\/\/www.urjc2030.es\/ud\/","name":"Unidad de Diversidad","description":"Trabajar de manera interseccional con toda la comunidad universitaria todo lo que respecta a la diversidad LGBTIAQ+, \u00e9tnico-cultural y afines.","potentialAction":[{"@type":"SearchAction","target":{"@type":"EntryPoint","urlTemplate":"https:\/\/www.urjc2030.es\/ud\/?s={search_term_string}"},"query-input":{"@type":"PropertyValueSpecification","valueRequired":true,"valueName":"search_term_string"}}],"inLanguage":"es"},{"@type":"Person","@id":"https:\/\/www.urjc2030.es\/ud\/#\/schema\/person\/ddacb9e5abf914ab720a3d13fc047418","name":"carlos","image":{"@type":"ImageObject","inLanguage":"es","@id":"https:\/\/secure.gravatar.com\/avatar\/98e1c0d637a9f3d3cd2be0e49e5387245f96e039452a34f919c9e800cad0f304?s=96&d=mm&r=g","url":"https:\/\/secure.gravatar.com\/avatar\/98e1c0d637a9f3d3cd2be0e49e5387245f96e039452a34f919c9e800cad0f304?s=96&d=mm&r=g","contentUrl":"https:\/\/secure.gravatar.com\/avatar\/98e1c0d637a9f3d3cd2be0e49e5387245f96e039452a34f919c9e800cad0f304?s=96&d=mm&r=g","caption":"carlos"},"url":"https:\/\/www.urjc2030.es\/ud\/author\/carlos\/"}]}},"_links":{"self":[{"href":"https:\/\/www.urjc2030.es\/ud\/wp-json\/wp\/v2\/posts\/1122","targetHints":{"allow":["GET"]}}],"collection":[{"href":"https:\/\/www.urjc2030.es\/ud\/wp-json\/wp\/v2\/posts"}],"about":[{"href":"https:\/\/www.urjc2030.es\/ud\/wp-json\/wp\/v2\/types\/post"}],"author":[{"embeddable":true,"href":"https:\/\/www.urjc2030.es\/ud\/wp-json\/wp\/v2\/users\/10"}],"replies":[{"embeddable":true,"href":"https:\/\/www.urjc2030.es\/ud\/wp-json\/wp\/v2\/comments?post=1122"}],"version-history":[{"count":9,"href":"https:\/\/www.urjc2030.es\/ud\/wp-json\/wp\/v2\/posts\/1122\/revisions"}],"predecessor-version":[{"id":1213,"href":"https:\/\/www.urjc2030.es\/ud\/wp-json\/wp\/v2\/posts\/1122\/revisions\/1213"}],"wp:featuredmedia":[{"embeddable":true,"href":"https:\/\/www.urjc2030.es\/ud\/wp-json\/wp\/v2\/media\/1123"}],"wp:attachment":[{"href":"https:\/\/www.urjc2030.es\/ud\/wp-json\/wp\/v2\/media?parent=1122"}],"wp:term":[{"taxonomy":"category","embeddable":true,"href":"https:\/\/www.urjc2030.es\/ud\/wp-json\/wp\/v2\/categories?post=1122"},{"taxonomy":"post_tag","embeddable":true,"href":"https:\/\/www.urjc2030.es\/ud\/wp-json\/wp\/v2\/tags?post=1122"}],"curies":[{"name":"wp","href":"https:\/\/api.w.org\/{rel}","templated":true}]}}