{"id":1282,"date":"2024-05-21T15:44:35","date_gmt":"2024-05-21T13:44:35","guid":{"rendered":"https:\/\/www.urjc2030.es\/ud\/?p=1282"},"modified":"2024-11-05T14:40:52","modified_gmt":"2024-11-05T13:40:52","slug":"jornadas-de-orgullo-urjc","status":"publish","type":"post","link":"https:\/\/www.urjc2030.es\/ud\/jornadas-de-orgullo-urjc\/","title":{"rendered":"Jornadas de Orgullo URJC"},"content":{"rendered":"<h3 class=\"event_date\">04-06-2024 18:00<img loading=\"lazy\" decoding=\"async\" class=\"size-full wp-image-1283 alignright\" src=\"https:\/\/www.urjc2030.es\/ud\/wp-content\/uploads\/sites\/13\/2024\/05\/169510.jpe\" alt=\"Jornadas de Orgullo URJC\" width=\"460\" height=\"200\" srcset=\"https:\/\/www.urjc2030.es\/ud\/wp-content\/uploads\/sites\/13\/2024\/05\/169510.jpe 460w, https:\/\/www.urjc2030.es\/ud\/wp-content\/uploads\/sites\/13\/2024\/05\/169510-300x130.jpe 300w\" sizes=\"(max-width: 460px) 100vw, 460px\" \/><\/h3>\n<p class=\"event_location\"><strong>URJC FUENLABRADA<\/strong><\/p>\n<p class=\"event_organizer\"><em><strong>Organizado por\u00a0<span class=\"organizer\">Unidad de Diversidad<\/span><\/strong><\/em><\/p>\n<p>De cara al Orgullo celebramos estas jornadas que tienen como objetivo el encuentro de nuestra Comunidad Universitaria. A trav\u00e9s de diferentes encuentros y talleres pensaremos qu\u00e9 lemas generar para educar contra los prejuicios LGBTIQA+f\u00f3bicos.\u00a0<strong>\u00a1Ven al que m\u00e1s te interese o vente a todos!\u00a0<\/strong>Mira el programa.<\/p>\n<div class=\"row\">\n<div class=\"col-md-12\">\n<div id=\"description-container\">\n<p><strong><em>La asistencia a la actividad estar\u00e1 reconocida con cr\u00e9ditos RAC para estudiantes URJC.<\/em><\/strong><\/p>\n<p><span style=\"text-decoration: underline;\"><a href=\"https:\/\/eventos.urjc.es\/117805\/tickets\/jornadas-de-orgullo-urjc.html\" target=\"_blank\" rel=\"noopener\"><strong>Inscripci\u00f3n aqu\u00ed<\/strong><\/a><\/span><\/p>\n<\/div>\n<\/div>\n<\/div>\n","protected":false},"excerpt":{"rendered":"<p><strong>04-06-2024 18:00<\/strong><br \/>\nURJC FUENLABRADA<\/p>\n","protected":false},"author":1,"featured_media":1283,"comment_status":"closed","ping_status":"open","sticky":false,"template":"","format":"standard","meta":{"_et_pb_use_builder":"","_et_pb_old_content":"","_et_gb_content_width":"","cybocfi_hide_featured_image":"","footnotes":""},"categories":[20,2,26],"tags":[],"class_list":["post-1282","post","type-post","status-publish","format-standard","has-post-thumbnail","hentry","category-20","category-agenda","category-junio-2024"],"yoast_head":"<!-- This site is optimized with the Yoast SEO plugin v27.5 - https:\/\/yoast.com\/product\/yoast-seo-wordpress\/ -->\n<title>Jornadas de Orgullo URJC - Unidad de Diversidad<\/title>\n<meta name=\"robots\" content=\"index, follow, max-snippet:-1, max-image-preview:large, max-video-preview:-1\" \/>\n<link rel=\"canonical\" href=\"https:\/\/www.urjc2030.es\/ud\/jornadas-de-orgullo-urjc\/\" \/>\n<meta property=\"og:locale\" content=\"es_ES\" \/>\n<meta property=\"og:type\" content=\"article\" \/>\n<meta property=\"og:title\" content=\"Jornadas de Orgullo URJC - Unidad de Diversidad\" \/>\n<meta property=\"og:description\" content=\"04-06-2024 18:00 URJC FUENLABRADA\" \/>\n<meta property=\"og:url\" content=\"https:\/\/www.urjc2030.es\/ud\/jornadas-de-orgullo-urjc\/\" \/>\n<meta property=\"og:site_name\" content=\"Unidad de Diversidad\" \/>\n<meta property=\"article:published_time\" content=\"2024-05-21T13:44:35+00:00\" \/>\n<meta property=\"article:modified_time\" content=\"2024-11-05T13:40:52+00:00\" \/>\n<meta property=\"og:image\" content=\"https:\/\/www.urjc2030.es\/ud\/wp-content\/uploads\/sites\/13\/2024\/05\/169510.jpe\" \/>\n\t<meta property=\"og:image:width\" content=\"460\" \/>\n\t<meta property=\"og:image:height\" content=\"200\" \/>\n\t<meta property=\"og:image:type\" content=\"image\/jpeg\" \/>\n<meta name=\"author\" content=\"Rebeca\" \/>\n<meta name=\"twitter:card\" content=\"summary_large_image\" \/>\n<meta name=\"twitter:label1\" content=\"Escrito por\" \/>\n\t<meta name=\"twitter:data1\" content=\"Rebeca\" \/>\n\t<meta name=\"twitter:label2\" content=\"Tiempo de lectura\" \/>\n\t<meta name=\"twitter:data2\" content=\"1 minuto\" \/>\n<script type=\"application\/ld+json\" class=\"yoast-schema-graph\">{\"@context\":\"https:\\\/\\\/schema.org\",\"@graph\":[{\"@type\":\"Article\",\"@id\":\"https:\\\/\\\/www.urjc2030.es\\\/ud\\\/jornadas-de-orgullo-urjc\\\/#article\",\"isPartOf\":{\"@id\":\"https:\\\/\\\/www.urjc2030.es\\\/ud\\\/jornadas-de-orgullo-urjc\\\/\"},\"author\":{\"name\":\"Rebeca\",\"@id\":\"https:\\\/\\\/www.urjc2030.es\\\/ud\\\/#\\\/schema\\\/person\\\/5bca1e3d54fd0f6646257e7650ff6c1e\"},\"headline\":\"Jornadas de Orgullo URJC\",\"datePublished\":\"2024-05-21T13:44:35+00:00\",\"dateModified\":\"2024-11-05T13:40:52+00:00\",\"mainEntityOfPage\":{\"@id\":\"https:\\\/\\\/www.urjc2030.es\\\/ud\\\/jornadas-de-orgullo-urjc\\\/\"},\"wordCount\":81,\"image\":{\"@id\":\"https:\\\/\\\/www.urjc2030.es\\\/ud\\\/jornadas-de-orgullo-urjc\\\/#primaryimage\"},\"thumbnailUrl\":\"https:\\\/\\\/www.urjc2030.es\\\/ud\\\/wp-content\\\/uploads\\\/sites\\\/13\\\/2024\\\/05\\\/169510.jpe\",\"articleSection\":[\"2024\",\"Agenda\",\"Junio 2024\"],\"inLanguage\":\"es\"},{\"@type\":\"WebPage\",\"@id\":\"https:\\\/\\\/www.urjc2030.es\\\/ud\\\/jornadas-de-orgullo-urjc\\\/\",\"url\":\"https:\\\/\\\/www.urjc2030.es\\\/ud\\\/jornadas-de-orgullo-urjc\\\/\",\"name\":\"Jornadas de Orgullo URJC - Unidad de Diversidad\",\"isPartOf\":{\"@id\":\"https:\\\/\\\/www.urjc2030.es\\\/ud\\\/#website\"},\"primaryImageOfPage\":{\"@id\":\"https:\\\/\\\/www.urjc2030.es\\\/ud\\\/jornadas-de-orgullo-urjc\\\/#primaryimage\"},\"image\":{\"@id\":\"https:\\\/\\\/www.urjc2030.es\\\/ud\\\/jornadas-de-orgullo-urjc\\\/#primaryimage\"},\"thumbnailUrl\":\"https:\\\/\\\/www.urjc2030.es\\\/ud\\\/wp-content\\\/uploads\\\/sites\\\/13\\\/2024\\\/05\\\/169510.jpe\",\"datePublished\":\"2024-05-21T13:44:35+00:00\",\"dateModified\":\"2024-11-05T13:40:52+00:00\",\"author\":{\"@id\":\"https:\\\/\\\/www.urjc2030.es\\\/ud\\\/#\\\/schema\\\/person\\\/5bca1e3d54fd0f6646257e7650ff6c1e\"},\"breadcrumb\":{\"@id\":\"https:\\\/\\\/www.urjc2030.es\\\/ud\\\/jornadas-de-orgullo-urjc\\\/#breadcrumb\"},\"inLanguage\":\"es\",\"potentialAction\":[{\"@type\":\"ReadAction\",\"target\":[\"https:\\\/\\\/www.urjc2030.es\\\/ud\\\/jornadas-de-orgullo-urjc\\\/\"]}]},{\"@type\":\"ImageObject\",\"inLanguage\":\"es\",\"@id\":\"https:\\\/\\\/www.urjc2030.es\\\/ud\\\/jornadas-de-orgullo-urjc\\\/#primaryimage\",\"url\":\"https:\\\/\\\/www.urjc2030.es\\\/ud\\\/wp-content\\\/uploads\\\/sites\\\/13\\\/2024\\\/05\\\/169510.jpe\",\"contentUrl\":\"https:\\\/\\\/www.urjc2030.es\\\/ud\\\/wp-content\\\/uploads\\\/sites\\\/13\\\/2024\\\/05\\\/169510.jpe\",\"width\":460,\"height\":200,\"caption\":\"Jornadas de Orgullo URJC\"},{\"@type\":\"BreadcrumbList\",\"@id\":\"https:\\\/\\\/www.urjc2030.es\\\/ud\\\/jornadas-de-orgullo-urjc\\\/#breadcrumb\",\"itemListElement\":[{\"@type\":\"ListItem\",\"position\":1,\"name\":\"Portada\",\"item\":\"https:\\\/\\\/www.urjc2030.es\\\/ud\\\/\"},{\"@type\":\"ListItem\",\"position\":2,\"name\":\"Jornadas de Orgullo URJC\"}]},{\"@type\":\"WebSite\",\"@id\":\"https:\\\/\\\/www.urjc2030.es\\\/ud\\\/#website\",\"url\":\"https:\\\/\\\/www.urjc2030.es\\\/ud\\\/\",\"name\":\"Unidad de Diversidad\",\"description\":\"Trabajar de manera interseccional con toda la comunidad universitaria todo lo que respecta a la diversidad LGBTIAQ+, \u00e9tnico-cultural y afines.\",\"potentialAction\":[{\"@type\":\"SearchAction\",\"target\":{\"@type\":\"EntryPoint\",\"urlTemplate\":\"https:\\\/\\\/www.urjc2030.es\\\/ud\\\/?s={search_term_string}\"},\"query-input\":{\"@type\":\"PropertyValueSpecification\",\"valueRequired\":true,\"valueName\":\"search_term_string\"}}],\"inLanguage\":\"es\"},{\"@type\":\"Person\",\"@id\":\"https:\\\/\\\/www.urjc2030.es\\\/ud\\\/#\\\/schema\\\/person\\\/5bca1e3d54fd0f6646257e7650ff6c1e\",\"name\":\"Rebeca\",\"image\":{\"@type\":\"ImageObject\",\"inLanguage\":\"es\",\"@id\":\"https:\\\/\\\/secure.gravatar.com\\\/avatar\\\/067ab19aa4e1cb582d952cf91ff4bcaf68f01cd66cbce7a3d69e3ee1093984f6?s=96&d=mm&r=g\",\"url\":\"https:\\\/\\\/secure.gravatar.com\\\/avatar\\\/067ab19aa4e1cb582d952cf91ff4bcaf68f01cd66cbce7a3d69e3ee1093984f6?s=96&d=mm&r=g\",\"contentUrl\":\"https:\\\/\\\/secure.gravatar.com\\\/avatar\\\/067ab19aa4e1cb582d952cf91ff4bcaf68f01cd66cbce7a3d69e3ee1093984f6?s=96&d=mm&r=g\",\"caption\":\"Rebeca\"},\"sameAs\":[\"https:\\\/\\\/www.urjc2030.es\"],\"url\":\"https:\\\/\\\/www.urjc2030.es\\\/ud\\\/author\\\/rebeca\\\/\"}]}<\/script>\n<!-- \/ Yoast SEO plugin. -->","yoast_head_json":{"title":"Jornadas de Orgullo URJC - Unidad de Diversidad","robots":{"index":"index","follow":"follow","max-snippet":"max-snippet:-1","max-image-preview":"max-image-preview:large","max-video-preview":"max-video-preview:-1"},"canonical":"https:\/\/www.urjc2030.es\/ud\/jornadas-de-orgullo-urjc\/","og_locale":"es_ES","og_type":"article","og_title":"Jornadas de Orgullo URJC - Unidad de Diversidad","og_description":"04-06-2024 18:00 URJC FUENLABRADA","og_url":"https:\/\/www.urjc2030.es\/ud\/jornadas-de-orgullo-urjc\/","og_site_name":"Unidad de Diversidad","article_published_time":"2024-05-21T13:44:35+00:00","article_modified_time":"2024-11-05T13:40:52+00:00","og_image":[{"width":460,"height":200,"url":"https:\/\/www.urjc2030.es\/ud\/wp-content\/uploads\/sites\/13\/2024\/05\/169510.jpe","type":"image\/jpeg"}],"author":"Rebeca","twitter_card":"summary_large_image","twitter_misc":{"Escrito por":"Rebeca","Tiempo de lectura":"1 minuto"},"schema":{"@context":"https:\/\/schema.org","@graph":[{"@type":"Article","@id":"https:\/\/www.urjc2030.es\/ud\/jornadas-de-orgullo-urjc\/#article","isPartOf":{"@id":"https:\/\/www.urjc2030.es\/ud\/jornadas-de-orgullo-urjc\/"},"author":{"name":"Rebeca","@id":"https:\/\/www.urjc2030.es\/ud\/#\/schema\/person\/5bca1e3d54fd0f6646257e7650ff6c1e"},"headline":"Jornadas de Orgullo URJC","datePublished":"2024-05-21T13:44:35+00:00","dateModified":"2024-11-05T13:40:52+00:00","mainEntityOfPage":{"@id":"https:\/\/www.urjc2030.es\/ud\/jornadas-de-orgullo-urjc\/"},"wordCount":81,"image":{"@id":"https:\/\/www.urjc2030.es\/ud\/jornadas-de-orgullo-urjc\/#primaryimage"},"thumbnailUrl":"https:\/\/www.urjc2030.es\/ud\/wp-content\/uploads\/sites\/13\/2024\/05\/169510.jpe","articleSection":["2024","Agenda","Junio 2024"],"inLanguage":"es"},{"@type":"WebPage","@id":"https:\/\/www.urjc2030.es\/ud\/jornadas-de-orgullo-urjc\/","url":"https:\/\/www.urjc2030.es\/ud\/jornadas-de-orgullo-urjc\/","name":"Jornadas de Orgullo URJC - Unidad de Diversidad","isPartOf":{"@id":"https:\/\/www.urjc2030.es\/ud\/#website"},"primaryImageOfPage":{"@id":"https:\/\/www.urjc2030.es\/ud\/jornadas-de-orgullo-urjc\/#primaryimage"},"image":{"@id":"https:\/\/www.urjc2030.es\/ud\/jornadas-de-orgullo-urjc\/#primaryimage"},"thumbnailUrl":"https:\/\/www.urjc2030.es\/ud\/wp-content\/uploads\/sites\/13\/2024\/05\/169510.jpe","datePublished":"2024-05-21T13:44:35+00:00","dateModified":"2024-11-05T13:40:52+00:00","author":{"@id":"https:\/\/www.urjc2030.es\/ud\/#\/schema\/person\/5bca1e3d54fd0f6646257e7650ff6c1e"},"breadcrumb":{"@id":"https:\/\/www.urjc2030.es\/ud\/jornadas-de-orgullo-urjc\/#breadcrumb"},"inLanguage":"es","potentialAction":[{"@type":"ReadAction","target":["https:\/\/www.urjc2030.es\/ud\/jornadas-de-orgullo-urjc\/"]}]},{"@type":"ImageObject","inLanguage":"es","@id":"https:\/\/www.urjc2030.es\/ud\/jornadas-de-orgullo-urjc\/#primaryimage","url":"https:\/\/www.urjc2030.es\/ud\/wp-content\/uploads\/sites\/13\/2024\/05\/169510.jpe","contentUrl":"https:\/\/www.urjc2030.es\/ud\/wp-content\/uploads\/sites\/13\/2024\/05\/169510.jpe","width":460,"height":200,"caption":"Jornadas de Orgullo URJC"},{"@type":"BreadcrumbList","@id":"https:\/\/www.urjc2030.es\/ud\/jornadas-de-orgullo-urjc\/#breadcrumb","itemListElement":[{"@type":"ListItem","position":1,"name":"Portada","item":"https:\/\/www.urjc2030.es\/ud\/"},{"@type":"ListItem","position":2,"name":"Jornadas de Orgullo URJC"}]},{"@type":"WebSite","@id":"https:\/\/www.urjc2030.es\/ud\/#website","url":"https:\/\/www.urjc2030.es\/ud\/","name":"Unidad de Diversidad","description":"Trabajar de manera interseccional con toda la comunidad universitaria todo lo que respecta a la diversidad LGBTIAQ+, \u00e9tnico-cultural y afines.","potentialAction":[{"@type":"SearchAction","target":{"@type":"EntryPoint","urlTemplate":"https:\/\/www.urjc2030.es\/ud\/?s={search_term_string}"},"query-input":{"@type":"PropertyValueSpecification","valueRequired":true,"valueName":"search_term_string"}}],"inLanguage":"es"},{"@type":"Person","@id":"https:\/\/www.urjc2030.es\/ud\/#\/schema\/person\/5bca1e3d54fd0f6646257e7650ff6c1e","name":"Rebeca","image":{"@type":"ImageObject","inLanguage":"es","@id":"https:\/\/secure.gravatar.com\/avatar\/067ab19aa4e1cb582d952cf91ff4bcaf68f01cd66cbce7a3d69e3ee1093984f6?s=96&d=mm&r=g","url":"https:\/\/secure.gravatar.com\/avatar\/067ab19aa4e1cb582d952cf91ff4bcaf68f01cd66cbce7a3d69e3ee1093984f6?s=96&d=mm&r=g","contentUrl":"https:\/\/secure.gravatar.com\/avatar\/067ab19aa4e1cb582d952cf91ff4bcaf68f01cd66cbce7a3d69e3ee1093984f6?s=96&d=mm&r=g","caption":"Rebeca"},"sameAs":["https:\/\/www.urjc2030.es"],"url":"https:\/\/www.urjc2030.es\/ud\/author\/rebeca\/"}]}},"_links":{"self":[{"href":"https:\/\/www.urjc2030.es\/ud\/wp-json\/wp\/v2\/posts\/1282","targetHints":{"allow":["GET"]}}],"collection":[{"href":"https:\/\/www.urjc2030.es\/ud\/wp-json\/wp\/v2\/posts"}],"about":[{"href":"https:\/\/www.urjc2030.es\/ud\/wp-json\/wp\/v2\/types\/post"}],"author":[{"embeddable":true,"href":"https:\/\/www.urjc2030.es\/ud\/wp-json\/wp\/v2\/users\/1"}],"replies":[{"embeddable":true,"href":"https:\/\/www.urjc2030.es\/ud\/wp-json\/wp\/v2\/comments?post=1282"}],"version-history":[{"count":2,"href":"https:\/\/www.urjc2030.es\/ud\/wp-json\/wp\/v2\/posts\/1282\/revisions"}],"predecessor-version":[{"id":1285,"href":"https:\/\/www.urjc2030.es\/ud\/wp-json\/wp\/v2\/posts\/1282\/revisions\/1285"}],"wp:featuredmedia":[{"embeddable":true,"href":"https:\/\/www.urjc2030.es\/ud\/wp-json\/wp\/v2\/media\/1283"}],"wp:attachment":[{"href":"https:\/\/www.urjc2030.es\/ud\/wp-json\/wp\/v2\/media?parent=1282"}],"wp:term":[{"taxonomy":"category","embeddable":true,"href":"https:\/\/www.urjc2030.es\/ud\/wp-json\/wp\/v2\/categories?post=1282"},{"taxonomy":"post_tag","embeddable":true,"href":"https:\/\/www.urjc2030.es\/ud\/wp-json\/wp\/v2\/tags?post=1282"}],"curies":[{"name":"wp","href":"https:\/\/api.w.org\/{rel}","templated":true}]}}