{"id":1292,"date":"2024-09-24T12:57:58","date_gmt":"2024-09-24T10:57:58","guid":{"rendered":"https:\/\/www.urjc2030.es\/ud\/?p=1292"},"modified":"2024-11-05T14:40:52","modified_gmt":"2024-11-05T13:40:52","slug":"retos-del-derecho-sexual-en-materia-de-diversidad-sexual","status":"publish","type":"post","link":"https:\/\/www.urjc2030.es\/ud\/retos-del-derecho-sexual-en-materia-de-diversidad-sexual\/","title":{"rendered":"Retos del Derecho Sexual en Materia de Diversidad Sexual"},"content":{"rendered":"<h3>07-10-2024 11:00<img loading=\"lazy\" decoding=\"async\" class=\"wp-image-1293 size-full alignright\" src=\"https:\/\/www.urjc2030.es\/ud\/wp-content\/uploads\/sites\/13\/2024\/09\/retos-derecho-materia-diversidad.png\" alt=\"Retos del Derecho Sexual en Materia de Diversidad Sexual\" width=\"460\" height=\"200\" srcset=\"https:\/\/www.urjc2030.es\/ud\/wp-content\/uploads\/sites\/13\/2024\/09\/retos-derecho-materia-diversidad.png 460w, https:\/\/www.urjc2030.es\/ud\/wp-content\/uploads\/sites\/13\/2024\/09\/retos-derecho-materia-diversidad-300x130.png 300w\" sizes=\"(max-width: 460px) 100vw, 460px\" \/><\/h3>\n<p><strong>Universidad Rey Juan Carlos (URJC) Campus de Madrid, Paseo de los Artilleros, Madrid, Espa\u00f1a<\/strong><\/p>\n<p><em><strong>Organizado por\u00a0Unidad de Diversidad y Facultad de CC. Jur\u00eddicas y Pol\u00edticas<\/strong><\/em><\/p>\n<p>\u00a1No te pierdas este evento clave! La\u00a0<strong>Jornada sobre \u00abRetos del Derecho en Materia de Diversidad Sexual\u00bb<\/strong>\u00a0se perfila como una oportunidad \u00fanica para abordar los desaf\u00edos legales que enfrenta nuestra sociedad en torno a la diversidad sexual. Este evento reunir\u00e1 a destacados expertos y expertas en el \u00e1mbito del derecho y los derechos humanos, quienes compartir\u00e1n sus perspectivas y conocimientos sobre temas fundamentales para avanzar hacia una sociedad m\u00e1s inclusiva y equitativa.<\/p>\n<p>A lo largo de la jornada, se explorar\u00e1n cuestiones clave como la\u00a0<strong>diversidad sexual<\/strong>\u00a0entendida como un\u00a0<strong>derecho fundamental<\/strong>, el camino hacia la\u00a0<strong>igualdad real y efectiva<\/strong>, y la implementaci\u00f3n de nuevas normativas. Tambi\u00e9n se profundizar\u00e1 en la importancia de proteger los derechos de las personas LGTBI+ desde la infancia y el impacto que tienen las pol\u00edticas de inclusi\u00f3n en el entorno empresarial.<\/p>\n<ul>\n<li>El evento se desarrollar\u00e1\u00a0<strong>S\u00d3LO DE MANERA PRESENCIAL<\/strong>\u00a0EN EL\u00a0<strong>SAL\u00d3N DE GRADOS DE EDIFICIO DEPARTAMENTAL DEL CAMPUS DE VIC\u00c1LVARO<\/strong>.<\/li>\n<\/ul>\n<p><em><strong>*Su aprovechamiento est\u00e1 reconocido con cr\u00e9ditos RAC para estudiantes URJC.<\/strong><\/em><\/p>\n<p><span style=\"text-decoration: underline;\"><a href=\"https:\/\/eventos.urjc.es\/121936\/tickets\/retos-del-derecho-en-materia-de-diversidad-sexual.html\" target=\"_blank\" rel=\"noopener\"><strong>Inscripci\u00f3n aqu\u00ed<\/strong><\/a><\/span><\/p>\n","protected":false},"excerpt":{"rendered":"<p><strong>07-10-2024 11:00<\/strong><br \/>\nURJC CAMPUS DE MADRID. Paseo de los Artilleros, Madrid.<\/p>\n","protected":false},"author":1,"featured_media":1293,"comment_status":"closed","ping_status":"open","sticky":false,"template":"","format":"standard","meta":{"_et_pb_use_builder":"","_et_pb_old_content":"","_et_gb_content_width":"","cybocfi_hide_featured_image":"","footnotes":""},"categories":[20,2,30],"tags":[],"class_list":["post-1292","post","type-post","status-publish","format-standard","has-post-thumbnail","hentry","category-20","category-agenda","category-octubre-2024"],"yoast_head":"<!-- This site is optimized with the Yoast SEO plugin v27.5 - https:\/\/yoast.com\/product\/yoast-seo-wordpress\/ -->\n<title>Retos del Derecho Sexual en Materia de Diversidad Sexual - Unidad de Diversidad<\/title>\n<meta name=\"robots\" content=\"index, follow, max-snippet:-1, max-image-preview:large, max-video-preview:-1\" \/>\n<link rel=\"canonical\" href=\"https:\/\/www.urjc2030.es\/ud\/retos-del-derecho-sexual-en-materia-de-diversidad-sexual\/\" \/>\n<meta property=\"og:locale\" content=\"es_ES\" \/>\n<meta property=\"og:type\" content=\"article\" \/>\n<meta property=\"og:title\" content=\"Retos del Derecho Sexual en Materia de Diversidad Sexual - Unidad de Diversidad\" \/>\n<meta property=\"og:description\" content=\"07-10-2024 11:00 URJC CAMPUS DE MADRID. Paseo de los Artilleros, Madrid.\" \/>\n<meta property=\"og:url\" content=\"https:\/\/www.urjc2030.es\/ud\/retos-del-derecho-sexual-en-materia-de-diversidad-sexual\/\" \/>\n<meta property=\"og:site_name\" content=\"Unidad de Diversidad\" \/>\n<meta property=\"article:published_time\" content=\"2024-09-24T10:57:58+00:00\" \/>\n<meta property=\"article:modified_time\" content=\"2024-11-05T13:40:52+00:00\" \/>\n<meta property=\"og:image\" content=\"https:\/\/www.urjc2030.es\/ud\/wp-content\/uploads\/sites\/13\/2024\/09\/retos-derecho-materia-diversidad.png\" \/>\n\t<meta property=\"og:image:width\" content=\"460\" \/>\n\t<meta property=\"og:image:height\" content=\"200\" \/>\n\t<meta property=\"og:image:type\" content=\"image\/png\" \/>\n<meta name=\"author\" content=\"Rebeca\" \/>\n<meta name=\"twitter:card\" content=\"summary_large_image\" \/>\n<meta name=\"twitter:label1\" content=\"Escrito por\" \/>\n\t<meta name=\"twitter:data1\" content=\"Rebeca\" \/>\n\t<meta name=\"twitter:label2\" content=\"Tiempo de lectura\" \/>\n\t<meta name=\"twitter:data2\" content=\"2 minutos\" \/>\n<script type=\"application\/ld+json\" class=\"yoast-schema-graph\">{\"@context\":\"https:\\\/\\\/schema.org\",\"@graph\":[{\"@type\":\"Article\",\"@id\":\"https:\\\/\\\/www.urjc2030.es\\\/ud\\\/retos-del-derecho-sexual-en-materia-de-diversidad-sexual\\\/#article\",\"isPartOf\":{\"@id\":\"https:\\\/\\\/www.urjc2030.es\\\/ud\\\/retos-del-derecho-sexual-en-materia-de-diversidad-sexual\\\/\"},\"author\":{\"name\":\"Rebeca\",\"@id\":\"https:\\\/\\\/www.urjc2030.es\\\/ud\\\/#\\\/schema\\\/person\\\/5bca1e3d54fd0f6646257e7650ff6c1e\"},\"headline\":\"Retos del Derecho Sexual en Materia de Diversidad Sexual\",\"datePublished\":\"2024-09-24T10:57:58+00:00\",\"dateModified\":\"2024-11-05T13:40:52+00:00\",\"mainEntityOfPage\":{\"@id\":\"https:\\\/\\\/www.urjc2030.es\\\/ud\\\/retos-del-derecho-sexual-en-materia-de-diversidad-sexual\\\/\"},\"wordCount\":221,\"image\":{\"@id\":\"https:\\\/\\\/www.urjc2030.es\\\/ud\\\/retos-del-derecho-sexual-en-materia-de-diversidad-sexual\\\/#primaryimage\"},\"thumbnailUrl\":\"https:\\\/\\\/www.urjc2030.es\\\/ud\\\/wp-content\\\/uploads\\\/sites\\\/13\\\/2024\\\/09\\\/retos-derecho-materia-diversidad.png\",\"articleSection\":[\"2024\",\"Agenda\",\"Octubre 2024\"],\"inLanguage\":\"es\"},{\"@type\":\"WebPage\",\"@id\":\"https:\\\/\\\/www.urjc2030.es\\\/ud\\\/retos-del-derecho-sexual-en-materia-de-diversidad-sexual\\\/\",\"url\":\"https:\\\/\\\/www.urjc2030.es\\\/ud\\\/retos-del-derecho-sexual-en-materia-de-diversidad-sexual\\\/\",\"name\":\"Retos del Derecho Sexual en Materia de Diversidad Sexual - Unidad de Diversidad\",\"isPartOf\":{\"@id\":\"https:\\\/\\\/www.urjc2030.es\\\/ud\\\/#website\"},\"primaryImageOfPage\":{\"@id\":\"https:\\\/\\\/www.urjc2030.es\\\/ud\\\/retos-del-derecho-sexual-en-materia-de-diversidad-sexual\\\/#primaryimage\"},\"image\":{\"@id\":\"https:\\\/\\\/www.urjc2030.es\\\/ud\\\/retos-del-derecho-sexual-en-materia-de-diversidad-sexual\\\/#primaryimage\"},\"thumbnailUrl\":\"https:\\\/\\\/www.urjc2030.es\\\/ud\\\/wp-content\\\/uploads\\\/sites\\\/13\\\/2024\\\/09\\\/retos-derecho-materia-diversidad.png\",\"datePublished\":\"2024-09-24T10:57:58+00:00\",\"dateModified\":\"2024-11-05T13:40:52+00:00\",\"author\":{\"@id\":\"https:\\\/\\\/www.urjc2030.es\\\/ud\\\/#\\\/schema\\\/person\\\/5bca1e3d54fd0f6646257e7650ff6c1e\"},\"breadcrumb\":{\"@id\":\"https:\\\/\\\/www.urjc2030.es\\\/ud\\\/retos-del-derecho-sexual-en-materia-de-diversidad-sexual\\\/#breadcrumb\"},\"inLanguage\":\"es\",\"potentialAction\":[{\"@type\":\"ReadAction\",\"target\":[\"https:\\\/\\\/www.urjc2030.es\\\/ud\\\/retos-del-derecho-sexual-en-materia-de-diversidad-sexual\\\/\"]}]},{\"@type\":\"ImageObject\",\"inLanguage\":\"es\",\"@id\":\"https:\\\/\\\/www.urjc2030.es\\\/ud\\\/retos-del-derecho-sexual-en-materia-de-diversidad-sexual\\\/#primaryimage\",\"url\":\"https:\\\/\\\/www.urjc2030.es\\\/ud\\\/wp-content\\\/uploads\\\/sites\\\/13\\\/2024\\\/09\\\/retos-derecho-materia-diversidad.png\",\"contentUrl\":\"https:\\\/\\\/www.urjc2030.es\\\/ud\\\/wp-content\\\/uploads\\\/sites\\\/13\\\/2024\\\/09\\\/retos-derecho-materia-diversidad.png\",\"width\":460,\"height\":200,\"caption\":\"Retos del Derecho Sexual en Materia de Diversidad Sexual\"},{\"@type\":\"BreadcrumbList\",\"@id\":\"https:\\\/\\\/www.urjc2030.es\\\/ud\\\/retos-del-derecho-sexual-en-materia-de-diversidad-sexual\\\/#breadcrumb\",\"itemListElement\":[{\"@type\":\"ListItem\",\"position\":1,\"name\":\"Portada\",\"item\":\"https:\\\/\\\/www.urjc2030.es\\\/ud\\\/\"},{\"@type\":\"ListItem\",\"position\":2,\"name\":\"Retos del Derecho Sexual en Materia de Diversidad Sexual\"}]},{\"@type\":\"WebSite\",\"@id\":\"https:\\\/\\\/www.urjc2030.es\\\/ud\\\/#website\",\"url\":\"https:\\\/\\\/www.urjc2030.es\\\/ud\\\/\",\"name\":\"Unidad de Diversidad\",\"description\":\"Trabajar de manera interseccional con toda la comunidad universitaria todo lo que respecta a la diversidad LGBTIAQ+, \u00e9tnico-cultural y afines.\",\"potentialAction\":[{\"@type\":\"SearchAction\",\"target\":{\"@type\":\"EntryPoint\",\"urlTemplate\":\"https:\\\/\\\/www.urjc2030.es\\\/ud\\\/?s={search_term_string}\"},\"query-input\":{\"@type\":\"PropertyValueSpecification\",\"valueRequired\":true,\"valueName\":\"search_term_string\"}}],\"inLanguage\":\"es\"},{\"@type\":\"Person\",\"@id\":\"https:\\\/\\\/www.urjc2030.es\\\/ud\\\/#\\\/schema\\\/person\\\/5bca1e3d54fd0f6646257e7650ff6c1e\",\"name\":\"Rebeca\",\"image\":{\"@type\":\"ImageObject\",\"inLanguage\":\"es\",\"@id\":\"https:\\\/\\\/secure.gravatar.com\\\/avatar\\\/067ab19aa4e1cb582d952cf91ff4bcaf68f01cd66cbce7a3d69e3ee1093984f6?s=96&d=mm&r=g\",\"url\":\"https:\\\/\\\/secure.gravatar.com\\\/avatar\\\/067ab19aa4e1cb582d952cf91ff4bcaf68f01cd66cbce7a3d69e3ee1093984f6?s=96&d=mm&r=g\",\"contentUrl\":\"https:\\\/\\\/secure.gravatar.com\\\/avatar\\\/067ab19aa4e1cb582d952cf91ff4bcaf68f01cd66cbce7a3d69e3ee1093984f6?s=96&d=mm&r=g\",\"caption\":\"Rebeca\"},\"sameAs\":[\"https:\\\/\\\/www.urjc2030.es\"],\"url\":\"https:\\\/\\\/www.urjc2030.es\\\/ud\\\/author\\\/rebeca\\\/\"}]}<\/script>\n<!-- \/ Yoast SEO plugin. -->","yoast_head_json":{"title":"Retos del Derecho Sexual en Materia de Diversidad Sexual - Unidad de Diversidad","robots":{"index":"index","follow":"follow","max-snippet":"max-snippet:-1","max-image-preview":"max-image-preview:large","max-video-preview":"max-video-preview:-1"},"canonical":"https:\/\/www.urjc2030.es\/ud\/retos-del-derecho-sexual-en-materia-de-diversidad-sexual\/","og_locale":"es_ES","og_type":"article","og_title":"Retos del Derecho Sexual en Materia de Diversidad Sexual - Unidad de Diversidad","og_description":"07-10-2024 11:00 URJC CAMPUS DE MADRID. Paseo de los Artilleros, Madrid.","og_url":"https:\/\/www.urjc2030.es\/ud\/retos-del-derecho-sexual-en-materia-de-diversidad-sexual\/","og_site_name":"Unidad de Diversidad","article_published_time":"2024-09-24T10:57:58+00:00","article_modified_time":"2024-11-05T13:40:52+00:00","og_image":[{"width":460,"height":200,"url":"https:\/\/www.urjc2030.es\/ud\/wp-content\/uploads\/sites\/13\/2024\/09\/retos-derecho-materia-diversidad.png","type":"image\/png"}],"author":"Rebeca","twitter_card":"summary_large_image","twitter_misc":{"Escrito por":"Rebeca","Tiempo de lectura":"2 minutos"},"schema":{"@context":"https:\/\/schema.org","@graph":[{"@type":"Article","@id":"https:\/\/www.urjc2030.es\/ud\/retos-del-derecho-sexual-en-materia-de-diversidad-sexual\/#article","isPartOf":{"@id":"https:\/\/www.urjc2030.es\/ud\/retos-del-derecho-sexual-en-materia-de-diversidad-sexual\/"},"author":{"name":"Rebeca","@id":"https:\/\/www.urjc2030.es\/ud\/#\/schema\/person\/5bca1e3d54fd0f6646257e7650ff6c1e"},"headline":"Retos del Derecho Sexual en Materia de Diversidad Sexual","datePublished":"2024-09-24T10:57:58+00:00","dateModified":"2024-11-05T13:40:52+00:00","mainEntityOfPage":{"@id":"https:\/\/www.urjc2030.es\/ud\/retos-del-derecho-sexual-en-materia-de-diversidad-sexual\/"},"wordCount":221,"image":{"@id":"https:\/\/www.urjc2030.es\/ud\/retos-del-derecho-sexual-en-materia-de-diversidad-sexual\/#primaryimage"},"thumbnailUrl":"https:\/\/www.urjc2030.es\/ud\/wp-content\/uploads\/sites\/13\/2024\/09\/retos-derecho-materia-diversidad.png","articleSection":["2024","Agenda","Octubre 2024"],"inLanguage":"es"},{"@type":"WebPage","@id":"https:\/\/www.urjc2030.es\/ud\/retos-del-derecho-sexual-en-materia-de-diversidad-sexual\/","url":"https:\/\/www.urjc2030.es\/ud\/retos-del-derecho-sexual-en-materia-de-diversidad-sexual\/","name":"Retos del Derecho Sexual en Materia de Diversidad Sexual - Unidad de Diversidad","isPartOf":{"@id":"https:\/\/www.urjc2030.es\/ud\/#website"},"primaryImageOfPage":{"@id":"https:\/\/www.urjc2030.es\/ud\/retos-del-derecho-sexual-en-materia-de-diversidad-sexual\/#primaryimage"},"image":{"@id":"https:\/\/www.urjc2030.es\/ud\/retos-del-derecho-sexual-en-materia-de-diversidad-sexual\/#primaryimage"},"thumbnailUrl":"https:\/\/www.urjc2030.es\/ud\/wp-content\/uploads\/sites\/13\/2024\/09\/retos-derecho-materia-diversidad.png","datePublished":"2024-09-24T10:57:58+00:00","dateModified":"2024-11-05T13:40:52+00:00","author":{"@id":"https:\/\/www.urjc2030.es\/ud\/#\/schema\/person\/5bca1e3d54fd0f6646257e7650ff6c1e"},"breadcrumb":{"@id":"https:\/\/www.urjc2030.es\/ud\/retos-del-derecho-sexual-en-materia-de-diversidad-sexual\/#breadcrumb"},"inLanguage":"es","potentialAction":[{"@type":"ReadAction","target":["https:\/\/www.urjc2030.es\/ud\/retos-del-derecho-sexual-en-materia-de-diversidad-sexual\/"]}]},{"@type":"ImageObject","inLanguage":"es","@id":"https:\/\/www.urjc2030.es\/ud\/retos-del-derecho-sexual-en-materia-de-diversidad-sexual\/#primaryimage","url":"https:\/\/www.urjc2030.es\/ud\/wp-content\/uploads\/sites\/13\/2024\/09\/retos-derecho-materia-diversidad.png","contentUrl":"https:\/\/www.urjc2030.es\/ud\/wp-content\/uploads\/sites\/13\/2024\/09\/retos-derecho-materia-diversidad.png","width":460,"height":200,"caption":"Retos del Derecho Sexual en Materia de Diversidad Sexual"},{"@type":"BreadcrumbList","@id":"https:\/\/www.urjc2030.es\/ud\/retos-del-derecho-sexual-en-materia-de-diversidad-sexual\/#breadcrumb","itemListElement":[{"@type":"ListItem","position":1,"name":"Portada","item":"https:\/\/www.urjc2030.es\/ud\/"},{"@type":"ListItem","position":2,"name":"Retos del Derecho Sexual en Materia de Diversidad Sexual"}]},{"@type":"WebSite","@id":"https:\/\/www.urjc2030.es\/ud\/#website","url":"https:\/\/www.urjc2030.es\/ud\/","name":"Unidad de Diversidad","description":"Trabajar de manera interseccional con toda la comunidad universitaria todo lo que respecta a la diversidad LGBTIAQ+, \u00e9tnico-cultural y afines.","potentialAction":[{"@type":"SearchAction","target":{"@type":"EntryPoint","urlTemplate":"https:\/\/www.urjc2030.es\/ud\/?s={search_term_string}"},"query-input":{"@type":"PropertyValueSpecification","valueRequired":true,"valueName":"search_term_string"}}],"inLanguage":"es"},{"@type":"Person","@id":"https:\/\/www.urjc2030.es\/ud\/#\/schema\/person\/5bca1e3d54fd0f6646257e7650ff6c1e","name":"Rebeca","image":{"@type":"ImageObject","inLanguage":"es","@id":"https:\/\/secure.gravatar.com\/avatar\/067ab19aa4e1cb582d952cf91ff4bcaf68f01cd66cbce7a3d69e3ee1093984f6?s=96&d=mm&r=g","url":"https:\/\/secure.gravatar.com\/avatar\/067ab19aa4e1cb582d952cf91ff4bcaf68f01cd66cbce7a3d69e3ee1093984f6?s=96&d=mm&r=g","contentUrl":"https:\/\/secure.gravatar.com\/avatar\/067ab19aa4e1cb582d952cf91ff4bcaf68f01cd66cbce7a3d69e3ee1093984f6?s=96&d=mm&r=g","caption":"Rebeca"},"sameAs":["https:\/\/www.urjc2030.es"],"url":"https:\/\/www.urjc2030.es\/ud\/author\/rebeca\/"}]}},"_links":{"self":[{"href":"https:\/\/www.urjc2030.es\/ud\/wp-json\/wp\/v2\/posts\/1292","targetHints":{"allow":["GET"]}}],"collection":[{"href":"https:\/\/www.urjc2030.es\/ud\/wp-json\/wp\/v2\/posts"}],"about":[{"href":"https:\/\/www.urjc2030.es\/ud\/wp-json\/wp\/v2\/types\/post"}],"author":[{"embeddable":true,"href":"https:\/\/www.urjc2030.es\/ud\/wp-json\/wp\/v2\/users\/1"}],"replies":[{"embeddable":true,"href":"https:\/\/www.urjc2030.es\/ud\/wp-json\/wp\/v2\/comments?post=1292"}],"version-history":[{"count":2,"href":"https:\/\/www.urjc2030.es\/ud\/wp-json\/wp\/v2\/posts\/1292\/revisions"}],"predecessor-version":[{"id":1295,"href":"https:\/\/www.urjc2030.es\/ud\/wp-json\/wp\/v2\/posts\/1292\/revisions\/1295"}],"wp:featuredmedia":[{"embeddable":true,"href":"https:\/\/www.urjc2030.es\/ud\/wp-json\/wp\/v2\/media\/1293"}],"wp:attachment":[{"href":"https:\/\/www.urjc2030.es\/ud\/wp-json\/wp\/v2\/media?parent=1292"}],"wp:term":[{"taxonomy":"category","embeddable":true,"href":"https:\/\/www.urjc2030.es\/ud\/wp-json\/wp\/v2\/categories?post=1292"},{"taxonomy":"post_tag","embeddable":true,"href":"https:\/\/www.urjc2030.es\/ud\/wp-json\/wp\/v2\/tags?post=1292"}],"curies":[{"name":"wp","href":"https:\/\/api.w.org\/{rel}","templated":true}]}}