{"id":1351,"date":"2025-03-20T18:35:26","date_gmt":"2025-03-20T17:35:26","guid":{"rendered":"https:\/\/www.urjc2030.es\/ud\/?p=1351"},"modified":"2025-03-20T18:35:26","modified_gmt":"2025-03-20T17:35:26","slug":"taller-de-abordaje-la-diversidad-sexual-y-de-genero-en-la-ilustracion","status":"publish","type":"post","link":"https:\/\/www.urjc2030.es\/ud\/taller-de-abordaje-la-diversidad-sexual-y-de-genero-en-la-ilustracion\/","title":{"rendered":"Taller de abordaje la diversidad sexual y de g\u00e9nero en la ilustraci\u00f3n"},"content":{"rendered":"<h3>25-03-2025 09:00<img loading=\"lazy\" decoding=\"async\" class=\"wp-image-1353 size-full alignright\" src=\"https:\/\/www.urjc2030.es\/ud\/wp-content\/uploads\/sites\/13\/2025\/03\/194883.png\" alt=\"Taller de abordaje la diversidad sexual y de g\u00e9nero en la ilustraci\u00f3n\n\" width=\"460\" height=\"200\" srcset=\"https:\/\/www.urjc2030.es\/ud\/wp-content\/uploads\/sites\/13\/2025\/03\/194883.png 460w, https:\/\/www.urjc2030.es\/ud\/wp-content\/uploads\/sites\/13\/2025\/03\/194883-300x130.png 300w\" sizes=\"(max-width: 460px) 100vw, 460px\" \/><\/h3>\n<p><strong>*S\u00d3LO ONLINE. V\u00cdA TEAMS TRAS INSCRIPCI\u00d3N. Te llegar\u00e1 un email el d\u00eda previo al evento con el enlace de Teams.<\/strong><\/p>\n<p><em><strong>Organizado por\u00a0<span class=\"organizer\">Unidad de Diversidad.<\/span><\/strong><\/em><\/p>\n<div data-olk-copy-source=\"MailCompose\">\n<p data-end=\"703\" data-start=\"360\">Con motivo del\u00a0<strong data-end=\"406\" data-start=\"375\">D\u00eda de la Visibilidad Trans<\/strong>, la Universidad Rey Juan Carlos organiza una formaci\u00f3n interna sobre\u00a0<strong data-end=\"544\" data-start=\"476\">\u201cAbordaje de la diversidad sexual y de g\u00e9nero en la ilustraci\u00f3n\u201d<\/strong>. En esta actividad, exploraremos c\u00f3mo la ilustraci\u00f3n ha sido una herramienta clave para visibilizar y reivindicar las identidades trans y de g\u00e9nero diverso.<\/p>\n<p data-end=\"946\" data-start=\"850\"><strong data-end=\"944\" data-start=\"853\">Plazas limitadas para miembros de la Comisi\u00f3n de Diversidad y divulgadores cient\u00edficos.<\/strong><\/p>\n<\/div>\n<p><span style=\"text-decoration: underline;\"><a href=\"https:\/\/eventos.urjc.es\/132370\/detail\/taller-de-abordaje-la-diversidad-sexual-y-de-genero-en-la-ilustracion.html\" target=\"_blank\" rel=\"noopener\"><strong>M\u00e1s informaci\u00f3n aqu\u00ed<\/strong><\/a><\/span><\/p>\n<p>&nbsp;<\/p>\n","protected":false},"excerpt":{"rendered":"<p><strong>25-03-2025 09:00<\/strong><br \/>\n*S\u00d3LO ONLINE. V\u00cdA TEAMS.<\/p>\n","protected":false},"author":1,"featured_media":1353,"comment_status":"closed","ping_status":"open","sticky":false,"template":"","format":"standard","meta":{"_et_pb_use_builder":"","_et_pb_old_content":"","_et_gb_content_width":"","cybocfi_hide_featured_image":"","footnotes":""},"categories":[33,2,35],"tags":[],"class_list":["post-1351","post","type-post","status-publish","format-standard","has-post-thumbnail","hentry","category-33","category-agenda","category-marzo-2025"],"yoast_head":"<!-- This site is optimized with the Yoast SEO plugin v27.5 - https:\/\/yoast.com\/product\/yoast-seo-wordpress\/ -->\n<title>Taller de abordaje la diversidad sexual y de g\u00e9nero en la ilustraci\u00f3n - Unidad de Diversidad<\/title>\n<meta name=\"robots\" content=\"index, follow, max-snippet:-1, max-image-preview:large, max-video-preview:-1\" \/>\n<link rel=\"canonical\" href=\"https:\/\/www.urjc2030.es\/ud\/taller-de-abordaje-la-diversidad-sexual-y-de-genero-en-la-ilustracion\/\" \/>\n<meta property=\"og:locale\" content=\"es_ES\" \/>\n<meta property=\"og:type\" content=\"article\" \/>\n<meta property=\"og:title\" content=\"Taller de abordaje la diversidad sexual y de g\u00e9nero en la ilustraci\u00f3n - Unidad de Diversidad\" \/>\n<meta property=\"og:description\" content=\"25-03-2025 09:00 *S\u00d3LO ONLINE. V\u00cdA TEAMS.\" \/>\n<meta property=\"og:url\" content=\"https:\/\/www.urjc2030.es\/ud\/taller-de-abordaje-la-diversidad-sexual-y-de-genero-en-la-ilustracion\/\" \/>\n<meta property=\"og:site_name\" content=\"Unidad de Diversidad\" \/>\n<meta property=\"article:published_time\" content=\"2025-03-20T17:35:26+00:00\" \/>\n<meta property=\"og:image\" content=\"https:\/\/www.urjc2030.es\/ud\/wp-content\/uploads\/sites\/13\/2025\/03\/194883.png\" \/>\n\t<meta property=\"og:image:width\" content=\"460\" \/>\n\t<meta property=\"og:image:height\" content=\"200\" \/>\n\t<meta property=\"og:image:type\" content=\"image\/png\" \/>\n<meta name=\"author\" content=\"Rebeca\" \/>\n<meta name=\"twitter:card\" content=\"summary_large_image\" \/>\n<meta name=\"twitter:label1\" content=\"Escrito por\" \/>\n\t<meta name=\"twitter:data1\" content=\"Rebeca\" \/>\n\t<meta name=\"twitter:label2\" content=\"Tiempo de lectura\" \/>\n\t<meta name=\"twitter:data2\" content=\"1 minuto\" \/>\n<script type=\"application\/ld+json\" class=\"yoast-schema-graph\">{\"@context\":\"https:\\\/\\\/schema.org\",\"@graph\":[{\"@type\":\"Article\",\"@id\":\"https:\\\/\\\/www.urjc2030.es\\\/ud\\\/taller-de-abordaje-la-diversidad-sexual-y-de-genero-en-la-ilustracion\\\/#article\",\"isPartOf\":{\"@id\":\"https:\\\/\\\/www.urjc2030.es\\\/ud\\\/taller-de-abordaje-la-diversidad-sexual-y-de-genero-en-la-ilustracion\\\/\"},\"author\":{\"name\":\"Rebeca\",\"@id\":\"https:\\\/\\\/www.urjc2030.es\\\/ud\\\/#\\\/schema\\\/person\\\/5bca1e3d54fd0f6646257e7650ff6c1e\"},\"headline\":\"Taller de abordaje la diversidad sexual y de g\u00e9nero en la ilustraci\u00f3n\",\"datePublished\":\"2025-03-20T17:35:26+00:00\",\"mainEntityOfPage\":{\"@id\":\"https:\\\/\\\/www.urjc2030.es\\\/ud\\\/taller-de-abordaje-la-diversidad-sexual-y-de-genero-en-la-ilustracion\\\/\"},\"wordCount\":124,\"image\":{\"@id\":\"https:\\\/\\\/www.urjc2030.es\\\/ud\\\/taller-de-abordaje-la-diversidad-sexual-y-de-genero-en-la-ilustracion\\\/#primaryimage\"},\"thumbnailUrl\":\"https:\\\/\\\/www.urjc2030.es\\\/ud\\\/wp-content\\\/uploads\\\/sites\\\/13\\\/2025\\\/03\\\/194883.png\",\"articleSection\":[\"2025\",\"Agenda\",\"Marzo 2025\"],\"inLanguage\":\"es\"},{\"@type\":\"WebPage\",\"@id\":\"https:\\\/\\\/www.urjc2030.es\\\/ud\\\/taller-de-abordaje-la-diversidad-sexual-y-de-genero-en-la-ilustracion\\\/\",\"url\":\"https:\\\/\\\/www.urjc2030.es\\\/ud\\\/taller-de-abordaje-la-diversidad-sexual-y-de-genero-en-la-ilustracion\\\/\",\"name\":\"Taller de abordaje la diversidad sexual y de g\u00e9nero en la ilustraci\u00f3n - Unidad de Diversidad\",\"isPartOf\":{\"@id\":\"https:\\\/\\\/www.urjc2030.es\\\/ud\\\/#website\"},\"primaryImageOfPage\":{\"@id\":\"https:\\\/\\\/www.urjc2030.es\\\/ud\\\/taller-de-abordaje-la-diversidad-sexual-y-de-genero-en-la-ilustracion\\\/#primaryimage\"},\"image\":{\"@id\":\"https:\\\/\\\/www.urjc2030.es\\\/ud\\\/taller-de-abordaje-la-diversidad-sexual-y-de-genero-en-la-ilustracion\\\/#primaryimage\"},\"thumbnailUrl\":\"https:\\\/\\\/www.urjc2030.es\\\/ud\\\/wp-content\\\/uploads\\\/sites\\\/13\\\/2025\\\/03\\\/194883.png\",\"datePublished\":\"2025-03-20T17:35:26+00:00\",\"author\":{\"@id\":\"https:\\\/\\\/www.urjc2030.es\\\/ud\\\/#\\\/schema\\\/person\\\/5bca1e3d54fd0f6646257e7650ff6c1e\"},\"breadcrumb\":{\"@id\":\"https:\\\/\\\/www.urjc2030.es\\\/ud\\\/taller-de-abordaje-la-diversidad-sexual-y-de-genero-en-la-ilustracion\\\/#breadcrumb\"},\"inLanguage\":\"es\",\"potentialAction\":[{\"@type\":\"ReadAction\",\"target\":[\"https:\\\/\\\/www.urjc2030.es\\\/ud\\\/taller-de-abordaje-la-diversidad-sexual-y-de-genero-en-la-ilustracion\\\/\"]}]},{\"@type\":\"ImageObject\",\"inLanguage\":\"es\",\"@id\":\"https:\\\/\\\/www.urjc2030.es\\\/ud\\\/taller-de-abordaje-la-diversidad-sexual-y-de-genero-en-la-ilustracion\\\/#primaryimage\",\"url\":\"https:\\\/\\\/www.urjc2030.es\\\/ud\\\/wp-content\\\/uploads\\\/sites\\\/13\\\/2025\\\/03\\\/194883.png\",\"contentUrl\":\"https:\\\/\\\/www.urjc2030.es\\\/ud\\\/wp-content\\\/uploads\\\/sites\\\/13\\\/2025\\\/03\\\/194883.png\",\"width\":460,\"height\":200,\"caption\":\"Taller de abordaje la diversidad sexual y de g\u00e9nero en la ilustraci\u00f3n\"},{\"@type\":\"BreadcrumbList\",\"@id\":\"https:\\\/\\\/www.urjc2030.es\\\/ud\\\/taller-de-abordaje-la-diversidad-sexual-y-de-genero-en-la-ilustracion\\\/#breadcrumb\",\"itemListElement\":[{\"@type\":\"ListItem\",\"position\":1,\"name\":\"Portada\",\"item\":\"https:\\\/\\\/www.urjc2030.es\\\/ud\\\/\"},{\"@type\":\"ListItem\",\"position\":2,\"name\":\"Taller de abordaje la diversidad sexual y de g\u00e9nero en la ilustraci\u00f3n\"}]},{\"@type\":\"WebSite\",\"@id\":\"https:\\\/\\\/www.urjc2030.es\\\/ud\\\/#website\",\"url\":\"https:\\\/\\\/www.urjc2030.es\\\/ud\\\/\",\"name\":\"Unidad de Diversidad\",\"description\":\"Trabajar de manera interseccional con toda la comunidad universitaria todo lo que respecta a la diversidad LGBTIAQ+, \u00e9tnico-cultural y afines.\",\"potentialAction\":[{\"@type\":\"SearchAction\",\"target\":{\"@type\":\"EntryPoint\",\"urlTemplate\":\"https:\\\/\\\/www.urjc2030.es\\\/ud\\\/?s={search_term_string}\"},\"query-input\":{\"@type\":\"PropertyValueSpecification\",\"valueRequired\":true,\"valueName\":\"search_term_string\"}}],\"inLanguage\":\"es\"},{\"@type\":\"Person\",\"@id\":\"https:\\\/\\\/www.urjc2030.es\\\/ud\\\/#\\\/schema\\\/person\\\/5bca1e3d54fd0f6646257e7650ff6c1e\",\"name\":\"Rebeca\",\"image\":{\"@type\":\"ImageObject\",\"inLanguage\":\"es\",\"@id\":\"https:\\\/\\\/secure.gravatar.com\\\/avatar\\\/067ab19aa4e1cb582d952cf91ff4bcaf68f01cd66cbce7a3d69e3ee1093984f6?s=96&d=mm&r=g\",\"url\":\"https:\\\/\\\/secure.gravatar.com\\\/avatar\\\/067ab19aa4e1cb582d952cf91ff4bcaf68f01cd66cbce7a3d69e3ee1093984f6?s=96&d=mm&r=g\",\"contentUrl\":\"https:\\\/\\\/secure.gravatar.com\\\/avatar\\\/067ab19aa4e1cb582d952cf91ff4bcaf68f01cd66cbce7a3d69e3ee1093984f6?s=96&d=mm&r=g\",\"caption\":\"Rebeca\"},\"sameAs\":[\"https:\\\/\\\/www.urjc2030.es\"],\"url\":\"https:\\\/\\\/www.urjc2030.es\\\/ud\\\/author\\\/rebeca\\\/\"}]}<\/script>\n<!-- \/ Yoast SEO plugin. -->","yoast_head_json":{"title":"Taller de abordaje la diversidad sexual y de g\u00e9nero en la ilustraci\u00f3n - Unidad de Diversidad","robots":{"index":"index","follow":"follow","max-snippet":"max-snippet:-1","max-image-preview":"max-image-preview:large","max-video-preview":"max-video-preview:-1"},"canonical":"https:\/\/www.urjc2030.es\/ud\/taller-de-abordaje-la-diversidad-sexual-y-de-genero-en-la-ilustracion\/","og_locale":"es_ES","og_type":"article","og_title":"Taller de abordaje la diversidad sexual y de g\u00e9nero en la ilustraci\u00f3n - Unidad de Diversidad","og_description":"25-03-2025 09:00 *S\u00d3LO ONLINE. V\u00cdA TEAMS.","og_url":"https:\/\/www.urjc2030.es\/ud\/taller-de-abordaje-la-diversidad-sexual-y-de-genero-en-la-ilustracion\/","og_site_name":"Unidad de Diversidad","article_published_time":"2025-03-20T17:35:26+00:00","og_image":[{"width":460,"height":200,"url":"https:\/\/www.urjc2030.es\/ud\/wp-content\/uploads\/sites\/13\/2025\/03\/194883.png","type":"image\/png"}],"author":"Rebeca","twitter_card":"summary_large_image","twitter_misc":{"Escrito por":"Rebeca","Tiempo de lectura":"1 minuto"},"schema":{"@context":"https:\/\/schema.org","@graph":[{"@type":"Article","@id":"https:\/\/www.urjc2030.es\/ud\/taller-de-abordaje-la-diversidad-sexual-y-de-genero-en-la-ilustracion\/#article","isPartOf":{"@id":"https:\/\/www.urjc2030.es\/ud\/taller-de-abordaje-la-diversidad-sexual-y-de-genero-en-la-ilustracion\/"},"author":{"name":"Rebeca","@id":"https:\/\/www.urjc2030.es\/ud\/#\/schema\/person\/5bca1e3d54fd0f6646257e7650ff6c1e"},"headline":"Taller de abordaje la diversidad sexual y de g\u00e9nero en la ilustraci\u00f3n","datePublished":"2025-03-20T17:35:26+00:00","mainEntityOfPage":{"@id":"https:\/\/www.urjc2030.es\/ud\/taller-de-abordaje-la-diversidad-sexual-y-de-genero-en-la-ilustracion\/"},"wordCount":124,"image":{"@id":"https:\/\/www.urjc2030.es\/ud\/taller-de-abordaje-la-diversidad-sexual-y-de-genero-en-la-ilustracion\/#primaryimage"},"thumbnailUrl":"https:\/\/www.urjc2030.es\/ud\/wp-content\/uploads\/sites\/13\/2025\/03\/194883.png","articleSection":["2025","Agenda","Marzo 2025"],"inLanguage":"es"},{"@type":"WebPage","@id":"https:\/\/www.urjc2030.es\/ud\/taller-de-abordaje-la-diversidad-sexual-y-de-genero-en-la-ilustracion\/","url":"https:\/\/www.urjc2030.es\/ud\/taller-de-abordaje-la-diversidad-sexual-y-de-genero-en-la-ilustracion\/","name":"Taller de abordaje la diversidad sexual y de g\u00e9nero en la ilustraci\u00f3n - Unidad de Diversidad","isPartOf":{"@id":"https:\/\/www.urjc2030.es\/ud\/#website"},"primaryImageOfPage":{"@id":"https:\/\/www.urjc2030.es\/ud\/taller-de-abordaje-la-diversidad-sexual-y-de-genero-en-la-ilustracion\/#primaryimage"},"image":{"@id":"https:\/\/www.urjc2030.es\/ud\/taller-de-abordaje-la-diversidad-sexual-y-de-genero-en-la-ilustracion\/#primaryimage"},"thumbnailUrl":"https:\/\/www.urjc2030.es\/ud\/wp-content\/uploads\/sites\/13\/2025\/03\/194883.png","datePublished":"2025-03-20T17:35:26+00:00","author":{"@id":"https:\/\/www.urjc2030.es\/ud\/#\/schema\/person\/5bca1e3d54fd0f6646257e7650ff6c1e"},"breadcrumb":{"@id":"https:\/\/www.urjc2030.es\/ud\/taller-de-abordaje-la-diversidad-sexual-y-de-genero-en-la-ilustracion\/#breadcrumb"},"inLanguage":"es","potentialAction":[{"@type":"ReadAction","target":["https:\/\/www.urjc2030.es\/ud\/taller-de-abordaje-la-diversidad-sexual-y-de-genero-en-la-ilustracion\/"]}]},{"@type":"ImageObject","inLanguage":"es","@id":"https:\/\/www.urjc2030.es\/ud\/taller-de-abordaje-la-diversidad-sexual-y-de-genero-en-la-ilustracion\/#primaryimage","url":"https:\/\/www.urjc2030.es\/ud\/wp-content\/uploads\/sites\/13\/2025\/03\/194883.png","contentUrl":"https:\/\/www.urjc2030.es\/ud\/wp-content\/uploads\/sites\/13\/2025\/03\/194883.png","width":460,"height":200,"caption":"Taller de abordaje la diversidad sexual y de g\u00e9nero en la ilustraci\u00f3n"},{"@type":"BreadcrumbList","@id":"https:\/\/www.urjc2030.es\/ud\/taller-de-abordaje-la-diversidad-sexual-y-de-genero-en-la-ilustracion\/#breadcrumb","itemListElement":[{"@type":"ListItem","position":1,"name":"Portada","item":"https:\/\/www.urjc2030.es\/ud\/"},{"@type":"ListItem","position":2,"name":"Taller de abordaje la diversidad sexual y de g\u00e9nero en la ilustraci\u00f3n"}]},{"@type":"WebSite","@id":"https:\/\/www.urjc2030.es\/ud\/#website","url":"https:\/\/www.urjc2030.es\/ud\/","name":"Unidad de Diversidad","description":"Trabajar de manera interseccional con toda la comunidad universitaria todo lo que respecta a la diversidad LGBTIAQ+, \u00e9tnico-cultural y afines.","potentialAction":[{"@type":"SearchAction","target":{"@type":"EntryPoint","urlTemplate":"https:\/\/www.urjc2030.es\/ud\/?s={search_term_string}"},"query-input":{"@type":"PropertyValueSpecification","valueRequired":true,"valueName":"search_term_string"}}],"inLanguage":"es"},{"@type":"Person","@id":"https:\/\/www.urjc2030.es\/ud\/#\/schema\/person\/5bca1e3d54fd0f6646257e7650ff6c1e","name":"Rebeca","image":{"@type":"ImageObject","inLanguage":"es","@id":"https:\/\/secure.gravatar.com\/avatar\/067ab19aa4e1cb582d952cf91ff4bcaf68f01cd66cbce7a3d69e3ee1093984f6?s=96&d=mm&r=g","url":"https:\/\/secure.gravatar.com\/avatar\/067ab19aa4e1cb582d952cf91ff4bcaf68f01cd66cbce7a3d69e3ee1093984f6?s=96&d=mm&r=g","contentUrl":"https:\/\/secure.gravatar.com\/avatar\/067ab19aa4e1cb582d952cf91ff4bcaf68f01cd66cbce7a3d69e3ee1093984f6?s=96&d=mm&r=g","caption":"Rebeca"},"sameAs":["https:\/\/www.urjc2030.es"],"url":"https:\/\/www.urjc2030.es\/ud\/author\/rebeca\/"}]}},"_links":{"self":[{"href":"https:\/\/www.urjc2030.es\/ud\/wp-json\/wp\/v2\/posts\/1351","targetHints":{"allow":["GET"]}}],"collection":[{"href":"https:\/\/www.urjc2030.es\/ud\/wp-json\/wp\/v2\/posts"}],"about":[{"href":"https:\/\/www.urjc2030.es\/ud\/wp-json\/wp\/v2\/types\/post"}],"author":[{"embeddable":true,"href":"https:\/\/www.urjc2030.es\/ud\/wp-json\/wp\/v2\/users\/1"}],"replies":[{"embeddable":true,"href":"https:\/\/www.urjc2030.es\/ud\/wp-json\/wp\/v2\/comments?post=1351"}],"version-history":[{"count":2,"href":"https:\/\/www.urjc2030.es\/ud\/wp-json\/wp\/v2\/posts\/1351\/revisions"}],"predecessor-version":[{"id":1354,"href":"https:\/\/www.urjc2030.es\/ud\/wp-json\/wp\/v2\/posts\/1351\/revisions\/1354"}],"wp:featuredmedia":[{"embeddable":true,"href":"https:\/\/www.urjc2030.es\/ud\/wp-json\/wp\/v2\/media\/1353"}],"wp:attachment":[{"href":"https:\/\/www.urjc2030.es\/ud\/wp-json\/wp\/v2\/media?parent=1351"}],"wp:term":[{"taxonomy":"category","embeddable":true,"href":"https:\/\/www.urjc2030.es\/ud\/wp-json\/wp\/v2\/categories?post=1351"},{"taxonomy":"post_tag","embeddable":true,"href":"https:\/\/www.urjc2030.es\/ud\/wp-json\/wp\/v2\/tags?post=1351"}],"curies":[{"name":"wp","href":"https:\/\/api.w.org\/{rel}","templated":true}]}}