{"id":1408,"date":"2025-05-21T11:46:59","date_gmt":"2025-05-21T09:46:59","guid":{"rendered":"https:\/\/www.urjc2030.es\/ud\/?p=1408"},"modified":"2026-03-09T09:39:02","modified_gmt":"2026-03-09T08:39:02","slug":"jornada-de-presentacion-guia-practica-para-la-inclusion-de-la-perspectiva-de-diversidad-sexual-y-de-genero-en-la-investigacion","status":"publish","type":"post","link":"https:\/\/www.urjc2030.es\/ud\/jornada-de-presentacion-guia-practica-para-la-inclusion-de-la-perspectiva-de-diversidad-sexual-y-de-genero-en-la-investigacion\/","title":{"rendered":"Jornada de Presentaci\u00f3n: Gu\u00eda pr\u00e1ctica para la inclusi\u00f3n de la perspectiva de diversidad sexual y de g\u00e9nero en la investigaci\u00f3n"},"content":{"rendered":"<h3>28-05-2025 18:00<br \/>\n<a href=\"https:\/\/www.urjc2030.es\/ud\/wp-content\/uploads\/sites\/13\/2025\/05\/guia-practica-dsg-min.jpg\" target=\"_blank\" rel=\"noopener\"><img loading=\"lazy\" decoding=\"async\" class=\"alignright wp-image-1411 size-full\" src=\"https:\/\/www.urjc2030.es\/ud\/wp-content\/uploads\/sites\/13\/2025\/05\/guia-practica-dsg-min.jpg\" alt=\"Gu\u00eda pr\u00e1ctica\" width=\"500\" height=\"1709\" \/><\/a><\/h3>\n<p><strong>Gu\u00eda pr\u00e1ctica para la inclusi\u00f3n de la perspectiva de diversidad sexual y de g\u00e9nero en la investigaci\u00f3n<\/strong><\/p>\n<p><strong>Ministerio de Igualdad. Sal\u00f3n de actos.<\/strong><\/p>\n<p><a href=\"https:\/\/eventos.igualdad.gob.es\/jornadapractica\" target=\"_blank\" rel=\"noopener\"><b><u>M\u00e1s informaci\u00f3n e inscripci\u00f3n<\/u><\/b><\/a><\/p>\n<p>&nbsp;<\/p>\n","protected":false},"excerpt":{"rendered":"<p><strong>28-05-2025 18:00<\/strong><br \/>\nMinisterio de Igualdad. Sal\u00f3n de actos.<\/p>\n","protected":false},"author":1,"featured_media":1428,"comment_status":"closed","ping_status":"open","sticky":false,"template":"","format":"standard","meta":{"_et_pb_use_builder":"","_et_pb_old_content":"","_et_gb_content_width":"","cybocfi_hide_featured_image":"","footnotes":""},"categories":[33,2,37],"tags":[],"class_list":["post-1408","post","type-post","status-publish","format-standard","has-post-thumbnail","hentry","category-33","category-agenda","category-mayo-2025"],"yoast_head":"<!-- This site is optimized with the Yoast SEO plugin v27.5 - https:\/\/yoast.com\/product\/yoast-seo-wordpress\/ -->\n<title>Jornada de Presentaci\u00f3n: Gu\u00eda pr\u00e1ctica para la inclusi\u00f3n de la perspectiva de diversidad sexual y de g\u00e9nero en la investigaci\u00f3n - Unidad de Diversidad<\/title>\n<meta name=\"robots\" content=\"index, follow, max-snippet:-1, max-image-preview:large, max-video-preview:-1\" \/>\n<link rel=\"canonical\" href=\"https:\/\/www.urjc2030.es\/ud\/jornada-de-presentacion-guia-practica-para-la-inclusion-de-la-perspectiva-de-diversidad-sexual-y-de-genero-en-la-investigacion\/\" \/>\n<meta property=\"og:locale\" content=\"es_ES\" \/>\n<meta property=\"og:type\" content=\"article\" \/>\n<meta property=\"og:title\" content=\"Jornada de Presentaci\u00f3n: Gu\u00eda pr\u00e1ctica para la inclusi\u00f3n de la perspectiva de diversidad sexual y de g\u00e9nero en la investigaci\u00f3n - Unidad de Diversidad\" \/>\n<meta property=\"og:description\" content=\"28-05-2025 18:00 Ministerio de Igualdad. Sal\u00f3n de actos.\" \/>\n<meta property=\"og:url\" content=\"https:\/\/www.urjc2030.es\/ud\/jornada-de-presentacion-guia-practica-para-la-inclusion-de-la-perspectiva-de-diversidad-sexual-y-de-genero-en-la-investigacion\/\" \/>\n<meta property=\"og:site_name\" content=\"Unidad de Diversidad\" \/>\n<meta property=\"article:published_time\" content=\"2025-05-21T09:46:59+00:00\" \/>\n<meta property=\"article:modified_time\" content=\"2026-03-09T08:39:02+00:00\" \/>\n<meta property=\"og:image\" content=\"https:\/\/www.urjc2030.es\/ud\/wp-content\/uploads\/sites\/13\/2025\/05\/24_20250519144010.png\" \/>\n\t<meta property=\"og:image:width\" content=\"612\" \/>\n\t<meta property=\"og:image:height\" content=\"285\" \/>\n\t<meta property=\"og:image:type\" content=\"image\/png\" \/>\n<meta name=\"author\" content=\"Rebeca\" \/>\n<meta name=\"twitter:card\" content=\"summary_large_image\" \/>\n<meta name=\"twitter:label1\" content=\"Escrito por\" \/>\n\t<meta name=\"twitter:data1\" content=\"Rebeca\" \/>\n\t<meta name=\"twitter:label2\" content=\"Tiempo de lectura\" \/>\n\t<meta name=\"twitter:data2\" content=\"1 minuto\" \/>\n<script type=\"application\/ld+json\" class=\"yoast-schema-graph\">{\"@context\":\"https:\\\/\\\/schema.org\",\"@graph\":[{\"@type\":\"Article\",\"@id\":\"https:\\\/\\\/www.urjc2030.es\\\/ud\\\/jornada-de-presentacion-guia-practica-para-la-inclusion-de-la-perspectiva-de-diversidad-sexual-y-de-genero-en-la-investigacion\\\/#article\",\"isPartOf\":{\"@id\":\"https:\\\/\\\/www.urjc2030.es\\\/ud\\\/jornada-de-presentacion-guia-practica-para-la-inclusion-de-la-perspectiva-de-diversidad-sexual-y-de-genero-en-la-investigacion\\\/\"},\"author\":{\"name\":\"Rebeca\",\"@id\":\"https:\\\/\\\/www.urjc2030.es\\\/ud\\\/#\\\/schema\\\/person\\\/5bca1e3d54fd0f6646257e7650ff6c1e\"},\"headline\":\"Jornada de Presentaci\u00f3n: Gu\u00eda pr\u00e1ctica para la inclusi\u00f3n de la perspectiva de diversidad sexual y de g\u00e9nero en la investigaci\u00f3n\",\"datePublished\":\"2025-05-21T09:46:59+00:00\",\"dateModified\":\"2026-03-09T08:39:02+00:00\",\"mainEntityOfPage\":{\"@id\":\"https:\\\/\\\/www.urjc2030.es\\\/ud\\\/jornada-de-presentacion-guia-practica-para-la-inclusion-de-la-perspectiva-de-diversidad-sexual-y-de-genero-en-la-investigacion\\\/\"},\"wordCount\":65,\"image\":{\"@id\":\"https:\\\/\\\/www.urjc2030.es\\\/ud\\\/jornada-de-presentacion-guia-practica-para-la-inclusion-de-la-perspectiva-de-diversidad-sexual-y-de-genero-en-la-investigacion\\\/#primaryimage\"},\"thumbnailUrl\":\"https:\\\/\\\/www.urjc2030.es\\\/ud\\\/wp-content\\\/uploads\\\/sites\\\/13\\\/2025\\\/05\\\/24_20250519144010.png\",\"articleSection\":[\"2025\",\"Agenda\",\"Mayo 2025\"],\"inLanguage\":\"es\"},{\"@type\":\"WebPage\",\"@id\":\"https:\\\/\\\/www.urjc2030.es\\\/ud\\\/jornada-de-presentacion-guia-practica-para-la-inclusion-de-la-perspectiva-de-diversidad-sexual-y-de-genero-en-la-investigacion\\\/\",\"url\":\"https:\\\/\\\/www.urjc2030.es\\\/ud\\\/jornada-de-presentacion-guia-practica-para-la-inclusion-de-la-perspectiva-de-diversidad-sexual-y-de-genero-en-la-investigacion\\\/\",\"name\":\"Jornada de Presentaci\u00f3n: Gu\u00eda pr\u00e1ctica para la inclusi\u00f3n de la perspectiva de diversidad sexual y de g\u00e9nero en la investigaci\u00f3n - Unidad de Diversidad\",\"isPartOf\":{\"@id\":\"https:\\\/\\\/www.urjc2030.es\\\/ud\\\/#website\"},\"primaryImageOfPage\":{\"@id\":\"https:\\\/\\\/www.urjc2030.es\\\/ud\\\/jornada-de-presentacion-guia-practica-para-la-inclusion-de-la-perspectiva-de-diversidad-sexual-y-de-genero-en-la-investigacion\\\/#primaryimage\"},\"image\":{\"@id\":\"https:\\\/\\\/www.urjc2030.es\\\/ud\\\/jornada-de-presentacion-guia-practica-para-la-inclusion-de-la-perspectiva-de-diversidad-sexual-y-de-genero-en-la-investigacion\\\/#primaryimage\"},\"thumbnailUrl\":\"https:\\\/\\\/www.urjc2030.es\\\/ud\\\/wp-content\\\/uploads\\\/sites\\\/13\\\/2025\\\/05\\\/24_20250519144010.png\",\"datePublished\":\"2025-05-21T09:46:59+00:00\",\"dateModified\":\"2026-03-09T08:39:02+00:00\",\"author\":{\"@id\":\"https:\\\/\\\/www.urjc2030.es\\\/ud\\\/#\\\/schema\\\/person\\\/5bca1e3d54fd0f6646257e7650ff6c1e\"},\"breadcrumb\":{\"@id\":\"https:\\\/\\\/www.urjc2030.es\\\/ud\\\/jornada-de-presentacion-guia-practica-para-la-inclusion-de-la-perspectiva-de-diversidad-sexual-y-de-genero-en-la-investigacion\\\/#breadcrumb\"},\"inLanguage\":\"es\",\"potentialAction\":[{\"@type\":\"ReadAction\",\"target\":[\"https:\\\/\\\/www.urjc2030.es\\\/ud\\\/jornada-de-presentacion-guia-practica-para-la-inclusion-de-la-perspectiva-de-diversidad-sexual-y-de-genero-en-la-investigacion\\\/\"]}]},{\"@type\":\"ImageObject\",\"inLanguage\":\"es\",\"@id\":\"https:\\\/\\\/www.urjc2030.es\\\/ud\\\/jornada-de-presentacion-guia-practica-para-la-inclusion-de-la-perspectiva-de-diversidad-sexual-y-de-genero-en-la-investigacion\\\/#primaryimage\",\"url\":\"https:\\\/\\\/www.urjc2030.es\\\/ud\\\/wp-content\\\/uploads\\\/sites\\\/13\\\/2025\\\/05\\\/24_20250519144010.png\",\"contentUrl\":\"https:\\\/\\\/www.urjc2030.es\\\/ud\\\/wp-content\\\/uploads\\\/sites\\\/13\\\/2025\\\/05\\\/24_20250519144010.png\",\"width\":612,\"height\":285},{\"@type\":\"BreadcrumbList\",\"@id\":\"https:\\\/\\\/www.urjc2030.es\\\/ud\\\/jornada-de-presentacion-guia-practica-para-la-inclusion-de-la-perspectiva-de-diversidad-sexual-y-de-genero-en-la-investigacion\\\/#breadcrumb\",\"itemListElement\":[{\"@type\":\"ListItem\",\"position\":1,\"name\":\"Portada\",\"item\":\"https:\\\/\\\/www.urjc2030.es\\\/ud\\\/\"},{\"@type\":\"ListItem\",\"position\":2,\"name\":\"Jornada de Presentaci\u00f3n: Gu\u00eda pr\u00e1ctica para la inclusi\u00f3n de la perspectiva de diversidad sexual y de g\u00e9nero en la investigaci\u00f3n\"}]},{\"@type\":\"WebSite\",\"@id\":\"https:\\\/\\\/www.urjc2030.es\\\/ud\\\/#website\",\"url\":\"https:\\\/\\\/www.urjc2030.es\\\/ud\\\/\",\"name\":\"Unidad de Diversidad\",\"description\":\"Trabajar de manera interseccional con toda la comunidad universitaria todo lo que respecta a la diversidad LGBTIAQ+, \u00e9tnico-cultural y afines.\",\"potentialAction\":[{\"@type\":\"SearchAction\",\"target\":{\"@type\":\"EntryPoint\",\"urlTemplate\":\"https:\\\/\\\/www.urjc2030.es\\\/ud\\\/?s={search_term_string}\"},\"query-input\":{\"@type\":\"PropertyValueSpecification\",\"valueRequired\":true,\"valueName\":\"search_term_string\"}}],\"inLanguage\":\"es\"},{\"@type\":\"Person\",\"@id\":\"https:\\\/\\\/www.urjc2030.es\\\/ud\\\/#\\\/schema\\\/person\\\/5bca1e3d54fd0f6646257e7650ff6c1e\",\"name\":\"Rebeca\",\"image\":{\"@type\":\"ImageObject\",\"inLanguage\":\"es\",\"@id\":\"https:\\\/\\\/secure.gravatar.com\\\/avatar\\\/067ab19aa4e1cb582d952cf91ff4bcaf68f01cd66cbce7a3d69e3ee1093984f6?s=96&d=mm&r=g\",\"url\":\"https:\\\/\\\/secure.gravatar.com\\\/avatar\\\/067ab19aa4e1cb582d952cf91ff4bcaf68f01cd66cbce7a3d69e3ee1093984f6?s=96&d=mm&r=g\",\"contentUrl\":\"https:\\\/\\\/secure.gravatar.com\\\/avatar\\\/067ab19aa4e1cb582d952cf91ff4bcaf68f01cd66cbce7a3d69e3ee1093984f6?s=96&d=mm&r=g\",\"caption\":\"Rebeca\"},\"sameAs\":[\"https:\\\/\\\/www.urjc2030.es\"],\"url\":\"https:\\\/\\\/www.urjc2030.es\\\/ud\\\/author\\\/rebeca\\\/\"}]}<\/script>\n<!-- \/ Yoast SEO plugin. -->","yoast_head_json":{"title":"Jornada de Presentaci\u00f3n: Gu\u00eda pr\u00e1ctica para la inclusi\u00f3n de la perspectiva de diversidad sexual y de g\u00e9nero en la investigaci\u00f3n - Unidad de Diversidad","robots":{"index":"index","follow":"follow","max-snippet":"max-snippet:-1","max-image-preview":"max-image-preview:large","max-video-preview":"max-video-preview:-1"},"canonical":"https:\/\/www.urjc2030.es\/ud\/jornada-de-presentacion-guia-practica-para-la-inclusion-de-la-perspectiva-de-diversidad-sexual-y-de-genero-en-la-investigacion\/","og_locale":"es_ES","og_type":"article","og_title":"Jornada de Presentaci\u00f3n: Gu\u00eda pr\u00e1ctica para la inclusi\u00f3n de la perspectiva de diversidad sexual y de g\u00e9nero en la investigaci\u00f3n - Unidad de Diversidad","og_description":"28-05-2025 18:00 Ministerio de Igualdad. Sal\u00f3n de actos.","og_url":"https:\/\/www.urjc2030.es\/ud\/jornada-de-presentacion-guia-practica-para-la-inclusion-de-la-perspectiva-de-diversidad-sexual-y-de-genero-en-la-investigacion\/","og_site_name":"Unidad de Diversidad","article_published_time":"2025-05-21T09:46:59+00:00","article_modified_time":"2026-03-09T08:39:02+00:00","og_image":[{"width":612,"height":285,"url":"https:\/\/www.urjc2030.es\/ud\/wp-content\/uploads\/sites\/13\/2025\/05\/24_20250519144010.png","type":"image\/png"}],"author":"Rebeca","twitter_card":"summary_large_image","twitter_misc":{"Escrito por":"Rebeca","Tiempo de lectura":"1 minuto"},"schema":{"@context":"https:\/\/schema.org","@graph":[{"@type":"Article","@id":"https:\/\/www.urjc2030.es\/ud\/jornada-de-presentacion-guia-practica-para-la-inclusion-de-la-perspectiva-de-diversidad-sexual-y-de-genero-en-la-investigacion\/#article","isPartOf":{"@id":"https:\/\/www.urjc2030.es\/ud\/jornada-de-presentacion-guia-practica-para-la-inclusion-de-la-perspectiva-de-diversidad-sexual-y-de-genero-en-la-investigacion\/"},"author":{"name":"Rebeca","@id":"https:\/\/www.urjc2030.es\/ud\/#\/schema\/person\/5bca1e3d54fd0f6646257e7650ff6c1e"},"headline":"Jornada de Presentaci\u00f3n: Gu\u00eda pr\u00e1ctica para la inclusi\u00f3n de la perspectiva de diversidad sexual y de g\u00e9nero en la investigaci\u00f3n","datePublished":"2025-05-21T09:46:59+00:00","dateModified":"2026-03-09T08:39:02+00:00","mainEntityOfPage":{"@id":"https:\/\/www.urjc2030.es\/ud\/jornada-de-presentacion-guia-practica-para-la-inclusion-de-la-perspectiva-de-diversidad-sexual-y-de-genero-en-la-investigacion\/"},"wordCount":65,"image":{"@id":"https:\/\/www.urjc2030.es\/ud\/jornada-de-presentacion-guia-practica-para-la-inclusion-de-la-perspectiva-de-diversidad-sexual-y-de-genero-en-la-investigacion\/#primaryimage"},"thumbnailUrl":"https:\/\/www.urjc2030.es\/ud\/wp-content\/uploads\/sites\/13\/2025\/05\/24_20250519144010.png","articleSection":["2025","Agenda","Mayo 2025"],"inLanguage":"es"},{"@type":"WebPage","@id":"https:\/\/www.urjc2030.es\/ud\/jornada-de-presentacion-guia-practica-para-la-inclusion-de-la-perspectiva-de-diversidad-sexual-y-de-genero-en-la-investigacion\/","url":"https:\/\/www.urjc2030.es\/ud\/jornada-de-presentacion-guia-practica-para-la-inclusion-de-la-perspectiva-de-diversidad-sexual-y-de-genero-en-la-investigacion\/","name":"Jornada de Presentaci\u00f3n: Gu\u00eda pr\u00e1ctica para la inclusi\u00f3n de la perspectiva de diversidad sexual y de g\u00e9nero en la investigaci\u00f3n - Unidad de Diversidad","isPartOf":{"@id":"https:\/\/www.urjc2030.es\/ud\/#website"},"primaryImageOfPage":{"@id":"https:\/\/www.urjc2030.es\/ud\/jornada-de-presentacion-guia-practica-para-la-inclusion-de-la-perspectiva-de-diversidad-sexual-y-de-genero-en-la-investigacion\/#primaryimage"},"image":{"@id":"https:\/\/www.urjc2030.es\/ud\/jornada-de-presentacion-guia-practica-para-la-inclusion-de-la-perspectiva-de-diversidad-sexual-y-de-genero-en-la-investigacion\/#primaryimage"},"thumbnailUrl":"https:\/\/www.urjc2030.es\/ud\/wp-content\/uploads\/sites\/13\/2025\/05\/24_20250519144010.png","datePublished":"2025-05-21T09:46:59+00:00","dateModified":"2026-03-09T08:39:02+00:00","author":{"@id":"https:\/\/www.urjc2030.es\/ud\/#\/schema\/person\/5bca1e3d54fd0f6646257e7650ff6c1e"},"breadcrumb":{"@id":"https:\/\/www.urjc2030.es\/ud\/jornada-de-presentacion-guia-practica-para-la-inclusion-de-la-perspectiva-de-diversidad-sexual-y-de-genero-en-la-investigacion\/#breadcrumb"},"inLanguage":"es","potentialAction":[{"@type":"ReadAction","target":["https:\/\/www.urjc2030.es\/ud\/jornada-de-presentacion-guia-practica-para-la-inclusion-de-la-perspectiva-de-diversidad-sexual-y-de-genero-en-la-investigacion\/"]}]},{"@type":"ImageObject","inLanguage":"es","@id":"https:\/\/www.urjc2030.es\/ud\/jornada-de-presentacion-guia-practica-para-la-inclusion-de-la-perspectiva-de-diversidad-sexual-y-de-genero-en-la-investigacion\/#primaryimage","url":"https:\/\/www.urjc2030.es\/ud\/wp-content\/uploads\/sites\/13\/2025\/05\/24_20250519144010.png","contentUrl":"https:\/\/www.urjc2030.es\/ud\/wp-content\/uploads\/sites\/13\/2025\/05\/24_20250519144010.png","width":612,"height":285},{"@type":"BreadcrumbList","@id":"https:\/\/www.urjc2030.es\/ud\/jornada-de-presentacion-guia-practica-para-la-inclusion-de-la-perspectiva-de-diversidad-sexual-y-de-genero-en-la-investigacion\/#breadcrumb","itemListElement":[{"@type":"ListItem","position":1,"name":"Portada","item":"https:\/\/www.urjc2030.es\/ud\/"},{"@type":"ListItem","position":2,"name":"Jornada de Presentaci\u00f3n: Gu\u00eda pr\u00e1ctica para la inclusi\u00f3n de la perspectiva de diversidad sexual y de g\u00e9nero en la investigaci\u00f3n"}]},{"@type":"WebSite","@id":"https:\/\/www.urjc2030.es\/ud\/#website","url":"https:\/\/www.urjc2030.es\/ud\/","name":"Unidad de Diversidad","description":"Trabajar de manera interseccional con toda la comunidad universitaria todo lo que respecta a la diversidad LGBTIAQ+, \u00e9tnico-cultural y afines.","potentialAction":[{"@type":"SearchAction","target":{"@type":"EntryPoint","urlTemplate":"https:\/\/www.urjc2030.es\/ud\/?s={search_term_string}"},"query-input":{"@type":"PropertyValueSpecification","valueRequired":true,"valueName":"search_term_string"}}],"inLanguage":"es"},{"@type":"Person","@id":"https:\/\/www.urjc2030.es\/ud\/#\/schema\/person\/5bca1e3d54fd0f6646257e7650ff6c1e","name":"Rebeca","image":{"@type":"ImageObject","inLanguage":"es","@id":"https:\/\/secure.gravatar.com\/avatar\/067ab19aa4e1cb582d952cf91ff4bcaf68f01cd66cbce7a3d69e3ee1093984f6?s=96&d=mm&r=g","url":"https:\/\/secure.gravatar.com\/avatar\/067ab19aa4e1cb582d952cf91ff4bcaf68f01cd66cbce7a3d69e3ee1093984f6?s=96&d=mm&r=g","contentUrl":"https:\/\/secure.gravatar.com\/avatar\/067ab19aa4e1cb582d952cf91ff4bcaf68f01cd66cbce7a3d69e3ee1093984f6?s=96&d=mm&r=g","caption":"Rebeca"},"sameAs":["https:\/\/www.urjc2030.es"],"url":"https:\/\/www.urjc2030.es\/ud\/author\/rebeca\/"}]}},"_links":{"self":[{"href":"https:\/\/www.urjc2030.es\/ud\/wp-json\/wp\/v2\/posts\/1408","targetHints":{"allow":["GET"]}}],"collection":[{"href":"https:\/\/www.urjc2030.es\/ud\/wp-json\/wp\/v2\/posts"}],"about":[{"href":"https:\/\/www.urjc2030.es\/ud\/wp-json\/wp\/v2\/types\/post"}],"author":[{"embeddable":true,"href":"https:\/\/www.urjc2030.es\/ud\/wp-json\/wp\/v2\/users\/1"}],"replies":[{"embeddable":true,"href":"https:\/\/www.urjc2030.es\/ud\/wp-json\/wp\/v2\/comments?post=1408"}],"version-history":[{"count":2,"href":"https:\/\/www.urjc2030.es\/ud\/wp-json\/wp\/v2\/posts\/1408\/revisions"}],"predecessor-version":[{"id":1429,"href":"https:\/\/www.urjc2030.es\/ud\/wp-json\/wp\/v2\/posts\/1408\/revisions\/1429"}],"wp:featuredmedia":[{"embeddable":true,"href":"https:\/\/www.urjc2030.es\/ud\/wp-json\/wp\/v2\/media\/1428"}],"wp:attachment":[{"href":"https:\/\/www.urjc2030.es\/ud\/wp-json\/wp\/v2\/media?parent=1408"}],"wp:term":[{"taxonomy":"category","embeddable":true,"href":"https:\/\/www.urjc2030.es\/ud\/wp-json\/wp\/v2\/categories?post=1408"},{"taxonomy":"post_tag","embeddable":true,"href":"https:\/\/www.urjc2030.es\/ud\/wp-json\/wp\/v2\/tags?post=1408"}],"curies":[{"name":"wp","href":"https:\/\/api.w.org\/{rel}","templated":true}]}}