{"id":1460,"date":"2025-09-29T10:24:56","date_gmt":"2025-09-29T08:24:56","guid":{"rendered":"https:\/\/www.urjc2030.es\/ud\/?p=1460"},"modified":"2026-03-09T09:39:02","modified_gmt":"2026-03-09T08:39:02","slug":"taller-ilustrando-el-lenguaje-inclusivo","status":"publish","type":"post","link":"https:\/\/www.urjc2030.es\/ud\/taller-ilustrando-el-lenguaje-inclusivo\/","title":{"rendered":"Taller Ilustrando el lenguaje inclusivo"},"content":{"rendered":"<h3>30-09-2025 15:00<br \/>\n<img loading=\"lazy\" decoding=\"async\" class=\"wp-image-1459 size-full alignright\" src=\"https:\/\/www.urjc2030.es\/ud\/wp-content\/uploads\/sites\/13\/2025\/09\/taller-ilustrando.webp\" alt=\"Taller Ilustrando el lenguaje inclusivo\" width=\"460\" height=\"200\" srcset=\"https:\/\/www.urjc2030.es\/ud\/wp-content\/uploads\/sites\/13\/2025\/09\/taller-ilustrando.webp 460w, https:\/\/www.urjc2030.es\/ud\/wp-content\/uploads\/sites\/13\/2025\/09\/taller-ilustrando-300x130.webp 300w\" sizes=\"(max-width: 460px) 100vw, 460px\" \/><\/h3>\n<p data-end=\"576\" data-start=\"228\">Este taller de formaci\u00f3n interna invita a reflexionar y\u00a0<strong data-end=\"325\" data-start=\"302\">plasmar visualmente<\/strong>\u00a0un lenguaje inclusivo que abrace la diversidad de identidades, corporalidades y culturas. A partir de herramientas de\u00a0<strong data-end=\"468\" data-start=\"444\">ilustraci\u00f3n y dise\u00f1o<\/strong>, exploraremos c\u00f3mo las im\u00e1genes pueden comunicar de manera\u00a0<strong data-end=\"575\" data-start=\"528\">respetuosa, equitativa y no discriminatoria<\/strong>.<\/p>\n<p data-end=\"947\" data-start=\"578\">Trabajaremos con una\u00a0<strong data-end=\"624\" data-start=\"599\">perspectiva de g\u00e9nero<\/strong>\u00a0que reconozca todas las identidades; con una mirada de\u00a0<strong data-end=\"713\" data-start=\"680\">diversidad sexual y de g\u00e9nero<\/strong>\u00a0que rompa con estereotipos; con un enfoque\u00a0<strong data-end=\"771\" data-start=\"757\">decolonial<\/strong>\u00a0que cuestione visiones racistas; y con una visi\u00f3n\u00a0<strong data-end=\"857\" data-start=\"838\">anticapacitista<\/strong>\u00a0que promueva la accesibilidad y la representaci\u00f3n digna.<\/p>\n<p data-end=\"968\" data-start=\"949\">Durante la jornada:<\/p>\n<ul data-end=\"1249\" data-start=\"969\">\n<li data-end=\"1049\" data-start=\"969\">\n<p data-end=\"1049\" data-start=\"971\">Revisaremos conceptos clave sobre lenguaje inclusivo y su traducci\u00f3n visual.<\/p>\n<\/li>\n<li data-end=\"1121\" data-start=\"1050\">\n<p data-end=\"1121\" data-start=\"1052\">Analizaremos ejemplos de buenas pr\u00e1cticas en ilustraci\u00f3n inclusiva.<\/p>\n<\/li>\n<li data-end=\"1249\" data-start=\"1122\">\n<p data-end=\"1249\" data-start=\"1124\">Desarrollaremos de manera colaborativa las\u00a0<strong data-end=\"1185\" data-start=\"1167\">bases gr\u00e1ficas<\/strong>\u00a0de la futura\u00a0<strong data-end=\"1229\" data-start=\"1199\">Gu\u00eda de Lenguaje Inclusivo<\/strong>\u00a0de la organizaci\u00f3n.<\/p>\n<\/li>\n<\/ul>\n<p><a href=\"https:\/\/eventos.urjc.es\/140932\/detail\/taller-ilustrando-el-lenguaje-inclusivo.html\" target=\"_blank\" rel=\"noopener\"><b><u>M\u00e1s informaci\u00f3n e inscripci\u00f3n<\/u><\/b><\/a><\/p>\n<p>&nbsp;<\/p>\n","protected":false},"excerpt":{"rendered":"<p><strong>30-09-2025 15:00<\/strong><br \/>\nMicrosoft Teams<\/p>\n","protected":false},"author":1,"featured_media":1459,"comment_status":"closed","ping_status":"open","sticky":false,"template":"","format":"standard","meta":{"_et_pb_use_builder":"","_et_pb_old_content":"","_et_gb_content_width":"","cybocfi_hide_featured_image":"","footnotes":""},"categories":[33,2,42],"tags":[],"class_list":["post-1460","post","type-post","status-publish","format-standard","has-post-thumbnail","hentry","category-33","category-agenda","category-septiembre-2025"],"yoast_head":"<!-- This site is optimized with the Yoast SEO plugin v27.5 - https:\/\/yoast.com\/product\/yoast-seo-wordpress\/ -->\n<title>Taller Ilustrando el lenguaje inclusivo - Unidad de Diversidad<\/title>\n<meta name=\"robots\" content=\"index, follow, max-snippet:-1, max-image-preview:large, max-video-preview:-1\" \/>\n<link rel=\"canonical\" href=\"https:\/\/www.urjc2030.es\/ud\/taller-ilustrando-el-lenguaje-inclusivo\/\" \/>\n<meta property=\"og:locale\" content=\"es_ES\" \/>\n<meta property=\"og:type\" content=\"article\" \/>\n<meta property=\"og:title\" content=\"Taller Ilustrando el lenguaje inclusivo - Unidad de Diversidad\" \/>\n<meta property=\"og:description\" content=\"30-09-2025 15:00 Microsoft Teams\" \/>\n<meta property=\"og:url\" content=\"https:\/\/www.urjc2030.es\/ud\/taller-ilustrando-el-lenguaje-inclusivo\/\" \/>\n<meta property=\"og:site_name\" content=\"Unidad de Diversidad\" \/>\n<meta property=\"article:published_time\" content=\"2025-09-29T08:24:56+00:00\" \/>\n<meta property=\"article:modified_time\" content=\"2026-03-09T08:39:02+00:00\" \/>\n<meta property=\"og:image\" content=\"https:\/\/www.urjc2030.es\/ud\/wp-content\/uploads\/sites\/13\/2025\/09\/taller-ilustrando.webp\" \/>\n\t<meta property=\"og:image:width\" content=\"460\" \/>\n\t<meta property=\"og:image:height\" content=\"200\" \/>\n\t<meta property=\"og:image:type\" content=\"image\/webp\" \/>\n<meta name=\"author\" content=\"Rebeca\" \/>\n<meta name=\"twitter:card\" content=\"summary_large_image\" \/>\n<meta name=\"twitter:label1\" content=\"Escrito por\" \/>\n\t<meta name=\"twitter:data1\" content=\"Rebeca\" \/>\n\t<meta name=\"twitter:label2\" content=\"Tiempo de lectura\" \/>\n\t<meta name=\"twitter:data2\" content=\"2 minutos\" \/>\n<script type=\"application\/ld+json\" class=\"yoast-schema-graph\">{\"@context\":\"https:\\\/\\\/schema.org\",\"@graph\":[{\"@type\":\"Article\",\"@id\":\"https:\\\/\\\/www.urjc2030.es\\\/ud\\\/taller-ilustrando-el-lenguaje-inclusivo\\\/#article\",\"isPartOf\":{\"@id\":\"https:\\\/\\\/www.urjc2030.es\\\/ud\\\/taller-ilustrando-el-lenguaje-inclusivo\\\/\"},\"author\":{\"name\":\"Rebeca\",\"@id\":\"https:\\\/\\\/www.urjc2030.es\\\/ud\\\/#\\\/schema\\\/person\\\/5bca1e3d54fd0f6646257e7650ff6c1e\"},\"headline\":\"Taller Ilustrando el lenguaje inclusivo\",\"datePublished\":\"2025-09-29T08:24:56+00:00\",\"dateModified\":\"2026-03-09T08:39:02+00:00\",\"mainEntityOfPage\":{\"@id\":\"https:\\\/\\\/www.urjc2030.es\\\/ud\\\/taller-ilustrando-el-lenguaje-inclusivo\\\/\"},\"wordCount\":157,\"image\":{\"@id\":\"https:\\\/\\\/www.urjc2030.es\\\/ud\\\/taller-ilustrando-el-lenguaje-inclusivo\\\/#primaryimage\"},\"thumbnailUrl\":\"https:\\\/\\\/www.urjc2030.es\\\/ud\\\/wp-content\\\/uploads\\\/sites\\\/13\\\/2025\\\/09\\\/taller-ilustrando.webp\",\"articleSection\":[\"2025\",\"Agenda\",\"Septiembre 2025\"],\"inLanguage\":\"es\"},{\"@type\":\"WebPage\",\"@id\":\"https:\\\/\\\/www.urjc2030.es\\\/ud\\\/taller-ilustrando-el-lenguaje-inclusivo\\\/\",\"url\":\"https:\\\/\\\/www.urjc2030.es\\\/ud\\\/taller-ilustrando-el-lenguaje-inclusivo\\\/\",\"name\":\"Taller Ilustrando el lenguaje inclusivo - Unidad de Diversidad\",\"isPartOf\":{\"@id\":\"https:\\\/\\\/www.urjc2030.es\\\/ud\\\/#website\"},\"primaryImageOfPage\":{\"@id\":\"https:\\\/\\\/www.urjc2030.es\\\/ud\\\/taller-ilustrando-el-lenguaje-inclusivo\\\/#primaryimage\"},\"image\":{\"@id\":\"https:\\\/\\\/www.urjc2030.es\\\/ud\\\/taller-ilustrando-el-lenguaje-inclusivo\\\/#primaryimage\"},\"thumbnailUrl\":\"https:\\\/\\\/www.urjc2030.es\\\/ud\\\/wp-content\\\/uploads\\\/sites\\\/13\\\/2025\\\/09\\\/taller-ilustrando.webp\",\"datePublished\":\"2025-09-29T08:24:56+00:00\",\"dateModified\":\"2026-03-09T08:39:02+00:00\",\"author\":{\"@id\":\"https:\\\/\\\/www.urjc2030.es\\\/ud\\\/#\\\/schema\\\/person\\\/5bca1e3d54fd0f6646257e7650ff6c1e\"},\"breadcrumb\":{\"@id\":\"https:\\\/\\\/www.urjc2030.es\\\/ud\\\/taller-ilustrando-el-lenguaje-inclusivo\\\/#breadcrumb\"},\"inLanguage\":\"es\",\"potentialAction\":[{\"@type\":\"ReadAction\",\"target\":[\"https:\\\/\\\/www.urjc2030.es\\\/ud\\\/taller-ilustrando-el-lenguaje-inclusivo\\\/\"]}]},{\"@type\":\"ImageObject\",\"inLanguage\":\"es\",\"@id\":\"https:\\\/\\\/www.urjc2030.es\\\/ud\\\/taller-ilustrando-el-lenguaje-inclusivo\\\/#primaryimage\",\"url\":\"https:\\\/\\\/www.urjc2030.es\\\/ud\\\/wp-content\\\/uploads\\\/sites\\\/13\\\/2025\\\/09\\\/taller-ilustrando.webp\",\"contentUrl\":\"https:\\\/\\\/www.urjc2030.es\\\/ud\\\/wp-content\\\/uploads\\\/sites\\\/13\\\/2025\\\/09\\\/taller-ilustrando.webp\",\"width\":460,\"height\":200,\"caption\":\"Taller Ilustrando el lenguaje inclusivo\"},{\"@type\":\"BreadcrumbList\",\"@id\":\"https:\\\/\\\/www.urjc2030.es\\\/ud\\\/taller-ilustrando-el-lenguaje-inclusivo\\\/#breadcrumb\",\"itemListElement\":[{\"@type\":\"ListItem\",\"position\":1,\"name\":\"Portada\",\"item\":\"https:\\\/\\\/www.urjc2030.es\\\/ud\\\/\"},{\"@type\":\"ListItem\",\"position\":2,\"name\":\"Taller Ilustrando el lenguaje inclusivo\"}]},{\"@type\":\"WebSite\",\"@id\":\"https:\\\/\\\/www.urjc2030.es\\\/ud\\\/#website\",\"url\":\"https:\\\/\\\/www.urjc2030.es\\\/ud\\\/\",\"name\":\"Unidad de Diversidad\",\"description\":\"Trabajar de manera interseccional con toda la comunidad universitaria todo lo que respecta a la diversidad LGBTIAQ+, \u00e9tnico-cultural y afines.\",\"potentialAction\":[{\"@type\":\"SearchAction\",\"target\":{\"@type\":\"EntryPoint\",\"urlTemplate\":\"https:\\\/\\\/www.urjc2030.es\\\/ud\\\/?s={search_term_string}\"},\"query-input\":{\"@type\":\"PropertyValueSpecification\",\"valueRequired\":true,\"valueName\":\"search_term_string\"}}],\"inLanguage\":\"es\"},{\"@type\":\"Person\",\"@id\":\"https:\\\/\\\/www.urjc2030.es\\\/ud\\\/#\\\/schema\\\/person\\\/5bca1e3d54fd0f6646257e7650ff6c1e\",\"name\":\"Rebeca\",\"image\":{\"@type\":\"ImageObject\",\"inLanguage\":\"es\",\"@id\":\"https:\\\/\\\/secure.gravatar.com\\\/avatar\\\/067ab19aa4e1cb582d952cf91ff4bcaf68f01cd66cbce7a3d69e3ee1093984f6?s=96&d=mm&r=g\",\"url\":\"https:\\\/\\\/secure.gravatar.com\\\/avatar\\\/067ab19aa4e1cb582d952cf91ff4bcaf68f01cd66cbce7a3d69e3ee1093984f6?s=96&d=mm&r=g\",\"contentUrl\":\"https:\\\/\\\/secure.gravatar.com\\\/avatar\\\/067ab19aa4e1cb582d952cf91ff4bcaf68f01cd66cbce7a3d69e3ee1093984f6?s=96&d=mm&r=g\",\"caption\":\"Rebeca\"},\"sameAs\":[\"https:\\\/\\\/www.urjc2030.es\"],\"url\":\"https:\\\/\\\/www.urjc2030.es\\\/ud\\\/author\\\/rebeca\\\/\"}]}<\/script>\n<!-- \/ Yoast SEO plugin. -->","yoast_head_json":{"title":"Taller Ilustrando el lenguaje inclusivo - Unidad de Diversidad","robots":{"index":"index","follow":"follow","max-snippet":"max-snippet:-1","max-image-preview":"max-image-preview:large","max-video-preview":"max-video-preview:-1"},"canonical":"https:\/\/www.urjc2030.es\/ud\/taller-ilustrando-el-lenguaje-inclusivo\/","og_locale":"es_ES","og_type":"article","og_title":"Taller Ilustrando el lenguaje inclusivo - Unidad de Diversidad","og_description":"30-09-2025 15:00 Microsoft Teams","og_url":"https:\/\/www.urjc2030.es\/ud\/taller-ilustrando-el-lenguaje-inclusivo\/","og_site_name":"Unidad de Diversidad","article_published_time":"2025-09-29T08:24:56+00:00","article_modified_time":"2026-03-09T08:39:02+00:00","og_image":[{"width":460,"height":200,"url":"https:\/\/www.urjc2030.es\/ud\/wp-content\/uploads\/sites\/13\/2025\/09\/taller-ilustrando.webp","type":"image\/webp"}],"author":"Rebeca","twitter_card":"summary_large_image","twitter_misc":{"Escrito por":"Rebeca","Tiempo de lectura":"2 minutos"},"schema":{"@context":"https:\/\/schema.org","@graph":[{"@type":"Article","@id":"https:\/\/www.urjc2030.es\/ud\/taller-ilustrando-el-lenguaje-inclusivo\/#article","isPartOf":{"@id":"https:\/\/www.urjc2030.es\/ud\/taller-ilustrando-el-lenguaje-inclusivo\/"},"author":{"name":"Rebeca","@id":"https:\/\/www.urjc2030.es\/ud\/#\/schema\/person\/5bca1e3d54fd0f6646257e7650ff6c1e"},"headline":"Taller Ilustrando el lenguaje inclusivo","datePublished":"2025-09-29T08:24:56+00:00","dateModified":"2026-03-09T08:39:02+00:00","mainEntityOfPage":{"@id":"https:\/\/www.urjc2030.es\/ud\/taller-ilustrando-el-lenguaje-inclusivo\/"},"wordCount":157,"image":{"@id":"https:\/\/www.urjc2030.es\/ud\/taller-ilustrando-el-lenguaje-inclusivo\/#primaryimage"},"thumbnailUrl":"https:\/\/www.urjc2030.es\/ud\/wp-content\/uploads\/sites\/13\/2025\/09\/taller-ilustrando.webp","articleSection":["2025","Agenda","Septiembre 2025"],"inLanguage":"es"},{"@type":"WebPage","@id":"https:\/\/www.urjc2030.es\/ud\/taller-ilustrando-el-lenguaje-inclusivo\/","url":"https:\/\/www.urjc2030.es\/ud\/taller-ilustrando-el-lenguaje-inclusivo\/","name":"Taller Ilustrando el lenguaje inclusivo - Unidad de Diversidad","isPartOf":{"@id":"https:\/\/www.urjc2030.es\/ud\/#website"},"primaryImageOfPage":{"@id":"https:\/\/www.urjc2030.es\/ud\/taller-ilustrando-el-lenguaje-inclusivo\/#primaryimage"},"image":{"@id":"https:\/\/www.urjc2030.es\/ud\/taller-ilustrando-el-lenguaje-inclusivo\/#primaryimage"},"thumbnailUrl":"https:\/\/www.urjc2030.es\/ud\/wp-content\/uploads\/sites\/13\/2025\/09\/taller-ilustrando.webp","datePublished":"2025-09-29T08:24:56+00:00","dateModified":"2026-03-09T08:39:02+00:00","author":{"@id":"https:\/\/www.urjc2030.es\/ud\/#\/schema\/person\/5bca1e3d54fd0f6646257e7650ff6c1e"},"breadcrumb":{"@id":"https:\/\/www.urjc2030.es\/ud\/taller-ilustrando-el-lenguaje-inclusivo\/#breadcrumb"},"inLanguage":"es","potentialAction":[{"@type":"ReadAction","target":["https:\/\/www.urjc2030.es\/ud\/taller-ilustrando-el-lenguaje-inclusivo\/"]}]},{"@type":"ImageObject","inLanguage":"es","@id":"https:\/\/www.urjc2030.es\/ud\/taller-ilustrando-el-lenguaje-inclusivo\/#primaryimage","url":"https:\/\/www.urjc2030.es\/ud\/wp-content\/uploads\/sites\/13\/2025\/09\/taller-ilustrando.webp","contentUrl":"https:\/\/www.urjc2030.es\/ud\/wp-content\/uploads\/sites\/13\/2025\/09\/taller-ilustrando.webp","width":460,"height":200,"caption":"Taller Ilustrando el lenguaje inclusivo"},{"@type":"BreadcrumbList","@id":"https:\/\/www.urjc2030.es\/ud\/taller-ilustrando-el-lenguaje-inclusivo\/#breadcrumb","itemListElement":[{"@type":"ListItem","position":1,"name":"Portada","item":"https:\/\/www.urjc2030.es\/ud\/"},{"@type":"ListItem","position":2,"name":"Taller Ilustrando el lenguaje inclusivo"}]},{"@type":"WebSite","@id":"https:\/\/www.urjc2030.es\/ud\/#website","url":"https:\/\/www.urjc2030.es\/ud\/","name":"Unidad de Diversidad","description":"Trabajar de manera interseccional con toda la comunidad universitaria todo lo que respecta a la diversidad LGBTIAQ+, \u00e9tnico-cultural y afines.","potentialAction":[{"@type":"SearchAction","target":{"@type":"EntryPoint","urlTemplate":"https:\/\/www.urjc2030.es\/ud\/?s={search_term_string}"},"query-input":{"@type":"PropertyValueSpecification","valueRequired":true,"valueName":"search_term_string"}}],"inLanguage":"es"},{"@type":"Person","@id":"https:\/\/www.urjc2030.es\/ud\/#\/schema\/person\/5bca1e3d54fd0f6646257e7650ff6c1e","name":"Rebeca","image":{"@type":"ImageObject","inLanguage":"es","@id":"https:\/\/secure.gravatar.com\/avatar\/067ab19aa4e1cb582d952cf91ff4bcaf68f01cd66cbce7a3d69e3ee1093984f6?s=96&d=mm&r=g","url":"https:\/\/secure.gravatar.com\/avatar\/067ab19aa4e1cb582d952cf91ff4bcaf68f01cd66cbce7a3d69e3ee1093984f6?s=96&d=mm&r=g","contentUrl":"https:\/\/secure.gravatar.com\/avatar\/067ab19aa4e1cb582d952cf91ff4bcaf68f01cd66cbce7a3d69e3ee1093984f6?s=96&d=mm&r=g","caption":"Rebeca"},"sameAs":["https:\/\/www.urjc2030.es"],"url":"https:\/\/www.urjc2030.es\/ud\/author\/rebeca\/"}]}},"_links":{"self":[{"href":"https:\/\/www.urjc2030.es\/ud\/wp-json\/wp\/v2\/posts\/1460","targetHints":{"allow":["GET"]}}],"collection":[{"href":"https:\/\/www.urjc2030.es\/ud\/wp-json\/wp\/v2\/posts"}],"about":[{"href":"https:\/\/www.urjc2030.es\/ud\/wp-json\/wp\/v2\/types\/post"}],"author":[{"embeddable":true,"href":"https:\/\/www.urjc2030.es\/ud\/wp-json\/wp\/v2\/users\/1"}],"replies":[{"embeddable":true,"href":"https:\/\/www.urjc2030.es\/ud\/wp-json\/wp\/v2\/comments?post=1460"}],"version-history":[{"count":1,"href":"https:\/\/www.urjc2030.es\/ud\/wp-json\/wp\/v2\/posts\/1460\/revisions"}],"predecessor-version":[{"id":1461,"href":"https:\/\/www.urjc2030.es\/ud\/wp-json\/wp\/v2\/posts\/1460\/revisions\/1461"}],"wp:featuredmedia":[{"embeddable":true,"href":"https:\/\/www.urjc2030.es\/ud\/wp-json\/wp\/v2\/media\/1459"}],"wp:attachment":[{"href":"https:\/\/www.urjc2030.es\/ud\/wp-json\/wp\/v2\/media?parent=1460"}],"wp:term":[{"taxonomy":"category","embeddable":true,"href":"https:\/\/www.urjc2030.es\/ud\/wp-json\/wp\/v2\/categories?post=1460"},{"taxonomy":"post_tag","embeddable":true,"href":"https:\/\/www.urjc2030.es\/ud\/wp-json\/wp\/v2\/tags?post=1460"}],"curies":[{"name":"wp","href":"https:\/\/api.w.org\/{rel}","templated":true}]}}