{"id":1462,"date":"2025-09-29T10:27:25","date_gmt":"2025-09-29T08:27:25","guid":{"rendered":"https:\/\/www.urjc2030.es\/ud\/?p=1462"},"modified":"2026-03-09T09:39:02","modified_gmt":"2026-03-09T08:39:02","slug":"narrativas-intersex-visibilizar-imaginar-y-transformar","status":"publish","type":"post","link":"https:\/\/www.urjc2030.es\/ud\/narrativas-intersex-visibilizar-imaginar-y-transformar\/","title":{"rendered":"Narrativas intersex. Visibilizar, imaginar y transformar"},"content":{"rendered":"<h3>28-10-2025 15:00<br \/>\n<img loading=\"lazy\" decoding=\"async\" class=\"wp-image-1458 size-full alignright\" src=\"https:\/\/www.urjc2030.es\/ud\/wp-content\/uploads\/sites\/13\/2025\/09\/narrativas-intersex.webp\" alt=\"Narrativas intersex. Visibilizar, imaginar y transformar \" width=\"460\" height=\"200\" srcset=\"https:\/\/www.urjc2030.es\/ud\/wp-content\/uploads\/sites\/13\/2025\/09\/narrativas-intersex.webp 460w, https:\/\/www.urjc2030.es\/ud\/wp-content\/uploads\/sites\/13\/2025\/09\/narrativas-intersex-300x130.webp 300w\" sizes=\"(max-width: 460px) 100vw, 460px\" \/><\/h3>\n<h4 class=\"event_location\">Aulario II, Aula 105, URJC, Alcorc\u00f3n<\/h4>\n<p class=\"event_organizer\"><strong>Organizado por\u00a0<span class=\"organizer\">Unidad de Diversidad<\/span><\/strong><\/p>\n<p data-end=\"562\" data-start=\"182\">Este taller busca\u00a0<strong data-end=\"237\" data-start=\"200\">visibilizar las intersexualidades<\/strong>\u00a0y compartir\u00a0<strong data-end=\"273\" data-start=\"250\">narrativas intersex<\/strong>\u00a0desde una perspectiva autobiogr\u00e1fica. Su prop\u00f3sito es\u00a0<strong data-end=\"465\" data-start=\"393\">contribuir a la creaci\u00f3n de nuevos imaginarios culturales colectivos<\/strong>\u00a0sobre la diversidad corporal, cuestionando las categor\u00edas r\u00edgidas de lo masculino y lo femenino.<\/p>\n<p data-end=\"862\" data-start=\"564\">A trav\u00e9s de\u00a0<strong data-end=\"636\" data-start=\"576\">herramientas te\u00f3ricas, metodol\u00f3gicas y de empoderamiento<\/strong>, las y los participantes explorar\u00e1n c\u00f3mo las intersexualidades abren oportunidades para\u00a0<strong data-end=\"769\" data-start=\"725\">reconfigurar ideas est\u00e1ticas y est\u00e9ticas<\/strong>\u00a0sobre los cuerpos, generando\u00a0<strong data-end=\"834\" data-start=\"799\">espacios propios de enunciaci\u00f3n<\/strong>\u00a0para las personas intersex.<\/p>\n<div><span class=\"marker\"><b>Si eres estudiante de la URJC cada participaci\u00f3n estar\u00e1 reconocida con\u00a00,1\u00a0cr\u00e9ditos RAC.\u00a0<\/b><strong>Para dicho reconocimiento ser\u00e1 necesario rellenar la actividad de evaluaci\u00f3n en el plazo de 72 horas tras cada uno de los eventos.<\/strong><\/span><\/div>\n<p><a href=\"https:\/\/eventos.urjc.es\/140933\/detail\/narrativas-intersex-visibilizar-imaginar-y-transformar.html\" target=\"_blank\" rel=\"noopener\"><b><u>M\u00e1s informaci\u00f3n e inscripci\u00f3n<\/u><\/b><\/a><\/p>\n<p>&nbsp;<\/p>\n","protected":false},"excerpt":{"rendered":"<p><strong>28-10-2025 15:00<\/strong><br \/>\nAulario II, Aula 105, URJC, Alcorc\u00f3n<\/p>\n","protected":false},"author":1,"featured_media":1458,"comment_status":"closed","ping_status":"open","sticky":false,"template":"","format":"standard","meta":{"_et_pb_use_builder":"","_et_pb_old_content":"","_et_gb_content_width":"","cybocfi_hide_featured_image":"","footnotes":""},"categories":[33,2,43],"tags":[],"class_list":["post-1462","post","type-post","status-publish","format-standard","has-post-thumbnail","hentry","category-33","category-agenda","category-octubre-2025"],"yoast_head":"<!-- This site is optimized with the Yoast SEO plugin v27.5 - https:\/\/yoast.com\/product\/yoast-seo-wordpress\/ -->\n<title>Narrativas intersex. Visibilizar, imaginar y transformar - Unidad de Diversidad<\/title>\n<meta name=\"robots\" content=\"index, follow, max-snippet:-1, max-image-preview:large, max-video-preview:-1\" \/>\n<link rel=\"canonical\" href=\"https:\/\/www.urjc2030.es\/ud\/narrativas-intersex-visibilizar-imaginar-y-transformar\/\" \/>\n<meta property=\"og:locale\" content=\"es_ES\" \/>\n<meta property=\"og:type\" content=\"article\" \/>\n<meta property=\"og:title\" content=\"Narrativas intersex. Visibilizar, imaginar y transformar - Unidad de Diversidad\" \/>\n<meta property=\"og:description\" content=\"28-10-2025 15:00 Aulario II, Aula 105, URJC, Alcorc\u00f3n\" \/>\n<meta property=\"og:url\" content=\"https:\/\/www.urjc2030.es\/ud\/narrativas-intersex-visibilizar-imaginar-y-transformar\/\" \/>\n<meta property=\"og:site_name\" content=\"Unidad de Diversidad\" \/>\n<meta property=\"article:published_time\" content=\"2025-09-29T08:27:25+00:00\" \/>\n<meta property=\"article:modified_time\" content=\"2026-03-09T08:39:02+00:00\" \/>\n<meta property=\"og:image\" content=\"https:\/\/www.urjc2030.es\/ud\/wp-content\/uploads\/sites\/13\/2025\/09\/narrativas-intersex.webp\" \/>\n\t<meta property=\"og:image:width\" content=\"460\" \/>\n\t<meta property=\"og:image:height\" content=\"200\" \/>\n\t<meta property=\"og:image:type\" content=\"image\/webp\" \/>\n<meta name=\"author\" content=\"Rebeca\" \/>\n<meta name=\"twitter:card\" content=\"summary_large_image\" \/>\n<meta name=\"twitter:label1\" content=\"Escrito por\" \/>\n\t<meta name=\"twitter:data1\" content=\"Rebeca\" \/>\n\t<meta name=\"twitter:label2\" content=\"Tiempo de lectura\" \/>\n\t<meta name=\"twitter:data2\" content=\"2 minutos\" \/>\n<script type=\"application\/ld+json\" class=\"yoast-schema-graph\">{\"@context\":\"https:\\\/\\\/schema.org\",\"@graph\":[{\"@type\":\"Article\",\"@id\":\"https:\\\/\\\/www.urjc2030.es\\\/ud\\\/narrativas-intersex-visibilizar-imaginar-y-transformar\\\/#article\",\"isPartOf\":{\"@id\":\"https:\\\/\\\/www.urjc2030.es\\\/ud\\\/narrativas-intersex-visibilizar-imaginar-y-transformar\\\/\"},\"author\":{\"name\":\"Rebeca\",\"@id\":\"https:\\\/\\\/www.urjc2030.es\\\/ud\\\/#\\\/schema\\\/person\\\/5bca1e3d54fd0f6646257e7650ff6c1e\"},\"headline\":\"Narrativas intersex. Visibilizar, imaginar y transformar\",\"datePublished\":\"2025-09-29T08:27:25+00:00\",\"dateModified\":\"2026-03-09T08:39:02+00:00\",\"mainEntityOfPage\":{\"@id\":\"https:\\\/\\\/www.urjc2030.es\\\/ud\\\/narrativas-intersex-visibilizar-imaginar-y-transformar\\\/\"},\"wordCount\":154,\"image\":{\"@id\":\"https:\\\/\\\/www.urjc2030.es\\\/ud\\\/narrativas-intersex-visibilizar-imaginar-y-transformar\\\/#primaryimage\"},\"thumbnailUrl\":\"https:\\\/\\\/www.urjc2030.es\\\/ud\\\/wp-content\\\/uploads\\\/sites\\\/13\\\/2025\\\/09\\\/narrativas-intersex.webp\",\"articleSection\":[\"2025\",\"Agenda\",\"Octubre 2025\"],\"inLanguage\":\"es\"},{\"@type\":\"WebPage\",\"@id\":\"https:\\\/\\\/www.urjc2030.es\\\/ud\\\/narrativas-intersex-visibilizar-imaginar-y-transformar\\\/\",\"url\":\"https:\\\/\\\/www.urjc2030.es\\\/ud\\\/narrativas-intersex-visibilizar-imaginar-y-transformar\\\/\",\"name\":\"Narrativas intersex. Visibilizar, imaginar y transformar - Unidad de Diversidad\",\"isPartOf\":{\"@id\":\"https:\\\/\\\/www.urjc2030.es\\\/ud\\\/#website\"},\"primaryImageOfPage\":{\"@id\":\"https:\\\/\\\/www.urjc2030.es\\\/ud\\\/narrativas-intersex-visibilizar-imaginar-y-transformar\\\/#primaryimage\"},\"image\":{\"@id\":\"https:\\\/\\\/www.urjc2030.es\\\/ud\\\/narrativas-intersex-visibilizar-imaginar-y-transformar\\\/#primaryimage\"},\"thumbnailUrl\":\"https:\\\/\\\/www.urjc2030.es\\\/ud\\\/wp-content\\\/uploads\\\/sites\\\/13\\\/2025\\\/09\\\/narrativas-intersex.webp\",\"datePublished\":\"2025-09-29T08:27:25+00:00\",\"dateModified\":\"2026-03-09T08:39:02+00:00\",\"author\":{\"@id\":\"https:\\\/\\\/www.urjc2030.es\\\/ud\\\/#\\\/schema\\\/person\\\/5bca1e3d54fd0f6646257e7650ff6c1e\"},\"breadcrumb\":{\"@id\":\"https:\\\/\\\/www.urjc2030.es\\\/ud\\\/narrativas-intersex-visibilizar-imaginar-y-transformar\\\/#breadcrumb\"},\"inLanguage\":\"es\",\"potentialAction\":[{\"@type\":\"ReadAction\",\"target\":[\"https:\\\/\\\/www.urjc2030.es\\\/ud\\\/narrativas-intersex-visibilizar-imaginar-y-transformar\\\/\"]}]},{\"@type\":\"ImageObject\",\"inLanguage\":\"es\",\"@id\":\"https:\\\/\\\/www.urjc2030.es\\\/ud\\\/narrativas-intersex-visibilizar-imaginar-y-transformar\\\/#primaryimage\",\"url\":\"https:\\\/\\\/www.urjc2030.es\\\/ud\\\/wp-content\\\/uploads\\\/sites\\\/13\\\/2025\\\/09\\\/narrativas-intersex.webp\",\"contentUrl\":\"https:\\\/\\\/www.urjc2030.es\\\/ud\\\/wp-content\\\/uploads\\\/sites\\\/13\\\/2025\\\/09\\\/narrativas-intersex.webp\",\"width\":460,\"height\":200},{\"@type\":\"BreadcrumbList\",\"@id\":\"https:\\\/\\\/www.urjc2030.es\\\/ud\\\/narrativas-intersex-visibilizar-imaginar-y-transformar\\\/#breadcrumb\",\"itemListElement\":[{\"@type\":\"ListItem\",\"position\":1,\"name\":\"Portada\",\"item\":\"https:\\\/\\\/www.urjc2030.es\\\/ud\\\/\"},{\"@type\":\"ListItem\",\"position\":2,\"name\":\"Narrativas intersex. Visibilizar, imaginar y transformar\"}]},{\"@type\":\"WebSite\",\"@id\":\"https:\\\/\\\/www.urjc2030.es\\\/ud\\\/#website\",\"url\":\"https:\\\/\\\/www.urjc2030.es\\\/ud\\\/\",\"name\":\"Unidad de Diversidad\",\"description\":\"Trabajar de manera interseccional con toda la comunidad universitaria todo lo que respecta a la diversidad LGBTIAQ+, \u00e9tnico-cultural y afines.\",\"potentialAction\":[{\"@type\":\"SearchAction\",\"target\":{\"@type\":\"EntryPoint\",\"urlTemplate\":\"https:\\\/\\\/www.urjc2030.es\\\/ud\\\/?s={search_term_string}\"},\"query-input\":{\"@type\":\"PropertyValueSpecification\",\"valueRequired\":true,\"valueName\":\"search_term_string\"}}],\"inLanguage\":\"es\"},{\"@type\":\"Person\",\"@id\":\"https:\\\/\\\/www.urjc2030.es\\\/ud\\\/#\\\/schema\\\/person\\\/5bca1e3d54fd0f6646257e7650ff6c1e\",\"name\":\"Rebeca\",\"image\":{\"@type\":\"ImageObject\",\"inLanguage\":\"es\",\"@id\":\"https:\\\/\\\/secure.gravatar.com\\\/avatar\\\/067ab19aa4e1cb582d952cf91ff4bcaf68f01cd66cbce7a3d69e3ee1093984f6?s=96&d=mm&r=g\",\"url\":\"https:\\\/\\\/secure.gravatar.com\\\/avatar\\\/067ab19aa4e1cb582d952cf91ff4bcaf68f01cd66cbce7a3d69e3ee1093984f6?s=96&d=mm&r=g\",\"contentUrl\":\"https:\\\/\\\/secure.gravatar.com\\\/avatar\\\/067ab19aa4e1cb582d952cf91ff4bcaf68f01cd66cbce7a3d69e3ee1093984f6?s=96&d=mm&r=g\",\"caption\":\"Rebeca\"},\"sameAs\":[\"https:\\\/\\\/www.urjc2030.es\"],\"url\":\"https:\\\/\\\/www.urjc2030.es\\\/ud\\\/author\\\/rebeca\\\/\"}]}<\/script>\n<!-- \/ Yoast SEO plugin. -->","yoast_head_json":{"title":"Narrativas intersex. Visibilizar, imaginar y transformar - Unidad de Diversidad","robots":{"index":"index","follow":"follow","max-snippet":"max-snippet:-1","max-image-preview":"max-image-preview:large","max-video-preview":"max-video-preview:-1"},"canonical":"https:\/\/www.urjc2030.es\/ud\/narrativas-intersex-visibilizar-imaginar-y-transformar\/","og_locale":"es_ES","og_type":"article","og_title":"Narrativas intersex. Visibilizar, imaginar y transformar - Unidad de Diversidad","og_description":"28-10-2025 15:00 Aulario II, Aula 105, URJC, Alcorc\u00f3n","og_url":"https:\/\/www.urjc2030.es\/ud\/narrativas-intersex-visibilizar-imaginar-y-transformar\/","og_site_name":"Unidad de Diversidad","article_published_time":"2025-09-29T08:27:25+00:00","article_modified_time":"2026-03-09T08:39:02+00:00","og_image":[{"width":460,"height":200,"url":"https:\/\/www.urjc2030.es\/ud\/wp-content\/uploads\/sites\/13\/2025\/09\/narrativas-intersex.webp","type":"image\/webp"}],"author":"Rebeca","twitter_card":"summary_large_image","twitter_misc":{"Escrito por":"Rebeca","Tiempo de lectura":"2 minutos"},"schema":{"@context":"https:\/\/schema.org","@graph":[{"@type":"Article","@id":"https:\/\/www.urjc2030.es\/ud\/narrativas-intersex-visibilizar-imaginar-y-transformar\/#article","isPartOf":{"@id":"https:\/\/www.urjc2030.es\/ud\/narrativas-intersex-visibilizar-imaginar-y-transformar\/"},"author":{"name":"Rebeca","@id":"https:\/\/www.urjc2030.es\/ud\/#\/schema\/person\/5bca1e3d54fd0f6646257e7650ff6c1e"},"headline":"Narrativas intersex. Visibilizar, imaginar y transformar","datePublished":"2025-09-29T08:27:25+00:00","dateModified":"2026-03-09T08:39:02+00:00","mainEntityOfPage":{"@id":"https:\/\/www.urjc2030.es\/ud\/narrativas-intersex-visibilizar-imaginar-y-transformar\/"},"wordCount":154,"image":{"@id":"https:\/\/www.urjc2030.es\/ud\/narrativas-intersex-visibilizar-imaginar-y-transformar\/#primaryimage"},"thumbnailUrl":"https:\/\/www.urjc2030.es\/ud\/wp-content\/uploads\/sites\/13\/2025\/09\/narrativas-intersex.webp","articleSection":["2025","Agenda","Octubre 2025"],"inLanguage":"es"},{"@type":"WebPage","@id":"https:\/\/www.urjc2030.es\/ud\/narrativas-intersex-visibilizar-imaginar-y-transformar\/","url":"https:\/\/www.urjc2030.es\/ud\/narrativas-intersex-visibilizar-imaginar-y-transformar\/","name":"Narrativas intersex. Visibilizar, imaginar y transformar - Unidad de Diversidad","isPartOf":{"@id":"https:\/\/www.urjc2030.es\/ud\/#website"},"primaryImageOfPage":{"@id":"https:\/\/www.urjc2030.es\/ud\/narrativas-intersex-visibilizar-imaginar-y-transformar\/#primaryimage"},"image":{"@id":"https:\/\/www.urjc2030.es\/ud\/narrativas-intersex-visibilizar-imaginar-y-transformar\/#primaryimage"},"thumbnailUrl":"https:\/\/www.urjc2030.es\/ud\/wp-content\/uploads\/sites\/13\/2025\/09\/narrativas-intersex.webp","datePublished":"2025-09-29T08:27:25+00:00","dateModified":"2026-03-09T08:39:02+00:00","author":{"@id":"https:\/\/www.urjc2030.es\/ud\/#\/schema\/person\/5bca1e3d54fd0f6646257e7650ff6c1e"},"breadcrumb":{"@id":"https:\/\/www.urjc2030.es\/ud\/narrativas-intersex-visibilizar-imaginar-y-transformar\/#breadcrumb"},"inLanguage":"es","potentialAction":[{"@type":"ReadAction","target":["https:\/\/www.urjc2030.es\/ud\/narrativas-intersex-visibilizar-imaginar-y-transformar\/"]}]},{"@type":"ImageObject","inLanguage":"es","@id":"https:\/\/www.urjc2030.es\/ud\/narrativas-intersex-visibilizar-imaginar-y-transformar\/#primaryimage","url":"https:\/\/www.urjc2030.es\/ud\/wp-content\/uploads\/sites\/13\/2025\/09\/narrativas-intersex.webp","contentUrl":"https:\/\/www.urjc2030.es\/ud\/wp-content\/uploads\/sites\/13\/2025\/09\/narrativas-intersex.webp","width":460,"height":200},{"@type":"BreadcrumbList","@id":"https:\/\/www.urjc2030.es\/ud\/narrativas-intersex-visibilizar-imaginar-y-transformar\/#breadcrumb","itemListElement":[{"@type":"ListItem","position":1,"name":"Portada","item":"https:\/\/www.urjc2030.es\/ud\/"},{"@type":"ListItem","position":2,"name":"Narrativas intersex. Visibilizar, imaginar y transformar"}]},{"@type":"WebSite","@id":"https:\/\/www.urjc2030.es\/ud\/#website","url":"https:\/\/www.urjc2030.es\/ud\/","name":"Unidad de Diversidad","description":"Trabajar de manera interseccional con toda la comunidad universitaria todo lo que respecta a la diversidad LGBTIAQ+, \u00e9tnico-cultural y afines.","potentialAction":[{"@type":"SearchAction","target":{"@type":"EntryPoint","urlTemplate":"https:\/\/www.urjc2030.es\/ud\/?s={search_term_string}"},"query-input":{"@type":"PropertyValueSpecification","valueRequired":true,"valueName":"search_term_string"}}],"inLanguage":"es"},{"@type":"Person","@id":"https:\/\/www.urjc2030.es\/ud\/#\/schema\/person\/5bca1e3d54fd0f6646257e7650ff6c1e","name":"Rebeca","image":{"@type":"ImageObject","inLanguage":"es","@id":"https:\/\/secure.gravatar.com\/avatar\/067ab19aa4e1cb582d952cf91ff4bcaf68f01cd66cbce7a3d69e3ee1093984f6?s=96&d=mm&r=g","url":"https:\/\/secure.gravatar.com\/avatar\/067ab19aa4e1cb582d952cf91ff4bcaf68f01cd66cbce7a3d69e3ee1093984f6?s=96&d=mm&r=g","contentUrl":"https:\/\/secure.gravatar.com\/avatar\/067ab19aa4e1cb582d952cf91ff4bcaf68f01cd66cbce7a3d69e3ee1093984f6?s=96&d=mm&r=g","caption":"Rebeca"},"sameAs":["https:\/\/www.urjc2030.es"],"url":"https:\/\/www.urjc2030.es\/ud\/author\/rebeca\/"}]}},"_links":{"self":[{"href":"https:\/\/www.urjc2030.es\/ud\/wp-json\/wp\/v2\/posts\/1462","targetHints":{"allow":["GET"]}}],"collection":[{"href":"https:\/\/www.urjc2030.es\/ud\/wp-json\/wp\/v2\/posts"}],"about":[{"href":"https:\/\/www.urjc2030.es\/ud\/wp-json\/wp\/v2\/types\/post"}],"author":[{"embeddable":true,"href":"https:\/\/www.urjc2030.es\/ud\/wp-json\/wp\/v2\/users\/1"}],"replies":[{"embeddable":true,"href":"https:\/\/www.urjc2030.es\/ud\/wp-json\/wp\/v2\/comments?post=1462"}],"version-history":[{"count":3,"href":"https:\/\/www.urjc2030.es\/ud\/wp-json\/wp\/v2\/posts\/1462\/revisions"}],"predecessor-version":[{"id":1479,"href":"https:\/\/www.urjc2030.es\/ud\/wp-json\/wp\/v2\/posts\/1462\/revisions\/1479"}],"wp:featuredmedia":[{"embeddable":true,"href":"https:\/\/www.urjc2030.es\/ud\/wp-json\/wp\/v2\/media\/1458"}],"wp:attachment":[{"href":"https:\/\/www.urjc2030.es\/ud\/wp-json\/wp\/v2\/media?parent=1462"}],"wp:term":[{"taxonomy":"category","embeddable":true,"href":"https:\/\/www.urjc2030.es\/ud\/wp-json\/wp\/v2\/categories?post=1462"},{"taxonomy":"post_tag","embeddable":true,"href":"https:\/\/www.urjc2030.es\/ud\/wp-json\/wp\/v2\/tags?post=1462"}],"curies":[{"name":"wp","href":"https:\/\/api.w.org\/{rel}","templated":true}]}}