{"id":1464,"date":"2025-09-29T10:29:00","date_gmt":"2025-09-29T08:29:00","guid":{"rendered":"https:\/\/www.urjc2030.es\/ud\/?p=1464"},"modified":"2026-03-09T09:39:02","modified_gmt":"2026-03-09T08:39:02","slug":"mujeres-que-inspiran-historias-de-diversidad-y-valentia","status":"publish","type":"post","link":"https:\/\/www.urjc2030.es\/ud\/mujeres-que-inspiran-historias-de-diversidad-y-valentia\/","title":{"rendered":"Mujeres que inspiran: Historias de diversidad y valent\u00eda"},"content":{"rendered":"<h3>21-11-2025 20:00<br \/>\n<img loading=\"lazy\" decoding=\"async\" class=\"wp-image-1474 size-full alignright\" src=\"https:\/\/www.urjc2030.es\/ud\/wp-content\/uploads\/sites\/13\/2025\/09\/mujeres-que-inspiran-1.webp\" alt=\"Mujeres que inspiran: Historias de diversidad y valent\u00eda\" width=\"460\" height=\"200\" srcset=\"https:\/\/www.urjc2030.es\/ud\/wp-content\/uploads\/sites\/13\/2025\/09\/mujeres-que-inspiran-1.webp 460w, https:\/\/www.urjc2030.es\/ud\/wp-content\/uploads\/sites\/13\/2025\/09\/mujeres-que-inspiran-1-300x130.webp 300w\" sizes=\"(max-width: 460px) 100vw, 460px\" \/><\/h3>\n<h4 class=\"event_location\">C\/ de Loreto y Chicote, 9, Madrid, Espa\u00f1a<\/h4>\n<p class=\"event_organizer\"><strong>Organizado por\u00a0<span class=\"organizer\">Unidad de Diversidad<\/span><\/strong><\/p>\n<p data-end=\"505\" data-start=\"278\">La ciudad de Madrid esconde en sus rincones historias por conocer. Muchas fueron protagonizadas por mujeres y nos encantar\u00eda cont\u00e1rtelas.<br data-end=\"436\" data-start=\"433\" \/>\u00bfQui\u00e9nes fueron? \u00bfQu\u00e9 hicieron? \u00bfPor qu\u00e9 nunca nos hablaron de ellas?<\/p>\n<p data-end=\"908\" data-start=\"507\">Durante este paseo, que se inicia en\u00a0<strong data-end=\"608\" data-start=\"544\">c\/ de Loreto y Chicote, 9 (Puerta de Microteatro por Dinero)<\/strong>\u00a0y recorre el\u00a0<strong data-end=\"644\" data-start=\"622\">barrio de Malasa\u00f1a<\/strong>, conocer\u00e1s, entre otras, las vidas de\u00a0<strong data-end=\"703\" data-start=\"683\">Carmen de Burgos<\/strong>,\u00a0<strong data-end=\"720\" data-start=\"705\">Rosa Chacel<\/strong>\u00a0o\u00a0<strong data-end=\"739\" data-start=\"723\">Loreto Prado<\/strong>. Todas ellas mujeres\u00a0<strong data-end=\"788\" data-start=\"761\">valientes e innovadoras<\/strong>, cuyas trayectorias abrieron caminos de\u00a0<strong data-end=\"862\" data-start=\"829\">diversidad sexual y de g\u00e9nero<\/strong>, de libertad creativa y de compromiso social.<\/p>\n<p data-end=\"1205\" data-start=\"910\">Caminar\u00e1s por las mismas calles que transitaron en los siglos XIX y XX, descubriendo sus pasos y las huellas que dejaron en el Madrid de hoy.<br data-end=\"1054\" data-start=\"1051\" \/>Dicen que algunos de estos personajes\u00a0<strong data-end=\"1111\" data-start=\"1092\">siguen paseando<\/strong>\u00a0por nuestra ciudad\u2026 \u00a1a estar atentos! No ser\u00e1 extra\u00f1o que te sorprendan durante el recorrido.<\/p>\n<p data-end=\"1379\" data-start=\"1207\">Esta ruta invita a\u00a0<strong data-end=\"1265\" data-start=\"1226\">emocionarte caminando junto a ellas<\/strong>, a reconocer su legado y a imaginar una ciudad donde todas las formas de amar, de ser y de crear tienen un lugar.<\/p>\n<div><span class=\"marker\"><b>Si eres estudiante de la URJC cada participaci\u00f3n estar\u00e1 reconocida con\u00a00,1\u00a0cr\u00e9ditos RAC.\u00a0<\/b><strong>Para dicho reconocimiento ser\u00e1 necesario rellenar la actividad de evaluaci\u00f3n en el plazo de 72 horas tras cada uno de los eventos.<\/strong><\/span><\/div>\n<p><a href=\"https:\/\/eventos.urjc.es\/140935\/detail\/mujeres-que-inspiran-historias-de-diversidad-y-valentia.html\" target=\"_blank\" rel=\"noopener\"><b><u>M\u00e1s informaci\u00f3n e inscripci\u00f3n<\/u><\/b><\/a><\/p>\n<p>&nbsp;<\/p>\n","protected":false},"excerpt":{"rendered":"<p><strong>21-11-2025 20:00<\/strong><br \/>\nC\/ de Loreto y Chicote, 9, Madrid, Espa\u00f1a<\/p>\n","protected":false},"author":1,"featured_media":1474,"comment_status":"closed","ping_status":"open","sticky":false,"template":"","format":"standard","meta":{"_et_pb_use_builder":"","_et_pb_old_content":"","_et_gb_content_width":"","cybocfi_hide_featured_image":"","footnotes":""},"categories":[33,2,44],"tags":[],"class_list":["post-1464","post","type-post","status-publish","format-standard","has-post-thumbnail","hentry","category-33","category-agenda","category-noviembre-2025"],"yoast_head":"<!-- This site is optimized with the Yoast SEO plugin v27.5 - https:\/\/yoast.com\/product\/yoast-seo-wordpress\/ -->\n<title>Mujeres que inspiran: Historias de diversidad y valent\u00eda - Unidad de Diversidad<\/title>\n<meta name=\"robots\" content=\"index, follow, max-snippet:-1, max-image-preview:large, max-video-preview:-1\" \/>\n<link rel=\"canonical\" href=\"https:\/\/www.urjc2030.es\/ud\/mujeres-que-inspiran-historias-de-diversidad-y-valentia\/\" \/>\n<meta property=\"og:locale\" content=\"es_ES\" \/>\n<meta property=\"og:type\" content=\"article\" \/>\n<meta property=\"og:title\" content=\"Mujeres que inspiran: Historias de diversidad y valent\u00eda - Unidad de Diversidad\" \/>\n<meta property=\"og:description\" content=\"21-11-2025 20:00 C\/ de Loreto y Chicote, 9, Madrid, Espa\u00f1a\" \/>\n<meta property=\"og:url\" content=\"https:\/\/www.urjc2030.es\/ud\/mujeres-que-inspiran-historias-de-diversidad-y-valentia\/\" \/>\n<meta property=\"og:site_name\" content=\"Unidad de Diversidad\" \/>\n<meta property=\"article:published_time\" content=\"2025-09-29T08:29:00+00:00\" \/>\n<meta property=\"article:modified_time\" content=\"2026-03-09T08:39:02+00:00\" \/>\n<meta property=\"og:image\" content=\"https:\/\/www.urjc2030.es\/ud\/wp-content\/uploads\/sites\/13\/2025\/09\/mujeres-que-inspiran-1.webp\" \/>\n\t<meta property=\"og:image:width\" content=\"460\" \/>\n\t<meta property=\"og:image:height\" content=\"200\" \/>\n\t<meta property=\"og:image:type\" content=\"image\/webp\" \/>\n<meta name=\"author\" content=\"Rebeca\" \/>\n<meta name=\"twitter:card\" content=\"summary_large_image\" \/>\n<meta name=\"twitter:label1\" content=\"Escrito por\" \/>\n\t<meta name=\"twitter:data1\" content=\"Rebeca\" \/>\n\t<meta name=\"twitter:label2\" content=\"Tiempo de lectura\" \/>\n\t<meta name=\"twitter:data2\" content=\"2 minutos\" \/>\n<script type=\"application\/ld+json\" class=\"yoast-schema-graph\">{\"@context\":\"https:\\\/\\\/schema.org\",\"@graph\":[{\"@type\":\"Article\",\"@id\":\"https:\\\/\\\/www.urjc2030.es\\\/ud\\\/mujeres-que-inspiran-historias-de-diversidad-y-valentia\\\/#article\",\"isPartOf\":{\"@id\":\"https:\\\/\\\/www.urjc2030.es\\\/ud\\\/mujeres-que-inspiran-historias-de-diversidad-y-valentia\\\/\"},\"author\":{\"name\":\"Rebeca\",\"@id\":\"https:\\\/\\\/www.urjc2030.es\\\/ud\\\/#\\\/schema\\\/person\\\/5bca1e3d54fd0f6646257e7650ff6c1e\"},\"headline\":\"Mujeres que inspiran: Historias de diversidad y valent\u00eda\",\"datePublished\":\"2025-09-29T08:29:00+00:00\",\"dateModified\":\"2026-03-09T08:39:02+00:00\",\"mainEntityOfPage\":{\"@id\":\"https:\\\/\\\/www.urjc2030.es\\\/ud\\\/mujeres-que-inspiran-historias-de-diversidad-y-valentia\\\/\"},\"wordCount\":249,\"image\":{\"@id\":\"https:\\\/\\\/www.urjc2030.es\\\/ud\\\/mujeres-que-inspiran-historias-de-diversidad-y-valentia\\\/#primaryimage\"},\"thumbnailUrl\":\"https:\\\/\\\/www.urjc2030.es\\\/ud\\\/wp-content\\\/uploads\\\/sites\\\/13\\\/2025\\\/09\\\/mujeres-que-inspiran-1.webp\",\"articleSection\":[\"2025\",\"Agenda\",\"Noviembre 2025\"],\"inLanguage\":\"es\"},{\"@type\":\"WebPage\",\"@id\":\"https:\\\/\\\/www.urjc2030.es\\\/ud\\\/mujeres-que-inspiran-historias-de-diversidad-y-valentia\\\/\",\"url\":\"https:\\\/\\\/www.urjc2030.es\\\/ud\\\/mujeres-que-inspiran-historias-de-diversidad-y-valentia\\\/\",\"name\":\"Mujeres que inspiran: Historias de diversidad y valent\u00eda - Unidad de Diversidad\",\"isPartOf\":{\"@id\":\"https:\\\/\\\/www.urjc2030.es\\\/ud\\\/#website\"},\"primaryImageOfPage\":{\"@id\":\"https:\\\/\\\/www.urjc2030.es\\\/ud\\\/mujeres-que-inspiran-historias-de-diversidad-y-valentia\\\/#primaryimage\"},\"image\":{\"@id\":\"https:\\\/\\\/www.urjc2030.es\\\/ud\\\/mujeres-que-inspiran-historias-de-diversidad-y-valentia\\\/#primaryimage\"},\"thumbnailUrl\":\"https:\\\/\\\/www.urjc2030.es\\\/ud\\\/wp-content\\\/uploads\\\/sites\\\/13\\\/2025\\\/09\\\/mujeres-que-inspiran-1.webp\",\"datePublished\":\"2025-09-29T08:29:00+00:00\",\"dateModified\":\"2026-03-09T08:39:02+00:00\",\"author\":{\"@id\":\"https:\\\/\\\/www.urjc2030.es\\\/ud\\\/#\\\/schema\\\/person\\\/5bca1e3d54fd0f6646257e7650ff6c1e\"},\"breadcrumb\":{\"@id\":\"https:\\\/\\\/www.urjc2030.es\\\/ud\\\/mujeres-que-inspiran-historias-de-diversidad-y-valentia\\\/#breadcrumb\"},\"inLanguage\":\"es\",\"potentialAction\":[{\"@type\":\"ReadAction\",\"target\":[\"https:\\\/\\\/www.urjc2030.es\\\/ud\\\/mujeres-que-inspiran-historias-de-diversidad-y-valentia\\\/\"]}]},{\"@type\":\"ImageObject\",\"inLanguage\":\"es\",\"@id\":\"https:\\\/\\\/www.urjc2030.es\\\/ud\\\/mujeres-que-inspiran-historias-de-diversidad-y-valentia\\\/#primaryimage\",\"url\":\"https:\\\/\\\/www.urjc2030.es\\\/ud\\\/wp-content\\\/uploads\\\/sites\\\/13\\\/2025\\\/09\\\/mujeres-que-inspiran-1.webp\",\"contentUrl\":\"https:\\\/\\\/www.urjc2030.es\\\/ud\\\/wp-content\\\/uploads\\\/sites\\\/13\\\/2025\\\/09\\\/mujeres-que-inspiran-1.webp\",\"width\":460,\"height\":200,\"caption\":\"Mujeres que inspiran: Historias de diversidad y valent\u00eda\"},{\"@type\":\"BreadcrumbList\",\"@id\":\"https:\\\/\\\/www.urjc2030.es\\\/ud\\\/mujeres-que-inspiran-historias-de-diversidad-y-valentia\\\/#breadcrumb\",\"itemListElement\":[{\"@type\":\"ListItem\",\"position\":1,\"name\":\"Portada\",\"item\":\"https:\\\/\\\/www.urjc2030.es\\\/ud\\\/\"},{\"@type\":\"ListItem\",\"position\":2,\"name\":\"Mujeres que inspiran: Historias de diversidad y valent\u00eda\"}]},{\"@type\":\"WebSite\",\"@id\":\"https:\\\/\\\/www.urjc2030.es\\\/ud\\\/#website\",\"url\":\"https:\\\/\\\/www.urjc2030.es\\\/ud\\\/\",\"name\":\"Unidad de Diversidad\",\"description\":\"Trabajar de manera interseccional con toda la comunidad universitaria todo lo que respecta a la diversidad LGBTIAQ+, \u00e9tnico-cultural y afines.\",\"potentialAction\":[{\"@type\":\"SearchAction\",\"target\":{\"@type\":\"EntryPoint\",\"urlTemplate\":\"https:\\\/\\\/www.urjc2030.es\\\/ud\\\/?s={search_term_string}\"},\"query-input\":{\"@type\":\"PropertyValueSpecification\",\"valueRequired\":true,\"valueName\":\"search_term_string\"}}],\"inLanguage\":\"es\"},{\"@type\":\"Person\",\"@id\":\"https:\\\/\\\/www.urjc2030.es\\\/ud\\\/#\\\/schema\\\/person\\\/5bca1e3d54fd0f6646257e7650ff6c1e\",\"name\":\"Rebeca\",\"image\":{\"@type\":\"ImageObject\",\"inLanguage\":\"es\",\"@id\":\"https:\\\/\\\/secure.gravatar.com\\\/avatar\\\/067ab19aa4e1cb582d952cf91ff4bcaf68f01cd66cbce7a3d69e3ee1093984f6?s=96&d=mm&r=g\",\"url\":\"https:\\\/\\\/secure.gravatar.com\\\/avatar\\\/067ab19aa4e1cb582d952cf91ff4bcaf68f01cd66cbce7a3d69e3ee1093984f6?s=96&d=mm&r=g\",\"contentUrl\":\"https:\\\/\\\/secure.gravatar.com\\\/avatar\\\/067ab19aa4e1cb582d952cf91ff4bcaf68f01cd66cbce7a3d69e3ee1093984f6?s=96&d=mm&r=g\",\"caption\":\"Rebeca\"},\"sameAs\":[\"https:\\\/\\\/www.urjc2030.es\"],\"url\":\"https:\\\/\\\/www.urjc2030.es\\\/ud\\\/author\\\/rebeca\\\/\"}]}<\/script>\n<!-- \/ Yoast SEO plugin. -->","yoast_head_json":{"title":"Mujeres que inspiran: Historias de diversidad y valent\u00eda - Unidad de Diversidad","robots":{"index":"index","follow":"follow","max-snippet":"max-snippet:-1","max-image-preview":"max-image-preview:large","max-video-preview":"max-video-preview:-1"},"canonical":"https:\/\/www.urjc2030.es\/ud\/mujeres-que-inspiran-historias-de-diversidad-y-valentia\/","og_locale":"es_ES","og_type":"article","og_title":"Mujeres que inspiran: Historias de diversidad y valent\u00eda - Unidad de Diversidad","og_description":"21-11-2025 20:00 C\/ de Loreto y Chicote, 9, Madrid, Espa\u00f1a","og_url":"https:\/\/www.urjc2030.es\/ud\/mujeres-que-inspiran-historias-de-diversidad-y-valentia\/","og_site_name":"Unidad de Diversidad","article_published_time":"2025-09-29T08:29:00+00:00","article_modified_time":"2026-03-09T08:39:02+00:00","og_image":[{"width":460,"height":200,"url":"https:\/\/www.urjc2030.es\/ud\/wp-content\/uploads\/sites\/13\/2025\/09\/mujeres-que-inspiran-1.webp","type":"image\/webp"}],"author":"Rebeca","twitter_card":"summary_large_image","twitter_misc":{"Escrito por":"Rebeca","Tiempo de lectura":"2 minutos"},"schema":{"@context":"https:\/\/schema.org","@graph":[{"@type":"Article","@id":"https:\/\/www.urjc2030.es\/ud\/mujeres-que-inspiran-historias-de-diversidad-y-valentia\/#article","isPartOf":{"@id":"https:\/\/www.urjc2030.es\/ud\/mujeres-que-inspiran-historias-de-diversidad-y-valentia\/"},"author":{"name":"Rebeca","@id":"https:\/\/www.urjc2030.es\/ud\/#\/schema\/person\/5bca1e3d54fd0f6646257e7650ff6c1e"},"headline":"Mujeres que inspiran: Historias de diversidad y valent\u00eda","datePublished":"2025-09-29T08:29:00+00:00","dateModified":"2026-03-09T08:39:02+00:00","mainEntityOfPage":{"@id":"https:\/\/www.urjc2030.es\/ud\/mujeres-que-inspiran-historias-de-diversidad-y-valentia\/"},"wordCount":249,"image":{"@id":"https:\/\/www.urjc2030.es\/ud\/mujeres-que-inspiran-historias-de-diversidad-y-valentia\/#primaryimage"},"thumbnailUrl":"https:\/\/www.urjc2030.es\/ud\/wp-content\/uploads\/sites\/13\/2025\/09\/mujeres-que-inspiran-1.webp","articleSection":["2025","Agenda","Noviembre 2025"],"inLanguage":"es"},{"@type":"WebPage","@id":"https:\/\/www.urjc2030.es\/ud\/mujeres-que-inspiran-historias-de-diversidad-y-valentia\/","url":"https:\/\/www.urjc2030.es\/ud\/mujeres-que-inspiran-historias-de-diversidad-y-valentia\/","name":"Mujeres que inspiran: Historias de diversidad y valent\u00eda - Unidad de Diversidad","isPartOf":{"@id":"https:\/\/www.urjc2030.es\/ud\/#website"},"primaryImageOfPage":{"@id":"https:\/\/www.urjc2030.es\/ud\/mujeres-que-inspiran-historias-de-diversidad-y-valentia\/#primaryimage"},"image":{"@id":"https:\/\/www.urjc2030.es\/ud\/mujeres-que-inspiran-historias-de-diversidad-y-valentia\/#primaryimage"},"thumbnailUrl":"https:\/\/www.urjc2030.es\/ud\/wp-content\/uploads\/sites\/13\/2025\/09\/mujeres-que-inspiran-1.webp","datePublished":"2025-09-29T08:29:00+00:00","dateModified":"2026-03-09T08:39:02+00:00","author":{"@id":"https:\/\/www.urjc2030.es\/ud\/#\/schema\/person\/5bca1e3d54fd0f6646257e7650ff6c1e"},"breadcrumb":{"@id":"https:\/\/www.urjc2030.es\/ud\/mujeres-que-inspiran-historias-de-diversidad-y-valentia\/#breadcrumb"},"inLanguage":"es","potentialAction":[{"@type":"ReadAction","target":["https:\/\/www.urjc2030.es\/ud\/mujeres-que-inspiran-historias-de-diversidad-y-valentia\/"]}]},{"@type":"ImageObject","inLanguage":"es","@id":"https:\/\/www.urjc2030.es\/ud\/mujeres-que-inspiran-historias-de-diversidad-y-valentia\/#primaryimage","url":"https:\/\/www.urjc2030.es\/ud\/wp-content\/uploads\/sites\/13\/2025\/09\/mujeres-que-inspiran-1.webp","contentUrl":"https:\/\/www.urjc2030.es\/ud\/wp-content\/uploads\/sites\/13\/2025\/09\/mujeres-que-inspiran-1.webp","width":460,"height":200,"caption":"Mujeres que inspiran: Historias de diversidad y valent\u00eda"},{"@type":"BreadcrumbList","@id":"https:\/\/www.urjc2030.es\/ud\/mujeres-que-inspiran-historias-de-diversidad-y-valentia\/#breadcrumb","itemListElement":[{"@type":"ListItem","position":1,"name":"Portada","item":"https:\/\/www.urjc2030.es\/ud\/"},{"@type":"ListItem","position":2,"name":"Mujeres que inspiran: Historias de diversidad y valent\u00eda"}]},{"@type":"WebSite","@id":"https:\/\/www.urjc2030.es\/ud\/#website","url":"https:\/\/www.urjc2030.es\/ud\/","name":"Unidad de Diversidad","description":"Trabajar de manera interseccional con toda la comunidad universitaria todo lo que respecta a la diversidad LGBTIAQ+, \u00e9tnico-cultural y afines.","potentialAction":[{"@type":"SearchAction","target":{"@type":"EntryPoint","urlTemplate":"https:\/\/www.urjc2030.es\/ud\/?s={search_term_string}"},"query-input":{"@type":"PropertyValueSpecification","valueRequired":true,"valueName":"search_term_string"}}],"inLanguage":"es"},{"@type":"Person","@id":"https:\/\/www.urjc2030.es\/ud\/#\/schema\/person\/5bca1e3d54fd0f6646257e7650ff6c1e","name":"Rebeca","image":{"@type":"ImageObject","inLanguage":"es","@id":"https:\/\/secure.gravatar.com\/avatar\/067ab19aa4e1cb582d952cf91ff4bcaf68f01cd66cbce7a3d69e3ee1093984f6?s=96&d=mm&r=g","url":"https:\/\/secure.gravatar.com\/avatar\/067ab19aa4e1cb582d952cf91ff4bcaf68f01cd66cbce7a3d69e3ee1093984f6?s=96&d=mm&r=g","contentUrl":"https:\/\/secure.gravatar.com\/avatar\/067ab19aa4e1cb582d952cf91ff4bcaf68f01cd66cbce7a3d69e3ee1093984f6?s=96&d=mm&r=g","caption":"Rebeca"},"sameAs":["https:\/\/www.urjc2030.es"],"url":"https:\/\/www.urjc2030.es\/ud\/author\/rebeca\/"}]}},"_links":{"self":[{"href":"https:\/\/www.urjc2030.es\/ud\/wp-json\/wp\/v2\/posts\/1464","targetHints":{"allow":["GET"]}}],"collection":[{"href":"https:\/\/www.urjc2030.es\/ud\/wp-json\/wp\/v2\/posts"}],"about":[{"href":"https:\/\/www.urjc2030.es\/ud\/wp-json\/wp\/v2\/types\/post"}],"author":[{"embeddable":true,"href":"https:\/\/www.urjc2030.es\/ud\/wp-json\/wp\/v2\/users\/1"}],"replies":[{"embeddable":true,"href":"https:\/\/www.urjc2030.es\/ud\/wp-json\/wp\/v2\/comments?post=1464"}],"version-history":[{"count":6,"href":"https:\/\/www.urjc2030.es\/ud\/wp-json\/wp\/v2\/posts\/1464\/revisions"}],"predecessor-version":[{"id":1478,"href":"https:\/\/www.urjc2030.es\/ud\/wp-json\/wp\/v2\/posts\/1464\/revisions\/1478"}],"wp:featuredmedia":[{"embeddable":true,"href":"https:\/\/www.urjc2030.es\/ud\/wp-json\/wp\/v2\/media\/1474"}],"wp:attachment":[{"href":"https:\/\/www.urjc2030.es\/ud\/wp-json\/wp\/v2\/media?parent=1464"}],"wp:term":[{"taxonomy":"category","embeddable":true,"href":"https:\/\/www.urjc2030.es\/ud\/wp-json\/wp\/v2\/categories?post=1464"},{"taxonomy":"post_tag","embeddable":true,"href":"https:\/\/www.urjc2030.es\/ud\/wp-json\/wp\/v2\/tags?post=1464"}],"curies":[{"name":"wp","href":"https:\/\/api.w.org\/{rel}","templated":true}]}}