{"id":1495,"date":"2025-11-21T15:38:42","date_gmt":"2025-11-21T14:38:42","guid":{"rendered":"https:\/\/www.urjc2030.es\/ud\/?p=1495"},"modified":"2026-03-09T09:39:02","modified_gmt":"2026-03-09T08:39:02","slug":"enfoque-de-genero-y-diversidad-en-el-desarrollo-del-turismo","status":"publish","type":"post","link":"https:\/\/www.urjc2030.es\/ud\/enfoque-de-genero-y-diversidad-en-el-desarrollo-del-turismo\/","title":{"rendered":"Enfoque de g\u00e9nero y diversidad en el desarrollo del turismo"},"content":{"rendered":"<p><img decoding=\"async\" class=\"wp-image-1504 size-full alignright\" src=\"https:\/\/www.urjc2030.es\/ud\/wp-content\/uploads\/sites\/13\/2025\/11\/Con-QR-definitivo-scaled-1.webp\" alt=\"Enfoque de g\u00e9nero y diversidad en el desarrollo del turismo\" width=\"400\" height=\"auto\" srcset=\"https:\/\/www.urjc2030.es\/ud\/wp-content\/uploads\/sites\/13\/2025\/11\/Con-QR-definitivo-scaled-1.webp 1811w, https:\/\/www.urjc2030.es\/ud\/wp-content\/uploads\/sites\/13\/2025\/11\/Con-QR-definitivo-scaled-1-1280x1809.webp 1280w, https:\/\/www.urjc2030.es\/ud\/wp-content\/uploads\/sites\/13\/2025\/11\/Con-QR-definitivo-scaled-1-980x1385.webp 980w, https:\/\/www.urjc2030.es\/ud\/wp-content\/uploads\/sites\/13\/2025\/11\/Con-QR-definitivo-scaled-1-480x679.webp 480w\" sizes=\"(min-width: 0px) and (max-width: 480px) 480px, (min-width: 481px) and (max-width: 980px) 980px, (min-width: 981px) and (max-width: 1280px) 1280px, (min-width: 1281px) 1811px, 100vw\" \/><\/p>\n<h3>01-12-2025 10:00<\/h3>\n<h4>Universidad Rey Juan Carlos, Campus Vic\u00e1lvaro<\/h4>\n<p><strong>Organizado por\u00a0<span class=\"organizer\">Unidad de Diversidad<\/span><\/strong><\/p>\n<p>El \u00abSeminario de investigaci\u00f3n: Enfoque de g\u00e9nero y diversidad en el desarrollo del turismo\u00bb analiza el turismo desde la perspectiva de g\u00e9nero y diversidad invitando a reflexionar las problem\u00e1ticas presentes y retos del futuro para lograr la un turismo inclusivo, diverso y sostenible; y lograr as\u00ed la consecuci\u00f3n de los Objetivos de Desarrollo Sostenible (ODS) &#8211; ODS 4, ODS 5, ODS 10, ODS 16, ODS17 &#8211;\u00a0de la Agenda 2030.<\/p>\n<p>Este Seminario de Investigaci\u00f3n forma parte de la Red de Turismo y G\u00e9nero TourGen.<\/p>\n<p>Seminario Presencial\/Online.<\/p>\n<p>Certificado de Asistencia.<\/p>\n<p><strong>Reconocimiento Acad\u00e9mico de Cr\u00e9ditos (RAC): 0.15 ECTS.<\/strong><\/p>\n<p><a href=\"https:\/\/eventos.urjc.es\/143743\/detail\/enfoque-de-genero-y-diversidad-en-el-desarrollo-del-turismo.html\" target=\"_blank\" rel=\"noopener\"><b><u>M\u00e1s informaci\u00f3n e inscripci\u00f3n<\/u><\/b><\/a><\/p>\n<p>&nbsp;<\/p>\n","protected":false},"excerpt":{"rendered":"<p><strong>01-12-2025 10:00<\/strong><br \/>\nURJC, Campus Vic\u00e1lvaro<\/p>\n","protected":false},"author":1,"featured_media":1496,"comment_status":"closed","ping_status":"open","sticky":false,"template":"","format":"standard","meta":{"_et_pb_use_builder":"","_et_pb_old_content":"","_et_gb_content_width":"","cybocfi_hide_featured_image":"","footnotes":""},"categories":[33,2,45],"tags":[],"class_list":["post-1495","post","type-post","status-publish","format-standard","has-post-thumbnail","hentry","category-33","category-agenda","category-diciembre-2025"],"yoast_head":"<!-- This site is optimized with the Yoast SEO plugin v27.5 - https:\/\/yoast.com\/product\/yoast-seo-wordpress\/ -->\n<title>Enfoque de g\u00e9nero y diversidad en el desarrollo del turismo - Unidad de Diversidad<\/title>\n<meta name=\"robots\" content=\"index, follow, max-snippet:-1, max-image-preview:large, max-video-preview:-1\" \/>\n<link rel=\"canonical\" href=\"https:\/\/www.urjc2030.es\/ud\/enfoque-de-genero-y-diversidad-en-el-desarrollo-del-turismo\/\" \/>\n<meta property=\"og:locale\" content=\"es_ES\" \/>\n<meta property=\"og:type\" content=\"article\" \/>\n<meta property=\"og:title\" content=\"Enfoque de g\u00e9nero y diversidad en el desarrollo del turismo - Unidad de Diversidad\" \/>\n<meta property=\"og:description\" content=\"01-12-2025 10:00 URJC, Campus Vic\u00e1lvaro\" \/>\n<meta property=\"og:url\" content=\"https:\/\/www.urjc2030.es\/ud\/enfoque-de-genero-y-diversidad-en-el-desarrollo-del-turismo\/\" \/>\n<meta property=\"og:site_name\" content=\"Unidad de Diversidad\" \/>\n<meta property=\"article:published_time\" content=\"2025-11-21T14:38:42+00:00\" \/>\n<meta property=\"article:modified_time\" content=\"2026-03-09T08:39:02+00:00\" \/>\n<meta property=\"og:image\" content=\"https:\/\/www.urjc2030.es\/ud\/wp-content\/uploads\/sites\/13\/2025\/11\/Enfoque-de-genero-y-diversidad-en-el-desarrollo-del-turismo.webp\" \/>\n\t<meta property=\"og:image:width\" content=\"460\" \/>\n\t<meta property=\"og:image:height\" content=\"200\" \/>\n\t<meta property=\"og:image:type\" content=\"image\/webp\" \/>\n<meta name=\"author\" content=\"Rebeca\" \/>\n<meta name=\"twitter:card\" content=\"summary_large_image\" \/>\n<meta name=\"twitter:label1\" content=\"Escrito por\" \/>\n\t<meta name=\"twitter:data1\" content=\"Rebeca\" \/>\n\t<meta name=\"twitter:label2\" content=\"Tiempo de lectura\" \/>\n\t<meta name=\"twitter:data2\" content=\"1 minuto\" \/>\n<script type=\"application\/ld+json\" class=\"yoast-schema-graph\">{\"@context\":\"https:\\\/\\\/schema.org\",\"@graph\":[{\"@type\":\"Article\",\"@id\":\"https:\\\/\\\/www.urjc2030.es\\\/ud\\\/enfoque-de-genero-y-diversidad-en-el-desarrollo-del-turismo\\\/#article\",\"isPartOf\":{\"@id\":\"https:\\\/\\\/www.urjc2030.es\\\/ud\\\/enfoque-de-genero-y-diversidad-en-el-desarrollo-del-turismo\\\/\"},\"author\":{\"name\":\"Rebeca\",\"@id\":\"https:\\\/\\\/www.urjc2030.es\\\/ud\\\/#\\\/schema\\\/person\\\/5bca1e3d54fd0f6646257e7650ff6c1e\"},\"headline\":\"Enfoque de g\u00e9nero y diversidad en el desarrollo del turismo\",\"datePublished\":\"2025-11-21T14:38:42+00:00\",\"dateModified\":\"2026-03-09T08:39:02+00:00\",\"mainEntityOfPage\":{\"@id\":\"https:\\\/\\\/www.urjc2030.es\\\/ud\\\/enfoque-de-genero-y-diversidad-en-el-desarrollo-del-turismo\\\/\"},\"wordCount\":133,\"image\":{\"@id\":\"https:\\\/\\\/www.urjc2030.es\\\/ud\\\/enfoque-de-genero-y-diversidad-en-el-desarrollo-del-turismo\\\/#primaryimage\"},\"thumbnailUrl\":\"https:\\\/\\\/www.urjc2030.es\\\/ud\\\/wp-content\\\/uploads\\\/sites\\\/13\\\/2025\\\/11\\\/Enfoque-de-genero-y-diversidad-en-el-desarrollo-del-turismo.webp\",\"articleSection\":[\"2025\",\"Agenda\",\"Diciembre 2025\"],\"inLanguage\":\"es\"},{\"@type\":\"WebPage\",\"@id\":\"https:\\\/\\\/www.urjc2030.es\\\/ud\\\/enfoque-de-genero-y-diversidad-en-el-desarrollo-del-turismo\\\/\",\"url\":\"https:\\\/\\\/www.urjc2030.es\\\/ud\\\/enfoque-de-genero-y-diversidad-en-el-desarrollo-del-turismo\\\/\",\"name\":\"Enfoque de g\u00e9nero y diversidad en el desarrollo del turismo - Unidad de Diversidad\",\"isPartOf\":{\"@id\":\"https:\\\/\\\/www.urjc2030.es\\\/ud\\\/#website\"},\"primaryImageOfPage\":{\"@id\":\"https:\\\/\\\/www.urjc2030.es\\\/ud\\\/enfoque-de-genero-y-diversidad-en-el-desarrollo-del-turismo\\\/#primaryimage\"},\"image\":{\"@id\":\"https:\\\/\\\/www.urjc2030.es\\\/ud\\\/enfoque-de-genero-y-diversidad-en-el-desarrollo-del-turismo\\\/#primaryimage\"},\"thumbnailUrl\":\"https:\\\/\\\/www.urjc2030.es\\\/ud\\\/wp-content\\\/uploads\\\/sites\\\/13\\\/2025\\\/11\\\/Enfoque-de-genero-y-diversidad-en-el-desarrollo-del-turismo.webp\",\"datePublished\":\"2025-11-21T14:38:42+00:00\",\"dateModified\":\"2026-03-09T08:39:02+00:00\",\"author\":{\"@id\":\"https:\\\/\\\/www.urjc2030.es\\\/ud\\\/#\\\/schema\\\/person\\\/5bca1e3d54fd0f6646257e7650ff6c1e\"},\"breadcrumb\":{\"@id\":\"https:\\\/\\\/www.urjc2030.es\\\/ud\\\/enfoque-de-genero-y-diversidad-en-el-desarrollo-del-turismo\\\/#breadcrumb\"},\"inLanguage\":\"es\",\"potentialAction\":[{\"@type\":\"ReadAction\",\"target\":[\"https:\\\/\\\/www.urjc2030.es\\\/ud\\\/enfoque-de-genero-y-diversidad-en-el-desarrollo-del-turismo\\\/\"]}]},{\"@type\":\"ImageObject\",\"inLanguage\":\"es\",\"@id\":\"https:\\\/\\\/www.urjc2030.es\\\/ud\\\/enfoque-de-genero-y-diversidad-en-el-desarrollo-del-turismo\\\/#primaryimage\",\"url\":\"https:\\\/\\\/www.urjc2030.es\\\/ud\\\/wp-content\\\/uploads\\\/sites\\\/13\\\/2025\\\/11\\\/Enfoque-de-genero-y-diversidad-en-el-desarrollo-del-turismo.webp\",\"contentUrl\":\"https:\\\/\\\/www.urjc2030.es\\\/ud\\\/wp-content\\\/uploads\\\/sites\\\/13\\\/2025\\\/11\\\/Enfoque-de-genero-y-diversidad-en-el-desarrollo-del-turismo.webp\",\"width\":460,\"height\":200,\"caption\":\"Enfoque de g\u00e9nero y diversidad en el desarrollo del turismo\"},{\"@type\":\"BreadcrumbList\",\"@id\":\"https:\\\/\\\/www.urjc2030.es\\\/ud\\\/enfoque-de-genero-y-diversidad-en-el-desarrollo-del-turismo\\\/#breadcrumb\",\"itemListElement\":[{\"@type\":\"ListItem\",\"position\":1,\"name\":\"Portada\",\"item\":\"https:\\\/\\\/www.urjc2030.es\\\/ud\\\/\"},{\"@type\":\"ListItem\",\"position\":2,\"name\":\"Enfoque de g\u00e9nero y diversidad en el desarrollo del turismo\"}]},{\"@type\":\"WebSite\",\"@id\":\"https:\\\/\\\/www.urjc2030.es\\\/ud\\\/#website\",\"url\":\"https:\\\/\\\/www.urjc2030.es\\\/ud\\\/\",\"name\":\"Unidad de Diversidad\",\"description\":\"Trabajar de manera interseccional con toda la comunidad universitaria todo lo que respecta a la diversidad LGBTIAQ+, \u00e9tnico-cultural y afines.\",\"potentialAction\":[{\"@type\":\"SearchAction\",\"target\":{\"@type\":\"EntryPoint\",\"urlTemplate\":\"https:\\\/\\\/www.urjc2030.es\\\/ud\\\/?s={search_term_string}\"},\"query-input\":{\"@type\":\"PropertyValueSpecification\",\"valueRequired\":true,\"valueName\":\"search_term_string\"}}],\"inLanguage\":\"es\"},{\"@type\":\"Person\",\"@id\":\"https:\\\/\\\/www.urjc2030.es\\\/ud\\\/#\\\/schema\\\/person\\\/5bca1e3d54fd0f6646257e7650ff6c1e\",\"name\":\"Rebeca\",\"image\":{\"@type\":\"ImageObject\",\"inLanguage\":\"es\",\"@id\":\"https:\\\/\\\/secure.gravatar.com\\\/avatar\\\/067ab19aa4e1cb582d952cf91ff4bcaf68f01cd66cbce7a3d69e3ee1093984f6?s=96&d=mm&r=g\",\"url\":\"https:\\\/\\\/secure.gravatar.com\\\/avatar\\\/067ab19aa4e1cb582d952cf91ff4bcaf68f01cd66cbce7a3d69e3ee1093984f6?s=96&d=mm&r=g\",\"contentUrl\":\"https:\\\/\\\/secure.gravatar.com\\\/avatar\\\/067ab19aa4e1cb582d952cf91ff4bcaf68f01cd66cbce7a3d69e3ee1093984f6?s=96&d=mm&r=g\",\"caption\":\"Rebeca\"},\"sameAs\":[\"https:\\\/\\\/www.urjc2030.es\"],\"url\":\"https:\\\/\\\/www.urjc2030.es\\\/ud\\\/author\\\/rebeca\\\/\"}]}<\/script>\n<!-- \/ Yoast SEO plugin. -->","yoast_head_json":{"title":"Enfoque de g\u00e9nero y diversidad en el desarrollo del turismo - Unidad de Diversidad","robots":{"index":"index","follow":"follow","max-snippet":"max-snippet:-1","max-image-preview":"max-image-preview:large","max-video-preview":"max-video-preview:-1"},"canonical":"https:\/\/www.urjc2030.es\/ud\/enfoque-de-genero-y-diversidad-en-el-desarrollo-del-turismo\/","og_locale":"es_ES","og_type":"article","og_title":"Enfoque de g\u00e9nero y diversidad en el desarrollo del turismo - Unidad de Diversidad","og_description":"01-12-2025 10:00 URJC, Campus Vic\u00e1lvaro","og_url":"https:\/\/www.urjc2030.es\/ud\/enfoque-de-genero-y-diversidad-en-el-desarrollo-del-turismo\/","og_site_name":"Unidad de Diversidad","article_published_time":"2025-11-21T14:38:42+00:00","article_modified_time":"2026-03-09T08:39:02+00:00","og_image":[{"width":460,"height":200,"url":"https:\/\/www.urjc2030.es\/ud\/wp-content\/uploads\/sites\/13\/2025\/11\/Enfoque-de-genero-y-diversidad-en-el-desarrollo-del-turismo.webp","type":"image\/webp"}],"author":"Rebeca","twitter_card":"summary_large_image","twitter_misc":{"Escrito por":"Rebeca","Tiempo de lectura":"1 minuto"},"schema":{"@context":"https:\/\/schema.org","@graph":[{"@type":"Article","@id":"https:\/\/www.urjc2030.es\/ud\/enfoque-de-genero-y-diversidad-en-el-desarrollo-del-turismo\/#article","isPartOf":{"@id":"https:\/\/www.urjc2030.es\/ud\/enfoque-de-genero-y-diversidad-en-el-desarrollo-del-turismo\/"},"author":{"name":"Rebeca","@id":"https:\/\/www.urjc2030.es\/ud\/#\/schema\/person\/5bca1e3d54fd0f6646257e7650ff6c1e"},"headline":"Enfoque de g\u00e9nero y diversidad en el desarrollo del turismo","datePublished":"2025-11-21T14:38:42+00:00","dateModified":"2026-03-09T08:39:02+00:00","mainEntityOfPage":{"@id":"https:\/\/www.urjc2030.es\/ud\/enfoque-de-genero-y-diversidad-en-el-desarrollo-del-turismo\/"},"wordCount":133,"image":{"@id":"https:\/\/www.urjc2030.es\/ud\/enfoque-de-genero-y-diversidad-en-el-desarrollo-del-turismo\/#primaryimage"},"thumbnailUrl":"https:\/\/www.urjc2030.es\/ud\/wp-content\/uploads\/sites\/13\/2025\/11\/Enfoque-de-genero-y-diversidad-en-el-desarrollo-del-turismo.webp","articleSection":["2025","Agenda","Diciembre 2025"],"inLanguage":"es"},{"@type":"WebPage","@id":"https:\/\/www.urjc2030.es\/ud\/enfoque-de-genero-y-diversidad-en-el-desarrollo-del-turismo\/","url":"https:\/\/www.urjc2030.es\/ud\/enfoque-de-genero-y-diversidad-en-el-desarrollo-del-turismo\/","name":"Enfoque de g\u00e9nero y diversidad en el desarrollo del turismo - Unidad de Diversidad","isPartOf":{"@id":"https:\/\/www.urjc2030.es\/ud\/#website"},"primaryImageOfPage":{"@id":"https:\/\/www.urjc2030.es\/ud\/enfoque-de-genero-y-diversidad-en-el-desarrollo-del-turismo\/#primaryimage"},"image":{"@id":"https:\/\/www.urjc2030.es\/ud\/enfoque-de-genero-y-diversidad-en-el-desarrollo-del-turismo\/#primaryimage"},"thumbnailUrl":"https:\/\/www.urjc2030.es\/ud\/wp-content\/uploads\/sites\/13\/2025\/11\/Enfoque-de-genero-y-diversidad-en-el-desarrollo-del-turismo.webp","datePublished":"2025-11-21T14:38:42+00:00","dateModified":"2026-03-09T08:39:02+00:00","author":{"@id":"https:\/\/www.urjc2030.es\/ud\/#\/schema\/person\/5bca1e3d54fd0f6646257e7650ff6c1e"},"breadcrumb":{"@id":"https:\/\/www.urjc2030.es\/ud\/enfoque-de-genero-y-diversidad-en-el-desarrollo-del-turismo\/#breadcrumb"},"inLanguage":"es","potentialAction":[{"@type":"ReadAction","target":["https:\/\/www.urjc2030.es\/ud\/enfoque-de-genero-y-diversidad-en-el-desarrollo-del-turismo\/"]}]},{"@type":"ImageObject","inLanguage":"es","@id":"https:\/\/www.urjc2030.es\/ud\/enfoque-de-genero-y-diversidad-en-el-desarrollo-del-turismo\/#primaryimage","url":"https:\/\/www.urjc2030.es\/ud\/wp-content\/uploads\/sites\/13\/2025\/11\/Enfoque-de-genero-y-diversidad-en-el-desarrollo-del-turismo.webp","contentUrl":"https:\/\/www.urjc2030.es\/ud\/wp-content\/uploads\/sites\/13\/2025\/11\/Enfoque-de-genero-y-diversidad-en-el-desarrollo-del-turismo.webp","width":460,"height":200,"caption":"Enfoque de g\u00e9nero y diversidad en el desarrollo del turismo"},{"@type":"BreadcrumbList","@id":"https:\/\/www.urjc2030.es\/ud\/enfoque-de-genero-y-diversidad-en-el-desarrollo-del-turismo\/#breadcrumb","itemListElement":[{"@type":"ListItem","position":1,"name":"Portada","item":"https:\/\/www.urjc2030.es\/ud\/"},{"@type":"ListItem","position":2,"name":"Enfoque de g\u00e9nero y diversidad en el desarrollo del turismo"}]},{"@type":"WebSite","@id":"https:\/\/www.urjc2030.es\/ud\/#website","url":"https:\/\/www.urjc2030.es\/ud\/","name":"Unidad de Diversidad","description":"Trabajar de manera interseccional con toda la comunidad universitaria todo lo que respecta a la diversidad LGBTIAQ+, \u00e9tnico-cultural y afines.","potentialAction":[{"@type":"SearchAction","target":{"@type":"EntryPoint","urlTemplate":"https:\/\/www.urjc2030.es\/ud\/?s={search_term_string}"},"query-input":{"@type":"PropertyValueSpecification","valueRequired":true,"valueName":"search_term_string"}}],"inLanguage":"es"},{"@type":"Person","@id":"https:\/\/www.urjc2030.es\/ud\/#\/schema\/person\/5bca1e3d54fd0f6646257e7650ff6c1e","name":"Rebeca","image":{"@type":"ImageObject","inLanguage":"es","@id":"https:\/\/secure.gravatar.com\/avatar\/067ab19aa4e1cb582d952cf91ff4bcaf68f01cd66cbce7a3d69e3ee1093984f6?s=96&d=mm&r=g","url":"https:\/\/secure.gravatar.com\/avatar\/067ab19aa4e1cb582d952cf91ff4bcaf68f01cd66cbce7a3d69e3ee1093984f6?s=96&d=mm&r=g","contentUrl":"https:\/\/secure.gravatar.com\/avatar\/067ab19aa4e1cb582d952cf91ff4bcaf68f01cd66cbce7a3d69e3ee1093984f6?s=96&d=mm&r=g","caption":"Rebeca"},"sameAs":["https:\/\/www.urjc2030.es"],"url":"https:\/\/www.urjc2030.es\/ud\/author\/rebeca\/"}]}},"_links":{"self":[{"href":"https:\/\/www.urjc2030.es\/ud\/wp-json\/wp\/v2\/posts\/1495","targetHints":{"allow":["GET"]}}],"collection":[{"href":"https:\/\/www.urjc2030.es\/ud\/wp-json\/wp\/v2\/posts"}],"about":[{"href":"https:\/\/www.urjc2030.es\/ud\/wp-json\/wp\/v2\/types\/post"}],"author":[{"embeddable":true,"href":"https:\/\/www.urjc2030.es\/ud\/wp-json\/wp\/v2\/users\/1"}],"replies":[{"embeddable":true,"href":"https:\/\/www.urjc2030.es\/ud\/wp-json\/wp\/v2\/comments?post=1495"}],"version-history":[{"count":5,"href":"https:\/\/www.urjc2030.es\/ud\/wp-json\/wp\/v2\/posts\/1495\/revisions"}],"predecessor-version":[{"id":1507,"href":"https:\/\/www.urjc2030.es\/ud\/wp-json\/wp\/v2\/posts\/1495\/revisions\/1507"}],"wp:featuredmedia":[{"embeddable":true,"href":"https:\/\/www.urjc2030.es\/ud\/wp-json\/wp\/v2\/media\/1496"}],"wp:attachment":[{"href":"https:\/\/www.urjc2030.es\/ud\/wp-json\/wp\/v2\/media?parent=1495"}],"wp:term":[{"taxonomy":"category","embeddable":true,"href":"https:\/\/www.urjc2030.es\/ud\/wp-json\/wp\/v2\/categories?post=1495"},{"taxonomy":"post_tag","embeddable":true,"href":"https:\/\/www.urjc2030.es\/ud\/wp-json\/wp\/v2\/tags?post=1495"}],"curies":[{"name":"wp","href":"https:\/\/api.w.org\/{rel}","templated":true}]}}