{"id":1511,"date":"2025-12-01T13:48:25","date_gmt":"2025-12-01T12:48:25","guid":{"rendered":"https:\/\/www.urjc2030.es\/ud\/?p=1511"},"modified":"2026-03-09T09:39:02","modified_gmt":"2026-03-09T08:39:02","slug":"entrega-de-los-ii-premios-gloria-fuertes-a-tfg-tfm-y-tesis-doctorales","status":"publish","type":"post","link":"https:\/\/www.urjc2030.es\/ud\/entrega-de-los-ii-premios-gloria-fuertes-a-tfg-tfm-y-tesis-doctorales\/","title":{"rendered":"Entrega de los II Premios Gloria Fuertes a TFG, TFM y Tesis Doctorales"},"content":{"rendered":"<p><img loading=\"lazy\" decoding=\"async\" class=\"wp-image-1512 size-full alignright\" src=\"https:\/\/www.urjc2030.es\/ud\/wp-content\/uploads\/sites\/13\/2025\/12\/premios-gloria-fuertes.webp\" alt=\"Premios Gloria Fuertes\" width=\"460\" height=\"200\" srcset=\"https:\/\/www.urjc2030.es\/ud\/wp-content\/uploads\/sites\/13\/2025\/12\/premios-gloria-fuertes.webp 460w, https:\/\/www.urjc2030.es\/ud\/wp-content\/uploads\/sites\/13\/2025\/12\/premios-gloria-fuertes-300x130.webp 300w\" sizes=\"(max-width: 460px) 100vw, 460px\" \/><\/p>\n<h3>18-12-2025 18:00<\/h3>\n<h4>URJC. Sede Madrid-Arg\u00fcelles. C\/ Quintana, 21 Sal\u00f3n de actos<\/h4>\n<p><strong>Organizado por Unidad de Diversidad y Unidad de Igualdad<\/strong><\/p>\n<p>La Unidad de Igualdad y Diversidad de la Universidad Rey Juan Carlos se complacen en invitarle a la ceremonia de entrega de los:<\/p>\n<p><em>II Premios Gloria Fuertes a los Mejores Trabajos Fin de Grado, Fin de M\u00e1ster y Tesis Doctorales relacionados con Estudios con Perspectiva de G\u00e9nero, Diversidad Sexual y por Procedencia<\/em><\/p>\n<p><u>Programa:<\/u><\/p>\n<ul>\n<li><b>18:00 h.\u00a0<\/b>Apertura del acto. a cargo de\u00a0<strong>D\u00aa. Pilar Charro Baena<\/strong>, Directora de la Unidad de Igualdad, y\u00a0<strong>D. Miguel \u00c1ngel L\u00f3pez S\u00e1ez<\/strong>, Director de la Unidad de Diversidad.<\/li>\n<li><b>18:10 h.\u00a0<\/b>Bienvenida teatralizada del acto y presentaci\u00f3n de la gala de entrega de Premios.<\/li>\n<li><b>18:20 h.\u00a0<\/b>Ponencia invitada a cargo de la\u00a0<strong>Profa. Dra. Mar\u00eda Ar\u00e1nzazu Novales Alqu\u00e9zar.<\/strong><\/li>\n<li><b>18:45 h.\u00a0<\/b>Intervenci\u00f3n de\u00a0\u00a0<strong>D\u00aa. Irene Guti\u00e9rrez L\u00f3pez<\/strong>, primer premio Gloria Fuertes en la categor\u00eda \u00abTesis Doctoral\u00a0relacionada\u00a0con Igualdad\u00bb:\u00a0<i>Brecha salarial de g\u00e9nero en la Uni\u00f3n Europea: impacto\u00a0<\/i>econ\u00f3mico de las medidas jur\u00eddicas destinadas a su reducci\u00f3n.<\/li>\n<li><b>18:55 h.\u00a0<\/b>\u00a0Intervenci\u00f3n de\u00a0<strong>D\u00f1a. Sandra Mu\u00f1oz S\u00e1nchez<\/strong>, primer premio Gloria Fuertes en la categor\u00eda \u00abTesis Doctoral\u00a0relacionada\u00a0con Diversidad\u00bb:\u00a0<i>Deseo sexual, poder y subjetividad desde una perspectiva interseccional.<\/i><\/li>\n<li><b>19:15 h.\u00a0<\/b>Entrega de diplomas a los premiados<\/li>\n<li><b>19:40 h.\u00a0<\/b>Clausura y despedida con vino espa\u00f1ol<\/li>\n<\/ul>\n<p><a href=\"https:\/\/eventos.urjc.es\/144778\/detail\/entrega-de-los-ii-premios-gloria-fuertes-a-tfg-tfm-y-tesis-doctorales.html\" target=\"_blank\" rel=\"noopener\"><b><u>M\u00e1s informaci\u00f3n e inscripci\u00f3n<\/u><\/b><\/a><\/p>\n<p>&nbsp;<\/p>\n","protected":false},"excerpt":{"rendered":"<p><strong>18-12-2025 18:00<\/strong><br \/>\nURJC. Sede Madrid-Arg\u00fcelles. C\/ Quintana, 21 Sal\u00f3n de actos<\/p>\n","protected":false},"author":1,"featured_media":1512,"comment_status":"closed","ping_status":"open","sticky":false,"template":"","format":"standard","meta":{"_et_pb_use_builder":"","_et_pb_old_content":"","_et_gb_content_width":"","cybocfi_hide_featured_image":"","footnotes":""},"categories":[33,2,45],"tags":[],"class_list":["post-1511","post","type-post","status-publish","format-standard","has-post-thumbnail","hentry","category-33","category-agenda","category-diciembre-2025"],"yoast_head":"<!-- This site is optimized with the Yoast SEO plugin v27.5 - https:\/\/yoast.com\/product\/yoast-seo-wordpress\/ -->\n<title>Entrega de los II Premios Gloria Fuertes a TFG, TFM y Tesis Doctorales - Unidad de Diversidad<\/title>\n<meta name=\"robots\" content=\"index, follow, max-snippet:-1, max-image-preview:large, max-video-preview:-1\" \/>\n<link rel=\"canonical\" href=\"https:\/\/www.urjc2030.es\/ud\/entrega-de-los-ii-premios-gloria-fuertes-a-tfg-tfm-y-tesis-doctorales\/\" \/>\n<meta property=\"og:locale\" content=\"es_ES\" \/>\n<meta property=\"og:type\" content=\"article\" \/>\n<meta property=\"og:title\" content=\"Entrega de los II Premios Gloria Fuertes a TFG, TFM y Tesis Doctorales - Unidad de Diversidad\" \/>\n<meta property=\"og:description\" content=\"18-12-2025 18:00 URJC. Sede Madrid-Arg\u00fcelles. C\/ Quintana, 21 Sal\u00f3n de actos\" \/>\n<meta property=\"og:url\" content=\"https:\/\/www.urjc2030.es\/ud\/entrega-de-los-ii-premios-gloria-fuertes-a-tfg-tfm-y-tesis-doctorales\/\" \/>\n<meta property=\"og:site_name\" content=\"Unidad de Diversidad\" \/>\n<meta property=\"article:published_time\" content=\"2025-12-01T12:48:25+00:00\" \/>\n<meta property=\"article:modified_time\" content=\"2026-03-09T08:39:02+00:00\" \/>\n<meta property=\"og:image\" content=\"https:\/\/www.urjc2030.es\/ud\/wp-content\/uploads\/sites\/13\/2025\/12\/premios-gloria-fuertes.webp\" \/>\n\t<meta property=\"og:image:width\" content=\"460\" \/>\n\t<meta property=\"og:image:height\" content=\"200\" \/>\n\t<meta property=\"og:image:type\" content=\"image\/webp\" \/>\n<meta name=\"author\" content=\"Rebeca\" \/>\n<meta name=\"twitter:card\" content=\"summary_large_image\" \/>\n<meta name=\"twitter:label1\" content=\"Escrito por\" \/>\n\t<meta name=\"twitter:data1\" content=\"Rebeca\" \/>\n\t<meta name=\"twitter:label2\" content=\"Tiempo de lectura\" \/>\n\t<meta name=\"twitter:data2\" content=\"2 minutos\" \/>\n<script type=\"application\/ld+json\" class=\"yoast-schema-graph\">{\"@context\":\"https:\\\/\\\/schema.org\",\"@graph\":[{\"@type\":\"Article\",\"@id\":\"https:\\\/\\\/www.urjc2030.es\\\/ud\\\/entrega-de-los-ii-premios-gloria-fuertes-a-tfg-tfm-y-tesis-doctorales\\\/#article\",\"isPartOf\":{\"@id\":\"https:\\\/\\\/www.urjc2030.es\\\/ud\\\/entrega-de-los-ii-premios-gloria-fuertes-a-tfg-tfm-y-tesis-doctorales\\\/\"},\"author\":{\"name\":\"Rebeca\",\"@id\":\"https:\\\/\\\/www.urjc2030.es\\\/ud\\\/#\\\/schema\\\/person\\\/5bca1e3d54fd0f6646257e7650ff6c1e\"},\"headline\":\"Entrega de los II Premios Gloria Fuertes a TFG, TFM y Tesis Doctorales\",\"datePublished\":\"2025-12-01T12:48:25+00:00\",\"dateModified\":\"2026-03-09T08:39:02+00:00\",\"mainEntityOfPage\":{\"@id\":\"https:\\\/\\\/www.urjc2030.es\\\/ud\\\/entrega-de-los-ii-premios-gloria-fuertes-a-tfg-tfm-y-tesis-doctorales\\\/\"},\"wordCount\":253,\"image\":{\"@id\":\"https:\\\/\\\/www.urjc2030.es\\\/ud\\\/entrega-de-los-ii-premios-gloria-fuertes-a-tfg-tfm-y-tesis-doctorales\\\/#primaryimage\"},\"thumbnailUrl\":\"https:\\\/\\\/www.urjc2030.es\\\/ud\\\/wp-content\\\/uploads\\\/sites\\\/13\\\/2025\\\/12\\\/premios-gloria-fuertes.webp\",\"articleSection\":[\"2025\",\"Agenda\",\"Diciembre 2025\"],\"inLanguage\":\"es\"},{\"@type\":\"WebPage\",\"@id\":\"https:\\\/\\\/www.urjc2030.es\\\/ud\\\/entrega-de-los-ii-premios-gloria-fuertes-a-tfg-tfm-y-tesis-doctorales\\\/\",\"url\":\"https:\\\/\\\/www.urjc2030.es\\\/ud\\\/entrega-de-los-ii-premios-gloria-fuertes-a-tfg-tfm-y-tesis-doctorales\\\/\",\"name\":\"Entrega de los II Premios Gloria Fuertes a TFG, TFM y Tesis Doctorales - Unidad de Diversidad\",\"isPartOf\":{\"@id\":\"https:\\\/\\\/www.urjc2030.es\\\/ud\\\/#website\"},\"primaryImageOfPage\":{\"@id\":\"https:\\\/\\\/www.urjc2030.es\\\/ud\\\/entrega-de-los-ii-premios-gloria-fuertes-a-tfg-tfm-y-tesis-doctorales\\\/#primaryimage\"},\"image\":{\"@id\":\"https:\\\/\\\/www.urjc2030.es\\\/ud\\\/entrega-de-los-ii-premios-gloria-fuertes-a-tfg-tfm-y-tesis-doctorales\\\/#primaryimage\"},\"thumbnailUrl\":\"https:\\\/\\\/www.urjc2030.es\\\/ud\\\/wp-content\\\/uploads\\\/sites\\\/13\\\/2025\\\/12\\\/premios-gloria-fuertes.webp\",\"datePublished\":\"2025-12-01T12:48:25+00:00\",\"dateModified\":\"2026-03-09T08:39:02+00:00\",\"author\":{\"@id\":\"https:\\\/\\\/www.urjc2030.es\\\/ud\\\/#\\\/schema\\\/person\\\/5bca1e3d54fd0f6646257e7650ff6c1e\"},\"breadcrumb\":{\"@id\":\"https:\\\/\\\/www.urjc2030.es\\\/ud\\\/entrega-de-los-ii-premios-gloria-fuertes-a-tfg-tfm-y-tesis-doctorales\\\/#breadcrumb\"},\"inLanguage\":\"es\",\"potentialAction\":[{\"@type\":\"ReadAction\",\"target\":[\"https:\\\/\\\/www.urjc2030.es\\\/ud\\\/entrega-de-los-ii-premios-gloria-fuertes-a-tfg-tfm-y-tesis-doctorales\\\/\"]}]},{\"@type\":\"ImageObject\",\"inLanguage\":\"es\",\"@id\":\"https:\\\/\\\/www.urjc2030.es\\\/ud\\\/entrega-de-los-ii-premios-gloria-fuertes-a-tfg-tfm-y-tesis-doctorales\\\/#primaryimage\",\"url\":\"https:\\\/\\\/www.urjc2030.es\\\/ud\\\/wp-content\\\/uploads\\\/sites\\\/13\\\/2025\\\/12\\\/premios-gloria-fuertes.webp\",\"contentUrl\":\"https:\\\/\\\/www.urjc2030.es\\\/ud\\\/wp-content\\\/uploads\\\/sites\\\/13\\\/2025\\\/12\\\/premios-gloria-fuertes.webp\",\"width\":460,\"height\":200,\"caption\":\"Premios Gloria Fuertes\"},{\"@type\":\"BreadcrumbList\",\"@id\":\"https:\\\/\\\/www.urjc2030.es\\\/ud\\\/entrega-de-los-ii-premios-gloria-fuertes-a-tfg-tfm-y-tesis-doctorales\\\/#breadcrumb\",\"itemListElement\":[{\"@type\":\"ListItem\",\"position\":1,\"name\":\"Portada\",\"item\":\"https:\\\/\\\/www.urjc2030.es\\\/ud\\\/\"},{\"@type\":\"ListItem\",\"position\":2,\"name\":\"Entrega de los II Premios Gloria Fuertes a TFG, TFM y Tesis Doctorales\"}]},{\"@type\":\"WebSite\",\"@id\":\"https:\\\/\\\/www.urjc2030.es\\\/ud\\\/#website\",\"url\":\"https:\\\/\\\/www.urjc2030.es\\\/ud\\\/\",\"name\":\"Unidad de Diversidad\",\"description\":\"Trabajar de manera interseccional con toda la comunidad universitaria todo lo que respecta a la diversidad LGBTIAQ+, \u00e9tnico-cultural y afines.\",\"potentialAction\":[{\"@type\":\"SearchAction\",\"target\":{\"@type\":\"EntryPoint\",\"urlTemplate\":\"https:\\\/\\\/www.urjc2030.es\\\/ud\\\/?s={search_term_string}\"},\"query-input\":{\"@type\":\"PropertyValueSpecification\",\"valueRequired\":true,\"valueName\":\"search_term_string\"}}],\"inLanguage\":\"es\"},{\"@type\":\"Person\",\"@id\":\"https:\\\/\\\/www.urjc2030.es\\\/ud\\\/#\\\/schema\\\/person\\\/5bca1e3d54fd0f6646257e7650ff6c1e\",\"name\":\"Rebeca\",\"image\":{\"@type\":\"ImageObject\",\"inLanguage\":\"es\",\"@id\":\"https:\\\/\\\/secure.gravatar.com\\\/avatar\\\/067ab19aa4e1cb582d952cf91ff4bcaf68f01cd66cbce7a3d69e3ee1093984f6?s=96&d=mm&r=g\",\"url\":\"https:\\\/\\\/secure.gravatar.com\\\/avatar\\\/067ab19aa4e1cb582d952cf91ff4bcaf68f01cd66cbce7a3d69e3ee1093984f6?s=96&d=mm&r=g\",\"contentUrl\":\"https:\\\/\\\/secure.gravatar.com\\\/avatar\\\/067ab19aa4e1cb582d952cf91ff4bcaf68f01cd66cbce7a3d69e3ee1093984f6?s=96&d=mm&r=g\",\"caption\":\"Rebeca\"},\"sameAs\":[\"https:\\\/\\\/www.urjc2030.es\"],\"url\":\"https:\\\/\\\/www.urjc2030.es\\\/ud\\\/author\\\/rebeca\\\/\"}]}<\/script>\n<!-- \/ Yoast SEO plugin. -->","yoast_head_json":{"title":"Entrega de los II Premios Gloria Fuertes a TFG, TFM y Tesis Doctorales - Unidad de Diversidad","robots":{"index":"index","follow":"follow","max-snippet":"max-snippet:-1","max-image-preview":"max-image-preview:large","max-video-preview":"max-video-preview:-1"},"canonical":"https:\/\/www.urjc2030.es\/ud\/entrega-de-los-ii-premios-gloria-fuertes-a-tfg-tfm-y-tesis-doctorales\/","og_locale":"es_ES","og_type":"article","og_title":"Entrega de los II Premios Gloria Fuertes a TFG, TFM y Tesis Doctorales - Unidad de Diversidad","og_description":"18-12-2025 18:00 URJC. Sede Madrid-Arg\u00fcelles. C\/ Quintana, 21 Sal\u00f3n de actos","og_url":"https:\/\/www.urjc2030.es\/ud\/entrega-de-los-ii-premios-gloria-fuertes-a-tfg-tfm-y-tesis-doctorales\/","og_site_name":"Unidad de Diversidad","article_published_time":"2025-12-01T12:48:25+00:00","article_modified_time":"2026-03-09T08:39:02+00:00","og_image":[{"width":460,"height":200,"url":"https:\/\/www.urjc2030.es\/ud\/wp-content\/uploads\/sites\/13\/2025\/12\/premios-gloria-fuertes.webp","type":"image\/webp"}],"author":"Rebeca","twitter_card":"summary_large_image","twitter_misc":{"Escrito por":"Rebeca","Tiempo de lectura":"2 minutos"},"schema":{"@context":"https:\/\/schema.org","@graph":[{"@type":"Article","@id":"https:\/\/www.urjc2030.es\/ud\/entrega-de-los-ii-premios-gloria-fuertes-a-tfg-tfm-y-tesis-doctorales\/#article","isPartOf":{"@id":"https:\/\/www.urjc2030.es\/ud\/entrega-de-los-ii-premios-gloria-fuertes-a-tfg-tfm-y-tesis-doctorales\/"},"author":{"name":"Rebeca","@id":"https:\/\/www.urjc2030.es\/ud\/#\/schema\/person\/5bca1e3d54fd0f6646257e7650ff6c1e"},"headline":"Entrega de los II Premios Gloria Fuertes a TFG, TFM y Tesis Doctorales","datePublished":"2025-12-01T12:48:25+00:00","dateModified":"2026-03-09T08:39:02+00:00","mainEntityOfPage":{"@id":"https:\/\/www.urjc2030.es\/ud\/entrega-de-los-ii-premios-gloria-fuertes-a-tfg-tfm-y-tesis-doctorales\/"},"wordCount":253,"image":{"@id":"https:\/\/www.urjc2030.es\/ud\/entrega-de-los-ii-premios-gloria-fuertes-a-tfg-tfm-y-tesis-doctorales\/#primaryimage"},"thumbnailUrl":"https:\/\/www.urjc2030.es\/ud\/wp-content\/uploads\/sites\/13\/2025\/12\/premios-gloria-fuertes.webp","articleSection":["2025","Agenda","Diciembre 2025"],"inLanguage":"es"},{"@type":"WebPage","@id":"https:\/\/www.urjc2030.es\/ud\/entrega-de-los-ii-premios-gloria-fuertes-a-tfg-tfm-y-tesis-doctorales\/","url":"https:\/\/www.urjc2030.es\/ud\/entrega-de-los-ii-premios-gloria-fuertes-a-tfg-tfm-y-tesis-doctorales\/","name":"Entrega de los II Premios Gloria Fuertes a TFG, TFM y Tesis Doctorales - Unidad de Diversidad","isPartOf":{"@id":"https:\/\/www.urjc2030.es\/ud\/#website"},"primaryImageOfPage":{"@id":"https:\/\/www.urjc2030.es\/ud\/entrega-de-los-ii-premios-gloria-fuertes-a-tfg-tfm-y-tesis-doctorales\/#primaryimage"},"image":{"@id":"https:\/\/www.urjc2030.es\/ud\/entrega-de-los-ii-premios-gloria-fuertes-a-tfg-tfm-y-tesis-doctorales\/#primaryimage"},"thumbnailUrl":"https:\/\/www.urjc2030.es\/ud\/wp-content\/uploads\/sites\/13\/2025\/12\/premios-gloria-fuertes.webp","datePublished":"2025-12-01T12:48:25+00:00","dateModified":"2026-03-09T08:39:02+00:00","author":{"@id":"https:\/\/www.urjc2030.es\/ud\/#\/schema\/person\/5bca1e3d54fd0f6646257e7650ff6c1e"},"breadcrumb":{"@id":"https:\/\/www.urjc2030.es\/ud\/entrega-de-los-ii-premios-gloria-fuertes-a-tfg-tfm-y-tesis-doctorales\/#breadcrumb"},"inLanguage":"es","potentialAction":[{"@type":"ReadAction","target":["https:\/\/www.urjc2030.es\/ud\/entrega-de-los-ii-premios-gloria-fuertes-a-tfg-tfm-y-tesis-doctorales\/"]}]},{"@type":"ImageObject","inLanguage":"es","@id":"https:\/\/www.urjc2030.es\/ud\/entrega-de-los-ii-premios-gloria-fuertes-a-tfg-tfm-y-tesis-doctorales\/#primaryimage","url":"https:\/\/www.urjc2030.es\/ud\/wp-content\/uploads\/sites\/13\/2025\/12\/premios-gloria-fuertes.webp","contentUrl":"https:\/\/www.urjc2030.es\/ud\/wp-content\/uploads\/sites\/13\/2025\/12\/premios-gloria-fuertes.webp","width":460,"height":200,"caption":"Premios Gloria Fuertes"},{"@type":"BreadcrumbList","@id":"https:\/\/www.urjc2030.es\/ud\/entrega-de-los-ii-premios-gloria-fuertes-a-tfg-tfm-y-tesis-doctorales\/#breadcrumb","itemListElement":[{"@type":"ListItem","position":1,"name":"Portada","item":"https:\/\/www.urjc2030.es\/ud\/"},{"@type":"ListItem","position":2,"name":"Entrega de los II Premios Gloria Fuertes a TFG, TFM y Tesis Doctorales"}]},{"@type":"WebSite","@id":"https:\/\/www.urjc2030.es\/ud\/#website","url":"https:\/\/www.urjc2030.es\/ud\/","name":"Unidad de Diversidad","description":"Trabajar de manera interseccional con toda la comunidad universitaria todo lo que respecta a la diversidad LGBTIAQ+, \u00e9tnico-cultural y afines.","potentialAction":[{"@type":"SearchAction","target":{"@type":"EntryPoint","urlTemplate":"https:\/\/www.urjc2030.es\/ud\/?s={search_term_string}"},"query-input":{"@type":"PropertyValueSpecification","valueRequired":true,"valueName":"search_term_string"}}],"inLanguage":"es"},{"@type":"Person","@id":"https:\/\/www.urjc2030.es\/ud\/#\/schema\/person\/5bca1e3d54fd0f6646257e7650ff6c1e","name":"Rebeca","image":{"@type":"ImageObject","inLanguage":"es","@id":"https:\/\/secure.gravatar.com\/avatar\/067ab19aa4e1cb582d952cf91ff4bcaf68f01cd66cbce7a3d69e3ee1093984f6?s=96&d=mm&r=g","url":"https:\/\/secure.gravatar.com\/avatar\/067ab19aa4e1cb582d952cf91ff4bcaf68f01cd66cbce7a3d69e3ee1093984f6?s=96&d=mm&r=g","contentUrl":"https:\/\/secure.gravatar.com\/avatar\/067ab19aa4e1cb582d952cf91ff4bcaf68f01cd66cbce7a3d69e3ee1093984f6?s=96&d=mm&r=g","caption":"Rebeca"},"sameAs":["https:\/\/www.urjc2030.es"],"url":"https:\/\/www.urjc2030.es\/ud\/author\/rebeca\/"}]}},"_links":{"self":[{"href":"https:\/\/www.urjc2030.es\/ud\/wp-json\/wp\/v2\/posts\/1511","targetHints":{"allow":["GET"]}}],"collection":[{"href":"https:\/\/www.urjc2030.es\/ud\/wp-json\/wp\/v2\/posts"}],"about":[{"href":"https:\/\/www.urjc2030.es\/ud\/wp-json\/wp\/v2\/types\/post"}],"author":[{"embeddable":true,"href":"https:\/\/www.urjc2030.es\/ud\/wp-json\/wp\/v2\/users\/1"}],"replies":[{"embeddable":true,"href":"https:\/\/www.urjc2030.es\/ud\/wp-json\/wp\/v2\/comments?post=1511"}],"version-history":[{"count":3,"href":"https:\/\/www.urjc2030.es\/ud\/wp-json\/wp\/v2\/posts\/1511\/revisions"}],"predecessor-version":[{"id":1515,"href":"https:\/\/www.urjc2030.es\/ud\/wp-json\/wp\/v2\/posts\/1511\/revisions\/1515"}],"wp:featuredmedia":[{"embeddable":true,"href":"https:\/\/www.urjc2030.es\/ud\/wp-json\/wp\/v2\/media\/1512"}],"wp:attachment":[{"href":"https:\/\/www.urjc2030.es\/ud\/wp-json\/wp\/v2\/media?parent=1511"}],"wp:term":[{"taxonomy":"category","embeddable":true,"href":"https:\/\/www.urjc2030.es\/ud\/wp-json\/wp\/v2\/categories?post=1511"},{"taxonomy":"post_tag","embeddable":true,"href":"https:\/\/www.urjc2030.es\/ud\/wp-json\/wp\/v2\/tags?post=1511"}],"curies":[{"name":"wp","href":"https:\/\/api.w.org\/{rel}","templated":true}]}}