{"id":1545,"date":"2026-03-06T09:14:30","date_gmt":"2026-03-06T08:14:30","guid":{"rendered":"https:\/\/www.urjc2030.es\/ud\/?p=1545"},"modified":"2026-03-17T14:44:02","modified_gmt":"2026-03-17T13:44:02","slug":"tour-madrid-negro","status":"publish","type":"post","link":"https:\/\/www.urjc2030.es\/ud\/tour-madrid-negro\/","title":{"rendered":"Tour Madrid Negro"},"content":{"rendered":"<p class=\"event_date\"><strong><a href=\"https:\/\/www.urjc2030.es\/ud\/wp-content\/uploads\/sites\/13\/2026\/03\/224366.png\"><img decoding=\"async\" class=\"wp-image-1546 size-full alignright\" src=\"https:\/\/www.urjc2030.es\/ud\/wp-content\/uploads\/sites\/13\/2026\/03\/224366.png\" alt=\"madrid negro\" width=\"350\" height=\"auto\" srcset=\"https:\/\/www.urjc2030.es\/ud\/wp-content\/uploads\/sites\/13\/2026\/03\/224366.png 460w, https:\/\/www.urjc2030.es\/ud\/wp-content\/uploads\/sites\/13\/2026\/03\/224366-300x130.png 300w\" sizes=\"(max-width: 460px) 100vw, 460px\" \/><\/a><\/strong><\/p>\n<h3 class=\"event_date\">17-04-2026 19:00<\/h3>\n<h3 class=\"event_location\">Metro Tribunal. Calle de Barcel\u00f3 (Frente al ascensor)<\/h3>\n<p class=\"event_organizer\"><strong>Organizado por\u00a0<span class=\"organizer\">Unidad de Diversidad<\/span><\/strong><\/p>\n<p data-end=\"1307\" data-start=\"1276\">Madrid est\u00e1 llena de historias\u2026 pero no todas se cuentan igual. En este paseo guiado nos proponemos mirar la ciudad con una lente distinta.<\/p>\n<p data-end=\"2018\" data-start=\"1604\">El <strong data-end=\"1633\" data-start=\"1607\">Recorrido Madrid Negro<\/strong>, <strong data-end=\"1697\" data-start=\"1635\">dinamizado por Nieves Cisneros Pascual, de Conciencia Afro<\/strong>, es una experiencia hist\u00f3rico-pedag\u00f3gica que combina divulgaci\u00f3n, memoria y reflexi\u00f3n colectiva. A trav\u00e9s de distintas paradas por lugares significativos, el recorrido reconstruye dimensiones sociales, econ\u00f3micas, culturales y pol\u00edticas que han sido invisibilizadas o tratadas de forma marginal en los relatos oficiales.<\/p>\n<p data-end=\"2067\" data-start=\"2020\">M\u00e1s que una visita guiada, es una invitaci\u00f3n a:<\/p>\n<ul data-end=\"2425\" data-start=\"2068\">\n<li data-end=\"2156\" data-start=\"2068\">\n<p data-end=\"2156\" data-start=\"2070\"><strong data-end=\"2083\" data-start=\"2070\">descubrir<\/strong> memorias y aportaciones afrodescendientes en la historia de la ciudad,<\/p>\n<\/li>\n<li data-end=\"2247\" data-start=\"2157\">\n<p data-end=\"2247\" data-start=\"2159\"><strong data-end=\"2173\" data-start=\"2159\">comprender<\/strong> c\u00f3mo se han construido ciertas narrativas hist\u00f3ricas y qu\u00e9 dejan fuera,<\/p>\n<\/li>\n<li data-end=\"2360\" data-start=\"2248\">\n<p data-end=\"2360\" data-start=\"2250\"><strong data-end=\"2262\" data-start=\"2250\">conectar<\/strong> pasado y presente para pensar la ciudad como espacio de convivencia, reconocimiento y derechos,<\/p>\n<\/li>\n<li data-end=\"2425\" data-start=\"2361\">\n<p data-end=\"2425\" data-start=\"2363\">y <strong data-end=\"2378\" data-start=\"2365\">conversar<\/strong> desde una mirada cr\u00edtica, accesible y situada.<\/p>\n<\/li>\n<\/ul>\n<p data-end=\"2445\" data-start=\"2427\"><strong data-end=\"2445\" data-start=\"2431\">Para qui\u00e9n<\/strong><\/p>\n<p data-end=\"2714\" data-start=\"2446\">Actividad abierta a la <strong data-end=\"2496\" data-start=\"2469\">comunidad universitaria<\/strong> (estudiantado, PDI y PTGAS), especialmente recomendada para quienes tengan inter\u00e9s en historia social, memoria, diversidad cultural, derechos humanos y perspectivas decoloniales. No se requieren conocimientos previos.<\/p>\n<p data-end=\"2772\" data-start=\"2716\"><strong data-end=\"2772\" data-start=\"2716\">Plazas limitadas: imprescindible inscripci\u00f3n previa.<\/strong><\/p>\n<p data-end=\"2802\" data-start=\"2774\"><strong data-end=\"2802\" data-start=\"2778\">Informaci\u00f3n pr\u00e1ctica<\/strong><\/p>\n<ul data-end=\"2961\" data-start=\"2803\">\n<li data-end=\"2836\" data-start=\"2803\">\n<p data-end=\"2836\" data-start=\"2805\"><strong data-end=\"2824\" data-start=\"2805\">Hora de inicio:<\/strong> <strong data-end=\"2834\" data-start=\"2825\">19:00<\/strong><\/p>\n<\/li>\n<li data-end=\"2878\" data-start=\"2837\">\n<p data-end=\"2878\" data-start=\"2839\"><strong data-end=\"2861\" data-start=\"2839\">Duraci\u00f3n estimada:\u00a0<\/strong><strong data-end=\"2876\" data-start=\"2862\">2 h.<\/strong><\/p>\n<\/li>\n<li data-end=\"2961\" data-start=\"2879\">\n<p data-end=\"2961\" data-start=\"2881\">Lugar de encuentro: Metro Tribunal, salida\u00a0<strong data-end=\"64\" data-start=\"23\">Calle de Barcel\u00f3 (frente al ascensor)<\/strong>. Para identificar a la dinamizadora, <strong data-end=\"193\" data-start=\"102\">llevar\u00e1 una tote bag amarilla.<\/strong><\/p>\n<\/li>\n<\/ul>\n<p><a href=\"https:\/\/eventos.urjc.es\/149966\/tickets\/tour-madrid-negro.html\" target=\"_blank\" rel=\"noopener\"><span style=\"text-decoration: underline;\"><strong>Inscripci\u00f3n aqu\u00ed<\/strong><\/span><\/a><\/p>\n","protected":false},"excerpt":{"rendered":"<p><strong>17-04-2026 19:00<\/strong><br \/>\nMetro Tribunal. Calle de Barcel\u00f3 (Frente al ascensor)<\/p>\n","protected":false},"author":10,"featured_media":1546,"comment_status":"open","ping_status":"open","sticky":false,"template":"","format":"standard","meta":{"_et_pb_use_builder":"","_et_pb_old_content":"","_et_gb_content_width":"","cybocfi_hide_featured_image":"","footnotes":""},"categories":[47,51,2],"tags":[],"class_list":["post-1545","post","type-post","status-publish","format-standard","has-post-thumbnail","hentry","category-47","category-abril-2026","category-agenda"],"yoast_head":"<!-- This site is optimized with the Yoast SEO plugin v27.5 - https:\/\/yoast.com\/product\/yoast-seo-wordpress\/ -->\n<title>Tour Madrid Negro - Unidad de Diversidad<\/title>\n<meta name=\"robots\" content=\"index, follow, max-snippet:-1, max-image-preview:large, max-video-preview:-1\" \/>\n<link rel=\"canonical\" href=\"https:\/\/www.urjc2030.es\/ud\/tour-madrid-negro\/\" \/>\n<meta property=\"og:locale\" content=\"es_ES\" \/>\n<meta property=\"og:type\" content=\"article\" \/>\n<meta property=\"og:title\" content=\"Tour Madrid Negro - Unidad de Diversidad\" \/>\n<meta property=\"og:description\" content=\"17-04-2026 19:00 Metro Tribunal. Calle de Barcel\u00f3 (Frente al ascensor)\" \/>\n<meta property=\"og:url\" content=\"https:\/\/www.urjc2030.es\/ud\/tour-madrid-negro\/\" \/>\n<meta property=\"og:site_name\" content=\"Unidad de Diversidad\" \/>\n<meta property=\"article:published_time\" content=\"2026-03-06T08:14:30+00:00\" \/>\n<meta property=\"article:modified_time\" content=\"2026-03-17T13:44:02+00:00\" \/>\n<meta property=\"og:image\" content=\"https:\/\/www.urjc2030.es\/ud\/wp-content\/uploads\/sites\/13\/2026\/03\/224366.png\" \/>\n\t<meta property=\"og:image:width\" content=\"460\" \/>\n\t<meta property=\"og:image:height\" content=\"200\" \/>\n\t<meta property=\"og:image:type\" content=\"image\/png\" \/>\n<meta name=\"author\" content=\"carlos\" \/>\n<meta name=\"twitter:card\" content=\"summary_large_image\" \/>\n<meta name=\"twitter:label1\" content=\"Escrito por\" \/>\n\t<meta name=\"twitter:data1\" content=\"carlos\" \/>\n\t<meta name=\"twitter:label2\" content=\"Tiempo de lectura\" \/>\n\t<meta name=\"twitter:data2\" content=\"2 minutos\" \/>\n<script type=\"application\/ld+json\" class=\"yoast-schema-graph\">{\"@context\":\"https:\\\/\\\/schema.org\",\"@graph\":[{\"@type\":\"Article\",\"@id\":\"https:\\\/\\\/www.urjc2030.es\\\/ud\\\/tour-madrid-negro\\\/#article\",\"isPartOf\":{\"@id\":\"https:\\\/\\\/www.urjc2030.es\\\/ud\\\/tour-madrid-negro\\\/\"},\"author\":{\"name\":\"carlos\",\"@id\":\"https:\\\/\\\/www.urjc2030.es\\\/ud\\\/#\\\/schema\\\/person\\\/ddacb9e5abf914ab720a3d13fc047418\"},\"headline\":\"Tour Madrid Negro\",\"datePublished\":\"2026-03-06T08:14:30+00:00\",\"dateModified\":\"2026-03-17T13:44:02+00:00\",\"mainEntityOfPage\":{\"@id\":\"https:\\\/\\\/www.urjc2030.es\\\/ud\\\/tour-madrid-negro\\\/\"},\"wordCount\":241,\"commentCount\":0,\"image\":{\"@id\":\"https:\\\/\\\/www.urjc2030.es\\\/ud\\\/tour-madrid-negro\\\/#primaryimage\"},\"thumbnailUrl\":\"https:\\\/\\\/www.urjc2030.es\\\/ud\\\/wp-content\\\/uploads\\\/sites\\\/13\\\/2026\\\/03\\\/224366.png\",\"articleSection\":[\"2026\",\"Abril 2026\",\"Agenda\"],\"inLanguage\":\"es\",\"potentialAction\":[{\"@type\":\"CommentAction\",\"name\":\"Comment\",\"target\":[\"https:\\\/\\\/www.urjc2030.es\\\/ud\\\/tour-madrid-negro\\\/#respond\"]}]},{\"@type\":\"WebPage\",\"@id\":\"https:\\\/\\\/www.urjc2030.es\\\/ud\\\/tour-madrid-negro\\\/\",\"url\":\"https:\\\/\\\/www.urjc2030.es\\\/ud\\\/tour-madrid-negro\\\/\",\"name\":\"Tour Madrid Negro - Unidad de Diversidad\",\"isPartOf\":{\"@id\":\"https:\\\/\\\/www.urjc2030.es\\\/ud\\\/#website\"},\"primaryImageOfPage\":{\"@id\":\"https:\\\/\\\/www.urjc2030.es\\\/ud\\\/tour-madrid-negro\\\/#primaryimage\"},\"image\":{\"@id\":\"https:\\\/\\\/www.urjc2030.es\\\/ud\\\/tour-madrid-negro\\\/#primaryimage\"},\"thumbnailUrl\":\"https:\\\/\\\/www.urjc2030.es\\\/ud\\\/wp-content\\\/uploads\\\/sites\\\/13\\\/2026\\\/03\\\/224366.png\",\"datePublished\":\"2026-03-06T08:14:30+00:00\",\"dateModified\":\"2026-03-17T13:44:02+00:00\",\"author\":{\"@id\":\"https:\\\/\\\/www.urjc2030.es\\\/ud\\\/#\\\/schema\\\/person\\\/ddacb9e5abf914ab720a3d13fc047418\"},\"breadcrumb\":{\"@id\":\"https:\\\/\\\/www.urjc2030.es\\\/ud\\\/tour-madrid-negro\\\/#breadcrumb\"},\"inLanguage\":\"es\",\"potentialAction\":[{\"@type\":\"ReadAction\",\"target\":[\"https:\\\/\\\/www.urjc2030.es\\\/ud\\\/tour-madrid-negro\\\/\"]}]},{\"@type\":\"ImageObject\",\"inLanguage\":\"es\",\"@id\":\"https:\\\/\\\/www.urjc2030.es\\\/ud\\\/tour-madrid-negro\\\/#primaryimage\",\"url\":\"https:\\\/\\\/www.urjc2030.es\\\/ud\\\/wp-content\\\/uploads\\\/sites\\\/13\\\/2026\\\/03\\\/224366.png\",\"contentUrl\":\"https:\\\/\\\/www.urjc2030.es\\\/ud\\\/wp-content\\\/uploads\\\/sites\\\/13\\\/2026\\\/03\\\/224366.png\",\"width\":460,\"height\":200,\"caption\":\"madrid negro\"},{\"@type\":\"BreadcrumbList\",\"@id\":\"https:\\\/\\\/www.urjc2030.es\\\/ud\\\/tour-madrid-negro\\\/#breadcrumb\",\"itemListElement\":[{\"@type\":\"ListItem\",\"position\":1,\"name\":\"Portada\",\"item\":\"https:\\\/\\\/www.urjc2030.es\\\/ud\\\/\"},{\"@type\":\"ListItem\",\"position\":2,\"name\":\"Tour Madrid Negro\"}]},{\"@type\":\"WebSite\",\"@id\":\"https:\\\/\\\/www.urjc2030.es\\\/ud\\\/#website\",\"url\":\"https:\\\/\\\/www.urjc2030.es\\\/ud\\\/\",\"name\":\"Unidad de Diversidad\",\"description\":\"Trabajar de manera interseccional con toda la comunidad universitaria todo lo que respecta a la diversidad LGBTIAQ+, \u00e9tnico-cultural y afines.\",\"potentialAction\":[{\"@type\":\"SearchAction\",\"target\":{\"@type\":\"EntryPoint\",\"urlTemplate\":\"https:\\\/\\\/www.urjc2030.es\\\/ud\\\/?s={search_term_string}\"},\"query-input\":{\"@type\":\"PropertyValueSpecification\",\"valueRequired\":true,\"valueName\":\"search_term_string\"}}],\"inLanguage\":\"es\"},{\"@type\":\"Person\",\"@id\":\"https:\\\/\\\/www.urjc2030.es\\\/ud\\\/#\\\/schema\\\/person\\\/ddacb9e5abf914ab720a3d13fc047418\",\"name\":\"carlos\",\"image\":{\"@type\":\"ImageObject\",\"inLanguage\":\"es\",\"@id\":\"https:\\\/\\\/secure.gravatar.com\\\/avatar\\\/98e1c0d637a9f3d3cd2be0e49e5387245f96e039452a34f919c9e800cad0f304?s=96&d=mm&r=g\",\"url\":\"https:\\\/\\\/secure.gravatar.com\\\/avatar\\\/98e1c0d637a9f3d3cd2be0e49e5387245f96e039452a34f919c9e800cad0f304?s=96&d=mm&r=g\",\"contentUrl\":\"https:\\\/\\\/secure.gravatar.com\\\/avatar\\\/98e1c0d637a9f3d3cd2be0e49e5387245f96e039452a34f919c9e800cad0f304?s=96&d=mm&r=g\",\"caption\":\"carlos\"},\"url\":\"https:\\\/\\\/www.urjc2030.es\\\/ud\\\/author\\\/carlos\\\/\"}]}<\/script>\n<!-- \/ Yoast SEO plugin. -->","yoast_head_json":{"title":"Tour Madrid Negro - Unidad de Diversidad","robots":{"index":"index","follow":"follow","max-snippet":"max-snippet:-1","max-image-preview":"max-image-preview:large","max-video-preview":"max-video-preview:-1"},"canonical":"https:\/\/www.urjc2030.es\/ud\/tour-madrid-negro\/","og_locale":"es_ES","og_type":"article","og_title":"Tour Madrid Negro - Unidad de Diversidad","og_description":"17-04-2026 19:00 Metro Tribunal. Calle de Barcel\u00f3 (Frente al ascensor)","og_url":"https:\/\/www.urjc2030.es\/ud\/tour-madrid-negro\/","og_site_name":"Unidad de Diversidad","article_published_time":"2026-03-06T08:14:30+00:00","article_modified_time":"2026-03-17T13:44:02+00:00","og_image":[{"width":460,"height":200,"url":"https:\/\/www.urjc2030.es\/ud\/wp-content\/uploads\/sites\/13\/2026\/03\/224366.png","type":"image\/png"}],"author":"carlos","twitter_card":"summary_large_image","twitter_misc":{"Escrito por":"carlos","Tiempo de lectura":"2 minutos"},"schema":{"@context":"https:\/\/schema.org","@graph":[{"@type":"Article","@id":"https:\/\/www.urjc2030.es\/ud\/tour-madrid-negro\/#article","isPartOf":{"@id":"https:\/\/www.urjc2030.es\/ud\/tour-madrid-negro\/"},"author":{"name":"carlos","@id":"https:\/\/www.urjc2030.es\/ud\/#\/schema\/person\/ddacb9e5abf914ab720a3d13fc047418"},"headline":"Tour Madrid Negro","datePublished":"2026-03-06T08:14:30+00:00","dateModified":"2026-03-17T13:44:02+00:00","mainEntityOfPage":{"@id":"https:\/\/www.urjc2030.es\/ud\/tour-madrid-negro\/"},"wordCount":241,"commentCount":0,"image":{"@id":"https:\/\/www.urjc2030.es\/ud\/tour-madrid-negro\/#primaryimage"},"thumbnailUrl":"https:\/\/www.urjc2030.es\/ud\/wp-content\/uploads\/sites\/13\/2026\/03\/224366.png","articleSection":["2026","Abril 2026","Agenda"],"inLanguage":"es","potentialAction":[{"@type":"CommentAction","name":"Comment","target":["https:\/\/www.urjc2030.es\/ud\/tour-madrid-negro\/#respond"]}]},{"@type":"WebPage","@id":"https:\/\/www.urjc2030.es\/ud\/tour-madrid-negro\/","url":"https:\/\/www.urjc2030.es\/ud\/tour-madrid-negro\/","name":"Tour Madrid Negro - Unidad de Diversidad","isPartOf":{"@id":"https:\/\/www.urjc2030.es\/ud\/#website"},"primaryImageOfPage":{"@id":"https:\/\/www.urjc2030.es\/ud\/tour-madrid-negro\/#primaryimage"},"image":{"@id":"https:\/\/www.urjc2030.es\/ud\/tour-madrid-negro\/#primaryimage"},"thumbnailUrl":"https:\/\/www.urjc2030.es\/ud\/wp-content\/uploads\/sites\/13\/2026\/03\/224366.png","datePublished":"2026-03-06T08:14:30+00:00","dateModified":"2026-03-17T13:44:02+00:00","author":{"@id":"https:\/\/www.urjc2030.es\/ud\/#\/schema\/person\/ddacb9e5abf914ab720a3d13fc047418"},"breadcrumb":{"@id":"https:\/\/www.urjc2030.es\/ud\/tour-madrid-negro\/#breadcrumb"},"inLanguage":"es","potentialAction":[{"@type":"ReadAction","target":["https:\/\/www.urjc2030.es\/ud\/tour-madrid-negro\/"]}]},{"@type":"ImageObject","inLanguage":"es","@id":"https:\/\/www.urjc2030.es\/ud\/tour-madrid-negro\/#primaryimage","url":"https:\/\/www.urjc2030.es\/ud\/wp-content\/uploads\/sites\/13\/2026\/03\/224366.png","contentUrl":"https:\/\/www.urjc2030.es\/ud\/wp-content\/uploads\/sites\/13\/2026\/03\/224366.png","width":460,"height":200,"caption":"madrid negro"},{"@type":"BreadcrumbList","@id":"https:\/\/www.urjc2030.es\/ud\/tour-madrid-negro\/#breadcrumb","itemListElement":[{"@type":"ListItem","position":1,"name":"Portada","item":"https:\/\/www.urjc2030.es\/ud\/"},{"@type":"ListItem","position":2,"name":"Tour Madrid Negro"}]},{"@type":"WebSite","@id":"https:\/\/www.urjc2030.es\/ud\/#website","url":"https:\/\/www.urjc2030.es\/ud\/","name":"Unidad de Diversidad","description":"Trabajar de manera interseccional con toda la comunidad universitaria todo lo que respecta a la diversidad LGBTIAQ+, \u00e9tnico-cultural y afines.","potentialAction":[{"@type":"SearchAction","target":{"@type":"EntryPoint","urlTemplate":"https:\/\/www.urjc2030.es\/ud\/?s={search_term_string}"},"query-input":{"@type":"PropertyValueSpecification","valueRequired":true,"valueName":"search_term_string"}}],"inLanguage":"es"},{"@type":"Person","@id":"https:\/\/www.urjc2030.es\/ud\/#\/schema\/person\/ddacb9e5abf914ab720a3d13fc047418","name":"carlos","image":{"@type":"ImageObject","inLanguage":"es","@id":"https:\/\/secure.gravatar.com\/avatar\/98e1c0d637a9f3d3cd2be0e49e5387245f96e039452a34f919c9e800cad0f304?s=96&d=mm&r=g","url":"https:\/\/secure.gravatar.com\/avatar\/98e1c0d637a9f3d3cd2be0e49e5387245f96e039452a34f919c9e800cad0f304?s=96&d=mm&r=g","contentUrl":"https:\/\/secure.gravatar.com\/avatar\/98e1c0d637a9f3d3cd2be0e49e5387245f96e039452a34f919c9e800cad0f304?s=96&d=mm&r=g","caption":"carlos"},"url":"https:\/\/www.urjc2030.es\/ud\/author\/carlos\/"}]}},"_links":{"self":[{"href":"https:\/\/www.urjc2030.es\/ud\/wp-json\/wp\/v2\/posts\/1545","targetHints":{"allow":["GET"]}}],"collection":[{"href":"https:\/\/www.urjc2030.es\/ud\/wp-json\/wp\/v2\/posts"}],"about":[{"href":"https:\/\/www.urjc2030.es\/ud\/wp-json\/wp\/v2\/types\/post"}],"author":[{"embeddable":true,"href":"https:\/\/www.urjc2030.es\/ud\/wp-json\/wp\/v2\/users\/10"}],"replies":[{"embeddable":true,"href":"https:\/\/www.urjc2030.es\/ud\/wp-json\/wp\/v2\/comments?post=1545"}],"version-history":[{"count":5,"href":"https:\/\/www.urjc2030.es\/ud\/wp-json\/wp\/v2\/posts\/1545\/revisions"}],"predecessor-version":[{"id":1551,"href":"https:\/\/www.urjc2030.es\/ud\/wp-json\/wp\/v2\/posts\/1545\/revisions\/1551"}],"wp:featuredmedia":[{"embeddable":true,"href":"https:\/\/www.urjc2030.es\/ud\/wp-json\/wp\/v2\/media\/1546"}],"wp:attachment":[{"href":"https:\/\/www.urjc2030.es\/ud\/wp-json\/wp\/v2\/media?parent=1545"}],"wp:term":[{"taxonomy":"category","embeddable":true,"href":"https:\/\/www.urjc2030.es\/ud\/wp-json\/wp\/v2\/categories?post=1545"},{"taxonomy":"post_tag","embeddable":true,"href":"https:\/\/www.urjc2030.es\/ud\/wp-json\/wp\/v2\/tags?post=1545"}],"curies":[{"name":"wp","href":"https:\/\/api.w.org\/{rel}","templated":true}]}}