{"id":1048,"date":"2020-11-25T16:46:03","date_gmt":"2020-11-25T16:46:03","guid":{"rendered":"https:\/\/www.urjc2030.es\/ui\/?p=1048"},"modified":"2020-11-25T17:18:55","modified_gmt":"2020-11-25T17:18:55","slug":"protocolo-identidad-de-genero-urjc","status":"publish","type":"post","link":"https:\/\/www.urjc2030.es\/ui\/protocolo-identidad-de-genero-urjc\/","title":{"rendered":"Segundo aniversario de la aprobaci\u00f3n del protocolo que regula la gesti\u00f3n y los procedimientos relacionados con la identidad de g\u00e9nero en la Universidad Rey Juan Carlos"},"content":{"rendered":"<p>[et_pb_section fb_built=\u00bb1&#8243; _builder_version=\u00bb3.22&#8243; da_disable_devices=\u00bboff|off|off\u00bb da_is_popup=\u00bboff\u00bb da_exit_intent=\u00bboff\u00bb da_has_close=\u00bbon\u00bb da_alt_close=\u00bboff\u00bb da_dark_close=\u00bboff\u00bb da_not_modal=\u00bbon\u00bb da_is_singular=\u00bboff\u00bb da_with_loader=\u00bboff\u00bb da_has_shadow=\u00bbon\u00bb][et_pb_row _builder_version=\u00bb3.25&#8243; background_size=\u00bbinitial\u00bb background_position=\u00bbtop_left\u00bb background_repeat=\u00bbrepeat\u00bb custom_margin=\u00bb-69px|auto||auto||\u00bb][et_pb_column type=\u00bb4_4&#8243; _builder_version=\u00bb3.25&#8243; custom_padding=\u00bb|||\u00bb custom_padding__hover=\u00bb|||\u00bb][et_pb_text _builder_version=\u00bb3.27.4&#8243; background_size=\u00bbinitial\u00bb background_position=\u00bbtop_left\u00bb background_repeat=\u00bbrepeat\u00bb min_height=\u00bb350px\u00bb custom_margin=\u00bb-36px|||||\u00bb]Recientemente se han cumplido dos a\u00f1os de la aprobaci\u00f3n del \u00abProtocolo para la gesti\u00f3n y procedimientos relacionados con la identidad de g\u00e9nero en la Universidad Rey Juan Carlos\u00bb. Un documento aprobado en la sesi\u00f3n del Consejo de Gobierno celebrada el 26 de octubre de 2018. .<\/p>\n<p>Como reflejaba en su pre\u00e1mbulo, este protocolo se aprob\u00f3 con el prop\u00f3sito de \u00abgarantizar a las personas con una identidad de g\u00e9nero distinta a la asignada al nacer la posibilidad de utilizar, en los procedimientos de gesti\u00f3n acad\u00e9mica y de otra \u00edndole en la Universidad Rey Juan Carlos, un nombre en consonancia con el g\u00e9nero sentido con el que estas personas se identifican (nombre de uso com\u00fan), en especial en aquellos procedimientos y documentos de exposici\u00f3n p\u00fablica como la tarjeta universitaria, los listados de clase, actas o censos electorales y aquellos otros que sean internos de la Universidad Rey Juan Carlos.\u00bb<\/p>\n<p>El mencionado protocolo se redacta al amparo de la Ley 2\/2016, de 29 de marzo, de Identidad y Expresi\u00f3n de G\u00e9nero e Igualdad Social y no Discriminaci\u00f3n de la Comunidad de Madrid (BOCM n\u00ba 98, de 26 de abril de 2016). En dicha norma se define la identidad sexual y\/o de g\u00e9nero como \u201cLa vivencia interna e individual del g\u00e9nero tal y como cada persona la siente y auto determina, sin que deba ser definida por terceros, pudiendo corresponder o no con el sexo asignado al momento del nacimiento, y pudiendo involucrar la modificaci\u00f3n de la apariencia o la funci\u00f3n corporal a trav\u00e9s de medios farmacol\u00f3gicos, quir\u00fargicos o de otra \u00edndole, siempre que ello sea libremente escogido\u201d.<\/p>\n<p>La comunidad universitaria tiene a su disposici\u00f3n, bajo estas l\u00edneas y en un mismo fichero, tanto el texto \u00edntegro del protocolo como el documento que debe cumplimentarse para realizar la solicitud que permita la modificaci\u00f3n de nombre de uso com\u00fan, un cambio de nombre de personas transexuales, transg\u00e9nero e intersexuales.<br \/>\n[\/et_pb_text][et_pb_button button_url=\u00bbhttps:\/\/www.urjc2030.es\/ui\/wp-content\/uploads\/sites\/10\/2020\/11\/Protocolo_Procedimientos_Identidad_de_genero_URJC.pdf\u00bb url_new_window=\u00bbon\u00bb button_text=\u00bbProtocolo para la gesti\u00f3n y procedimientos relacionados con la identidad de g\u00e9nero en la URJC\u00bb _builder_version=\u00bb4.7.4&#8243; _module_preset=\u00bbdefault\u00bb custom_button=\u00bbon\u00bb button_icon=\u00bb%%252%%\u00bb saved_tabs=\u00bball\u00bb locked=\u00bboff\u00bb][\/et_pb_button][\/et_pb_column][\/et_pb_row][\/et_pb_section]<\/p>\n","protected":false},"excerpt":{"rendered":"<p>Recientemente se han cumplido dos a\u00f1os de la aprobaci\u00f3n del \u00abProtocolo para la gesti\u00f3n y procedimientos relacionados con la identidad de g\u00e9nero en la Universidad Rey Juan Carlos\u00bb. Un documento aprobado en la sesi\u00f3n del Consejo de Gobierno celebrada el 26 de octubre de 2018. . Como reflejaba en su pre\u00e1mbulo, este protocolo se aprob\u00f3 [&hellip;]<\/p>\n","protected":false},"author":4,"featured_media":1051,"comment_status":"closed","ping_status":"closed","sticky":false,"template":"","format":"standard","meta":{"_et_pb_use_builder":"on","_et_pb_old_content":"<p>Recientemente se han cumplido dos a\u00f1os de la aprobaci\u00f3n del \"Protocolo para la gesti\u00f3n y procedimientos relacionados con la identidad de g\u00e9nero en la Universidad Rey Juan Carlos\". Un documento aprobado en la sesi\u00f3n del Consejo de Gobierno celebrada el 26 de octubre de 2018. .<\/p><p>Como reflejaba en su pre\u00e1mbulo, este protocolo se aprob\u00f3 con el prop\u00f3sito de \"garantizar a las personas con una identidad de g\u00e9nero distinta a la asignada al nacer la posibilidad de utilizar, en los procedimientos de gesti\u00f3n acad\u00e9mica y de otra \u00edndole en la Universidad Rey Juan Carlos, un nombre en consonancia con el g\u00e9nero sentido con el que estas personas se identifican (nombre de uso com\u00fan), en especial en aquellos procedimientos y documentos de exposici\u00f3n p\u00fablica como la tarjeta universitaria, los listados de clase, actas o censos electorales y aquellos otros que sean internos de la Universidad Rey Juan Carlos.\"<\/p><p>El mencionado protocolo se redacta al amparo de la Ley 2\/2016, de 29 de marzo, de Identidad y Expresi\u00f3n de G\u00e9nero e Igualdad Social y no Discriminaci\u00f3n de la Comunidad de Madrid (BOCM n\u00ba 98, de 26 de abril de 2016). En dicha norma se define la identidad sexual y\/o de g\u00e9nero como \u201cLa vivencia interna e individual del g\u00e9nero tal y como cada persona la siente y auto determina, sin que deba ser definida por terceros, pudiendo corresponder o no con el sexo asignado al momento del nacimiento, y pudiendo involucrar la modificaci\u00f3n de la apariencia o la funci\u00f3n corporal a trav\u00e9s de medios farmacol\u00f3gicos, quir\u00fargicos o de otra \u00edndole, siempre que ello sea libremente escogido\u201d.<\/p><p>La comunidad universitaria tiene a su disposici\u00f3n, bajo estas l\u00edneas y en un mismo fichero, tanto el texto \u00edntegro del protocolo como el documento que debe cumplimentarse para realizar la solicitud que permita la modificaci\u00f3n de nombre de uso com\u00fan, un cambio de nombre de personas transexuales, transg\u00e9nero e intersexuales.<\/p>","_et_gb_content_width":"","cybocfi_hide_featured_image":"","footnotes":""},"categories":[9],"tags":[],"class_list":["post-1048","post","type-post","status-publish","format-standard","has-post-thumbnail","hentry","category-noticias-ui"],"yoast_head":"<!-- This site is optimized with the Yoast SEO plugin v27.4 - https:\/\/yoast.com\/product\/yoast-seo-wordpress\/ -->\n<title>Segundo aniversario de la aprobaci\u00f3n del protocolo que regula la gesti\u00f3n y los procedimientos relacionados con la identidad de g\u00e9nero en la Universidad Rey Juan Carlos - Unidad de Igualdad<\/title>\n<meta name=\"robots\" content=\"index, follow, max-snippet:-1, max-image-preview:large, max-video-preview:-1\" \/>\n<link rel=\"canonical\" href=\"https:\/\/www.urjc2030.es\/ui\/protocolo-identidad-de-genero-urjc\/\" \/>\n<meta property=\"og:locale\" content=\"es_ES\" \/>\n<meta property=\"og:type\" content=\"article\" \/>\n<meta property=\"og:title\" content=\"Segundo aniversario de la aprobaci\u00f3n del protocolo que regula la gesti\u00f3n y los procedimientos relacionados con la identidad de g\u00e9nero en la Universidad Rey Juan Carlos - Unidad de Igualdad\" \/>\n<meta property=\"og:description\" content=\"Recientemente se han cumplido dos a\u00f1os de la aprobaci\u00f3n del &quot;Protocolo para la gesti\u00f3n y procedimientos relacionados con la identidad de g\u00e9nero en la Universidad Rey Juan Carlos&quot;. Un documento aprobado en la sesi\u00f3n del Consejo de Gobierno celebrada el 26 de octubre de 2018. . Como reflejaba en su pre\u00e1mbulo, este protocolo se aprob\u00f3 [&hellip;]\" \/>\n<meta property=\"og:url\" content=\"https:\/\/www.urjc2030.es\/ui\/protocolo-identidad-de-genero-urjc\/\" \/>\n<meta property=\"og:site_name\" content=\"Unidad de Igualdad\" \/>\n<meta property=\"article:publisher\" content=\"https:\/\/www.facebook.com\/universidadreyjuancarlos\" \/>\n<meta property=\"article:published_time\" content=\"2020-11-25T16:46:03+00:00\" \/>\n<meta property=\"article:modified_time\" content=\"2020-11-25T17:18:55+00:00\" \/>\n<meta property=\"og:image\" content=\"https:\/\/www.urjc2030.es\/ui\/wp-content\/uploads\/sites\/10\/2020\/11\/UI_Mostoles_Campus.jpg\" \/>\n\t<meta property=\"og:image:width\" content=\"799\" \/>\n\t<meta property=\"og:image:height\" content=\"533\" \/>\n\t<meta property=\"og:image:type\" content=\"image\/jpeg\" \/>\n<meta name=\"author\" content=\"manuelmontes\" \/>\n<meta name=\"twitter:card\" content=\"summary_large_image\" \/>\n<meta name=\"twitter:creator\" content=\"@urjc\" \/>\n<meta name=\"twitter:site\" content=\"@urjc\" \/>\n<script type=\"application\/ld+json\" class=\"yoast-schema-graph\">{\"@context\":\"https:\\\/\\\/schema.org\",\"@graph\":[{\"@type\":\"Article\",\"@id\":\"https:\\\/\\\/www.urjc2030.es\\\/ui\\\/protocolo-identidad-de-genero-urjc\\\/#article\",\"isPartOf\":{\"@id\":\"https:\\\/\\\/www.urjc2030.es\\\/ui\\\/protocolo-identidad-de-genero-urjc\\\/\"},\"author\":{\"name\":\"manuelmontes\",\"@id\":\"https:\\\/\\\/www.urjc2030.es\\\/ui\\\/#\\\/schema\\\/person\\\/c11960e1b4f082b313c6cded6df9810d\"},\"headline\":\"Segundo aniversario de la aprobaci\u00f3n del protocolo que regula la gesti\u00f3n y los procedimientos relacionados con la identidad de g\u00e9nero en la Universidad Rey Juan Carlos\",\"datePublished\":\"2020-11-25T16:46:03+00:00\",\"dateModified\":\"2020-11-25T17:18:55+00:00\",\"mainEntityOfPage\":{\"@id\":\"https:\\\/\\\/www.urjc2030.es\\\/ui\\\/protocolo-identidad-de-genero-urjc\\\/\"},\"wordCount\":541,\"publisher\":{\"@id\":\"https:\\\/\\\/www.urjc2030.es\\\/ui\\\/#organization\"},\"image\":{\"@id\":\"https:\\\/\\\/www.urjc2030.es\\\/ui\\\/protocolo-identidad-de-genero-urjc\\\/#primaryimage\"},\"thumbnailUrl\":\"https:\\\/\\\/www.urjc2030.es\\\/ui\\\/wp-content\\\/uploads\\\/sites\\\/10\\\/2020\\\/11\\\/UI_Mostoles_Campus.jpg\",\"articleSection\":[\"Noticias\"],\"inLanguage\":\"es\"},{\"@type\":\"WebPage\",\"@id\":\"https:\\\/\\\/www.urjc2030.es\\\/ui\\\/protocolo-identidad-de-genero-urjc\\\/\",\"url\":\"https:\\\/\\\/www.urjc2030.es\\\/ui\\\/protocolo-identidad-de-genero-urjc\\\/\",\"name\":\"Segundo aniversario de la aprobaci\u00f3n del protocolo que regula la gesti\u00f3n y los procedimientos relacionados con la identidad de g\u00e9nero en la Universidad Rey Juan Carlos - Unidad de Igualdad\",\"isPartOf\":{\"@id\":\"https:\\\/\\\/www.urjc2030.es\\\/ui\\\/#website\"},\"primaryImageOfPage\":{\"@id\":\"https:\\\/\\\/www.urjc2030.es\\\/ui\\\/protocolo-identidad-de-genero-urjc\\\/#primaryimage\"},\"image\":{\"@id\":\"https:\\\/\\\/www.urjc2030.es\\\/ui\\\/protocolo-identidad-de-genero-urjc\\\/#primaryimage\"},\"thumbnailUrl\":\"https:\\\/\\\/www.urjc2030.es\\\/ui\\\/wp-content\\\/uploads\\\/sites\\\/10\\\/2020\\\/11\\\/UI_Mostoles_Campus.jpg\",\"datePublished\":\"2020-11-25T16:46:03+00:00\",\"dateModified\":\"2020-11-25T17:18:55+00:00\",\"breadcrumb\":{\"@id\":\"https:\\\/\\\/www.urjc2030.es\\\/ui\\\/protocolo-identidad-de-genero-urjc\\\/#breadcrumb\"},\"inLanguage\":\"es\",\"potentialAction\":[{\"@type\":\"ReadAction\",\"target\":[\"https:\\\/\\\/www.urjc2030.es\\\/ui\\\/protocolo-identidad-de-genero-urjc\\\/\"]}]},{\"@type\":\"ImageObject\",\"inLanguage\":\"es\",\"@id\":\"https:\\\/\\\/www.urjc2030.es\\\/ui\\\/protocolo-identidad-de-genero-urjc\\\/#primaryimage\",\"url\":\"https:\\\/\\\/www.urjc2030.es\\\/ui\\\/wp-content\\\/uploads\\\/sites\\\/10\\\/2020\\\/11\\\/UI_Mostoles_Campus.jpg\",\"contentUrl\":\"https:\\\/\\\/www.urjc2030.es\\\/ui\\\/wp-content\\\/uploads\\\/sites\\\/10\\\/2020\\\/11\\\/UI_Mostoles_Campus.jpg\",\"width\":799,\"height\":533,\"caption\":\"Campus de M\u00f3stoles URJC\"},{\"@type\":\"BreadcrumbList\",\"@id\":\"https:\\\/\\\/www.urjc2030.es\\\/ui\\\/protocolo-identidad-de-genero-urjc\\\/#breadcrumb\",\"itemListElement\":[{\"@type\":\"ListItem\",\"position\":1,\"name\":\"Portada\",\"item\":\"https:\\\/\\\/www.urjc2030.es\\\/ui\\\/\"},{\"@type\":\"ListItem\",\"position\":2,\"name\":\"Segundo aniversario de la aprobaci\u00f3n del protocolo que regula la gesti\u00f3n y los procedimientos relacionados con la identidad de g\u00e9nero en la Universidad Rey Juan Carlos\"}]},{\"@type\":\"WebSite\",\"@id\":\"https:\\\/\\\/www.urjc2030.es\\\/ui\\\/#website\",\"url\":\"https:\\\/\\\/www.urjc2030.es\\\/ui\\\/\",\"name\":\"Unidad de Igualdad\",\"description\":\"Elaborar, dar seguimiento y evaluar el Plan de Igualdad de la URJC, as\u00ed como velar por cumplimiento de la legislaci\u00f3n vigente en materia de igualdad efectiva entre mujeres y hombres.\",\"publisher\":{\"@id\":\"https:\\\/\\\/www.urjc2030.es\\\/ui\\\/#organization\"},\"potentialAction\":[{\"@type\":\"SearchAction\",\"target\":{\"@type\":\"EntryPoint\",\"urlTemplate\":\"https:\\\/\\\/www.urjc2030.es\\\/ui\\\/?s={search_term_string}\"},\"query-input\":{\"@type\":\"PropertyValueSpecification\",\"valueRequired\":true,\"valueName\":\"search_term_string\"}}],\"inLanguage\":\"es\"},{\"@type\":\"Organization\",\"@id\":\"https:\\\/\\\/www.urjc2030.es\\\/ui\\\/#organization\",\"name\":\"Universidad Rey Juan Carlos\",\"url\":\"https:\\\/\\\/www.urjc2030.es\\\/ui\\\/\",\"logo\":{\"@type\":\"ImageObject\",\"inLanguage\":\"es\",\"@id\":\"https:\\\/\\\/www.urjc2030.es\\\/ui\\\/#\\\/schema\\\/logo\\\/image\\\/\",\"url\":\"https:\\\/\\\/www.urjc2030.es\\\/ui\\\/wp-content\\\/uploads\\\/sites\\\/10\\\/2020\\\/10\\\/logoURJC.png\",\"contentUrl\":\"https:\\\/\\\/www.urjc2030.es\\\/ui\\\/wp-content\\\/uploads\\\/sites\\\/10\\\/2020\\\/10\\\/logoURJC.png\",\"width\":800,\"height\":305,\"caption\":\"Universidad Rey Juan Carlos\"},\"image\":{\"@id\":\"https:\\\/\\\/www.urjc2030.es\\\/ui\\\/#\\\/schema\\\/logo\\\/image\\\/\"},\"sameAs\":[\"https:\\\/\\\/www.facebook.com\\\/universidadreyjuancarlos\",\"https:\\\/\\\/x.com\\\/urjc\",\"https:\\\/\\\/www.instagram.com\\\/urjc_uni\\\/?hl=es\"]},{\"@type\":\"Person\",\"@id\":\"https:\\\/\\\/www.urjc2030.es\\\/ui\\\/#\\\/schema\\\/person\\\/c11960e1b4f082b313c6cded6df9810d\",\"name\":\"manuelmontes\",\"image\":{\"@type\":\"ImageObject\",\"inLanguage\":\"es\",\"@id\":\"https:\\\/\\\/secure.gravatar.com\\\/avatar\\\/a5393e1280028f4c1020b5cafdab0b01785c98430d235b41a2479b872b4d2fdc?s=96&d=mm&r=g\",\"url\":\"https:\\\/\\\/secure.gravatar.com\\\/avatar\\\/a5393e1280028f4c1020b5cafdab0b01785c98430d235b41a2479b872b4d2fdc?s=96&d=mm&r=g\",\"contentUrl\":\"https:\\\/\\\/secure.gravatar.com\\\/avatar\\\/a5393e1280028f4c1020b5cafdab0b01785c98430d235b41a2479b872b4d2fdc?s=96&d=mm&r=g\",\"caption\":\"manuelmontes\"},\"url\":\"https:\\\/\\\/www.urjc2030.es\\\/ui\\\/author\\\/manuelmontes\\\/\"}]}<\/script>\n<!-- \/ Yoast SEO plugin. -->","yoast_head_json":{"title":"Segundo aniversario de la aprobaci\u00f3n del protocolo que regula la gesti\u00f3n y los procedimientos relacionados con la identidad de g\u00e9nero en la Universidad Rey Juan Carlos - Unidad de Igualdad","robots":{"index":"index","follow":"follow","max-snippet":"max-snippet:-1","max-image-preview":"max-image-preview:large","max-video-preview":"max-video-preview:-1"},"canonical":"https:\/\/www.urjc2030.es\/ui\/protocolo-identidad-de-genero-urjc\/","og_locale":"es_ES","og_type":"article","og_title":"Segundo aniversario de la aprobaci\u00f3n del protocolo que regula la gesti\u00f3n y los procedimientos relacionados con la identidad de g\u00e9nero en la Universidad Rey Juan Carlos - Unidad de Igualdad","og_description":"Recientemente se han cumplido dos a\u00f1os de la aprobaci\u00f3n del \"Protocolo para la gesti\u00f3n y procedimientos relacionados con la identidad de g\u00e9nero en la Universidad Rey Juan Carlos\". Un documento aprobado en la sesi\u00f3n del Consejo de Gobierno celebrada el 26 de octubre de 2018. . Como reflejaba en su pre\u00e1mbulo, este protocolo se aprob\u00f3 [&hellip;]","og_url":"https:\/\/www.urjc2030.es\/ui\/protocolo-identidad-de-genero-urjc\/","og_site_name":"Unidad de Igualdad","article_publisher":"https:\/\/www.facebook.com\/universidadreyjuancarlos","article_published_time":"2020-11-25T16:46:03+00:00","article_modified_time":"2020-11-25T17:18:55+00:00","og_image":[{"width":799,"height":533,"url":"https:\/\/www.urjc2030.es\/ui\/wp-content\/uploads\/sites\/10\/2020\/11\/UI_Mostoles_Campus.jpg","type":"image\/jpeg"}],"author":"manuelmontes","twitter_card":"summary_large_image","twitter_creator":"@urjc","twitter_site":"@urjc","schema":{"@context":"https:\/\/schema.org","@graph":[{"@type":"Article","@id":"https:\/\/www.urjc2030.es\/ui\/protocolo-identidad-de-genero-urjc\/#article","isPartOf":{"@id":"https:\/\/www.urjc2030.es\/ui\/protocolo-identidad-de-genero-urjc\/"},"author":{"name":"manuelmontes","@id":"https:\/\/www.urjc2030.es\/ui\/#\/schema\/person\/c11960e1b4f082b313c6cded6df9810d"},"headline":"Segundo aniversario de la aprobaci\u00f3n del protocolo que regula la gesti\u00f3n y los procedimientos relacionados con la identidad de g\u00e9nero en la Universidad Rey Juan Carlos","datePublished":"2020-11-25T16:46:03+00:00","dateModified":"2020-11-25T17:18:55+00:00","mainEntityOfPage":{"@id":"https:\/\/www.urjc2030.es\/ui\/protocolo-identidad-de-genero-urjc\/"},"wordCount":541,"publisher":{"@id":"https:\/\/www.urjc2030.es\/ui\/#organization"},"image":{"@id":"https:\/\/www.urjc2030.es\/ui\/protocolo-identidad-de-genero-urjc\/#primaryimage"},"thumbnailUrl":"https:\/\/www.urjc2030.es\/ui\/wp-content\/uploads\/sites\/10\/2020\/11\/UI_Mostoles_Campus.jpg","articleSection":["Noticias"],"inLanguage":"es"},{"@type":"WebPage","@id":"https:\/\/www.urjc2030.es\/ui\/protocolo-identidad-de-genero-urjc\/","url":"https:\/\/www.urjc2030.es\/ui\/protocolo-identidad-de-genero-urjc\/","name":"Segundo aniversario de la aprobaci\u00f3n del protocolo que regula la gesti\u00f3n y los procedimientos relacionados con la identidad de g\u00e9nero en la Universidad Rey Juan Carlos - Unidad de Igualdad","isPartOf":{"@id":"https:\/\/www.urjc2030.es\/ui\/#website"},"primaryImageOfPage":{"@id":"https:\/\/www.urjc2030.es\/ui\/protocolo-identidad-de-genero-urjc\/#primaryimage"},"image":{"@id":"https:\/\/www.urjc2030.es\/ui\/protocolo-identidad-de-genero-urjc\/#primaryimage"},"thumbnailUrl":"https:\/\/www.urjc2030.es\/ui\/wp-content\/uploads\/sites\/10\/2020\/11\/UI_Mostoles_Campus.jpg","datePublished":"2020-11-25T16:46:03+00:00","dateModified":"2020-11-25T17:18:55+00:00","breadcrumb":{"@id":"https:\/\/www.urjc2030.es\/ui\/protocolo-identidad-de-genero-urjc\/#breadcrumb"},"inLanguage":"es","potentialAction":[{"@type":"ReadAction","target":["https:\/\/www.urjc2030.es\/ui\/protocolo-identidad-de-genero-urjc\/"]}]},{"@type":"ImageObject","inLanguage":"es","@id":"https:\/\/www.urjc2030.es\/ui\/protocolo-identidad-de-genero-urjc\/#primaryimage","url":"https:\/\/www.urjc2030.es\/ui\/wp-content\/uploads\/sites\/10\/2020\/11\/UI_Mostoles_Campus.jpg","contentUrl":"https:\/\/www.urjc2030.es\/ui\/wp-content\/uploads\/sites\/10\/2020\/11\/UI_Mostoles_Campus.jpg","width":799,"height":533,"caption":"Campus de M\u00f3stoles URJC"},{"@type":"BreadcrumbList","@id":"https:\/\/www.urjc2030.es\/ui\/protocolo-identidad-de-genero-urjc\/#breadcrumb","itemListElement":[{"@type":"ListItem","position":1,"name":"Portada","item":"https:\/\/www.urjc2030.es\/ui\/"},{"@type":"ListItem","position":2,"name":"Segundo aniversario de la aprobaci\u00f3n del protocolo que regula la gesti\u00f3n y los procedimientos relacionados con la identidad de g\u00e9nero en la Universidad Rey Juan Carlos"}]},{"@type":"WebSite","@id":"https:\/\/www.urjc2030.es\/ui\/#website","url":"https:\/\/www.urjc2030.es\/ui\/","name":"Unidad de Igualdad","description":"Elaborar, dar seguimiento y evaluar el Plan de Igualdad de la URJC, as\u00ed como velar por cumplimiento de la legislaci\u00f3n vigente en materia de igualdad efectiva entre mujeres y hombres.","publisher":{"@id":"https:\/\/www.urjc2030.es\/ui\/#organization"},"potentialAction":[{"@type":"SearchAction","target":{"@type":"EntryPoint","urlTemplate":"https:\/\/www.urjc2030.es\/ui\/?s={search_term_string}"},"query-input":{"@type":"PropertyValueSpecification","valueRequired":true,"valueName":"search_term_string"}}],"inLanguage":"es"},{"@type":"Organization","@id":"https:\/\/www.urjc2030.es\/ui\/#organization","name":"Universidad Rey Juan Carlos","url":"https:\/\/www.urjc2030.es\/ui\/","logo":{"@type":"ImageObject","inLanguage":"es","@id":"https:\/\/www.urjc2030.es\/ui\/#\/schema\/logo\/image\/","url":"https:\/\/www.urjc2030.es\/ui\/wp-content\/uploads\/sites\/10\/2020\/10\/logoURJC.png","contentUrl":"https:\/\/www.urjc2030.es\/ui\/wp-content\/uploads\/sites\/10\/2020\/10\/logoURJC.png","width":800,"height":305,"caption":"Universidad Rey Juan Carlos"},"image":{"@id":"https:\/\/www.urjc2030.es\/ui\/#\/schema\/logo\/image\/"},"sameAs":["https:\/\/www.facebook.com\/universidadreyjuancarlos","https:\/\/x.com\/urjc","https:\/\/www.instagram.com\/urjc_uni\/?hl=es"]},{"@type":"Person","@id":"https:\/\/www.urjc2030.es\/ui\/#\/schema\/person\/c11960e1b4f082b313c6cded6df9810d","name":"manuelmontes","image":{"@type":"ImageObject","inLanguage":"es","@id":"https:\/\/secure.gravatar.com\/avatar\/a5393e1280028f4c1020b5cafdab0b01785c98430d235b41a2479b872b4d2fdc?s=96&d=mm&r=g","url":"https:\/\/secure.gravatar.com\/avatar\/a5393e1280028f4c1020b5cafdab0b01785c98430d235b41a2479b872b4d2fdc?s=96&d=mm&r=g","contentUrl":"https:\/\/secure.gravatar.com\/avatar\/a5393e1280028f4c1020b5cafdab0b01785c98430d235b41a2479b872b4d2fdc?s=96&d=mm&r=g","caption":"manuelmontes"},"url":"https:\/\/www.urjc2030.es\/ui\/author\/manuelmontes\/"}]}},"_links":{"self":[{"href":"https:\/\/www.urjc2030.es\/ui\/wp-json\/wp\/v2\/posts\/1048","targetHints":{"allow":["GET"]}}],"collection":[{"href":"https:\/\/www.urjc2030.es\/ui\/wp-json\/wp\/v2\/posts"}],"about":[{"href":"https:\/\/www.urjc2030.es\/ui\/wp-json\/wp\/v2\/types\/post"}],"author":[{"embeddable":true,"href":"https:\/\/www.urjc2030.es\/ui\/wp-json\/wp\/v2\/users\/4"}],"replies":[{"embeddable":true,"href":"https:\/\/www.urjc2030.es\/ui\/wp-json\/wp\/v2\/comments?post=1048"}],"version-history":[{"count":6,"href":"https:\/\/www.urjc2030.es\/ui\/wp-json\/wp\/v2\/posts\/1048\/revisions"}],"predecessor-version":[{"id":1059,"href":"https:\/\/www.urjc2030.es\/ui\/wp-json\/wp\/v2\/posts\/1048\/revisions\/1059"}],"wp:featuredmedia":[{"embeddable":true,"href":"https:\/\/www.urjc2030.es\/ui\/wp-json\/wp\/v2\/media\/1051"}],"wp:attachment":[{"href":"https:\/\/www.urjc2030.es\/ui\/wp-json\/wp\/v2\/media?parent=1048"}],"wp:term":[{"taxonomy":"category","embeddable":true,"href":"https:\/\/www.urjc2030.es\/ui\/wp-json\/wp\/v2\/categories?post=1048"},{"taxonomy":"post_tag","embeddable":true,"href":"https:\/\/www.urjc2030.es\/ui\/wp-json\/wp\/v2\/tags?post=1048"}],"curies":[{"name":"wp","href":"https:\/\/api.w.org\/{rel}","templated":true}]}}