{"id":1070,"date":"2021-01-12T13:42:42","date_gmt":"2021-01-12T13:42:42","guid":{"rendered":"https:\/\/www.urjc2030.es\/ui\/?p=1070"},"modified":"2021-01-12T13:46:05","modified_gmt":"2021-01-12T13:46:05","slug":"iv-jornadas-arte-poder-y-genero","status":"publish","type":"post","link":"https:\/\/www.urjc2030.es\/ui\/iv-jornadas-arte-poder-y-genero\/","title":{"rendered":"Ya est\u00e1 abierta la inscripci\u00f3n para las \u201cIV Jornadas Arte, Poder y G\u00e9nero. Mujer y Retrato en el Renacimiento: Usos, funciones y formas de exhibici\u00f3n\u201d"},"content":{"rendered":"<p><img loading=\"lazy\" decoding=\"async\" class=\"size-medium wp-image-1069 alignright\" src=\"https:\/\/www.urjc2030.es\/ui\/wp-content\/uploads\/sites\/10\/2021\/01\/JornadasArte-300x100.jpg\" alt=\"\" width=\"300\" height=\"100\" \/><strong>Alejandra Mercedes Hern\u00e1ndez Graham<\/strong>. El objetivo del encuentro es la formaci\u00f3n de los asistentes a trav\u00e9s de las conferencias ofrecidas por los distintos investigadores de prestigiosos centros de investigaci\u00f3n europeos en la que ense\u00f1ar\u00e1n sus conocimientos sobre coleccionistas importantes de la Europa Moderna.<\/p>\n<p>Las jornadas, que se celebran el 29 y 30 de abril, incluye distintas mesas tem\u00e1ticas, entre las que se incluye; \u201cRetratos femeninos en peque\u00f1o formato en la corte de Felipe II: medallas, camafeos y miniaturas\u201d o \u201cThe Failure to Construct a Visual Image of Gendered Power: Anthonis Mor&#8217;s Portraitof Mary I, Queen of England\u201d<\/p>\n<p>El evento est\u00e1 dirigido a estudiantes de grado y posgrado de Historia del Arte, Historia, Geograf\u00eda, Filosof\u00eda y Bellas Artes. Tambi\u00e9n se abre a investigadores especializados en estudios de coleccionismo femenino en la Edad Moderna y todo aquel p\u00fablico interesado en el Arte y la Historia.<\/p>\n<p>Docentes e investigadores pueden participar en estas Jornadas presentando sus solicitudes de ponencias para su evaluaci\u00f3n. Hasta el 31 de marzo se aceptar\u00e1n las propuestas que giren en torno a los siguientes temas: \u201cMujer y Retrato en el Renacimiento: usos y funciones\u201d, \u201cLas galer\u00edas de retratos en el Renacimiento; Pintoras en las cortes del Renacimiento\u201d, \u201cOrigen y evoluci\u00f3n de las colecciones de retratos en el Renacimiento.\u201d<\/p>\n<p>El plazo de inscripci\u00f3n, tanto para asistentes como para participantes finaliza el 22 de abril de 2021 y se deber\u00e1 realizar a trav\u00e9s de la aplicaci\u00f3n Casiopea. Los interesados podr\u00e1n informarse a trav\u00e9s del siguiente enlace: <a href=\"https:\/\/www.um.es\/web\/jornadas-artepoderygenero\/contenido\/inscripcion\" target=\"_blank\" rel=\"noopener noreferrer\">https:\/\/www.um.es\/web\/jornadas-artepoderygenero\/contenido\/inscripcion<\/a><\/p>\n","protected":false},"excerpt":{"rendered":"<p>Alejandra Mercedes Hern\u00e1ndez Graham. El objetivo del encuentro es la formaci\u00f3n de los asistentes a trav\u00e9s de las conferencias ofrecidas por los distintos investigadores de prestigiosos centros de investigaci\u00f3n europeos en la que ense\u00f1ar\u00e1n sus conocimientos sobre coleccionistas importantes de la Europa Moderna. Las jornadas, que se celebran el 29 y 30 de abril, incluye [&hellip;]<\/p>\n","protected":false},"author":4,"featured_media":1069,"comment_status":"closed","ping_status":"closed","sticky":false,"template":"","format":"standard","meta":{"_et_pb_use_builder":"","_et_pb_old_content":"","_et_gb_content_width":"","cybocfi_hide_featured_image":"","footnotes":""},"categories":[9],"tags":[],"class_list":["post-1070","post","type-post","status-publish","format-standard","has-post-thumbnail","hentry","category-noticias-ui"],"yoast_head":"<!-- This site is optimized with the Yoast SEO plugin v27.4 - https:\/\/yoast.com\/product\/yoast-seo-wordpress\/ -->\n<title>Ya est\u00e1 abierta la inscripci\u00f3n para las \u201cIV Jornadas Arte, Poder y G\u00e9nero. Mujer y Retrato en el Renacimiento: Usos, funciones y formas de exhibici\u00f3n\u201d - Unidad de Igualdad<\/title>\n<meta name=\"robots\" content=\"index, follow, max-snippet:-1, max-image-preview:large, max-video-preview:-1\" \/>\n<link rel=\"canonical\" href=\"https:\/\/www.urjc2030.es\/ui\/iv-jornadas-arte-poder-y-genero\/\" \/>\n<meta property=\"og:locale\" content=\"es_ES\" \/>\n<meta property=\"og:type\" content=\"article\" \/>\n<meta property=\"og:title\" content=\"Ya est\u00e1 abierta la inscripci\u00f3n para las \u201cIV Jornadas Arte, Poder y G\u00e9nero. Mujer y Retrato en el Renacimiento: Usos, funciones y formas de exhibici\u00f3n\u201d - Unidad de Igualdad\" \/>\n<meta property=\"og:description\" content=\"Alejandra Mercedes Hern\u00e1ndez Graham. El objetivo del encuentro es la formaci\u00f3n de los asistentes a trav\u00e9s de las conferencias ofrecidas por los distintos investigadores de prestigiosos centros de investigaci\u00f3n europeos en la que ense\u00f1ar\u00e1n sus conocimientos sobre coleccionistas importantes de la Europa Moderna. Las jornadas, que se celebran el 29 y 30 de abril, incluye [&hellip;]\" \/>\n<meta property=\"og:url\" content=\"https:\/\/www.urjc2030.es\/ui\/iv-jornadas-arte-poder-y-genero\/\" \/>\n<meta property=\"og:site_name\" content=\"Unidad de Igualdad\" \/>\n<meta property=\"article:publisher\" content=\"https:\/\/www.facebook.com\/universidadreyjuancarlos\" \/>\n<meta property=\"article:published_time\" content=\"2021-01-12T13:42:42+00:00\" \/>\n<meta property=\"article:modified_time\" content=\"2021-01-12T13:46:05+00:00\" \/>\n<meta property=\"og:image\" content=\"https:\/\/www.urjc2030.es\/ui\/wp-content\/uploads\/sites\/10\/2021\/01\/JornadasArte.jpg\" \/>\n\t<meta property=\"og:image:width\" content=\"1920\" \/>\n\t<meta property=\"og:image:height\" content=\"640\" \/>\n\t<meta property=\"og:image:type\" content=\"image\/jpeg\" \/>\n<meta name=\"author\" content=\"manuelmontes\" \/>\n<meta name=\"twitter:card\" content=\"summary_large_image\" \/>\n<meta name=\"twitter:creator\" content=\"@urjc\" \/>\n<meta name=\"twitter:site\" content=\"@urjc\" \/>\n<script type=\"application\/ld+json\" class=\"yoast-schema-graph\">{\"@context\":\"https:\\\/\\\/schema.org\",\"@graph\":[{\"@type\":\"Article\",\"@id\":\"https:\\\/\\\/www.urjc2030.es\\\/ui\\\/iv-jornadas-arte-poder-y-genero\\\/#article\",\"isPartOf\":{\"@id\":\"https:\\\/\\\/www.urjc2030.es\\\/ui\\\/iv-jornadas-arte-poder-y-genero\\\/\"},\"author\":{\"name\":\"manuelmontes\",\"@id\":\"https:\\\/\\\/www.urjc2030.es\\\/ui\\\/#\\\/schema\\\/person\\\/c11960e1b4f082b313c6cded6df9810d\"},\"headline\":\"Ya est\u00e1 abierta la inscripci\u00f3n para las \u201cIV Jornadas Arte, Poder y G\u00e9nero. Mujer y Retrato en el Renacimiento: Usos, funciones y formas de exhibici\u00f3n\u201d\",\"datePublished\":\"2021-01-12T13:42:42+00:00\",\"dateModified\":\"2021-01-12T13:46:05+00:00\",\"mainEntityOfPage\":{\"@id\":\"https:\\\/\\\/www.urjc2030.es\\\/ui\\\/iv-jornadas-arte-poder-y-genero\\\/\"},\"wordCount\":298,\"publisher\":{\"@id\":\"https:\\\/\\\/www.urjc2030.es\\\/ui\\\/#organization\"},\"image\":{\"@id\":\"https:\\\/\\\/www.urjc2030.es\\\/ui\\\/iv-jornadas-arte-poder-y-genero\\\/#primaryimage\"},\"thumbnailUrl\":\"https:\\\/\\\/www.urjc2030.es\\\/ui\\\/wp-content\\\/uploads\\\/sites\\\/10\\\/2021\\\/01\\\/JornadasArte.jpg\",\"articleSection\":[\"Noticias\"],\"inLanguage\":\"es\"},{\"@type\":\"WebPage\",\"@id\":\"https:\\\/\\\/www.urjc2030.es\\\/ui\\\/iv-jornadas-arte-poder-y-genero\\\/\",\"url\":\"https:\\\/\\\/www.urjc2030.es\\\/ui\\\/iv-jornadas-arte-poder-y-genero\\\/\",\"name\":\"Ya est\u00e1 abierta la inscripci\u00f3n para las \u201cIV Jornadas Arte, Poder y G\u00e9nero. Mujer y Retrato en el Renacimiento: Usos, funciones y formas de exhibici\u00f3n\u201d - Unidad de Igualdad\",\"isPartOf\":{\"@id\":\"https:\\\/\\\/www.urjc2030.es\\\/ui\\\/#website\"},\"primaryImageOfPage\":{\"@id\":\"https:\\\/\\\/www.urjc2030.es\\\/ui\\\/iv-jornadas-arte-poder-y-genero\\\/#primaryimage\"},\"image\":{\"@id\":\"https:\\\/\\\/www.urjc2030.es\\\/ui\\\/iv-jornadas-arte-poder-y-genero\\\/#primaryimage\"},\"thumbnailUrl\":\"https:\\\/\\\/www.urjc2030.es\\\/ui\\\/wp-content\\\/uploads\\\/sites\\\/10\\\/2021\\\/01\\\/JornadasArte.jpg\",\"datePublished\":\"2021-01-12T13:42:42+00:00\",\"dateModified\":\"2021-01-12T13:46:05+00:00\",\"breadcrumb\":{\"@id\":\"https:\\\/\\\/www.urjc2030.es\\\/ui\\\/iv-jornadas-arte-poder-y-genero\\\/#breadcrumb\"},\"inLanguage\":\"es\",\"potentialAction\":[{\"@type\":\"ReadAction\",\"target\":[\"https:\\\/\\\/www.urjc2030.es\\\/ui\\\/iv-jornadas-arte-poder-y-genero\\\/\"]}]},{\"@type\":\"ImageObject\",\"inLanguage\":\"es\",\"@id\":\"https:\\\/\\\/www.urjc2030.es\\\/ui\\\/iv-jornadas-arte-poder-y-genero\\\/#primaryimage\",\"url\":\"https:\\\/\\\/www.urjc2030.es\\\/ui\\\/wp-content\\\/uploads\\\/sites\\\/10\\\/2021\\\/01\\\/JornadasArte.jpg\",\"contentUrl\":\"https:\\\/\\\/www.urjc2030.es\\\/ui\\\/wp-content\\\/uploads\\\/sites\\\/10\\\/2021\\\/01\\\/JornadasArte.jpg\",\"width\":1920,\"height\":640,\"caption\":\"Jornadas de Arte\"},{\"@type\":\"BreadcrumbList\",\"@id\":\"https:\\\/\\\/www.urjc2030.es\\\/ui\\\/iv-jornadas-arte-poder-y-genero\\\/#breadcrumb\",\"itemListElement\":[{\"@type\":\"ListItem\",\"position\":1,\"name\":\"Portada\",\"item\":\"https:\\\/\\\/www.urjc2030.es\\\/ui\\\/\"},{\"@type\":\"ListItem\",\"position\":2,\"name\":\"Ya est\u00e1 abierta la inscripci\u00f3n para las \u201cIV Jornadas Arte, Poder y G\u00e9nero. Mujer y Retrato en el Renacimiento: Usos, funciones y formas de exhibici\u00f3n\u201d\"}]},{\"@type\":\"WebSite\",\"@id\":\"https:\\\/\\\/www.urjc2030.es\\\/ui\\\/#website\",\"url\":\"https:\\\/\\\/www.urjc2030.es\\\/ui\\\/\",\"name\":\"Unidad de Igualdad\",\"description\":\"Elaborar, dar seguimiento y evaluar el Plan de Igualdad de la URJC, as\u00ed como velar por cumplimiento de la legislaci\u00f3n vigente en materia de igualdad efectiva entre mujeres y hombres.\",\"publisher\":{\"@id\":\"https:\\\/\\\/www.urjc2030.es\\\/ui\\\/#organization\"},\"potentialAction\":[{\"@type\":\"SearchAction\",\"target\":{\"@type\":\"EntryPoint\",\"urlTemplate\":\"https:\\\/\\\/www.urjc2030.es\\\/ui\\\/?s={search_term_string}\"},\"query-input\":{\"@type\":\"PropertyValueSpecification\",\"valueRequired\":true,\"valueName\":\"search_term_string\"}}],\"inLanguage\":\"es\"},{\"@type\":\"Organization\",\"@id\":\"https:\\\/\\\/www.urjc2030.es\\\/ui\\\/#organization\",\"name\":\"Universidad Rey Juan Carlos\",\"url\":\"https:\\\/\\\/www.urjc2030.es\\\/ui\\\/\",\"logo\":{\"@type\":\"ImageObject\",\"inLanguage\":\"es\",\"@id\":\"https:\\\/\\\/www.urjc2030.es\\\/ui\\\/#\\\/schema\\\/logo\\\/image\\\/\",\"url\":\"https:\\\/\\\/www.urjc2030.es\\\/ui\\\/wp-content\\\/uploads\\\/sites\\\/10\\\/2020\\\/10\\\/logoURJC.png\",\"contentUrl\":\"https:\\\/\\\/www.urjc2030.es\\\/ui\\\/wp-content\\\/uploads\\\/sites\\\/10\\\/2020\\\/10\\\/logoURJC.png\",\"width\":800,\"height\":305,\"caption\":\"Universidad Rey Juan Carlos\"},\"image\":{\"@id\":\"https:\\\/\\\/www.urjc2030.es\\\/ui\\\/#\\\/schema\\\/logo\\\/image\\\/\"},\"sameAs\":[\"https:\\\/\\\/www.facebook.com\\\/universidadreyjuancarlos\",\"https:\\\/\\\/x.com\\\/urjc\",\"https:\\\/\\\/www.instagram.com\\\/urjc_uni\\\/?hl=es\"]},{\"@type\":\"Person\",\"@id\":\"https:\\\/\\\/www.urjc2030.es\\\/ui\\\/#\\\/schema\\\/person\\\/c11960e1b4f082b313c6cded6df9810d\",\"name\":\"manuelmontes\",\"image\":{\"@type\":\"ImageObject\",\"inLanguage\":\"es\",\"@id\":\"https:\\\/\\\/secure.gravatar.com\\\/avatar\\\/a5393e1280028f4c1020b5cafdab0b01785c98430d235b41a2479b872b4d2fdc?s=96&d=mm&r=g\",\"url\":\"https:\\\/\\\/secure.gravatar.com\\\/avatar\\\/a5393e1280028f4c1020b5cafdab0b01785c98430d235b41a2479b872b4d2fdc?s=96&d=mm&r=g\",\"contentUrl\":\"https:\\\/\\\/secure.gravatar.com\\\/avatar\\\/a5393e1280028f4c1020b5cafdab0b01785c98430d235b41a2479b872b4d2fdc?s=96&d=mm&r=g\",\"caption\":\"manuelmontes\"},\"url\":\"https:\\\/\\\/www.urjc2030.es\\\/ui\\\/author\\\/manuelmontes\\\/\"}]}<\/script>\n<!-- \/ Yoast SEO plugin. -->","yoast_head_json":{"title":"Ya est\u00e1 abierta la inscripci\u00f3n para las \u201cIV Jornadas Arte, Poder y G\u00e9nero. Mujer y Retrato en el Renacimiento: Usos, funciones y formas de exhibici\u00f3n\u201d - Unidad de Igualdad","robots":{"index":"index","follow":"follow","max-snippet":"max-snippet:-1","max-image-preview":"max-image-preview:large","max-video-preview":"max-video-preview:-1"},"canonical":"https:\/\/www.urjc2030.es\/ui\/iv-jornadas-arte-poder-y-genero\/","og_locale":"es_ES","og_type":"article","og_title":"Ya est\u00e1 abierta la inscripci\u00f3n para las \u201cIV Jornadas Arte, Poder y G\u00e9nero. Mujer y Retrato en el Renacimiento: Usos, funciones y formas de exhibici\u00f3n\u201d - Unidad de Igualdad","og_description":"Alejandra Mercedes Hern\u00e1ndez Graham. El objetivo del encuentro es la formaci\u00f3n de los asistentes a trav\u00e9s de las conferencias ofrecidas por los distintos investigadores de prestigiosos centros de investigaci\u00f3n europeos en la que ense\u00f1ar\u00e1n sus conocimientos sobre coleccionistas importantes de la Europa Moderna. Las jornadas, que se celebran el 29 y 30 de abril, incluye [&hellip;]","og_url":"https:\/\/www.urjc2030.es\/ui\/iv-jornadas-arte-poder-y-genero\/","og_site_name":"Unidad de Igualdad","article_publisher":"https:\/\/www.facebook.com\/universidadreyjuancarlos","article_published_time":"2021-01-12T13:42:42+00:00","article_modified_time":"2021-01-12T13:46:05+00:00","og_image":[{"width":1920,"height":640,"url":"https:\/\/www.urjc2030.es\/ui\/wp-content\/uploads\/sites\/10\/2021\/01\/JornadasArte.jpg","type":"image\/jpeg"}],"author":"manuelmontes","twitter_card":"summary_large_image","twitter_creator":"@urjc","twitter_site":"@urjc","schema":{"@context":"https:\/\/schema.org","@graph":[{"@type":"Article","@id":"https:\/\/www.urjc2030.es\/ui\/iv-jornadas-arte-poder-y-genero\/#article","isPartOf":{"@id":"https:\/\/www.urjc2030.es\/ui\/iv-jornadas-arte-poder-y-genero\/"},"author":{"name":"manuelmontes","@id":"https:\/\/www.urjc2030.es\/ui\/#\/schema\/person\/c11960e1b4f082b313c6cded6df9810d"},"headline":"Ya est\u00e1 abierta la inscripci\u00f3n para las \u201cIV Jornadas Arte, Poder y G\u00e9nero. Mujer y Retrato en el Renacimiento: Usos, funciones y formas de exhibici\u00f3n\u201d","datePublished":"2021-01-12T13:42:42+00:00","dateModified":"2021-01-12T13:46:05+00:00","mainEntityOfPage":{"@id":"https:\/\/www.urjc2030.es\/ui\/iv-jornadas-arte-poder-y-genero\/"},"wordCount":298,"publisher":{"@id":"https:\/\/www.urjc2030.es\/ui\/#organization"},"image":{"@id":"https:\/\/www.urjc2030.es\/ui\/iv-jornadas-arte-poder-y-genero\/#primaryimage"},"thumbnailUrl":"https:\/\/www.urjc2030.es\/ui\/wp-content\/uploads\/sites\/10\/2021\/01\/JornadasArte.jpg","articleSection":["Noticias"],"inLanguage":"es"},{"@type":"WebPage","@id":"https:\/\/www.urjc2030.es\/ui\/iv-jornadas-arte-poder-y-genero\/","url":"https:\/\/www.urjc2030.es\/ui\/iv-jornadas-arte-poder-y-genero\/","name":"Ya est\u00e1 abierta la inscripci\u00f3n para las \u201cIV Jornadas Arte, Poder y G\u00e9nero. Mujer y Retrato en el Renacimiento: Usos, funciones y formas de exhibici\u00f3n\u201d - Unidad de Igualdad","isPartOf":{"@id":"https:\/\/www.urjc2030.es\/ui\/#website"},"primaryImageOfPage":{"@id":"https:\/\/www.urjc2030.es\/ui\/iv-jornadas-arte-poder-y-genero\/#primaryimage"},"image":{"@id":"https:\/\/www.urjc2030.es\/ui\/iv-jornadas-arte-poder-y-genero\/#primaryimage"},"thumbnailUrl":"https:\/\/www.urjc2030.es\/ui\/wp-content\/uploads\/sites\/10\/2021\/01\/JornadasArte.jpg","datePublished":"2021-01-12T13:42:42+00:00","dateModified":"2021-01-12T13:46:05+00:00","breadcrumb":{"@id":"https:\/\/www.urjc2030.es\/ui\/iv-jornadas-arte-poder-y-genero\/#breadcrumb"},"inLanguage":"es","potentialAction":[{"@type":"ReadAction","target":["https:\/\/www.urjc2030.es\/ui\/iv-jornadas-arte-poder-y-genero\/"]}]},{"@type":"ImageObject","inLanguage":"es","@id":"https:\/\/www.urjc2030.es\/ui\/iv-jornadas-arte-poder-y-genero\/#primaryimage","url":"https:\/\/www.urjc2030.es\/ui\/wp-content\/uploads\/sites\/10\/2021\/01\/JornadasArte.jpg","contentUrl":"https:\/\/www.urjc2030.es\/ui\/wp-content\/uploads\/sites\/10\/2021\/01\/JornadasArte.jpg","width":1920,"height":640,"caption":"Jornadas de Arte"},{"@type":"BreadcrumbList","@id":"https:\/\/www.urjc2030.es\/ui\/iv-jornadas-arte-poder-y-genero\/#breadcrumb","itemListElement":[{"@type":"ListItem","position":1,"name":"Portada","item":"https:\/\/www.urjc2030.es\/ui\/"},{"@type":"ListItem","position":2,"name":"Ya est\u00e1 abierta la inscripci\u00f3n para las \u201cIV Jornadas Arte, Poder y G\u00e9nero. Mujer y Retrato en el Renacimiento: Usos, funciones y formas de exhibici\u00f3n\u201d"}]},{"@type":"WebSite","@id":"https:\/\/www.urjc2030.es\/ui\/#website","url":"https:\/\/www.urjc2030.es\/ui\/","name":"Unidad de Igualdad","description":"Elaborar, dar seguimiento y evaluar el Plan de Igualdad de la URJC, as\u00ed como velar por cumplimiento de la legislaci\u00f3n vigente en materia de igualdad efectiva entre mujeres y hombres.","publisher":{"@id":"https:\/\/www.urjc2030.es\/ui\/#organization"},"potentialAction":[{"@type":"SearchAction","target":{"@type":"EntryPoint","urlTemplate":"https:\/\/www.urjc2030.es\/ui\/?s={search_term_string}"},"query-input":{"@type":"PropertyValueSpecification","valueRequired":true,"valueName":"search_term_string"}}],"inLanguage":"es"},{"@type":"Organization","@id":"https:\/\/www.urjc2030.es\/ui\/#organization","name":"Universidad Rey Juan Carlos","url":"https:\/\/www.urjc2030.es\/ui\/","logo":{"@type":"ImageObject","inLanguage":"es","@id":"https:\/\/www.urjc2030.es\/ui\/#\/schema\/logo\/image\/","url":"https:\/\/www.urjc2030.es\/ui\/wp-content\/uploads\/sites\/10\/2020\/10\/logoURJC.png","contentUrl":"https:\/\/www.urjc2030.es\/ui\/wp-content\/uploads\/sites\/10\/2020\/10\/logoURJC.png","width":800,"height":305,"caption":"Universidad Rey Juan Carlos"},"image":{"@id":"https:\/\/www.urjc2030.es\/ui\/#\/schema\/logo\/image\/"},"sameAs":["https:\/\/www.facebook.com\/universidadreyjuancarlos","https:\/\/x.com\/urjc","https:\/\/www.instagram.com\/urjc_uni\/?hl=es"]},{"@type":"Person","@id":"https:\/\/www.urjc2030.es\/ui\/#\/schema\/person\/c11960e1b4f082b313c6cded6df9810d","name":"manuelmontes","image":{"@type":"ImageObject","inLanguage":"es","@id":"https:\/\/secure.gravatar.com\/avatar\/a5393e1280028f4c1020b5cafdab0b01785c98430d235b41a2479b872b4d2fdc?s=96&d=mm&r=g","url":"https:\/\/secure.gravatar.com\/avatar\/a5393e1280028f4c1020b5cafdab0b01785c98430d235b41a2479b872b4d2fdc?s=96&d=mm&r=g","contentUrl":"https:\/\/secure.gravatar.com\/avatar\/a5393e1280028f4c1020b5cafdab0b01785c98430d235b41a2479b872b4d2fdc?s=96&d=mm&r=g","caption":"manuelmontes"},"url":"https:\/\/www.urjc2030.es\/ui\/author\/manuelmontes\/"}]}},"_links":{"self":[{"href":"https:\/\/www.urjc2030.es\/ui\/wp-json\/wp\/v2\/posts\/1070","targetHints":{"allow":["GET"]}}],"collection":[{"href":"https:\/\/www.urjc2030.es\/ui\/wp-json\/wp\/v2\/posts"}],"about":[{"href":"https:\/\/www.urjc2030.es\/ui\/wp-json\/wp\/v2\/types\/post"}],"author":[{"embeddable":true,"href":"https:\/\/www.urjc2030.es\/ui\/wp-json\/wp\/v2\/users\/4"}],"replies":[{"embeddable":true,"href":"https:\/\/www.urjc2030.es\/ui\/wp-json\/wp\/v2\/comments?post=1070"}],"version-history":[{"count":3,"href":"https:\/\/www.urjc2030.es\/ui\/wp-json\/wp\/v2\/posts\/1070\/revisions"}],"predecessor-version":[{"id":1073,"href":"https:\/\/www.urjc2030.es\/ui\/wp-json\/wp\/v2\/posts\/1070\/revisions\/1073"}],"wp:featuredmedia":[{"embeddable":true,"href":"https:\/\/www.urjc2030.es\/ui\/wp-json\/wp\/v2\/media\/1069"}],"wp:attachment":[{"href":"https:\/\/www.urjc2030.es\/ui\/wp-json\/wp\/v2\/media?parent=1070"}],"wp:term":[{"taxonomy":"category","embeddable":true,"href":"https:\/\/www.urjc2030.es\/ui\/wp-json\/wp\/v2\/categories?post=1070"},{"taxonomy":"post_tag","embeddable":true,"href":"https:\/\/www.urjc2030.es\/ui\/wp-json\/wp\/v2\/tags?post=1070"}],"curies":[{"name":"wp","href":"https:\/\/api.w.org\/{rel}","templated":true}]}}