{"id":1101,"date":"2021-03-01T12:58:18","date_gmt":"2021-03-01T12:58:18","guid":{"rendered":"https:\/\/www.urjc2030.es\/ui\/?p=1101"},"modified":"2021-03-01T13:02:33","modified_gmt":"2021-03-01T13:02:33","slug":"instituto-de-la-mujer-imio-organiza-ciclo-por-ser-mujeres-8m","status":"publish","type":"post","link":"https:\/\/www.urjc2030.es\/ui\/instituto-de-la-mujer-imio-organiza-ciclo-por-ser-mujeres-8m\/","title":{"rendered":"El Instituto de la Mujer y para la Igualdad de Oportunidades (IMIO) organiza el ciclo \u201cPor ser mujeres\u201d con motivo del pr\u00f3ximo 8M"},"content":{"rendered":"<p><strong><img loading=\"lazy\" decoding=\"async\" class=\"alignright wp-image-1099 size-full\" src=\"https:\/\/www.urjc2030.es\/ui\/wp-content\/uploads\/sites\/10\/2021\/03\/silhouette-hand-movements-feminists-holding-260nw-446791519.jpg\" alt=\"manos sosteniendo el s\u00edmbolo de la mujer\" width=\"385\" height=\"256\" srcset=\"https:\/\/www.urjc2030.es\/ui\/wp-content\/uploads\/sites\/10\/2021\/03\/silhouette-hand-movements-feminists-holding-260nw-446791519.jpg 385w, https:\/\/www.urjc2030.es\/ui\/wp-content\/uploads\/sites\/10\/2021\/03\/silhouette-hand-movements-feminists-holding-260nw-446791519-300x199.jpg 300w\" sizes=\"(max-width: 385px) 100vw, 385px\" \/>Alejandra Mercedes Hern\u00e1ndez Graham<\/strong>. Con ocasi\u00f3n del D\u00eda Internacional de la Mujer, el pr\u00f3ximo 8 de marzo se ti\u00f1e de morado con la esperanza de unir a quienes conforman el espacio p\u00fablico y social. Para ello, el IMIO organiza el programa de seminarios online de divulgaci\u00f3n y debate `Por ser mujeres\u00b4.<\/p>\n<p>El objetivo del ciclo es promover la unidad frente a los obst\u00e1culos con los que a\u00fan se encuentran las mujeres, compartir reflexiones y an\u00e1lisis que permitan avanzar en t\u00e9rminos de igualdad. En este sentido, los seminarios contar\u00e1n con numerosas especialistas locales e internacionales de reconocida trayectoria profesional, acad\u00e9mica, personal y activista.<\/p>\n<p>Las jornadas, que se celebran los d\u00edas 3, 10, 17 y 24 de marzo de cinco a siete, se realizar\u00e1n v\u00eda <em>streaming<\/em> a trav\u00e9s del <a href=\"https:\/\/www.youtube.com\/user\/Inmujer\">canal de YouTube del Instituto de las Mujeres<\/a> y cada d\u00eda tendr\u00e1 lugar una mesa tem\u00e1tica de las cuatro programadas: \u201cLa agenda antifeminista de la extrema derecha\u201d, \u201cLa mitad del todo: redistribuci\u00f3n trabajos, tiempos y recursos\u201d, \u201cEl protagonismo de las mujeres en la transici\u00f3n ecosocial\u201d y \u201cTejiendo resistencias en com\u00fan\u201d.<\/p>\n","protected":false},"excerpt":{"rendered":"<p>Alejandra Mercedes Hern\u00e1ndez Graham. Con ocasi\u00f3n del D\u00eda Internacional de la Mujer, el pr\u00f3ximo 8 de marzo se ti\u00f1e de morado con la esperanza de unir a quienes conforman el espacio p\u00fablico y social. Para ello, el IMIO organiza el programa de seminarios online de divulgaci\u00f3n y debate `Por ser mujeres\u00b4. El objetivo del ciclo [&hellip;]<\/p>\n","protected":false},"author":4,"featured_media":1099,"comment_status":"closed","ping_status":"closed","sticky":false,"template":"","format":"standard","meta":{"_et_pb_use_builder":"","_et_pb_old_content":"","_et_gb_content_width":"","cybocfi_hide_featured_image":"","footnotes":""},"categories":[9],"tags":[],"class_list":["post-1101","post","type-post","status-publish","format-standard","has-post-thumbnail","hentry","category-noticias-ui"],"yoast_head":"<!-- This site is optimized with the Yoast SEO plugin v27.4 - https:\/\/yoast.com\/product\/yoast-seo-wordpress\/ -->\n<title>El Instituto de la Mujer y para la Igualdad de Oportunidades (IMIO) organiza el ciclo \u201cPor ser mujeres\u201d con motivo del pr\u00f3ximo 8M - Unidad de Igualdad<\/title>\n<meta name=\"robots\" content=\"index, follow, max-snippet:-1, max-image-preview:large, max-video-preview:-1\" \/>\n<link rel=\"canonical\" href=\"https:\/\/www.urjc2030.es\/ui\/instituto-de-la-mujer-imio-organiza-ciclo-por-ser-mujeres-8m\/\" \/>\n<meta property=\"og:locale\" content=\"es_ES\" \/>\n<meta property=\"og:type\" content=\"article\" \/>\n<meta property=\"og:title\" content=\"El Instituto de la Mujer y para la Igualdad de Oportunidades (IMIO) organiza el ciclo \u201cPor ser mujeres\u201d con motivo del pr\u00f3ximo 8M - Unidad de Igualdad\" \/>\n<meta property=\"og:description\" content=\"Alejandra Mercedes Hern\u00e1ndez Graham. Con ocasi\u00f3n del D\u00eda Internacional de la Mujer, el pr\u00f3ximo 8 de marzo se ti\u00f1e de morado con la esperanza de unir a quienes conforman el espacio p\u00fablico y social. Para ello, el IMIO organiza el programa de seminarios online de divulgaci\u00f3n y debate `Por ser mujeres\u00b4. El objetivo del ciclo [&hellip;]\" \/>\n<meta property=\"og:url\" content=\"https:\/\/www.urjc2030.es\/ui\/instituto-de-la-mujer-imio-organiza-ciclo-por-ser-mujeres-8m\/\" \/>\n<meta property=\"og:site_name\" content=\"Unidad de Igualdad\" \/>\n<meta property=\"article:publisher\" content=\"https:\/\/www.facebook.com\/universidadreyjuancarlos\" \/>\n<meta property=\"article:published_time\" content=\"2021-03-01T12:58:18+00:00\" \/>\n<meta property=\"article:modified_time\" content=\"2021-03-01T13:02:33+00:00\" \/>\n<meta property=\"og:image\" content=\"https:\/\/www.urjc2030.es\/ui\/wp-content\/uploads\/sites\/10\/2021\/03\/silhouette-hand-movements-feminists-holding-260nw-446791519.jpg\" \/>\n\t<meta property=\"og:image:width\" content=\"385\" \/>\n\t<meta property=\"og:image:height\" content=\"256\" \/>\n\t<meta property=\"og:image:type\" content=\"image\/jpeg\" \/>\n<meta name=\"author\" content=\"manuelmontes\" \/>\n<meta name=\"twitter:card\" content=\"summary_large_image\" \/>\n<meta name=\"twitter:creator\" content=\"@urjc\" \/>\n<meta name=\"twitter:site\" content=\"@urjc\" \/>\n<script type=\"application\/ld+json\" class=\"yoast-schema-graph\">{\"@context\":\"https:\\\/\\\/schema.org\",\"@graph\":[{\"@type\":\"Article\",\"@id\":\"https:\\\/\\\/www.urjc2030.es\\\/ui\\\/instituto-de-la-mujer-imio-organiza-ciclo-por-ser-mujeres-8m\\\/#article\",\"isPartOf\":{\"@id\":\"https:\\\/\\\/www.urjc2030.es\\\/ui\\\/instituto-de-la-mujer-imio-organiza-ciclo-por-ser-mujeres-8m\\\/\"},\"author\":{\"name\":\"manuelmontes\",\"@id\":\"https:\\\/\\\/www.urjc2030.es\\\/ui\\\/#\\\/schema\\\/person\\\/c11960e1b4f082b313c6cded6df9810d\"},\"headline\":\"El Instituto de la Mujer y para la Igualdad de Oportunidades (IMIO) organiza el ciclo \u201cPor ser mujeres\u201d con motivo del pr\u00f3ximo 8M\",\"datePublished\":\"2021-03-01T12:58:18+00:00\",\"dateModified\":\"2021-03-01T13:02:33+00:00\",\"mainEntityOfPage\":{\"@id\":\"https:\\\/\\\/www.urjc2030.es\\\/ui\\\/instituto-de-la-mujer-imio-organiza-ciclo-por-ser-mujeres-8m\\\/\"},\"wordCount\":218,\"publisher\":{\"@id\":\"https:\\\/\\\/www.urjc2030.es\\\/ui\\\/#organization\"},\"image\":{\"@id\":\"https:\\\/\\\/www.urjc2030.es\\\/ui\\\/instituto-de-la-mujer-imio-organiza-ciclo-por-ser-mujeres-8m\\\/#primaryimage\"},\"thumbnailUrl\":\"https:\\\/\\\/www.urjc2030.es\\\/ui\\\/wp-content\\\/uploads\\\/sites\\\/10\\\/2021\\\/03\\\/silhouette-hand-movements-feminists-holding-260nw-446791519.jpg\",\"articleSection\":[\"Noticias\"],\"inLanguage\":\"es\"},{\"@type\":\"WebPage\",\"@id\":\"https:\\\/\\\/www.urjc2030.es\\\/ui\\\/instituto-de-la-mujer-imio-organiza-ciclo-por-ser-mujeres-8m\\\/\",\"url\":\"https:\\\/\\\/www.urjc2030.es\\\/ui\\\/instituto-de-la-mujer-imio-organiza-ciclo-por-ser-mujeres-8m\\\/\",\"name\":\"El Instituto de la Mujer y para la Igualdad de Oportunidades (IMIO) organiza el ciclo \u201cPor ser mujeres\u201d con motivo del pr\u00f3ximo 8M - Unidad de Igualdad\",\"isPartOf\":{\"@id\":\"https:\\\/\\\/www.urjc2030.es\\\/ui\\\/#website\"},\"primaryImageOfPage\":{\"@id\":\"https:\\\/\\\/www.urjc2030.es\\\/ui\\\/instituto-de-la-mujer-imio-organiza-ciclo-por-ser-mujeres-8m\\\/#primaryimage\"},\"image\":{\"@id\":\"https:\\\/\\\/www.urjc2030.es\\\/ui\\\/instituto-de-la-mujer-imio-organiza-ciclo-por-ser-mujeres-8m\\\/#primaryimage\"},\"thumbnailUrl\":\"https:\\\/\\\/www.urjc2030.es\\\/ui\\\/wp-content\\\/uploads\\\/sites\\\/10\\\/2021\\\/03\\\/silhouette-hand-movements-feminists-holding-260nw-446791519.jpg\",\"datePublished\":\"2021-03-01T12:58:18+00:00\",\"dateModified\":\"2021-03-01T13:02:33+00:00\",\"breadcrumb\":{\"@id\":\"https:\\\/\\\/www.urjc2030.es\\\/ui\\\/instituto-de-la-mujer-imio-organiza-ciclo-por-ser-mujeres-8m\\\/#breadcrumb\"},\"inLanguage\":\"es\",\"potentialAction\":[{\"@type\":\"ReadAction\",\"target\":[\"https:\\\/\\\/www.urjc2030.es\\\/ui\\\/instituto-de-la-mujer-imio-organiza-ciclo-por-ser-mujeres-8m\\\/\"]}]},{\"@type\":\"ImageObject\",\"inLanguage\":\"es\",\"@id\":\"https:\\\/\\\/www.urjc2030.es\\\/ui\\\/instituto-de-la-mujer-imio-organiza-ciclo-por-ser-mujeres-8m\\\/#primaryimage\",\"url\":\"https:\\\/\\\/www.urjc2030.es\\\/ui\\\/wp-content\\\/uploads\\\/sites\\\/10\\\/2021\\\/03\\\/silhouette-hand-movements-feminists-holding-260nw-446791519.jpg\",\"contentUrl\":\"https:\\\/\\\/www.urjc2030.es\\\/ui\\\/wp-content\\\/uploads\\\/sites\\\/10\\\/2021\\\/03\\\/silhouette-hand-movements-feminists-holding-260nw-446791519.jpg\",\"width\":385,\"height\":256,\"caption\":\"manos sosteniendo el s\u00edmbolo de la mujer\"},{\"@type\":\"BreadcrumbList\",\"@id\":\"https:\\\/\\\/www.urjc2030.es\\\/ui\\\/instituto-de-la-mujer-imio-organiza-ciclo-por-ser-mujeres-8m\\\/#breadcrumb\",\"itemListElement\":[{\"@type\":\"ListItem\",\"position\":1,\"name\":\"Portada\",\"item\":\"https:\\\/\\\/www.urjc2030.es\\\/ui\\\/\"},{\"@type\":\"ListItem\",\"position\":2,\"name\":\"El Instituto de la Mujer y para la Igualdad de Oportunidades (IMIO) organiza el ciclo \u201cPor ser mujeres\u201d con motivo del pr\u00f3ximo 8M\"}]},{\"@type\":\"WebSite\",\"@id\":\"https:\\\/\\\/www.urjc2030.es\\\/ui\\\/#website\",\"url\":\"https:\\\/\\\/www.urjc2030.es\\\/ui\\\/\",\"name\":\"Unidad de Igualdad\",\"description\":\"Elaborar, dar seguimiento y evaluar el Plan de Igualdad de la URJC, as\u00ed como velar por cumplimiento de la legislaci\u00f3n vigente en materia de igualdad efectiva entre mujeres y hombres.\",\"publisher\":{\"@id\":\"https:\\\/\\\/www.urjc2030.es\\\/ui\\\/#organization\"},\"potentialAction\":[{\"@type\":\"SearchAction\",\"target\":{\"@type\":\"EntryPoint\",\"urlTemplate\":\"https:\\\/\\\/www.urjc2030.es\\\/ui\\\/?s={search_term_string}\"},\"query-input\":{\"@type\":\"PropertyValueSpecification\",\"valueRequired\":true,\"valueName\":\"search_term_string\"}}],\"inLanguage\":\"es\"},{\"@type\":\"Organization\",\"@id\":\"https:\\\/\\\/www.urjc2030.es\\\/ui\\\/#organization\",\"name\":\"Universidad Rey Juan Carlos\",\"url\":\"https:\\\/\\\/www.urjc2030.es\\\/ui\\\/\",\"logo\":{\"@type\":\"ImageObject\",\"inLanguage\":\"es\",\"@id\":\"https:\\\/\\\/www.urjc2030.es\\\/ui\\\/#\\\/schema\\\/logo\\\/image\\\/\",\"url\":\"https:\\\/\\\/www.urjc2030.es\\\/ui\\\/wp-content\\\/uploads\\\/sites\\\/10\\\/2020\\\/10\\\/logoURJC.png\",\"contentUrl\":\"https:\\\/\\\/www.urjc2030.es\\\/ui\\\/wp-content\\\/uploads\\\/sites\\\/10\\\/2020\\\/10\\\/logoURJC.png\",\"width\":800,\"height\":305,\"caption\":\"Universidad Rey Juan Carlos\"},\"image\":{\"@id\":\"https:\\\/\\\/www.urjc2030.es\\\/ui\\\/#\\\/schema\\\/logo\\\/image\\\/\"},\"sameAs\":[\"https:\\\/\\\/www.facebook.com\\\/universidadreyjuancarlos\",\"https:\\\/\\\/x.com\\\/urjc\",\"https:\\\/\\\/www.instagram.com\\\/urjc_uni\\\/?hl=es\"]},{\"@type\":\"Person\",\"@id\":\"https:\\\/\\\/www.urjc2030.es\\\/ui\\\/#\\\/schema\\\/person\\\/c11960e1b4f082b313c6cded6df9810d\",\"name\":\"manuelmontes\",\"image\":{\"@type\":\"ImageObject\",\"inLanguage\":\"es\",\"@id\":\"https:\\\/\\\/secure.gravatar.com\\\/avatar\\\/a5393e1280028f4c1020b5cafdab0b01785c98430d235b41a2479b872b4d2fdc?s=96&d=mm&r=g\",\"url\":\"https:\\\/\\\/secure.gravatar.com\\\/avatar\\\/a5393e1280028f4c1020b5cafdab0b01785c98430d235b41a2479b872b4d2fdc?s=96&d=mm&r=g\",\"contentUrl\":\"https:\\\/\\\/secure.gravatar.com\\\/avatar\\\/a5393e1280028f4c1020b5cafdab0b01785c98430d235b41a2479b872b4d2fdc?s=96&d=mm&r=g\",\"caption\":\"manuelmontes\"},\"url\":\"https:\\\/\\\/www.urjc2030.es\\\/ui\\\/author\\\/manuelmontes\\\/\"}]}<\/script>\n<!-- \/ Yoast SEO plugin. -->","yoast_head_json":{"title":"El Instituto de la Mujer y para la Igualdad de Oportunidades (IMIO) organiza el ciclo \u201cPor ser mujeres\u201d con motivo del pr\u00f3ximo 8M - Unidad de Igualdad","robots":{"index":"index","follow":"follow","max-snippet":"max-snippet:-1","max-image-preview":"max-image-preview:large","max-video-preview":"max-video-preview:-1"},"canonical":"https:\/\/www.urjc2030.es\/ui\/instituto-de-la-mujer-imio-organiza-ciclo-por-ser-mujeres-8m\/","og_locale":"es_ES","og_type":"article","og_title":"El Instituto de la Mujer y para la Igualdad de Oportunidades (IMIO) organiza el ciclo \u201cPor ser mujeres\u201d con motivo del pr\u00f3ximo 8M - Unidad de Igualdad","og_description":"Alejandra Mercedes Hern\u00e1ndez Graham. Con ocasi\u00f3n del D\u00eda Internacional de la Mujer, el pr\u00f3ximo 8 de marzo se ti\u00f1e de morado con la esperanza de unir a quienes conforman el espacio p\u00fablico y social. Para ello, el IMIO organiza el programa de seminarios online de divulgaci\u00f3n y debate `Por ser mujeres\u00b4. El objetivo del ciclo [&hellip;]","og_url":"https:\/\/www.urjc2030.es\/ui\/instituto-de-la-mujer-imio-organiza-ciclo-por-ser-mujeres-8m\/","og_site_name":"Unidad de Igualdad","article_publisher":"https:\/\/www.facebook.com\/universidadreyjuancarlos","article_published_time":"2021-03-01T12:58:18+00:00","article_modified_time":"2021-03-01T13:02:33+00:00","og_image":[{"width":385,"height":256,"url":"https:\/\/www.urjc2030.es\/ui\/wp-content\/uploads\/sites\/10\/2021\/03\/silhouette-hand-movements-feminists-holding-260nw-446791519.jpg","type":"image\/jpeg"}],"author":"manuelmontes","twitter_card":"summary_large_image","twitter_creator":"@urjc","twitter_site":"@urjc","schema":{"@context":"https:\/\/schema.org","@graph":[{"@type":"Article","@id":"https:\/\/www.urjc2030.es\/ui\/instituto-de-la-mujer-imio-organiza-ciclo-por-ser-mujeres-8m\/#article","isPartOf":{"@id":"https:\/\/www.urjc2030.es\/ui\/instituto-de-la-mujer-imio-organiza-ciclo-por-ser-mujeres-8m\/"},"author":{"name":"manuelmontes","@id":"https:\/\/www.urjc2030.es\/ui\/#\/schema\/person\/c11960e1b4f082b313c6cded6df9810d"},"headline":"El Instituto de la Mujer y para la Igualdad de Oportunidades (IMIO) organiza el ciclo \u201cPor ser mujeres\u201d con motivo del pr\u00f3ximo 8M","datePublished":"2021-03-01T12:58:18+00:00","dateModified":"2021-03-01T13:02:33+00:00","mainEntityOfPage":{"@id":"https:\/\/www.urjc2030.es\/ui\/instituto-de-la-mujer-imio-organiza-ciclo-por-ser-mujeres-8m\/"},"wordCount":218,"publisher":{"@id":"https:\/\/www.urjc2030.es\/ui\/#organization"},"image":{"@id":"https:\/\/www.urjc2030.es\/ui\/instituto-de-la-mujer-imio-organiza-ciclo-por-ser-mujeres-8m\/#primaryimage"},"thumbnailUrl":"https:\/\/www.urjc2030.es\/ui\/wp-content\/uploads\/sites\/10\/2021\/03\/silhouette-hand-movements-feminists-holding-260nw-446791519.jpg","articleSection":["Noticias"],"inLanguage":"es"},{"@type":"WebPage","@id":"https:\/\/www.urjc2030.es\/ui\/instituto-de-la-mujer-imio-organiza-ciclo-por-ser-mujeres-8m\/","url":"https:\/\/www.urjc2030.es\/ui\/instituto-de-la-mujer-imio-organiza-ciclo-por-ser-mujeres-8m\/","name":"El Instituto de la Mujer y para la Igualdad de Oportunidades (IMIO) organiza el ciclo \u201cPor ser mujeres\u201d con motivo del pr\u00f3ximo 8M - Unidad de Igualdad","isPartOf":{"@id":"https:\/\/www.urjc2030.es\/ui\/#website"},"primaryImageOfPage":{"@id":"https:\/\/www.urjc2030.es\/ui\/instituto-de-la-mujer-imio-organiza-ciclo-por-ser-mujeres-8m\/#primaryimage"},"image":{"@id":"https:\/\/www.urjc2030.es\/ui\/instituto-de-la-mujer-imio-organiza-ciclo-por-ser-mujeres-8m\/#primaryimage"},"thumbnailUrl":"https:\/\/www.urjc2030.es\/ui\/wp-content\/uploads\/sites\/10\/2021\/03\/silhouette-hand-movements-feminists-holding-260nw-446791519.jpg","datePublished":"2021-03-01T12:58:18+00:00","dateModified":"2021-03-01T13:02:33+00:00","breadcrumb":{"@id":"https:\/\/www.urjc2030.es\/ui\/instituto-de-la-mujer-imio-organiza-ciclo-por-ser-mujeres-8m\/#breadcrumb"},"inLanguage":"es","potentialAction":[{"@type":"ReadAction","target":["https:\/\/www.urjc2030.es\/ui\/instituto-de-la-mujer-imio-organiza-ciclo-por-ser-mujeres-8m\/"]}]},{"@type":"ImageObject","inLanguage":"es","@id":"https:\/\/www.urjc2030.es\/ui\/instituto-de-la-mujer-imio-organiza-ciclo-por-ser-mujeres-8m\/#primaryimage","url":"https:\/\/www.urjc2030.es\/ui\/wp-content\/uploads\/sites\/10\/2021\/03\/silhouette-hand-movements-feminists-holding-260nw-446791519.jpg","contentUrl":"https:\/\/www.urjc2030.es\/ui\/wp-content\/uploads\/sites\/10\/2021\/03\/silhouette-hand-movements-feminists-holding-260nw-446791519.jpg","width":385,"height":256,"caption":"manos sosteniendo el s\u00edmbolo de la mujer"},{"@type":"BreadcrumbList","@id":"https:\/\/www.urjc2030.es\/ui\/instituto-de-la-mujer-imio-organiza-ciclo-por-ser-mujeres-8m\/#breadcrumb","itemListElement":[{"@type":"ListItem","position":1,"name":"Portada","item":"https:\/\/www.urjc2030.es\/ui\/"},{"@type":"ListItem","position":2,"name":"El Instituto de la Mujer y para la Igualdad de Oportunidades (IMIO) organiza el ciclo \u201cPor ser mujeres\u201d con motivo del pr\u00f3ximo 8M"}]},{"@type":"WebSite","@id":"https:\/\/www.urjc2030.es\/ui\/#website","url":"https:\/\/www.urjc2030.es\/ui\/","name":"Unidad de Igualdad","description":"Elaborar, dar seguimiento y evaluar el Plan de Igualdad de la URJC, as\u00ed como velar por cumplimiento de la legislaci\u00f3n vigente en materia de igualdad efectiva entre mujeres y hombres.","publisher":{"@id":"https:\/\/www.urjc2030.es\/ui\/#organization"},"potentialAction":[{"@type":"SearchAction","target":{"@type":"EntryPoint","urlTemplate":"https:\/\/www.urjc2030.es\/ui\/?s={search_term_string}"},"query-input":{"@type":"PropertyValueSpecification","valueRequired":true,"valueName":"search_term_string"}}],"inLanguage":"es"},{"@type":"Organization","@id":"https:\/\/www.urjc2030.es\/ui\/#organization","name":"Universidad Rey Juan Carlos","url":"https:\/\/www.urjc2030.es\/ui\/","logo":{"@type":"ImageObject","inLanguage":"es","@id":"https:\/\/www.urjc2030.es\/ui\/#\/schema\/logo\/image\/","url":"https:\/\/www.urjc2030.es\/ui\/wp-content\/uploads\/sites\/10\/2020\/10\/logoURJC.png","contentUrl":"https:\/\/www.urjc2030.es\/ui\/wp-content\/uploads\/sites\/10\/2020\/10\/logoURJC.png","width":800,"height":305,"caption":"Universidad Rey Juan Carlos"},"image":{"@id":"https:\/\/www.urjc2030.es\/ui\/#\/schema\/logo\/image\/"},"sameAs":["https:\/\/www.facebook.com\/universidadreyjuancarlos","https:\/\/x.com\/urjc","https:\/\/www.instagram.com\/urjc_uni\/?hl=es"]},{"@type":"Person","@id":"https:\/\/www.urjc2030.es\/ui\/#\/schema\/person\/c11960e1b4f082b313c6cded6df9810d","name":"manuelmontes","image":{"@type":"ImageObject","inLanguage":"es","@id":"https:\/\/secure.gravatar.com\/avatar\/a5393e1280028f4c1020b5cafdab0b01785c98430d235b41a2479b872b4d2fdc?s=96&d=mm&r=g","url":"https:\/\/secure.gravatar.com\/avatar\/a5393e1280028f4c1020b5cafdab0b01785c98430d235b41a2479b872b4d2fdc?s=96&d=mm&r=g","contentUrl":"https:\/\/secure.gravatar.com\/avatar\/a5393e1280028f4c1020b5cafdab0b01785c98430d235b41a2479b872b4d2fdc?s=96&d=mm&r=g","caption":"manuelmontes"},"url":"https:\/\/www.urjc2030.es\/ui\/author\/manuelmontes\/"}]}},"_links":{"self":[{"href":"https:\/\/www.urjc2030.es\/ui\/wp-json\/wp\/v2\/posts\/1101","targetHints":{"allow":["GET"]}}],"collection":[{"href":"https:\/\/www.urjc2030.es\/ui\/wp-json\/wp\/v2\/posts"}],"about":[{"href":"https:\/\/www.urjc2030.es\/ui\/wp-json\/wp\/v2\/types\/post"}],"author":[{"embeddable":true,"href":"https:\/\/www.urjc2030.es\/ui\/wp-json\/wp\/v2\/users\/4"}],"replies":[{"embeddable":true,"href":"https:\/\/www.urjc2030.es\/ui\/wp-json\/wp\/v2\/comments?post=1101"}],"version-history":[{"count":1,"href":"https:\/\/www.urjc2030.es\/ui\/wp-json\/wp\/v2\/posts\/1101\/revisions"}],"predecessor-version":[{"id":1102,"href":"https:\/\/www.urjc2030.es\/ui\/wp-json\/wp\/v2\/posts\/1101\/revisions\/1102"}],"wp:featuredmedia":[{"embeddable":true,"href":"https:\/\/www.urjc2030.es\/ui\/wp-json\/wp\/v2\/media\/1099"}],"wp:attachment":[{"href":"https:\/\/www.urjc2030.es\/ui\/wp-json\/wp\/v2\/media?parent=1101"}],"wp:term":[{"taxonomy":"category","embeddable":true,"href":"https:\/\/www.urjc2030.es\/ui\/wp-json\/wp\/v2\/categories?post=1101"},{"taxonomy":"post_tag","embeddable":true,"href":"https:\/\/www.urjc2030.es\/ui\/wp-json\/wp\/v2\/tags?post=1101"}],"curies":[{"name":"wp","href":"https:\/\/api.w.org\/{rel}","templated":true}]}}