{"id":1247,"date":"2021-06-14T08:55:25","date_gmt":"2021-06-14T08:55:25","guid":{"rendered":"https:\/\/www.urjc2030.es\/ui\/?p=1247"},"modified":"2021-06-14T08:55:48","modified_gmt":"2021-06-14T08:55:48","slug":"revista-investigaciones-feministas-ucm-analizar-crisis-consecuencias-covid-19-genero","status":"publish","type":"post","link":"https:\/\/www.urjc2030.es\/ui\/revista-investigaciones-feministas-ucm-analizar-crisis-consecuencias-covid-19-genero\/","title":{"rendered":"La revista Investigaciones Feministas de la UCM invita a analizar la crisis y consecuencias del COVID-19 desde una perspectiva de G\u00e9nero"},"content":{"rendered":"<p><img loading=\"lazy\" decoding=\"async\" class=\"size-medium wp-image-1249 alignright\" src=\"https:\/\/www.urjc2030.es\/ui\/wp-content\/uploads\/sites\/10\/2021\/06\/web-revista-investigaciones-feministas-300x291.jpg\" alt=\"La revista Investigaciones Feministas de la UCM invita a analizar la crisis y consecuencias del COVID-19 desde una perspectiva de G\u00e9nero\" width=\"300\" height=\"291\" \/>La crisis ocasionada por el COVID-19 ha impuesto escenarios diversos con los que la sociedad debe lidiar. Son muchas las consecuencias negativas ocasionadas que parecen azotar con mayor fuerza al segmento poblacional de las mujeres y ni\u00f1as. Las nuevas realidades, a consecuencia de la pandemia, causan nuevas formas de desigualdad de g\u00e9nero, por ello, es tiempo de reflexi\u00f3n y an\u00e1lisis.<\/p>\n<p>La <a href=\"https:\/\/revistas.ucm.es\/index.php\/INFE\/about\/submissions\" target=\"_blank\" rel=\"noopener\">revista Investigaciones Feministas<\/a> de calado internacional, que publica de forma semestral estudios en materia de Feminismo, G\u00e9nero y Mujeres, propone un monogr\u00e1fico dedicado al an\u00e1lisis de las consecuencias producidas por la pandemia, invitando a la participaci\u00f3n a investigadoras de todo el mundo. Algunos de los temas que plantea la revista sobre los que pueden versar los trabajos, son:<\/p>\n<ul>\n<li>COVID-19 y hogar. Confinamiento, trabajo a distancia, cuidado de menores y dependientes, econom\u00edas dom\u00e9sticas.<\/li>\n<li>COVID-19 y salud mental de las mujeres. Antes, durante y despu\u00e9s de la crisis.<\/li>\n<li>COVID-19 y ecofeminismo. Nuevas conciencias eco-sostenibles desde el G\u00e9nero.<\/li>\n<li>COVID-19 e infancia. Consecuencias del virus en la vida y educaci\u00f3n de las ni\u00f1as. COVID-19 y cultura feminista. Reinvenci\u00f3n de los espacios, nuevas v\u00edas para la cultura sin contacto, plataformas digitales y redes sociales.<\/li>\n<li>COVID-19, Agenda 2030 y Objetivos de Desarrollo Sostenible. \u00bfCambios para las mujeres?<\/li>\n<\/ul>\n<p>El plazo para presentar art\u00edculos originales es hasta el <strong>12 de septiembre de 202, <\/strong>la revisi\u00f3n de art\u00edculos se desarrollar\u00e1 entre los meses de septiembre y octubre de 2021 y finalmente, la publicaci\u00f3n se dar\u00e1 a conocer en enero de 2022.<\/p>\n<p>Las investigadoras interesadas en participar el monogr\u00e1fico propuesto por la revista del <a href=\"https:\/\/www.ucm.es\/investigacionesfeministas\/presentacion\" target=\"_blank\" rel=\"noopener\">Instituto de Investigaciones Feministas<\/a> de la Universidad Complutense de Madrid, deben tener en cuenta los requisitos que quedan detallados en el siguiente enlace: <a href=\"https:\/\/revistas.ucm.es\/index.php\/INFE\/about\/submissions\" target=\"_blank\" rel=\"noopener\">https:\/\/revistas.ucm.es\/index.php\/INFE\/about\/submissions<\/a><\/p>\n<p><em>Paula Plaza Garc\u00eda.<\/em><\/p>\n","protected":false},"excerpt":{"rendered":"<p>La crisis ocasionada por el COVID-19 ha impuesto escenarios diversos con los que la sociedad debe lidiar. Son muchas las consecuencias negativas ocasionadas que parecen azotar con mayor fuerza al segmento poblacional de las mujeres y ni\u00f1as. Las nuevas realidades, a consecuencia de la pandemia, causan nuevas formas de desigualdad de g\u00e9nero, por ello, es [&hellip;]<\/p>\n","protected":false},"author":1,"featured_media":1249,"comment_status":"closed","ping_status":"closed","sticky":false,"template":"","format":"standard","meta":{"_et_pb_use_builder":"","_et_pb_old_content":"","_et_gb_content_width":"","cybocfi_hide_featured_image":"","footnotes":""},"categories":[9],"tags":[],"class_list":["post-1247","post","type-post","status-publish","format-standard","has-post-thumbnail","hentry","category-noticias-ui"],"yoast_head":"<!-- This site is optimized with the Yoast SEO plugin v27.4 - https:\/\/yoast.com\/product\/yoast-seo-wordpress\/ -->\n<title>La revista Investigaciones Feministas de la UCM invita a analizar la crisis y consecuencias del COVID-19 desde una perspectiva de G\u00e9nero - Unidad de Igualdad<\/title>\n<meta name=\"robots\" content=\"index, follow, max-snippet:-1, max-image-preview:large, max-video-preview:-1\" \/>\n<link rel=\"canonical\" href=\"https:\/\/www.urjc2030.es\/ui\/revista-investigaciones-feministas-ucm-analizar-crisis-consecuencias-covid-19-genero\/\" \/>\n<meta property=\"og:locale\" content=\"es_ES\" \/>\n<meta property=\"og:type\" content=\"article\" \/>\n<meta property=\"og:title\" content=\"La revista Investigaciones Feministas de la UCM invita a analizar la crisis y consecuencias del COVID-19 desde una perspectiva de G\u00e9nero - Unidad de Igualdad\" \/>\n<meta property=\"og:description\" content=\"La crisis ocasionada por el COVID-19 ha impuesto escenarios diversos con los que la sociedad debe lidiar. Son muchas las consecuencias negativas ocasionadas que parecen azotar con mayor fuerza al segmento poblacional de las mujeres y ni\u00f1as. Las nuevas realidades, a consecuencia de la pandemia, causan nuevas formas de desigualdad de g\u00e9nero, por ello, es [&hellip;]\" \/>\n<meta property=\"og:url\" content=\"https:\/\/www.urjc2030.es\/ui\/revista-investigaciones-feministas-ucm-analizar-crisis-consecuencias-covid-19-genero\/\" \/>\n<meta property=\"og:site_name\" content=\"Unidad de Igualdad\" \/>\n<meta property=\"article:publisher\" content=\"https:\/\/www.facebook.com\/universidadreyjuancarlos\" \/>\n<meta property=\"article:published_time\" content=\"2021-06-14T08:55:25+00:00\" \/>\n<meta property=\"article:modified_time\" content=\"2021-06-14T08:55:48+00:00\" \/>\n<meta property=\"og:image\" content=\"https:\/\/www.urjc2030.es\/ui\/wp-content\/uploads\/sites\/10\/2021\/06\/web-revista-investigaciones-feministas.jpg\" \/>\n\t<meta property=\"og:image:width\" content=\"998\" \/>\n\t<meta property=\"og:image:height\" content=\"968\" \/>\n\t<meta property=\"og:image:type\" content=\"image\/jpeg\" \/>\n<meta name=\"author\" content=\"Rebeca\" \/>\n<meta name=\"twitter:card\" content=\"summary_large_image\" \/>\n<meta name=\"twitter:creator\" content=\"@urjc\" \/>\n<meta name=\"twitter:site\" content=\"@urjc\" \/>\n<script type=\"application\/ld+json\" class=\"yoast-schema-graph\">{\"@context\":\"https:\\\/\\\/schema.org\",\"@graph\":[{\"@type\":\"Article\",\"@id\":\"https:\\\/\\\/www.urjc2030.es\\\/ui\\\/revista-investigaciones-feministas-ucm-analizar-crisis-consecuencias-covid-19-genero\\\/#article\",\"isPartOf\":{\"@id\":\"https:\\\/\\\/www.urjc2030.es\\\/ui\\\/revista-investigaciones-feministas-ucm-analizar-crisis-consecuencias-covid-19-genero\\\/\"},\"author\":{\"name\":\"Rebeca\",\"@id\":\"https:\\\/\\\/www.urjc2030.es\\\/ui\\\/#\\\/schema\\\/person\\\/5bca1e3d54fd0f6646257e7650ff6c1e\"},\"headline\":\"La revista Investigaciones Feministas de la UCM invita a analizar la crisis y consecuencias del COVID-19 desde una perspectiva de G\u00e9nero\",\"datePublished\":\"2021-06-14T08:55:25+00:00\",\"dateModified\":\"2021-06-14T08:55:48+00:00\",\"mainEntityOfPage\":{\"@id\":\"https:\\\/\\\/www.urjc2030.es\\\/ui\\\/revista-investigaciones-feministas-ucm-analizar-crisis-consecuencias-covid-19-genero\\\/\"},\"wordCount\":329,\"publisher\":{\"@id\":\"https:\\\/\\\/www.urjc2030.es\\\/ui\\\/#organization\"},\"image\":{\"@id\":\"https:\\\/\\\/www.urjc2030.es\\\/ui\\\/revista-investigaciones-feministas-ucm-analizar-crisis-consecuencias-covid-19-genero\\\/#primaryimage\"},\"thumbnailUrl\":\"https:\\\/\\\/www.urjc2030.es\\\/ui\\\/wp-content\\\/uploads\\\/sites\\\/10\\\/2021\\\/06\\\/web-revista-investigaciones-feministas.jpg\",\"articleSection\":[\"Noticias\"],\"inLanguage\":\"es\"},{\"@type\":\"WebPage\",\"@id\":\"https:\\\/\\\/www.urjc2030.es\\\/ui\\\/revista-investigaciones-feministas-ucm-analizar-crisis-consecuencias-covid-19-genero\\\/\",\"url\":\"https:\\\/\\\/www.urjc2030.es\\\/ui\\\/revista-investigaciones-feministas-ucm-analizar-crisis-consecuencias-covid-19-genero\\\/\",\"name\":\"La revista Investigaciones Feministas de la UCM invita a analizar la crisis y consecuencias del COVID-19 desde una perspectiva de G\u00e9nero - Unidad de Igualdad\",\"isPartOf\":{\"@id\":\"https:\\\/\\\/www.urjc2030.es\\\/ui\\\/#website\"},\"primaryImageOfPage\":{\"@id\":\"https:\\\/\\\/www.urjc2030.es\\\/ui\\\/revista-investigaciones-feministas-ucm-analizar-crisis-consecuencias-covid-19-genero\\\/#primaryimage\"},\"image\":{\"@id\":\"https:\\\/\\\/www.urjc2030.es\\\/ui\\\/revista-investigaciones-feministas-ucm-analizar-crisis-consecuencias-covid-19-genero\\\/#primaryimage\"},\"thumbnailUrl\":\"https:\\\/\\\/www.urjc2030.es\\\/ui\\\/wp-content\\\/uploads\\\/sites\\\/10\\\/2021\\\/06\\\/web-revista-investigaciones-feministas.jpg\",\"datePublished\":\"2021-06-14T08:55:25+00:00\",\"dateModified\":\"2021-06-14T08:55:48+00:00\",\"breadcrumb\":{\"@id\":\"https:\\\/\\\/www.urjc2030.es\\\/ui\\\/revista-investigaciones-feministas-ucm-analizar-crisis-consecuencias-covid-19-genero\\\/#breadcrumb\"},\"inLanguage\":\"es\",\"potentialAction\":[{\"@type\":\"ReadAction\",\"target\":[\"https:\\\/\\\/www.urjc2030.es\\\/ui\\\/revista-investigaciones-feministas-ucm-analizar-crisis-consecuencias-covid-19-genero\\\/\"]}]},{\"@type\":\"ImageObject\",\"inLanguage\":\"es\",\"@id\":\"https:\\\/\\\/www.urjc2030.es\\\/ui\\\/revista-investigaciones-feministas-ucm-analizar-crisis-consecuencias-covid-19-genero\\\/#primaryimage\",\"url\":\"https:\\\/\\\/www.urjc2030.es\\\/ui\\\/wp-content\\\/uploads\\\/sites\\\/10\\\/2021\\\/06\\\/web-revista-investigaciones-feministas.jpg\",\"contentUrl\":\"https:\\\/\\\/www.urjc2030.es\\\/ui\\\/wp-content\\\/uploads\\\/sites\\\/10\\\/2021\\\/06\\\/web-revista-investigaciones-feministas.jpg\",\"width\":998,\"height\":968,\"caption\":\"La revista Investigaciones Feministas de la UCM invita a analizar la crisis y consecuencias del COVID-19 desde una perspectiva de G\u00e9nero\"},{\"@type\":\"BreadcrumbList\",\"@id\":\"https:\\\/\\\/www.urjc2030.es\\\/ui\\\/revista-investigaciones-feministas-ucm-analizar-crisis-consecuencias-covid-19-genero\\\/#breadcrumb\",\"itemListElement\":[{\"@type\":\"ListItem\",\"position\":1,\"name\":\"Portada\",\"item\":\"https:\\\/\\\/www.urjc2030.es\\\/ui\\\/\"},{\"@type\":\"ListItem\",\"position\":2,\"name\":\"La revista Investigaciones Feministas de la UCM invita a analizar la crisis y consecuencias del COVID-19 desde una perspectiva de G\u00e9nero\"}]},{\"@type\":\"WebSite\",\"@id\":\"https:\\\/\\\/www.urjc2030.es\\\/ui\\\/#website\",\"url\":\"https:\\\/\\\/www.urjc2030.es\\\/ui\\\/\",\"name\":\"Unidad de Igualdad\",\"description\":\"Elaborar, dar seguimiento y evaluar el Plan de Igualdad de la URJC, as\u00ed como velar por cumplimiento de la legislaci\u00f3n vigente en materia de igualdad efectiva entre mujeres y hombres.\",\"publisher\":{\"@id\":\"https:\\\/\\\/www.urjc2030.es\\\/ui\\\/#organization\"},\"potentialAction\":[{\"@type\":\"SearchAction\",\"target\":{\"@type\":\"EntryPoint\",\"urlTemplate\":\"https:\\\/\\\/www.urjc2030.es\\\/ui\\\/?s={search_term_string}\"},\"query-input\":{\"@type\":\"PropertyValueSpecification\",\"valueRequired\":true,\"valueName\":\"search_term_string\"}}],\"inLanguage\":\"es\"},{\"@type\":\"Organization\",\"@id\":\"https:\\\/\\\/www.urjc2030.es\\\/ui\\\/#organization\",\"name\":\"Universidad Rey Juan Carlos\",\"url\":\"https:\\\/\\\/www.urjc2030.es\\\/ui\\\/\",\"logo\":{\"@type\":\"ImageObject\",\"inLanguage\":\"es\",\"@id\":\"https:\\\/\\\/www.urjc2030.es\\\/ui\\\/#\\\/schema\\\/logo\\\/image\\\/\",\"url\":\"https:\\\/\\\/www.urjc2030.es\\\/ui\\\/wp-content\\\/uploads\\\/sites\\\/10\\\/2020\\\/10\\\/logoURJC.png\",\"contentUrl\":\"https:\\\/\\\/www.urjc2030.es\\\/ui\\\/wp-content\\\/uploads\\\/sites\\\/10\\\/2020\\\/10\\\/logoURJC.png\",\"width\":800,\"height\":305,\"caption\":\"Universidad Rey Juan Carlos\"},\"image\":{\"@id\":\"https:\\\/\\\/www.urjc2030.es\\\/ui\\\/#\\\/schema\\\/logo\\\/image\\\/\"},\"sameAs\":[\"https:\\\/\\\/www.facebook.com\\\/universidadreyjuancarlos\",\"https:\\\/\\\/x.com\\\/urjc\",\"https:\\\/\\\/www.instagram.com\\\/urjc_uni\\\/?hl=es\"]},{\"@type\":\"Person\",\"@id\":\"https:\\\/\\\/www.urjc2030.es\\\/ui\\\/#\\\/schema\\\/person\\\/5bca1e3d54fd0f6646257e7650ff6c1e\",\"name\":\"Rebeca\",\"image\":{\"@type\":\"ImageObject\",\"inLanguage\":\"es\",\"@id\":\"https:\\\/\\\/secure.gravatar.com\\\/avatar\\\/067ab19aa4e1cb582d952cf91ff4bcaf68f01cd66cbce7a3d69e3ee1093984f6?s=96&d=mm&r=g\",\"url\":\"https:\\\/\\\/secure.gravatar.com\\\/avatar\\\/067ab19aa4e1cb582d952cf91ff4bcaf68f01cd66cbce7a3d69e3ee1093984f6?s=96&d=mm&r=g\",\"contentUrl\":\"https:\\\/\\\/secure.gravatar.com\\\/avatar\\\/067ab19aa4e1cb582d952cf91ff4bcaf68f01cd66cbce7a3d69e3ee1093984f6?s=96&d=mm&r=g\",\"caption\":\"Rebeca\"},\"sameAs\":[\"https:\\\/\\\/www.urjc2030.es\"],\"url\":\"https:\\\/\\\/www.urjc2030.es\\\/ui\\\/author\\\/rebeca\\\/\"}]}<\/script>\n<!-- \/ Yoast SEO plugin. -->","yoast_head_json":{"title":"La revista Investigaciones Feministas de la UCM invita a analizar la crisis y consecuencias del COVID-19 desde una perspectiva de G\u00e9nero - Unidad de Igualdad","robots":{"index":"index","follow":"follow","max-snippet":"max-snippet:-1","max-image-preview":"max-image-preview:large","max-video-preview":"max-video-preview:-1"},"canonical":"https:\/\/www.urjc2030.es\/ui\/revista-investigaciones-feministas-ucm-analizar-crisis-consecuencias-covid-19-genero\/","og_locale":"es_ES","og_type":"article","og_title":"La revista Investigaciones Feministas de la UCM invita a analizar la crisis y consecuencias del COVID-19 desde una perspectiva de G\u00e9nero - Unidad de Igualdad","og_description":"La crisis ocasionada por el COVID-19 ha impuesto escenarios diversos con los que la sociedad debe lidiar. Son muchas las consecuencias negativas ocasionadas que parecen azotar con mayor fuerza al segmento poblacional de las mujeres y ni\u00f1as. Las nuevas realidades, a consecuencia de la pandemia, causan nuevas formas de desigualdad de g\u00e9nero, por ello, es [&hellip;]","og_url":"https:\/\/www.urjc2030.es\/ui\/revista-investigaciones-feministas-ucm-analizar-crisis-consecuencias-covid-19-genero\/","og_site_name":"Unidad de Igualdad","article_publisher":"https:\/\/www.facebook.com\/universidadreyjuancarlos","article_published_time":"2021-06-14T08:55:25+00:00","article_modified_time":"2021-06-14T08:55:48+00:00","og_image":[{"width":998,"height":968,"url":"https:\/\/www.urjc2030.es\/ui\/wp-content\/uploads\/sites\/10\/2021\/06\/web-revista-investigaciones-feministas.jpg","type":"image\/jpeg"}],"author":"Rebeca","twitter_card":"summary_large_image","twitter_creator":"@urjc","twitter_site":"@urjc","schema":{"@context":"https:\/\/schema.org","@graph":[{"@type":"Article","@id":"https:\/\/www.urjc2030.es\/ui\/revista-investigaciones-feministas-ucm-analizar-crisis-consecuencias-covid-19-genero\/#article","isPartOf":{"@id":"https:\/\/www.urjc2030.es\/ui\/revista-investigaciones-feministas-ucm-analizar-crisis-consecuencias-covid-19-genero\/"},"author":{"name":"Rebeca","@id":"https:\/\/www.urjc2030.es\/ui\/#\/schema\/person\/5bca1e3d54fd0f6646257e7650ff6c1e"},"headline":"La revista Investigaciones Feministas de la UCM invita a analizar la crisis y consecuencias del COVID-19 desde una perspectiva de G\u00e9nero","datePublished":"2021-06-14T08:55:25+00:00","dateModified":"2021-06-14T08:55:48+00:00","mainEntityOfPage":{"@id":"https:\/\/www.urjc2030.es\/ui\/revista-investigaciones-feministas-ucm-analizar-crisis-consecuencias-covid-19-genero\/"},"wordCount":329,"publisher":{"@id":"https:\/\/www.urjc2030.es\/ui\/#organization"},"image":{"@id":"https:\/\/www.urjc2030.es\/ui\/revista-investigaciones-feministas-ucm-analizar-crisis-consecuencias-covid-19-genero\/#primaryimage"},"thumbnailUrl":"https:\/\/www.urjc2030.es\/ui\/wp-content\/uploads\/sites\/10\/2021\/06\/web-revista-investigaciones-feministas.jpg","articleSection":["Noticias"],"inLanguage":"es"},{"@type":"WebPage","@id":"https:\/\/www.urjc2030.es\/ui\/revista-investigaciones-feministas-ucm-analizar-crisis-consecuencias-covid-19-genero\/","url":"https:\/\/www.urjc2030.es\/ui\/revista-investigaciones-feministas-ucm-analizar-crisis-consecuencias-covid-19-genero\/","name":"La revista Investigaciones Feministas de la UCM invita a analizar la crisis y consecuencias del COVID-19 desde una perspectiva de G\u00e9nero - Unidad de Igualdad","isPartOf":{"@id":"https:\/\/www.urjc2030.es\/ui\/#website"},"primaryImageOfPage":{"@id":"https:\/\/www.urjc2030.es\/ui\/revista-investigaciones-feministas-ucm-analizar-crisis-consecuencias-covid-19-genero\/#primaryimage"},"image":{"@id":"https:\/\/www.urjc2030.es\/ui\/revista-investigaciones-feministas-ucm-analizar-crisis-consecuencias-covid-19-genero\/#primaryimage"},"thumbnailUrl":"https:\/\/www.urjc2030.es\/ui\/wp-content\/uploads\/sites\/10\/2021\/06\/web-revista-investigaciones-feministas.jpg","datePublished":"2021-06-14T08:55:25+00:00","dateModified":"2021-06-14T08:55:48+00:00","breadcrumb":{"@id":"https:\/\/www.urjc2030.es\/ui\/revista-investigaciones-feministas-ucm-analizar-crisis-consecuencias-covid-19-genero\/#breadcrumb"},"inLanguage":"es","potentialAction":[{"@type":"ReadAction","target":["https:\/\/www.urjc2030.es\/ui\/revista-investigaciones-feministas-ucm-analizar-crisis-consecuencias-covid-19-genero\/"]}]},{"@type":"ImageObject","inLanguage":"es","@id":"https:\/\/www.urjc2030.es\/ui\/revista-investigaciones-feministas-ucm-analizar-crisis-consecuencias-covid-19-genero\/#primaryimage","url":"https:\/\/www.urjc2030.es\/ui\/wp-content\/uploads\/sites\/10\/2021\/06\/web-revista-investigaciones-feministas.jpg","contentUrl":"https:\/\/www.urjc2030.es\/ui\/wp-content\/uploads\/sites\/10\/2021\/06\/web-revista-investigaciones-feministas.jpg","width":998,"height":968,"caption":"La revista Investigaciones Feministas de la UCM invita a analizar la crisis y consecuencias del COVID-19 desde una perspectiva de G\u00e9nero"},{"@type":"BreadcrumbList","@id":"https:\/\/www.urjc2030.es\/ui\/revista-investigaciones-feministas-ucm-analizar-crisis-consecuencias-covid-19-genero\/#breadcrumb","itemListElement":[{"@type":"ListItem","position":1,"name":"Portada","item":"https:\/\/www.urjc2030.es\/ui\/"},{"@type":"ListItem","position":2,"name":"La revista Investigaciones Feministas de la UCM invita a analizar la crisis y consecuencias del COVID-19 desde una perspectiva de G\u00e9nero"}]},{"@type":"WebSite","@id":"https:\/\/www.urjc2030.es\/ui\/#website","url":"https:\/\/www.urjc2030.es\/ui\/","name":"Unidad de Igualdad","description":"Elaborar, dar seguimiento y evaluar el Plan de Igualdad de la URJC, as\u00ed como velar por cumplimiento de la legislaci\u00f3n vigente en materia de igualdad efectiva entre mujeres y hombres.","publisher":{"@id":"https:\/\/www.urjc2030.es\/ui\/#organization"},"potentialAction":[{"@type":"SearchAction","target":{"@type":"EntryPoint","urlTemplate":"https:\/\/www.urjc2030.es\/ui\/?s={search_term_string}"},"query-input":{"@type":"PropertyValueSpecification","valueRequired":true,"valueName":"search_term_string"}}],"inLanguage":"es"},{"@type":"Organization","@id":"https:\/\/www.urjc2030.es\/ui\/#organization","name":"Universidad Rey Juan Carlos","url":"https:\/\/www.urjc2030.es\/ui\/","logo":{"@type":"ImageObject","inLanguage":"es","@id":"https:\/\/www.urjc2030.es\/ui\/#\/schema\/logo\/image\/","url":"https:\/\/www.urjc2030.es\/ui\/wp-content\/uploads\/sites\/10\/2020\/10\/logoURJC.png","contentUrl":"https:\/\/www.urjc2030.es\/ui\/wp-content\/uploads\/sites\/10\/2020\/10\/logoURJC.png","width":800,"height":305,"caption":"Universidad Rey Juan Carlos"},"image":{"@id":"https:\/\/www.urjc2030.es\/ui\/#\/schema\/logo\/image\/"},"sameAs":["https:\/\/www.facebook.com\/universidadreyjuancarlos","https:\/\/x.com\/urjc","https:\/\/www.instagram.com\/urjc_uni\/?hl=es"]},{"@type":"Person","@id":"https:\/\/www.urjc2030.es\/ui\/#\/schema\/person\/5bca1e3d54fd0f6646257e7650ff6c1e","name":"Rebeca","image":{"@type":"ImageObject","inLanguage":"es","@id":"https:\/\/secure.gravatar.com\/avatar\/067ab19aa4e1cb582d952cf91ff4bcaf68f01cd66cbce7a3d69e3ee1093984f6?s=96&d=mm&r=g","url":"https:\/\/secure.gravatar.com\/avatar\/067ab19aa4e1cb582d952cf91ff4bcaf68f01cd66cbce7a3d69e3ee1093984f6?s=96&d=mm&r=g","contentUrl":"https:\/\/secure.gravatar.com\/avatar\/067ab19aa4e1cb582d952cf91ff4bcaf68f01cd66cbce7a3d69e3ee1093984f6?s=96&d=mm&r=g","caption":"Rebeca"},"sameAs":["https:\/\/www.urjc2030.es"],"url":"https:\/\/www.urjc2030.es\/ui\/author\/rebeca\/"}]}},"_links":{"self":[{"href":"https:\/\/www.urjc2030.es\/ui\/wp-json\/wp\/v2\/posts\/1247","targetHints":{"allow":["GET"]}}],"collection":[{"href":"https:\/\/www.urjc2030.es\/ui\/wp-json\/wp\/v2\/posts"}],"about":[{"href":"https:\/\/www.urjc2030.es\/ui\/wp-json\/wp\/v2\/types\/post"}],"author":[{"embeddable":true,"href":"https:\/\/www.urjc2030.es\/ui\/wp-json\/wp\/v2\/users\/1"}],"replies":[{"embeddable":true,"href":"https:\/\/www.urjc2030.es\/ui\/wp-json\/wp\/v2\/comments?post=1247"}],"version-history":[{"count":2,"href":"https:\/\/www.urjc2030.es\/ui\/wp-json\/wp\/v2\/posts\/1247\/revisions"}],"predecessor-version":[{"id":1251,"href":"https:\/\/www.urjc2030.es\/ui\/wp-json\/wp\/v2\/posts\/1247\/revisions\/1251"}],"wp:featuredmedia":[{"embeddable":true,"href":"https:\/\/www.urjc2030.es\/ui\/wp-json\/wp\/v2\/media\/1249"}],"wp:attachment":[{"href":"https:\/\/www.urjc2030.es\/ui\/wp-json\/wp\/v2\/media?parent=1247"}],"wp:term":[{"taxonomy":"category","embeddable":true,"href":"https:\/\/www.urjc2030.es\/ui\/wp-json\/wp\/v2\/categories?post=1247"},{"taxonomy":"post_tag","embeddable":true,"href":"https:\/\/www.urjc2030.es\/ui\/wp-json\/wp\/v2\/tags?post=1247"}],"curies":[{"name":"wp","href":"https:\/\/api.w.org\/{rel}","templated":true}]}}