{"id":1252,"date":"2021-06-14T15:35:50","date_gmt":"2021-06-14T15:35:50","guid":{"rendered":"https:\/\/www.urjc2030.es\/ui\/?p=1252"},"modified":"2021-06-14T15:35:50","modified_gmt":"2021-06-14T15:35:50","slug":"convocatoria-del-imio-postgrados-de-estudios-feministas-y-de-genero-y-actividades-del-ambito-universitario-relacionadas-con-la-igualdad","status":"publish","type":"post","link":"https:\/\/www.urjc2030.es\/ui\/convocatoria-del-imio-postgrados-de-estudios-feministas-y-de-genero-y-actividades-del-ambito-universitario-relacionadas-con-la-igualdad\/","title":{"rendered":"Convocatoria del IMIO: Postgrados de estudios feministas y de g\u00e9nero y actividades del \u00e1mbito universitario relacionadas con la igualdad"},"content":{"rendered":"<p><img loading=\"lazy\" decoding=\"async\" class=\"size-medium wp-image-1162 alignright\" src=\"https:\/\/www.urjc2030.es\/uapdnee\/wp-content\/uploads\/sites\/9\/2021\/06\/estudiante-300x200.jpg\" alt=\"\" width=\"300\" height=\"200\" \/>El Instituto de las Mujeres ha publicado recientemente la convocatoria para la concesi\u00f3n de subvenciones p\u00fablicas, cuyo objeto es realizar <strong>postgrados de estudios de g\u00e9nero<\/strong> conducentes a la obtenci\u00f3n del t\u00edtulo de m\u00e1ster universitario y de doctor o doctora, as\u00ed como <strong>actividades del \u00e1mbito universitario relacionadas con la igualdad<\/strong> que destaquen por su calidad y valor estrat\u00e9gico en el \u00e1mbito de la igualdad<\/p>\n<p>La naturaleza de los proyectos de actividades universitarias que obtendr\u00e1n subvenci\u00f3n ser\u00e1 de alguno de estos tipos: seminarios, congresos, simposios, jornadas y foros de debate y actividades de transferencia y divulgaci\u00f3n del conocimiento a la sociedad a trav\u00e9s de productos comunicativos audiovisuales. Todas las actividades deber\u00e1n estar vinculadas al cumplimiento de la LO 3\/2007 para la Igualdad efectiva de mujeres y hombres y a la aplicaci\u00f3n de la Agenda 2030.<\/p>\n<p>En el caso de los proyectos de estudios de postgrado la subvenci\u00f3n ir\u00e1 destinada al pago de la matr\u00edcula de estudios de nivel m\u00e1ster (M\u00e1ster Oficial y T\u00edtulos Propios) y estudios de doctorado.<\/p>\n<p>Pod\u00e9is encontrar un resumen de la convocatoria en el siguiente enlace:<\/p>\n<p><a href=\"https:\/\/www.inmujeres.gob.es\/servRecursos\/convocatorias\/2021\/Docs\/SubPostFemiGeneUniIgual2021\/Convocatoria_PAC_2021.pdf\" target=\"_blank\" rel=\"noopener\">https:\/\/www.inmujeres.gob.es\/servRecursos\/convocatorias\/2021\/Docs\/SubPostFemiGeneUniIgual2021\/Convocatoria_PAC_2021.pdf<\/a><\/p>\n<p>Las bases de la convocatoria, instrucciones y anexo se pueden encontrar en la web del Instituto de las Mujeres en el siguiente enlace:<\/p>\n<p><a href=\"https:\/\/www.inmujeres.gob.es\/servRecursos\/convocatorias\/2021\/SubPostFemiGeneUni2021.htm\" target=\"_blank\" rel=\"noopener\">https:\/\/www.inmujeres.gob.es\/servRecursos\/convocatorias\/2021\/SubPostFemiGeneUni2021.htm<\/a><\/p>\n<p>Plazo de presentaci\u00f3n de solicitudes:\u00a015 d\u00edas h\u00e1biles a partir del d\u00eda siguiente de la publicaci\u00f3n del extracto en el BOE.\u00a0 Finalizaci\u00f3n: el 28 de junio de 2021.<\/p>\n","protected":false},"excerpt":{"rendered":"<p>El Instituto de las Mujeres ha publicado recientemente la convocatoria para la concesi\u00f3n de subvenciones p\u00fablicas, cuyo objeto es realizar postgrados de estudios de g\u00e9nero conducentes a la obtenci\u00f3n del t\u00edtulo de m\u00e1ster universitario y de doctor o doctora, as\u00ed como actividades del \u00e1mbito universitario relacionadas con la igualdad que destaquen por su calidad y [&hellip;]<\/p>\n","protected":false},"author":1,"featured_media":1253,"comment_status":"closed","ping_status":"closed","sticky":false,"template":"","format":"standard","meta":{"_et_pb_use_builder":"","_et_pb_old_content":"","_et_gb_content_width":"","cybocfi_hide_featured_image":"","footnotes":""},"categories":[9],"tags":[],"class_list":["post-1252","post","type-post","status-publish","format-standard","has-post-thumbnail","hentry","category-noticias-ui"],"yoast_head":"<!-- This site is optimized with the Yoast SEO plugin v27.4 - https:\/\/yoast.com\/product\/yoast-seo-wordpress\/ -->\n<title>Convocatoria del IMIO: Postgrados de estudios feministas y de g\u00e9nero y actividades del \u00e1mbito universitario relacionadas con la igualdad - Unidad de Igualdad<\/title>\n<meta name=\"robots\" content=\"index, follow, max-snippet:-1, max-image-preview:large, max-video-preview:-1\" \/>\n<link rel=\"canonical\" href=\"https:\/\/www.urjc2030.es\/ui\/convocatoria-del-imio-postgrados-de-estudios-feministas-y-de-genero-y-actividades-del-ambito-universitario-relacionadas-con-la-igualdad\/\" \/>\n<meta property=\"og:locale\" content=\"es_ES\" \/>\n<meta property=\"og:type\" content=\"article\" \/>\n<meta property=\"og:title\" content=\"Convocatoria del IMIO: Postgrados de estudios feministas y de g\u00e9nero y actividades del \u00e1mbito universitario relacionadas con la igualdad - Unidad de Igualdad\" \/>\n<meta property=\"og:description\" content=\"El Instituto de las Mujeres ha publicado recientemente la convocatoria para la concesi\u00f3n de subvenciones p\u00fablicas, cuyo objeto es realizar postgrados de estudios de g\u00e9nero conducentes a la obtenci\u00f3n del t\u00edtulo de m\u00e1ster universitario y de doctor o doctora, as\u00ed como actividades del \u00e1mbito universitario relacionadas con la igualdad que destaquen por su calidad y [&hellip;]\" \/>\n<meta property=\"og:url\" content=\"https:\/\/www.urjc2030.es\/ui\/convocatoria-del-imio-postgrados-de-estudios-feministas-y-de-genero-y-actividades-del-ambito-universitario-relacionadas-con-la-igualdad\/\" \/>\n<meta property=\"og:site_name\" content=\"Unidad de Igualdad\" \/>\n<meta property=\"article:publisher\" content=\"https:\/\/www.facebook.com\/universidadreyjuancarlos\" \/>\n<meta property=\"article:published_time\" content=\"2021-06-14T15:35:50+00:00\" \/>\n<meta property=\"og:image\" content=\"https:\/\/www.urjc2030.es\/ui\/wp-content\/uploads\/sites\/10\/2021\/06\/estudiante.jpg\" \/>\n\t<meta property=\"og:image:width\" content=\"1920\" \/>\n\t<meta property=\"og:image:height\" content=\"1280\" \/>\n\t<meta property=\"og:image:type\" content=\"image\/jpeg\" \/>\n<meta name=\"author\" content=\"Rebeca\" \/>\n<meta name=\"twitter:card\" content=\"summary_large_image\" \/>\n<meta name=\"twitter:creator\" content=\"@urjc\" \/>\n<meta name=\"twitter:site\" content=\"@urjc\" \/>\n<script type=\"application\/ld+json\" class=\"yoast-schema-graph\">{\"@context\":\"https:\\\/\\\/schema.org\",\"@graph\":[{\"@type\":\"Article\",\"@id\":\"https:\\\/\\\/www.urjc2030.es\\\/ui\\\/convocatoria-del-imio-postgrados-de-estudios-feministas-y-de-genero-y-actividades-del-ambito-universitario-relacionadas-con-la-igualdad\\\/#article\",\"isPartOf\":{\"@id\":\"https:\\\/\\\/www.urjc2030.es\\\/ui\\\/convocatoria-del-imio-postgrados-de-estudios-feministas-y-de-genero-y-actividades-del-ambito-universitario-relacionadas-con-la-igualdad\\\/\"},\"author\":{\"name\":\"Rebeca\",\"@id\":\"https:\\\/\\\/www.urjc2030.es\\\/ui\\\/#\\\/schema\\\/person\\\/5bca1e3d54fd0f6646257e7650ff6c1e\"},\"headline\":\"Convocatoria del IMIO: Postgrados de estudios feministas y de g\u00e9nero y actividades del \u00e1mbito universitario relacionadas con la igualdad\",\"datePublished\":\"2021-06-14T15:35:50+00:00\",\"mainEntityOfPage\":{\"@id\":\"https:\\\/\\\/www.urjc2030.es\\\/ui\\\/convocatoria-del-imio-postgrados-de-estudios-feministas-y-de-genero-y-actividades-del-ambito-universitario-relacionadas-con-la-igualdad\\\/\"},\"wordCount\":289,\"publisher\":{\"@id\":\"https:\\\/\\\/www.urjc2030.es\\\/ui\\\/#organization\"},\"image\":{\"@id\":\"https:\\\/\\\/www.urjc2030.es\\\/ui\\\/convocatoria-del-imio-postgrados-de-estudios-feministas-y-de-genero-y-actividades-del-ambito-universitario-relacionadas-con-la-igualdad\\\/#primaryimage\"},\"thumbnailUrl\":\"https:\\\/\\\/www.urjc2030.es\\\/ui\\\/wp-content\\\/uploads\\\/sites\\\/10\\\/2021\\\/06\\\/estudiante.jpg\",\"articleSection\":[\"Noticias\"],\"inLanguage\":\"es\"},{\"@type\":\"WebPage\",\"@id\":\"https:\\\/\\\/www.urjc2030.es\\\/ui\\\/convocatoria-del-imio-postgrados-de-estudios-feministas-y-de-genero-y-actividades-del-ambito-universitario-relacionadas-con-la-igualdad\\\/\",\"url\":\"https:\\\/\\\/www.urjc2030.es\\\/ui\\\/convocatoria-del-imio-postgrados-de-estudios-feministas-y-de-genero-y-actividades-del-ambito-universitario-relacionadas-con-la-igualdad\\\/\",\"name\":\"Convocatoria del IMIO: Postgrados de estudios feministas y de g\u00e9nero y actividades del \u00e1mbito universitario relacionadas con la igualdad - Unidad de Igualdad\",\"isPartOf\":{\"@id\":\"https:\\\/\\\/www.urjc2030.es\\\/ui\\\/#website\"},\"primaryImageOfPage\":{\"@id\":\"https:\\\/\\\/www.urjc2030.es\\\/ui\\\/convocatoria-del-imio-postgrados-de-estudios-feministas-y-de-genero-y-actividades-del-ambito-universitario-relacionadas-con-la-igualdad\\\/#primaryimage\"},\"image\":{\"@id\":\"https:\\\/\\\/www.urjc2030.es\\\/ui\\\/convocatoria-del-imio-postgrados-de-estudios-feministas-y-de-genero-y-actividades-del-ambito-universitario-relacionadas-con-la-igualdad\\\/#primaryimage\"},\"thumbnailUrl\":\"https:\\\/\\\/www.urjc2030.es\\\/ui\\\/wp-content\\\/uploads\\\/sites\\\/10\\\/2021\\\/06\\\/estudiante.jpg\",\"datePublished\":\"2021-06-14T15:35:50+00:00\",\"breadcrumb\":{\"@id\":\"https:\\\/\\\/www.urjc2030.es\\\/ui\\\/convocatoria-del-imio-postgrados-de-estudios-feministas-y-de-genero-y-actividades-del-ambito-universitario-relacionadas-con-la-igualdad\\\/#breadcrumb\"},\"inLanguage\":\"es\",\"potentialAction\":[{\"@type\":\"ReadAction\",\"target\":[\"https:\\\/\\\/www.urjc2030.es\\\/ui\\\/convocatoria-del-imio-postgrados-de-estudios-feministas-y-de-genero-y-actividades-del-ambito-universitario-relacionadas-con-la-igualdad\\\/\"]}]},{\"@type\":\"ImageObject\",\"inLanguage\":\"es\",\"@id\":\"https:\\\/\\\/www.urjc2030.es\\\/ui\\\/convocatoria-del-imio-postgrados-de-estudios-feministas-y-de-genero-y-actividades-del-ambito-universitario-relacionadas-con-la-igualdad\\\/#primaryimage\",\"url\":\"https:\\\/\\\/www.urjc2030.es\\\/ui\\\/wp-content\\\/uploads\\\/sites\\\/10\\\/2021\\\/06\\\/estudiante.jpg\",\"contentUrl\":\"https:\\\/\\\/www.urjc2030.es\\\/ui\\\/wp-content\\\/uploads\\\/sites\\\/10\\\/2021\\\/06\\\/estudiante.jpg\",\"width\":1920,\"height\":1280},{\"@type\":\"BreadcrumbList\",\"@id\":\"https:\\\/\\\/www.urjc2030.es\\\/ui\\\/convocatoria-del-imio-postgrados-de-estudios-feministas-y-de-genero-y-actividades-del-ambito-universitario-relacionadas-con-la-igualdad\\\/#breadcrumb\",\"itemListElement\":[{\"@type\":\"ListItem\",\"position\":1,\"name\":\"Portada\",\"item\":\"https:\\\/\\\/www.urjc2030.es\\\/ui\\\/\"},{\"@type\":\"ListItem\",\"position\":2,\"name\":\"Convocatoria del IMIO: Postgrados de estudios feministas y de g\u00e9nero y actividades del \u00e1mbito universitario relacionadas con la igualdad\"}]},{\"@type\":\"WebSite\",\"@id\":\"https:\\\/\\\/www.urjc2030.es\\\/ui\\\/#website\",\"url\":\"https:\\\/\\\/www.urjc2030.es\\\/ui\\\/\",\"name\":\"Unidad de Igualdad\",\"description\":\"Elaborar, dar seguimiento y evaluar el Plan de Igualdad de la URJC, as\u00ed como velar por cumplimiento de la legislaci\u00f3n vigente en materia de igualdad efectiva entre mujeres y hombres.\",\"publisher\":{\"@id\":\"https:\\\/\\\/www.urjc2030.es\\\/ui\\\/#organization\"},\"potentialAction\":[{\"@type\":\"SearchAction\",\"target\":{\"@type\":\"EntryPoint\",\"urlTemplate\":\"https:\\\/\\\/www.urjc2030.es\\\/ui\\\/?s={search_term_string}\"},\"query-input\":{\"@type\":\"PropertyValueSpecification\",\"valueRequired\":true,\"valueName\":\"search_term_string\"}}],\"inLanguage\":\"es\"},{\"@type\":\"Organization\",\"@id\":\"https:\\\/\\\/www.urjc2030.es\\\/ui\\\/#organization\",\"name\":\"Universidad Rey Juan Carlos\",\"url\":\"https:\\\/\\\/www.urjc2030.es\\\/ui\\\/\",\"logo\":{\"@type\":\"ImageObject\",\"inLanguage\":\"es\",\"@id\":\"https:\\\/\\\/www.urjc2030.es\\\/ui\\\/#\\\/schema\\\/logo\\\/image\\\/\",\"url\":\"https:\\\/\\\/www.urjc2030.es\\\/ui\\\/wp-content\\\/uploads\\\/sites\\\/10\\\/2020\\\/10\\\/logoURJC.png\",\"contentUrl\":\"https:\\\/\\\/www.urjc2030.es\\\/ui\\\/wp-content\\\/uploads\\\/sites\\\/10\\\/2020\\\/10\\\/logoURJC.png\",\"width\":800,\"height\":305,\"caption\":\"Universidad Rey Juan Carlos\"},\"image\":{\"@id\":\"https:\\\/\\\/www.urjc2030.es\\\/ui\\\/#\\\/schema\\\/logo\\\/image\\\/\"},\"sameAs\":[\"https:\\\/\\\/www.facebook.com\\\/universidadreyjuancarlos\",\"https:\\\/\\\/x.com\\\/urjc\",\"https:\\\/\\\/www.instagram.com\\\/urjc_uni\\\/?hl=es\"]},{\"@type\":\"Person\",\"@id\":\"https:\\\/\\\/www.urjc2030.es\\\/ui\\\/#\\\/schema\\\/person\\\/5bca1e3d54fd0f6646257e7650ff6c1e\",\"name\":\"Rebeca\",\"image\":{\"@type\":\"ImageObject\",\"inLanguage\":\"es\",\"@id\":\"https:\\\/\\\/secure.gravatar.com\\\/avatar\\\/067ab19aa4e1cb582d952cf91ff4bcaf68f01cd66cbce7a3d69e3ee1093984f6?s=96&d=mm&r=g\",\"url\":\"https:\\\/\\\/secure.gravatar.com\\\/avatar\\\/067ab19aa4e1cb582d952cf91ff4bcaf68f01cd66cbce7a3d69e3ee1093984f6?s=96&d=mm&r=g\",\"contentUrl\":\"https:\\\/\\\/secure.gravatar.com\\\/avatar\\\/067ab19aa4e1cb582d952cf91ff4bcaf68f01cd66cbce7a3d69e3ee1093984f6?s=96&d=mm&r=g\",\"caption\":\"Rebeca\"},\"sameAs\":[\"https:\\\/\\\/www.urjc2030.es\"],\"url\":\"https:\\\/\\\/www.urjc2030.es\\\/ui\\\/author\\\/rebeca\\\/\"}]}<\/script>\n<!-- \/ Yoast SEO plugin. -->","yoast_head_json":{"title":"Convocatoria del IMIO: Postgrados de estudios feministas y de g\u00e9nero y actividades del \u00e1mbito universitario relacionadas con la igualdad - Unidad de Igualdad","robots":{"index":"index","follow":"follow","max-snippet":"max-snippet:-1","max-image-preview":"max-image-preview:large","max-video-preview":"max-video-preview:-1"},"canonical":"https:\/\/www.urjc2030.es\/ui\/convocatoria-del-imio-postgrados-de-estudios-feministas-y-de-genero-y-actividades-del-ambito-universitario-relacionadas-con-la-igualdad\/","og_locale":"es_ES","og_type":"article","og_title":"Convocatoria del IMIO: Postgrados de estudios feministas y de g\u00e9nero y actividades del \u00e1mbito universitario relacionadas con la igualdad - Unidad de Igualdad","og_description":"El Instituto de las Mujeres ha publicado recientemente la convocatoria para la concesi\u00f3n de subvenciones p\u00fablicas, cuyo objeto es realizar postgrados de estudios de g\u00e9nero conducentes a la obtenci\u00f3n del t\u00edtulo de m\u00e1ster universitario y de doctor o doctora, as\u00ed como actividades del \u00e1mbito universitario relacionadas con la igualdad que destaquen por su calidad y [&hellip;]","og_url":"https:\/\/www.urjc2030.es\/ui\/convocatoria-del-imio-postgrados-de-estudios-feministas-y-de-genero-y-actividades-del-ambito-universitario-relacionadas-con-la-igualdad\/","og_site_name":"Unidad de Igualdad","article_publisher":"https:\/\/www.facebook.com\/universidadreyjuancarlos","article_published_time":"2021-06-14T15:35:50+00:00","og_image":[{"width":1920,"height":1280,"url":"https:\/\/www.urjc2030.es\/ui\/wp-content\/uploads\/sites\/10\/2021\/06\/estudiante.jpg","type":"image\/jpeg"}],"author":"Rebeca","twitter_card":"summary_large_image","twitter_creator":"@urjc","twitter_site":"@urjc","schema":{"@context":"https:\/\/schema.org","@graph":[{"@type":"Article","@id":"https:\/\/www.urjc2030.es\/ui\/convocatoria-del-imio-postgrados-de-estudios-feministas-y-de-genero-y-actividades-del-ambito-universitario-relacionadas-con-la-igualdad\/#article","isPartOf":{"@id":"https:\/\/www.urjc2030.es\/ui\/convocatoria-del-imio-postgrados-de-estudios-feministas-y-de-genero-y-actividades-del-ambito-universitario-relacionadas-con-la-igualdad\/"},"author":{"name":"Rebeca","@id":"https:\/\/www.urjc2030.es\/ui\/#\/schema\/person\/5bca1e3d54fd0f6646257e7650ff6c1e"},"headline":"Convocatoria del IMIO: Postgrados de estudios feministas y de g\u00e9nero y actividades del \u00e1mbito universitario relacionadas con la igualdad","datePublished":"2021-06-14T15:35:50+00:00","mainEntityOfPage":{"@id":"https:\/\/www.urjc2030.es\/ui\/convocatoria-del-imio-postgrados-de-estudios-feministas-y-de-genero-y-actividades-del-ambito-universitario-relacionadas-con-la-igualdad\/"},"wordCount":289,"publisher":{"@id":"https:\/\/www.urjc2030.es\/ui\/#organization"},"image":{"@id":"https:\/\/www.urjc2030.es\/ui\/convocatoria-del-imio-postgrados-de-estudios-feministas-y-de-genero-y-actividades-del-ambito-universitario-relacionadas-con-la-igualdad\/#primaryimage"},"thumbnailUrl":"https:\/\/www.urjc2030.es\/ui\/wp-content\/uploads\/sites\/10\/2021\/06\/estudiante.jpg","articleSection":["Noticias"],"inLanguage":"es"},{"@type":"WebPage","@id":"https:\/\/www.urjc2030.es\/ui\/convocatoria-del-imio-postgrados-de-estudios-feministas-y-de-genero-y-actividades-del-ambito-universitario-relacionadas-con-la-igualdad\/","url":"https:\/\/www.urjc2030.es\/ui\/convocatoria-del-imio-postgrados-de-estudios-feministas-y-de-genero-y-actividades-del-ambito-universitario-relacionadas-con-la-igualdad\/","name":"Convocatoria del IMIO: Postgrados de estudios feministas y de g\u00e9nero y actividades del \u00e1mbito universitario relacionadas con la igualdad - Unidad de Igualdad","isPartOf":{"@id":"https:\/\/www.urjc2030.es\/ui\/#website"},"primaryImageOfPage":{"@id":"https:\/\/www.urjc2030.es\/ui\/convocatoria-del-imio-postgrados-de-estudios-feministas-y-de-genero-y-actividades-del-ambito-universitario-relacionadas-con-la-igualdad\/#primaryimage"},"image":{"@id":"https:\/\/www.urjc2030.es\/ui\/convocatoria-del-imio-postgrados-de-estudios-feministas-y-de-genero-y-actividades-del-ambito-universitario-relacionadas-con-la-igualdad\/#primaryimage"},"thumbnailUrl":"https:\/\/www.urjc2030.es\/ui\/wp-content\/uploads\/sites\/10\/2021\/06\/estudiante.jpg","datePublished":"2021-06-14T15:35:50+00:00","breadcrumb":{"@id":"https:\/\/www.urjc2030.es\/ui\/convocatoria-del-imio-postgrados-de-estudios-feministas-y-de-genero-y-actividades-del-ambito-universitario-relacionadas-con-la-igualdad\/#breadcrumb"},"inLanguage":"es","potentialAction":[{"@type":"ReadAction","target":["https:\/\/www.urjc2030.es\/ui\/convocatoria-del-imio-postgrados-de-estudios-feministas-y-de-genero-y-actividades-del-ambito-universitario-relacionadas-con-la-igualdad\/"]}]},{"@type":"ImageObject","inLanguage":"es","@id":"https:\/\/www.urjc2030.es\/ui\/convocatoria-del-imio-postgrados-de-estudios-feministas-y-de-genero-y-actividades-del-ambito-universitario-relacionadas-con-la-igualdad\/#primaryimage","url":"https:\/\/www.urjc2030.es\/ui\/wp-content\/uploads\/sites\/10\/2021\/06\/estudiante.jpg","contentUrl":"https:\/\/www.urjc2030.es\/ui\/wp-content\/uploads\/sites\/10\/2021\/06\/estudiante.jpg","width":1920,"height":1280},{"@type":"BreadcrumbList","@id":"https:\/\/www.urjc2030.es\/ui\/convocatoria-del-imio-postgrados-de-estudios-feministas-y-de-genero-y-actividades-del-ambito-universitario-relacionadas-con-la-igualdad\/#breadcrumb","itemListElement":[{"@type":"ListItem","position":1,"name":"Portada","item":"https:\/\/www.urjc2030.es\/ui\/"},{"@type":"ListItem","position":2,"name":"Convocatoria del IMIO: Postgrados de estudios feministas y de g\u00e9nero y actividades del \u00e1mbito universitario relacionadas con la igualdad"}]},{"@type":"WebSite","@id":"https:\/\/www.urjc2030.es\/ui\/#website","url":"https:\/\/www.urjc2030.es\/ui\/","name":"Unidad de Igualdad","description":"Elaborar, dar seguimiento y evaluar el Plan de Igualdad de la URJC, as\u00ed como velar por cumplimiento de la legislaci\u00f3n vigente en materia de igualdad efectiva entre mujeres y hombres.","publisher":{"@id":"https:\/\/www.urjc2030.es\/ui\/#organization"},"potentialAction":[{"@type":"SearchAction","target":{"@type":"EntryPoint","urlTemplate":"https:\/\/www.urjc2030.es\/ui\/?s={search_term_string}"},"query-input":{"@type":"PropertyValueSpecification","valueRequired":true,"valueName":"search_term_string"}}],"inLanguage":"es"},{"@type":"Organization","@id":"https:\/\/www.urjc2030.es\/ui\/#organization","name":"Universidad Rey Juan Carlos","url":"https:\/\/www.urjc2030.es\/ui\/","logo":{"@type":"ImageObject","inLanguage":"es","@id":"https:\/\/www.urjc2030.es\/ui\/#\/schema\/logo\/image\/","url":"https:\/\/www.urjc2030.es\/ui\/wp-content\/uploads\/sites\/10\/2020\/10\/logoURJC.png","contentUrl":"https:\/\/www.urjc2030.es\/ui\/wp-content\/uploads\/sites\/10\/2020\/10\/logoURJC.png","width":800,"height":305,"caption":"Universidad Rey Juan Carlos"},"image":{"@id":"https:\/\/www.urjc2030.es\/ui\/#\/schema\/logo\/image\/"},"sameAs":["https:\/\/www.facebook.com\/universidadreyjuancarlos","https:\/\/x.com\/urjc","https:\/\/www.instagram.com\/urjc_uni\/?hl=es"]},{"@type":"Person","@id":"https:\/\/www.urjc2030.es\/ui\/#\/schema\/person\/5bca1e3d54fd0f6646257e7650ff6c1e","name":"Rebeca","image":{"@type":"ImageObject","inLanguage":"es","@id":"https:\/\/secure.gravatar.com\/avatar\/067ab19aa4e1cb582d952cf91ff4bcaf68f01cd66cbce7a3d69e3ee1093984f6?s=96&d=mm&r=g","url":"https:\/\/secure.gravatar.com\/avatar\/067ab19aa4e1cb582d952cf91ff4bcaf68f01cd66cbce7a3d69e3ee1093984f6?s=96&d=mm&r=g","contentUrl":"https:\/\/secure.gravatar.com\/avatar\/067ab19aa4e1cb582d952cf91ff4bcaf68f01cd66cbce7a3d69e3ee1093984f6?s=96&d=mm&r=g","caption":"Rebeca"},"sameAs":["https:\/\/www.urjc2030.es"],"url":"https:\/\/www.urjc2030.es\/ui\/author\/rebeca\/"}]}},"_links":{"self":[{"href":"https:\/\/www.urjc2030.es\/ui\/wp-json\/wp\/v2\/posts\/1252","targetHints":{"allow":["GET"]}}],"collection":[{"href":"https:\/\/www.urjc2030.es\/ui\/wp-json\/wp\/v2\/posts"}],"about":[{"href":"https:\/\/www.urjc2030.es\/ui\/wp-json\/wp\/v2\/types\/post"}],"author":[{"embeddable":true,"href":"https:\/\/www.urjc2030.es\/ui\/wp-json\/wp\/v2\/users\/1"}],"replies":[{"embeddable":true,"href":"https:\/\/www.urjc2030.es\/ui\/wp-json\/wp\/v2\/comments?post=1252"}],"version-history":[{"count":1,"href":"https:\/\/www.urjc2030.es\/ui\/wp-json\/wp\/v2\/posts\/1252\/revisions"}],"predecessor-version":[{"id":1254,"href":"https:\/\/www.urjc2030.es\/ui\/wp-json\/wp\/v2\/posts\/1252\/revisions\/1254"}],"wp:featuredmedia":[{"embeddable":true,"href":"https:\/\/www.urjc2030.es\/ui\/wp-json\/wp\/v2\/media\/1253"}],"wp:attachment":[{"href":"https:\/\/www.urjc2030.es\/ui\/wp-json\/wp\/v2\/media?parent=1252"}],"wp:term":[{"taxonomy":"category","embeddable":true,"href":"https:\/\/www.urjc2030.es\/ui\/wp-json\/wp\/v2\/categories?post=1252"},{"taxonomy":"post_tag","embeddable":true,"href":"https:\/\/www.urjc2030.es\/ui\/wp-json\/wp\/v2\/tags?post=1252"}],"curies":[{"name":"wp","href":"https:\/\/api.w.org\/{rel}","templated":true}]}}