{"id":1270,"date":"2021-07-12T07:09:51","date_gmt":"2021-07-12T07:09:51","guid":{"rendered":"https:\/\/www.urjc2030.es\/ui\/?p=1270"},"modified":"2021-07-12T17:29:16","modified_gmt":"2021-07-12T17:29:16","slug":"la-urjc-anima-a-participar-en-los-premios-para-tesis-doctorales-que-traten-la-violencia-de-genero","status":"publish","type":"post","link":"https:\/\/www.urjc2030.es\/ui\/la-urjc-anima-a-participar-en-los-premios-para-tesis-doctorales-que-traten-la-violencia-de-genero\/","title":{"rendered":"La URJC anima a participar en los premios para tesis doctorales que traten la violencia de g\u00e9nero"},"content":{"rendered":"<p><img loading=\"lazy\" decoding=\"async\" class=\"alignright wp-image-1271 size-medium\" src=\"https:\/\/www.urjc2030.es\/ui\/wp-content\/uploads\/sites\/10\/2021\/07\/premios-tesis-doctorales-violencia-genero-300x200.jpg\" alt=\"La URJC anima a participar en los premios para tesis doctorales que traten la violencia de g\u00e9nero contra la mujer\" width=\"300\" height=\"200\" \/>El objetivo principal de esta convocatoria es promover los trabajos de investigaci\u00f3n sobre la violencia de g\u00e9nero. Estos premios son convocados por la Delegaci\u00f3n de Gobierno contra la Violencia de G\u00e9nero. Con ellos se pretende reconocer y recompensar a autores y autoras de tesis doctorales cuyo tema de investigaci\u00f3n contribuya a mejorar el conocimiento de la dimensi\u00f3n, consecuencias y caracter\u00edsticas de la violencia contra la mujer, as\u00ed como los medios para evitarla.<\/p>\n<p>Las tesis doctorales presentadas deber\u00e1n haber sido defendidas en cualquier universidad espa\u00f1ola y haber obtenido la calificaci\u00f3n de sobresaliente <em>cum laude<\/em> o calificaci\u00f3n equivalente de acuerdo con la normativa de la universidad. Adem\u00e1s, deber\u00e1n haber sido presentados entre el 17 de junio de 2020 y la fecha de publicaci\u00f3n del extracto de esta convocatoria en el BOE, es decir, 2 de julio de 2021.<\/p>\n<p>Adem\u00e1s de ello, el contenido de la tesis debe tratar sobre cuestiones relacionadas con violencia contra las mujeres, de acuerdo con la definici\u00f3n: \u201ctodo acto de violencia basado en la pertenencia al sexo femenino que tenga o pueda tener por resultado un da\u00f1o o sufrimiento fi\u0301sico, psicol\u00f3gico o sexual para las mujeres, as\u00ed\u0301 como las amenazas de tales actos, la coacci\u00f3n o la privaci\u00f3n arbitraria de la libertad, tanto si se producen en la vida p\u00fablica como en la privada\u201d (Asamblea General de las Naciones Unidas).<\/p>\n<p>Los premios se conceder\u00e1n a las dos mejores tesis doctorales presentadas. Cada una de ellas se llevar\u00e1 un premio econ\u00f3mico de 3.000 y 2000 euros respectivamente. El plazo de presentaci\u00f3n finaliza el pr\u00f3ximo 30 de julio, 20 d\u00edas h\u00e1biles despu\u00e9s de su publicaci\u00f3n en el BOE.<\/p>\n<p>Toda la informaci\u00f3n sobre la convocatoria, requisitos y documentaci\u00f3n se encuentra en este <strong><span style=\"text-decoration: underline;\"><a href=\"https:\/\/violenciagenero.igualdad.gob.es\/sensibilizacionConcienciacion\/premios\/tesis\/home.htm\" target=\"_blank\" rel=\"noopener\">enlace<\/a><\/span><\/strong><\/p>\n<p><em>Yaiza L\u00f3pez Parra<\/em><\/p>\n","protected":false},"excerpt":{"rendered":"<p>El objetivo principal de esta convocatoria es promover los trabajos de investigaci\u00f3n sobre la violencia de g\u00e9nero. Estos premios son convocados por la Delegaci\u00f3n de Gobierno contra la Violencia de G\u00e9nero. Con ellos se pretende reconocer y recompensar a autores y autoras de tesis doctorales cuyo tema de investigaci\u00f3n contribuya a mejorar el conocimiento de [&hellip;]<\/p>\n","protected":false},"author":1,"featured_media":1271,"comment_status":"closed","ping_status":"closed","sticky":false,"template":"","format":"standard","meta":{"_et_pb_use_builder":"","_et_pb_old_content":"","_et_gb_content_width":"","cybocfi_hide_featured_image":"","footnotes":""},"categories":[9],"tags":[],"class_list":["post-1270","post","type-post","status-publish","format-standard","has-post-thumbnail","hentry","category-noticias-ui"],"yoast_head":"<!-- This site is optimized with the Yoast SEO plugin v27.4 - https:\/\/yoast.com\/product\/yoast-seo-wordpress\/ -->\n<title>La URJC anima a participar en los premios para tesis doctorales que traten la violencia de g\u00e9nero - Unidad de Igualdad<\/title>\n<meta name=\"robots\" content=\"index, follow, max-snippet:-1, max-image-preview:large, max-video-preview:-1\" \/>\n<link rel=\"canonical\" href=\"https:\/\/www.urjc2030.es\/ui\/la-urjc-anima-a-participar-en-los-premios-para-tesis-doctorales-que-traten-la-violencia-de-genero\/\" \/>\n<meta property=\"og:locale\" content=\"es_ES\" \/>\n<meta property=\"og:type\" content=\"article\" \/>\n<meta property=\"og:title\" content=\"La URJC anima a participar en los premios para tesis doctorales que traten la violencia de g\u00e9nero - Unidad de Igualdad\" \/>\n<meta property=\"og:description\" content=\"El objetivo principal de esta convocatoria es promover los trabajos de investigaci\u00f3n sobre la violencia de g\u00e9nero. Estos premios son convocados por la Delegaci\u00f3n de Gobierno contra la Violencia de G\u00e9nero. Con ellos se pretende reconocer y recompensar a autores y autoras de tesis doctorales cuyo tema de investigaci\u00f3n contribuya a mejorar el conocimiento de [&hellip;]\" \/>\n<meta property=\"og:url\" content=\"https:\/\/www.urjc2030.es\/ui\/la-urjc-anima-a-participar-en-los-premios-para-tesis-doctorales-que-traten-la-violencia-de-genero\/\" \/>\n<meta property=\"og:site_name\" content=\"Unidad de Igualdad\" \/>\n<meta property=\"article:publisher\" content=\"https:\/\/www.facebook.com\/universidadreyjuancarlos\" \/>\n<meta property=\"article:published_time\" content=\"2021-07-12T07:09:51+00:00\" \/>\n<meta property=\"article:modified_time\" content=\"2021-07-12T17:29:16+00:00\" \/>\n<meta property=\"og:image\" content=\"https:\/\/www.urjc2030.es\/ui\/wp-content\/uploads\/sites\/10\/2021\/07\/premios-tesis-doctorales-violencia-genero.jpg\" \/>\n\t<meta property=\"og:image:width\" content=\"714\" \/>\n\t<meta property=\"og:image:height\" content=\"476\" \/>\n\t<meta property=\"og:image:type\" content=\"image\/jpeg\" \/>\n<meta name=\"author\" content=\"Rebeca\" \/>\n<meta name=\"twitter:card\" content=\"summary_large_image\" \/>\n<meta name=\"twitter:creator\" content=\"@urjc\" \/>\n<meta name=\"twitter:site\" content=\"@urjc\" \/>\n<script type=\"application\/ld+json\" class=\"yoast-schema-graph\">{\"@context\":\"https:\\\/\\\/schema.org\",\"@graph\":[{\"@type\":\"Article\",\"@id\":\"https:\\\/\\\/www.urjc2030.es\\\/ui\\\/la-urjc-anima-a-participar-en-los-premios-para-tesis-doctorales-que-traten-la-violencia-de-genero\\\/#article\",\"isPartOf\":{\"@id\":\"https:\\\/\\\/www.urjc2030.es\\\/ui\\\/la-urjc-anima-a-participar-en-los-premios-para-tesis-doctorales-que-traten-la-violencia-de-genero\\\/\"},\"author\":{\"name\":\"Rebeca\",\"@id\":\"https:\\\/\\\/www.urjc2030.es\\\/ui\\\/#\\\/schema\\\/person\\\/5bca1e3d54fd0f6646257e7650ff6c1e\"},\"headline\":\"La URJC anima a participar en los premios para tesis doctorales que traten la violencia de g\u00e9nero\",\"datePublished\":\"2021-07-12T07:09:51+00:00\",\"dateModified\":\"2021-07-12T17:29:16+00:00\",\"mainEntityOfPage\":{\"@id\":\"https:\\\/\\\/www.urjc2030.es\\\/ui\\\/la-urjc-anima-a-participar-en-los-premios-para-tesis-doctorales-que-traten-la-violencia-de-genero\\\/\"},\"wordCount\":328,\"publisher\":{\"@id\":\"https:\\\/\\\/www.urjc2030.es\\\/ui\\\/#organization\"},\"image\":{\"@id\":\"https:\\\/\\\/www.urjc2030.es\\\/ui\\\/la-urjc-anima-a-participar-en-los-premios-para-tesis-doctorales-que-traten-la-violencia-de-genero\\\/#primaryimage\"},\"thumbnailUrl\":\"https:\\\/\\\/www.urjc2030.es\\\/ui\\\/wp-content\\\/uploads\\\/sites\\\/10\\\/2021\\\/07\\\/premios-tesis-doctorales-violencia-genero.jpg\",\"articleSection\":[\"Noticias\"],\"inLanguage\":\"es\"},{\"@type\":\"WebPage\",\"@id\":\"https:\\\/\\\/www.urjc2030.es\\\/ui\\\/la-urjc-anima-a-participar-en-los-premios-para-tesis-doctorales-que-traten-la-violencia-de-genero\\\/\",\"url\":\"https:\\\/\\\/www.urjc2030.es\\\/ui\\\/la-urjc-anima-a-participar-en-los-premios-para-tesis-doctorales-que-traten-la-violencia-de-genero\\\/\",\"name\":\"La URJC anima a participar en los premios para tesis doctorales que traten la violencia de g\u00e9nero - Unidad de Igualdad\",\"isPartOf\":{\"@id\":\"https:\\\/\\\/www.urjc2030.es\\\/ui\\\/#website\"},\"primaryImageOfPage\":{\"@id\":\"https:\\\/\\\/www.urjc2030.es\\\/ui\\\/la-urjc-anima-a-participar-en-los-premios-para-tesis-doctorales-que-traten-la-violencia-de-genero\\\/#primaryimage\"},\"image\":{\"@id\":\"https:\\\/\\\/www.urjc2030.es\\\/ui\\\/la-urjc-anima-a-participar-en-los-premios-para-tesis-doctorales-que-traten-la-violencia-de-genero\\\/#primaryimage\"},\"thumbnailUrl\":\"https:\\\/\\\/www.urjc2030.es\\\/ui\\\/wp-content\\\/uploads\\\/sites\\\/10\\\/2021\\\/07\\\/premios-tesis-doctorales-violencia-genero.jpg\",\"datePublished\":\"2021-07-12T07:09:51+00:00\",\"dateModified\":\"2021-07-12T17:29:16+00:00\",\"breadcrumb\":{\"@id\":\"https:\\\/\\\/www.urjc2030.es\\\/ui\\\/la-urjc-anima-a-participar-en-los-premios-para-tesis-doctorales-que-traten-la-violencia-de-genero\\\/#breadcrumb\"},\"inLanguage\":\"es\",\"potentialAction\":[{\"@type\":\"ReadAction\",\"target\":[\"https:\\\/\\\/www.urjc2030.es\\\/ui\\\/la-urjc-anima-a-participar-en-los-premios-para-tesis-doctorales-que-traten-la-violencia-de-genero\\\/\"]}]},{\"@type\":\"ImageObject\",\"inLanguage\":\"es\",\"@id\":\"https:\\\/\\\/www.urjc2030.es\\\/ui\\\/la-urjc-anima-a-participar-en-los-premios-para-tesis-doctorales-que-traten-la-violencia-de-genero\\\/#primaryimage\",\"url\":\"https:\\\/\\\/www.urjc2030.es\\\/ui\\\/wp-content\\\/uploads\\\/sites\\\/10\\\/2021\\\/07\\\/premios-tesis-doctorales-violencia-genero.jpg\",\"contentUrl\":\"https:\\\/\\\/www.urjc2030.es\\\/ui\\\/wp-content\\\/uploads\\\/sites\\\/10\\\/2021\\\/07\\\/premios-tesis-doctorales-violencia-genero.jpg\",\"width\":714,\"height\":476,\"caption\":\"La URJC anima a participar en los premios para tesis doctorales que traten la violencia de g\u00e9nero contra la mujer\"},{\"@type\":\"BreadcrumbList\",\"@id\":\"https:\\\/\\\/www.urjc2030.es\\\/ui\\\/la-urjc-anima-a-participar-en-los-premios-para-tesis-doctorales-que-traten-la-violencia-de-genero\\\/#breadcrumb\",\"itemListElement\":[{\"@type\":\"ListItem\",\"position\":1,\"name\":\"Portada\",\"item\":\"https:\\\/\\\/www.urjc2030.es\\\/ui\\\/\"},{\"@type\":\"ListItem\",\"position\":2,\"name\":\"La URJC anima a participar en los premios para tesis doctorales que traten la violencia de g\u00e9nero\"}]},{\"@type\":\"WebSite\",\"@id\":\"https:\\\/\\\/www.urjc2030.es\\\/ui\\\/#website\",\"url\":\"https:\\\/\\\/www.urjc2030.es\\\/ui\\\/\",\"name\":\"Unidad de Igualdad\",\"description\":\"Elaborar, dar seguimiento y evaluar el Plan de Igualdad de la URJC, as\u00ed como velar por cumplimiento de la legislaci\u00f3n vigente en materia de igualdad efectiva entre mujeres y hombres.\",\"publisher\":{\"@id\":\"https:\\\/\\\/www.urjc2030.es\\\/ui\\\/#organization\"},\"potentialAction\":[{\"@type\":\"SearchAction\",\"target\":{\"@type\":\"EntryPoint\",\"urlTemplate\":\"https:\\\/\\\/www.urjc2030.es\\\/ui\\\/?s={search_term_string}\"},\"query-input\":{\"@type\":\"PropertyValueSpecification\",\"valueRequired\":true,\"valueName\":\"search_term_string\"}}],\"inLanguage\":\"es\"},{\"@type\":\"Organization\",\"@id\":\"https:\\\/\\\/www.urjc2030.es\\\/ui\\\/#organization\",\"name\":\"Universidad Rey Juan Carlos\",\"url\":\"https:\\\/\\\/www.urjc2030.es\\\/ui\\\/\",\"logo\":{\"@type\":\"ImageObject\",\"inLanguage\":\"es\",\"@id\":\"https:\\\/\\\/www.urjc2030.es\\\/ui\\\/#\\\/schema\\\/logo\\\/image\\\/\",\"url\":\"https:\\\/\\\/www.urjc2030.es\\\/ui\\\/wp-content\\\/uploads\\\/sites\\\/10\\\/2020\\\/10\\\/logoURJC.png\",\"contentUrl\":\"https:\\\/\\\/www.urjc2030.es\\\/ui\\\/wp-content\\\/uploads\\\/sites\\\/10\\\/2020\\\/10\\\/logoURJC.png\",\"width\":800,\"height\":305,\"caption\":\"Universidad Rey Juan Carlos\"},\"image\":{\"@id\":\"https:\\\/\\\/www.urjc2030.es\\\/ui\\\/#\\\/schema\\\/logo\\\/image\\\/\"},\"sameAs\":[\"https:\\\/\\\/www.facebook.com\\\/universidadreyjuancarlos\",\"https:\\\/\\\/x.com\\\/urjc\",\"https:\\\/\\\/www.instagram.com\\\/urjc_uni\\\/?hl=es\"]},{\"@type\":\"Person\",\"@id\":\"https:\\\/\\\/www.urjc2030.es\\\/ui\\\/#\\\/schema\\\/person\\\/5bca1e3d54fd0f6646257e7650ff6c1e\",\"name\":\"Rebeca\",\"image\":{\"@type\":\"ImageObject\",\"inLanguage\":\"es\",\"@id\":\"https:\\\/\\\/secure.gravatar.com\\\/avatar\\\/067ab19aa4e1cb582d952cf91ff4bcaf68f01cd66cbce7a3d69e3ee1093984f6?s=96&d=mm&r=g\",\"url\":\"https:\\\/\\\/secure.gravatar.com\\\/avatar\\\/067ab19aa4e1cb582d952cf91ff4bcaf68f01cd66cbce7a3d69e3ee1093984f6?s=96&d=mm&r=g\",\"contentUrl\":\"https:\\\/\\\/secure.gravatar.com\\\/avatar\\\/067ab19aa4e1cb582d952cf91ff4bcaf68f01cd66cbce7a3d69e3ee1093984f6?s=96&d=mm&r=g\",\"caption\":\"Rebeca\"},\"sameAs\":[\"https:\\\/\\\/www.urjc2030.es\"],\"url\":\"https:\\\/\\\/www.urjc2030.es\\\/ui\\\/author\\\/rebeca\\\/\"}]}<\/script>\n<!-- \/ Yoast SEO plugin. -->","yoast_head_json":{"title":"La URJC anima a participar en los premios para tesis doctorales que traten la violencia de g\u00e9nero - Unidad de Igualdad","robots":{"index":"index","follow":"follow","max-snippet":"max-snippet:-1","max-image-preview":"max-image-preview:large","max-video-preview":"max-video-preview:-1"},"canonical":"https:\/\/www.urjc2030.es\/ui\/la-urjc-anima-a-participar-en-los-premios-para-tesis-doctorales-que-traten-la-violencia-de-genero\/","og_locale":"es_ES","og_type":"article","og_title":"La URJC anima a participar en los premios para tesis doctorales que traten la violencia de g\u00e9nero - Unidad de Igualdad","og_description":"El objetivo principal de esta convocatoria es promover los trabajos de investigaci\u00f3n sobre la violencia de g\u00e9nero. Estos premios son convocados por la Delegaci\u00f3n de Gobierno contra la Violencia de G\u00e9nero. Con ellos se pretende reconocer y recompensar a autores y autoras de tesis doctorales cuyo tema de investigaci\u00f3n contribuya a mejorar el conocimiento de [&hellip;]","og_url":"https:\/\/www.urjc2030.es\/ui\/la-urjc-anima-a-participar-en-los-premios-para-tesis-doctorales-que-traten-la-violencia-de-genero\/","og_site_name":"Unidad de Igualdad","article_publisher":"https:\/\/www.facebook.com\/universidadreyjuancarlos","article_published_time":"2021-07-12T07:09:51+00:00","article_modified_time":"2021-07-12T17:29:16+00:00","og_image":[{"width":714,"height":476,"url":"https:\/\/www.urjc2030.es\/ui\/wp-content\/uploads\/sites\/10\/2021\/07\/premios-tesis-doctorales-violencia-genero.jpg","type":"image\/jpeg"}],"author":"Rebeca","twitter_card":"summary_large_image","twitter_creator":"@urjc","twitter_site":"@urjc","schema":{"@context":"https:\/\/schema.org","@graph":[{"@type":"Article","@id":"https:\/\/www.urjc2030.es\/ui\/la-urjc-anima-a-participar-en-los-premios-para-tesis-doctorales-que-traten-la-violencia-de-genero\/#article","isPartOf":{"@id":"https:\/\/www.urjc2030.es\/ui\/la-urjc-anima-a-participar-en-los-premios-para-tesis-doctorales-que-traten-la-violencia-de-genero\/"},"author":{"name":"Rebeca","@id":"https:\/\/www.urjc2030.es\/ui\/#\/schema\/person\/5bca1e3d54fd0f6646257e7650ff6c1e"},"headline":"La URJC anima a participar en los premios para tesis doctorales que traten la violencia de g\u00e9nero","datePublished":"2021-07-12T07:09:51+00:00","dateModified":"2021-07-12T17:29:16+00:00","mainEntityOfPage":{"@id":"https:\/\/www.urjc2030.es\/ui\/la-urjc-anima-a-participar-en-los-premios-para-tesis-doctorales-que-traten-la-violencia-de-genero\/"},"wordCount":328,"publisher":{"@id":"https:\/\/www.urjc2030.es\/ui\/#organization"},"image":{"@id":"https:\/\/www.urjc2030.es\/ui\/la-urjc-anima-a-participar-en-los-premios-para-tesis-doctorales-que-traten-la-violencia-de-genero\/#primaryimage"},"thumbnailUrl":"https:\/\/www.urjc2030.es\/ui\/wp-content\/uploads\/sites\/10\/2021\/07\/premios-tesis-doctorales-violencia-genero.jpg","articleSection":["Noticias"],"inLanguage":"es"},{"@type":"WebPage","@id":"https:\/\/www.urjc2030.es\/ui\/la-urjc-anima-a-participar-en-los-premios-para-tesis-doctorales-que-traten-la-violencia-de-genero\/","url":"https:\/\/www.urjc2030.es\/ui\/la-urjc-anima-a-participar-en-los-premios-para-tesis-doctorales-que-traten-la-violencia-de-genero\/","name":"La URJC anima a participar en los premios para tesis doctorales que traten la violencia de g\u00e9nero - Unidad de Igualdad","isPartOf":{"@id":"https:\/\/www.urjc2030.es\/ui\/#website"},"primaryImageOfPage":{"@id":"https:\/\/www.urjc2030.es\/ui\/la-urjc-anima-a-participar-en-los-premios-para-tesis-doctorales-que-traten-la-violencia-de-genero\/#primaryimage"},"image":{"@id":"https:\/\/www.urjc2030.es\/ui\/la-urjc-anima-a-participar-en-los-premios-para-tesis-doctorales-que-traten-la-violencia-de-genero\/#primaryimage"},"thumbnailUrl":"https:\/\/www.urjc2030.es\/ui\/wp-content\/uploads\/sites\/10\/2021\/07\/premios-tesis-doctorales-violencia-genero.jpg","datePublished":"2021-07-12T07:09:51+00:00","dateModified":"2021-07-12T17:29:16+00:00","breadcrumb":{"@id":"https:\/\/www.urjc2030.es\/ui\/la-urjc-anima-a-participar-en-los-premios-para-tesis-doctorales-que-traten-la-violencia-de-genero\/#breadcrumb"},"inLanguage":"es","potentialAction":[{"@type":"ReadAction","target":["https:\/\/www.urjc2030.es\/ui\/la-urjc-anima-a-participar-en-los-premios-para-tesis-doctorales-que-traten-la-violencia-de-genero\/"]}]},{"@type":"ImageObject","inLanguage":"es","@id":"https:\/\/www.urjc2030.es\/ui\/la-urjc-anima-a-participar-en-los-premios-para-tesis-doctorales-que-traten-la-violencia-de-genero\/#primaryimage","url":"https:\/\/www.urjc2030.es\/ui\/wp-content\/uploads\/sites\/10\/2021\/07\/premios-tesis-doctorales-violencia-genero.jpg","contentUrl":"https:\/\/www.urjc2030.es\/ui\/wp-content\/uploads\/sites\/10\/2021\/07\/premios-tesis-doctorales-violencia-genero.jpg","width":714,"height":476,"caption":"La URJC anima a participar en los premios para tesis doctorales que traten la violencia de g\u00e9nero contra la mujer"},{"@type":"BreadcrumbList","@id":"https:\/\/www.urjc2030.es\/ui\/la-urjc-anima-a-participar-en-los-premios-para-tesis-doctorales-que-traten-la-violencia-de-genero\/#breadcrumb","itemListElement":[{"@type":"ListItem","position":1,"name":"Portada","item":"https:\/\/www.urjc2030.es\/ui\/"},{"@type":"ListItem","position":2,"name":"La URJC anima a participar en los premios para tesis doctorales que traten la violencia de g\u00e9nero"}]},{"@type":"WebSite","@id":"https:\/\/www.urjc2030.es\/ui\/#website","url":"https:\/\/www.urjc2030.es\/ui\/","name":"Unidad de Igualdad","description":"Elaborar, dar seguimiento y evaluar el Plan de Igualdad de la URJC, as\u00ed como velar por cumplimiento de la legislaci\u00f3n vigente en materia de igualdad efectiva entre mujeres y hombres.","publisher":{"@id":"https:\/\/www.urjc2030.es\/ui\/#organization"},"potentialAction":[{"@type":"SearchAction","target":{"@type":"EntryPoint","urlTemplate":"https:\/\/www.urjc2030.es\/ui\/?s={search_term_string}"},"query-input":{"@type":"PropertyValueSpecification","valueRequired":true,"valueName":"search_term_string"}}],"inLanguage":"es"},{"@type":"Organization","@id":"https:\/\/www.urjc2030.es\/ui\/#organization","name":"Universidad Rey Juan Carlos","url":"https:\/\/www.urjc2030.es\/ui\/","logo":{"@type":"ImageObject","inLanguage":"es","@id":"https:\/\/www.urjc2030.es\/ui\/#\/schema\/logo\/image\/","url":"https:\/\/www.urjc2030.es\/ui\/wp-content\/uploads\/sites\/10\/2020\/10\/logoURJC.png","contentUrl":"https:\/\/www.urjc2030.es\/ui\/wp-content\/uploads\/sites\/10\/2020\/10\/logoURJC.png","width":800,"height":305,"caption":"Universidad Rey Juan Carlos"},"image":{"@id":"https:\/\/www.urjc2030.es\/ui\/#\/schema\/logo\/image\/"},"sameAs":["https:\/\/www.facebook.com\/universidadreyjuancarlos","https:\/\/x.com\/urjc","https:\/\/www.instagram.com\/urjc_uni\/?hl=es"]},{"@type":"Person","@id":"https:\/\/www.urjc2030.es\/ui\/#\/schema\/person\/5bca1e3d54fd0f6646257e7650ff6c1e","name":"Rebeca","image":{"@type":"ImageObject","inLanguage":"es","@id":"https:\/\/secure.gravatar.com\/avatar\/067ab19aa4e1cb582d952cf91ff4bcaf68f01cd66cbce7a3d69e3ee1093984f6?s=96&d=mm&r=g","url":"https:\/\/secure.gravatar.com\/avatar\/067ab19aa4e1cb582d952cf91ff4bcaf68f01cd66cbce7a3d69e3ee1093984f6?s=96&d=mm&r=g","contentUrl":"https:\/\/secure.gravatar.com\/avatar\/067ab19aa4e1cb582d952cf91ff4bcaf68f01cd66cbce7a3d69e3ee1093984f6?s=96&d=mm&r=g","caption":"Rebeca"},"sameAs":["https:\/\/www.urjc2030.es"],"url":"https:\/\/www.urjc2030.es\/ui\/author\/rebeca\/"}]}},"_links":{"self":[{"href":"https:\/\/www.urjc2030.es\/ui\/wp-json\/wp\/v2\/posts\/1270","targetHints":{"allow":["GET"]}}],"collection":[{"href":"https:\/\/www.urjc2030.es\/ui\/wp-json\/wp\/v2\/posts"}],"about":[{"href":"https:\/\/www.urjc2030.es\/ui\/wp-json\/wp\/v2\/types\/post"}],"author":[{"embeddable":true,"href":"https:\/\/www.urjc2030.es\/ui\/wp-json\/wp\/v2\/users\/1"}],"replies":[{"embeddable":true,"href":"https:\/\/www.urjc2030.es\/ui\/wp-json\/wp\/v2\/comments?post=1270"}],"version-history":[{"count":3,"href":"https:\/\/www.urjc2030.es\/ui\/wp-json\/wp\/v2\/posts\/1270\/revisions"}],"predecessor-version":[{"id":1274,"href":"https:\/\/www.urjc2030.es\/ui\/wp-json\/wp\/v2\/posts\/1270\/revisions\/1274"}],"wp:featuredmedia":[{"embeddable":true,"href":"https:\/\/www.urjc2030.es\/ui\/wp-json\/wp\/v2\/media\/1271"}],"wp:attachment":[{"href":"https:\/\/www.urjc2030.es\/ui\/wp-json\/wp\/v2\/media?parent=1270"}],"wp:term":[{"taxonomy":"category","embeddable":true,"href":"https:\/\/www.urjc2030.es\/ui\/wp-json\/wp\/v2\/categories?post=1270"},{"taxonomy":"post_tag","embeddable":true,"href":"https:\/\/www.urjc2030.es\/ui\/wp-json\/wp\/v2\/tags?post=1270"}],"curies":[{"name":"wp","href":"https:\/\/api.w.org\/{rel}","templated":true}]}}