{"id":1382,"date":"2022-03-31T15:01:46","date_gmt":"2022-03-31T15:01:46","guid":{"rendered":"https:\/\/www.urjc2030.es\/ui\/?p=1382"},"modified":"2022-03-31T15:02:44","modified_gmt":"2022-03-31T15:02:44","slug":"la-unidad-de-igualdad-colabora-en-el-11o-encuentro-literario-de-la-red-enredadas-de-vicalvaro","status":"publish","type":"post","link":"https:\/\/www.urjc2030.es\/ui\/la-unidad-de-igualdad-colabora-en-el-11o-encuentro-literario-de-la-red-enredadas-de-vicalvaro\/","title":{"rendered":"La Unidad de Igualdad colabora en el 11\u00ba Encuentro literario de la Red Enredadas de Vic\u00e1lvaro"},"content":{"rendered":"<p><img loading=\"lazy\" decoding=\"async\" class=\"wp-image-1383 size-medium alignright\" src=\"https:\/\/www.urjc2030.es\/ui\/wp-content\/uploads\/sites\/10\/2022\/03\/encuentro-literario-1-300x177.jpg\" alt=\"encuentro literario\" width=\"300\" height=\"177\" \/>Llegamos al final de un mes de marzo cargado de sentimiento, vindicaci\u00f3n y reflexi\u00f3n. Este mes concentra acciones dirigidas a conmemorar el D\u00eda Internacional de la Mujer, aunando fuerzas para alzar la voz en comunidad y avanzar en la lucha diaria de las mujeres hasta conseguir la igualdad real y efectiva para todas y todos.<\/p>\n<p>Aunque nuestra voz, como sociedad que demanda progreso e igualdad, ha de verse reflejada todos los d\u00edas del a\u00f1o, es importante seguir reuni\u00e9ndonos en torno a este mes, y concretamente al 8 de marzo, para dar visibilidad a esta causa. Por ello, desde la Unidad de Igualdad, hemos destinado talleres y jornadas al an\u00e1lisis cr\u00edtico de distintas realidades que sufrimos las mujeres. Tambi\u00e9n hemos colaborado en actos como el <a href=\"https:\/\/twitter.com\/BURJC\/status\/1505863425762775044\/photo\/1\" target=\"_blank\" rel=\"noopener\">11\u00ba Encuentro Literario <\/a>convocado por la <a href=\"http:\/\/redenredadasvicalvaro.blogspot.com\/\" target=\"_blank\" rel=\"noopener\">Red Enredadas<\/a> de Vic\u00e1lvaro del Espacio de Igualdad Gloria Fuertes, encuentro en el que ha participado activamente la Biblioteca URJC y la <a href=\"https:\/\/www.fundacionjuanxxiii.org\/\" target=\"_blank\" rel=\"noopener\">Fundaci\u00f3n Juan XXIII.<\/a><\/p>\n<p>El Encuentro literario se celebr\u00f3 el pasado 23 de marzo, en el Sal\u00f3n de Actos de la Biblioteca del Campus de Madrid \u2013 Vic\u00e1lvaro. La finalidad era invitar a participar a todas aquellas personas que quisieran compartir un <a href=\"http:\/\/artilleriadelibros2018.blogspot.com\/2022\/03\/11-encuentro-literario-enredadas.html\" target=\"_blank\" rel=\"noopener\">texto literario enmarcado en el d\u00eda Internacional de la Mujer<\/a>, donde tres fueron los temas a elegir: Nuestra lucha: mujeres cercanas que nos han inspirado; Mujeres mayores: visibilidad social y reconocimiento econ\u00f3mico y Reapropi\u00e1ndonos del barrio: La noche y la calle tambi\u00e9n son de las mujeres.<\/p>\n<p>El acto dio comienzo con la bienvenida de la Red Enredadas y la presentaci\u00f3n de todas las participantes all\u00ed presentes. A continuaci\u00f3n, se anunciaron los tres temas propuestos y en concreto sobre la propuesta \u2018Nuestra lucha: mujeres cercanas que nos han inspirado\u2019, le\u00ed \u2018Mi madre, gu\u00eda en la tempestad, faro de conocimiento y voluntad\u2019, escrito por m\u00ed, Paula Plaza Garc\u00eda, alumna de la URJC, becaria de colaboraci\u00f3n y vocal de la Unidad de Igualdad.<\/p>\n<p>Seguidamente, las participantes y varios voluntarios del p\u00fablico y del grupo de la Fundaci\u00f3n Juan XXIII compartieron fragmentos de lecturas y textos que guardaban consigo. El resultado fue un encuentro donde se pudo compartir pensamiento, experiencia y voz a trav\u00e9s de la lectura y de la reflexi\u00f3n, que es a lo que, en definitiva, todas y todos como sociedad estamos invitados.<\/p>\n<p><em>Derechos para todas, todos los d\u00edas.<\/em><\/p>\n<p><em><strong>Paula Plaza Garc\u00eda<\/strong><\/em><\/p>\n","protected":false},"excerpt":{"rendered":"<p>Llegamos al final de un mes de marzo cargado de sentimiento, vindicaci\u00f3n y reflexi\u00f3n. Este mes concentra acciones dirigidas a conmemorar el D\u00eda Internacional de la Mujer, aunando fuerzas para alzar la voz en comunidad y avanzar en la lucha diaria de las mujeres hasta conseguir la igualdad real y efectiva para todas y todos. [&hellip;]<\/p>\n","protected":false},"author":10,"featured_media":1383,"comment_status":"closed","ping_status":"closed","sticky":false,"template":"","format":"standard","meta":{"_et_pb_use_builder":"","_et_pb_old_content":"","_et_gb_content_width":"","cybocfi_hide_featured_image":"","footnotes":""},"categories":[9],"tags":[],"class_list":["post-1382","post","type-post","status-publish","format-standard","has-post-thumbnail","hentry","category-noticias-ui"],"yoast_head":"<!-- This site is optimized with the Yoast SEO plugin v27.5 - https:\/\/yoast.com\/product\/yoast-seo-wordpress\/ -->\n<title>La Unidad de Igualdad colabora en el 11\u00ba Encuentro literario de la Red Enredadas de Vic\u00e1lvaro - Unidad de Igualdad<\/title>\n<meta name=\"robots\" content=\"index, follow, max-snippet:-1, max-image-preview:large, max-video-preview:-1\" \/>\n<link rel=\"canonical\" href=\"https:\/\/www.urjc2030.es\/ui\/la-unidad-de-igualdad-colabora-en-el-11o-encuentro-literario-de-la-red-enredadas-de-vicalvaro\/\" \/>\n<meta property=\"og:locale\" content=\"es_ES\" \/>\n<meta property=\"og:type\" content=\"article\" \/>\n<meta property=\"og:title\" content=\"La Unidad de Igualdad colabora en el 11\u00ba Encuentro literario de la Red Enredadas de Vic\u00e1lvaro - Unidad de Igualdad\" \/>\n<meta property=\"og:description\" content=\"Llegamos al final de un mes de marzo cargado de sentimiento, vindicaci\u00f3n y reflexi\u00f3n. Este mes concentra acciones dirigidas a conmemorar el D\u00eda Internacional de la Mujer, aunando fuerzas para alzar la voz en comunidad y avanzar en la lucha diaria de las mujeres hasta conseguir la igualdad real y efectiva para todas y todos. [&hellip;]\" \/>\n<meta property=\"og:url\" content=\"https:\/\/www.urjc2030.es\/ui\/la-unidad-de-igualdad-colabora-en-el-11o-encuentro-literario-de-la-red-enredadas-de-vicalvaro\/\" \/>\n<meta property=\"og:site_name\" content=\"Unidad de Igualdad\" \/>\n<meta property=\"article:publisher\" content=\"https:\/\/www.facebook.com\/universidadreyjuancarlos\" \/>\n<meta property=\"article:published_time\" content=\"2022-03-31T15:01:46+00:00\" \/>\n<meta property=\"article:modified_time\" content=\"2022-03-31T15:02:44+00:00\" \/>\n<meta property=\"og:image\" content=\"https:\/\/www.urjc2030.es\/ui\/wp-content\/uploads\/sites\/10\/2022\/03\/encuentro-literario-1-scaled.jpg\" \/>\n\t<meta property=\"og:image:width\" content=\"2560\" \/>\n\t<meta property=\"og:image:height\" content=\"1508\" \/>\n\t<meta property=\"og:image:type\" content=\"image\/jpeg\" \/>\n<meta name=\"author\" content=\"carlos\" \/>\n<meta name=\"twitter:card\" content=\"summary_large_image\" \/>\n<meta name=\"twitter:creator\" content=\"@urjc\" \/>\n<meta name=\"twitter:site\" content=\"@urjc\" \/>\n<script type=\"application\/ld+json\" class=\"yoast-schema-graph\">{\"@context\":\"https:\\\/\\\/schema.org\",\"@graph\":[{\"@type\":\"Article\",\"@id\":\"https:\\\/\\\/www.urjc2030.es\\\/ui\\\/la-unidad-de-igualdad-colabora-en-el-11o-encuentro-literario-de-la-red-enredadas-de-vicalvaro\\\/#article\",\"isPartOf\":{\"@id\":\"https:\\\/\\\/www.urjc2030.es\\\/ui\\\/la-unidad-de-igualdad-colabora-en-el-11o-encuentro-literario-de-la-red-enredadas-de-vicalvaro\\\/\"},\"author\":{\"name\":\"carlos\",\"@id\":\"https:\\\/\\\/www.urjc2030.es\\\/ui\\\/#\\\/schema\\\/person\\\/ddacb9e5abf914ab720a3d13fc047418\"},\"headline\":\"La Unidad de Igualdad colabora en el 11\u00ba Encuentro literario de la Red Enredadas de Vic\u00e1lvaro\",\"datePublished\":\"2022-03-31T15:01:46+00:00\",\"dateModified\":\"2022-03-31T15:02:44+00:00\",\"mainEntityOfPage\":{\"@id\":\"https:\\\/\\\/www.urjc2030.es\\\/ui\\\/la-unidad-de-igualdad-colabora-en-el-11o-encuentro-literario-de-la-red-enredadas-de-vicalvaro\\\/\"},\"wordCount\":423,\"publisher\":{\"@id\":\"https:\\\/\\\/www.urjc2030.es\\\/ui\\\/#organization\"},\"image\":{\"@id\":\"https:\\\/\\\/www.urjc2030.es\\\/ui\\\/la-unidad-de-igualdad-colabora-en-el-11o-encuentro-literario-de-la-red-enredadas-de-vicalvaro\\\/#primaryimage\"},\"thumbnailUrl\":\"https:\\\/\\\/www.urjc2030.es\\\/ui\\\/wp-content\\\/uploads\\\/sites\\\/10\\\/2022\\\/03\\\/encuentro-literario-1-scaled.jpg\",\"articleSection\":[\"Noticias\"],\"inLanguage\":\"es\"},{\"@type\":\"WebPage\",\"@id\":\"https:\\\/\\\/www.urjc2030.es\\\/ui\\\/la-unidad-de-igualdad-colabora-en-el-11o-encuentro-literario-de-la-red-enredadas-de-vicalvaro\\\/\",\"url\":\"https:\\\/\\\/www.urjc2030.es\\\/ui\\\/la-unidad-de-igualdad-colabora-en-el-11o-encuentro-literario-de-la-red-enredadas-de-vicalvaro\\\/\",\"name\":\"La Unidad de Igualdad colabora en el 11\u00ba Encuentro literario de la Red Enredadas de Vic\u00e1lvaro - Unidad de Igualdad\",\"isPartOf\":{\"@id\":\"https:\\\/\\\/www.urjc2030.es\\\/ui\\\/#website\"},\"primaryImageOfPage\":{\"@id\":\"https:\\\/\\\/www.urjc2030.es\\\/ui\\\/la-unidad-de-igualdad-colabora-en-el-11o-encuentro-literario-de-la-red-enredadas-de-vicalvaro\\\/#primaryimage\"},\"image\":{\"@id\":\"https:\\\/\\\/www.urjc2030.es\\\/ui\\\/la-unidad-de-igualdad-colabora-en-el-11o-encuentro-literario-de-la-red-enredadas-de-vicalvaro\\\/#primaryimage\"},\"thumbnailUrl\":\"https:\\\/\\\/www.urjc2030.es\\\/ui\\\/wp-content\\\/uploads\\\/sites\\\/10\\\/2022\\\/03\\\/encuentro-literario-1-scaled.jpg\",\"datePublished\":\"2022-03-31T15:01:46+00:00\",\"dateModified\":\"2022-03-31T15:02:44+00:00\",\"breadcrumb\":{\"@id\":\"https:\\\/\\\/www.urjc2030.es\\\/ui\\\/la-unidad-de-igualdad-colabora-en-el-11o-encuentro-literario-de-la-red-enredadas-de-vicalvaro\\\/#breadcrumb\"},\"inLanguage\":\"es\",\"potentialAction\":[{\"@type\":\"ReadAction\",\"target\":[\"https:\\\/\\\/www.urjc2030.es\\\/ui\\\/la-unidad-de-igualdad-colabora-en-el-11o-encuentro-literario-de-la-red-enredadas-de-vicalvaro\\\/\"]}]},{\"@type\":\"ImageObject\",\"inLanguage\":\"es\",\"@id\":\"https:\\\/\\\/www.urjc2030.es\\\/ui\\\/la-unidad-de-igualdad-colabora-en-el-11o-encuentro-literario-de-la-red-enredadas-de-vicalvaro\\\/#primaryimage\",\"url\":\"https:\\\/\\\/www.urjc2030.es\\\/ui\\\/wp-content\\\/uploads\\\/sites\\\/10\\\/2022\\\/03\\\/encuentro-literario-1-scaled.jpg\",\"contentUrl\":\"https:\\\/\\\/www.urjc2030.es\\\/ui\\\/wp-content\\\/uploads\\\/sites\\\/10\\\/2022\\\/03\\\/encuentro-literario-1-scaled.jpg\",\"width\":2560,\"height\":1508,\"caption\":\"encuentro literario\"},{\"@type\":\"BreadcrumbList\",\"@id\":\"https:\\\/\\\/www.urjc2030.es\\\/ui\\\/la-unidad-de-igualdad-colabora-en-el-11o-encuentro-literario-de-la-red-enredadas-de-vicalvaro\\\/#breadcrumb\",\"itemListElement\":[{\"@type\":\"ListItem\",\"position\":1,\"name\":\"Portada\",\"item\":\"https:\\\/\\\/www.urjc2030.es\\\/ui\\\/\"},{\"@type\":\"ListItem\",\"position\":2,\"name\":\"La Unidad de Igualdad colabora en el 11\u00ba Encuentro literario de la Red Enredadas de Vic\u00e1lvaro\"}]},{\"@type\":\"WebSite\",\"@id\":\"https:\\\/\\\/www.urjc2030.es\\\/ui\\\/#website\",\"url\":\"https:\\\/\\\/www.urjc2030.es\\\/ui\\\/\",\"name\":\"Unidad de Igualdad\",\"description\":\"Elaborar, dar seguimiento y evaluar el Plan de Igualdad de la URJC, as\u00ed como velar por cumplimiento de la legislaci\u00f3n vigente en materia de igualdad efectiva entre mujeres y hombres.\",\"publisher\":{\"@id\":\"https:\\\/\\\/www.urjc2030.es\\\/ui\\\/#organization\"},\"potentialAction\":[{\"@type\":\"SearchAction\",\"target\":{\"@type\":\"EntryPoint\",\"urlTemplate\":\"https:\\\/\\\/www.urjc2030.es\\\/ui\\\/?s={search_term_string}\"},\"query-input\":{\"@type\":\"PropertyValueSpecification\",\"valueRequired\":true,\"valueName\":\"search_term_string\"}}],\"inLanguage\":\"es\"},{\"@type\":\"Organization\",\"@id\":\"https:\\\/\\\/www.urjc2030.es\\\/ui\\\/#organization\",\"name\":\"Universidad Rey Juan Carlos\",\"url\":\"https:\\\/\\\/www.urjc2030.es\\\/ui\\\/\",\"logo\":{\"@type\":\"ImageObject\",\"inLanguage\":\"es\",\"@id\":\"https:\\\/\\\/www.urjc2030.es\\\/ui\\\/#\\\/schema\\\/logo\\\/image\\\/\",\"url\":\"https:\\\/\\\/www.urjc2030.es\\\/ui\\\/wp-content\\\/uploads\\\/sites\\\/10\\\/2020\\\/10\\\/logoURJC.png\",\"contentUrl\":\"https:\\\/\\\/www.urjc2030.es\\\/ui\\\/wp-content\\\/uploads\\\/sites\\\/10\\\/2020\\\/10\\\/logoURJC.png\",\"width\":800,\"height\":305,\"caption\":\"Universidad Rey Juan Carlos\"},\"image\":{\"@id\":\"https:\\\/\\\/www.urjc2030.es\\\/ui\\\/#\\\/schema\\\/logo\\\/image\\\/\"},\"sameAs\":[\"https:\\\/\\\/www.facebook.com\\\/universidadreyjuancarlos\",\"https:\\\/\\\/x.com\\\/urjc\",\"https:\\\/\\\/www.instagram.com\\\/urjc_uni\\\/?hl=es\"]},{\"@type\":\"Person\",\"@id\":\"https:\\\/\\\/www.urjc2030.es\\\/ui\\\/#\\\/schema\\\/person\\\/ddacb9e5abf914ab720a3d13fc047418\",\"name\":\"carlos\",\"image\":{\"@type\":\"ImageObject\",\"inLanguage\":\"es\",\"@id\":\"https:\\\/\\\/secure.gravatar.com\\\/avatar\\\/98e1c0d637a9f3d3cd2be0e49e5387245f96e039452a34f919c9e800cad0f304?s=96&d=mm&r=g\",\"url\":\"https:\\\/\\\/secure.gravatar.com\\\/avatar\\\/98e1c0d637a9f3d3cd2be0e49e5387245f96e039452a34f919c9e800cad0f304?s=96&d=mm&r=g\",\"contentUrl\":\"https:\\\/\\\/secure.gravatar.com\\\/avatar\\\/98e1c0d637a9f3d3cd2be0e49e5387245f96e039452a34f919c9e800cad0f304?s=96&d=mm&r=g\",\"caption\":\"carlos\"},\"url\":\"https:\\\/\\\/www.urjc2030.es\\\/ui\\\/author\\\/carlos\\\/\"}]}<\/script>\n<!-- \/ Yoast SEO plugin. -->","yoast_head_json":{"title":"La Unidad de Igualdad colabora en el 11\u00ba Encuentro literario de la Red Enredadas de Vic\u00e1lvaro - Unidad de Igualdad","robots":{"index":"index","follow":"follow","max-snippet":"max-snippet:-1","max-image-preview":"max-image-preview:large","max-video-preview":"max-video-preview:-1"},"canonical":"https:\/\/www.urjc2030.es\/ui\/la-unidad-de-igualdad-colabora-en-el-11o-encuentro-literario-de-la-red-enredadas-de-vicalvaro\/","og_locale":"es_ES","og_type":"article","og_title":"La Unidad de Igualdad colabora en el 11\u00ba Encuentro literario de la Red Enredadas de Vic\u00e1lvaro - Unidad de Igualdad","og_description":"Llegamos al final de un mes de marzo cargado de sentimiento, vindicaci\u00f3n y reflexi\u00f3n. Este mes concentra acciones dirigidas a conmemorar el D\u00eda Internacional de la Mujer, aunando fuerzas para alzar la voz en comunidad y avanzar en la lucha diaria de las mujeres hasta conseguir la igualdad real y efectiva para todas y todos. [&hellip;]","og_url":"https:\/\/www.urjc2030.es\/ui\/la-unidad-de-igualdad-colabora-en-el-11o-encuentro-literario-de-la-red-enredadas-de-vicalvaro\/","og_site_name":"Unidad de Igualdad","article_publisher":"https:\/\/www.facebook.com\/universidadreyjuancarlos","article_published_time":"2022-03-31T15:01:46+00:00","article_modified_time":"2022-03-31T15:02:44+00:00","og_image":[{"width":2560,"height":1508,"url":"https:\/\/www.urjc2030.es\/ui\/wp-content\/uploads\/sites\/10\/2022\/03\/encuentro-literario-1-scaled.jpg","type":"image\/jpeg"}],"author":"carlos","twitter_card":"summary_large_image","twitter_creator":"@urjc","twitter_site":"@urjc","schema":{"@context":"https:\/\/schema.org","@graph":[{"@type":"Article","@id":"https:\/\/www.urjc2030.es\/ui\/la-unidad-de-igualdad-colabora-en-el-11o-encuentro-literario-de-la-red-enredadas-de-vicalvaro\/#article","isPartOf":{"@id":"https:\/\/www.urjc2030.es\/ui\/la-unidad-de-igualdad-colabora-en-el-11o-encuentro-literario-de-la-red-enredadas-de-vicalvaro\/"},"author":{"name":"carlos","@id":"https:\/\/www.urjc2030.es\/ui\/#\/schema\/person\/ddacb9e5abf914ab720a3d13fc047418"},"headline":"La Unidad de Igualdad colabora en el 11\u00ba Encuentro literario de la Red Enredadas de Vic\u00e1lvaro","datePublished":"2022-03-31T15:01:46+00:00","dateModified":"2022-03-31T15:02:44+00:00","mainEntityOfPage":{"@id":"https:\/\/www.urjc2030.es\/ui\/la-unidad-de-igualdad-colabora-en-el-11o-encuentro-literario-de-la-red-enredadas-de-vicalvaro\/"},"wordCount":423,"publisher":{"@id":"https:\/\/www.urjc2030.es\/ui\/#organization"},"image":{"@id":"https:\/\/www.urjc2030.es\/ui\/la-unidad-de-igualdad-colabora-en-el-11o-encuentro-literario-de-la-red-enredadas-de-vicalvaro\/#primaryimage"},"thumbnailUrl":"https:\/\/www.urjc2030.es\/ui\/wp-content\/uploads\/sites\/10\/2022\/03\/encuentro-literario-1-scaled.jpg","articleSection":["Noticias"],"inLanguage":"es"},{"@type":"WebPage","@id":"https:\/\/www.urjc2030.es\/ui\/la-unidad-de-igualdad-colabora-en-el-11o-encuentro-literario-de-la-red-enredadas-de-vicalvaro\/","url":"https:\/\/www.urjc2030.es\/ui\/la-unidad-de-igualdad-colabora-en-el-11o-encuentro-literario-de-la-red-enredadas-de-vicalvaro\/","name":"La Unidad de Igualdad colabora en el 11\u00ba Encuentro literario de la Red Enredadas de Vic\u00e1lvaro - Unidad de Igualdad","isPartOf":{"@id":"https:\/\/www.urjc2030.es\/ui\/#website"},"primaryImageOfPage":{"@id":"https:\/\/www.urjc2030.es\/ui\/la-unidad-de-igualdad-colabora-en-el-11o-encuentro-literario-de-la-red-enredadas-de-vicalvaro\/#primaryimage"},"image":{"@id":"https:\/\/www.urjc2030.es\/ui\/la-unidad-de-igualdad-colabora-en-el-11o-encuentro-literario-de-la-red-enredadas-de-vicalvaro\/#primaryimage"},"thumbnailUrl":"https:\/\/www.urjc2030.es\/ui\/wp-content\/uploads\/sites\/10\/2022\/03\/encuentro-literario-1-scaled.jpg","datePublished":"2022-03-31T15:01:46+00:00","dateModified":"2022-03-31T15:02:44+00:00","breadcrumb":{"@id":"https:\/\/www.urjc2030.es\/ui\/la-unidad-de-igualdad-colabora-en-el-11o-encuentro-literario-de-la-red-enredadas-de-vicalvaro\/#breadcrumb"},"inLanguage":"es","potentialAction":[{"@type":"ReadAction","target":["https:\/\/www.urjc2030.es\/ui\/la-unidad-de-igualdad-colabora-en-el-11o-encuentro-literario-de-la-red-enredadas-de-vicalvaro\/"]}]},{"@type":"ImageObject","inLanguage":"es","@id":"https:\/\/www.urjc2030.es\/ui\/la-unidad-de-igualdad-colabora-en-el-11o-encuentro-literario-de-la-red-enredadas-de-vicalvaro\/#primaryimage","url":"https:\/\/www.urjc2030.es\/ui\/wp-content\/uploads\/sites\/10\/2022\/03\/encuentro-literario-1-scaled.jpg","contentUrl":"https:\/\/www.urjc2030.es\/ui\/wp-content\/uploads\/sites\/10\/2022\/03\/encuentro-literario-1-scaled.jpg","width":2560,"height":1508,"caption":"encuentro literario"},{"@type":"BreadcrumbList","@id":"https:\/\/www.urjc2030.es\/ui\/la-unidad-de-igualdad-colabora-en-el-11o-encuentro-literario-de-la-red-enredadas-de-vicalvaro\/#breadcrumb","itemListElement":[{"@type":"ListItem","position":1,"name":"Portada","item":"https:\/\/www.urjc2030.es\/ui\/"},{"@type":"ListItem","position":2,"name":"La Unidad de Igualdad colabora en el 11\u00ba Encuentro literario de la Red Enredadas de Vic\u00e1lvaro"}]},{"@type":"WebSite","@id":"https:\/\/www.urjc2030.es\/ui\/#website","url":"https:\/\/www.urjc2030.es\/ui\/","name":"Unidad de Igualdad","description":"Elaborar, dar seguimiento y evaluar el Plan de Igualdad de la URJC, as\u00ed como velar por cumplimiento de la legislaci\u00f3n vigente en materia de igualdad efectiva entre mujeres y hombres.","publisher":{"@id":"https:\/\/www.urjc2030.es\/ui\/#organization"},"potentialAction":[{"@type":"SearchAction","target":{"@type":"EntryPoint","urlTemplate":"https:\/\/www.urjc2030.es\/ui\/?s={search_term_string}"},"query-input":{"@type":"PropertyValueSpecification","valueRequired":true,"valueName":"search_term_string"}}],"inLanguage":"es"},{"@type":"Organization","@id":"https:\/\/www.urjc2030.es\/ui\/#organization","name":"Universidad Rey Juan Carlos","url":"https:\/\/www.urjc2030.es\/ui\/","logo":{"@type":"ImageObject","inLanguage":"es","@id":"https:\/\/www.urjc2030.es\/ui\/#\/schema\/logo\/image\/","url":"https:\/\/www.urjc2030.es\/ui\/wp-content\/uploads\/sites\/10\/2020\/10\/logoURJC.png","contentUrl":"https:\/\/www.urjc2030.es\/ui\/wp-content\/uploads\/sites\/10\/2020\/10\/logoURJC.png","width":800,"height":305,"caption":"Universidad Rey Juan Carlos"},"image":{"@id":"https:\/\/www.urjc2030.es\/ui\/#\/schema\/logo\/image\/"},"sameAs":["https:\/\/www.facebook.com\/universidadreyjuancarlos","https:\/\/x.com\/urjc","https:\/\/www.instagram.com\/urjc_uni\/?hl=es"]},{"@type":"Person","@id":"https:\/\/www.urjc2030.es\/ui\/#\/schema\/person\/ddacb9e5abf914ab720a3d13fc047418","name":"carlos","image":{"@type":"ImageObject","inLanguage":"es","@id":"https:\/\/secure.gravatar.com\/avatar\/98e1c0d637a9f3d3cd2be0e49e5387245f96e039452a34f919c9e800cad0f304?s=96&d=mm&r=g","url":"https:\/\/secure.gravatar.com\/avatar\/98e1c0d637a9f3d3cd2be0e49e5387245f96e039452a34f919c9e800cad0f304?s=96&d=mm&r=g","contentUrl":"https:\/\/secure.gravatar.com\/avatar\/98e1c0d637a9f3d3cd2be0e49e5387245f96e039452a34f919c9e800cad0f304?s=96&d=mm&r=g","caption":"carlos"},"url":"https:\/\/www.urjc2030.es\/ui\/author\/carlos\/"}]}},"_links":{"self":[{"href":"https:\/\/www.urjc2030.es\/ui\/wp-json\/wp\/v2\/posts\/1382","targetHints":{"allow":["GET"]}}],"collection":[{"href":"https:\/\/www.urjc2030.es\/ui\/wp-json\/wp\/v2\/posts"}],"about":[{"href":"https:\/\/www.urjc2030.es\/ui\/wp-json\/wp\/v2\/types\/post"}],"author":[{"embeddable":true,"href":"https:\/\/www.urjc2030.es\/ui\/wp-json\/wp\/v2\/users\/10"}],"replies":[{"embeddable":true,"href":"https:\/\/www.urjc2030.es\/ui\/wp-json\/wp\/v2\/comments?post=1382"}],"version-history":[{"count":2,"href":"https:\/\/www.urjc2030.es\/ui\/wp-json\/wp\/v2\/posts\/1382\/revisions"}],"predecessor-version":[{"id":1385,"href":"https:\/\/www.urjc2030.es\/ui\/wp-json\/wp\/v2\/posts\/1382\/revisions\/1385"}],"wp:featuredmedia":[{"embeddable":true,"href":"https:\/\/www.urjc2030.es\/ui\/wp-json\/wp\/v2\/media\/1383"}],"wp:attachment":[{"href":"https:\/\/www.urjc2030.es\/ui\/wp-json\/wp\/v2\/media?parent=1382"}],"wp:term":[{"taxonomy":"category","embeddable":true,"href":"https:\/\/www.urjc2030.es\/ui\/wp-json\/wp\/v2\/categories?post=1382"},{"taxonomy":"post_tag","embeddable":true,"href":"https:\/\/www.urjc2030.es\/ui\/wp-json\/wp\/v2\/tags?post=1382"}],"curies":[{"name":"wp","href":"https:\/\/api.w.org\/{rel}","templated":true}]}}