{"id":1404,"date":"2022-06-29T05:58:49","date_gmt":"2022-06-29T05:58:49","guid":{"rendered":"https:\/\/www.urjc2030.es\/ui\/?p=1404"},"modified":"2022-06-29T07:42:24","modified_gmt":"2022-06-29T07:42:24","slug":"especialista-en-prevencion-y-sensibilizacion-de-las-violencias-sexuales-y-de-genero-desde-un-enfoque-multidisciplinar","status":"publish","type":"post","link":"https:\/\/www.urjc2030.es\/ui\/especialista-en-prevencion-y-sensibilizacion-de-las-violencias-sexuales-y-de-genero-desde-un-enfoque-multidisciplinar\/","title":{"rendered":"Abierto el plazo de preinscripci\u00f3n del T\u00edtulo Propio \u201cEspecialista en Prevenci\u00f3n y sensibilizaci\u00f3n de las violencias sexuales y de g\u00e9nero desde un enfoque multidisciplinar\u201d"},"content":{"rendered":"<p><img loading=\"lazy\" decoding=\"async\" class=\"size-medium wp-image-1405 alignright\" src=\"https:\/\/www.urjc2030.es\/ui\/wp-content\/uploads\/sites\/10\/2022\/06\/violencias-sexuales-300x220.png\" alt=\"violencia sex\" width=\"300\" height=\"220\" srcset=\"https:\/\/www.urjc2030.es\/ui\/wp-content\/uploads\/sites\/10\/2022\/06\/violencias-sexuales-300x220.png 300w, https:\/\/www.urjc2030.es\/ui\/wp-content\/uploads\/sites\/10\/2022\/06\/violencias-sexuales.png 381w\" sizes=\"(max-width: 300px) 100vw, 300px\" \/>El <a href=\"https:\/\/www.urjc.es\/error-404\/5521-especialista-en-prevencion-y-sensibilizacion-de-las-violencias-sexuales-y-de-genero-desde-un-enfoque-multidisciplinar\" target=\"_blank\" rel=\"noopener\"><strong>T\u00edtulo Propio de <em>Especialista en Prevenci\u00f3n y sensibilizaci\u00f3n de las violencias sexuales y de g\u00e9nero desde un enfoque multidisciplinar<\/em><\/strong><\/a>, dirigido por las docentes de la URJC <strong><a href=\"https:\/\/gestion2.urjc.es\/pdi\/ver\/diana.fernandez.romero\" target=\"_blank\" rel=\"noopener\">Diana Fern\u00e1ndez Romero<\/a><\/strong> y <strong><a href=\"https:\/\/gestion2.urjc.es\/pdi\/ver\/mercedes.garijo\" target=\"_blank\" rel=\"noopener\">Mercedes Ru\u00edz Garijo<\/a><\/strong>, pretende abordar las violencias sexuales y de g\u00e9nero de un modo multidisciplinar, con el objetivo general de atender el d\u00e9ficit formativo existente para comprender de forma integral la prevenci\u00f3n, la sensibilizaci\u00f3n y la atenci\u00f3n a las violencias de sexuales y de g\u00e9nero.<\/p>\n<p>Asimismo, se busca aumentar la <strong>empleabilidad<\/strong> especializada en intervenci\u00f3n social en \u00e1mbitos diferentes como el econ\u00f3mico, el jur\u00eddico o el de los medios de comunicaci\u00f3n relacionados con las violencias sexuales y de g\u00e9nero, con el fin de formar especialistas en violencias ejercidas sobre la mujer, a partir de la teor\u00eda feminista, comprendiendo e identificando todas sus vertientes y formas en las que se manifiestan como la violencia simb\u00f3lica o la econ\u00f3mica. La formaci\u00f3n va dirigida esencialmente a profesionales de intervenci\u00f3n y servicios sociales, profesionales de la salud, fuerzas y cuerpos de seguridad del Estado, operadoras pol\u00edticas o judiciales, periodistas y cualquier otra profesi\u00f3n relacionada con la prevenci\u00f3n y atenci\u00f3n a quienes sufren violencias sexuales y de g\u00e9nero.<\/p>\n<p>El curso se impartir\u00e1 en <strong>modalidad online los <\/strong><strong>viernes de 16 a 20 h<\/strong>, buscando facilitar la conciliaci\u00f3n de la vida laboral y personal y promover que la oferta formativa sea atractiva y accesible a personas empleadas o con disponibilidad condicionada o limitada.<\/p>\n<p>El <strong>plazo de preinscripci\u00f3n esta abierto hasta el 30 de septiembre 2022<\/strong> por lo que os animamos a reservar la vuestra plaza cuanto antes. El curso, que dar\u00e1 comienzo el 14 de octubre y dispondr\u00e1 de hasta un m\u00e1ximo de 30 plazas, est\u00e1 dividido en 4 m\u00f3dulos de especializaci\u00f3n, con 10 asignaturas diferentes, sumando un total de <strong>30 cr\u00e9ditos ECTS<\/strong>. La duraci\u00f3n comprende un per\u00edodo aproximado de cuatro meses estimando el fin de curso para marzo de 2023.<\/p>\n<p>Para m\u00e1s informaci\u00f3n consulte la <a href=\"https:\/\/www.urjc.es\/error-404\/5521-especialista-en-prevencion-y-sensibilizacion-de-las-violencias-sexuales-y-de-genero-desde-un-enfoque-multidisciplinar\" target=\"_blank\" rel=\"noopener\"><strong>web<\/strong>.<\/a><\/p>\n<p><em><b>Paula Plaza Garc\u00eda<\/b><\/em><\/p>\n<p>&nbsp;<\/p>\n","protected":false},"excerpt":{"rendered":"<p>El T\u00edtulo Propio de Especialista en Prevenci\u00f3n y sensibilizaci\u00f3n de las violencias sexuales y de g\u00e9nero desde un enfoque multidisciplinar, dirigido por las docentes de la URJC Diana Fern\u00e1ndez Romero y Mercedes Ru\u00edz Garijo, pretende abordar las violencias sexuales y de g\u00e9nero de un modo multidisciplinar, con el objetivo general de atender el d\u00e9ficit formativo [&hellip;]<\/p>\n","protected":false},"author":10,"featured_media":1405,"comment_status":"closed","ping_status":"closed","sticky":false,"template":"","format":"standard","meta":{"_et_pb_use_builder":"","_et_pb_old_content":"","_et_gb_content_width":"","cybocfi_hide_featured_image":"","footnotes":""},"categories":[9],"tags":[],"class_list":["post-1404","post","type-post","status-publish","format-standard","has-post-thumbnail","hentry","category-noticias-ui"],"yoast_head":"<!-- This site is optimized with the Yoast SEO plugin v27.5 - https:\/\/yoast.com\/product\/yoast-seo-wordpress\/ -->\n<title>Abierto el plazo de preinscripci\u00f3n del T\u00edtulo Propio \u201cEspecialista en Prevenci\u00f3n y sensibilizaci\u00f3n de las violencias sexuales y de g\u00e9nero desde un enfoque multidisciplinar\u201d - Unidad de Igualdad<\/title>\n<meta name=\"robots\" content=\"index, follow, max-snippet:-1, max-image-preview:large, max-video-preview:-1\" \/>\n<link rel=\"canonical\" href=\"https:\/\/www.urjc2030.es\/ui\/especialista-en-prevencion-y-sensibilizacion-de-las-violencias-sexuales-y-de-genero-desde-un-enfoque-multidisciplinar\/\" \/>\n<meta property=\"og:locale\" content=\"es_ES\" \/>\n<meta property=\"og:type\" content=\"article\" \/>\n<meta property=\"og:title\" content=\"Abierto el plazo de preinscripci\u00f3n del T\u00edtulo Propio \u201cEspecialista en Prevenci\u00f3n y sensibilizaci\u00f3n de las violencias sexuales y de g\u00e9nero desde un enfoque multidisciplinar\u201d - Unidad de Igualdad\" \/>\n<meta property=\"og:description\" content=\"El T\u00edtulo Propio de Especialista en Prevenci\u00f3n y sensibilizaci\u00f3n de las violencias sexuales y de g\u00e9nero desde un enfoque multidisciplinar, dirigido por las docentes de la URJC Diana Fern\u00e1ndez Romero y Mercedes Ru\u00edz Garijo, pretende abordar las violencias sexuales y de g\u00e9nero de un modo multidisciplinar, con el objetivo general de atender el d\u00e9ficit formativo [&hellip;]\" \/>\n<meta property=\"og:url\" content=\"https:\/\/www.urjc2030.es\/ui\/especialista-en-prevencion-y-sensibilizacion-de-las-violencias-sexuales-y-de-genero-desde-un-enfoque-multidisciplinar\/\" \/>\n<meta property=\"og:site_name\" content=\"Unidad de Igualdad\" \/>\n<meta property=\"article:publisher\" content=\"https:\/\/www.facebook.com\/universidadreyjuancarlos\" \/>\n<meta property=\"article:published_time\" content=\"2022-06-29T05:58:49+00:00\" \/>\n<meta property=\"article:modified_time\" content=\"2022-06-29T07:42:24+00:00\" \/>\n<meta property=\"og:image\" content=\"https:\/\/www.urjc2030.es\/ui\/wp-content\/uploads\/sites\/10\/2022\/06\/violencias-sexuales.png\" \/>\n\t<meta property=\"og:image:width\" content=\"381\" \/>\n\t<meta property=\"og:image:height\" content=\"279\" \/>\n\t<meta property=\"og:image:type\" content=\"image\/png\" \/>\n<meta name=\"author\" content=\"carlos\" \/>\n<meta name=\"twitter:card\" content=\"summary_large_image\" \/>\n<meta name=\"twitter:creator\" content=\"@urjc\" \/>\n<meta name=\"twitter:site\" content=\"@urjc\" \/>\n<script type=\"application\/ld+json\" class=\"yoast-schema-graph\">{\"@context\":\"https:\\\/\\\/schema.org\",\"@graph\":[{\"@type\":\"Article\",\"@id\":\"https:\\\/\\\/www.urjc2030.es\\\/ui\\\/especialista-en-prevencion-y-sensibilizacion-de-las-violencias-sexuales-y-de-genero-desde-un-enfoque-multidisciplinar\\\/#article\",\"isPartOf\":{\"@id\":\"https:\\\/\\\/www.urjc2030.es\\\/ui\\\/especialista-en-prevencion-y-sensibilizacion-de-las-violencias-sexuales-y-de-genero-desde-un-enfoque-multidisciplinar\\\/\"},\"author\":{\"name\":\"carlos\",\"@id\":\"https:\\\/\\\/www.urjc2030.es\\\/ui\\\/#\\\/schema\\\/person\\\/ddacb9e5abf914ab720a3d13fc047418\"},\"headline\":\"Abierto el plazo de preinscripci\u00f3n del T\u00edtulo Propio \u201cEspecialista en Prevenci\u00f3n y sensibilizaci\u00f3n de las violencias sexuales y de g\u00e9nero desde un enfoque multidisciplinar\u201d\",\"datePublished\":\"2022-06-29T05:58:49+00:00\",\"dateModified\":\"2022-06-29T07:42:24+00:00\",\"mainEntityOfPage\":{\"@id\":\"https:\\\/\\\/www.urjc2030.es\\\/ui\\\/especialista-en-prevencion-y-sensibilizacion-de-las-violencias-sexuales-y-de-genero-desde-un-enfoque-multidisciplinar\\\/\"},\"wordCount\":381,\"publisher\":{\"@id\":\"https:\\\/\\\/www.urjc2030.es\\\/ui\\\/#organization\"},\"image\":{\"@id\":\"https:\\\/\\\/www.urjc2030.es\\\/ui\\\/especialista-en-prevencion-y-sensibilizacion-de-las-violencias-sexuales-y-de-genero-desde-un-enfoque-multidisciplinar\\\/#primaryimage\"},\"thumbnailUrl\":\"https:\\\/\\\/www.urjc2030.es\\\/ui\\\/wp-content\\\/uploads\\\/sites\\\/10\\\/2022\\\/06\\\/violencias-sexuales.png\",\"articleSection\":[\"Noticias\"],\"inLanguage\":\"es\"},{\"@type\":\"WebPage\",\"@id\":\"https:\\\/\\\/www.urjc2030.es\\\/ui\\\/especialista-en-prevencion-y-sensibilizacion-de-las-violencias-sexuales-y-de-genero-desde-un-enfoque-multidisciplinar\\\/\",\"url\":\"https:\\\/\\\/www.urjc2030.es\\\/ui\\\/especialista-en-prevencion-y-sensibilizacion-de-las-violencias-sexuales-y-de-genero-desde-un-enfoque-multidisciplinar\\\/\",\"name\":\"Abierto el plazo de preinscripci\u00f3n del T\u00edtulo Propio \u201cEspecialista en Prevenci\u00f3n y sensibilizaci\u00f3n de las violencias sexuales y de g\u00e9nero desde un enfoque multidisciplinar\u201d - Unidad de Igualdad\",\"isPartOf\":{\"@id\":\"https:\\\/\\\/www.urjc2030.es\\\/ui\\\/#website\"},\"primaryImageOfPage\":{\"@id\":\"https:\\\/\\\/www.urjc2030.es\\\/ui\\\/especialista-en-prevencion-y-sensibilizacion-de-las-violencias-sexuales-y-de-genero-desde-un-enfoque-multidisciplinar\\\/#primaryimage\"},\"image\":{\"@id\":\"https:\\\/\\\/www.urjc2030.es\\\/ui\\\/especialista-en-prevencion-y-sensibilizacion-de-las-violencias-sexuales-y-de-genero-desde-un-enfoque-multidisciplinar\\\/#primaryimage\"},\"thumbnailUrl\":\"https:\\\/\\\/www.urjc2030.es\\\/ui\\\/wp-content\\\/uploads\\\/sites\\\/10\\\/2022\\\/06\\\/violencias-sexuales.png\",\"datePublished\":\"2022-06-29T05:58:49+00:00\",\"dateModified\":\"2022-06-29T07:42:24+00:00\",\"breadcrumb\":{\"@id\":\"https:\\\/\\\/www.urjc2030.es\\\/ui\\\/especialista-en-prevencion-y-sensibilizacion-de-las-violencias-sexuales-y-de-genero-desde-un-enfoque-multidisciplinar\\\/#breadcrumb\"},\"inLanguage\":\"es\",\"potentialAction\":[{\"@type\":\"ReadAction\",\"target\":[\"https:\\\/\\\/www.urjc2030.es\\\/ui\\\/especialista-en-prevencion-y-sensibilizacion-de-las-violencias-sexuales-y-de-genero-desde-un-enfoque-multidisciplinar\\\/\"]}]},{\"@type\":\"ImageObject\",\"inLanguage\":\"es\",\"@id\":\"https:\\\/\\\/www.urjc2030.es\\\/ui\\\/especialista-en-prevencion-y-sensibilizacion-de-las-violencias-sexuales-y-de-genero-desde-un-enfoque-multidisciplinar\\\/#primaryimage\",\"url\":\"https:\\\/\\\/www.urjc2030.es\\\/ui\\\/wp-content\\\/uploads\\\/sites\\\/10\\\/2022\\\/06\\\/violencias-sexuales.png\",\"contentUrl\":\"https:\\\/\\\/www.urjc2030.es\\\/ui\\\/wp-content\\\/uploads\\\/sites\\\/10\\\/2022\\\/06\\\/violencias-sexuales.png\",\"width\":381,\"height\":279,\"caption\":\"violencia sex\"},{\"@type\":\"BreadcrumbList\",\"@id\":\"https:\\\/\\\/www.urjc2030.es\\\/ui\\\/especialista-en-prevencion-y-sensibilizacion-de-las-violencias-sexuales-y-de-genero-desde-un-enfoque-multidisciplinar\\\/#breadcrumb\",\"itemListElement\":[{\"@type\":\"ListItem\",\"position\":1,\"name\":\"Portada\",\"item\":\"https:\\\/\\\/www.urjc2030.es\\\/ui\\\/\"},{\"@type\":\"ListItem\",\"position\":2,\"name\":\"Abierto el plazo de preinscripci\u00f3n del T\u00edtulo Propio \u201cEspecialista en Prevenci\u00f3n y sensibilizaci\u00f3n de las violencias sexuales y de g\u00e9nero desde un enfoque multidisciplinar\u201d\"}]},{\"@type\":\"WebSite\",\"@id\":\"https:\\\/\\\/www.urjc2030.es\\\/ui\\\/#website\",\"url\":\"https:\\\/\\\/www.urjc2030.es\\\/ui\\\/\",\"name\":\"Unidad de Igualdad\",\"description\":\"Elaborar, dar seguimiento y evaluar el Plan de Igualdad de la URJC, as\u00ed como velar por cumplimiento de la legislaci\u00f3n vigente en materia de igualdad efectiva entre mujeres y hombres.\",\"publisher\":{\"@id\":\"https:\\\/\\\/www.urjc2030.es\\\/ui\\\/#organization\"},\"potentialAction\":[{\"@type\":\"SearchAction\",\"target\":{\"@type\":\"EntryPoint\",\"urlTemplate\":\"https:\\\/\\\/www.urjc2030.es\\\/ui\\\/?s={search_term_string}\"},\"query-input\":{\"@type\":\"PropertyValueSpecification\",\"valueRequired\":true,\"valueName\":\"search_term_string\"}}],\"inLanguage\":\"es\"},{\"@type\":\"Organization\",\"@id\":\"https:\\\/\\\/www.urjc2030.es\\\/ui\\\/#organization\",\"name\":\"Universidad Rey Juan Carlos\",\"url\":\"https:\\\/\\\/www.urjc2030.es\\\/ui\\\/\",\"logo\":{\"@type\":\"ImageObject\",\"inLanguage\":\"es\",\"@id\":\"https:\\\/\\\/www.urjc2030.es\\\/ui\\\/#\\\/schema\\\/logo\\\/image\\\/\",\"url\":\"https:\\\/\\\/www.urjc2030.es\\\/ui\\\/wp-content\\\/uploads\\\/sites\\\/10\\\/2020\\\/10\\\/logoURJC.png\",\"contentUrl\":\"https:\\\/\\\/www.urjc2030.es\\\/ui\\\/wp-content\\\/uploads\\\/sites\\\/10\\\/2020\\\/10\\\/logoURJC.png\",\"width\":800,\"height\":305,\"caption\":\"Universidad Rey Juan Carlos\"},\"image\":{\"@id\":\"https:\\\/\\\/www.urjc2030.es\\\/ui\\\/#\\\/schema\\\/logo\\\/image\\\/\"},\"sameAs\":[\"https:\\\/\\\/www.facebook.com\\\/universidadreyjuancarlos\",\"https:\\\/\\\/x.com\\\/urjc\",\"https:\\\/\\\/www.instagram.com\\\/urjc_uni\\\/?hl=es\"]},{\"@type\":\"Person\",\"@id\":\"https:\\\/\\\/www.urjc2030.es\\\/ui\\\/#\\\/schema\\\/person\\\/ddacb9e5abf914ab720a3d13fc047418\",\"name\":\"carlos\",\"image\":{\"@type\":\"ImageObject\",\"inLanguage\":\"es\",\"@id\":\"https:\\\/\\\/secure.gravatar.com\\\/avatar\\\/98e1c0d637a9f3d3cd2be0e49e5387245f96e039452a34f919c9e800cad0f304?s=96&d=mm&r=g\",\"url\":\"https:\\\/\\\/secure.gravatar.com\\\/avatar\\\/98e1c0d637a9f3d3cd2be0e49e5387245f96e039452a34f919c9e800cad0f304?s=96&d=mm&r=g\",\"contentUrl\":\"https:\\\/\\\/secure.gravatar.com\\\/avatar\\\/98e1c0d637a9f3d3cd2be0e49e5387245f96e039452a34f919c9e800cad0f304?s=96&d=mm&r=g\",\"caption\":\"carlos\"},\"url\":\"https:\\\/\\\/www.urjc2030.es\\\/ui\\\/author\\\/carlos\\\/\"}]}<\/script>\n<!-- \/ Yoast SEO plugin. -->","yoast_head_json":{"title":"Abierto el plazo de preinscripci\u00f3n del T\u00edtulo Propio \u201cEspecialista en Prevenci\u00f3n y sensibilizaci\u00f3n de las violencias sexuales y de g\u00e9nero desde un enfoque multidisciplinar\u201d - Unidad de Igualdad","robots":{"index":"index","follow":"follow","max-snippet":"max-snippet:-1","max-image-preview":"max-image-preview:large","max-video-preview":"max-video-preview:-1"},"canonical":"https:\/\/www.urjc2030.es\/ui\/especialista-en-prevencion-y-sensibilizacion-de-las-violencias-sexuales-y-de-genero-desde-un-enfoque-multidisciplinar\/","og_locale":"es_ES","og_type":"article","og_title":"Abierto el plazo de preinscripci\u00f3n del T\u00edtulo Propio \u201cEspecialista en Prevenci\u00f3n y sensibilizaci\u00f3n de las violencias sexuales y de g\u00e9nero desde un enfoque multidisciplinar\u201d - Unidad de Igualdad","og_description":"El T\u00edtulo Propio de Especialista en Prevenci\u00f3n y sensibilizaci\u00f3n de las violencias sexuales y de g\u00e9nero desde un enfoque multidisciplinar, dirigido por las docentes de la URJC Diana Fern\u00e1ndez Romero y Mercedes Ru\u00edz Garijo, pretende abordar las violencias sexuales y de g\u00e9nero de un modo multidisciplinar, con el objetivo general de atender el d\u00e9ficit formativo [&hellip;]","og_url":"https:\/\/www.urjc2030.es\/ui\/especialista-en-prevencion-y-sensibilizacion-de-las-violencias-sexuales-y-de-genero-desde-un-enfoque-multidisciplinar\/","og_site_name":"Unidad de Igualdad","article_publisher":"https:\/\/www.facebook.com\/universidadreyjuancarlos","article_published_time":"2022-06-29T05:58:49+00:00","article_modified_time":"2022-06-29T07:42:24+00:00","og_image":[{"width":381,"height":279,"url":"https:\/\/www.urjc2030.es\/ui\/wp-content\/uploads\/sites\/10\/2022\/06\/violencias-sexuales.png","type":"image\/png"}],"author":"carlos","twitter_card":"summary_large_image","twitter_creator":"@urjc","twitter_site":"@urjc","schema":{"@context":"https:\/\/schema.org","@graph":[{"@type":"Article","@id":"https:\/\/www.urjc2030.es\/ui\/especialista-en-prevencion-y-sensibilizacion-de-las-violencias-sexuales-y-de-genero-desde-un-enfoque-multidisciplinar\/#article","isPartOf":{"@id":"https:\/\/www.urjc2030.es\/ui\/especialista-en-prevencion-y-sensibilizacion-de-las-violencias-sexuales-y-de-genero-desde-un-enfoque-multidisciplinar\/"},"author":{"name":"carlos","@id":"https:\/\/www.urjc2030.es\/ui\/#\/schema\/person\/ddacb9e5abf914ab720a3d13fc047418"},"headline":"Abierto el plazo de preinscripci\u00f3n del T\u00edtulo Propio \u201cEspecialista en Prevenci\u00f3n y sensibilizaci\u00f3n de las violencias sexuales y de g\u00e9nero desde un enfoque multidisciplinar\u201d","datePublished":"2022-06-29T05:58:49+00:00","dateModified":"2022-06-29T07:42:24+00:00","mainEntityOfPage":{"@id":"https:\/\/www.urjc2030.es\/ui\/especialista-en-prevencion-y-sensibilizacion-de-las-violencias-sexuales-y-de-genero-desde-un-enfoque-multidisciplinar\/"},"wordCount":381,"publisher":{"@id":"https:\/\/www.urjc2030.es\/ui\/#organization"},"image":{"@id":"https:\/\/www.urjc2030.es\/ui\/especialista-en-prevencion-y-sensibilizacion-de-las-violencias-sexuales-y-de-genero-desde-un-enfoque-multidisciplinar\/#primaryimage"},"thumbnailUrl":"https:\/\/www.urjc2030.es\/ui\/wp-content\/uploads\/sites\/10\/2022\/06\/violencias-sexuales.png","articleSection":["Noticias"],"inLanguage":"es"},{"@type":"WebPage","@id":"https:\/\/www.urjc2030.es\/ui\/especialista-en-prevencion-y-sensibilizacion-de-las-violencias-sexuales-y-de-genero-desde-un-enfoque-multidisciplinar\/","url":"https:\/\/www.urjc2030.es\/ui\/especialista-en-prevencion-y-sensibilizacion-de-las-violencias-sexuales-y-de-genero-desde-un-enfoque-multidisciplinar\/","name":"Abierto el plazo de preinscripci\u00f3n del T\u00edtulo Propio \u201cEspecialista en Prevenci\u00f3n y sensibilizaci\u00f3n de las violencias sexuales y de g\u00e9nero desde un enfoque multidisciplinar\u201d - Unidad de Igualdad","isPartOf":{"@id":"https:\/\/www.urjc2030.es\/ui\/#website"},"primaryImageOfPage":{"@id":"https:\/\/www.urjc2030.es\/ui\/especialista-en-prevencion-y-sensibilizacion-de-las-violencias-sexuales-y-de-genero-desde-un-enfoque-multidisciplinar\/#primaryimage"},"image":{"@id":"https:\/\/www.urjc2030.es\/ui\/especialista-en-prevencion-y-sensibilizacion-de-las-violencias-sexuales-y-de-genero-desde-un-enfoque-multidisciplinar\/#primaryimage"},"thumbnailUrl":"https:\/\/www.urjc2030.es\/ui\/wp-content\/uploads\/sites\/10\/2022\/06\/violencias-sexuales.png","datePublished":"2022-06-29T05:58:49+00:00","dateModified":"2022-06-29T07:42:24+00:00","breadcrumb":{"@id":"https:\/\/www.urjc2030.es\/ui\/especialista-en-prevencion-y-sensibilizacion-de-las-violencias-sexuales-y-de-genero-desde-un-enfoque-multidisciplinar\/#breadcrumb"},"inLanguage":"es","potentialAction":[{"@type":"ReadAction","target":["https:\/\/www.urjc2030.es\/ui\/especialista-en-prevencion-y-sensibilizacion-de-las-violencias-sexuales-y-de-genero-desde-un-enfoque-multidisciplinar\/"]}]},{"@type":"ImageObject","inLanguage":"es","@id":"https:\/\/www.urjc2030.es\/ui\/especialista-en-prevencion-y-sensibilizacion-de-las-violencias-sexuales-y-de-genero-desde-un-enfoque-multidisciplinar\/#primaryimage","url":"https:\/\/www.urjc2030.es\/ui\/wp-content\/uploads\/sites\/10\/2022\/06\/violencias-sexuales.png","contentUrl":"https:\/\/www.urjc2030.es\/ui\/wp-content\/uploads\/sites\/10\/2022\/06\/violencias-sexuales.png","width":381,"height":279,"caption":"violencia sex"},{"@type":"BreadcrumbList","@id":"https:\/\/www.urjc2030.es\/ui\/especialista-en-prevencion-y-sensibilizacion-de-las-violencias-sexuales-y-de-genero-desde-un-enfoque-multidisciplinar\/#breadcrumb","itemListElement":[{"@type":"ListItem","position":1,"name":"Portada","item":"https:\/\/www.urjc2030.es\/ui\/"},{"@type":"ListItem","position":2,"name":"Abierto el plazo de preinscripci\u00f3n del T\u00edtulo Propio \u201cEspecialista en Prevenci\u00f3n y sensibilizaci\u00f3n de las violencias sexuales y de g\u00e9nero desde un enfoque multidisciplinar\u201d"}]},{"@type":"WebSite","@id":"https:\/\/www.urjc2030.es\/ui\/#website","url":"https:\/\/www.urjc2030.es\/ui\/","name":"Unidad de Igualdad","description":"Elaborar, dar seguimiento y evaluar el Plan de Igualdad de la URJC, as\u00ed como velar por cumplimiento de la legislaci\u00f3n vigente en materia de igualdad efectiva entre mujeres y hombres.","publisher":{"@id":"https:\/\/www.urjc2030.es\/ui\/#organization"},"potentialAction":[{"@type":"SearchAction","target":{"@type":"EntryPoint","urlTemplate":"https:\/\/www.urjc2030.es\/ui\/?s={search_term_string}"},"query-input":{"@type":"PropertyValueSpecification","valueRequired":true,"valueName":"search_term_string"}}],"inLanguage":"es"},{"@type":"Organization","@id":"https:\/\/www.urjc2030.es\/ui\/#organization","name":"Universidad Rey Juan Carlos","url":"https:\/\/www.urjc2030.es\/ui\/","logo":{"@type":"ImageObject","inLanguage":"es","@id":"https:\/\/www.urjc2030.es\/ui\/#\/schema\/logo\/image\/","url":"https:\/\/www.urjc2030.es\/ui\/wp-content\/uploads\/sites\/10\/2020\/10\/logoURJC.png","contentUrl":"https:\/\/www.urjc2030.es\/ui\/wp-content\/uploads\/sites\/10\/2020\/10\/logoURJC.png","width":800,"height":305,"caption":"Universidad Rey Juan Carlos"},"image":{"@id":"https:\/\/www.urjc2030.es\/ui\/#\/schema\/logo\/image\/"},"sameAs":["https:\/\/www.facebook.com\/universidadreyjuancarlos","https:\/\/x.com\/urjc","https:\/\/www.instagram.com\/urjc_uni\/?hl=es"]},{"@type":"Person","@id":"https:\/\/www.urjc2030.es\/ui\/#\/schema\/person\/ddacb9e5abf914ab720a3d13fc047418","name":"carlos","image":{"@type":"ImageObject","inLanguage":"es","@id":"https:\/\/secure.gravatar.com\/avatar\/98e1c0d637a9f3d3cd2be0e49e5387245f96e039452a34f919c9e800cad0f304?s=96&d=mm&r=g","url":"https:\/\/secure.gravatar.com\/avatar\/98e1c0d637a9f3d3cd2be0e49e5387245f96e039452a34f919c9e800cad0f304?s=96&d=mm&r=g","contentUrl":"https:\/\/secure.gravatar.com\/avatar\/98e1c0d637a9f3d3cd2be0e49e5387245f96e039452a34f919c9e800cad0f304?s=96&d=mm&r=g","caption":"carlos"},"url":"https:\/\/www.urjc2030.es\/ui\/author\/carlos\/"}]}},"_links":{"self":[{"href":"https:\/\/www.urjc2030.es\/ui\/wp-json\/wp\/v2\/posts\/1404","targetHints":{"allow":["GET"]}}],"collection":[{"href":"https:\/\/www.urjc2030.es\/ui\/wp-json\/wp\/v2\/posts"}],"about":[{"href":"https:\/\/www.urjc2030.es\/ui\/wp-json\/wp\/v2\/types\/post"}],"author":[{"embeddable":true,"href":"https:\/\/www.urjc2030.es\/ui\/wp-json\/wp\/v2\/users\/10"}],"replies":[{"embeddable":true,"href":"https:\/\/www.urjc2030.es\/ui\/wp-json\/wp\/v2\/comments?post=1404"}],"version-history":[{"count":2,"href":"https:\/\/www.urjc2030.es\/ui\/wp-json\/wp\/v2\/posts\/1404\/revisions"}],"predecessor-version":[{"id":1407,"href":"https:\/\/www.urjc2030.es\/ui\/wp-json\/wp\/v2\/posts\/1404\/revisions\/1407"}],"wp:featuredmedia":[{"embeddable":true,"href":"https:\/\/www.urjc2030.es\/ui\/wp-json\/wp\/v2\/media\/1405"}],"wp:attachment":[{"href":"https:\/\/www.urjc2030.es\/ui\/wp-json\/wp\/v2\/media?parent=1404"}],"wp:term":[{"taxonomy":"category","embeddable":true,"href":"https:\/\/www.urjc2030.es\/ui\/wp-json\/wp\/v2\/categories?post=1404"},{"taxonomy":"post_tag","embeddable":true,"href":"https:\/\/www.urjc2030.es\/ui\/wp-json\/wp\/v2\/tags?post=1404"}],"curies":[{"name":"wp","href":"https:\/\/api.w.org\/{rel}","templated":true}]}}