{"id":1430,"date":"2022-09-29T11:17:40","date_gmt":"2022-09-29T11:17:40","guid":{"rendered":"https:\/\/www.urjc2030.es\/ui\/?p=1430"},"modified":"2022-09-29T11:19:28","modified_gmt":"2022-09-29T11:19:28","slug":"comienza-la-ii-edicion-de-los-seminarios-pozos-de-pasion","status":"publish","type":"post","link":"https:\/\/www.urjc2030.es\/ui\/comienza-la-ii-edicion-de-los-seminarios-pozos-de-pasion\/","title":{"rendered":"Comienza la II edici\u00f3n de los Seminarios \u201cPozos de Pasi\u00f3n\u201d"},"content":{"rendered":"<p><img loading=\"lazy\" decoding=\"async\" class=\"size-medium wp-image-1431 alignright\" src=\"https:\/\/www.urjc2030.es\/ui\/wp-content\/uploads\/sites\/10\/2022\/09\/imagen-pozos-II-200x300.jpg\" alt=\"imagen pozos II\" width=\"200\" height=\"300\" srcset=\"https:\/\/www.urjc2030.es\/ui\/wp-content\/uploads\/sites\/10\/2022\/09\/imagen-pozos-II-200x300.jpg 200w, https:\/\/www.urjc2030.es\/ui\/wp-content\/uploads\/sites\/10\/2022\/09\/imagen-pozos-II.jpg 360w\" sizes=\"(max-width: 200px) 100vw, 200px\" \/><\/p>\n<p>Tras el \u00e9xito de asistencia a la I Edici\u00f3n de los Seminarios \u201cPozos de pasi\u00f3n\u201d, y las buenas evaluaciones tanto de los ponentes como del p\u00fablico, se apuesta por la continuidad con una II edici\u00f3n. Como en el curso anterior la actividad, que comienza el <strong>3 de octubre de 2022<\/strong>, consiste en una serie de ponencias de especialistas, mesas redondas y foros de discusi\u00f3n, utilizando la trama de la novela solidaria como hilo conductor, que buscan de un debate abierto, tolerante y respetuoso sobre diversos temas alineados con la Agenda 2030 y con Objetivos de Desarrollo Sostenible (ODS).<\/p>\n<p><strong>\u201cPozos de Pasi\u00f3n\u201d <\/strong>es un original proyecto de divulgaci\u00f3n y sensibilizaci\u00f3n construido en torno a una novela ligera. Dicha ficci\u00f3n plantea, a lo largo de una trama amena y \u00e1gil articulada en diversos actos, numerosos temas de reflexi\u00f3n sobre prejuicios, ideales y estereotipos en diversos \u00e1mbitos culturales, sociales, \u00e9ticos y morales. La trama est\u00e1 protagonizada por una investigadora postdoctoral, Sara Sanz, madrile\u00f1a, del popular barrio de Usera, y graduada en Biolog\u00eda por la URJC.<\/p>\n<p>La segunda novela de la serie Pozos de Pasi\u00f3n, titulada <strong>\u201cRomanticismo y otras coacciones\u201d<\/strong> (*), publicada por la editorial Caligrama, proporciona simult\u00e1neamente un marco atractivo y complejo, ideal para establecer di\u00e1logos emp\u00e1ticos y reflexivos. Si bien la obra presenta de manera transversal numerosos aspectos sanitarios, sociales y cient\u00edficos actuales, los principales temas se pueden agrupar en tres ejes.<\/p>\n<ul>\n<li><strong>G\u00e9nero y salud<\/strong>, coordinado por Sandra Fares, enfermera e investigadora en enfermedades emergentes de la mujer.<\/li>\n<li><strong>Salud y medio ambiente<\/strong>, coordinado por Helena Garc\u00eda, ambient\u00f3loga e investigadora en epidemiolog\u00eda ambiental materno-infantil.<\/li>\n<li><strong>Sexualidad femenina<\/strong>, coordinado por <strong><a href=\"https:\/\/gestion2.urjc.es\/pdi\/ver\/myriam.catala\" target=\"_blank\" rel=\"noopener\">Myriam Catal\u00e1,<\/a><\/strong> profesora de biolog\u00eda celular e investigadora en biomedicina.<\/li>\n<\/ul>\n<p>Puedes encontrar las fechas de las jornadas, y realizar la inscripci\u00f3n, en el siguiente enlace:<strong><a href=\"https:\/\/t.co\/JsMCcRQYGm\" target=\"_blank\" rel=\"noopener\"> informaci\u00f3n e inscripci\u00f3n \u00abPozos de Pasi\u00f3n\u00bb II Edici\u00f3n<\/a><\/strong><\/p>\n<p>(*) Existen a disposici\u00f3n de las personas interesadas ejemplares de la novela en las bibliotecas universitarias de los campus y en otras bibliotecas p\u00fablicas.<\/p>\n","protected":false},"excerpt":{"rendered":"<p>Tras el \u00e9xito de asistencia a la I Edici\u00f3n de los Seminarios \u201cPozos de pasi\u00f3n\u201d, y las buenas evaluaciones tanto de los ponentes como del p\u00fablico, se apuesta por la continuidad con una II edici\u00f3n. Como en el curso anterior la actividad, que comienza el 3 de octubre de 2022, consiste en una serie de [&hellip;]<\/p>\n","protected":false},"author":10,"featured_media":1431,"comment_status":"closed","ping_status":"closed","sticky":false,"template":"","format":"standard","meta":{"_et_pb_use_builder":"","_et_pb_old_content":"","_et_gb_content_width":"","cybocfi_hide_featured_image":"","footnotes":""},"categories":[9],"tags":[],"class_list":["post-1430","post","type-post","status-publish","format-standard","has-post-thumbnail","hentry","category-noticias-ui"],"yoast_head":"<!-- This site is optimized with the Yoast SEO plugin v27.5 - https:\/\/yoast.com\/product\/yoast-seo-wordpress\/ -->\n<title>Comienza la II edici\u00f3n de los Seminarios \u201cPozos de Pasi\u00f3n\u201d - Unidad de Igualdad<\/title>\n<meta name=\"robots\" content=\"index, follow, max-snippet:-1, max-image-preview:large, max-video-preview:-1\" \/>\n<link rel=\"canonical\" href=\"https:\/\/www.urjc2030.es\/ui\/comienza-la-ii-edicion-de-los-seminarios-pozos-de-pasion\/\" \/>\n<meta property=\"og:locale\" content=\"es_ES\" \/>\n<meta property=\"og:type\" content=\"article\" \/>\n<meta property=\"og:title\" content=\"Comienza la II edici\u00f3n de los Seminarios \u201cPozos de Pasi\u00f3n\u201d - Unidad de Igualdad\" \/>\n<meta property=\"og:description\" content=\"Tras el \u00e9xito de asistencia a la I Edici\u00f3n de los Seminarios \u201cPozos de pasi\u00f3n\u201d, y las buenas evaluaciones tanto de los ponentes como del p\u00fablico, se apuesta por la continuidad con una II edici\u00f3n. Como en el curso anterior la actividad, que comienza el 3 de octubre de 2022, consiste en una serie de [&hellip;]\" \/>\n<meta property=\"og:url\" content=\"https:\/\/www.urjc2030.es\/ui\/comienza-la-ii-edicion-de-los-seminarios-pozos-de-pasion\/\" \/>\n<meta property=\"og:site_name\" content=\"Unidad de Igualdad\" \/>\n<meta property=\"article:publisher\" content=\"https:\/\/www.facebook.com\/universidadreyjuancarlos\" \/>\n<meta property=\"article:published_time\" content=\"2022-09-29T11:17:40+00:00\" \/>\n<meta property=\"article:modified_time\" content=\"2022-09-29T11:19:28+00:00\" \/>\n<meta property=\"og:image\" content=\"https:\/\/www.urjc2030.es\/ui\/wp-content\/uploads\/sites\/10\/2022\/09\/imagen-pozos-II.jpg\" \/>\n\t<meta property=\"og:image:width\" content=\"360\" \/>\n\t<meta property=\"og:image:height\" content=\"541\" \/>\n\t<meta property=\"og:image:type\" content=\"image\/jpeg\" \/>\n<meta name=\"author\" content=\"carlos\" \/>\n<meta name=\"twitter:card\" content=\"summary_large_image\" \/>\n<meta name=\"twitter:creator\" content=\"@urjc\" \/>\n<meta name=\"twitter:site\" content=\"@urjc\" \/>\n<script type=\"application\/ld+json\" class=\"yoast-schema-graph\">{\"@context\":\"https:\\\/\\\/schema.org\",\"@graph\":[{\"@type\":\"Article\",\"@id\":\"https:\\\/\\\/www.urjc2030.es\\\/ui\\\/comienza-la-ii-edicion-de-los-seminarios-pozos-de-pasion\\\/#article\",\"isPartOf\":{\"@id\":\"https:\\\/\\\/www.urjc2030.es\\\/ui\\\/comienza-la-ii-edicion-de-los-seminarios-pozos-de-pasion\\\/\"},\"author\":{\"name\":\"carlos\",\"@id\":\"https:\\\/\\\/www.urjc2030.es\\\/ui\\\/#\\\/schema\\\/person\\\/ddacb9e5abf914ab720a3d13fc047418\"},\"headline\":\"Comienza la II edici\u00f3n de los Seminarios \u201cPozos de Pasi\u00f3n\u201d\",\"datePublished\":\"2022-09-29T11:17:40+00:00\",\"dateModified\":\"2022-09-29T11:19:28+00:00\",\"mainEntityOfPage\":{\"@id\":\"https:\\\/\\\/www.urjc2030.es\\\/ui\\\/comienza-la-ii-edicion-de-los-seminarios-pozos-de-pasion\\\/\"},\"wordCount\":358,\"publisher\":{\"@id\":\"https:\\\/\\\/www.urjc2030.es\\\/ui\\\/#organization\"},\"image\":{\"@id\":\"https:\\\/\\\/www.urjc2030.es\\\/ui\\\/comienza-la-ii-edicion-de-los-seminarios-pozos-de-pasion\\\/#primaryimage\"},\"thumbnailUrl\":\"https:\\\/\\\/www.urjc2030.es\\\/ui\\\/wp-content\\\/uploads\\\/sites\\\/10\\\/2022\\\/09\\\/imagen-pozos-II.jpg\",\"articleSection\":[\"Noticias\"],\"inLanguage\":\"es\"},{\"@type\":\"WebPage\",\"@id\":\"https:\\\/\\\/www.urjc2030.es\\\/ui\\\/comienza-la-ii-edicion-de-los-seminarios-pozos-de-pasion\\\/\",\"url\":\"https:\\\/\\\/www.urjc2030.es\\\/ui\\\/comienza-la-ii-edicion-de-los-seminarios-pozos-de-pasion\\\/\",\"name\":\"Comienza la II edici\u00f3n de los Seminarios \u201cPozos de Pasi\u00f3n\u201d - Unidad de Igualdad\",\"isPartOf\":{\"@id\":\"https:\\\/\\\/www.urjc2030.es\\\/ui\\\/#website\"},\"primaryImageOfPage\":{\"@id\":\"https:\\\/\\\/www.urjc2030.es\\\/ui\\\/comienza-la-ii-edicion-de-los-seminarios-pozos-de-pasion\\\/#primaryimage\"},\"image\":{\"@id\":\"https:\\\/\\\/www.urjc2030.es\\\/ui\\\/comienza-la-ii-edicion-de-los-seminarios-pozos-de-pasion\\\/#primaryimage\"},\"thumbnailUrl\":\"https:\\\/\\\/www.urjc2030.es\\\/ui\\\/wp-content\\\/uploads\\\/sites\\\/10\\\/2022\\\/09\\\/imagen-pozos-II.jpg\",\"datePublished\":\"2022-09-29T11:17:40+00:00\",\"dateModified\":\"2022-09-29T11:19:28+00:00\",\"breadcrumb\":{\"@id\":\"https:\\\/\\\/www.urjc2030.es\\\/ui\\\/comienza-la-ii-edicion-de-los-seminarios-pozos-de-pasion\\\/#breadcrumb\"},\"inLanguage\":\"es\",\"potentialAction\":[{\"@type\":\"ReadAction\",\"target\":[\"https:\\\/\\\/www.urjc2030.es\\\/ui\\\/comienza-la-ii-edicion-de-los-seminarios-pozos-de-pasion\\\/\"]}]},{\"@type\":\"ImageObject\",\"inLanguage\":\"es\",\"@id\":\"https:\\\/\\\/www.urjc2030.es\\\/ui\\\/comienza-la-ii-edicion-de-los-seminarios-pozos-de-pasion\\\/#primaryimage\",\"url\":\"https:\\\/\\\/www.urjc2030.es\\\/ui\\\/wp-content\\\/uploads\\\/sites\\\/10\\\/2022\\\/09\\\/imagen-pozos-II.jpg\",\"contentUrl\":\"https:\\\/\\\/www.urjc2030.es\\\/ui\\\/wp-content\\\/uploads\\\/sites\\\/10\\\/2022\\\/09\\\/imagen-pozos-II.jpg\",\"width\":360,\"height\":541,\"caption\":\"imagen pozos II\"},{\"@type\":\"BreadcrumbList\",\"@id\":\"https:\\\/\\\/www.urjc2030.es\\\/ui\\\/comienza-la-ii-edicion-de-los-seminarios-pozos-de-pasion\\\/#breadcrumb\",\"itemListElement\":[{\"@type\":\"ListItem\",\"position\":1,\"name\":\"Portada\",\"item\":\"https:\\\/\\\/www.urjc2030.es\\\/ui\\\/\"},{\"@type\":\"ListItem\",\"position\":2,\"name\":\"Comienza la II edici\u00f3n de los Seminarios \u201cPozos de Pasi\u00f3n\u201d\"}]},{\"@type\":\"WebSite\",\"@id\":\"https:\\\/\\\/www.urjc2030.es\\\/ui\\\/#website\",\"url\":\"https:\\\/\\\/www.urjc2030.es\\\/ui\\\/\",\"name\":\"Unidad de Igualdad\",\"description\":\"Elaborar, dar seguimiento y evaluar el Plan de Igualdad de la URJC, as\u00ed como velar por cumplimiento de la legislaci\u00f3n vigente en materia de igualdad efectiva entre mujeres y hombres.\",\"publisher\":{\"@id\":\"https:\\\/\\\/www.urjc2030.es\\\/ui\\\/#organization\"},\"potentialAction\":[{\"@type\":\"SearchAction\",\"target\":{\"@type\":\"EntryPoint\",\"urlTemplate\":\"https:\\\/\\\/www.urjc2030.es\\\/ui\\\/?s={search_term_string}\"},\"query-input\":{\"@type\":\"PropertyValueSpecification\",\"valueRequired\":true,\"valueName\":\"search_term_string\"}}],\"inLanguage\":\"es\"},{\"@type\":\"Organization\",\"@id\":\"https:\\\/\\\/www.urjc2030.es\\\/ui\\\/#organization\",\"name\":\"Universidad Rey Juan Carlos\",\"url\":\"https:\\\/\\\/www.urjc2030.es\\\/ui\\\/\",\"logo\":{\"@type\":\"ImageObject\",\"inLanguage\":\"es\",\"@id\":\"https:\\\/\\\/www.urjc2030.es\\\/ui\\\/#\\\/schema\\\/logo\\\/image\\\/\",\"url\":\"https:\\\/\\\/www.urjc2030.es\\\/ui\\\/wp-content\\\/uploads\\\/sites\\\/10\\\/2020\\\/10\\\/logoURJC.png\",\"contentUrl\":\"https:\\\/\\\/www.urjc2030.es\\\/ui\\\/wp-content\\\/uploads\\\/sites\\\/10\\\/2020\\\/10\\\/logoURJC.png\",\"width\":800,\"height\":305,\"caption\":\"Universidad Rey Juan Carlos\"},\"image\":{\"@id\":\"https:\\\/\\\/www.urjc2030.es\\\/ui\\\/#\\\/schema\\\/logo\\\/image\\\/\"},\"sameAs\":[\"https:\\\/\\\/www.facebook.com\\\/universidadreyjuancarlos\",\"https:\\\/\\\/x.com\\\/urjc\",\"https:\\\/\\\/www.instagram.com\\\/urjc_uni\\\/?hl=es\"]},{\"@type\":\"Person\",\"@id\":\"https:\\\/\\\/www.urjc2030.es\\\/ui\\\/#\\\/schema\\\/person\\\/ddacb9e5abf914ab720a3d13fc047418\",\"name\":\"carlos\",\"image\":{\"@type\":\"ImageObject\",\"inLanguage\":\"es\",\"@id\":\"https:\\\/\\\/secure.gravatar.com\\\/avatar\\\/98e1c0d637a9f3d3cd2be0e49e5387245f96e039452a34f919c9e800cad0f304?s=96&d=mm&r=g\",\"url\":\"https:\\\/\\\/secure.gravatar.com\\\/avatar\\\/98e1c0d637a9f3d3cd2be0e49e5387245f96e039452a34f919c9e800cad0f304?s=96&d=mm&r=g\",\"contentUrl\":\"https:\\\/\\\/secure.gravatar.com\\\/avatar\\\/98e1c0d637a9f3d3cd2be0e49e5387245f96e039452a34f919c9e800cad0f304?s=96&d=mm&r=g\",\"caption\":\"carlos\"},\"url\":\"https:\\\/\\\/www.urjc2030.es\\\/ui\\\/author\\\/carlos\\\/\"}]}<\/script>\n<!-- \/ Yoast SEO plugin. -->","yoast_head_json":{"title":"Comienza la II edici\u00f3n de los Seminarios \u201cPozos de Pasi\u00f3n\u201d - Unidad de Igualdad","robots":{"index":"index","follow":"follow","max-snippet":"max-snippet:-1","max-image-preview":"max-image-preview:large","max-video-preview":"max-video-preview:-1"},"canonical":"https:\/\/www.urjc2030.es\/ui\/comienza-la-ii-edicion-de-los-seminarios-pozos-de-pasion\/","og_locale":"es_ES","og_type":"article","og_title":"Comienza la II edici\u00f3n de los Seminarios \u201cPozos de Pasi\u00f3n\u201d - Unidad de Igualdad","og_description":"Tras el \u00e9xito de asistencia a la I Edici\u00f3n de los Seminarios \u201cPozos de pasi\u00f3n\u201d, y las buenas evaluaciones tanto de los ponentes como del p\u00fablico, se apuesta por la continuidad con una II edici\u00f3n. Como en el curso anterior la actividad, que comienza el 3 de octubre de 2022, consiste en una serie de [&hellip;]","og_url":"https:\/\/www.urjc2030.es\/ui\/comienza-la-ii-edicion-de-los-seminarios-pozos-de-pasion\/","og_site_name":"Unidad de Igualdad","article_publisher":"https:\/\/www.facebook.com\/universidadreyjuancarlos","article_published_time":"2022-09-29T11:17:40+00:00","article_modified_time":"2022-09-29T11:19:28+00:00","og_image":[{"width":360,"height":541,"url":"https:\/\/www.urjc2030.es\/ui\/wp-content\/uploads\/sites\/10\/2022\/09\/imagen-pozos-II.jpg","type":"image\/jpeg"}],"author":"carlos","twitter_card":"summary_large_image","twitter_creator":"@urjc","twitter_site":"@urjc","schema":{"@context":"https:\/\/schema.org","@graph":[{"@type":"Article","@id":"https:\/\/www.urjc2030.es\/ui\/comienza-la-ii-edicion-de-los-seminarios-pozos-de-pasion\/#article","isPartOf":{"@id":"https:\/\/www.urjc2030.es\/ui\/comienza-la-ii-edicion-de-los-seminarios-pozos-de-pasion\/"},"author":{"name":"carlos","@id":"https:\/\/www.urjc2030.es\/ui\/#\/schema\/person\/ddacb9e5abf914ab720a3d13fc047418"},"headline":"Comienza la II edici\u00f3n de los Seminarios \u201cPozos de Pasi\u00f3n\u201d","datePublished":"2022-09-29T11:17:40+00:00","dateModified":"2022-09-29T11:19:28+00:00","mainEntityOfPage":{"@id":"https:\/\/www.urjc2030.es\/ui\/comienza-la-ii-edicion-de-los-seminarios-pozos-de-pasion\/"},"wordCount":358,"publisher":{"@id":"https:\/\/www.urjc2030.es\/ui\/#organization"},"image":{"@id":"https:\/\/www.urjc2030.es\/ui\/comienza-la-ii-edicion-de-los-seminarios-pozos-de-pasion\/#primaryimage"},"thumbnailUrl":"https:\/\/www.urjc2030.es\/ui\/wp-content\/uploads\/sites\/10\/2022\/09\/imagen-pozos-II.jpg","articleSection":["Noticias"],"inLanguage":"es"},{"@type":"WebPage","@id":"https:\/\/www.urjc2030.es\/ui\/comienza-la-ii-edicion-de-los-seminarios-pozos-de-pasion\/","url":"https:\/\/www.urjc2030.es\/ui\/comienza-la-ii-edicion-de-los-seminarios-pozos-de-pasion\/","name":"Comienza la II edici\u00f3n de los Seminarios \u201cPozos de Pasi\u00f3n\u201d - Unidad de Igualdad","isPartOf":{"@id":"https:\/\/www.urjc2030.es\/ui\/#website"},"primaryImageOfPage":{"@id":"https:\/\/www.urjc2030.es\/ui\/comienza-la-ii-edicion-de-los-seminarios-pozos-de-pasion\/#primaryimage"},"image":{"@id":"https:\/\/www.urjc2030.es\/ui\/comienza-la-ii-edicion-de-los-seminarios-pozos-de-pasion\/#primaryimage"},"thumbnailUrl":"https:\/\/www.urjc2030.es\/ui\/wp-content\/uploads\/sites\/10\/2022\/09\/imagen-pozos-II.jpg","datePublished":"2022-09-29T11:17:40+00:00","dateModified":"2022-09-29T11:19:28+00:00","breadcrumb":{"@id":"https:\/\/www.urjc2030.es\/ui\/comienza-la-ii-edicion-de-los-seminarios-pozos-de-pasion\/#breadcrumb"},"inLanguage":"es","potentialAction":[{"@type":"ReadAction","target":["https:\/\/www.urjc2030.es\/ui\/comienza-la-ii-edicion-de-los-seminarios-pozos-de-pasion\/"]}]},{"@type":"ImageObject","inLanguage":"es","@id":"https:\/\/www.urjc2030.es\/ui\/comienza-la-ii-edicion-de-los-seminarios-pozos-de-pasion\/#primaryimage","url":"https:\/\/www.urjc2030.es\/ui\/wp-content\/uploads\/sites\/10\/2022\/09\/imagen-pozos-II.jpg","contentUrl":"https:\/\/www.urjc2030.es\/ui\/wp-content\/uploads\/sites\/10\/2022\/09\/imagen-pozos-II.jpg","width":360,"height":541,"caption":"imagen pozos II"},{"@type":"BreadcrumbList","@id":"https:\/\/www.urjc2030.es\/ui\/comienza-la-ii-edicion-de-los-seminarios-pozos-de-pasion\/#breadcrumb","itemListElement":[{"@type":"ListItem","position":1,"name":"Portada","item":"https:\/\/www.urjc2030.es\/ui\/"},{"@type":"ListItem","position":2,"name":"Comienza la II edici\u00f3n de los Seminarios \u201cPozos de Pasi\u00f3n\u201d"}]},{"@type":"WebSite","@id":"https:\/\/www.urjc2030.es\/ui\/#website","url":"https:\/\/www.urjc2030.es\/ui\/","name":"Unidad de Igualdad","description":"Elaborar, dar seguimiento y evaluar el Plan de Igualdad de la URJC, as\u00ed como velar por cumplimiento de la legislaci\u00f3n vigente en materia de igualdad efectiva entre mujeres y hombres.","publisher":{"@id":"https:\/\/www.urjc2030.es\/ui\/#organization"},"potentialAction":[{"@type":"SearchAction","target":{"@type":"EntryPoint","urlTemplate":"https:\/\/www.urjc2030.es\/ui\/?s={search_term_string}"},"query-input":{"@type":"PropertyValueSpecification","valueRequired":true,"valueName":"search_term_string"}}],"inLanguage":"es"},{"@type":"Organization","@id":"https:\/\/www.urjc2030.es\/ui\/#organization","name":"Universidad Rey Juan Carlos","url":"https:\/\/www.urjc2030.es\/ui\/","logo":{"@type":"ImageObject","inLanguage":"es","@id":"https:\/\/www.urjc2030.es\/ui\/#\/schema\/logo\/image\/","url":"https:\/\/www.urjc2030.es\/ui\/wp-content\/uploads\/sites\/10\/2020\/10\/logoURJC.png","contentUrl":"https:\/\/www.urjc2030.es\/ui\/wp-content\/uploads\/sites\/10\/2020\/10\/logoURJC.png","width":800,"height":305,"caption":"Universidad Rey Juan Carlos"},"image":{"@id":"https:\/\/www.urjc2030.es\/ui\/#\/schema\/logo\/image\/"},"sameAs":["https:\/\/www.facebook.com\/universidadreyjuancarlos","https:\/\/x.com\/urjc","https:\/\/www.instagram.com\/urjc_uni\/?hl=es"]},{"@type":"Person","@id":"https:\/\/www.urjc2030.es\/ui\/#\/schema\/person\/ddacb9e5abf914ab720a3d13fc047418","name":"carlos","image":{"@type":"ImageObject","inLanguage":"es","@id":"https:\/\/secure.gravatar.com\/avatar\/98e1c0d637a9f3d3cd2be0e49e5387245f96e039452a34f919c9e800cad0f304?s=96&d=mm&r=g","url":"https:\/\/secure.gravatar.com\/avatar\/98e1c0d637a9f3d3cd2be0e49e5387245f96e039452a34f919c9e800cad0f304?s=96&d=mm&r=g","contentUrl":"https:\/\/secure.gravatar.com\/avatar\/98e1c0d637a9f3d3cd2be0e49e5387245f96e039452a34f919c9e800cad0f304?s=96&d=mm&r=g","caption":"carlos"},"url":"https:\/\/www.urjc2030.es\/ui\/author\/carlos\/"}]}},"_links":{"self":[{"href":"https:\/\/www.urjc2030.es\/ui\/wp-json\/wp\/v2\/posts\/1430","targetHints":{"allow":["GET"]}}],"collection":[{"href":"https:\/\/www.urjc2030.es\/ui\/wp-json\/wp\/v2\/posts"}],"about":[{"href":"https:\/\/www.urjc2030.es\/ui\/wp-json\/wp\/v2\/types\/post"}],"author":[{"embeddable":true,"href":"https:\/\/www.urjc2030.es\/ui\/wp-json\/wp\/v2\/users\/10"}],"replies":[{"embeddable":true,"href":"https:\/\/www.urjc2030.es\/ui\/wp-json\/wp\/v2\/comments?post=1430"}],"version-history":[{"count":2,"href":"https:\/\/www.urjc2030.es\/ui\/wp-json\/wp\/v2\/posts\/1430\/revisions"}],"predecessor-version":[{"id":1433,"href":"https:\/\/www.urjc2030.es\/ui\/wp-json\/wp\/v2\/posts\/1430\/revisions\/1433"}],"wp:featuredmedia":[{"embeddable":true,"href":"https:\/\/www.urjc2030.es\/ui\/wp-json\/wp\/v2\/media\/1431"}],"wp:attachment":[{"href":"https:\/\/www.urjc2030.es\/ui\/wp-json\/wp\/v2\/media?parent=1430"}],"wp:term":[{"taxonomy":"category","embeddable":true,"href":"https:\/\/www.urjc2030.es\/ui\/wp-json\/wp\/v2\/categories?post=1430"},{"taxonomy":"post_tag","embeddable":true,"href":"https:\/\/www.urjc2030.es\/ui\/wp-json\/wp\/v2\/tags?post=1430"}],"curies":[{"name":"wp","href":"https:\/\/api.w.org\/{rel}","templated":true}]}}